{"id":79844,"date":"2018-01-05T23:14:37","date_gmt":"2018-01-06T02:14:37","guid":{"rendered":"http:\/\/www.gentedebasquet.com.ar\/?p=79844"},"modified":"2018-01-05T23:14:37","modified_gmt":"2018-01-06T02:14:37","slug":"bahia-basket-dio-un-salto","status":"publish","type":"post","link":"http:\/\/gentedebasquet.com.ar\/sitio\/2018\/01\/05\/bahia-basket-dio-un-salto\/","title":{"rendered":"Bah\u00eda Basket dio un salto"},"content":{"rendered":"<p><strong>Bah\u00eda Basket comenz\u00f3 el 2018 con triunfo, venciendo a Salta Basket por 93 a 73. Con un segundo cuarto perfecto (34-11), el equipo de Sebasti\u00e1n Gin\u00f3bili anot\u00f3 63 puntos en la primera mitad.\u00a0Todo gracias a una excelente actuaci\u00f3n de Jamaal Levy, que volvi\u00f3 con 14 puntos, 5 rebotes y 2 asistencias en 20min14 desde el banco.\u00a0El goleador fue Juan Pablo Vaulet con 16 unidades y 9 tableros. Adem\u00e1s hubo 13 de Parodi, 12 de Fjellerup y de Corval\u00e1n y un triplazo del eterno Pancho Jasen.<\/strong><\/p>\n<p>En 3 minutos de juego, Salta Basket fue m\u00e1s. Con goleo repartido (6 de Harris) la visita se ubic\u00f3 10 por delante en el tanteador (18-8). Pero los triples de Corval\u00e1n (3) recortaron la diferencia y dio vuelta el resultado, pasando por delante hacia el final del segmento por 29 a 26.<\/p>\n<p><img decoding=\"async\" class=\"size-full wp-image-79845 alignright\" src=\"http:\/\/www.gentedebasquet.com.ar\/wp-content\/uploads\/2018\/01\/Corval\u00e1n-Bah\u00eda-Basket-Salta-LNB.jpg\" alt=\"\" width=\"400\" height=\"270\" \/><\/p>\n<p>Pero en el segundo cuarto Bah\u00eda escap\u00f3. El local se fogue\u00f3 en un per\u00edodo de alto nivel. La vuelta de Levy al equipo fue con 8 puntos que sirvieron de impulso. Despu\u00e9s, el equipo de la ciudad hizo pie en una gran defensa colectiva que permiti\u00f3 el fluyo ofensivo. Jasen (con 2 triples en el cierre), Fjellerup, Diaz y Parodi inflaron el tanteador, superando los 60 puntos en la primera mitad (63-37).<\/p>\n<blockquote><p>Lo hicimos bien en defensa, muy intensos y comunicativos. El equipo necesitaba un cambio en el inicio y los del banco entramos bien; a veces es al rev\u00e9s. Pancho transmite algo diferente y nos contagia; a Jamaal lo conocemos y est\u00e1 siempre atento a lo que se necesite.\u00a0Si jugamos buen b\u00e1squet le podemos ganar a cualquiera. Pero tenemos que seguir creciendo, con humildad (Facundo Corval\u00e1n por La Br\u00fajula FM 93.1)<\/p><\/blockquote>\n<p>Una racha de 8 a 0 abri\u00f3 la segunda parte. Sin embargo, los pr\u00f3ximos 7 minutos del cuarto fueron de igual a igual. Salta consigui\u00f3 acomodar sus piezas para que la diferencia no var\u00ede (82-54).<\/p>\n<p>Con el partido totalmente divido, Sebasti\u00e1n Gin\u00f3bili rot\u00f3 el banco y dio minutos a parte del plantel de Liga de Desarrollo, para finalizar el encuentro con victoria, por 93 a 73.<\/p>\n<blockquote class=\"twitter-tweet\" data-lang=\"es\">\n<p dir=\"ltr\" lang=\"en\">\ud83c\udfc0\u26a1\ufe0f\ud83d\udd25 I Con ustedes, Pancho Jasen \ud83d\ude4c\ud83d\ude4c <a href=\"https:\/\/t.co\/dEJw91PfJf\">pic.twitter.com\/dEJw91PfJf<\/a><\/p>\n<p>\u2014 Bah\u00eda Basket (@bahiabasket) <a href=\"https:\/\/twitter.com\/bahiabasket\/status\/949451399141699590?ref_src=twsrc%5Etfw\">6 de enero de 2018<\/a><\/p><\/blockquote>\n<p><script async src=\"https:\/\/platform.twitter.com\/widgets.js\" charset=\"utf-8\"><\/script><\/p>\n<p><strong>S\u00edntesis |<\/strong> LNB &#8211; Juego #8<\/p>\n<p><strong>Bah\u00eda Basket 93:<\/strong>\u00a0Luciano Parodi 13, M\u00e1ximo Fjellerup 12, Juan Vaulet 16, Hern\u00e1n Jasen 11, Gerson Santo 4 (Fi); Santiago Vaulet 3, Facundo Corval\u00e1n 12, Jamaal Levy 14, Jorge Diaz 6 y Leandro Bolmaro 2 DT: Sebasti\u00e1n Gin\u00f3bili.<\/p>\n<p><strong>Salta Basket 73:<\/strong>\u00a0Diego Gerbaudo 14, Lucas Goldenberg 3, Ricky Harris 17, Emilio Stucky 5, Alejandro Zilly 4 (Fi); Al Thornthon 11, Pablo Bruna 6, Rodrigo Haag 7, Gabriel Mikulas 4 e Iv\u00e1n Vicent\u00edn 2 DT: Ricardo De Cecco.<\/p>\n<p><strong>Parciales<\/strong>: 29-26, 63-37 (34-11), 82-54 (19-17) y 93-73 (11-19).<\/p>\n<p><strong>\u00c1rbitros<\/strong>: Oscar Martinetto \u2013 Alberto Ponzo \u2013 Leonardo Zalazar.<\/p>\n<p><strong>Estadio<\/strong>: Osvaldo Casanova (Estudiantes).<\/p>\n<p><a href=\"http:\/\/www.fibalivestats.com\/u\/ADC\/791341\/\" target=\"_blank\" rel=\"noopener\">ESTAD\u00cdSTICAS OFICIALES<\/a><\/p>\n<p><strong>Fuente: <\/strong>prensa Bah\u00eda Basket.<\/p>\n<p><strong>Foto<\/strong>: prensa Bah\u00eda Basket.<\/p>\n","protected":false},"excerpt":{"rendered":"<p>Pas\u00f3 del 16\u00ba al 11\u00ba puesto en la Liga al vencer a Salta Basket por 93 a 73<\/p>\n","protected":false},"author":1,"featured_media":79846,"comment_status":"closed","ping_status":"open","sticky":false,"template":"","format":"standard","meta":{"jnews-multi-image_gallery":[],"jnews_single_post":[],"jnews_primary_category":[],"footnotes":""},"categories":[57,43,39,101],"tags":[58,492,340,78,1576],"class_list":["post-79844","post","type-post","status-publish","format-standard","has-post-thumbnail","hentry","category-bahia-basket","category-la-liga","category-nacional","category-slide","tag-bahiabasket","tag-hernan-jasen","tag-jamaal-levy","tag-lnb","tag-salta-basket"],"yoast_head":"<!-- This site is optimized with the Yoast SEO plugin v27.5 - https:\/\/yoast.com\/product\/yoast-seo-wordpress\/ -->\n<title>Bah\u00eda Basket dio un salto - Gente de B\u00e1squet<\/title>\n<meta name=\"robots\" content=\"index, follow, max-snippet:-1, max-image-preview:large, max-video-preview:-1\" \/>\n<link rel=\"canonical\" href=\"http:\/\/gentedebasquet.com.ar\/sitio\/2018\/01\/05\/bahia-basket-dio-un-salto\/\" \/>\n<meta property=\"og:locale\" content=\"es_ES\" \/>\n<meta property=\"og:type\" content=\"article\" \/>\n<meta property=\"og:title\" content=\"Bah\u00eda Basket dio un salto - Gente de B\u00e1squet\" \/>\n<meta property=\"og:description\" content=\"Pas\u00f3 del 16\u00ba al 11\u00ba puesto en la Liga al vencer a Salta Basket por 93 a 73\" \/>\n<meta property=\"og:url\" content=\"http:\/\/gentedebasquet.com.ar\/sitio\/2018\/01\/05\/bahia-basket-dio-un-salto\/\" \/>\n<meta property=\"og:site_name\" content=\"Gente de B\u00e1squet\" \/>\n<meta property=\"article:published_time\" content=\"2018-01-06T02:14:37+00:00\" \/>\n<meta property=\"og:image\" content=\"http:\/\/gentedebasquet.com.ar\/sitio\/wp-content\/uploads\/2018\/01\/Fjellerup-Levy-Bahia-Basket-Salta-LNB.jpg\" \/>\n\t<meta property=\"og:image:width\" content=\"690\" \/>\n\t<meta property=\"og:image:height\" content=\"319\" \/>\n\t<meta property=\"og:image:type\" content=\"image\/jpeg\" \/>\n<meta name=\"author\" content=\"Gente de B\u00e1squet\" \/>\n<meta name=\"twitter:card\" content=\"summary_large_image\" \/>\n<meta name=\"twitter:label1\" content=\"Escrito por\" \/>\n\t<meta name=\"twitter:data1\" content=\"Gente de B\u00e1squet\" \/>\n\t<meta name=\"twitter:label2\" content=\"Tiempo de lectura\" \/>\n\t<meta name=\"twitter:data2\" content=\"2 minutos\" \/>\n<script type=\"application\/ld+json\" class=\"yoast-schema-graph\">{\"@context\":\"https:\\\/\\\/schema.org\",\"@graph\":[{\"@type\":\"Article\",\"@id\":\"http:\\\/\\\/gentedebasquet.com.ar\\\/sitio\\\/2018\\\/01\\\/05\\\/bahia-basket-dio-un-salto\\\/#article\",\"isPartOf\":{\"@id\":\"http:\\\/\\\/gentedebasquet.com.ar\\\/sitio\\\/2018\\\/01\\\/05\\\/bahia-basket-dio-un-salto\\\/\"},\"author\":{\"name\":\"Gente de B\u00e1squet\",\"@id\":\"https:\\\/\\\/gentedebasquet.com.ar\\\/sitio\\\/#\\\/schema\\\/person\\\/ca0b63bbb977369988a7bbbdc519943a\"},\"headline\":\"Bah\u00eda Basket dio un salto\",\"datePublished\":\"2018-01-06T02:14:37+00:00\",\"mainEntityOfPage\":{\"@id\":\"http:\\\/\\\/gentedebasquet.com.ar\\\/sitio\\\/2018\\\/01\\\/05\\\/bahia-basket-dio-un-salto\\\/\"},\"wordCount\":465,\"image\":{\"@id\":\"http:\\\/\\\/gentedebasquet.com.ar\\\/sitio\\\/2018\\\/01\\\/05\\\/bahia-basket-dio-un-salto\\\/#primaryimage\"},\"thumbnailUrl\":\"http:\\\/\\\/gentedebasquet.com.ar\\\/sitio\\\/wp-content\\\/uploads\\\/2018\\\/01\\\/Fjellerup-Levy-Bahia-Basket-Salta-LNB.jpg\",\"keywords\":[\"Bah\u00eda Basket\",\"Hern\u00e1n Jasen\",\"Jamaal Levy\",\"LNB\",\"Salta Basket\"],\"articleSection\":[\"Bah\u00eda Basket\",\"Liga Nacional\",\"Nacional\",\"Slide\"],\"inLanguage\":\"es\"},{\"@type\":\"WebPage\",\"@id\":\"http:\\\/\\\/gentedebasquet.com.ar\\\/sitio\\\/2018\\\/01\\\/05\\\/bahia-basket-dio-un-salto\\\/\",\"url\":\"http:\\\/\\\/gentedebasquet.com.ar\\\/sitio\\\/2018\\\/01\\\/05\\\/bahia-basket-dio-un-salto\\\/\",\"name\":\"Bah\u00eda Basket dio un salto - Gente de B\u00e1squet\",\"isPartOf\":{\"@id\":\"https:\\\/\\\/gentedebasquet.com.ar\\\/sitio\\\/#website\"},\"primaryImageOfPage\":{\"@id\":\"http:\\\/\\\/gentedebasquet.com.ar\\\/sitio\\\/2018\\\/01\\\/05\\\/bahia-basket-dio-un-salto\\\/#primaryimage\"},\"image\":{\"@id\":\"http:\\\/\\\/gentedebasquet.com.ar\\\/sitio\\\/2018\\\/01\\\/05\\\/bahia-basket-dio-un-salto\\\/#primaryimage\"},\"thumbnailUrl\":\"http:\\\/\\\/gentedebasquet.com.ar\\\/sitio\\\/wp-content\\\/uploads\\\/2018\\\/01\\\/Fjellerup-Levy-Bahia-Basket-Salta-LNB.jpg\",\"datePublished\":\"2018-01-06T02:14:37+00:00\",\"author\":{\"@id\":\"https:\\\/\\\/gentedebasquet.com.ar\\\/sitio\\\/#\\\/schema\\\/person\\\/ca0b63bbb977369988a7bbbdc519943a\"},\"breadcrumb\":{\"@id\":\"http:\\\/\\\/gentedebasquet.com.ar\\\/sitio\\\/2018\\\/01\\\/05\\\/bahia-basket-dio-un-salto\\\/#breadcrumb\"},\"inLanguage\":\"es\",\"potentialAction\":[{\"@type\":\"ReadAction\",\"target\":[\"http:\\\/\\\/gentedebasquet.com.ar\\\/sitio\\\/2018\\\/01\\\/05\\\/bahia-basket-dio-un-salto\\\/\"]}]},{\"@type\":\"ImageObject\",\"inLanguage\":\"es\",\"@id\":\"http:\\\/\\\/gentedebasquet.com.ar\\\/sitio\\\/2018\\\/01\\\/05\\\/bahia-basket-dio-un-salto\\\/#primaryimage\",\"url\":\"http:\\\/\\\/gentedebasquet.com.ar\\\/sitio\\\/wp-content\\\/uploads\\\/2018\\\/01\\\/Fjellerup-Levy-Bahia-Basket-Salta-LNB.jpg\",\"contentUrl\":\"http:\\\/\\\/gentedebasquet.com.ar\\\/sitio\\\/wp-content\\\/uploads\\\/2018\\\/01\\\/Fjellerup-Levy-Bahia-Basket-Salta-LNB.jpg\",\"width\":690,\"height\":319},{\"@type\":\"BreadcrumbList\",\"@id\":\"http:\\\/\\\/gentedebasquet.com.ar\\\/sitio\\\/2018\\\/01\\\/05\\\/bahia-basket-dio-un-salto\\\/#breadcrumb\",\"itemListElement\":[{\"@type\":\"ListItem\",\"position\":1,\"name\":\"Portada\",\"item\":\"https:\\\/\\\/gentedebasquet.com.ar\\\/sitio\\\/\"},{\"@type\":\"ListItem\",\"position\":2,\"name\":\"Bah\u00eda Basket dio un salto\"}]},{\"@type\":\"WebSite\",\"@id\":\"https:\\\/\\\/gentedebasquet.com.ar\\\/sitio\\\/#website\",\"url\":\"https:\\\/\\\/gentedebasquet.com.ar\\\/sitio\\\/\",\"name\":\"Gente de B\u00e1squet\",\"description\":\"La revista del basquet de Bah\u00eda Blanca\",\"potentialAction\":[{\"@type\":\"SearchAction\",\"target\":{\"@type\":\"EntryPoint\",\"urlTemplate\":\"https:\\\/\\\/gentedebasquet.com.ar\\\/sitio\\\/?s={search_term_string}\"},\"query-input\":{\"@type\":\"PropertyValueSpecification\",\"valueRequired\":true,\"valueName\":\"search_term_string\"}}],\"inLanguage\":\"es\"},{\"@type\":\"Person\",\"@id\":\"https:\\\/\\\/gentedebasquet.com.ar\\\/sitio\\\/#\\\/schema\\\/person\\\/ca0b63bbb977369988a7bbbdc519943a\",\"name\":\"Gente de B\u00e1squet\",\"image\":{\"@type\":\"ImageObject\",\"inLanguage\":\"es\",\"@id\":\"https:\\\/\\\/secure.gravatar.com\\\/avatar\\\/7f2c48bdc33b30088f941fb6082e555f2874c98e20cb159d7b92b50eadfce793?s=96&d=mm&r=g\",\"url\":\"https:\\\/\\\/secure.gravatar.com\\\/avatar\\\/7f2c48bdc33b30088f941fb6082e555f2874c98e20cb159d7b92b50eadfce793?s=96&d=mm&r=g\",\"contentUrl\":\"https:\\\/\\\/secure.gravatar.com\\\/avatar\\\/7f2c48bdc33b30088f941fb6082e555f2874c98e20cb159d7b92b50eadfce793?s=96&d=mm&r=g\",\"caption\":\"Gente de B\u00e1squet\"},\"sameAs\":[\"http:\\\/\\\/gentedebasquet.com.ar\\\/sitio\"],\"url\":\"http:\\\/\\\/gentedebasquet.com.ar\\\/sitio\\\/author\\\/ulises\\\/\"}]}<\/script>\n<!-- \/ Yoast SEO plugin. -->","yoast_head_json":{"title":"Bah\u00eda Basket dio un salto - Gente de B\u00e1squet","robots":{"index":"index","follow":"follow","max-snippet":"max-snippet:-1","max-image-preview":"max-image-preview:large","max-video-preview":"max-video-preview:-1"},"canonical":"http:\/\/gentedebasquet.com.ar\/sitio\/2018\/01\/05\/bahia-basket-dio-un-salto\/","og_locale":"es_ES","og_type":"article","og_title":"Bah\u00eda Basket dio un salto - Gente de B\u00e1squet","og_description":"Pas\u00f3 del 16\u00ba al 11\u00ba puesto en la Liga al vencer a Salta Basket por 93 a 73","og_url":"http:\/\/gentedebasquet.com.ar\/sitio\/2018\/01\/05\/bahia-basket-dio-un-salto\/","og_site_name":"Gente de B\u00e1squet","article_published_time":"2018-01-06T02:14:37+00:00","og_image":[{"width":690,"height":319,"url":"http:\/\/gentedebasquet.com.ar\/sitio\/wp-content\/uploads\/2018\/01\/Fjellerup-Levy-Bahia-Basket-Salta-LNB.jpg","type":"image\/jpeg"}],"author":"Gente de B\u00e1squet","twitter_card":"summary_large_image","twitter_misc":{"Escrito por":"Gente de B\u00e1squet","Tiempo de lectura":"2 minutos"},"schema":{"@context":"https:\/\/schema.org","@graph":[{"@type":"Article","@id":"http:\/\/gentedebasquet.com.ar\/sitio\/2018\/01\/05\/bahia-basket-dio-un-salto\/#article","isPartOf":{"@id":"http:\/\/gentedebasquet.com.ar\/sitio\/2018\/01\/05\/bahia-basket-dio-un-salto\/"},"author":{"name":"Gente de B\u00e1squet","@id":"https:\/\/gentedebasquet.com.ar\/sitio\/#\/schema\/person\/ca0b63bbb977369988a7bbbdc519943a"},"headline":"Bah\u00eda Basket dio un salto","datePublished":"2018-01-06T02:14:37+00:00","mainEntityOfPage":{"@id":"http:\/\/gentedebasquet.com.ar\/sitio\/2018\/01\/05\/bahia-basket-dio-un-salto\/"},"wordCount":465,"image":{"@id":"http:\/\/gentedebasquet.com.ar\/sitio\/2018\/01\/05\/bahia-basket-dio-un-salto\/#primaryimage"},"thumbnailUrl":"http:\/\/gentedebasquet.com.ar\/sitio\/wp-content\/uploads\/2018\/01\/Fjellerup-Levy-Bahia-Basket-Salta-LNB.jpg","keywords":["Bah\u00eda Basket","Hern\u00e1n Jasen","Jamaal Levy","LNB","Salta Basket"],"articleSection":["Bah\u00eda Basket","Liga Nacional","Nacional","Slide"],"inLanguage":"es"},{"@type":"WebPage","@id":"http:\/\/gentedebasquet.com.ar\/sitio\/2018\/01\/05\/bahia-basket-dio-un-salto\/","url":"http:\/\/gentedebasquet.com.ar\/sitio\/2018\/01\/05\/bahia-basket-dio-un-salto\/","name":"Bah\u00eda Basket dio un salto - Gente de B\u00e1squet","isPartOf":{"@id":"https:\/\/gentedebasquet.com.ar\/sitio\/#website"},"primaryImageOfPage":{"@id":"http:\/\/gentedebasquet.com.ar\/sitio\/2018\/01\/05\/bahia-basket-dio-un-salto\/#primaryimage"},"image":{"@id":"http:\/\/gentedebasquet.com.ar\/sitio\/2018\/01\/05\/bahia-basket-dio-un-salto\/#primaryimage"},"thumbnailUrl":"http:\/\/gentedebasquet.com.ar\/sitio\/wp-content\/uploads\/2018\/01\/Fjellerup-Levy-Bahia-Basket-Salta-LNB.jpg","datePublished":"2018-01-06T02:14:37+00:00","author":{"@id":"https:\/\/gentedebasquet.com.ar\/sitio\/#\/schema\/person\/ca0b63bbb977369988a7bbbdc519943a"},"breadcrumb":{"@id":"http:\/\/gentedebasquet.com.ar\/sitio\/2018\/01\/05\/bahia-basket-dio-un-salto\/#breadcrumb"},"inLanguage":"es","potentialAction":[{"@type":"ReadAction","target":["http:\/\/gentedebasquet.com.ar\/sitio\/2018\/01\/05\/bahia-basket-dio-un-salto\/"]}]},{"@type":"ImageObject","inLanguage":"es","@id":"http:\/\/gentedebasquet.com.ar\/sitio\/2018\/01\/05\/bahia-basket-dio-un-salto\/#primaryimage","url":"http:\/\/gentedebasquet.com.ar\/sitio\/wp-content\/uploads\/2018\/01\/Fjellerup-Levy-Bahia-Basket-Salta-LNB.jpg","contentUrl":"http:\/\/gentedebasquet.com.ar\/sitio\/wp-content\/uploads\/2018\/01\/Fjellerup-Levy-Bahia-Basket-Salta-LNB.jpg","width":690,"height":319},{"@type":"BreadcrumbList","@id":"http:\/\/gentedebasquet.com.ar\/sitio\/2018\/01\/05\/bahia-basket-dio-un-salto\/#breadcrumb","itemListElement":[{"@type":"ListItem","position":1,"name":"Portada","item":"https:\/\/gentedebasquet.com.ar\/sitio\/"},{"@type":"ListItem","position":2,"name":"Bah\u00eda Basket dio un salto"}]},{"@type":"WebSite","@id":"https:\/\/gentedebasquet.com.ar\/sitio\/#website","url":"https:\/\/gentedebasquet.com.ar\/sitio\/","name":"Gente de B\u00e1squet","description":"La revista del basquet de Bah\u00eda Blanca","potentialAction":[{"@type":"SearchAction","target":{"@type":"EntryPoint","urlTemplate":"https:\/\/gentedebasquet.com.ar\/sitio\/?s={search_term_string}"},"query-input":{"@type":"PropertyValueSpecification","valueRequired":true,"valueName":"search_term_string"}}],"inLanguage":"es"},{"@type":"Person","@id":"https:\/\/gentedebasquet.com.ar\/sitio\/#\/schema\/person\/ca0b63bbb977369988a7bbbdc519943a","name":"Gente de B\u00e1squet","image":{"@type":"ImageObject","inLanguage":"es","@id":"https:\/\/secure.gravatar.com\/avatar\/7f2c48bdc33b30088f941fb6082e555f2874c98e20cb159d7b92b50eadfce793?s=96&d=mm&r=g","url":"https:\/\/secure.gravatar.com\/avatar\/7f2c48bdc33b30088f941fb6082e555f2874c98e20cb159d7b92b50eadfce793?s=96&d=mm&r=g","contentUrl":"https:\/\/secure.gravatar.com\/avatar\/7f2c48bdc33b30088f941fb6082e555f2874c98e20cb159d7b92b50eadfce793?s=96&d=mm&r=g","caption":"Gente de B\u00e1squet"},"sameAs":["http:\/\/gentedebasquet.com.ar\/sitio"],"url":"http:\/\/gentedebasquet.com.ar\/sitio\/author\/ulises\/"}]}},"_links":{"self":[{"href":"http:\/\/gentedebasquet.com.ar\/sitio\/wp-json\/wp\/v2\/posts\/79844","targetHints":{"allow":["GET"]}}],"collection":[{"href":"http:\/\/gentedebasquet.com.ar\/sitio\/wp-json\/wp\/v2\/posts"}],"about":[{"href":"http:\/\/gentedebasquet.com.ar\/sitio\/wp-json\/wp\/v2\/types\/post"}],"author":[{"embeddable":true,"href":"http:\/\/gentedebasquet.com.ar\/sitio\/wp-json\/wp\/v2\/users\/1"}],"replies":[{"embeddable":true,"href":"http:\/\/gentedebasquet.com.ar\/sitio\/wp-json\/wp\/v2\/comments?post=79844"}],"version-history":[{"count":0,"href":"http:\/\/gentedebasquet.com.ar\/sitio\/wp-json\/wp\/v2\/posts\/79844\/revisions"}],"wp:featuredmedia":[{"embeddable":true,"href":"http:\/\/gentedebasquet.com.ar\/sitio\/wp-json\/wp\/v2\/media\/79846"}],"wp:attachment":[{"href":"http:\/\/gentedebasquet.com.ar\/sitio\/wp-json\/wp\/v2\/media?parent=79844"}],"wp:term":[{"taxonomy":"category","embeddable":true,"href":"http:\/\/gentedebasquet.com.ar\/sitio\/wp-json\/wp\/v2\/categories?post=79844"},{"taxonomy":"post_tag","embeddable":true,"href":"http:\/\/gentedebasquet.com.ar\/sitio\/wp-json\/wp\/v2\/tags?post=79844"}],"curies":[{"name":"wp","href":"https:\/\/api.w.org\/{rel}","templated":true}]}}