{"id":80262,"date":"2018-02-22T01:03:05","date_gmt":"2018-02-22T04:03:05","guid":{"rendered":"http:\/\/www.gentedebasquet.com.ar\/?p=80262"},"modified":"2018-02-22T01:03:05","modified_gmt":"2018-02-22T04:03:05","slug":"pallotti-y-ruesga-van-por-la-abb","status":"publish","type":"post","link":"http:\/\/gentedebasquet.com.ar\/sitio\/2018\/02\/22\/pallotti-y-ruesga-van-por-la-abb\/","title":{"rendered":"Pallotti y Ruesga van por la ABB"},"content":{"rendered":"<p><strong>Por primera vez en m\u00e1s de 20 a\u00f1os, la presidencia de la Asociaci\u00f3n Bahiense de B\u00e1squetbol se definir\u00e1 en una elecci\u00f3n que tendr\u00e1 dos listas enfrentadas. <\/strong><\/p>\n<p><strong>Marcelo Pallotti, actual secretario de Maximiliano G\u00f6rg, representar\u00e1 al oficialismo; mientras que C\u00e9sar Ruesga, hist\u00f3rico dirigente de Olimpo, ser\u00e1 el candidato de la oposici\u00f3n. <\/strong><\/p>\n<p><strong>La Asamblea General Anual Ordinaria se llevar\u00e1 a cabo el pr\u00f3ximo mi\u00e9rcoles 7 de marzo a las 20 en 9 de Julio 62.<\/strong><\/p>\n<p>&nbsp;<\/p>\n<h5>ASAMBLEA GENERAL ANUAL ORDINARIA &#8211;\u00a0ORDEN DEL D\u00cdA<\/h5>\n<p>1. Constituci\u00f3n de la Comisi\u00f3n Revisora de Poderes.<\/p>\n<p>2. Consideraci\u00f3n de la Memoria y Balance al 31 de diciembre de 2017.<\/p>\n<p>3. Designaci\u00f3n de dos asamble\u00edstas para firmar el Acta de la Asamblea en forma conjunta con el Presidente y Secretario de la Asociaci\u00f3n Bahiense de B\u00e1squetbol.<\/p>\n<p>4. Designaci\u00f3n de Revisores de Cuentas Titulares y dos suplentes.<\/p>\n<p>5. Elecci\u00f3n de Presidente<\/p>\n<p>6. Elecci\u00f3n del Consejo Directivo de la Asociaci\u00f3n Bahiense de B\u00e1squetbol.<\/p>\n<p>7. Elecci\u00f3n del Tribunal de Penas de la Asociaci\u00f3n Bahiense de B\u00e1squetbol.<\/p>\n<p>8. Los clubes Argentino y Bah\u00eda Blanca Basket tendr\u00e1n que designar dos Revisores de Cuentas para el pr\u00f3ximo periodo (un titular y un suplente por cada entidad). El plazo para ello vence el 28 de febrero de 2018.<\/p>\n<p>9. Se recuerda que para poder participar en la Asamblea los clubes no deben presentar deuda hasta el 1 de marzo de 2018.<\/p>\n<p>10. Se informa que para el d\u00eda 28 de febrero deber\u00e1n enviar los delegados titular y suplente, con sus respectivos datos (apellido y nombre, tel\u00e9fono y mail) para la asamblea, adem\u00e1s de los datos del Presidente de cada club.<\/p>\n<p><iframe loading=\"lazy\" src=\"https:\/\/www.youtube.com\/embed\/i7CAvF8oK7k\" width=\"560\" height=\"315\" frameborder=\"0\" allowfullscreen=\"allowfullscreen\"><\/iframe><\/p>\n<p><iframe loading=\"lazy\" src=\"https:\/\/www.youtube.com\/embed\/0qs5v0KetGs\" width=\"560\" height=\"315\" frameborder=\"0\" allowfullscreen=\"allowfullscreen\"><\/iframe><\/p>\n<h5>TODOS LOS PRESIDENTES<\/h5>\n<p>1929 &#8211; Jorge Enrique MARKS<br \/>\n1930 &#8211; Alejandro P\u00c9REZ<br \/>\n1931 &#8211; Alejandro P\u00c9REZ<br \/>\n1932 &#8211; Abel AMor BOURNAUD<br \/>\n1933 &#8211; Francicso P\u00c9REZ<br \/>\n1934 &#8211; Francicso P\u00c9REZ<br \/>\n1935 &#8211; Francicso P\u00c9REZ<br \/>\n1936 &#8211; Francicso P\u00c9REZ<br \/>\n1937 &#8211; Francicso P\u00c9REZ<br \/>\n1937 &#8211; Pedro Olivera<br \/>\n1938 &#8211; Gregorio ROZAS<br \/>\n1939 &#8211; Gregorio ROZAS<br \/>\n1940 &#8211; Gregorio ROZAS<br \/>\n1941 &#8211; Gregorio ROZAS<br \/>\n1942 &#8211; Gregorio ROZAS \/ Severiano FERN\u00c1NDEZ \/ Faustino SOLANA \/ Manuel ESCUDERO (Directorio)<br \/>\n1942 &#8211; Esteban OLIVEROS<br \/>\n1942 &#8211; Juan BARCIOCCO<br \/>\n1943 &#8211; Juan BARCIOCCO<br \/>\n1944 &#8211; Juan Pedro MU\u00d1\u00cdZ<br \/>\n1945 &#8211; Alfonso CORREA SARRAT<br \/>\n1945 &#8211; Faustino SOLANA \/ Pedro S\u00c1NCHEZ \/ Jos\u00e9 ALEXANDER (Triunvirato)<br \/>\n1945 &#8211; H\u00e9ctor LEAL<br \/>\n1945 &#8211; Faustino SOLANA<br \/>\n1946 &#8211; Severiano FERN\u00c1NDEZ<br \/>\n1947 &#8211; Severiano FERN\u00c1NDEZ<br \/>\n1948 &#8211; Gregorio ROZAS<br \/>\n1949 &#8211; Severiano FERN\u00c1NDEZ \/ N\u00e9stor CIAMBERLANI \/ Jos\u00e9 Luis BUSCAZZO (Triunvirato)<br \/>\n1949 &#8211; Severiano FERN\u00c1NDEZ<br \/>\n1950 &#8211; Severiano FERN\u00c1NDEZ<br \/>\n1951 &#8211; Abel Amor BOURNAUD<br \/>\n1952 &#8211; Pablo Baltasar SERRAT<br \/>\n1953 &#8211; Pablo Baltasar SERRAT<br \/>\n1954 &#8211; Pablo Baltasar SERRAT<br \/>\n1955 &#8211; Pablo Baltasar SERRAT<br \/>\n1956 &#8211; Fernando ZARRAGA<br \/>\n1956 &#8211; Abel Amor BOURNAUD<br \/>\n1957 &#8211; Abel Amor BOURNAUD<br \/>\n1958 &#8211; Abel Amor BOURNAUD<br \/>\n1959 &#8211; Pablo Baltasar SERRAT<br \/>\n1960 &#8211; Pablo Baltasar SERRAT<br \/>\n1961 &#8211; Faustino SOLANA<br \/>\n1962 &#8211; Faustino SOLANA<br \/>\n1962 &#8211; Herminio SCHVED \/ Mauricio AZABAN \/ Orlando PARROTTA (Triunvirato)<br \/>\n1962 &#8211; Ra\u00fal TRUCCO<br \/>\n1963 &#8211; Rafael GERARDI<br \/>\n1964 &#8211; Faustino SOLANA<br \/>\n1964 &#8211; Arnaldo Lieja CASTELLI \/ Billa Am\u00e9rico Jos\u00e9 BRUSSA \/ Am\u00e9rico Rafael BRASCHI (Triunvirato)<br \/>\n1965 &#8211; Florindo VALERO<br \/>\n1966 &#8211; Florindo VALERO<br \/>\n1967 &#8211; H\u00e9ctor Pedro CASTELLI<br \/>\n1968 &#8211; Manuel BORAU<br \/>\n1969 &#8211; H\u00e9ctor Pedro CASTELLI<br \/>\n1970 &#8211; H\u00e9ctor Pedro CASTELLI<br \/>\n1971 &#8211; Florindo VALERO<br \/>\n1972 &#8211; Florindo VALERO<br \/>\n1973 &#8211; Teobaldo PETRACCHI<br \/>\n1974 &#8211; Manuel BORAU<br \/>\n1975 &#8211; Manuel BORAU<br \/>\n1976 &#8211; Rub\u00e9n Daniel R\u00c1BANO<br \/>\n1977 &#8211; Teobaldo PETRACCHI<br \/>\n1978 &#8211; Teobaldo PETRACCHI<br \/>\n1979 &#8211; Ren\u00e9 H\u00e9ctor CASTRO<br \/>\n1980 &#8211; Rub\u00e9n Daniel R\u00c1BANO<br \/>\n1981 &#8211; Rub\u00e9n Daniel R\u00c1BANO<br \/>\n1982 &#8211; Rub\u00e9n Daniel R\u00c1BANO<br \/>\n1983 &#8211; Rub\u00e9n Daniel R\u00c1BANO<br \/>\n1984 &#8211; Rub\u00e9n Daniel R\u00c1BANO<br \/>\n1985 &#8211; Rub\u00e9n Daniel R\u00c1BANO<br \/>\n1986 &#8211; Rub\u00e9n Daniel R\u00c1BANO<br \/>\n1987 &#8211; Rub\u00e9n Daniel R\u00c1BANO<br \/>\n1988 &#8211; Rub\u00e9n Daniel R\u00c1BANO<br \/>\n1989 &#8211; Antonio Domingo CABELLO<br \/>\n1990 &#8211; Antonio Domingo CABELLO<br \/>\n1991 &#8211; Antonio Domingo CABELLO<br \/>\n1992 &#8211; Antonio Domingo CABELLO<br \/>\n1993 &#8211; Antonio Domingo CABELLO<br \/>\n1994 &#8211; Vicente Walter CLEMENTE<br \/>\n1995 &#8211; Adolfo Jos\u00e9 Enrique LISTA<br \/>\n1996 &#8211; Adolfo Jos\u00e9 Enrique LISTA<br \/>\n1997 &#8211; Adolfo Jos\u00e9 Enrique LISTA<br \/>\n1998 &#8211; Adolfo Jos\u00e9 Enrique LISTA<br \/>\n1999 &#8211; Adolfo Jos\u00e9 Enrique LISTA<br \/>\n2000 &#8211; Adolfo Jos\u00e9 Enrique LISTA<br \/>\n2001 &#8211; Adolfo Jos\u00e9 Enrique LISTA<br \/>\n2002 &#8211; Adolfo Jos\u00e9 Enrique LISTA<br \/>\n2003 &#8211; Adolfo Jos\u00e9 Enrique LISTA<br \/>\n2004* &#8211; Adolfo Jos\u00e9 Enrique LISTA<br \/>\n2006 &#8211; Adolfo Jos\u00e9 Enrique LISTA<br \/>\n2008 &#8211; Adolfo Jos\u00e9 Enrique LISTA<br \/>\n2010 &#8211; Adolfo Jos\u00e9 Enrique LISTA<br \/>\n2012 &#8211; Adolfo Jos\u00e9 Enrique LISTA<br \/>\n2014 &#8211;\u00a0Adolfo Jos\u00e9 Enrique LISTA<br \/>\n2016 &#8211; Maximiliano G\u00d6RG<\/p>\n<p>*a\u00a0partir del 2004 las autoridades de la ABB se eligieron por per\u00edodos de dos a\u00f1os.<\/p>\n","protected":false},"excerpt":{"rendered":"<p>De Marcelo (oficialismo) y C\u00e9sar (oposici\u00f3n) saldr\u00e1 el pr\u00f3ximo presidente<\/p>\n","protected":false},"author":1,"featured_media":80264,"comment_status":"closed","ping_status":"open","sticky":false,"template":"","format":"standard","meta":{"jnews-multi-image_gallery":[],"jnews_single_post":[],"jnews_primary_category":[],"footnotes":""},"categories":[24,101],"tags":[357,70,1595,1596,1239],"class_list":["post-80262","post","type-post","status-publish","format-standard","has-post-thumbnail","hentry","category-overtime","category-slide","tag-abb","tag-bahia-blanca","tag-cesar-ruesga","tag-marcelo-pallotti","tag-maximiliano-gorg"],"yoast_head":"<!-- This site is optimized with the Yoast SEO plugin v27.5 - https:\/\/yoast.com\/product\/yoast-seo-wordpress\/ -->\n<title>Pallotti y Ruesga van por la ABB - Gente de B\u00e1squet<\/title>\n<meta name=\"robots\" content=\"index, follow, max-snippet:-1, max-image-preview:large, max-video-preview:-1\" \/>\n<link rel=\"canonical\" href=\"http:\/\/gentedebasquet.com.ar\/sitio\/2018\/02\/22\/pallotti-y-ruesga-van-por-la-abb\/\" \/>\n<meta property=\"og:locale\" content=\"es_ES\" \/>\n<meta property=\"og:type\" content=\"article\" \/>\n<meta property=\"og:title\" content=\"Pallotti y Ruesga van por la ABB - Gente de B\u00e1squet\" \/>\n<meta property=\"og:description\" content=\"De Marcelo (oficialismo) y C\u00e9sar (oposici\u00f3n) saldr\u00e1 el pr\u00f3ximo presidente\" \/>\n<meta property=\"og:url\" content=\"http:\/\/gentedebasquet.com.ar\/sitio\/2018\/02\/22\/pallotti-y-ruesga-van-por-la-abb\/\" \/>\n<meta property=\"og:site_name\" content=\"Gente de B\u00e1squet\" \/>\n<meta property=\"article:published_time\" content=\"2018-02-22T04:03:05+00:00\" \/>\n<meta property=\"og:image\" content=\"http:\/\/gentedebasquet.com.ar\/sitio\/wp-content\/uploads\/2018\/02\/Pallotti-Ruesga.jpg\" \/>\n\t<meta property=\"og:image:width\" content=\"690\" \/>\n\t<meta property=\"og:image:height\" content=\"319\" \/>\n\t<meta property=\"og:image:type\" content=\"image\/jpeg\" \/>\n<meta name=\"author\" content=\"Gente de B\u00e1squet\" \/>\n<meta name=\"twitter:card\" content=\"summary_large_image\" \/>\n<meta name=\"twitter:label1\" content=\"Escrito por\" \/>\n\t<meta name=\"twitter:data1\" content=\"Gente de B\u00e1squet\" \/>\n\t<meta name=\"twitter:label2\" content=\"Tiempo de lectura\" \/>\n\t<meta name=\"twitter:data2\" content=\"4 minutos\" \/>\n<script type=\"application\/ld+json\" class=\"yoast-schema-graph\">{\"@context\":\"https:\\\/\\\/schema.org\",\"@graph\":[{\"@type\":\"Article\",\"@id\":\"http:\\\/\\\/gentedebasquet.com.ar\\\/sitio\\\/2018\\\/02\\\/22\\\/pallotti-y-ruesga-van-por-la-abb\\\/#article\",\"isPartOf\":{\"@id\":\"http:\\\/\\\/gentedebasquet.com.ar\\\/sitio\\\/2018\\\/02\\\/22\\\/pallotti-y-ruesga-van-por-la-abb\\\/\"},\"author\":{\"name\":\"Gente de B\u00e1squet\",\"@id\":\"http:\\\/\\\/gentedebasquet.com.ar\\\/sitio\\\/#\\\/schema\\\/person\\\/ca0b63bbb977369988a7bbbdc519943a\"},\"headline\":\"Pallotti y Ruesga van por la ABB\",\"datePublished\":\"2018-02-22T04:03:05+00:00\",\"mainEntityOfPage\":{\"@id\":\"http:\\\/\\\/gentedebasquet.com.ar\\\/sitio\\\/2018\\\/02\\\/22\\\/pallotti-y-ruesga-van-por-la-abb\\\/\"},\"wordCount\":725,\"image\":{\"@id\":\"http:\\\/\\\/gentedebasquet.com.ar\\\/sitio\\\/2018\\\/02\\\/22\\\/pallotti-y-ruesga-van-por-la-abb\\\/#primaryimage\"},\"thumbnailUrl\":\"http:\\\/\\\/gentedebasquet.com.ar\\\/sitio\\\/wp-content\\\/uploads\\\/2018\\\/02\\\/Pallotti-Ruesga.jpg\",\"keywords\":[\"ABB\",\"Bah\u00eda Blanca\",\"C\u00e9sar Ruesga\",\"Marcelo Pallotti\",\"Maximiliano G\u00f6rg\"],\"articleSection\":[\"#Overtime\",\"Slide\"],\"inLanguage\":\"es\"},{\"@type\":\"WebPage\",\"@id\":\"http:\\\/\\\/gentedebasquet.com.ar\\\/sitio\\\/2018\\\/02\\\/22\\\/pallotti-y-ruesga-van-por-la-abb\\\/\",\"url\":\"http:\\\/\\\/gentedebasquet.com.ar\\\/sitio\\\/2018\\\/02\\\/22\\\/pallotti-y-ruesga-van-por-la-abb\\\/\",\"name\":\"Pallotti y Ruesga van por la ABB - Gente de B\u00e1squet\",\"isPartOf\":{\"@id\":\"http:\\\/\\\/gentedebasquet.com.ar\\\/sitio\\\/#website\"},\"primaryImageOfPage\":{\"@id\":\"http:\\\/\\\/gentedebasquet.com.ar\\\/sitio\\\/2018\\\/02\\\/22\\\/pallotti-y-ruesga-van-por-la-abb\\\/#primaryimage\"},\"image\":{\"@id\":\"http:\\\/\\\/gentedebasquet.com.ar\\\/sitio\\\/2018\\\/02\\\/22\\\/pallotti-y-ruesga-van-por-la-abb\\\/#primaryimage\"},\"thumbnailUrl\":\"http:\\\/\\\/gentedebasquet.com.ar\\\/sitio\\\/wp-content\\\/uploads\\\/2018\\\/02\\\/Pallotti-Ruesga.jpg\",\"datePublished\":\"2018-02-22T04:03:05+00:00\",\"author\":{\"@id\":\"http:\\\/\\\/gentedebasquet.com.ar\\\/sitio\\\/#\\\/schema\\\/person\\\/ca0b63bbb977369988a7bbbdc519943a\"},\"breadcrumb\":{\"@id\":\"http:\\\/\\\/gentedebasquet.com.ar\\\/sitio\\\/2018\\\/02\\\/22\\\/pallotti-y-ruesga-van-por-la-abb\\\/#breadcrumb\"},\"inLanguage\":\"es\",\"potentialAction\":[{\"@type\":\"ReadAction\",\"target\":[\"http:\\\/\\\/gentedebasquet.com.ar\\\/sitio\\\/2018\\\/02\\\/22\\\/pallotti-y-ruesga-van-por-la-abb\\\/\"]}]},{\"@type\":\"ImageObject\",\"inLanguage\":\"es\",\"@id\":\"http:\\\/\\\/gentedebasquet.com.ar\\\/sitio\\\/2018\\\/02\\\/22\\\/pallotti-y-ruesga-van-por-la-abb\\\/#primaryimage\",\"url\":\"http:\\\/\\\/gentedebasquet.com.ar\\\/sitio\\\/wp-content\\\/uploads\\\/2018\\\/02\\\/Pallotti-Ruesga.jpg\",\"contentUrl\":\"http:\\\/\\\/gentedebasquet.com.ar\\\/sitio\\\/wp-content\\\/uploads\\\/2018\\\/02\\\/Pallotti-Ruesga.jpg\",\"width\":690,\"height\":319},{\"@type\":\"BreadcrumbList\",\"@id\":\"http:\\\/\\\/gentedebasquet.com.ar\\\/sitio\\\/2018\\\/02\\\/22\\\/pallotti-y-ruesga-van-por-la-abb\\\/#breadcrumb\",\"itemListElement\":[{\"@type\":\"ListItem\",\"position\":1,\"name\":\"Portada\",\"item\":\"http:\\\/\\\/gentedebasquet.com.ar\\\/sitio\\\/\"},{\"@type\":\"ListItem\",\"position\":2,\"name\":\"Pallotti y Ruesga van por la ABB\"}]},{\"@type\":\"WebSite\",\"@id\":\"http:\\\/\\\/gentedebasquet.com.ar\\\/sitio\\\/#website\",\"url\":\"http:\\\/\\\/gentedebasquet.com.ar\\\/sitio\\\/\",\"name\":\"Gente de B\u00e1squet\",\"description\":\"La revista del basquet de Bah\u00eda Blanca\",\"potentialAction\":[{\"@type\":\"SearchAction\",\"target\":{\"@type\":\"EntryPoint\",\"urlTemplate\":\"http:\\\/\\\/gentedebasquet.com.ar\\\/sitio\\\/?s={search_term_string}\"},\"query-input\":{\"@type\":\"PropertyValueSpecification\",\"valueRequired\":true,\"valueName\":\"search_term_string\"}}],\"inLanguage\":\"es\"},{\"@type\":\"Person\",\"@id\":\"http:\\\/\\\/gentedebasquet.com.ar\\\/sitio\\\/#\\\/schema\\\/person\\\/ca0b63bbb977369988a7bbbdc519943a\",\"name\":\"Gente de B\u00e1squet\",\"image\":{\"@type\":\"ImageObject\",\"inLanguage\":\"es\",\"@id\":\"https:\\\/\\\/secure.gravatar.com\\\/avatar\\\/7f2c48bdc33b30088f941fb6082e555f2874c98e20cb159d7b92b50eadfce793?s=96&d=mm&r=g\",\"url\":\"https:\\\/\\\/secure.gravatar.com\\\/avatar\\\/7f2c48bdc33b30088f941fb6082e555f2874c98e20cb159d7b92b50eadfce793?s=96&d=mm&r=g\",\"contentUrl\":\"https:\\\/\\\/secure.gravatar.com\\\/avatar\\\/7f2c48bdc33b30088f941fb6082e555f2874c98e20cb159d7b92b50eadfce793?s=96&d=mm&r=g\",\"caption\":\"Gente de B\u00e1squet\"},\"sameAs\":[\"http:\\\/\\\/gentedebasquet.com.ar\\\/sitio\"],\"url\":\"http:\\\/\\\/gentedebasquet.com.ar\\\/sitio\\\/author\\\/ulises\\\/\"}]}<\/script>\n<!-- \/ Yoast SEO plugin. -->","yoast_head_json":{"title":"Pallotti y Ruesga van por la ABB - Gente de B\u00e1squet","robots":{"index":"index","follow":"follow","max-snippet":"max-snippet:-1","max-image-preview":"max-image-preview:large","max-video-preview":"max-video-preview:-1"},"canonical":"http:\/\/gentedebasquet.com.ar\/sitio\/2018\/02\/22\/pallotti-y-ruesga-van-por-la-abb\/","og_locale":"es_ES","og_type":"article","og_title":"Pallotti y Ruesga van por la ABB - Gente de B\u00e1squet","og_description":"De Marcelo (oficialismo) y C\u00e9sar (oposici\u00f3n) saldr\u00e1 el pr\u00f3ximo presidente","og_url":"http:\/\/gentedebasquet.com.ar\/sitio\/2018\/02\/22\/pallotti-y-ruesga-van-por-la-abb\/","og_site_name":"Gente de B\u00e1squet","article_published_time":"2018-02-22T04:03:05+00:00","og_image":[{"width":690,"height":319,"url":"http:\/\/gentedebasquet.com.ar\/sitio\/wp-content\/uploads\/2018\/02\/Pallotti-Ruesga.jpg","type":"image\/jpeg"}],"author":"Gente de B\u00e1squet","twitter_card":"summary_large_image","twitter_misc":{"Escrito por":"Gente de B\u00e1squet","Tiempo de lectura":"4 minutos"},"schema":{"@context":"https:\/\/schema.org","@graph":[{"@type":"Article","@id":"http:\/\/gentedebasquet.com.ar\/sitio\/2018\/02\/22\/pallotti-y-ruesga-van-por-la-abb\/#article","isPartOf":{"@id":"http:\/\/gentedebasquet.com.ar\/sitio\/2018\/02\/22\/pallotti-y-ruesga-van-por-la-abb\/"},"author":{"name":"Gente de B\u00e1squet","@id":"http:\/\/gentedebasquet.com.ar\/sitio\/#\/schema\/person\/ca0b63bbb977369988a7bbbdc519943a"},"headline":"Pallotti y Ruesga van por la ABB","datePublished":"2018-02-22T04:03:05+00:00","mainEntityOfPage":{"@id":"http:\/\/gentedebasquet.com.ar\/sitio\/2018\/02\/22\/pallotti-y-ruesga-van-por-la-abb\/"},"wordCount":725,"image":{"@id":"http:\/\/gentedebasquet.com.ar\/sitio\/2018\/02\/22\/pallotti-y-ruesga-van-por-la-abb\/#primaryimage"},"thumbnailUrl":"http:\/\/gentedebasquet.com.ar\/sitio\/wp-content\/uploads\/2018\/02\/Pallotti-Ruesga.jpg","keywords":["ABB","Bah\u00eda Blanca","C\u00e9sar Ruesga","Marcelo Pallotti","Maximiliano G\u00f6rg"],"articleSection":["#Overtime","Slide"],"inLanguage":"es"},{"@type":"WebPage","@id":"http:\/\/gentedebasquet.com.ar\/sitio\/2018\/02\/22\/pallotti-y-ruesga-van-por-la-abb\/","url":"http:\/\/gentedebasquet.com.ar\/sitio\/2018\/02\/22\/pallotti-y-ruesga-van-por-la-abb\/","name":"Pallotti y Ruesga van por la ABB - Gente de B\u00e1squet","isPartOf":{"@id":"http:\/\/gentedebasquet.com.ar\/sitio\/#website"},"primaryImageOfPage":{"@id":"http:\/\/gentedebasquet.com.ar\/sitio\/2018\/02\/22\/pallotti-y-ruesga-van-por-la-abb\/#primaryimage"},"image":{"@id":"http:\/\/gentedebasquet.com.ar\/sitio\/2018\/02\/22\/pallotti-y-ruesga-van-por-la-abb\/#primaryimage"},"thumbnailUrl":"http:\/\/gentedebasquet.com.ar\/sitio\/wp-content\/uploads\/2018\/02\/Pallotti-Ruesga.jpg","datePublished":"2018-02-22T04:03:05+00:00","author":{"@id":"http:\/\/gentedebasquet.com.ar\/sitio\/#\/schema\/person\/ca0b63bbb977369988a7bbbdc519943a"},"breadcrumb":{"@id":"http:\/\/gentedebasquet.com.ar\/sitio\/2018\/02\/22\/pallotti-y-ruesga-van-por-la-abb\/#breadcrumb"},"inLanguage":"es","potentialAction":[{"@type":"ReadAction","target":["http:\/\/gentedebasquet.com.ar\/sitio\/2018\/02\/22\/pallotti-y-ruesga-van-por-la-abb\/"]}]},{"@type":"ImageObject","inLanguage":"es","@id":"http:\/\/gentedebasquet.com.ar\/sitio\/2018\/02\/22\/pallotti-y-ruesga-van-por-la-abb\/#primaryimage","url":"http:\/\/gentedebasquet.com.ar\/sitio\/wp-content\/uploads\/2018\/02\/Pallotti-Ruesga.jpg","contentUrl":"http:\/\/gentedebasquet.com.ar\/sitio\/wp-content\/uploads\/2018\/02\/Pallotti-Ruesga.jpg","width":690,"height":319},{"@type":"BreadcrumbList","@id":"http:\/\/gentedebasquet.com.ar\/sitio\/2018\/02\/22\/pallotti-y-ruesga-van-por-la-abb\/#breadcrumb","itemListElement":[{"@type":"ListItem","position":1,"name":"Portada","item":"http:\/\/gentedebasquet.com.ar\/sitio\/"},{"@type":"ListItem","position":2,"name":"Pallotti y Ruesga van por la ABB"}]},{"@type":"WebSite","@id":"http:\/\/gentedebasquet.com.ar\/sitio\/#website","url":"http:\/\/gentedebasquet.com.ar\/sitio\/","name":"Gente de B\u00e1squet","description":"La revista del basquet de Bah\u00eda Blanca","potentialAction":[{"@type":"SearchAction","target":{"@type":"EntryPoint","urlTemplate":"http:\/\/gentedebasquet.com.ar\/sitio\/?s={search_term_string}"},"query-input":{"@type":"PropertyValueSpecification","valueRequired":true,"valueName":"search_term_string"}}],"inLanguage":"es"},{"@type":"Person","@id":"http:\/\/gentedebasquet.com.ar\/sitio\/#\/schema\/person\/ca0b63bbb977369988a7bbbdc519943a","name":"Gente de B\u00e1squet","image":{"@type":"ImageObject","inLanguage":"es","@id":"https:\/\/secure.gravatar.com\/avatar\/7f2c48bdc33b30088f941fb6082e555f2874c98e20cb159d7b92b50eadfce793?s=96&d=mm&r=g","url":"https:\/\/secure.gravatar.com\/avatar\/7f2c48bdc33b30088f941fb6082e555f2874c98e20cb159d7b92b50eadfce793?s=96&d=mm&r=g","contentUrl":"https:\/\/secure.gravatar.com\/avatar\/7f2c48bdc33b30088f941fb6082e555f2874c98e20cb159d7b92b50eadfce793?s=96&d=mm&r=g","caption":"Gente de B\u00e1squet"},"sameAs":["http:\/\/gentedebasquet.com.ar\/sitio"],"url":"http:\/\/gentedebasquet.com.ar\/sitio\/author\/ulises\/"}]}},"_links":{"self":[{"href":"http:\/\/gentedebasquet.com.ar\/sitio\/wp-json\/wp\/v2\/posts\/80262","targetHints":{"allow":["GET"]}}],"collection":[{"href":"http:\/\/gentedebasquet.com.ar\/sitio\/wp-json\/wp\/v2\/posts"}],"about":[{"href":"http:\/\/gentedebasquet.com.ar\/sitio\/wp-json\/wp\/v2\/types\/post"}],"author":[{"embeddable":true,"href":"http:\/\/gentedebasquet.com.ar\/sitio\/wp-json\/wp\/v2\/users\/1"}],"replies":[{"embeddable":true,"href":"http:\/\/gentedebasquet.com.ar\/sitio\/wp-json\/wp\/v2\/comments?post=80262"}],"version-history":[{"count":0,"href":"http:\/\/gentedebasquet.com.ar\/sitio\/wp-json\/wp\/v2\/posts\/80262\/revisions"}],"wp:featuredmedia":[{"embeddable":true,"href":"http:\/\/gentedebasquet.com.ar\/sitio\/wp-json\/wp\/v2\/media\/80264"}],"wp:attachment":[{"href":"http:\/\/gentedebasquet.com.ar\/sitio\/wp-json\/wp\/v2\/media?parent=80262"}],"wp:term":[{"taxonomy":"category","embeddable":true,"href":"http:\/\/gentedebasquet.com.ar\/sitio\/wp-json\/wp\/v2\/categories?post=80262"},{"taxonomy":"post_tag","embeddable":true,"href":"http:\/\/gentedebasquet.com.ar\/sitio\/wp-json\/wp\/v2\/tags?post=80262"}],"curies":[{"name":"wp","href":"https:\/\/api.w.org\/{rel}","templated":true}]}}