{"id":80294,"date":"2018-02-23T23:51:50","date_gmt":"2018-02-24T02:51:50","guid":{"rendered":"http:\/\/www.gentedebasquet.com.ar\/?p=80294"},"modified":"2018-02-23T23:51:50","modified_gmt":"2018-02-24T02:51:50","slug":"el-uno-es-mio","status":"publish","type":"post","link":"http:\/\/gentedebasquet.com.ar\/sitio\/2018\/02\/23\/el-uno-es-mio\/","title":{"rendered":"\u00a1El uno es m\u00edo!"},"content":{"rendered":"<p><strong>En un verdadero partidazo con todos los condimentos, Villa Mitre derrot\u00f3 a Ferro de Madryn por 88 a 85 en el Jos\u00e9 Mart\u00ednez. De esta manera, el tricolor se asegur\u00f3 el n\u00famero uno en la divisi\u00f3n Patagonia y adem\u00e1s perdura su invicto de local. El encuentro fue muy parejo, pero el local mostr\u00f3 personalidad y coraje al remontar una diferencia de 71-77 a falta de cuatro minutos, gracias al d\u00fao Amigo (20, con 5\/6 t3) \u2013 Harina (22, con 4\/6 t3). Por el lado del visitante, no alcanz\u00f3 lo hecho por el goleador del partido Facundo Alberici con 26 tantos.<\/strong><\/p>\n<p>Ya desde el arranque se presum\u00eda que se iba a ver un partido de alto vuelo en el Jos\u00e9 Mart\u00ednez y la verdad es que as\u00ed lo fue durante los 40 minutos entre el puntero Villa Mitre y el tercero Ferro de Madryn.<\/p>\n<p>Lo cierto es que el primer cuarto fue de alto goleo. Villa Mitre encontr\u00f3 en los triples grandes r\u00e9ditos (5\/8) destac\u00e1ndose Amigo con 6 puntos. Por el lado de Ferro, la soluci\u00f3n estuvo en la pintura. Sinconi, el ex Bahiense del Norte, fue la figura excluyente (9) y fue bien secundado por Alberici (6). Flojas defensas de ambos equipos hizo que el primer segmento \u00a0culmine 23-28, pero siempre brindando un gran espect\u00e1culo para el p\u00fablico presente.<\/p>\n<p>La misma t\u00f3nica continu\u00f3 en el segundo segmento. Con Alberici al mando (11), Ferro logro sacar una leve ventaja en el inicio: 28-34. El tricolor baj\u00f3 el nivel de juego, pero en ese momento se vio la primera personalidad del equipo de Ugolini. Cuando las cosas no sal\u00edan, Federico Harina se llev\u00f3 todas las miradas. Fue un verdadero show del ex Napost\u00e1, que con 12 tantos, permiti\u00f3 que Villa Mitre levante cabeza y se vaya al descanso con una ventaja interesante de +7: 53-46.<\/p>\n<p><a href=\"http:\/\/www.gentedebasquet.com.ar\/wp-content\/uploads\/2018\/02\/Miguel.jpg\"><img decoding=\"async\" class=\"size-medium wp-image-80296 alignright\" src=\"http:\/\/www.gentedebasquet.com.ar\/wp-content\/uploads\/2018\/02\/Miguel-300x248.jpg\" alt=\"\" width=\"300\" height=\"248\" srcset=\"http:\/\/gentedebasquet.com.ar\/sitio\/wp-content\/uploads\/2018\/02\/Miguel-300x248.jpg 300w, http:\/\/gentedebasquet.com.ar\/sitio\/wp-content\/uploads\/2018\/02\/Miguel.jpg 400w\" sizes=\"(max-width: 300px) 100vw, 300px\" \/><\/a><\/p>\n<p>Ya en el segundo tiempo las cosas cambiaron. El partido se torn\u00f3 m\u00e1s err\u00e1tico, principalmente para el local. Pobres n\u00fameros en ataque (1\/6 t3) hicieron que el rival tome confianza y se ponga r\u00e1pidamente de vuelta en partido. Para eso, el goleo repartido del visitante fue importante y lo hecho en defensa ante la conducci\u00f3n de Guti\u00e9rrez provoc\u00f3 que el local se quede sin juego y creaci\u00f3n. Por eso, el tercer cuarto termin\u00f3 igualado en 64.<\/p>\n<p>Se ven\u00eda un \u00faltimo cuarto para alquilar balcones y finalmente lo fue. Nuevamente, Ferro tom\u00f3 las riendas del juego y parec\u00eda encaminarse a una importante victoria. Lleg\u00f3 a sacar una de seis (71-77) a falta de cuatro minutos, con un intratable Mirani, autor de 8 puntos. Pero en el cierre se vio la gran personalidad\u00a0 y garra del equipo tricolor. Cuando todo era cuesta arriba, entre Amigo (12) y Harina (5), Villa Mitre hizo posible volver a ilusionarse.<\/p>\n<p>Principalmente, el ex El Nacional fue clave, ya que con dos bombas puso el marcador 86 a 82 a falta de 40 segundos. Aunque, del otro lado apareci\u00f3 Alberici con un doble y falta y ponerse a uno. La mano fr\u00eda de Harina con 2\/2 t1 sentenci\u00f3 la historia y el p\u00fablico del local que se hizo presente en un buen numero delir\u00f3 y festej\u00f3 la gran victoria ante Ferro por 88 a 85, qued\u00e1ndose con el uno en la Divisi\u00f3n.<\/p>\n<p><strong>S\u00edntesis <\/strong>\u2013 Torneo Federal \u2013 Divisi\u00f3n Patagonia\u00a0 &#8211; Fecha #18<\/p>\n<p><strong>Villa Mitre 88:<\/strong> Jos\u00e9 Guti\u00e9rrez 9, Federico Harina 22, Franco Amigo 20, Cristian Miguel 13, Ramiro Heinrich 16 (FI); Mat\u00edas Monteoliva 2, Jos\u00e9 Ojeda 2\u00a0 y Jos\u00e9 Luis Mart\u00ednez 3. DT: Ariel Ugolini.<\/p>\n<p><strong>Ferro (Puerto Madryn) 85:<\/strong> Alejo Britos 12, Facundo Alberici 26, Bruno Oprandi 13, Mariano Gonz\u00e1lez 5, Gianfranco Sinconi 17 (x) (FI); Pablo Crausaz 3, Franco Pallotti 2, Lucas Mirani 8 y Carlos Balmaceda 0. DT: Andr\u00e9s Del Sol.<\/p>\n<p><strong>Parciales: <\/strong>23-28, 53-46 (20-18) ,64-64(11-18) y 88-85 (24-21).<\/p>\n<p><strong>\u00c1rbitros:<\/strong> Cristian Carrasco \u2013 Agust\u00edn Chavarr\u00eda.<\/p>\n<p><strong>Estadio:<\/strong> Jos\u00e9 Mart\u00ednez (Villa Mitre).<\/p>\n<p><a href=\"http:\/\/www.fibalivestats.com\/u\/CAM\/763892\/bs.html\">ESTAD\u00cdSTICAS OFICIALES<\/a><\/p>\n<p><strong>Fotos<\/strong>: Prensa Villa Mitre.<\/p>\n","protected":false},"excerpt":{"rendered":"<p>Villa Mitre venci\u00f3 en un partidazo a Ferro por 88 a 85 y se quedo con el uno de la divisi\u00f3n.<\/p>\n","protected":false},"author":1,"featured_media":80295,"comment_status":"closed","ping_status":"open","sticky":false,"template":"","format":"standard","meta":{"jnews-multi-image_gallery":[],"jnews_single_post":[],"jnews_primary_category":[],"footnotes":""},"categories":[36,101],"tags":[1603,209,1456,223,1604,22],"class_list":["post-80294","post","type-post","status-publish","format-standard","has-post-thumbnail","hentry","category-federal","category-slide","tag-facundo-alberici","tag-federico-harina","tag-ferrocarril-patagonico","tag-franco-amigo","tag-gianfranco-sinconi","tag-villa-mitre"],"yoast_head":"<!-- This site is optimized with the Yoast SEO plugin v27.5 - https:\/\/yoast.com\/product\/yoast-seo-wordpress\/ -->\n<title>\u00a1El uno es m\u00edo! - Gente de B\u00e1squet<\/title>\n<meta name=\"robots\" content=\"index, follow, max-snippet:-1, max-image-preview:large, max-video-preview:-1\" \/>\n<link rel=\"canonical\" href=\"https:\/\/gentedebasquet.com.ar\/sitio\/2018\/02\/23\/el-uno-es-mio\/\" \/>\n<meta property=\"og:locale\" content=\"es_ES\" \/>\n<meta property=\"og:type\" content=\"article\" \/>\n<meta property=\"og:title\" content=\"\u00a1El uno es m\u00edo! - Gente de B\u00e1squet\" \/>\n<meta property=\"og:description\" content=\"Villa Mitre venci\u00f3 en un partidazo a Ferro por 88 a 85 y se quedo con el uno de la divisi\u00f3n.\" \/>\n<meta property=\"og:url\" content=\"https:\/\/gentedebasquet.com.ar\/sitio\/2018\/02\/23\/el-uno-es-mio\/\" \/>\n<meta property=\"og:site_name\" content=\"Gente de B\u00e1squet\" \/>\n<meta property=\"article:published_time\" content=\"2018-02-24T02:51:50+00:00\" \/>\n<meta property=\"og:image\" content=\"https:\/\/gentedebasquet.com.ar\/sitio\/wp-content\/uploads\/2018\/02\/Festejo.jpg\" \/>\n\t<meta property=\"og:image:width\" content=\"690\" \/>\n\t<meta property=\"og:image:height\" content=\"320\" \/>\n\t<meta property=\"og:image:type\" content=\"image\/jpeg\" \/>\n<meta name=\"author\" content=\"Gente de B\u00e1squet\" \/>\n<meta name=\"twitter:card\" content=\"summary_large_image\" \/>\n<meta name=\"twitter:label1\" content=\"Escrito por\" \/>\n\t<meta name=\"twitter:data1\" content=\"Gente de B\u00e1squet\" \/>\n\t<meta name=\"twitter:label2\" content=\"Tiempo de lectura\" \/>\n\t<meta name=\"twitter:data2\" content=\"3 minutos\" \/>\n<script type=\"application\/ld+json\" class=\"yoast-schema-graph\">{\"@context\":\"https:\\\/\\\/schema.org\",\"@graph\":[{\"@type\":\"Article\",\"@id\":\"https:\\\/\\\/gentedebasquet.com.ar\\\/sitio\\\/2018\\\/02\\\/23\\\/el-uno-es-mio\\\/#article\",\"isPartOf\":{\"@id\":\"https:\\\/\\\/gentedebasquet.com.ar\\\/sitio\\\/2018\\\/02\\\/23\\\/el-uno-es-mio\\\/\"},\"author\":{\"name\":\"Gente de B\u00e1squet\",\"@id\":\"http:\\\/\\\/gentedebasquet.com.ar\\\/sitio\\\/#\\\/schema\\\/person\\\/ca0b63bbb977369988a7bbbdc519943a\"},\"headline\":\"\u00a1El uno es m\u00edo!\",\"datePublished\":\"2018-02-24T02:51:50+00:00\",\"mainEntityOfPage\":{\"@id\":\"https:\\\/\\\/gentedebasquet.com.ar\\\/sitio\\\/2018\\\/02\\\/23\\\/el-uno-es-mio\\\/\"},\"wordCount\":638,\"image\":{\"@id\":\"https:\\\/\\\/gentedebasquet.com.ar\\\/sitio\\\/2018\\\/02\\\/23\\\/el-uno-es-mio\\\/#primaryimage\"},\"thumbnailUrl\":\"http:\\\/\\\/gentedebasquet.com.ar\\\/sitio\\\/wp-content\\\/uploads\\\/2018\\\/02\\\/Festejo.jpg\",\"keywords\":[\"Facundo Alberici\",\"Federico Harina\",\"Ferrocarril Patag\u00f3nico\",\"Franco Amigo\",\"Gianfranco Sinconi\",\"Villa Mitre\"],\"articleSection\":[\"Federal\",\"Slide\"],\"inLanguage\":\"es\"},{\"@type\":\"WebPage\",\"@id\":\"https:\\\/\\\/gentedebasquet.com.ar\\\/sitio\\\/2018\\\/02\\\/23\\\/el-uno-es-mio\\\/\",\"url\":\"https:\\\/\\\/gentedebasquet.com.ar\\\/sitio\\\/2018\\\/02\\\/23\\\/el-uno-es-mio\\\/\",\"name\":\"\u00a1El uno es m\u00edo! - Gente de B\u00e1squet\",\"isPartOf\":{\"@id\":\"http:\\\/\\\/gentedebasquet.com.ar\\\/sitio\\\/#website\"},\"primaryImageOfPage\":{\"@id\":\"https:\\\/\\\/gentedebasquet.com.ar\\\/sitio\\\/2018\\\/02\\\/23\\\/el-uno-es-mio\\\/#primaryimage\"},\"image\":{\"@id\":\"https:\\\/\\\/gentedebasquet.com.ar\\\/sitio\\\/2018\\\/02\\\/23\\\/el-uno-es-mio\\\/#primaryimage\"},\"thumbnailUrl\":\"http:\\\/\\\/gentedebasquet.com.ar\\\/sitio\\\/wp-content\\\/uploads\\\/2018\\\/02\\\/Festejo.jpg\",\"datePublished\":\"2018-02-24T02:51:50+00:00\",\"author\":{\"@id\":\"http:\\\/\\\/gentedebasquet.com.ar\\\/sitio\\\/#\\\/schema\\\/person\\\/ca0b63bbb977369988a7bbbdc519943a\"},\"breadcrumb\":{\"@id\":\"https:\\\/\\\/gentedebasquet.com.ar\\\/sitio\\\/2018\\\/02\\\/23\\\/el-uno-es-mio\\\/#breadcrumb\"},\"inLanguage\":\"es\",\"potentialAction\":[{\"@type\":\"ReadAction\",\"target\":[\"https:\\\/\\\/gentedebasquet.com.ar\\\/sitio\\\/2018\\\/02\\\/23\\\/el-uno-es-mio\\\/\"]}]},{\"@type\":\"ImageObject\",\"inLanguage\":\"es\",\"@id\":\"https:\\\/\\\/gentedebasquet.com.ar\\\/sitio\\\/2018\\\/02\\\/23\\\/el-uno-es-mio\\\/#primaryimage\",\"url\":\"http:\\\/\\\/gentedebasquet.com.ar\\\/sitio\\\/wp-content\\\/uploads\\\/2018\\\/02\\\/Festejo.jpg\",\"contentUrl\":\"http:\\\/\\\/gentedebasquet.com.ar\\\/sitio\\\/wp-content\\\/uploads\\\/2018\\\/02\\\/Festejo.jpg\",\"width\":690,\"height\":320},{\"@type\":\"BreadcrumbList\",\"@id\":\"https:\\\/\\\/gentedebasquet.com.ar\\\/sitio\\\/2018\\\/02\\\/23\\\/el-uno-es-mio\\\/#breadcrumb\",\"itemListElement\":[{\"@type\":\"ListItem\",\"position\":1,\"name\":\"Portada\",\"item\":\"http:\\\/\\\/gentedebasquet.com.ar\\\/sitio\\\/\"},{\"@type\":\"ListItem\",\"position\":2,\"name\":\"\u00a1El uno es m\u00edo!\"}]},{\"@type\":\"WebSite\",\"@id\":\"http:\\\/\\\/gentedebasquet.com.ar\\\/sitio\\\/#website\",\"url\":\"http:\\\/\\\/gentedebasquet.com.ar\\\/sitio\\\/\",\"name\":\"Gente de B\u00e1squet\",\"description\":\"La revista del basquet de Bah\u00eda Blanca\",\"potentialAction\":[{\"@type\":\"SearchAction\",\"target\":{\"@type\":\"EntryPoint\",\"urlTemplate\":\"http:\\\/\\\/gentedebasquet.com.ar\\\/sitio\\\/?s={search_term_string}\"},\"query-input\":{\"@type\":\"PropertyValueSpecification\",\"valueRequired\":true,\"valueName\":\"search_term_string\"}}],\"inLanguage\":\"es\"},{\"@type\":\"Person\",\"@id\":\"http:\\\/\\\/gentedebasquet.com.ar\\\/sitio\\\/#\\\/schema\\\/person\\\/ca0b63bbb977369988a7bbbdc519943a\",\"name\":\"Gente de B\u00e1squet\",\"image\":{\"@type\":\"ImageObject\",\"inLanguage\":\"es\",\"@id\":\"https:\\\/\\\/secure.gravatar.com\\\/avatar\\\/7f2c48bdc33b30088f941fb6082e555f2874c98e20cb159d7b92b50eadfce793?s=96&d=mm&r=g\",\"url\":\"https:\\\/\\\/secure.gravatar.com\\\/avatar\\\/7f2c48bdc33b30088f941fb6082e555f2874c98e20cb159d7b92b50eadfce793?s=96&d=mm&r=g\",\"contentUrl\":\"https:\\\/\\\/secure.gravatar.com\\\/avatar\\\/7f2c48bdc33b30088f941fb6082e555f2874c98e20cb159d7b92b50eadfce793?s=96&d=mm&r=g\",\"caption\":\"Gente de B\u00e1squet\"},\"sameAs\":[\"http:\\\/\\\/gentedebasquet.com.ar\\\/sitio\"],\"url\":\"http:\\\/\\\/gentedebasquet.com.ar\\\/sitio\\\/author\\\/ulises\\\/\"}]}<\/script>\n<!-- \/ Yoast SEO plugin. -->","yoast_head_json":{"title":"\u00a1El uno es m\u00edo! - Gente de B\u00e1squet","robots":{"index":"index","follow":"follow","max-snippet":"max-snippet:-1","max-image-preview":"max-image-preview:large","max-video-preview":"max-video-preview:-1"},"canonical":"https:\/\/gentedebasquet.com.ar\/sitio\/2018\/02\/23\/el-uno-es-mio\/","og_locale":"es_ES","og_type":"article","og_title":"\u00a1El uno es m\u00edo! - Gente de B\u00e1squet","og_description":"Villa Mitre venci\u00f3 en un partidazo a Ferro por 88 a 85 y se quedo con el uno de la divisi\u00f3n.","og_url":"https:\/\/gentedebasquet.com.ar\/sitio\/2018\/02\/23\/el-uno-es-mio\/","og_site_name":"Gente de B\u00e1squet","article_published_time":"2018-02-24T02:51:50+00:00","og_image":[{"width":690,"height":320,"url":"https:\/\/gentedebasquet.com.ar\/sitio\/wp-content\/uploads\/2018\/02\/Festejo.jpg","type":"image\/jpeg"}],"author":"Gente de B\u00e1squet","twitter_card":"summary_large_image","twitter_misc":{"Escrito por":"Gente de B\u00e1squet","Tiempo de lectura":"3 minutos"},"schema":{"@context":"https:\/\/schema.org","@graph":[{"@type":"Article","@id":"https:\/\/gentedebasquet.com.ar\/sitio\/2018\/02\/23\/el-uno-es-mio\/#article","isPartOf":{"@id":"https:\/\/gentedebasquet.com.ar\/sitio\/2018\/02\/23\/el-uno-es-mio\/"},"author":{"name":"Gente de B\u00e1squet","@id":"http:\/\/gentedebasquet.com.ar\/sitio\/#\/schema\/person\/ca0b63bbb977369988a7bbbdc519943a"},"headline":"\u00a1El uno es m\u00edo!","datePublished":"2018-02-24T02:51:50+00:00","mainEntityOfPage":{"@id":"https:\/\/gentedebasquet.com.ar\/sitio\/2018\/02\/23\/el-uno-es-mio\/"},"wordCount":638,"image":{"@id":"https:\/\/gentedebasquet.com.ar\/sitio\/2018\/02\/23\/el-uno-es-mio\/#primaryimage"},"thumbnailUrl":"http:\/\/gentedebasquet.com.ar\/sitio\/wp-content\/uploads\/2018\/02\/Festejo.jpg","keywords":["Facundo Alberici","Federico Harina","Ferrocarril Patag\u00f3nico","Franco Amigo","Gianfranco Sinconi","Villa Mitre"],"articleSection":["Federal","Slide"],"inLanguage":"es"},{"@type":"WebPage","@id":"https:\/\/gentedebasquet.com.ar\/sitio\/2018\/02\/23\/el-uno-es-mio\/","url":"https:\/\/gentedebasquet.com.ar\/sitio\/2018\/02\/23\/el-uno-es-mio\/","name":"\u00a1El uno es m\u00edo! - Gente de B\u00e1squet","isPartOf":{"@id":"http:\/\/gentedebasquet.com.ar\/sitio\/#website"},"primaryImageOfPage":{"@id":"https:\/\/gentedebasquet.com.ar\/sitio\/2018\/02\/23\/el-uno-es-mio\/#primaryimage"},"image":{"@id":"https:\/\/gentedebasquet.com.ar\/sitio\/2018\/02\/23\/el-uno-es-mio\/#primaryimage"},"thumbnailUrl":"http:\/\/gentedebasquet.com.ar\/sitio\/wp-content\/uploads\/2018\/02\/Festejo.jpg","datePublished":"2018-02-24T02:51:50+00:00","author":{"@id":"http:\/\/gentedebasquet.com.ar\/sitio\/#\/schema\/person\/ca0b63bbb977369988a7bbbdc519943a"},"breadcrumb":{"@id":"https:\/\/gentedebasquet.com.ar\/sitio\/2018\/02\/23\/el-uno-es-mio\/#breadcrumb"},"inLanguage":"es","potentialAction":[{"@type":"ReadAction","target":["https:\/\/gentedebasquet.com.ar\/sitio\/2018\/02\/23\/el-uno-es-mio\/"]}]},{"@type":"ImageObject","inLanguage":"es","@id":"https:\/\/gentedebasquet.com.ar\/sitio\/2018\/02\/23\/el-uno-es-mio\/#primaryimage","url":"http:\/\/gentedebasquet.com.ar\/sitio\/wp-content\/uploads\/2018\/02\/Festejo.jpg","contentUrl":"http:\/\/gentedebasquet.com.ar\/sitio\/wp-content\/uploads\/2018\/02\/Festejo.jpg","width":690,"height":320},{"@type":"BreadcrumbList","@id":"https:\/\/gentedebasquet.com.ar\/sitio\/2018\/02\/23\/el-uno-es-mio\/#breadcrumb","itemListElement":[{"@type":"ListItem","position":1,"name":"Portada","item":"http:\/\/gentedebasquet.com.ar\/sitio\/"},{"@type":"ListItem","position":2,"name":"\u00a1El uno es m\u00edo!"}]},{"@type":"WebSite","@id":"http:\/\/gentedebasquet.com.ar\/sitio\/#website","url":"http:\/\/gentedebasquet.com.ar\/sitio\/","name":"Gente de B\u00e1squet","description":"La revista del basquet de Bah\u00eda Blanca","potentialAction":[{"@type":"SearchAction","target":{"@type":"EntryPoint","urlTemplate":"http:\/\/gentedebasquet.com.ar\/sitio\/?s={search_term_string}"},"query-input":{"@type":"PropertyValueSpecification","valueRequired":true,"valueName":"search_term_string"}}],"inLanguage":"es"},{"@type":"Person","@id":"http:\/\/gentedebasquet.com.ar\/sitio\/#\/schema\/person\/ca0b63bbb977369988a7bbbdc519943a","name":"Gente de B\u00e1squet","image":{"@type":"ImageObject","inLanguage":"es","@id":"https:\/\/secure.gravatar.com\/avatar\/7f2c48bdc33b30088f941fb6082e555f2874c98e20cb159d7b92b50eadfce793?s=96&d=mm&r=g","url":"https:\/\/secure.gravatar.com\/avatar\/7f2c48bdc33b30088f941fb6082e555f2874c98e20cb159d7b92b50eadfce793?s=96&d=mm&r=g","contentUrl":"https:\/\/secure.gravatar.com\/avatar\/7f2c48bdc33b30088f941fb6082e555f2874c98e20cb159d7b92b50eadfce793?s=96&d=mm&r=g","caption":"Gente de B\u00e1squet"},"sameAs":["http:\/\/gentedebasquet.com.ar\/sitio"],"url":"http:\/\/gentedebasquet.com.ar\/sitio\/author\/ulises\/"}]}},"_links":{"self":[{"href":"http:\/\/gentedebasquet.com.ar\/sitio\/wp-json\/wp\/v2\/posts\/80294","targetHints":{"allow":["GET"]}}],"collection":[{"href":"http:\/\/gentedebasquet.com.ar\/sitio\/wp-json\/wp\/v2\/posts"}],"about":[{"href":"http:\/\/gentedebasquet.com.ar\/sitio\/wp-json\/wp\/v2\/types\/post"}],"author":[{"embeddable":true,"href":"http:\/\/gentedebasquet.com.ar\/sitio\/wp-json\/wp\/v2\/users\/1"}],"replies":[{"embeddable":true,"href":"http:\/\/gentedebasquet.com.ar\/sitio\/wp-json\/wp\/v2\/comments?post=80294"}],"version-history":[{"count":0,"href":"http:\/\/gentedebasquet.com.ar\/sitio\/wp-json\/wp\/v2\/posts\/80294\/revisions"}],"wp:featuredmedia":[{"embeddable":true,"href":"http:\/\/gentedebasquet.com.ar\/sitio\/wp-json\/wp\/v2\/media\/80295"}],"wp:attachment":[{"href":"http:\/\/gentedebasquet.com.ar\/sitio\/wp-json\/wp\/v2\/media?parent=80294"}],"wp:term":[{"taxonomy":"category","embeddable":true,"href":"http:\/\/gentedebasquet.com.ar\/sitio\/wp-json\/wp\/v2\/categories?post=80294"},{"taxonomy":"post_tag","embeddable":true,"href":"http:\/\/gentedebasquet.com.ar\/sitio\/wp-json\/wp\/v2\/tags?post=80294"}],"curies":[{"name":"wp","href":"https:\/\/api.w.org\/{rel}","templated":true}]}}