{"id":80453,"date":"2018-03-14T23:59:14","date_gmt":"2018-03-15T02:59:14","guid":{"rendered":"http:\/\/www.gentedebasquet.com.ar\/?p=80453"},"modified":"2018-03-14T23:59:14","modified_gmt":"2018-03-15T02:59:14","slug":"pallotti-presidente","status":"publish","type":"post","link":"http:\/\/gentedebasquet.com.ar\/sitio\/2018\/03\/14\/pallotti-presidente\/","title":{"rendered":"Pallotti presidente"},"content":{"rendered":"<p><strong>Varios meses de deliberaciones, una elecci\u00f3n empatada y un cuarto intermedio de una semana derivaron en la unificaci\u00f3n de las dos listas originales y la asunci\u00f3n de Marcelo Pallotti como nuevo presidente de la Asociaci\u00f3n Bahiense de B\u00e1squetbol.<\/strong><\/p>\n<p><strong>El dirigente identificado con Napost\u00e1 suceder\u00e1 en el cargo a Maximiliano G\u00f6rg: \u00abMe voy m\u00e1s contento de lo que esperaba. A partir de Coco (Ruesga), fue un mensaje interesante el que se dio despu\u00e9s del empate. Los clubes quer\u00edan la unificaci\u00f3n porque est\u00e1n todos para lo mismo\u00bb.<\/strong><\/p>\n<p>Si hacemos un repaso cronol\u00f3gico de los hechos, siete d\u00edas atr\u00e1s la ABB se dispuso a llevar a cabo elecciones despu\u00e9s de m\u00e1s de 20 a\u00f1os.<\/p>\n<p>Marcelo Pallotti, ahora ex secretario de Maximiliano G\u00f6rg, represent\u00f3 al oficialismo; mientras que C\u00e9sar Ruesga, hist\u00f3rico dirigente de Olimpo, fue el candidato de la oposici\u00f3n.<\/p>\n<p>Aquella noche del 7 de marzo culmin\u00f3 con la votaci\u00f3n igualada 11 a 11, por lo que se dispuso atravesar un\u00a0cuarto intermedio.<\/p>\n<p><strong>El oficialismo qued\u00f3 mejor parado con el empate<\/strong>, al que llegaron ag\u00f3nicamente tras la decisi\u00f3n de Bah\u00eda Basket (que originalmente votaba en blanco) de darles su apoyo. La oposici\u00f3n se fue masticando bronca, porque cre\u00edan tener la victoria asegurada y contaban en off 14 votos.<\/p>\n<p><strong>As\u00ed votaron los 22 clubes: <\/strong><\/p>\n<p>Por Ruesga: Olimpo, Villa Mitre, Alem, Bahiense, Argentino, Comercial, Velocidad, La Falda, Pac\u00edfico, Independiente y El Nacional.<\/p>\n<p>Por Pallotti: Napost\u00e1, Liniers, San Lorenzo, Pueyrred\u00f3n, 9 de Julio, Estudiantes, Estrella, Barracas, Sportivo, Whitense y Bah\u00eda Basket.<\/p>\n<p><iframe loading=\"lazy\" src=\"https:\/\/www.youtube.com\/embed\/iIpNVgCAsfE\" width=\"560\" height=\"315\" frameborder=\"0\" allowfullscreen=\"allowfullscreen\"><\/iframe><\/p>\n<p>El cuarto intermedio sirvi\u00f3 para que ambas partes se acerquen (intenci\u00f3n que no tuvo frutos previo a la elecci\u00f3n) por lo que no se lleg\u00f3 a una segunda votaci\u00f3n: <strong>Pallotti fue elegido presidente en una lista \u00fanica<\/strong>, que tendr\u00e1 en la mesa chica del Consejo Directivo a los representantes de cuatro clubes que apoyaban a Ruesga: Olimpo, Villa Mitre, Alem y Bahiense.<\/p>\n<p>Guillermo Barco (Pueyrred\u00f3n) es el \u00fanico de los que acompa\u00f1aban a Pallotti que integrar\u00e1 el CD junto a\u00a0C\u00e9sar Ruesga, Diego Costa, Leonardo G\u00f3mez Talamoni, Daniel\u00a0Fornetti, H\u00e9ctor Alejandro, Leandro Gin\u00f3bili y Lucas Vinderola.<\/p>\n<p><iframe loading=\"lazy\" src=\"https:\/\/www.youtube.com\/embed\/CC_HgHlnGK0\" width=\"560\" height=\"315\" frameborder=\"0\" allowfullscreen=\"allowfullscreen\"><\/iframe><\/p>\n<h5>TODOS LOS PRESIDENTES<\/h5>\n<p>1929 &#8211; Jorge Enrique MARKS<br \/>\n1930 &#8211; Alejandro P\u00c9REZ<br \/>\n1931 &#8211; Alejandro P\u00c9REZ<br \/>\n1932 &#8211; Abel AMor BOURNAUD<br \/>\n1933 &#8211; Francicso P\u00c9REZ<br \/>\n1934 &#8211; Francicso P\u00c9REZ<br \/>\n1935 &#8211; Francicso P\u00c9REZ<br \/>\n1936 &#8211; Francicso P\u00c9REZ<br \/>\n1937 &#8211; Francicso P\u00c9REZ<br \/>\n1937 &#8211; Pedro Olivera<br \/>\n1938 &#8211; Gregorio ROZAS<br \/>\n1939 &#8211; Gregorio ROZAS<br \/>\n1940 &#8211; Gregorio ROZAS<br \/>\n1941 &#8211; Gregorio ROZAS<br \/>\n1942 &#8211; Gregorio ROZAS \/ Severiano FERN\u00c1NDEZ \/ Faustino SOLANA \/ Manuel ESCUDERO (Directorio)<br \/>\n1942 &#8211; Esteban OLIVEROS<br \/>\n1942 &#8211; Juan BARCIOCCO<br \/>\n1943 &#8211; Juan BARCIOCCO<br \/>\n1944 &#8211; Juan Pedro MU\u00d1\u00cdZ<br \/>\n1945 &#8211; Alfonso CORREA SARRAT<br \/>\n1945 &#8211; Faustino SOLANA \/ Pedro S\u00c1NCHEZ \/ Jos\u00e9 ALEXANDER (Triunvirato)<br \/>\n1945 &#8211; H\u00e9ctor LEAL<br \/>\n1945 &#8211; Faustino SOLANA<br \/>\n1946 &#8211; Severiano FERN\u00c1NDEZ<br \/>\n1947 &#8211; Severiano FERN\u00c1NDEZ<br \/>\n1948 &#8211; Gregorio ROZAS<br \/>\n1949 &#8211; Severiano FERN\u00c1NDEZ \/ N\u00e9stor CIAMBERLANI \/ Jos\u00e9 Luis BUSCAZZO (Triunvirato)<br \/>\n1949 &#8211; Severiano FERN\u00c1NDEZ<br \/>\n1950 &#8211; Severiano FERN\u00c1NDEZ<br \/>\n1951 &#8211; Abel Amor BOURNAUD<br \/>\n1952 &#8211; Pablo Baltasar SERRAT<br \/>\n1953 &#8211; Pablo Baltasar SERRAT<br \/>\n1954 &#8211; Pablo Baltasar SERRAT<br \/>\n1955 &#8211; Pablo Baltasar SERRAT<br \/>\n1956 &#8211; Fernando ZARRAGA<br \/>\n1956 &#8211; Abel Amor BOURNAUD<br \/>\n1957 &#8211; Abel Amor BOURNAUD<br \/>\n1958 &#8211; Abel Amor BOURNAUD<br \/>\n1959 &#8211; Pablo Baltasar SERRAT<br \/>\n1960 &#8211; Pablo Baltasar SERRAT<br \/>\n1961 &#8211; Faustino SOLANA<br \/>\n1962 &#8211; Faustino SOLANA<br \/>\n1962 &#8211; Herminio SCHVED \/ Mauricio AZABAN \/ Orlando PARROTTA (Triunvirato)<br \/>\n1962 &#8211; Ra\u00fal TRUCCO<br \/>\n1963 &#8211; Rafael GERARDI<br \/>\n1964 &#8211; Faustino SOLANA<br \/>\n1964 &#8211; Arnaldo Lieja CASTELLI \/ Billa Am\u00e9rico Jos\u00e9 BRUSSA \/ Am\u00e9rico Rafael BRASCHI (Triunvirato)<br \/>\n1965 &#8211; Florindo VALERO<br \/>\n1966 &#8211; Florindo VALERO<br \/>\n1967 &#8211; H\u00e9ctor Pedro CASTELLI<br \/>\n1968 &#8211; Manuel BORAU<br \/>\n1969 &#8211; H\u00e9ctor Pedro CASTELLI<br \/>\n1970 &#8211; H\u00e9ctor Pedro CASTELLI<br \/>\n1971 &#8211; Florindo VALERO<br \/>\n1972 &#8211; Florindo VALERO<br \/>\n1973 &#8211; Teobaldo PETRACCHI<br \/>\n1974 &#8211; Manuel BORAU<br \/>\n1975 &#8211; Manuel BORAU<br \/>\n1976 &#8211; Rub\u00e9n Daniel R\u00c1BANO<br \/>\n1977 &#8211; Teobaldo PETRACCHI<br \/>\n1978 &#8211; Teobaldo PETRACCHI<br \/>\n1979 &#8211; Ren\u00e9 H\u00e9ctor CASTRO<br \/>\n1980 &#8211; Rub\u00e9n Daniel R\u00c1BANO<br \/>\n1981 &#8211; Rub\u00e9n Daniel R\u00c1BANO<br \/>\n1982 &#8211; Rub\u00e9n Daniel R\u00c1BANO<br \/>\n1983 &#8211; Rub\u00e9n Daniel R\u00c1BANO<br \/>\n1984 &#8211; Rub\u00e9n Daniel R\u00c1BANO<br \/>\n1985 &#8211; Rub\u00e9n Daniel R\u00c1BANO<br \/>\n1986 &#8211; Rub\u00e9n Daniel R\u00c1BANO<br \/>\n1987 &#8211; Rub\u00e9n Daniel R\u00c1BANO<br \/>\n1988 &#8211; Rub\u00e9n Daniel R\u00c1BANO<br \/>\n1989 &#8211; Antonio Domingo CABELLO<br \/>\n1990 &#8211; Antonio Domingo CABELLO<br \/>\n1991 &#8211; Antonio Domingo CABELLO<br \/>\n1992 &#8211; Antonio Domingo CABELLO<br \/>\n1993 &#8211; Antonio Domingo CABELLO<br \/>\n1994 &#8211; Vicente Walter CLEMENTE<br \/>\n1995 &#8211; Adolfo Jos\u00e9 Enrique LISTA<br \/>\n1996 &#8211; Adolfo Jos\u00e9 Enrique LISTA<br \/>\n1997 &#8211; Adolfo Jos\u00e9 Enrique LISTA<br \/>\n1998 &#8211; Adolfo Jos\u00e9 Enrique LISTA<br \/>\n1999 &#8211; Adolfo Jos\u00e9 Enrique LISTA<br \/>\n2000 &#8211; Adolfo Jos\u00e9 Enrique LISTA<br \/>\n2001 &#8211; Adolfo Jos\u00e9 Enrique LISTA<br \/>\n2002 &#8211; Adolfo Jos\u00e9 Enrique LISTA<br \/>\n2003 &#8211; Adolfo Jos\u00e9 Enrique LISTA<br \/>\n2004* &#8211; Adolfo Jos\u00e9 Enrique LISTA<br \/>\n2006 &#8211; Adolfo Jos\u00e9 Enrique LISTA<br \/>\n2008 &#8211; Adolfo Jos\u00e9 Enrique LISTA<br \/>\n2010 &#8211; Adolfo Jos\u00e9 Enrique LISTA<br \/>\n2012 &#8211; Adolfo Jos\u00e9 Enrique LISTA<br \/>\n2014 &#8211;\u00a0Adolfo Jos\u00e9 Enrique LISTA<br \/>\n2016 &#8211; Maximiliano G\u00d6RG<br \/>\n2018 &#8211; Marcelo PALLOTTI<\/p>\n<p>*a\u00a0partir del 2004 las autoridades de la ABB se eligieron por per\u00edodos de dos a\u00f1os.<\/p>\n","protected":false},"excerpt":{"rendered":"<p>Tras la Asamblea, el empate y el cuarto intermedio, hubo unanimidad<\/p>\n","protected":false},"author":1,"featured_media":80457,"comment_status":"closed","ping_status":"open","sticky":false,"template":"","format":"standard","meta":{"jnews-multi-image_gallery":[],"jnews_single_post":[],"jnews_primary_category":[],"footnotes":""},"categories":[24,101],"tags":[357,1521,70,1595,1596,1239],"class_list":["post-80453","post","type-post","status-publish","format-standard","has-post-thumbnail","hentry","category-overtime","category-slide","tag-abb","tag-asamblea","tag-bahia-blanca","tag-cesar-ruesga","tag-marcelo-pallotti","tag-maximiliano-gorg"],"yoast_head":"<!-- This site is optimized with the Yoast SEO plugin v27.5 - https:\/\/yoast.com\/product\/yoast-seo-wordpress\/ -->\n<title>Pallotti presidente - Gente de B\u00e1squet<\/title>\n<meta name=\"robots\" content=\"index, follow, max-snippet:-1, max-image-preview:large, max-video-preview:-1\" \/>\n<link rel=\"canonical\" href=\"http:\/\/gentedebasquet.com.ar\/sitio\/2018\/03\/14\/pallotti-presidente\/\" \/>\n<meta property=\"og:locale\" content=\"es_ES\" \/>\n<meta property=\"og:type\" content=\"article\" \/>\n<meta property=\"og:title\" content=\"Pallotti presidente - Gente de B\u00e1squet\" \/>\n<meta property=\"og:description\" content=\"Tras la Asamblea, el empate y el cuarto intermedio, hubo unanimidad\" \/>\n<meta property=\"og:url\" content=\"http:\/\/gentedebasquet.com.ar\/sitio\/2018\/03\/14\/pallotti-presidente\/\" \/>\n<meta property=\"og:site_name\" content=\"Gente de B\u00e1squet\" \/>\n<meta property=\"article:published_time\" content=\"2018-03-15T02:59:14+00:00\" \/>\n<meta property=\"og:image\" content=\"http:\/\/gentedebasquet.com.ar\/sitio\/wp-content\/uploads\/2018\/03\/ABB-Pallotti-Gorg-Elecciones.jpg\" \/>\n\t<meta property=\"og:image:width\" content=\"690\" \/>\n\t<meta property=\"og:image:height\" content=\"319\" \/>\n\t<meta property=\"og:image:type\" content=\"image\/jpeg\" \/>\n<meta name=\"author\" content=\"Gente de B\u00e1squet\" \/>\n<meta name=\"twitter:card\" content=\"summary_large_image\" \/>\n<meta name=\"twitter:label1\" content=\"Escrito por\" \/>\n\t<meta name=\"twitter:data1\" content=\"Gente de B\u00e1squet\" \/>\n\t<meta name=\"twitter:label2\" content=\"Tiempo de lectura\" \/>\n\t<meta name=\"twitter:data2\" content=\"4 minutos\" \/>\n<script type=\"application\/ld+json\" class=\"yoast-schema-graph\">{\"@context\":\"https:\\\/\\\/schema.org\",\"@graph\":[{\"@type\":\"Article\",\"@id\":\"http:\\\/\\\/gentedebasquet.com.ar\\\/sitio\\\/2018\\\/03\\\/14\\\/pallotti-presidente\\\/#article\",\"isPartOf\":{\"@id\":\"http:\\\/\\\/gentedebasquet.com.ar\\\/sitio\\\/2018\\\/03\\\/14\\\/pallotti-presidente\\\/\"},\"author\":{\"name\":\"Gente de B\u00e1squet\",\"@id\":\"http:\\\/\\\/gentedebasquet.com.ar\\\/sitio\\\/#\\\/schema\\\/person\\\/ca0b63bbb977369988a7bbbdc519943a\"},\"headline\":\"Pallotti presidente\",\"datePublished\":\"2018-03-15T02:59:14+00:00\",\"mainEntityOfPage\":{\"@id\":\"http:\\\/\\\/gentedebasquet.com.ar\\\/sitio\\\/2018\\\/03\\\/14\\\/pallotti-presidente\\\/\"},\"wordCount\":817,\"image\":{\"@id\":\"http:\\\/\\\/gentedebasquet.com.ar\\\/sitio\\\/2018\\\/03\\\/14\\\/pallotti-presidente\\\/#primaryimage\"},\"thumbnailUrl\":\"http:\\\/\\\/gentedebasquet.com.ar\\\/sitio\\\/wp-content\\\/uploads\\\/2018\\\/03\\\/ABB-Pallotti-Gorg-Elecciones.jpg\",\"keywords\":[\"ABB\",\"Asamblea\",\"Bah\u00eda Blanca\",\"C\u00e9sar Ruesga\",\"Marcelo Pallotti\",\"Maximiliano G\u00f6rg\"],\"articleSection\":[\"#Overtime\",\"Slide\"],\"inLanguage\":\"es\"},{\"@type\":\"WebPage\",\"@id\":\"http:\\\/\\\/gentedebasquet.com.ar\\\/sitio\\\/2018\\\/03\\\/14\\\/pallotti-presidente\\\/\",\"url\":\"http:\\\/\\\/gentedebasquet.com.ar\\\/sitio\\\/2018\\\/03\\\/14\\\/pallotti-presidente\\\/\",\"name\":\"Pallotti presidente - Gente de B\u00e1squet\",\"isPartOf\":{\"@id\":\"http:\\\/\\\/gentedebasquet.com.ar\\\/sitio\\\/#website\"},\"primaryImageOfPage\":{\"@id\":\"http:\\\/\\\/gentedebasquet.com.ar\\\/sitio\\\/2018\\\/03\\\/14\\\/pallotti-presidente\\\/#primaryimage\"},\"image\":{\"@id\":\"http:\\\/\\\/gentedebasquet.com.ar\\\/sitio\\\/2018\\\/03\\\/14\\\/pallotti-presidente\\\/#primaryimage\"},\"thumbnailUrl\":\"http:\\\/\\\/gentedebasquet.com.ar\\\/sitio\\\/wp-content\\\/uploads\\\/2018\\\/03\\\/ABB-Pallotti-Gorg-Elecciones.jpg\",\"datePublished\":\"2018-03-15T02:59:14+00:00\",\"author\":{\"@id\":\"http:\\\/\\\/gentedebasquet.com.ar\\\/sitio\\\/#\\\/schema\\\/person\\\/ca0b63bbb977369988a7bbbdc519943a\"},\"breadcrumb\":{\"@id\":\"http:\\\/\\\/gentedebasquet.com.ar\\\/sitio\\\/2018\\\/03\\\/14\\\/pallotti-presidente\\\/#breadcrumb\"},\"inLanguage\":\"es\",\"potentialAction\":[{\"@type\":\"ReadAction\",\"target\":[\"http:\\\/\\\/gentedebasquet.com.ar\\\/sitio\\\/2018\\\/03\\\/14\\\/pallotti-presidente\\\/\"]}]},{\"@type\":\"ImageObject\",\"inLanguage\":\"es\",\"@id\":\"http:\\\/\\\/gentedebasquet.com.ar\\\/sitio\\\/2018\\\/03\\\/14\\\/pallotti-presidente\\\/#primaryimage\",\"url\":\"http:\\\/\\\/gentedebasquet.com.ar\\\/sitio\\\/wp-content\\\/uploads\\\/2018\\\/03\\\/ABB-Pallotti-Gorg-Elecciones.jpg\",\"contentUrl\":\"http:\\\/\\\/gentedebasquet.com.ar\\\/sitio\\\/wp-content\\\/uploads\\\/2018\\\/03\\\/ABB-Pallotti-Gorg-Elecciones.jpg\",\"width\":690,\"height\":319},{\"@type\":\"BreadcrumbList\",\"@id\":\"http:\\\/\\\/gentedebasquet.com.ar\\\/sitio\\\/2018\\\/03\\\/14\\\/pallotti-presidente\\\/#breadcrumb\",\"itemListElement\":[{\"@type\":\"ListItem\",\"position\":1,\"name\":\"Portada\",\"item\":\"http:\\\/\\\/gentedebasquet.com.ar\\\/sitio\\\/\"},{\"@type\":\"ListItem\",\"position\":2,\"name\":\"Pallotti presidente\"}]},{\"@type\":\"WebSite\",\"@id\":\"http:\\\/\\\/gentedebasquet.com.ar\\\/sitio\\\/#website\",\"url\":\"http:\\\/\\\/gentedebasquet.com.ar\\\/sitio\\\/\",\"name\":\"Gente de B\u00e1squet\",\"description\":\"La revista del basquet de Bah\u00eda Blanca\",\"potentialAction\":[{\"@type\":\"SearchAction\",\"target\":{\"@type\":\"EntryPoint\",\"urlTemplate\":\"http:\\\/\\\/gentedebasquet.com.ar\\\/sitio\\\/?s={search_term_string}\"},\"query-input\":{\"@type\":\"PropertyValueSpecification\",\"valueRequired\":true,\"valueName\":\"search_term_string\"}}],\"inLanguage\":\"es\"},{\"@type\":\"Person\",\"@id\":\"http:\\\/\\\/gentedebasquet.com.ar\\\/sitio\\\/#\\\/schema\\\/person\\\/ca0b63bbb977369988a7bbbdc519943a\",\"name\":\"Gente de B\u00e1squet\",\"image\":{\"@type\":\"ImageObject\",\"inLanguage\":\"es\",\"@id\":\"https:\\\/\\\/secure.gravatar.com\\\/avatar\\\/7f2c48bdc33b30088f941fb6082e555f2874c98e20cb159d7b92b50eadfce793?s=96&d=mm&r=g\",\"url\":\"https:\\\/\\\/secure.gravatar.com\\\/avatar\\\/7f2c48bdc33b30088f941fb6082e555f2874c98e20cb159d7b92b50eadfce793?s=96&d=mm&r=g\",\"contentUrl\":\"https:\\\/\\\/secure.gravatar.com\\\/avatar\\\/7f2c48bdc33b30088f941fb6082e555f2874c98e20cb159d7b92b50eadfce793?s=96&d=mm&r=g\",\"caption\":\"Gente de B\u00e1squet\"},\"sameAs\":[\"http:\\\/\\\/gentedebasquet.com.ar\\\/sitio\"],\"url\":\"http:\\\/\\\/gentedebasquet.com.ar\\\/sitio\\\/author\\\/ulises\\\/\"}]}<\/script>\n<!-- \/ Yoast SEO plugin. -->","yoast_head_json":{"title":"Pallotti presidente - Gente de B\u00e1squet","robots":{"index":"index","follow":"follow","max-snippet":"max-snippet:-1","max-image-preview":"max-image-preview:large","max-video-preview":"max-video-preview:-1"},"canonical":"http:\/\/gentedebasquet.com.ar\/sitio\/2018\/03\/14\/pallotti-presidente\/","og_locale":"es_ES","og_type":"article","og_title":"Pallotti presidente - Gente de B\u00e1squet","og_description":"Tras la Asamblea, el empate y el cuarto intermedio, hubo unanimidad","og_url":"http:\/\/gentedebasquet.com.ar\/sitio\/2018\/03\/14\/pallotti-presidente\/","og_site_name":"Gente de B\u00e1squet","article_published_time":"2018-03-15T02:59:14+00:00","og_image":[{"width":690,"height":319,"url":"http:\/\/gentedebasquet.com.ar\/sitio\/wp-content\/uploads\/2018\/03\/ABB-Pallotti-Gorg-Elecciones.jpg","type":"image\/jpeg"}],"author":"Gente de B\u00e1squet","twitter_card":"summary_large_image","twitter_misc":{"Escrito por":"Gente de B\u00e1squet","Tiempo de lectura":"4 minutos"},"schema":{"@context":"https:\/\/schema.org","@graph":[{"@type":"Article","@id":"http:\/\/gentedebasquet.com.ar\/sitio\/2018\/03\/14\/pallotti-presidente\/#article","isPartOf":{"@id":"http:\/\/gentedebasquet.com.ar\/sitio\/2018\/03\/14\/pallotti-presidente\/"},"author":{"name":"Gente de B\u00e1squet","@id":"http:\/\/gentedebasquet.com.ar\/sitio\/#\/schema\/person\/ca0b63bbb977369988a7bbbdc519943a"},"headline":"Pallotti presidente","datePublished":"2018-03-15T02:59:14+00:00","mainEntityOfPage":{"@id":"http:\/\/gentedebasquet.com.ar\/sitio\/2018\/03\/14\/pallotti-presidente\/"},"wordCount":817,"image":{"@id":"http:\/\/gentedebasquet.com.ar\/sitio\/2018\/03\/14\/pallotti-presidente\/#primaryimage"},"thumbnailUrl":"http:\/\/gentedebasquet.com.ar\/sitio\/wp-content\/uploads\/2018\/03\/ABB-Pallotti-Gorg-Elecciones.jpg","keywords":["ABB","Asamblea","Bah\u00eda Blanca","C\u00e9sar Ruesga","Marcelo Pallotti","Maximiliano G\u00f6rg"],"articleSection":["#Overtime","Slide"],"inLanguage":"es"},{"@type":"WebPage","@id":"http:\/\/gentedebasquet.com.ar\/sitio\/2018\/03\/14\/pallotti-presidente\/","url":"http:\/\/gentedebasquet.com.ar\/sitio\/2018\/03\/14\/pallotti-presidente\/","name":"Pallotti presidente - Gente de B\u00e1squet","isPartOf":{"@id":"http:\/\/gentedebasquet.com.ar\/sitio\/#website"},"primaryImageOfPage":{"@id":"http:\/\/gentedebasquet.com.ar\/sitio\/2018\/03\/14\/pallotti-presidente\/#primaryimage"},"image":{"@id":"http:\/\/gentedebasquet.com.ar\/sitio\/2018\/03\/14\/pallotti-presidente\/#primaryimage"},"thumbnailUrl":"http:\/\/gentedebasquet.com.ar\/sitio\/wp-content\/uploads\/2018\/03\/ABB-Pallotti-Gorg-Elecciones.jpg","datePublished":"2018-03-15T02:59:14+00:00","author":{"@id":"http:\/\/gentedebasquet.com.ar\/sitio\/#\/schema\/person\/ca0b63bbb977369988a7bbbdc519943a"},"breadcrumb":{"@id":"http:\/\/gentedebasquet.com.ar\/sitio\/2018\/03\/14\/pallotti-presidente\/#breadcrumb"},"inLanguage":"es","potentialAction":[{"@type":"ReadAction","target":["http:\/\/gentedebasquet.com.ar\/sitio\/2018\/03\/14\/pallotti-presidente\/"]}]},{"@type":"ImageObject","inLanguage":"es","@id":"http:\/\/gentedebasquet.com.ar\/sitio\/2018\/03\/14\/pallotti-presidente\/#primaryimage","url":"http:\/\/gentedebasquet.com.ar\/sitio\/wp-content\/uploads\/2018\/03\/ABB-Pallotti-Gorg-Elecciones.jpg","contentUrl":"http:\/\/gentedebasquet.com.ar\/sitio\/wp-content\/uploads\/2018\/03\/ABB-Pallotti-Gorg-Elecciones.jpg","width":690,"height":319},{"@type":"BreadcrumbList","@id":"http:\/\/gentedebasquet.com.ar\/sitio\/2018\/03\/14\/pallotti-presidente\/#breadcrumb","itemListElement":[{"@type":"ListItem","position":1,"name":"Portada","item":"http:\/\/gentedebasquet.com.ar\/sitio\/"},{"@type":"ListItem","position":2,"name":"Pallotti presidente"}]},{"@type":"WebSite","@id":"http:\/\/gentedebasquet.com.ar\/sitio\/#website","url":"http:\/\/gentedebasquet.com.ar\/sitio\/","name":"Gente de B\u00e1squet","description":"La revista del basquet de Bah\u00eda Blanca","potentialAction":[{"@type":"SearchAction","target":{"@type":"EntryPoint","urlTemplate":"http:\/\/gentedebasquet.com.ar\/sitio\/?s={search_term_string}"},"query-input":{"@type":"PropertyValueSpecification","valueRequired":true,"valueName":"search_term_string"}}],"inLanguage":"es"},{"@type":"Person","@id":"http:\/\/gentedebasquet.com.ar\/sitio\/#\/schema\/person\/ca0b63bbb977369988a7bbbdc519943a","name":"Gente de B\u00e1squet","image":{"@type":"ImageObject","inLanguage":"es","@id":"https:\/\/secure.gravatar.com\/avatar\/7f2c48bdc33b30088f941fb6082e555f2874c98e20cb159d7b92b50eadfce793?s=96&d=mm&r=g","url":"https:\/\/secure.gravatar.com\/avatar\/7f2c48bdc33b30088f941fb6082e555f2874c98e20cb159d7b92b50eadfce793?s=96&d=mm&r=g","contentUrl":"https:\/\/secure.gravatar.com\/avatar\/7f2c48bdc33b30088f941fb6082e555f2874c98e20cb159d7b92b50eadfce793?s=96&d=mm&r=g","caption":"Gente de B\u00e1squet"},"sameAs":["http:\/\/gentedebasquet.com.ar\/sitio"],"url":"http:\/\/gentedebasquet.com.ar\/sitio\/author\/ulises\/"}]}},"_links":{"self":[{"href":"http:\/\/gentedebasquet.com.ar\/sitio\/wp-json\/wp\/v2\/posts\/80453","targetHints":{"allow":["GET"]}}],"collection":[{"href":"http:\/\/gentedebasquet.com.ar\/sitio\/wp-json\/wp\/v2\/posts"}],"about":[{"href":"http:\/\/gentedebasquet.com.ar\/sitio\/wp-json\/wp\/v2\/types\/post"}],"author":[{"embeddable":true,"href":"http:\/\/gentedebasquet.com.ar\/sitio\/wp-json\/wp\/v2\/users\/1"}],"replies":[{"embeddable":true,"href":"http:\/\/gentedebasquet.com.ar\/sitio\/wp-json\/wp\/v2\/comments?post=80453"}],"version-history":[{"count":0,"href":"http:\/\/gentedebasquet.com.ar\/sitio\/wp-json\/wp\/v2\/posts\/80453\/revisions"}],"wp:featuredmedia":[{"embeddable":true,"href":"http:\/\/gentedebasquet.com.ar\/sitio\/wp-json\/wp\/v2\/media\/80457"}],"wp:attachment":[{"href":"http:\/\/gentedebasquet.com.ar\/sitio\/wp-json\/wp\/v2\/media?parent=80453"}],"wp:term":[{"taxonomy":"category","embeddable":true,"href":"http:\/\/gentedebasquet.com.ar\/sitio\/wp-json\/wp\/v2\/categories?post=80453"},{"taxonomy":"post_tag","embeddable":true,"href":"http:\/\/gentedebasquet.com.ar\/sitio\/wp-json\/wp\/v2\/tags?post=80453"}],"curies":[{"name":"wp","href":"https:\/\/api.w.org\/{rel}","templated":true}]}}