{"id":80541,"date":"2018-03-17T23:33:45","date_gmt":"2018-03-18T02:33:45","guid":{"rendered":"http:\/\/www.gentedebasquet.com.ar\/?p=80541"},"modified":"2018-03-17T23:33:45","modified_gmt":"2018-03-18T02:33:45","slug":"fue-todo-de-9","status":"publish","type":"post","link":"http:\/\/gentedebasquet.com.ar\/sitio\/2018\/03\/17\/fue-todo-de-9\/","title":{"rendered":"Fue todo de 9"},"content":{"rendered":"<p><strong>Un arranque demoledor tuvo 9 de Julio en la Liga Juvenil, al derrotar en el N\u00e9stor Damiani a Pac\u00edfico por <a href=\"http:\/\/www.fibalivestats.com\/u\/FDBB\/849430\/bs.html\" target=\"_blank\" rel=\"noopener\">99-45<\/a>.\u00a0El equipo de Andr\u00e9s Iannamico aprovech\u00f3 varias ausencias visitantes (Marini, Kloster, Chapero&#8230;) e impuso su ritmo desde el 1C (lo gan\u00f3 30 a 13).<\/strong><\/p>\n<p><strong>Cinco jugadores culminaron con doble d\u00edgito de puntos: Rodrigo Blanco (21), Manuel Costa (18), Seba Villegas (14), Alan Prost y Benjam\u00edn Didone (13 cada uno); mientras que el Verde, que sufri\u00f3 con la salida de Leo Alvarez en el 2C (rodilla izquierda), tuvo en Baltasar Dom\u00ednguez a su mejor exponente (15).<\/strong><\/p>\n<p>El duelo 9 de Julio-Pac\u00edfico fue el \u00fanico partido con equipos bahienses del s\u00e1bado, ya que Bahiense del Norte tuvo fecha libre y Argentino se present\u00f3 el domingo en cancha de Pe\u00f1arol de Mar del Plata.<\/p>\n<p>El celeste cay\u00f3 por <a href=\"http:\/\/www.fibalivestats.com\/u\/FDBB\/849425\/\" target=\"_blank\" rel=\"noopener\">95-74<\/a> ante una de las potencias de la provincia (Juani Marcos, Juan Fern\u00e1ndez, Nicol\u00e1s Franco&#8230;).<\/p>\n<p>Ger\u00f3nimo Rausch (14 y 14 rebotes), Francisco Appella (14) y Joaqu\u00edn Ferreyra (12 y 10) se erigieron como las principales figuras del equipo de Juan Manuel Dobal.<\/p>\n<p><iframe loading=\"lazy\" src=\"https:\/\/www.youtube.com\/embed\/tqlVS4bSdi8\" width=\"560\" height=\"315\" frameborder=\"0\" allowfullscreen=\"allowfullscreen\"><\/iframe><\/p>\n<p><strong><u>ZONA SUR 1<\/u><\/strong><\/p>\n<ul>\n<li>Racing (Olavarr\u00eda)<\/li>\n<li>Pe\u00f1arol (Mar del Plata)<\/li>\n<li>Quilmes (Mar del Plata)<\/li>\n<li>Bahiense del Norte (Bah\u00eda Blanca)<\/li>\n<li>Argentino (Bah\u00eda Blanca)<\/li>\n<li>Uni\u00f3n (Mar del Plata)<\/li>\n<li>Centro Basko (Necochea)<\/li>\n<\/ul>\n<p><strong><em>PRIMERA FECHA<\/em><\/strong><\/p>\n<p>Pe\u00f1arol (Mar del Plata) 95-74 Argentino (Bah\u00eda Blanca)<\/p>\n<p>Racing (Olavarr\u00eda) 73-48 Centro Basko (Necochea)<\/p>\n<p>Quilmes (Mar del Plata) 77-57 Uni\u00f3n (Mar del Plata)<\/p>\n<p>Libre: Bahiense del Norte (Bah\u00eda Blanca)<\/p>\n<p><em>SEGUNDA FECHA \u2013 S\u00c1BADO 24\/03<\/em><\/p>\n<p>Uni\u00f3n (Mar del Plata) vs Racing (Olavarr\u00eda)<\/p>\n<p>Centro Basko (Necochea) vs Pe\u00f1arol (Mar del Plata)<\/p>\n<p>Argentino (Bah\u00eda Blanca) vs Bahiense del Norte (Bah\u00eda Blanca)<\/p>\n<p>Libre: Quilmes (Mar del Plata)<\/p>\n<p><u><strong>ZONA SUR 2<\/strong><\/u><\/p>\n<ul>\n<li>Estudiantes (Olavarr\u00eda)<\/li>\n<li>Instituto Albert Einstein (Mar del Plata)<\/li>\n<li>Kimberley (Mar del Plata)<\/li>\n<li>9 de Julio (Bah\u00eda Blanca)<\/li>\n<li>Pac\u00edfico (Bah\u00eda Blanca)<\/li>\n<li>Ferro Carril Sud (Olavarr\u00eda)<\/li>\n<\/ul>\n<p><u>FIXTURE<\/u><\/p>\n<p><strong><em>PRIMERA FECHA<\/em><\/strong><\/p>\n<p>Ferro (Olavarr\u00eda) 59-77 Kimberley (Mar del Plata)<\/p>\n<p>IAE (Mar del Plata) 63-46 Estudiantes (Olavarr\u00eda)<\/p>\n<p>9 de Julio (Bah\u00eda Blanca) 99-45 Pac\u00edfico (Bah\u00eda Blanca)<\/p>\n<p><strong><em>SEGUNDA FECHA \u2013 S\u00c1BADO 24\/03<\/em><\/strong><\/p>\n<p>9 de Julio (Bah\u00eda Blanca) vs Ferro (Olavarr\u00eda)<\/p>\n<p>Pac\u00edfico (Bah\u00eda Blanca) vs IAE (Mar del Plata)<\/p>\n<p>Estudiantes (Olavarr\u00eda) vs Kimberley (Mar del Plata)<\/p>\n<p><u><strong>ZONA NORTE 1<\/strong><\/u><\/p>\n<ul>\n<li>Uni\u00f3n Vecinal (La Plata)<\/li>\n<li>Estudiantes (La Plata)<\/li>\n<li>SoMiSa (San Nicol\u00e1s)<\/li>\n<li>Racing (Chivilcoy)<\/li>\n<li>San Lorenzo (Chivilcoy)<\/li>\n<li>Independiente (Z\u00e1rate)<\/li>\n<li>Ciudad (Campana)<\/li>\n<\/ul>\n<p><u><strong>ZONA NORTE 2<\/strong><\/u><\/p>\n<ul>\n<li>Atenas (La Plata)<\/li>\n<li>Gimnasia y Esgrima (La Plata)<\/li>\n<li>Regatas (San Nicol\u00e1s)<\/li>\n<li>Ciudad (Saladillo)<\/li>\n<li>Gimnasia y Esgrima (Pergamino)<\/li>\n<li>Central Buenos Aires (Z\u00e1rate)<\/li>\n<li>Ciclista Juninense (Jun\u00edn)<\/li>\n<\/ul>\n<p><u><strong>ZONA NORTE 3<\/strong><\/u><\/p>\n<ul>\n<li>Universal (La Plata)<\/li>\n<li>Atl\u00e9tico Platense (La Plata)<\/li>\n<li>Belgrano (San Nicol\u00e1s)<\/li>\n<li>Argentino (Chivilcoy)<\/li>\n<li>Argentino (Pergamino)<\/li>\n<li>N\u00e1utico (Z\u00e1rate)<\/li>\n<\/ul>\n","protected":false},"excerpt":{"rendered":"<p>9 de julio venci\u00f3 a Pac\u00edfico en casa por 99 a 45 en el inicio de la Liga Juvenil<\/p>\n","protected":false},"author":1,"featured_media":80546,"comment_status":"closed","ping_status":"open","sticky":false,"template":"","format":"standard","meta":{"jnews-multi-image_gallery":[],"jnews_single_post":[],"jnews_primary_category":[],"footnotes":""},"categories":[101,26],"tags":[2,159,468,17],"class_list":["post-80541","post","type-post","status-publish","format-standard","has-post-thumbnail","hentry","category-slide","category-u19","tag-9dejulio","tag-liga-juvenil","tag-liga-u19","tag-pacifico"],"yoast_head":"<!-- This site is optimized with the Yoast SEO plugin v27.5 - https:\/\/yoast.com\/product\/yoast-seo-wordpress\/ -->\n<title>Fue todo de 9 - Gente de B\u00e1squet<\/title>\n<meta name=\"robots\" content=\"index, follow, max-snippet:-1, max-image-preview:large, max-video-preview:-1\" \/>\n<link rel=\"canonical\" href=\"http:\/\/gentedebasquet.com.ar\/sitio\/2018\/03\/17\/fue-todo-de-9\/\" \/>\n<meta property=\"og:locale\" content=\"es_ES\" \/>\n<meta property=\"og:type\" content=\"article\" \/>\n<meta property=\"og:title\" content=\"Fue todo de 9 - Gente de B\u00e1squet\" \/>\n<meta property=\"og:description\" content=\"9 de julio venci\u00f3 a Pac\u00edfico en casa por 99 a 45 en el inicio de la Liga Juvenil\" \/>\n<meta property=\"og:url\" content=\"http:\/\/gentedebasquet.com.ar\/sitio\/2018\/03\/17\/fue-todo-de-9\/\" \/>\n<meta property=\"og:site_name\" content=\"Gente de B\u00e1squet\" \/>\n<meta property=\"article:published_time\" content=\"2018-03-18T02:33:45+00:00\" \/>\n<meta property=\"og:image\" content=\"http:\/\/gentedebasquet.com.ar\/sitio\/wp-content\/uploads\/2018\/03\/9-de-Julio-Pacifico-Liga-U19.jpg\" \/>\n\t<meta property=\"og:image:width\" content=\"690\" \/>\n\t<meta property=\"og:image:height\" content=\"319\" \/>\n\t<meta property=\"og:image:type\" content=\"image\/jpeg\" \/>\n<meta name=\"author\" content=\"Gente de B\u00e1squet\" \/>\n<meta name=\"twitter:card\" content=\"summary_large_image\" \/>\n<meta name=\"twitter:label1\" content=\"Escrito por\" \/>\n\t<meta name=\"twitter:data1\" content=\"Gente de B\u00e1squet\" \/>\n\t<meta name=\"twitter:label2\" content=\"Tiempo de lectura\" \/>\n\t<meta name=\"twitter:data2\" content=\"2 minutos\" \/>\n<script type=\"application\/ld+json\" class=\"yoast-schema-graph\">{\"@context\":\"https:\\\/\\\/schema.org\",\"@graph\":[{\"@type\":\"Article\",\"@id\":\"http:\\\/\\\/gentedebasquet.com.ar\\\/sitio\\\/2018\\\/03\\\/17\\\/fue-todo-de-9\\\/#article\",\"isPartOf\":{\"@id\":\"http:\\\/\\\/gentedebasquet.com.ar\\\/sitio\\\/2018\\\/03\\\/17\\\/fue-todo-de-9\\\/\"},\"author\":{\"name\":\"Gente de B\u00e1squet\",\"@id\":\"https:\\\/\\\/gentedebasquet.com.ar\\\/sitio\\\/#\\\/schema\\\/person\\\/ca0b63bbb977369988a7bbbdc519943a\"},\"headline\":\"Fue todo de 9\",\"datePublished\":\"2018-03-18T02:33:45+00:00\",\"mainEntityOfPage\":{\"@id\":\"http:\\\/\\\/gentedebasquet.com.ar\\\/sitio\\\/2018\\\/03\\\/17\\\/fue-todo-de-9\\\/\"},\"wordCount\":452,\"image\":{\"@id\":\"http:\\\/\\\/gentedebasquet.com.ar\\\/sitio\\\/2018\\\/03\\\/17\\\/fue-todo-de-9\\\/#primaryimage\"},\"thumbnailUrl\":\"http:\\\/\\\/gentedebasquet.com.ar\\\/sitio\\\/wp-content\\\/uploads\\\/2018\\\/03\\\/9-de-Julio-Pacifico-Liga-U19.jpg\",\"keywords\":[\"9 de Julio\",\"Liga Juvenil\",\"Liga U19\",\"Pacifico\"],\"articleSection\":[\"Slide\",\"U19\"],\"inLanguage\":\"es\"},{\"@type\":\"WebPage\",\"@id\":\"http:\\\/\\\/gentedebasquet.com.ar\\\/sitio\\\/2018\\\/03\\\/17\\\/fue-todo-de-9\\\/\",\"url\":\"http:\\\/\\\/gentedebasquet.com.ar\\\/sitio\\\/2018\\\/03\\\/17\\\/fue-todo-de-9\\\/\",\"name\":\"Fue todo de 9 - Gente de B\u00e1squet\",\"isPartOf\":{\"@id\":\"https:\\\/\\\/gentedebasquet.com.ar\\\/sitio\\\/#website\"},\"primaryImageOfPage\":{\"@id\":\"http:\\\/\\\/gentedebasquet.com.ar\\\/sitio\\\/2018\\\/03\\\/17\\\/fue-todo-de-9\\\/#primaryimage\"},\"image\":{\"@id\":\"http:\\\/\\\/gentedebasquet.com.ar\\\/sitio\\\/2018\\\/03\\\/17\\\/fue-todo-de-9\\\/#primaryimage\"},\"thumbnailUrl\":\"http:\\\/\\\/gentedebasquet.com.ar\\\/sitio\\\/wp-content\\\/uploads\\\/2018\\\/03\\\/9-de-Julio-Pacifico-Liga-U19.jpg\",\"datePublished\":\"2018-03-18T02:33:45+00:00\",\"author\":{\"@id\":\"https:\\\/\\\/gentedebasquet.com.ar\\\/sitio\\\/#\\\/schema\\\/person\\\/ca0b63bbb977369988a7bbbdc519943a\"},\"breadcrumb\":{\"@id\":\"http:\\\/\\\/gentedebasquet.com.ar\\\/sitio\\\/2018\\\/03\\\/17\\\/fue-todo-de-9\\\/#breadcrumb\"},\"inLanguage\":\"es\",\"potentialAction\":[{\"@type\":\"ReadAction\",\"target\":[\"http:\\\/\\\/gentedebasquet.com.ar\\\/sitio\\\/2018\\\/03\\\/17\\\/fue-todo-de-9\\\/\"]}]},{\"@type\":\"ImageObject\",\"inLanguage\":\"es\",\"@id\":\"http:\\\/\\\/gentedebasquet.com.ar\\\/sitio\\\/2018\\\/03\\\/17\\\/fue-todo-de-9\\\/#primaryimage\",\"url\":\"http:\\\/\\\/gentedebasquet.com.ar\\\/sitio\\\/wp-content\\\/uploads\\\/2018\\\/03\\\/9-de-Julio-Pacifico-Liga-U19.jpg\",\"contentUrl\":\"http:\\\/\\\/gentedebasquet.com.ar\\\/sitio\\\/wp-content\\\/uploads\\\/2018\\\/03\\\/9-de-Julio-Pacifico-Liga-U19.jpg\",\"width\":690,\"height\":319},{\"@type\":\"BreadcrumbList\",\"@id\":\"http:\\\/\\\/gentedebasquet.com.ar\\\/sitio\\\/2018\\\/03\\\/17\\\/fue-todo-de-9\\\/#breadcrumb\",\"itemListElement\":[{\"@type\":\"ListItem\",\"position\":1,\"name\":\"Portada\",\"item\":\"https:\\\/\\\/gentedebasquet.com.ar\\\/sitio\\\/\"},{\"@type\":\"ListItem\",\"position\":2,\"name\":\"Fue todo de 9\"}]},{\"@type\":\"WebSite\",\"@id\":\"https:\\\/\\\/gentedebasquet.com.ar\\\/sitio\\\/#website\",\"url\":\"https:\\\/\\\/gentedebasquet.com.ar\\\/sitio\\\/\",\"name\":\"Gente de B\u00e1squet\",\"description\":\"La revista del basquet de Bah\u00eda Blanca\",\"potentialAction\":[{\"@type\":\"SearchAction\",\"target\":{\"@type\":\"EntryPoint\",\"urlTemplate\":\"https:\\\/\\\/gentedebasquet.com.ar\\\/sitio\\\/?s={search_term_string}\"},\"query-input\":{\"@type\":\"PropertyValueSpecification\",\"valueRequired\":true,\"valueName\":\"search_term_string\"}}],\"inLanguage\":\"es\"},{\"@type\":\"Person\",\"@id\":\"https:\\\/\\\/gentedebasquet.com.ar\\\/sitio\\\/#\\\/schema\\\/person\\\/ca0b63bbb977369988a7bbbdc519943a\",\"name\":\"Gente de B\u00e1squet\",\"image\":{\"@type\":\"ImageObject\",\"inLanguage\":\"es\",\"@id\":\"https:\\\/\\\/secure.gravatar.com\\\/avatar\\\/7f2c48bdc33b30088f941fb6082e555f2874c98e20cb159d7b92b50eadfce793?s=96&d=mm&r=g\",\"url\":\"https:\\\/\\\/secure.gravatar.com\\\/avatar\\\/7f2c48bdc33b30088f941fb6082e555f2874c98e20cb159d7b92b50eadfce793?s=96&d=mm&r=g\",\"contentUrl\":\"https:\\\/\\\/secure.gravatar.com\\\/avatar\\\/7f2c48bdc33b30088f941fb6082e555f2874c98e20cb159d7b92b50eadfce793?s=96&d=mm&r=g\",\"caption\":\"Gente de B\u00e1squet\"},\"sameAs\":[\"http:\\\/\\\/gentedebasquet.com.ar\\\/sitio\"],\"url\":\"http:\\\/\\\/gentedebasquet.com.ar\\\/sitio\\\/author\\\/ulises\\\/\"}]}<\/script>\n<!-- \/ Yoast SEO plugin. -->","yoast_head_json":{"title":"Fue todo de 9 - Gente de B\u00e1squet","robots":{"index":"index","follow":"follow","max-snippet":"max-snippet:-1","max-image-preview":"max-image-preview:large","max-video-preview":"max-video-preview:-1"},"canonical":"http:\/\/gentedebasquet.com.ar\/sitio\/2018\/03\/17\/fue-todo-de-9\/","og_locale":"es_ES","og_type":"article","og_title":"Fue todo de 9 - Gente de B\u00e1squet","og_description":"9 de julio venci\u00f3 a Pac\u00edfico en casa por 99 a 45 en el inicio de la Liga Juvenil","og_url":"http:\/\/gentedebasquet.com.ar\/sitio\/2018\/03\/17\/fue-todo-de-9\/","og_site_name":"Gente de B\u00e1squet","article_published_time":"2018-03-18T02:33:45+00:00","og_image":[{"width":690,"height":319,"url":"http:\/\/gentedebasquet.com.ar\/sitio\/wp-content\/uploads\/2018\/03\/9-de-Julio-Pacifico-Liga-U19.jpg","type":"image\/jpeg"}],"author":"Gente de B\u00e1squet","twitter_card":"summary_large_image","twitter_misc":{"Escrito por":"Gente de B\u00e1squet","Tiempo de lectura":"2 minutos"},"schema":{"@context":"https:\/\/schema.org","@graph":[{"@type":"Article","@id":"http:\/\/gentedebasquet.com.ar\/sitio\/2018\/03\/17\/fue-todo-de-9\/#article","isPartOf":{"@id":"http:\/\/gentedebasquet.com.ar\/sitio\/2018\/03\/17\/fue-todo-de-9\/"},"author":{"name":"Gente de B\u00e1squet","@id":"https:\/\/gentedebasquet.com.ar\/sitio\/#\/schema\/person\/ca0b63bbb977369988a7bbbdc519943a"},"headline":"Fue todo de 9","datePublished":"2018-03-18T02:33:45+00:00","mainEntityOfPage":{"@id":"http:\/\/gentedebasquet.com.ar\/sitio\/2018\/03\/17\/fue-todo-de-9\/"},"wordCount":452,"image":{"@id":"http:\/\/gentedebasquet.com.ar\/sitio\/2018\/03\/17\/fue-todo-de-9\/#primaryimage"},"thumbnailUrl":"http:\/\/gentedebasquet.com.ar\/sitio\/wp-content\/uploads\/2018\/03\/9-de-Julio-Pacifico-Liga-U19.jpg","keywords":["9 de Julio","Liga Juvenil","Liga U19","Pacifico"],"articleSection":["Slide","U19"],"inLanguage":"es"},{"@type":"WebPage","@id":"http:\/\/gentedebasquet.com.ar\/sitio\/2018\/03\/17\/fue-todo-de-9\/","url":"http:\/\/gentedebasquet.com.ar\/sitio\/2018\/03\/17\/fue-todo-de-9\/","name":"Fue todo de 9 - Gente de B\u00e1squet","isPartOf":{"@id":"https:\/\/gentedebasquet.com.ar\/sitio\/#website"},"primaryImageOfPage":{"@id":"http:\/\/gentedebasquet.com.ar\/sitio\/2018\/03\/17\/fue-todo-de-9\/#primaryimage"},"image":{"@id":"http:\/\/gentedebasquet.com.ar\/sitio\/2018\/03\/17\/fue-todo-de-9\/#primaryimage"},"thumbnailUrl":"http:\/\/gentedebasquet.com.ar\/sitio\/wp-content\/uploads\/2018\/03\/9-de-Julio-Pacifico-Liga-U19.jpg","datePublished":"2018-03-18T02:33:45+00:00","author":{"@id":"https:\/\/gentedebasquet.com.ar\/sitio\/#\/schema\/person\/ca0b63bbb977369988a7bbbdc519943a"},"breadcrumb":{"@id":"http:\/\/gentedebasquet.com.ar\/sitio\/2018\/03\/17\/fue-todo-de-9\/#breadcrumb"},"inLanguage":"es","potentialAction":[{"@type":"ReadAction","target":["http:\/\/gentedebasquet.com.ar\/sitio\/2018\/03\/17\/fue-todo-de-9\/"]}]},{"@type":"ImageObject","inLanguage":"es","@id":"http:\/\/gentedebasquet.com.ar\/sitio\/2018\/03\/17\/fue-todo-de-9\/#primaryimage","url":"http:\/\/gentedebasquet.com.ar\/sitio\/wp-content\/uploads\/2018\/03\/9-de-Julio-Pacifico-Liga-U19.jpg","contentUrl":"http:\/\/gentedebasquet.com.ar\/sitio\/wp-content\/uploads\/2018\/03\/9-de-Julio-Pacifico-Liga-U19.jpg","width":690,"height":319},{"@type":"BreadcrumbList","@id":"http:\/\/gentedebasquet.com.ar\/sitio\/2018\/03\/17\/fue-todo-de-9\/#breadcrumb","itemListElement":[{"@type":"ListItem","position":1,"name":"Portada","item":"https:\/\/gentedebasquet.com.ar\/sitio\/"},{"@type":"ListItem","position":2,"name":"Fue todo de 9"}]},{"@type":"WebSite","@id":"https:\/\/gentedebasquet.com.ar\/sitio\/#website","url":"https:\/\/gentedebasquet.com.ar\/sitio\/","name":"Gente de B\u00e1squet","description":"La revista del basquet de Bah\u00eda Blanca","potentialAction":[{"@type":"SearchAction","target":{"@type":"EntryPoint","urlTemplate":"https:\/\/gentedebasquet.com.ar\/sitio\/?s={search_term_string}"},"query-input":{"@type":"PropertyValueSpecification","valueRequired":true,"valueName":"search_term_string"}}],"inLanguage":"es"},{"@type":"Person","@id":"https:\/\/gentedebasquet.com.ar\/sitio\/#\/schema\/person\/ca0b63bbb977369988a7bbbdc519943a","name":"Gente de B\u00e1squet","image":{"@type":"ImageObject","inLanguage":"es","@id":"https:\/\/secure.gravatar.com\/avatar\/7f2c48bdc33b30088f941fb6082e555f2874c98e20cb159d7b92b50eadfce793?s=96&d=mm&r=g","url":"https:\/\/secure.gravatar.com\/avatar\/7f2c48bdc33b30088f941fb6082e555f2874c98e20cb159d7b92b50eadfce793?s=96&d=mm&r=g","contentUrl":"https:\/\/secure.gravatar.com\/avatar\/7f2c48bdc33b30088f941fb6082e555f2874c98e20cb159d7b92b50eadfce793?s=96&d=mm&r=g","caption":"Gente de B\u00e1squet"},"sameAs":["http:\/\/gentedebasquet.com.ar\/sitio"],"url":"http:\/\/gentedebasquet.com.ar\/sitio\/author\/ulises\/"}]}},"_links":{"self":[{"href":"http:\/\/gentedebasquet.com.ar\/sitio\/wp-json\/wp\/v2\/posts\/80541","targetHints":{"allow":["GET"]}}],"collection":[{"href":"http:\/\/gentedebasquet.com.ar\/sitio\/wp-json\/wp\/v2\/posts"}],"about":[{"href":"http:\/\/gentedebasquet.com.ar\/sitio\/wp-json\/wp\/v2\/types\/post"}],"author":[{"embeddable":true,"href":"http:\/\/gentedebasquet.com.ar\/sitio\/wp-json\/wp\/v2\/users\/1"}],"replies":[{"embeddable":true,"href":"http:\/\/gentedebasquet.com.ar\/sitio\/wp-json\/wp\/v2\/comments?post=80541"}],"version-history":[{"count":0,"href":"http:\/\/gentedebasquet.com.ar\/sitio\/wp-json\/wp\/v2\/posts\/80541\/revisions"}],"wp:featuredmedia":[{"embeddable":true,"href":"http:\/\/gentedebasquet.com.ar\/sitio\/wp-json\/wp\/v2\/media\/80546"}],"wp:attachment":[{"href":"http:\/\/gentedebasquet.com.ar\/sitio\/wp-json\/wp\/v2\/media?parent=80541"}],"wp:term":[{"taxonomy":"category","embeddable":true,"href":"http:\/\/gentedebasquet.com.ar\/sitio\/wp-json\/wp\/v2\/categories?post=80541"},{"taxonomy":"post_tag","embeddable":true,"href":"http:\/\/gentedebasquet.com.ar\/sitio\/wp-json\/wp\/v2\/tags?post=80541"}],"curies":[{"name":"wp","href":"https:\/\/api.w.org\/{rel}","templated":true}]}}