{"id":80872,"date":"2018-03-24T23:21:38","date_gmt":"2018-03-25T03:21:38","guid":{"rendered":"http:\/\/www.gentedebasquet.com.ar\/?p=80872"},"modified":"2018-03-24T23:21:38","modified_gmt":"2018-03-25T03:21:38","slug":"bahiense-se-equivoco-menos","status":"publish","type":"post","link":"http:\/\/gentedebasquet.com.ar\/sitio\/2018\/03\/24\/bahiense-se-equivoco-menos\/","title":{"rendered":"Bahiense se equivoc\u00f3 menos"},"content":{"rendered":"<p><strong>Un apasionante cierre maquill\u00f3 un partido lleno de errores que deriv\u00f3 en la victoria de Bahiense del Norte, en cancha de Argentino, por la segunda fecha de la Liga Juvenil. El tricolor -que tuvo fecha libre en la primera- sufri\u00f3 hasta la \u00faltima bola y se impuso por <a href=\"http:\/\/www.fibalivestats.com\/u\/FDBB\/849352\/bs.html\" target=\"_blank\" rel=\"noopener\">54 a 52<\/a>\u00a0por la Zona Sur 1.<\/strong><\/p>\n<p><strong>Federico Repetti (9 puntos, 16 rebotes y 4 tapas), Juan Cruz Tamis (12 y 8 tableros) e Iv\u00e1n G\u00f3mez Lepez (12) lideraron a la visita; mientras que Ger\u00f3nimo Rausch (14 y 15 recobres) sobresali\u00f3 en el due\u00f1o de casa.<\/strong><\/p>\n<p>Los restantes dos equipos de nuestra ciudad tuvieron suerte dispar.<\/p>\n<p>Mientras que 9 de julio apabull\u00f3 a Ferro de Olavarr\u00eda por <a href=\"http:\/\/www.fibalivestats.com\/u\/FDBB\/849389\/\" target=\"_blank\" rel=\"noopener\">95 a 43<\/a>, Pac\u00edfico cay\u00f3 en el William Harding Green con IAE de Mar del Plata por <a href=\"http:\/\/www.fibalivestats.com\/u\/FDBB\/849390\/\" target=\"_blank\" rel=\"noopener\">75 a 69<\/a>.<\/p>\n<p>En el elenco de Andr\u00e9s Iannamico se destac\u00f3 la tarea de Sebasti\u00e1n Villegas, autor de 28 puntos (12\/16 en cancha). En cuanto al goleo, lo siguieron Paredes (14), Prost y Costa (ambos con 12).<\/p>\n<p>En tanto, los dirigidos por Mauro Richotti tuvieron en Manuel Maina a su mejor exponente, con 23 unidades. Lo sigui\u00f3 Juan Ignacio Carbajo, con 13.<\/p>\n<p><iframe loading=\"lazy\" src=\"https:\/\/www.youtube.com\/embed\/DvjaMcIvzZQ\" width=\"560\" height=\"315\" frameborder=\"0\" allowfullscreen=\"allowfullscreen\"><\/iframe><\/p>\n<p><strong><u>ZONA SUR 1<\/u><\/strong><\/p>\n<ul>\n<li>Racing (Olavarr\u00eda)<\/li>\n<li>Pe\u00f1arol (Mar del Plata)<\/li>\n<li>Quilmes (Mar del Plata)<\/li>\n<li>Bahiense del Norte (Bah\u00eda Blanca)<\/li>\n<li>Argentino (Bah\u00eda Blanca)<\/li>\n<li>Uni\u00f3n (Mar del Plata)<\/li>\n<li>Centro Basko (Necochea)<\/li>\n<\/ul>\n<p><strong><em>SEGUNDA FECHA<\/em><\/strong><\/p>\n<p>Uni\u00f3n (Mar del Plata) 72-52 Racing (Olavarr\u00eda)<\/p>\n<p>Centro Basko (Necochea) vs Pe\u00f1arol (Mar del Plata)<\/p>\n<p>Argentino (Bah\u00eda Blanca) 52-54 Bahiense del Norte (Bah\u00eda Blanca)<\/p>\n<p>Libre: Quilmes (Mar del Plata)<\/p>\n<p><em>TERCERA FECHA \u2013 JUEVES 29\/03<\/em><\/p>\n<p>Bahiense del Norte (Bah\u00eda Blanca) vs Centro Basko (Necochea)<\/p>\n<p>Pe\u00f1arol (Mar del Plata) vs Uni\u00f3n (Mar del Plata)<\/p>\n<p>Racing (Olavarr\u00eda) vs Quilmes (Mar del Plata)<\/p>\n<p>Libre: Argentino (Bah\u00eda Blanca)<\/p>\n<p><u><strong>ZONA SUR 2<\/strong><\/u><\/p>\n<ul>\n<li>Estudiantes (Olavarr\u00eda)<\/li>\n<li>Instituto Albert Einstein (Mar del Plata)<\/li>\n<li>Kimberley (Mar del Plata)<\/li>\n<li>9 de Julio (Bah\u00eda Blanca)<\/li>\n<li>Pac\u00edfico (Bah\u00eda Blanca)<\/li>\n<li>Ferro Carril Sud (Olavarr\u00eda)<\/li>\n<\/ul>\n<p><u>FIXTURE<\/u><\/p>\n<p><strong><em>SEGUNDA FECHA<\/em><\/strong><\/p>\n<p>9 de Julio (Bah\u00eda Blanca) 95-43 Ferro (Olavarr\u00eda)<\/p>\n<p>Pac\u00edfico (Bah\u00eda Blanca) 69-75 IAE (Mar del Plata)<\/p>\n<p>Estudiantes (Olavarr\u00eda) 65-62 Kimberley (Mar del Plata)<\/p>\n<p><em>TERCERA FECHA \u2013 S\u00c1BADO 31\/03<\/em><\/p>\n<p>Ferro (Olavarr\u00eda) vs Estudiantes (Olavarr\u00eda)<\/p>\n<p>Kimberley (Mar del Plata) vs Pac\u00edfico (Bah\u00eda Blanca)<\/p>\n<p>IAE (Mar del Plata) vs 9 de Julio (Bah\u00eda Blanca)<\/p>\n<p><u><strong>ZONA NORTE 1<\/strong><\/u><\/p>\n<ul>\n<li>Uni\u00f3n Vecinal (La Plata)<\/li>\n<li>Estudiantes (La Plata)<\/li>\n<li>SoMiSa (San Nicol\u00e1s)<\/li>\n<li>Racing (Chivilcoy)<\/li>\n<li>San Lorenzo (Chivilcoy)<\/li>\n<li>Independiente (Z\u00e1rate)<\/li>\n<li>Ciudad (Campana)<\/li>\n<\/ul>\n<p><u><strong>ZONA NORTE 2<\/strong><\/u><\/p>\n<ul>\n<li>Atenas (La Plata)<\/li>\n<li>Gimnasia y Esgrima (La Plata)<\/li>\n<li>Regatas (San Nicol\u00e1s)<\/li>\n<li>Ciudad (Saladillo)<\/li>\n<li>Gimnasia y Esgrima (Pergamino)<\/li>\n<li>Central Buenos Aires (Z\u00e1rate)<\/li>\n<li>Ciclista Juninense (Jun\u00edn)<\/li>\n<\/ul>\n<p><u><strong>ZONA NORTE 3<\/strong><\/u><\/p>\n<ul>\n<li>Universal (La Plata)<\/li>\n<li>Atl\u00e9tico Platense (La Plata)<\/li>\n<li>Belgrano (San Nicol\u00e1s)<\/li>\n<li>Argentino (Chivilcoy)<\/li>\n<li>Argentino (Pergamino)<\/li>\n<li>N\u00e1utico (Z\u00e1rate)<\/li>\n<\/ul>\n","protected":false},"excerpt":{"rendered":"<p>El tricolor venci\u00f3 a domicilio a Argentino en su debut por Liga Juvenil<\/p>\n","protected":false},"author":1,"featured_media":80874,"comment_status":"closed","ping_status":"open","sticky":false,"template":"","format":"standard","meta":{"jnews-multi-image_gallery":[],"jnews_single_post":[],"jnews_primary_category":[],"footnotes":""},"categories":[101,26],"tags":[4,5,671,1358],"class_list":["post-80872","post","type-post","status-publish","format-standard","has-post-thumbnail","hentry","category-slide","category-u19","tag-argentino","tag-bahiense-del-norte","tag-federico-repetti","tag-geronimo-rausch"],"yoast_head":"<!-- This site is optimized with the Yoast SEO plugin v27.5 - https:\/\/yoast.com\/product\/yoast-seo-wordpress\/ -->\n<title>Bahiense se equivoc\u00f3 menos - Gente de B\u00e1squet<\/title>\n<meta name=\"robots\" content=\"index, follow, max-snippet:-1, max-image-preview:large, max-video-preview:-1\" \/>\n<link rel=\"canonical\" href=\"https:\/\/gentedebasquet.com.ar\/sitio\/2018\/03\/24\/bahiense-se-equivoco-menos\/\" \/>\n<meta property=\"og:locale\" content=\"es_ES\" \/>\n<meta property=\"og:type\" content=\"article\" \/>\n<meta property=\"og:title\" content=\"Bahiense se equivoc\u00f3 menos - Gente de B\u00e1squet\" \/>\n<meta property=\"og:description\" content=\"El tricolor venci\u00f3 a domicilio a Argentino en su debut por Liga Juvenil\" \/>\n<meta property=\"og:url\" content=\"https:\/\/gentedebasquet.com.ar\/sitio\/2018\/03\/24\/bahiense-se-equivoco-menos\/\" \/>\n<meta property=\"og:site_name\" content=\"Gente de B\u00e1squet\" \/>\n<meta property=\"article:published_time\" content=\"2018-03-25T02:21:38+00:00\" \/>\n<meta property=\"og:image\" content=\"https:\/\/gentedebasquet.com.ar\/sitio\/wp-content\/uploads\/2018\/03\/Tamis-Argentino-Bahiense-U19.jpg\" \/>\n\t<meta property=\"og:image:width\" content=\"690\" \/>\n\t<meta property=\"og:image:height\" content=\"319\" \/>\n\t<meta property=\"og:image:type\" content=\"image\/jpeg\" \/>\n<meta name=\"author\" content=\"Gente de B\u00e1squet\" \/>\n<meta name=\"twitter:card\" content=\"summary_large_image\" \/>\n<meta name=\"twitter:label1\" content=\"Escrito por\" \/>\n\t<meta name=\"twitter:data1\" content=\"Gente de B\u00e1squet\" \/>\n\t<meta name=\"twitter:label2\" content=\"Tiempo de lectura\" \/>\n\t<meta name=\"twitter:data2\" content=\"2 minutos\" \/>\n<script type=\"application\/ld+json\" class=\"yoast-schema-graph\">{\"@context\":\"https:\\\/\\\/schema.org\",\"@graph\":[{\"@type\":\"Article\",\"@id\":\"https:\\\/\\\/gentedebasquet.com.ar\\\/sitio\\\/2018\\\/03\\\/24\\\/bahiense-se-equivoco-menos\\\/#article\",\"isPartOf\":{\"@id\":\"https:\\\/\\\/gentedebasquet.com.ar\\\/sitio\\\/2018\\\/03\\\/24\\\/bahiense-se-equivoco-menos\\\/\"},\"author\":{\"name\":\"Gente de B\u00e1squet\",\"@id\":\"https:\\\/\\\/gentedebasquet.com.ar\\\/sitio\\\/#\\\/schema\\\/person\\\/ca0b63bbb977369988a7bbbdc519943a\"},\"headline\":\"Bahiense se equivoc\u00f3 menos\",\"datePublished\":\"2018-03-25T02:21:38+00:00\",\"mainEntityOfPage\":{\"@id\":\"https:\\\/\\\/gentedebasquet.com.ar\\\/sitio\\\/2018\\\/03\\\/24\\\/bahiense-se-equivoco-menos\\\/\"},\"wordCount\":456,\"image\":{\"@id\":\"https:\\\/\\\/gentedebasquet.com.ar\\\/sitio\\\/2018\\\/03\\\/24\\\/bahiense-se-equivoco-menos\\\/#primaryimage\"},\"thumbnailUrl\":\"http:\\\/\\\/gentedebasquet.com.ar\\\/sitio\\\/wp-content\\\/uploads\\\/2018\\\/03\\\/Tamis-Argentino-Bahiense-U19.jpg\",\"keywords\":[\"Argentino\",\"Bahiense Del Norte\",\"Federico Repetti\",\"Ger\u00f3nimo Rausch\"],\"articleSection\":[\"Slide\",\"U19\"],\"inLanguage\":\"es\"},{\"@type\":\"WebPage\",\"@id\":\"https:\\\/\\\/gentedebasquet.com.ar\\\/sitio\\\/2018\\\/03\\\/24\\\/bahiense-se-equivoco-menos\\\/\",\"url\":\"https:\\\/\\\/gentedebasquet.com.ar\\\/sitio\\\/2018\\\/03\\\/24\\\/bahiense-se-equivoco-menos\\\/\",\"name\":\"Bahiense se equivoc\u00f3 menos - Gente de B\u00e1squet\",\"isPartOf\":{\"@id\":\"https:\\\/\\\/gentedebasquet.com.ar\\\/sitio\\\/#website\"},\"primaryImageOfPage\":{\"@id\":\"https:\\\/\\\/gentedebasquet.com.ar\\\/sitio\\\/2018\\\/03\\\/24\\\/bahiense-se-equivoco-menos\\\/#primaryimage\"},\"image\":{\"@id\":\"https:\\\/\\\/gentedebasquet.com.ar\\\/sitio\\\/2018\\\/03\\\/24\\\/bahiense-se-equivoco-menos\\\/#primaryimage\"},\"thumbnailUrl\":\"http:\\\/\\\/gentedebasquet.com.ar\\\/sitio\\\/wp-content\\\/uploads\\\/2018\\\/03\\\/Tamis-Argentino-Bahiense-U19.jpg\",\"datePublished\":\"2018-03-25T02:21:38+00:00\",\"author\":{\"@id\":\"https:\\\/\\\/gentedebasquet.com.ar\\\/sitio\\\/#\\\/schema\\\/person\\\/ca0b63bbb977369988a7bbbdc519943a\"},\"breadcrumb\":{\"@id\":\"https:\\\/\\\/gentedebasquet.com.ar\\\/sitio\\\/2018\\\/03\\\/24\\\/bahiense-se-equivoco-menos\\\/#breadcrumb\"},\"inLanguage\":\"es\",\"potentialAction\":[{\"@type\":\"ReadAction\",\"target\":[\"https:\\\/\\\/gentedebasquet.com.ar\\\/sitio\\\/2018\\\/03\\\/24\\\/bahiense-se-equivoco-menos\\\/\"]}]},{\"@type\":\"ImageObject\",\"inLanguage\":\"es\",\"@id\":\"https:\\\/\\\/gentedebasquet.com.ar\\\/sitio\\\/2018\\\/03\\\/24\\\/bahiense-se-equivoco-menos\\\/#primaryimage\",\"url\":\"http:\\\/\\\/gentedebasquet.com.ar\\\/sitio\\\/wp-content\\\/uploads\\\/2018\\\/03\\\/Tamis-Argentino-Bahiense-U19.jpg\",\"contentUrl\":\"http:\\\/\\\/gentedebasquet.com.ar\\\/sitio\\\/wp-content\\\/uploads\\\/2018\\\/03\\\/Tamis-Argentino-Bahiense-U19.jpg\",\"width\":690,\"height\":319},{\"@type\":\"BreadcrumbList\",\"@id\":\"https:\\\/\\\/gentedebasquet.com.ar\\\/sitio\\\/2018\\\/03\\\/24\\\/bahiense-se-equivoco-menos\\\/#breadcrumb\",\"itemListElement\":[{\"@type\":\"ListItem\",\"position\":1,\"name\":\"Portada\",\"item\":\"https:\\\/\\\/gentedebasquet.com.ar\\\/sitio\\\/\"},{\"@type\":\"ListItem\",\"position\":2,\"name\":\"Bahiense se equivoc\u00f3 menos\"}]},{\"@type\":\"WebSite\",\"@id\":\"https:\\\/\\\/gentedebasquet.com.ar\\\/sitio\\\/#website\",\"url\":\"https:\\\/\\\/gentedebasquet.com.ar\\\/sitio\\\/\",\"name\":\"Gente de B\u00e1squet\",\"description\":\"La revista del basquet de Bah\u00eda Blanca\",\"potentialAction\":[{\"@type\":\"SearchAction\",\"target\":{\"@type\":\"EntryPoint\",\"urlTemplate\":\"https:\\\/\\\/gentedebasquet.com.ar\\\/sitio\\\/?s={search_term_string}\"},\"query-input\":{\"@type\":\"PropertyValueSpecification\",\"valueRequired\":true,\"valueName\":\"search_term_string\"}}],\"inLanguage\":\"es\"},{\"@type\":\"Person\",\"@id\":\"https:\\\/\\\/gentedebasquet.com.ar\\\/sitio\\\/#\\\/schema\\\/person\\\/ca0b63bbb977369988a7bbbdc519943a\",\"name\":\"Gente de B\u00e1squet\",\"image\":{\"@type\":\"ImageObject\",\"inLanguage\":\"es\",\"@id\":\"https:\\\/\\\/secure.gravatar.com\\\/avatar\\\/7f2c48bdc33b30088f941fb6082e555f2874c98e20cb159d7b92b50eadfce793?s=96&d=mm&r=g\",\"url\":\"https:\\\/\\\/secure.gravatar.com\\\/avatar\\\/7f2c48bdc33b30088f941fb6082e555f2874c98e20cb159d7b92b50eadfce793?s=96&d=mm&r=g\",\"contentUrl\":\"https:\\\/\\\/secure.gravatar.com\\\/avatar\\\/7f2c48bdc33b30088f941fb6082e555f2874c98e20cb159d7b92b50eadfce793?s=96&d=mm&r=g\",\"caption\":\"Gente de B\u00e1squet\"},\"sameAs\":[\"http:\\\/\\\/gentedebasquet.com.ar\\\/sitio\"],\"url\":\"http:\\\/\\\/gentedebasquet.com.ar\\\/sitio\\\/author\\\/ulises\\\/\"}]}<\/script>\n<!-- \/ Yoast SEO plugin. -->","yoast_head_json":{"title":"Bahiense se equivoc\u00f3 menos - Gente de B\u00e1squet","robots":{"index":"index","follow":"follow","max-snippet":"max-snippet:-1","max-image-preview":"max-image-preview:large","max-video-preview":"max-video-preview:-1"},"canonical":"https:\/\/gentedebasquet.com.ar\/sitio\/2018\/03\/24\/bahiense-se-equivoco-menos\/","og_locale":"es_ES","og_type":"article","og_title":"Bahiense se equivoc\u00f3 menos - Gente de B\u00e1squet","og_description":"El tricolor venci\u00f3 a domicilio a Argentino en su debut por Liga Juvenil","og_url":"https:\/\/gentedebasquet.com.ar\/sitio\/2018\/03\/24\/bahiense-se-equivoco-menos\/","og_site_name":"Gente de B\u00e1squet","article_published_time":"2018-03-25T02:21:38+00:00","og_image":[{"width":690,"height":319,"url":"https:\/\/gentedebasquet.com.ar\/sitio\/wp-content\/uploads\/2018\/03\/Tamis-Argentino-Bahiense-U19.jpg","type":"image\/jpeg"}],"author":"Gente de B\u00e1squet","twitter_card":"summary_large_image","twitter_misc":{"Escrito por":"Gente de B\u00e1squet","Tiempo de lectura":"2 minutos"},"schema":{"@context":"https:\/\/schema.org","@graph":[{"@type":"Article","@id":"https:\/\/gentedebasquet.com.ar\/sitio\/2018\/03\/24\/bahiense-se-equivoco-menos\/#article","isPartOf":{"@id":"https:\/\/gentedebasquet.com.ar\/sitio\/2018\/03\/24\/bahiense-se-equivoco-menos\/"},"author":{"name":"Gente de B\u00e1squet","@id":"https:\/\/gentedebasquet.com.ar\/sitio\/#\/schema\/person\/ca0b63bbb977369988a7bbbdc519943a"},"headline":"Bahiense se equivoc\u00f3 menos","datePublished":"2018-03-25T02:21:38+00:00","mainEntityOfPage":{"@id":"https:\/\/gentedebasquet.com.ar\/sitio\/2018\/03\/24\/bahiense-se-equivoco-menos\/"},"wordCount":456,"image":{"@id":"https:\/\/gentedebasquet.com.ar\/sitio\/2018\/03\/24\/bahiense-se-equivoco-menos\/#primaryimage"},"thumbnailUrl":"http:\/\/gentedebasquet.com.ar\/sitio\/wp-content\/uploads\/2018\/03\/Tamis-Argentino-Bahiense-U19.jpg","keywords":["Argentino","Bahiense Del Norte","Federico Repetti","Ger\u00f3nimo Rausch"],"articleSection":["Slide","U19"],"inLanguage":"es"},{"@type":"WebPage","@id":"https:\/\/gentedebasquet.com.ar\/sitio\/2018\/03\/24\/bahiense-se-equivoco-menos\/","url":"https:\/\/gentedebasquet.com.ar\/sitio\/2018\/03\/24\/bahiense-se-equivoco-menos\/","name":"Bahiense se equivoc\u00f3 menos - Gente de B\u00e1squet","isPartOf":{"@id":"https:\/\/gentedebasquet.com.ar\/sitio\/#website"},"primaryImageOfPage":{"@id":"https:\/\/gentedebasquet.com.ar\/sitio\/2018\/03\/24\/bahiense-se-equivoco-menos\/#primaryimage"},"image":{"@id":"https:\/\/gentedebasquet.com.ar\/sitio\/2018\/03\/24\/bahiense-se-equivoco-menos\/#primaryimage"},"thumbnailUrl":"http:\/\/gentedebasquet.com.ar\/sitio\/wp-content\/uploads\/2018\/03\/Tamis-Argentino-Bahiense-U19.jpg","datePublished":"2018-03-25T02:21:38+00:00","author":{"@id":"https:\/\/gentedebasquet.com.ar\/sitio\/#\/schema\/person\/ca0b63bbb977369988a7bbbdc519943a"},"breadcrumb":{"@id":"https:\/\/gentedebasquet.com.ar\/sitio\/2018\/03\/24\/bahiense-se-equivoco-menos\/#breadcrumb"},"inLanguage":"es","potentialAction":[{"@type":"ReadAction","target":["https:\/\/gentedebasquet.com.ar\/sitio\/2018\/03\/24\/bahiense-se-equivoco-menos\/"]}]},{"@type":"ImageObject","inLanguage":"es","@id":"https:\/\/gentedebasquet.com.ar\/sitio\/2018\/03\/24\/bahiense-se-equivoco-menos\/#primaryimage","url":"http:\/\/gentedebasquet.com.ar\/sitio\/wp-content\/uploads\/2018\/03\/Tamis-Argentino-Bahiense-U19.jpg","contentUrl":"http:\/\/gentedebasquet.com.ar\/sitio\/wp-content\/uploads\/2018\/03\/Tamis-Argentino-Bahiense-U19.jpg","width":690,"height":319},{"@type":"BreadcrumbList","@id":"https:\/\/gentedebasquet.com.ar\/sitio\/2018\/03\/24\/bahiense-se-equivoco-menos\/#breadcrumb","itemListElement":[{"@type":"ListItem","position":1,"name":"Portada","item":"https:\/\/gentedebasquet.com.ar\/sitio\/"},{"@type":"ListItem","position":2,"name":"Bahiense se equivoc\u00f3 menos"}]},{"@type":"WebSite","@id":"https:\/\/gentedebasquet.com.ar\/sitio\/#website","url":"https:\/\/gentedebasquet.com.ar\/sitio\/","name":"Gente de B\u00e1squet","description":"La revista del basquet de Bah\u00eda Blanca","potentialAction":[{"@type":"SearchAction","target":{"@type":"EntryPoint","urlTemplate":"https:\/\/gentedebasquet.com.ar\/sitio\/?s={search_term_string}"},"query-input":{"@type":"PropertyValueSpecification","valueRequired":true,"valueName":"search_term_string"}}],"inLanguage":"es"},{"@type":"Person","@id":"https:\/\/gentedebasquet.com.ar\/sitio\/#\/schema\/person\/ca0b63bbb977369988a7bbbdc519943a","name":"Gente de B\u00e1squet","image":{"@type":"ImageObject","inLanguage":"es","@id":"https:\/\/secure.gravatar.com\/avatar\/7f2c48bdc33b30088f941fb6082e555f2874c98e20cb159d7b92b50eadfce793?s=96&d=mm&r=g","url":"https:\/\/secure.gravatar.com\/avatar\/7f2c48bdc33b30088f941fb6082e555f2874c98e20cb159d7b92b50eadfce793?s=96&d=mm&r=g","contentUrl":"https:\/\/secure.gravatar.com\/avatar\/7f2c48bdc33b30088f941fb6082e555f2874c98e20cb159d7b92b50eadfce793?s=96&d=mm&r=g","caption":"Gente de B\u00e1squet"},"sameAs":["http:\/\/gentedebasquet.com.ar\/sitio"],"url":"http:\/\/gentedebasquet.com.ar\/sitio\/author\/ulises\/"}]}},"_links":{"self":[{"href":"http:\/\/gentedebasquet.com.ar\/sitio\/wp-json\/wp\/v2\/posts\/80872","targetHints":{"allow":["GET"]}}],"collection":[{"href":"http:\/\/gentedebasquet.com.ar\/sitio\/wp-json\/wp\/v2\/posts"}],"about":[{"href":"http:\/\/gentedebasquet.com.ar\/sitio\/wp-json\/wp\/v2\/types\/post"}],"author":[{"embeddable":true,"href":"http:\/\/gentedebasquet.com.ar\/sitio\/wp-json\/wp\/v2\/users\/1"}],"replies":[{"embeddable":true,"href":"http:\/\/gentedebasquet.com.ar\/sitio\/wp-json\/wp\/v2\/comments?post=80872"}],"version-history":[{"count":0,"href":"http:\/\/gentedebasquet.com.ar\/sitio\/wp-json\/wp\/v2\/posts\/80872\/revisions"}],"wp:featuredmedia":[{"embeddable":true,"href":"http:\/\/gentedebasquet.com.ar\/sitio\/wp-json\/wp\/v2\/media\/80874"}],"wp:attachment":[{"href":"http:\/\/gentedebasquet.com.ar\/sitio\/wp-json\/wp\/v2\/media?parent=80872"}],"wp:term":[{"taxonomy":"category","embeddable":true,"href":"http:\/\/gentedebasquet.com.ar\/sitio\/wp-json\/wp\/v2\/categories?post=80872"},{"taxonomy":"post_tag","embeddable":true,"href":"http:\/\/gentedebasquet.com.ar\/sitio\/wp-json\/wp\/v2\/tags?post=80872"}],"curies":[{"name":"wp","href":"https:\/\/api.w.org\/{rel}","templated":true}]}}