{"id":81094,"date":"2018-03-29T18:11:50","date_gmt":"2018-03-29T21:11:50","guid":{"rendered":"http:\/\/www.gentedebasquet.com.ar\/?p=81094"},"modified":"2018-03-29T18:11:50","modified_gmt":"2018-03-29T21:11:50","slug":"bahiense-unico-protagonista","status":"publish","type":"post","link":"http:\/\/gentedebasquet.com.ar\/sitio\/2018\/03\/29\/bahiense-unico-protagonista\/","title":{"rendered":"Bahiense, \u00fanico protagonista"},"content":{"rendered":"<p><strong>Salvo los primeros 2m06 (8-8), Bahiense del Norte domin\u00f3 con claridad a Centro Basko de Necochea hasta imponerse por <a href=\"http:\/\/www.fibalivestats.com\/u\/FDBB\/849353\/bs.html\" target=\"_blank\" rel=\"noopener\">109 a 34<\/a>.<\/strong><\/p>\n<p><strong>El elenco de Alejandro Navallo fue el \u00fanico de nuestra ciudad que se present\u00f3 este Jueves Santo, ya que Argentino, equipo que tambi\u00e9n integra la Zona sur 1 de la Liga Juvenil, tuvo fecha libre.<\/strong><\/p>\n<p><strong>Federico Repetti fue la gran figura del encuentro, con 24 puntos, 17 rebotes, 3 asistencias y 39 de valoraci\u00f3n. Le siguieron Iv\u00e1n g\u00f3mez Lepez (16 unidades), Mart\u00edn Fagotti (14), Amaury Hevia y Alejo Marigual (13).<\/strong><\/p>\n<p>La actividad seguir\u00e1 este s\u00e1bado, con Uni\u00f3n (MDP)-Bahiense y Centro Basko-Argentino. Mientras que por la Zona Sur 2 jugar\u00e1n Kimberley -Pac\u00edfico y el Instituto Albert Einstein-9 de Julio, ambos en Mar del Plata.<\/p>\n<p><iframe loading=\"lazy\" src=\"https:\/\/www.youtube.com\/embed\/ZaJDNIH9qYY\" width=\"560\" height=\"315\" frameborder=\"0\" allowfullscreen=\"allowfullscreen\"><\/iframe><\/p>\n<p><strong><u>ZONA SUR 1<\/u><\/strong><\/p>\n<ul>\n<li>Racing (Olavarr\u00eda)<\/li>\n<li>Pe\u00f1arol (Mar del Plata)<\/li>\n<li>Quilmes (Mar del Plata)<\/li>\n<li>Bahiense del Norte (Bah\u00eda Blanca)<\/li>\n<li>Argentino (Bah\u00eda Blanca)<\/li>\n<li>Uni\u00f3n (Mar del Plata)<\/li>\n<li>Centro Basko (Necochea)<\/li>\n<\/ul>\n<p><strong><em>TERCERA FECHA \u2013 JUEVES 29\/03<\/em><\/strong><\/p>\n<p>Bahiense del Norte (Bah\u00eda Blanca) 109-34 Centro Basko (Necochea)<\/p>\n<p>Pe\u00f1arol (Mar del Plata) 72-85 Uni\u00f3n (Mar del Plata)<\/p>\n<p>Racing (Olavarr\u00eda) 72-62 Quilmes (Mar del Plata)<\/p>\n<p>Libre: Argentino (Bah\u00eda Blanca)<\/p>\n<p><em>CUARTA FECHA \u2013 S\u00c1BADO 31\/03<\/em><\/p>\n<p>Quilmes (Mar del Plata) vs Pe\u00f1arol (Mar del Plata)<\/p>\n<p>Uni\u00f3n (Mar del Plata) vs Bahiense del Norte (Bah\u00eda Blanca)<\/p>\n<p>Centro Basko (Necochea) vs Argentino (Bah\u00eda Blanca)<\/p>\n<p>Libre: Racing (Olavarr\u00eda)<\/p>\n<p><u><strong>ZONA SUR 2<\/strong><\/u><\/p>\n<ul>\n<li>Estudiantes (Olavarr\u00eda)<\/li>\n<li>Instituto Albert Einstein (Mar del Plata)<\/li>\n<li>Kimberley (Mar del Plata)<\/li>\n<li>9 de Julio (Bah\u00eda Blanca)<\/li>\n<li>Pac\u00edfico (Bah\u00eda Blanca)<\/li>\n<li>Ferro Carril Sud (Olavarr\u00eda)<\/li>\n<\/ul>\n<p><u>FIXTURE<\/u><\/p>\n<p><strong><em>SEGUNDA FECHA<\/em><\/strong><\/p>\n<p>9 de Julio (Bah\u00eda Blanca) 95-43 Ferro (Olavarr\u00eda)<\/p>\n<p>Pac\u00edfico (Bah\u00eda Blanca) 69-75 IAE (Mar del Plata)<\/p>\n<p>Estudiantes (Olavarr\u00eda) 65-62 Kimberley (Mar del Plata)<\/p>\n<p><em>TERCERA FECHA \u2013 S\u00c1BADO 31\/03<\/em><\/p>\n<p>Ferro (Olavarr\u00eda) vs Estudiantes (Olavarr\u00eda)<\/p>\n<p>Kimberley (Mar del Plata) vs Pac\u00edfico (Bah\u00eda Blanca)<\/p>\n<p>IAE (Mar del Plata) vs 9 de Julio (Bah\u00eda Blanca)<\/p>\n<p><u><strong>ZONA NORTE 1<\/strong><\/u><\/p>\n<ul>\n<li>Uni\u00f3n Vecinal (La Plata)<\/li>\n<li>Estudiantes (La Plata)<\/li>\n<li>SoMiSa (San Nicol\u00e1s)<\/li>\n<li>Racing (Chivilcoy)<\/li>\n<li>San Lorenzo (Chivilcoy)<\/li>\n<li>Independiente (Z\u00e1rate)<\/li>\n<li>Ciudad (Campana)<\/li>\n<\/ul>\n<p><u><strong>ZONA NORTE 2<\/strong><\/u><\/p>\n<ul>\n<li>Atenas (La Plata)<\/li>\n<li>Gimnasia y Esgrima (La Plata)<\/li>\n<li>Regatas (San Nicol\u00e1s)<\/li>\n<li>Ciudad (Saladillo)<\/li>\n<li>Gimnasia y Esgrima (Pergamino)<\/li>\n<li>Central Buenos Aires (Z\u00e1rate)<\/li>\n<li>Ciclista Juninense (Jun\u00edn)<\/li>\n<\/ul>\n<p><u><strong>ZONA NORTE 3<\/strong><\/u><\/p>\n<ul>\n<li>Universal (La Plata)<\/li>\n<li>Atl\u00e9tico Platense (La Plata)<\/li>\n<li>Belgrano (San Nicol\u00e1s)<\/li>\n<li>Argentino (Chivilcoy)<\/li>\n<li>Argentino (Pergamino)<\/li>\n<li>N\u00e1utico (Z\u00e1rate)<\/li>\n<\/ul>\n","protected":false},"excerpt":{"rendered":"<p>El tricolor venci\u00f3 a Centro Basko (Necochea) por 109 a 34 por la Liga Juvenil<\/p>\n","protected":false},"author":1,"featured_media":81097,"comment_status":"closed","ping_status":"open","sticky":false,"template":"","format":"standard","meta":{"jnews-multi-image_gallery":[],"jnews_single_post":[],"jnews_primary_category":[],"footnotes":""},"categories":[101,26],"tags":[5,1250,159,468],"class_list":["post-81094","post","type-post","status-publish","format-standard","has-post-thumbnail","hentry","category-slide","category-u19","tag-bahiense-del-norte","tag-centro-basko-necochea","tag-liga-juvenil","tag-liga-u19"],"yoast_head":"<!-- This site is optimized with the Yoast SEO plugin v27.5 - https:\/\/yoast.com\/product\/yoast-seo-wordpress\/ -->\n<title>Bahiense, \u00fanico protagonista - Gente de B\u00e1squet<\/title>\n<meta name=\"robots\" content=\"index, follow, max-snippet:-1, max-image-preview:large, max-video-preview:-1\" \/>\n<link rel=\"canonical\" href=\"http:\/\/gentedebasquet.com.ar\/sitio\/2018\/03\/29\/bahiense-unico-protagonista\/\" \/>\n<meta property=\"og:locale\" content=\"es_ES\" \/>\n<meta property=\"og:type\" content=\"article\" \/>\n<meta property=\"og:title\" content=\"Bahiense, \u00fanico protagonista - Gente de B\u00e1squet\" \/>\n<meta property=\"og:description\" content=\"El tricolor venci\u00f3 a Centro Basko (Necochea) por 109 a 34 por la Liga Juvenil\" \/>\n<meta property=\"og:url\" content=\"http:\/\/gentedebasquet.com.ar\/sitio\/2018\/03\/29\/bahiense-unico-protagonista\/\" \/>\n<meta property=\"og:site_name\" content=\"Gente de B\u00e1squet\" \/>\n<meta property=\"article:published_time\" content=\"2018-03-29T21:11:50+00:00\" \/>\n<meta property=\"og:image\" content=\"http:\/\/gentedebasquet.com.ar\/sitio\/wp-content\/uploads\/2018\/03\/Bahiense-Centro-Basko-Liga-U19.jpg\" \/>\n\t<meta property=\"og:image:width\" content=\"690\" \/>\n\t<meta property=\"og:image:height\" content=\"319\" \/>\n\t<meta property=\"og:image:type\" content=\"image\/jpeg\" \/>\n<meta name=\"author\" content=\"Gente de B\u00e1squet\" \/>\n<meta name=\"twitter:card\" content=\"summary_large_image\" \/>\n<meta name=\"twitter:label1\" content=\"Escrito por\" \/>\n\t<meta name=\"twitter:data1\" content=\"Gente de B\u00e1squet\" \/>\n\t<meta name=\"twitter:label2\" content=\"Tiempo de lectura\" \/>\n\t<meta name=\"twitter:data2\" content=\"2 minutos\" \/>\n<script type=\"application\/ld+json\" class=\"yoast-schema-graph\">{\"@context\":\"https:\\\/\\\/schema.org\",\"@graph\":[{\"@type\":\"Article\",\"@id\":\"http:\\\/\\\/gentedebasquet.com.ar\\\/sitio\\\/2018\\\/03\\\/29\\\/bahiense-unico-protagonista\\\/#article\",\"isPartOf\":{\"@id\":\"http:\\\/\\\/gentedebasquet.com.ar\\\/sitio\\\/2018\\\/03\\\/29\\\/bahiense-unico-protagonista\\\/\"},\"author\":{\"name\":\"Gente de B\u00e1squet\",\"@id\":\"https:\\\/\\\/gentedebasquet.com.ar\\\/sitio\\\/#\\\/schema\\\/person\\\/ca0b63bbb977369988a7bbbdc519943a\"},\"headline\":\"Bahiense, \u00fanico protagonista\",\"datePublished\":\"2018-03-29T21:11:50+00:00\",\"mainEntityOfPage\":{\"@id\":\"http:\\\/\\\/gentedebasquet.com.ar\\\/sitio\\\/2018\\\/03\\\/29\\\/bahiense-unico-protagonista\\\/\"},\"wordCount\":400,\"image\":{\"@id\":\"http:\\\/\\\/gentedebasquet.com.ar\\\/sitio\\\/2018\\\/03\\\/29\\\/bahiense-unico-protagonista\\\/#primaryimage\"},\"thumbnailUrl\":\"http:\\\/\\\/gentedebasquet.com.ar\\\/sitio\\\/wp-content\\\/uploads\\\/2018\\\/03\\\/Bahiense-Centro-Basko-Liga-U19.jpg\",\"keywords\":[\"Bahiense Del Norte\",\"Centro Basko Necochea\",\"Liga Juvenil\",\"Liga U19\"],\"articleSection\":[\"Slide\",\"U19\"],\"inLanguage\":\"es\"},{\"@type\":\"WebPage\",\"@id\":\"http:\\\/\\\/gentedebasquet.com.ar\\\/sitio\\\/2018\\\/03\\\/29\\\/bahiense-unico-protagonista\\\/\",\"url\":\"http:\\\/\\\/gentedebasquet.com.ar\\\/sitio\\\/2018\\\/03\\\/29\\\/bahiense-unico-protagonista\\\/\",\"name\":\"Bahiense, \u00fanico protagonista - Gente de B\u00e1squet\",\"isPartOf\":{\"@id\":\"https:\\\/\\\/gentedebasquet.com.ar\\\/sitio\\\/#website\"},\"primaryImageOfPage\":{\"@id\":\"http:\\\/\\\/gentedebasquet.com.ar\\\/sitio\\\/2018\\\/03\\\/29\\\/bahiense-unico-protagonista\\\/#primaryimage\"},\"image\":{\"@id\":\"http:\\\/\\\/gentedebasquet.com.ar\\\/sitio\\\/2018\\\/03\\\/29\\\/bahiense-unico-protagonista\\\/#primaryimage\"},\"thumbnailUrl\":\"http:\\\/\\\/gentedebasquet.com.ar\\\/sitio\\\/wp-content\\\/uploads\\\/2018\\\/03\\\/Bahiense-Centro-Basko-Liga-U19.jpg\",\"datePublished\":\"2018-03-29T21:11:50+00:00\",\"author\":{\"@id\":\"https:\\\/\\\/gentedebasquet.com.ar\\\/sitio\\\/#\\\/schema\\\/person\\\/ca0b63bbb977369988a7bbbdc519943a\"},\"breadcrumb\":{\"@id\":\"http:\\\/\\\/gentedebasquet.com.ar\\\/sitio\\\/2018\\\/03\\\/29\\\/bahiense-unico-protagonista\\\/#breadcrumb\"},\"inLanguage\":\"es\",\"potentialAction\":[{\"@type\":\"ReadAction\",\"target\":[\"http:\\\/\\\/gentedebasquet.com.ar\\\/sitio\\\/2018\\\/03\\\/29\\\/bahiense-unico-protagonista\\\/\"]}]},{\"@type\":\"ImageObject\",\"inLanguage\":\"es\",\"@id\":\"http:\\\/\\\/gentedebasquet.com.ar\\\/sitio\\\/2018\\\/03\\\/29\\\/bahiense-unico-protagonista\\\/#primaryimage\",\"url\":\"http:\\\/\\\/gentedebasquet.com.ar\\\/sitio\\\/wp-content\\\/uploads\\\/2018\\\/03\\\/Bahiense-Centro-Basko-Liga-U19.jpg\",\"contentUrl\":\"http:\\\/\\\/gentedebasquet.com.ar\\\/sitio\\\/wp-content\\\/uploads\\\/2018\\\/03\\\/Bahiense-Centro-Basko-Liga-U19.jpg\",\"width\":690,\"height\":319},{\"@type\":\"BreadcrumbList\",\"@id\":\"http:\\\/\\\/gentedebasquet.com.ar\\\/sitio\\\/2018\\\/03\\\/29\\\/bahiense-unico-protagonista\\\/#breadcrumb\",\"itemListElement\":[{\"@type\":\"ListItem\",\"position\":1,\"name\":\"Portada\",\"item\":\"https:\\\/\\\/gentedebasquet.com.ar\\\/sitio\\\/\"},{\"@type\":\"ListItem\",\"position\":2,\"name\":\"Bahiense, \u00fanico protagonista\"}]},{\"@type\":\"WebSite\",\"@id\":\"https:\\\/\\\/gentedebasquet.com.ar\\\/sitio\\\/#website\",\"url\":\"https:\\\/\\\/gentedebasquet.com.ar\\\/sitio\\\/\",\"name\":\"Gente de B\u00e1squet\",\"description\":\"La revista del basquet de Bah\u00eda Blanca\",\"potentialAction\":[{\"@type\":\"SearchAction\",\"target\":{\"@type\":\"EntryPoint\",\"urlTemplate\":\"https:\\\/\\\/gentedebasquet.com.ar\\\/sitio\\\/?s={search_term_string}\"},\"query-input\":{\"@type\":\"PropertyValueSpecification\",\"valueRequired\":true,\"valueName\":\"search_term_string\"}}],\"inLanguage\":\"es\"},{\"@type\":\"Person\",\"@id\":\"https:\\\/\\\/gentedebasquet.com.ar\\\/sitio\\\/#\\\/schema\\\/person\\\/ca0b63bbb977369988a7bbbdc519943a\",\"name\":\"Gente de B\u00e1squet\",\"image\":{\"@type\":\"ImageObject\",\"inLanguage\":\"es\",\"@id\":\"https:\\\/\\\/secure.gravatar.com\\\/avatar\\\/7f2c48bdc33b30088f941fb6082e555f2874c98e20cb159d7b92b50eadfce793?s=96&d=mm&r=g\",\"url\":\"https:\\\/\\\/secure.gravatar.com\\\/avatar\\\/7f2c48bdc33b30088f941fb6082e555f2874c98e20cb159d7b92b50eadfce793?s=96&d=mm&r=g\",\"contentUrl\":\"https:\\\/\\\/secure.gravatar.com\\\/avatar\\\/7f2c48bdc33b30088f941fb6082e555f2874c98e20cb159d7b92b50eadfce793?s=96&d=mm&r=g\",\"caption\":\"Gente de B\u00e1squet\"},\"sameAs\":[\"http:\\\/\\\/gentedebasquet.com.ar\\\/sitio\"],\"url\":\"http:\\\/\\\/gentedebasquet.com.ar\\\/sitio\\\/author\\\/ulises\\\/\"}]}<\/script>\n<!-- \/ Yoast SEO plugin. -->","yoast_head_json":{"title":"Bahiense, \u00fanico protagonista - Gente de B\u00e1squet","robots":{"index":"index","follow":"follow","max-snippet":"max-snippet:-1","max-image-preview":"max-image-preview:large","max-video-preview":"max-video-preview:-1"},"canonical":"http:\/\/gentedebasquet.com.ar\/sitio\/2018\/03\/29\/bahiense-unico-protagonista\/","og_locale":"es_ES","og_type":"article","og_title":"Bahiense, \u00fanico protagonista - Gente de B\u00e1squet","og_description":"El tricolor venci\u00f3 a Centro Basko (Necochea) por 109 a 34 por la Liga Juvenil","og_url":"http:\/\/gentedebasquet.com.ar\/sitio\/2018\/03\/29\/bahiense-unico-protagonista\/","og_site_name":"Gente de B\u00e1squet","article_published_time":"2018-03-29T21:11:50+00:00","og_image":[{"width":690,"height":319,"url":"http:\/\/gentedebasquet.com.ar\/sitio\/wp-content\/uploads\/2018\/03\/Bahiense-Centro-Basko-Liga-U19.jpg","type":"image\/jpeg"}],"author":"Gente de B\u00e1squet","twitter_card":"summary_large_image","twitter_misc":{"Escrito por":"Gente de B\u00e1squet","Tiempo de lectura":"2 minutos"},"schema":{"@context":"https:\/\/schema.org","@graph":[{"@type":"Article","@id":"http:\/\/gentedebasquet.com.ar\/sitio\/2018\/03\/29\/bahiense-unico-protagonista\/#article","isPartOf":{"@id":"http:\/\/gentedebasquet.com.ar\/sitio\/2018\/03\/29\/bahiense-unico-protagonista\/"},"author":{"name":"Gente de B\u00e1squet","@id":"https:\/\/gentedebasquet.com.ar\/sitio\/#\/schema\/person\/ca0b63bbb977369988a7bbbdc519943a"},"headline":"Bahiense, \u00fanico protagonista","datePublished":"2018-03-29T21:11:50+00:00","mainEntityOfPage":{"@id":"http:\/\/gentedebasquet.com.ar\/sitio\/2018\/03\/29\/bahiense-unico-protagonista\/"},"wordCount":400,"image":{"@id":"http:\/\/gentedebasquet.com.ar\/sitio\/2018\/03\/29\/bahiense-unico-protagonista\/#primaryimage"},"thumbnailUrl":"http:\/\/gentedebasquet.com.ar\/sitio\/wp-content\/uploads\/2018\/03\/Bahiense-Centro-Basko-Liga-U19.jpg","keywords":["Bahiense Del Norte","Centro Basko Necochea","Liga Juvenil","Liga U19"],"articleSection":["Slide","U19"],"inLanguage":"es"},{"@type":"WebPage","@id":"http:\/\/gentedebasquet.com.ar\/sitio\/2018\/03\/29\/bahiense-unico-protagonista\/","url":"http:\/\/gentedebasquet.com.ar\/sitio\/2018\/03\/29\/bahiense-unico-protagonista\/","name":"Bahiense, \u00fanico protagonista - Gente de B\u00e1squet","isPartOf":{"@id":"https:\/\/gentedebasquet.com.ar\/sitio\/#website"},"primaryImageOfPage":{"@id":"http:\/\/gentedebasquet.com.ar\/sitio\/2018\/03\/29\/bahiense-unico-protagonista\/#primaryimage"},"image":{"@id":"http:\/\/gentedebasquet.com.ar\/sitio\/2018\/03\/29\/bahiense-unico-protagonista\/#primaryimage"},"thumbnailUrl":"http:\/\/gentedebasquet.com.ar\/sitio\/wp-content\/uploads\/2018\/03\/Bahiense-Centro-Basko-Liga-U19.jpg","datePublished":"2018-03-29T21:11:50+00:00","author":{"@id":"https:\/\/gentedebasquet.com.ar\/sitio\/#\/schema\/person\/ca0b63bbb977369988a7bbbdc519943a"},"breadcrumb":{"@id":"http:\/\/gentedebasquet.com.ar\/sitio\/2018\/03\/29\/bahiense-unico-protagonista\/#breadcrumb"},"inLanguage":"es","potentialAction":[{"@type":"ReadAction","target":["http:\/\/gentedebasquet.com.ar\/sitio\/2018\/03\/29\/bahiense-unico-protagonista\/"]}]},{"@type":"ImageObject","inLanguage":"es","@id":"http:\/\/gentedebasquet.com.ar\/sitio\/2018\/03\/29\/bahiense-unico-protagonista\/#primaryimage","url":"http:\/\/gentedebasquet.com.ar\/sitio\/wp-content\/uploads\/2018\/03\/Bahiense-Centro-Basko-Liga-U19.jpg","contentUrl":"http:\/\/gentedebasquet.com.ar\/sitio\/wp-content\/uploads\/2018\/03\/Bahiense-Centro-Basko-Liga-U19.jpg","width":690,"height":319},{"@type":"BreadcrumbList","@id":"http:\/\/gentedebasquet.com.ar\/sitio\/2018\/03\/29\/bahiense-unico-protagonista\/#breadcrumb","itemListElement":[{"@type":"ListItem","position":1,"name":"Portada","item":"https:\/\/gentedebasquet.com.ar\/sitio\/"},{"@type":"ListItem","position":2,"name":"Bahiense, \u00fanico protagonista"}]},{"@type":"WebSite","@id":"https:\/\/gentedebasquet.com.ar\/sitio\/#website","url":"https:\/\/gentedebasquet.com.ar\/sitio\/","name":"Gente de B\u00e1squet","description":"La revista del basquet de Bah\u00eda Blanca","potentialAction":[{"@type":"SearchAction","target":{"@type":"EntryPoint","urlTemplate":"https:\/\/gentedebasquet.com.ar\/sitio\/?s={search_term_string}"},"query-input":{"@type":"PropertyValueSpecification","valueRequired":true,"valueName":"search_term_string"}}],"inLanguage":"es"},{"@type":"Person","@id":"https:\/\/gentedebasquet.com.ar\/sitio\/#\/schema\/person\/ca0b63bbb977369988a7bbbdc519943a","name":"Gente de B\u00e1squet","image":{"@type":"ImageObject","inLanguage":"es","@id":"https:\/\/secure.gravatar.com\/avatar\/7f2c48bdc33b30088f941fb6082e555f2874c98e20cb159d7b92b50eadfce793?s=96&d=mm&r=g","url":"https:\/\/secure.gravatar.com\/avatar\/7f2c48bdc33b30088f941fb6082e555f2874c98e20cb159d7b92b50eadfce793?s=96&d=mm&r=g","contentUrl":"https:\/\/secure.gravatar.com\/avatar\/7f2c48bdc33b30088f941fb6082e555f2874c98e20cb159d7b92b50eadfce793?s=96&d=mm&r=g","caption":"Gente de B\u00e1squet"},"sameAs":["http:\/\/gentedebasquet.com.ar\/sitio"],"url":"http:\/\/gentedebasquet.com.ar\/sitio\/author\/ulises\/"}]}},"_links":{"self":[{"href":"http:\/\/gentedebasquet.com.ar\/sitio\/wp-json\/wp\/v2\/posts\/81094","targetHints":{"allow":["GET"]}}],"collection":[{"href":"http:\/\/gentedebasquet.com.ar\/sitio\/wp-json\/wp\/v2\/posts"}],"about":[{"href":"http:\/\/gentedebasquet.com.ar\/sitio\/wp-json\/wp\/v2\/types\/post"}],"author":[{"embeddable":true,"href":"http:\/\/gentedebasquet.com.ar\/sitio\/wp-json\/wp\/v2\/users\/1"}],"replies":[{"embeddable":true,"href":"http:\/\/gentedebasquet.com.ar\/sitio\/wp-json\/wp\/v2\/comments?post=81094"}],"version-history":[{"count":0,"href":"http:\/\/gentedebasquet.com.ar\/sitio\/wp-json\/wp\/v2\/posts\/81094\/revisions"}],"wp:featuredmedia":[{"embeddable":true,"href":"http:\/\/gentedebasquet.com.ar\/sitio\/wp-json\/wp\/v2\/media\/81097"}],"wp:attachment":[{"href":"http:\/\/gentedebasquet.com.ar\/sitio\/wp-json\/wp\/v2\/media?parent=81094"}],"wp:term":[{"taxonomy":"category","embeddable":true,"href":"http:\/\/gentedebasquet.com.ar\/sitio\/wp-json\/wp\/v2\/categories?post=81094"},{"taxonomy":"post_tag","embeddable":true,"href":"http:\/\/gentedebasquet.com.ar\/sitio\/wp-json\/wp\/v2\/tags?post=81094"}],"curies":[{"name":"wp","href":"https:\/\/api.w.org\/{rel}","templated":true}]}}