{"id":81138,"date":"2018-03-30T23:55:25","date_gmt":"2018-03-31T02:55:25","guid":{"rendered":"http:\/\/www.gentedebasquet.com.ar\/?p=81138"},"modified":"2018-03-30T23:55:25","modified_gmt":"2018-03-31T02:55:25","slug":"y-un-dia-villa-mitre-perdio-el-invicto","status":"publish","type":"post","link":"http:\/\/gentedebasquet.com.ar\/sitio\/2018\/03\/30\/y-un-dia-villa-mitre-perdio-el-invicto\/","title":{"rendered":"Y un d\u00eda, Villa Mitre perdi\u00f3 el invicto"},"content":{"rendered":"<p><strong>Por la \u00faltima fecha de la fase regular, All Boys jug\u00f3 un partidazo y le gan\u00f3 de manera contundente a Villa Mitre por 81 a 54. Esta victoria signific\u00f3 mucho para el equipo de Santa Rosa, ya que le permiti\u00f3 clasificarse a la pr\u00f3xima ronda y adem\u00e1s, le quit\u00f3 el invicto al tricolor de local en el Torneo Federal, que igual de todas maneras se asegur\u00f3 el &#8216;1&#8217; y reci\u00e9n volver\u00e1 a tener acci\u00f3n el 18 de abril. Franco Zabalardo con 27 puntos (9\/11 t2 y 7\/8 t1) fue el goleador del partido y fue bien secundado por Badillo con 25 (5\/9 t3). Por su parte, en el tricolor, que tuvo una noche para el olvido, los 15 tantos de Ramiro Heinrich no fueron suficientes.<\/strong><\/p>\n<p>En la previa, se enfrentaban dos equipos con polos opuestos. Por un lado, Villa Mitre que ya con el uno asegurado largaba como el candidato a ganar el encuentro. Del otro, un All Boys que ya con el objetivo cumplido de salvar la categor\u00eda, iba en busca de la haza\u00f1a y bien que lo hizo. Y de qu\u00e9 manera. Pero vamos por parte.<\/p>\n<p>Solo en los primeros tres minutos del partido el tricolor le pudo hacer pelea al rival (8-8). Ya a partir de ah\u00ed, todo fue del visitante. La presi\u00f3n y luego la zona fue clave para que el local se seque en ofensiva y en el ataque, el per\u00edmetro se encontraba intratable. El porcentaje en tiros de dos era su gran aliado (8\/11) y eso hizo que plasme un parcial de 10-0. Zabalardo (8) y Manera (7) eran indetenibles para el tricolor, que no encontraba soluciones de ninguna manera.<\/p>\n<p><a href=\"http:\/\/www.gentedebasquet.com.ar\/wp-content\/uploads\/2018\/03\/Cristian-Miguel.jpg\"><img decoding=\"async\" class=\"size-medium wp-image-81139 alignright\" src=\"http:\/\/www.gentedebasquet.com.ar\/wp-content\/uploads\/2018\/03\/Cristian-Miguel-300x291.jpg\" alt=\"\" width=\"300\" height=\"291\" srcset=\"http:\/\/gentedebasquet.com.ar\/sitio\/wp-content\/uploads\/2018\/03\/Cristian-Miguel-300x291.jpg 300w, http:\/\/gentedebasquet.com.ar\/sitio\/wp-content\/uploads\/2018\/03\/Cristian-Miguel.jpg 380w\" sizes=\"(max-width: 300px) 100vw, 300px\" \/><\/a><\/p>\n<p>Todo sigui\u00f3 igual en el segundo cuarto. Es m\u00e1s, All Boys sigui\u00f3 aumentando la brecha, con porcentajes realmente de otro planeta. Por un momento, Villa Mitre se esperanz\u00f3 poni\u00e9ndose a 11 puntos, gracias a 7 puntos seguidos de Harina (21-32). Sin embargo, lo del local eran solos arrebatos individuales. En cambio, en el equipo de Santa Rosa lo planteado era realizado a la perfecci\u00f3n y logr\u00f3 irse al descanso 23-44, con un buen trabajo en ataque de Manera (7).<\/p>\n<blockquote><p><em>La verdad que esto<\/em><em> es incre\u00edble, nosotros nos preparamos para salvarnos del descenso, lo logramos y ahora esta victoria es la frutilla del postre. Estamos muy contentos, prepara<\/em><em>mos el part<\/em><em>ido a la perfecci\u00f3n, no lo dejamos jugar a Villa Mitre (Marcelino Badillo)<\/em><\/p><\/blockquote>\n<p>Villa Mitre necesitaba una lavada de cara y reaccionar a tiempo, sino la historia ya estaba terminada. Lo cierto, es que el local nunca reaccion\u00f3. El partido, que de a ratos se torn\u00f3 caliente y con muchas faltas, prosigui\u00f3 en manos de All Boys. Intent\u00f3 el tricolor encontrar soluciones en la pintura con Heinrich (11), pero en defensa sufri\u00f3 mucho y Badillo (7, con 4\/4 t1) le traj\u00f3 varios dolores de cabeza a Ugolini. El visitante mantuvo la brecha y entr\u00f3 al \u00faltimo cuarto 43-60.<\/p>\n<p>En definitiva no era la noche de Villa Mitre. No le sali\u00f3 pr\u00e1cticamente nada. Y eso fue bien aprovechado por All Boys, que en si jug\u00f3 un gran partido y mantuvo su idea durante los 40 minutos. Ya la diferencia se hizo imposible de achicar para el local y ante eso, Ugolini decidi\u00f3 poner en cancha a los pibes (Jano Mart\u00ednez, Pet\u00f3n). Por su parte, el visitante no baj\u00f3 el pie del acelerador y el per\u00edmetro fue clave (Zabalardo y Badillo 8).<\/p>\n<p>Esta victoria fue la frutilla del postre para All Boys de Santa Rosa, que tendr\u00e1 la chance de jugar los playoffs y para Villa Mitre queda la tranquilidad, dentro de lo malo, que la derrota lleg\u00f3 ahora y se preparar\u00e1 de lleno para lo que viene.<\/p>\n<p>&nbsp;<\/p>\n<p><strong>S\u00edntesis<\/strong> | Torneo Federal \u2013 Fecha #24<\/p>\n<p><strong>Villa Mitre 54:<\/strong> Jos\u00e9 Guti\u00e9rrez 5, Mat\u00edas Monteoliva 6, Leonardo Tard\u00edo 3, Cristian Miguel 6, Ramiro Heinrich 15 (FI); Federico Harina 9, Nicol\u00e1s Ojeda 0, Ramiro Santiago 11, Jos\u00e9 Luis Mart\u00ednez 0, Segundo Vasconcelo 0, Jano Mart\u00ednez 0 y Valent\u00edn Pet\u00f3n 0. DT: Ariel Ugolini.<\/p>\n<p><strong>All Boys 81:<\/strong> Franco Zabalardo 27, Antonio Manera 16, Marcelino Badillo 25, Juan Lara 7, Octavio Fazzini 5 (FI); Ignacio Alga\u00f1araz 0, Manuel Escudero 0, Nicol\u00e1s Pinciaroli 1, Bautista Villalba 0 y Lucas Bader 0. DT: Alejandro Bert\u00f3n.<\/p>\n<p><strong>Parciales:<\/strong> 14-25, 23-44 (19-19), 43-60 (20-16) y 54-81 (11-21).<\/p>\n<p><strong>\u00c1rbitros:<\/strong> Juan Cruz Feliz \u2013 Lucas Bianco.<\/p>\n<p><strong>Estadio:<\/strong> Jos\u00e9 Mart\u00ednez (Villa Mitre).<\/p>\n<p><a href=\"http:\/\/www.fibalivestats.com\/u\/CAM\/763922\/bs.html\">PLANILLA ESTADISTICA<\/a><\/p>\n<p><strong>Fotos<\/strong>: Prensa Villa Mitre.<\/p>\n","protected":false},"excerpt":{"rendered":"<p>Con el &#8216;1&#8217; asegurado, el tricolor no jug\u00f3 bien y cay\u00f3 en casa con All Boys por el TFB<\/p>\n","protected":false},"author":1,"featured_media":81140,"comment_status":"closed","ping_status":"open","sticky":false,"template":"","format":"standard","meta":{"jnews-multi-image_gallery":[],"jnews_single_post":[],"jnews_primary_category":[],"footnotes":""},"categories":[36,39,101],"tags":[1588,1589,1104,53,22],"class_list":["post-81138","post","type-post","status-publish","format-standard","has-post-thumbnail","hentry","category-federal","category-nacional","category-slide","tag-all-boys","tag-franco-zabalardo","tag-marcelino-badillo","tag-ramiro-heinrich","tag-villa-mitre"],"yoast_head":"<!-- This site is optimized with the Yoast SEO plugin v27.5 - https:\/\/yoast.com\/product\/yoast-seo-wordpress\/ -->\n<title>Y un d\u00eda, Villa Mitre perdi\u00f3 el invicto - Gente de B\u00e1squet<\/title>\n<meta name=\"robots\" content=\"index, follow, max-snippet:-1, max-image-preview:large, max-video-preview:-1\" \/>\n<link rel=\"canonical\" href=\"https:\/\/gentedebasquet.com.ar\/sitio\/2018\/03\/30\/y-un-dia-villa-mitre-perdio-el-invicto\/\" \/>\n<meta property=\"og:locale\" content=\"es_ES\" \/>\n<meta property=\"og:type\" content=\"article\" \/>\n<meta property=\"og:title\" content=\"Y un d\u00eda, Villa Mitre perdi\u00f3 el invicto - Gente de B\u00e1squet\" \/>\n<meta property=\"og:description\" content=\"Con el &#039;1&#039; asegurado, el tricolor no jug\u00f3 bien y cay\u00f3 en casa con All Boys por el TFB\" \/>\n<meta property=\"og:url\" content=\"https:\/\/gentedebasquet.com.ar\/sitio\/2018\/03\/30\/y-un-dia-villa-mitre-perdio-el-invicto\/\" \/>\n<meta property=\"og:site_name\" content=\"Gente de B\u00e1squet\" \/>\n<meta property=\"article:published_time\" content=\"2018-03-31T02:55:25+00:00\" \/>\n<meta property=\"og:image\" content=\"https:\/\/gentedebasquet.com.ar\/sitio\/wp-content\/uploads\/2018\/03\/Gutierrez.jpg\" \/>\n\t<meta property=\"og:image:width\" content=\"690\" \/>\n\t<meta property=\"og:image:height\" content=\"319\" \/>\n\t<meta property=\"og:image:type\" content=\"image\/jpeg\" \/>\n<meta name=\"author\" content=\"Gente de B\u00e1squet\" \/>\n<meta name=\"twitter:card\" content=\"summary_large_image\" \/>\n<meta name=\"twitter:label1\" content=\"Escrito por\" \/>\n\t<meta name=\"twitter:data1\" content=\"Gente de B\u00e1squet\" \/>\n\t<meta name=\"twitter:label2\" content=\"Tiempo de lectura\" \/>\n\t<meta name=\"twitter:data2\" content=\"4 minutos\" \/>\n<script type=\"application\/ld+json\" class=\"yoast-schema-graph\">{\"@context\":\"https:\\\/\\\/schema.org\",\"@graph\":[{\"@type\":\"Article\",\"@id\":\"https:\\\/\\\/gentedebasquet.com.ar\\\/sitio\\\/2018\\\/03\\\/30\\\/y-un-dia-villa-mitre-perdio-el-invicto\\\/#article\",\"isPartOf\":{\"@id\":\"https:\\\/\\\/gentedebasquet.com.ar\\\/sitio\\\/2018\\\/03\\\/30\\\/y-un-dia-villa-mitre-perdio-el-invicto\\\/\"},\"author\":{\"name\":\"Gente de B\u00e1squet\",\"@id\":\"http:\\\/\\\/gentedebasquet.com.ar\\\/sitio\\\/#\\\/schema\\\/person\\\/ca0b63bbb977369988a7bbbdc519943a\"},\"headline\":\"Y un d\u00eda, Villa Mitre perdi\u00f3 el invicto\",\"datePublished\":\"2018-03-31T02:55:25+00:00\",\"mainEntityOfPage\":{\"@id\":\"https:\\\/\\\/gentedebasquet.com.ar\\\/sitio\\\/2018\\\/03\\\/30\\\/y-un-dia-villa-mitre-perdio-el-invicto\\\/\"},\"wordCount\":720,\"image\":{\"@id\":\"https:\\\/\\\/gentedebasquet.com.ar\\\/sitio\\\/2018\\\/03\\\/30\\\/y-un-dia-villa-mitre-perdio-el-invicto\\\/#primaryimage\"},\"thumbnailUrl\":\"http:\\\/\\\/gentedebasquet.com.ar\\\/sitio\\\/wp-content\\\/uploads\\\/2018\\\/03\\\/Gutierrez.jpg\",\"keywords\":[\"All Boys\",\"Franco Zabalardo\",\"Marcelino Badillo\",\"Ramiro Heinrich\",\"Villa Mitre\"],\"articleSection\":[\"Federal\",\"Nacional\",\"Slide\"],\"inLanguage\":\"es\"},{\"@type\":\"WebPage\",\"@id\":\"https:\\\/\\\/gentedebasquet.com.ar\\\/sitio\\\/2018\\\/03\\\/30\\\/y-un-dia-villa-mitre-perdio-el-invicto\\\/\",\"url\":\"https:\\\/\\\/gentedebasquet.com.ar\\\/sitio\\\/2018\\\/03\\\/30\\\/y-un-dia-villa-mitre-perdio-el-invicto\\\/\",\"name\":\"Y un d\u00eda, Villa Mitre perdi\u00f3 el invicto - Gente de B\u00e1squet\",\"isPartOf\":{\"@id\":\"http:\\\/\\\/gentedebasquet.com.ar\\\/sitio\\\/#website\"},\"primaryImageOfPage\":{\"@id\":\"https:\\\/\\\/gentedebasquet.com.ar\\\/sitio\\\/2018\\\/03\\\/30\\\/y-un-dia-villa-mitre-perdio-el-invicto\\\/#primaryimage\"},\"image\":{\"@id\":\"https:\\\/\\\/gentedebasquet.com.ar\\\/sitio\\\/2018\\\/03\\\/30\\\/y-un-dia-villa-mitre-perdio-el-invicto\\\/#primaryimage\"},\"thumbnailUrl\":\"http:\\\/\\\/gentedebasquet.com.ar\\\/sitio\\\/wp-content\\\/uploads\\\/2018\\\/03\\\/Gutierrez.jpg\",\"datePublished\":\"2018-03-31T02:55:25+00:00\",\"author\":{\"@id\":\"http:\\\/\\\/gentedebasquet.com.ar\\\/sitio\\\/#\\\/schema\\\/person\\\/ca0b63bbb977369988a7bbbdc519943a\"},\"breadcrumb\":{\"@id\":\"https:\\\/\\\/gentedebasquet.com.ar\\\/sitio\\\/2018\\\/03\\\/30\\\/y-un-dia-villa-mitre-perdio-el-invicto\\\/#breadcrumb\"},\"inLanguage\":\"es\",\"potentialAction\":[{\"@type\":\"ReadAction\",\"target\":[\"https:\\\/\\\/gentedebasquet.com.ar\\\/sitio\\\/2018\\\/03\\\/30\\\/y-un-dia-villa-mitre-perdio-el-invicto\\\/\"]}]},{\"@type\":\"ImageObject\",\"inLanguage\":\"es\",\"@id\":\"https:\\\/\\\/gentedebasquet.com.ar\\\/sitio\\\/2018\\\/03\\\/30\\\/y-un-dia-villa-mitre-perdio-el-invicto\\\/#primaryimage\",\"url\":\"http:\\\/\\\/gentedebasquet.com.ar\\\/sitio\\\/wp-content\\\/uploads\\\/2018\\\/03\\\/Gutierrez.jpg\",\"contentUrl\":\"http:\\\/\\\/gentedebasquet.com.ar\\\/sitio\\\/wp-content\\\/uploads\\\/2018\\\/03\\\/Gutierrez.jpg\",\"width\":690,\"height\":319},{\"@type\":\"BreadcrumbList\",\"@id\":\"https:\\\/\\\/gentedebasquet.com.ar\\\/sitio\\\/2018\\\/03\\\/30\\\/y-un-dia-villa-mitre-perdio-el-invicto\\\/#breadcrumb\",\"itemListElement\":[{\"@type\":\"ListItem\",\"position\":1,\"name\":\"Portada\",\"item\":\"http:\\\/\\\/gentedebasquet.com.ar\\\/sitio\\\/\"},{\"@type\":\"ListItem\",\"position\":2,\"name\":\"Y un d\u00eda, Villa Mitre perdi\u00f3 el invicto\"}]},{\"@type\":\"WebSite\",\"@id\":\"http:\\\/\\\/gentedebasquet.com.ar\\\/sitio\\\/#website\",\"url\":\"http:\\\/\\\/gentedebasquet.com.ar\\\/sitio\\\/\",\"name\":\"Gente de B\u00e1squet\",\"description\":\"La revista del basquet de Bah\u00eda Blanca\",\"potentialAction\":[{\"@type\":\"SearchAction\",\"target\":{\"@type\":\"EntryPoint\",\"urlTemplate\":\"http:\\\/\\\/gentedebasquet.com.ar\\\/sitio\\\/?s={search_term_string}\"},\"query-input\":{\"@type\":\"PropertyValueSpecification\",\"valueRequired\":true,\"valueName\":\"search_term_string\"}}],\"inLanguage\":\"es\"},{\"@type\":\"Person\",\"@id\":\"http:\\\/\\\/gentedebasquet.com.ar\\\/sitio\\\/#\\\/schema\\\/person\\\/ca0b63bbb977369988a7bbbdc519943a\",\"name\":\"Gente de B\u00e1squet\",\"image\":{\"@type\":\"ImageObject\",\"inLanguage\":\"es\",\"@id\":\"https:\\\/\\\/secure.gravatar.com\\\/avatar\\\/7f2c48bdc33b30088f941fb6082e555f2874c98e20cb159d7b92b50eadfce793?s=96&d=mm&r=g\",\"url\":\"https:\\\/\\\/secure.gravatar.com\\\/avatar\\\/7f2c48bdc33b30088f941fb6082e555f2874c98e20cb159d7b92b50eadfce793?s=96&d=mm&r=g\",\"contentUrl\":\"https:\\\/\\\/secure.gravatar.com\\\/avatar\\\/7f2c48bdc33b30088f941fb6082e555f2874c98e20cb159d7b92b50eadfce793?s=96&d=mm&r=g\",\"caption\":\"Gente de B\u00e1squet\"},\"sameAs\":[\"http:\\\/\\\/gentedebasquet.com.ar\\\/sitio\"],\"url\":\"http:\\\/\\\/gentedebasquet.com.ar\\\/sitio\\\/author\\\/ulises\\\/\"}]}<\/script>\n<!-- \/ Yoast SEO plugin. -->","yoast_head_json":{"title":"Y un d\u00eda, Villa Mitre perdi\u00f3 el invicto - Gente de B\u00e1squet","robots":{"index":"index","follow":"follow","max-snippet":"max-snippet:-1","max-image-preview":"max-image-preview:large","max-video-preview":"max-video-preview:-1"},"canonical":"https:\/\/gentedebasquet.com.ar\/sitio\/2018\/03\/30\/y-un-dia-villa-mitre-perdio-el-invicto\/","og_locale":"es_ES","og_type":"article","og_title":"Y un d\u00eda, Villa Mitre perdi\u00f3 el invicto - Gente de B\u00e1squet","og_description":"Con el '1' asegurado, el tricolor no jug\u00f3 bien y cay\u00f3 en casa con All Boys por el TFB","og_url":"https:\/\/gentedebasquet.com.ar\/sitio\/2018\/03\/30\/y-un-dia-villa-mitre-perdio-el-invicto\/","og_site_name":"Gente de B\u00e1squet","article_published_time":"2018-03-31T02:55:25+00:00","og_image":[{"width":690,"height":319,"url":"https:\/\/gentedebasquet.com.ar\/sitio\/wp-content\/uploads\/2018\/03\/Gutierrez.jpg","type":"image\/jpeg"}],"author":"Gente de B\u00e1squet","twitter_card":"summary_large_image","twitter_misc":{"Escrito por":"Gente de B\u00e1squet","Tiempo de lectura":"4 minutos"},"schema":{"@context":"https:\/\/schema.org","@graph":[{"@type":"Article","@id":"https:\/\/gentedebasquet.com.ar\/sitio\/2018\/03\/30\/y-un-dia-villa-mitre-perdio-el-invicto\/#article","isPartOf":{"@id":"https:\/\/gentedebasquet.com.ar\/sitio\/2018\/03\/30\/y-un-dia-villa-mitre-perdio-el-invicto\/"},"author":{"name":"Gente de B\u00e1squet","@id":"http:\/\/gentedebasquet.com.ar\/sitio\/#\/schema\/person\/ca0b63bbb977369988a7bbbdc519943a"},"headline":"Y un d\u00eda, Villa Mitre perdi\u00f3 el invicto","datePublished":"2018-03-31T02:55:25+00:00","mainEntityOfPage":{"@id":"https:\/\/gentedebasquet.com.ar\/sitio\/2018\/03\/30\/y-un-dia-villa-mitre-perdio-el-invicto\/"},"wordCount":720,"image":{"@id":"https:\/\/gentedebasquet.com.ar\/sitio\/2018\/03\/30\/y-un-dia-villa-mitre-perdio-el-invicto\/#primaryimage"},"thumbnailUrl":"http:\/\/gentedebasquet.com.ar\/sitio\/wp-content\/uploads\/2018\/03\/Gutierrez.jpg","keywords":["All Boys","Franco Zabalardo","Marcelino Badillo","Ramiro Heinrich","Villa Mitre"],"articleSection":["Federal","Nacional","Slide"],"inLanguage":"es"},{"@type":"WebPage","@id":"https:\/\/gentedebasquet.com.ar\/sitio\/2018\/03\/30\/y-un-dia-villa-mitre-perdio-el-invicto\/","url":"https:\/\/gentedebasquet.com.ar\/sitio\/2018\/03\/30\/y-un-dia-villa-mitre-perdio-el-invicto\/","name":"Y un d\u00eda, Villa Mitre perdi\u00f3 el invicto - Gente de B\u00e1squet","isPartOf":{"@id":"http:\/\/gentedebasquet.com.ar\/sitio\/#website"},"primaryImageOfPage":{"@id":"https:\/\/gentedebasquet.com.ar\/sitio\/2018\/03\/30\/y-un-dia-villa-mitre-perdio-el-invicto\/#primaryimage"},"image":{"@id":"https:\/\/gentedebasquet.com.ar\/sitio\/2018\/03\/30\/y-un-dia-villa-mitre-perdio-el-invicto\/#primaryimage"},"thumbnailUrl":"http:\/\/gentedebasquet.com.ar\/sitio\/wp-content\/uploads\/2018\/03\/Gutierrez.jpg","datePublished":"2018-03-31T02:55:25+00:00","author":{"@id":"http:\/\/gentedebasquet.com.ar\/sitio\/#\/schema\/person\/ca0b63bbb977369988a7bbbdc519943a"},"breadcrumb":{"@id":"https:\/\/gentedebasquet.com.ar\/sitio\/2018\/03\/30\/y-un-dia-villa-mitre-perdio-el-invicto\/#breadcrumb"},"inLanguage":"es","potentialAction":[{"@type":"ReadAction","target":["https:\/\/gentedebasquet.com.ar\/sitio\/2018\/03\/30\/y-un-dia-villa-mitre-perdio-el-invicto\/"]}]},{"@type":"ImageObject","inLanguage":"es","@id":"https:\/\/gentedebasquet.com.ar\/sitio\/2018\/03\/30\/y-un-dia-villa-mitre-perdio-el-invicto\/#primaryimage","url":"http:\/\/gentedebasquet.com.ar\/sitio\/wp-content\/uploads\/2018\/03\/Gutierrez.jpg","contentUrl":"http:\/\/gentedebasquet.com.ar\/sitio\/wp-content\/uploads\/2018\/03\/Gutierrez.jpg","width":690,"height":319},{"@type":"BreadcrumbList","@id":"https:\/\/gentedebasquet.com.ar\/sitio\/2018\/03\/30\/y-un-dia-villa-mitre-perdio-el-invicto\/#breadcrumb","itemListElement":[{"@type":"ListItem","position":1,"name":"Portada","item":"http:\/\/gentedebasquet.com.ar\/sitio\/"},{"@type":"ListItem","position":2,"name":"Y un d\u00eda, Villa Mitre perdi\u00f3 el invicto"}]},{"@type":"WebSite","@id":"http:\/\/gentedebasquet.com.ar\/sitio\/#website","url":"http:\/\/gentedebasquet.com.ar\/sitio\/","name":"Gente de B\u00e1squet","description":"La revista del basquet de Bah\u00eda Blanca","potentialAction":[{"@type":"SearchAction","target":{"@type":"EntryPoint","urlTemplate":"http:\/\/gentedebasquet.com.ar\/sitio\/?s={search_term_string}"},"query-input":{"@type":"PropertyValueSpecification","valueRequired":true,"valueName":"search_term_string"}}],"inLanguage":"es"},{"@type":"Person","@id":"http:\/\/gentedebasquet.com.ar\/sitio\/#\/schema\/person\/ca0b63bbb977369988a7bbbdc519943a","name":"Gente de B\u00e1squet","image":{"@type":"ImageObject","inLanguage":"es","@id":"https:\/\/secure.gravatar.com\/avatar\/7f2c48bdc33b30088f941fb6082e555f2874c98e20cb159d7b92b50eadfce793?s=96&d=mm&r=g","url":"https:\/\/secure.gravatar.com\/avatar\/7f2c48bdc33b30088f941fb6082e555f2874c98e20cb159d7b92b50eadfce793?s=96&d=mm&r=g","contentUrl":"https:\/\/secure.gravatar.com\/avatar\/7f2c48bdc33b30088f941fb6082e555f2874c98e20cb159d7b92b50eadfce793?s=96&d=mm&r=g","caption":"Gente de B\u00e1squet"},"sameAs":["http:\/\/gentedebasquet.com.ar\/sitio"],"url":"http:\/\/gentedebasquet.com.ar\/sitio\/author\/ulises\/"}]}},"_links":{"self":[{"href":"http:\/\/gentedebasquet.com.ar\/sitio\/wp-json\/wp\/v2\/posts\/81138","targetHints":{"allow":["GET"]}}],"collection":[{"href":"http:\/\/gentedebasquet.com.ar\/sitio\/wp-json\/wp\/v2\/posts"}],"about":[{"href":"http:\/\/gentedebasquet.com.ar\/sitio\/wp-json\/wp\/v2\/types\/post"}],"author":[{"embeddable":true,"href":"http:\/\/gentedebasquet.com.ar\/sitio\/wp-json\/wp\/v2\/users\/1"}],"replies":[{"embeddable":true,"href":"http:\/\/gentedebasquet.com.ar\/sitio\/wp-json\/wp\/v2\/comments?post=81138"}],"version-history":[{"count":0,"href":"http:\/\/gentedebasquet.com.ar\/sitio\/wp-json\/wp\/v2\/posts\/81138\/revisions"}],"wp:featuredmedia":[{"embeddable":true,"href":"http:\/\/gentedebasquet.com.ar\/sitio\/wp-json\/wp\/v2\/media\/81140"}],"wp:attachment":[{"href":"http:\/\/gentedebasquet.com.ar\/sitio\/wp-json\/wp\/v2\/media?parent=81138"}],"wp:term":[{"taxonomy":"category","embeddable":true,"href":"http:\/\/gentedebasquet.com.ar\/sitio\/wp-json\/wp\/v2\/categories?post=81138"},{"taxonomy":"post_tag","embeddable":true,"href":"http:\/\/gentedebasquet.com.ar\/sitio\/wp-json\/wp\/v2\/tags?post=81138"}],"curies":[{"name":"wp","href":"https:\/\/api.w.org\/{rel}","templated":true}]}}