{"id":81165,"date":"2018-03-31T23:21:19","date_gmt":"2018-04-01T02:21:19","guid":{"rendered":"http:\/\/www.gentedebasquet.com.ar\/?p=81165"},"modified":"2018-03-31T23:21:19","modified_gmt":"2018-04-01T02:21:19","slug":"estrella-lo-hizo-2","status":"publish","type":"post","link":"http:\/\/gentedebasquet.com.ar\/sitio\/2018\/03\/31\/estrella-lo-hizo-2\/","title":{"rendered":"Estrella lo hizo"},"content":{"rendered":"<p><strong>Contra todos los pron\u00f3sticos y en un escenario hostil, Estrella sac\u00f3 pecho, derrot\u00f3 a Regatas y de meti\u00f3 en el Final Four del Provincial de Clubes. Ahora, ir\u00e1 por el ascenso al Torneo Federal&#8230;<\/strong><\/p>\n<p><strong>El auriazul se impuso en San Nicol\u00e1s por 95 a 92, luego de quedar abajo por 14 puntos (75-61), y se qued\u00f3 con los cuartos de final por 2 a 1.<\/strong><\/p>\n<p><strong>En la definici\u00f3n, que ir\u00e1 del 13 al 15 de abril, el conjunto del barrio San Mart\u00edn enfrentar\u00e1 a Sarmiento de Coronel Su\u00e1rez (con Tuero, Bellozas, Krenz y Sterz, entre otros), Atenas de La Plata y Gimnasia de Pergamino, este \u00faltimo candidato a organizar la etapa.<\/strong><\/p>\n<p><strong>Nahuel Camara (23, con 8\/13 t2), Mariano Trellini (20, con 6\/10 t3), Alan Pan y Joaqu\u00edn Larrandart (ambos con 16) lideraron al equipo de Queti, que no cont\u00f3 con Am\u00edlcar Andreanelli por motivos personales.<\/strong><\/p>\n<p>La historia comenz\u00f3 <a href=\"http:\/\/www.gentedebasquet.com.ar\/a-estrella-le-queda-una-ficha\/\" target=\"_blank\" rel=\"noopener\">similar al segundo juego<\/a>, con intensidad de ambos equipos y alto goleo. Sin embargo, Queti cambi\u00f3 el quinteto y acert\u00f3 con el ingreso de Mariano Trellini.<\/p>\n<p><img decoding=\"async\" class=\"size-full wp-image-81167 alignright\" src=\"http:\/\/www.gentedebasquet.com.ar\/wp-content\/uploads\/2018\/04\/Regatas-Estrella-Provincial-Camara.jpg\" alt=\"\" width=\"400\" height=\"348\" srcset=\"http:\/\/gentedebasquet.com.ar\/sitio\/wp-content\/uploads\/2018\/04\/Regatas-Estrella-Provincial-Camara.jpg 400w, http:\/\/gentedebasquet.com.ar\/sitio\/wp-content\/uploads\/2018\/04\/Regatas-Estrella-Provincial-Camara-300x261.jpg 300w\" sizes=\"(max-width: 400px) 100vw, 400px\" \/><\/p>\n<p>El Chino clav\u00f3 tres bombas en el 1C (3\/4) y coloc\u00f3 al frente a su equipo, que lider\u00f3 10-14, 18-19 y alcanz\u00f3 su m\u00e1xima a 40s del cierre, 20-26.<\/p>\n<p>No obstante, tal como sucedi\u00f3 la noche anterior, el elenco de Dastugue pis\u00f3 el acelerador en el amanecer del 2C, sell\u00f3 un parcial de 9-0 y pas\u00f3 a dominar (29-26).<\/p>\n<p>Una bomba de Diomedi dej\u00f3 al frente a Estrella 31-34. Pero en lo sucesivo, fue todo del due\u00f1o de casa.<\/p>\n<p>Regatas junt\u00f3 a Andollo y Bruno Voltatorni en la pintura y sac\u00f3 r\u00e9ditos. Adem\u00e1s, provech\u00f3 que la visita se sec\u00f3 (anot\u00f3 tres puntos en un per\u00edodo de 5m08) para escapar 48-39 de cara al descanso largo.<\/p>\n<blockquote><p>No lo podemos creer todav\u00eda. Una emoci\u00f3n tremenda, se me cruzaron un mont\u00f3n de cosas por la cabeza cuando termin\u00f3 el partido, mucas sensaciones y cosas vividas en el club. Hace tres a\u00f1os est\u00e1bamos en Segunda y de la nada conseguir esto con casi el mismo plantel, salvo algunos refuerzo, es algo impensado e incre\u00edble. Una l\u00e1stima que al final cortaron la luz y tuvimos que estar encerrados en el vestuario media hora y salimos escoltados por la polic\u00eda; pero salvo eso todo bien. Una emoci\u00f3n tremenda (Santiago Quiroga)<\/p><\/blockquote>\n<p>De regreso, la historia no vari\u00f3. Porque si bien Estrella volvi\u00f3 a amigarse con el gol, a\u00f1adiendo a Pan y Camara a sus ofensivas, Regatas transit\u00f3 con naturalidad el segmento y logr\u00f3 su m\u00e1xima: 75-61 a 49s del 3C, tras bomba de Ingratta y con dos libres de Voltatorni.<\/p>\n<p>Una bomba de Trellini complet\u00f3 el 3c y otra de Pan abri\u00f3 el 4C, aclarando el panorama auriazul (75-67).<\/p>\n<p>Porque tras esas dos jugadas, el Chino volvi\u00f3 a subir el volumen (5\/8) y Santi Quiroga recuper\u00f3 una pelota que puso definitivamente a la visita en partido: 76-72 a 8m48.<\/p>\n<p>La noche cambi\u00f3 notablemente tras esas dos jugadas, Estrella se hizo due\u00f1o de la situaci\u00f3n y prolong\u00f3 su buen momento con la sexta bomba de Trellini, penetraci\u00f3n de Camara y triple de Pan: 79-85 a 4m52.<\/p>\n<p>La \u00fanica carta que le qued\u00f3 al local fue la de Juan Manuel Rossi, el as de espadas de Regatas.<\/p>\n<p>Acciones individuales y una asistencia a Santiago L\u00f3pez le permiti\u00f3 al local pasar al frente 89-88 a 1m28, aunque Larrandart respondi\u00f3 r\u00e1pidamente (89-90 a 1m15) y le dej\u00f3 el cierre a pedir de Estrella.<\/p>\n<p>Pan, con 2\/2 en la l\u00ednea (89-93) estir\u00f3 la ventaja a dos posesiones, m\u00e1s all\u00e1 de que el propio L\u00f3pez descont\u00f3 a distancia: 92-93.<\/p>\n<p>Sin embargo, Trellini le dio la pelota a Pan, el base fue cortado y desde la l\u00ednea sell\u00f3 el hist\u00f3rico 92-95 con el que Estrella aliment\u00f3 un poco m\u00e1s su sue\u00f1o.<\/p>\n<p>Ya est\u00e1 entre los mejores cuatro equipos de la Provincia; y va por m\u00e1s.<\/p>\n<p><iframe loading=\"lazy\" src=\"https:\/\/www.youtube.com\/embed\/cmI1sF4U2HE\" width=\"560\" height=\"315\" frameborder=\"0\" allowfullscreen=\"allowfullscreen\"><\/iframe><\/p>\n<p><strong>S\u00edntesis |<\/strong> Provincial de Clubes &#8211; Cuartos de Final &#8211; Juego #3<\/p>\n<p><strong>Regatas (San Nicol\u00e1s) 92:<\/strong> Juan Manuel Rossi 17, Mat\u00edas Alluch\u00f3n 7, Valent\u00edn Ingratta 22 (x), Sebasti\u00e1n Castro 10 (x), Sebasti\u00e1n Andollo 14 (Fi); Bruno Voltatorni 2, Franco Voltatorni 5, Santiago L\u00f3pez 15 y Lucas Mart\u00ednez 0. DT: Pablo Dastugue.<\/p>\n<p><strong>Estrella 95:<\/strong> Alan Pan 16, Mariano Trellini 20, Mat\u00edas Specogna 3, Nahuel Camara 23, Joaqu\u00edn Larrandart 16 (Fi); Gast\u00f3n Diomedi 5 (x), Santiago Quiroga 10, Le\u00f3n Beresovsky 2 y Franco Cardone 0. DT: Claudio Queti.<\/p>\n<p><strong>Parciales:<\/strong> 23-26, 48-39 (25-13), 75-64 (27-25) y 92-95 (17-31).<\/p>\n<p><strong>\u00c1rbitros:<\/strong> Ra\u00fal Imosi &#8211; Mart\u00edn Pietrom\u00f3naco &#8211; Leonarzo Corzo.<\/p>\n<p><strong>Estadio:<\/strong> La Ribera (San Nicol\u00e1s).<\/p>\n<p><a href=\"http:\/\/www.fibalivestats.com\/u\/FDBB\/858859\/bs.html\" target=\"_blank\" rel=\"noopener\">ESTAD\u00cdSTICAS OFICIALES<\/a><\/p>\n<p><strong>Serie: <\/strong>Estrella, 2-1.<\/p>\n<p><strong>Fotos:<\/strong> El Norte.<\/p>\n","protected":false},"excerpt":{"rendered":"<p>Venci\u00f3 a Regatas en San Nicol\u00e1s y se meti\u00f3 en el Final Four del Provincial de Clubes<\/p>\n","protected":false},"author":1,"featured_media":81166,"comment_status":"closed","ping_status":"open","sticky":false,"template":"","format":"standard","meta":{"jnews-multi-image_gallery":[],"jnews_single_post":[],"jnews_primary_category":[],"footnotes":""},"categories":[39,63,101],"tags":[298,10,619,270,114,1310,271],"class_list":["post-81165","post","type-post","status-publish","format-standard","has-post-thumbnail","hentry","category-nacional","category-prov-de-clubes","category-slide","tag-alan-pan","tag-estrella","tag-mariano-trellini","tag-nahuel-camara","tag-provincial-de-clubes","tag-regatas-san-nicolas","tag-santiago-quiroga"],"yoast_head":"<!-- This site is optimized with the Yoast SEO plugin v27.5 - https:\/\/yoast.com\/product\/yoast-seo-wordpress\/ -->\n<title>Estrella lo hizo - Gente de B\u00e1squet<\/title>\n<meta name=\"robots\" content=\"index, follow, max-snippet:-1, max-image-preview:large, max-video-preview:-1\" \/>\n<link rel=\"canonical\" href=\"http:\/\/gentedebasquet.com.ar\/sitio\/2018\/03\/31\/estrella-lo-hizo-2\/\" \/>\n<meta property=\"og:locale\" content=\"es_ES\" \/>\n<meta property=\"og:type\" content=\"article\" \/>\n<meta property=\"og:title\" content=\"Estrella lo hizo - Gente de B\u00e1squet\" \/>\n<meta property=\"og:description\" content=\"Venci\u00f3 a Regatas en San Nicol\u00e1s y se meti\u00f3 en el Final Four del Provincial de Clubes\" \/>\n<meta property=\"og:url\" content=\"http:\/\/gentedebasquet.com.ar\/sitio\/2018\/03\/31\/estrella-lo-hizo-2\/\" \/>\n<meta property=\"og:site_name\" content=\"Gente de B\u00e1squet\" \/>\n<meta property=\"article:published_time\" content=\"2018-04-01T02:21:19+00:00\" \/>\n<meta property=\"og:image\" content=\"http:\/\/gentedebasquet.com.ar\/sitio\/wp-content\/uploads\/2018\/04\/Regatas-Estrella-Provincial-2.jpg\" \/>\n\t<meta property=\"og:image:width\" content=\"690\" \/>\n\t<meta property=\"og:image:height\" content=\"319\" \/>\n\t<meta property=\"og:image:type\" content=\"image\/jpeg\" \/>\n<meta name=\"author\" content=\"Gente de B\u00e1squet\" \/>\n<meta name=\"twitter:card\" content=\"summary_large_image\" \/>\n<meta name=\"twitter:label1\" content=\"Escrito por\" \/>\n\t<meta name=\"twitter:data1\" content=\"Gente de B\u00e1squet\" \/>\n\t<meta name=\"twitter:label2\" content=\"Tiempo de lectura\" \/>\n\t<meta name=\"twitter:data2\" content=\"4 minutos\" \/>\n<script type=\"application\/ld+json\" class=\"yoast-schema-graph\">{\"@context\":\"https:\\\/\\\/schema.org\",\"@graph\":[{\"@type\":\"Article\",\"@id\":\"http:\\\/\\\/gentedebasquet.com.ar\\\/sitio\\\/2018\\\/03\\\/31\\\/estrella-lo-hizo-2\\\/#article\",\"isPartOf\":{\"@id\":\"http:\\\/\\\/gentedebasquet.com.ar\\\/sitio\\\/2018\\\/03\\\/31\\\/estrella-lo-hizo-2\\\/\"},\"author\":{\"name\":\"Gente de B\u00e1squet\",\"@id\":\"http:\\\/\\\/gentedebasquet.com.ar\\\/sitio\\\/#\\\/schema\\\/person\\\/ca0b63bbb977369988a7bbbdc519943a\"},\"headline\":\"Estrella lo hizo\",\"datePublished\":\"2018-04-01T02:21:19+00:00\",\"mainEntityOfPage\":{\"@id\":\"http:\\\/\\\/gentedebasquet.com.ar\\\/sitio\\\/2018\\\/03\\\/31\\\/estrella-lo-hizo-2\\\/\"},\"wordCount\":772,\"image\":{\"@id\":\"http:\\\/\\\/gentedebasquet.com.ar\\\/sitio\\\/2018\\\/03\\\/31\\\/estrella-lo-hizo-2\\\/#primaryimage\"},\"thumbnailUrl\":\"http:\\\/\\\/gentedebasquet.com.ar\\\/sitio\\\/wp-content\\\/uploads\\\/2018\\\/04\\\/Regatas-Estrella-Provincial-2.jpg\",\"keywords\":[\"Alan Pan\",\"Estrella\",\"Mariano Trellini\",\"Nahuel C\u00e1mara\",\"Provincial de Clubes\",\"Regatas San Nicol\u00e1s\",\"Santiago Quiroga\"],\"articleSection\":[\"Nacional\",\"Prov. de Clubes\",\"Slide\"],\"inLanguage\":\"es\"},{\"@type\":\"WebPage\",\"@id\":\"http:\\\/\\\/gentedebasquet.com.ar\\\/sitio\\\/2018\\\/03\\\/31\\\/estrella-lo-hizo-2\\\/\",\"url\":\"http:\\\/\\\/gentedebasquet.com.ar\\\/sitio\\\/2018\\\/03\\\/31\\\/estrella-lo-hizo-2\\\/\",\"name\":\"Estrella lo hizo - Gente de B\u00e1squet\",\"isPartOf\":{\"@id\":\"http:\\\/\\\/gentedebasquet.com.ar\\\/sitio\\\/#website\"},\"primaryImageOfPage\":{\"@id\":\"http:\\\/\\\/gentedebasquet.com.ar\\\/sitio\\\/2018\\\/03\\\/31\\\/estrella-lo-hizo-2\\\/#primaryimage\"},\"image\":{\"@id\":\"http:\\\/\\\/gentedebasquet.com.ar\\\/sitio\\\/2018\\\/03\\\/31\\\/estrella-lo-hizo-2\\\/#primaryimage\"},\"thumbnailUrl\":\"http:\\\/\\\/gentedebasquet.com.ar\\\/sitio\\\/wp-content\\\/uploads\\\/2018\\\/04\\\/Regatas-Estrella-Provincial-2.jpg\",\"datePublished\":\"2018-04-01T02:21:19+00:00\",\"author\":{\"@id\":\"http:\\\/\\\/gentedebasquet.com.ar\\\/sitio\\\/#\\\/schema\\\/person\\\/ca0b63bbb977369988a7bbbdc519943a\"},\"breadcrumb\":{\"@id\":\"http:\\\/\\\/gentedebasquet.com.ar\\\/sitio\\\/2018\\\/03\\\/31\\\/estrella-lo-hizo-2\\\/#breadcrumb\"},\"inLanguage\":\"es\",\"potentialAction\":[{\"@type\":\"ReadAction\",\"target\":[\"http:\\\/\\\/gentedebasquet.com.ar\\\/sitio\\\/2018\\\/03\\\/31\\\/estrella-lo-hizo-2\\\/\"]}]},{\"@type\":\"ImageObject\",\"inLanguage\":\"es\",\"@id\":\"http:\\\/\\\/gentedebasquet.com.ar\\\/sitio\\\/2018\\\/03\\\/31\\\/estrella-lo-hizo-2\\\/#primaryimage\",\"url\":\"http:\\\/\\\/gentedebasquet.com.ar\\\/sitio\\\/wp-content\\\/uploads\\\/2018\\\/04\\\/Regatas-Estrella-Provincial-2.jpg\",\"contentUrl\":\"http:\\\/\\\/gentedebasquet.com.ar\\\/sitio\\\/wp-content\\\/uploads\\\/2018\\\/04\\\/Regatas-Estrella-Provincial-2.jpg\",\"width\":690,\"height\":319},{\"@type\":\"BreadcrumbList\",\"@id\":\"http:\\\/\\\/gentedebasquet.com.ar\\\/sitio\\\/2018\\\/03\\\/31\\\/estrella-lo-hizo-2\\\/#breadcrumb\",\"itemListElement\":[{\"@type\":\"ListItem\",\"position\":1,\"name\":\"Portada\",\"item\":\"http:\\\/\\\/gentedebasquet.com.ar\\\/sitio\\\/\"},{\"@type\":\"ListItem\",\"position\":2,\"name\":\"Estrella lo hizo\"}]},{\"@type\":\"WebSite\",\"@id\":\"http:\\\/\\\/gentedebasquet.com.ar\\\/sitio\\\/#website\",\"url\":\"http:\\\/\\\/gentedebasquet.com.ar\\\/sitio\\\/\",\"name\":\"Gente de B\u00e1squet\",\"description\":\"La revista del basquet de Bah\u00eda Blanca\",\"potentialAction\":[{\"@type\":\"SearchAction\",\"target\":{\"@type\":\"EntryPoint\",\"urlTemplate\":\"http:\\\/\\\/gentedebasquet.com.ar\\\/sitio\\\/?s={search_term_string}\"},\"query-input\":{\"@type\":\"PropertyValueSpecification\",\"valueRequired\":true,\"valueName\":\"search_term_string\"}}],\"inLanguage\":\"es\"},{\"@type\":\"Person\",\"@id\":\"http:\\\/\\\/gentedebasquet.com.ar\\\/sitio\\\/#\\\/schema\\\/person\\\/ca0b63bbb977369988a7bbbdc519943a\",\"name\":\"Gente de B\u00e1squet\",\"image\":{\"@type\":\"ImageObject\",\"inLanguage\":\"es\",\"@id\":\"https:\\\/\\\/secure.gravatar.com\\\/avatar\\\/7f2c48bdc33b30088f941fb6082e555f2874c98e20cb159d7b92b50eadfce793?s=96&d=mm&r=g\",\"url\":\"https:\\\/\\\/secure.gravatar.com\\\/avatar\\\/7f2c48bdc33b30088f941fb6082e555f2874c98e20cb159d7b92b50eadfce793?s=96&d=mm&r=g\",\"contentUrl\":\"https:\\\/\\\/secure.gravatar.com\\\/avatar\\\/7f2c48bdc33b30088f941fb6082e555f2874c98e20cb159d7b92b50eadfce793?s=96&d=mm&r=g\",\"caption\":\"Gente de B\u00e1squet\"},\"sameAs\":[\"http:\\\/\\\/gentedebasquet.com.ar\\\/sitio\"],\"url\":\"http:\\\/\\\/gentedebasquet.com.ar\\\/sitio\\\/author\\\/ulises\\\/\"}]}<\/script>\n<!-- \/ Yoast SEO plugin. -->","yoast_head_json":{"title":"Estrella lo hizo - Gente de B\u00e1squet","robots":{"index":"index","follow":"follow","max-snippet":"max-snippet:-1","max-image-preview":"max-image-preview:large","max-video-preview":"max-video-preview:-1"},"canonical":"http:\/\/gentedebasquet.com.ar\/sitio\/2018\/03\/31\/estrella-lo-hizo-2\/","og_locale":"es_ES","og_type":"article","og_title":"Estrella lo hizo - Gente de B\u00e1squet","og_description":"Venci\u00f3 a Regatas en San Nicol\u00e1s y se meti\u00f3 en el Final Four del Provincial de Clubes","og_url":"http:\/\/gentedebasquet.com.ar\/sitio\/2018\/03\/31\/estrella-lo-hizo-2\/","og_site_name":"Gente de B\u00e1squet","article_published_time":"2018-04-01T02:21:19+00:00","og_image":[{"width":690,"height":319,"url":"http:\/\/gentedebasquet.com.ar\/sitio\/wp-content\/uploads\/2018\/04\/Regatas-Estrella-Provincial-2.jpg","type":"image\/jpeg"}],"author":"Gente de B\u00e1squet","twitter_card":"summary_large_image","twitter_misc":{"Escrito por":"Gente de B\u00e1squet","Tiempo de lectura":"4 minutos"},"schema":{"@context":"https:\/\/schema.org","@graph":[{"@type":"Article","@id":"http:\/\/gentedebasquet.com.ar\/sitio\/2018\/03\/31\/estrella-lo-hizo-2\/#article","isPartOf":{"@id":"http:\/\/gentedebasquet.com.ar\/sitio\/2018\/03\/31\/estrella-lo-hizo-2\/"},"author":{"name":"Gente de B\u00e1squet","@id":"http:\/\/gentedebasquet.com.ar\/sitio\/#\/schema\/person\/ca0b63bbb977369988a7bbbdc519943a"},"headline":"Estrella lo hizo","datePublished":"2018-04-01T02:21:19+00:00","mainEntityOfPage":{"@id":"http:\/\/gentedebasquet.com.ar\/sitio\/2018\/03\/31\/estrella-lo-hizo-2\/"},"wordCount":772,"image":{"@id":"http:\/\/gentedebasquet.com.ar\/sitio\/2018\/03\/31\/estrella-lo-hizo-2\/#primaryimage"},"thumbnailUrl":"http:\/\/gentedebasquet.com.ar\/sitio\/wp-content\/uploads\/2018\/04\/Regatas-Estrella-Provincial-2.jpg","keywords":["Alan Pan","Estrella","Mariano Trellini","Nahuel C\u00e1mara","Provincial de Clubes","Regatas San Nicol\u00e1s","Santiago Quiroga"],"articleSection":["Nacional","Prov. de Clubes","Slide"],"inLanguage":"es"},{"@type":"WebPage","@id":"http:\/\/gentedebasquet.com.ar\/sitio\/2018\/03\/31\/estrella-lo-hizo-2\/","url":"http:\/\/gentedebasquet.com.ar\/sitio\/2018\/03\/31\/estrella-lo-hizo-2\/","name":"Estrella lo hizo - Gente de B\u00e1squet","isPartOf":{"@id":"http:\/\/gentedebasquet.com.ar\/sitio\/#website"},"primaryImageOfPage":{"@id":"http:\/\/gentedebasquet.com.ar\/sitio\/2018\/03\/31\/estrella-lo-hizo-2\/#primaryimage"},"image":{"@id":"http:\/\/gentedebasquet.com.ar\/sitio\/2018\/03\/31\/estrella-lo-hizo-2\/#primaryimage"},"thumbnailUrl":"http:\/\/gentedebasquet.com.ar\/sitio\/wp-content\/uploads\/2018\/04\/Regatas-Estrella-Provincial-2.jpg","datePublished":"2018-04-01T02:21:19+00:00","author":{"@id":"http:\/\/gentedebasquet.com.ar\/sitio\/#\/schema\/person\/ca0b63bbb977369988a7bbbdc519943a"},"breadcrumb":{"@id":"http:\/\/gentedebasquet.com.ar\/sitio\/2018\/03\/31\/estrella-lo-hizo-2\/#breadcrumb"},"inLanguage":"es","potentialAction":[{"@type":"ReadAction","target":["http:\/\/gentedebasquet.com.ar\/sitio\/2018\/03\/31\/estrella-lo-hizo-2\/"]}]},{"@type":"ImageObject","inLanguage":"es","@id":"http:\/\/gentedebasquet.com.ar\/sitio\/2018\/03\/31\/estrella-lo-hizo-2\/#primaryimage","url":"http:\/\/gentedebasquet.com.ar\/sitio\/wp-content\/uploads\/2018\/04\/Regatas-Estrella-Provincial-2.jpg","contentUrl":"http:\/\/gentedebasquet.com.ar\/sitio\/wp-content\/uploads\/2018\/04\/Regatas-Estrella-Provincial-2.jpg","width":690,"height":319},{"@type":"BreadcrumbList","@id":"http:\/\/gentedebasquet.com.ar\/sitio\/2018\/03\/31\/estrella-lo-hizo-2\/#breadcrumb","itemListElement":[{"@type":"ListItem","position":1,"name":"Portada","item":"http:\/\/gentedebasquet.com.ar\/sitio\/"},{"@type":"ListItem","position":2,"name":"Estrella lo hizo"}]},{"@type":"WebSite","@id":"http:\/\/gentedebasquet.com.ar\/sitio\/#website","url":"http:\/\/gentedebasquet.com.ar\/sitio\/","name":"Gente de B\u00e1squet","description":"La revista del basquet de Bah\u00eda Blanca","potentialAction":[{"@type":"SearchAction","target":{"@type":"EntryPoint","urlTemplate":"http:\/\/gentedebasquet.com.ar\/sitio\/?s={search_term_string}"},"query-input":{"@type":"PropertyValueSpecification","valueRequired":true,"valueName":"search_term_string"}}],"inLanguage":"es"},{"@type":"Person","@id":"http:\/\/gentedebasquet.com.ar\/sitio\/#\/schema\/person\/ca0b63bbb977369988a7bbbdc519943a","name":"Gente de B\u00e1squet","image":{"@type":"ImageObject","inLanguage":"es","@id":"https:\/\/secure.gravatar.com\/avatar\/7f2c48bdc33b30088f941fb6082e555f2874c98e20cb159d7b92b50eadfce793?s=96&d=mm&r=g","url":"https:\/\/secure.gravatar.com\/avatar\/7f2c48bdc33b30088f941fb6082e555f2874c98e20cb159d7b92b50eadfce793?s=96&d=mm&r=g","contentUrl":"https:\/\/secure.gravatar.com\/avatar\/7f2c48bdc33b30088f941fb6082e555f2874c98e20cb159d7b92b50eadfce793?s=96&d=mm&r=g","caption":"Gente de B\u00e1squet"},"sameAs":["http:\/\/gentedebasquet.com.ar\/sitio"],"url":"http:\/\/gentedebasquet.com.ar\/sitio\/author\/ulises\/"}]}},"_links":{"self":[{"href":"http:\/\/gentedebasquet.com.ar\/sitio\/wp-json\/wp\/v2\/posts\/81165","targetHints":{"allow":["GET"]}}],"collection":[{"href":"http:\/\/gentedebasquet.com.ar\/sitio\/wp-json\/wp\/v2\/posts"}],"about":[{"href":"http:\/\/gentedebasquet.com.ar\/sitio\/wp-json\/wp\/v2\/types\/post"}],"author":[{"embeddable":true,"href":"http:\/\/gentedebasquet.com.ar\/sitio\/wp-json\/wp\/v2\/users\/1"}],"replies":[{"embeddable":true,"href":"http:\/\/gentedebasquet.com.ar\/sitio\/wp-json\/wp\/v2\/comments?post=81165"}],"version-history":[{"count":0,"href":"http:\/\/gentedebasquet.com.ar\/sitio\/wp-json\/wp\/v2\/posts\/81165\/revisions"}],"wp:featuredmedia":[{"embeddable":true,"href":"http:\/\/gentedebasquet.com.ar\/sitio\/wp-json\/wp\/v2\/media\/81166"}],"wp:attachment":[{"href":"http:\/\/gentedebasquet.com.ar\/sitio\/wp-json\/wp\/v2\/media?parent=81165"}],"wp:term":[{"taxonomy":"category","embeddable":true,"href":"http:\/\/gentedebasquet.com.ar\/sitio\/wp-json\/wp\/v2\/categories?post=81165"},{"taxonomy":"post_tag","embeddable":true,"href":"http:\/\/gentedebasquet.com.ar\/sitio\/wp-json\/wp\/v2\/tags?post=81165"}],"curies":[{"name":"wp","href":"https:\/\/api.w.org\/{rel}","templated":true}]}}