{"id":81196,"date":"2018-04-02T23:10:47","date_gmt":"2018-04-03T02:10:47","guid":{"rendered":"http:\/\/www.gentedebasquet.com.ar\/?p=81196"},"modified":"2018-04-02T23:10:47","modified_gmt":"2018-04-03T02:10:47","slug":"el-obrero-heroe","status":"publish","type":"post","link":"http:\/\/gentedebasquet.com.ar\/sitio\/2018\/04\/02\/el-obrero-heroe\/","title":{"rendered":"El obrero h\u00e9roe"},"content":{"rendered":"<p><strong>El conjunto auriazul pareci\u00f3 tener todo bajo control cuando, a 2m42s del entretiempo, se despeg\u00f3 a 16 unidades (36-20) de 9 de Julio. Pero el enjundioso elenco albiazul sali\u00f3 al rect\u00e1ngulo con otro \u00edmpetu durante el complemento y aplicando varios triples de la mano de Carci y Turcato. De ese modo, no s\u00f3lo lo igual\u00f3 en 59 a 6m28s del final, sino que restando 3m58s tuvo su m\u00e1xima de 60-66. All\u00ed, Estrella le aplic\u00f3 un 7-0 (67-66) mediante Diomedi y permanecieron gol a gol, visitando la l\u00ednea de tiros libres. Ello, hasta que Mat\u00edas Specogna emboc\u00f3 un triple lateral a 18s7\/10 (76-73) y el propio abogado lo cerr\u00f3 con 1-2 simples (77-73) a 5s2\/10. Estrella contin\u00faa dulce.<\/strong><\/p>\n<p>&nbsp;<\/p>\n<p>Lo dominaba con el piloto autom\u00e1tico puesto, aunque 9 de Julio aceler\u00f3, lo rebas\u00f3 y le oblig\u00f3 al anfitri\u00f3n a colocarse el overol.<\/p>\n<p>Estrella le torci\u00f3 el brazo reci\u00e9n en los segundo finales, con fundamental aparici\u00f3n ofensiva de Mat\u00edas Specogna, para terminar imponi\u00e9ndose por 77 a 73.<\/p>\n<p>El que larg\u00f3 mejor fue la visita, al adelantarse 0-5 en apenas 40s.<\/p>\n<p>La lejan\u00edsima punter\u00eda de Alan Pan (3-3 t3) fue vital para que el auriazul revirtiera la tendencia y pasara a comandar: 14-10 y 18-12.<\/p>\n<p>Pasado el per\u00edodo inicial, el siguiente continu\u00f3 a bombazo limpio y con la firma del mismo escopetero: Gast\u00f3n Diomedi.<\/p>\n<p><a href=\"http:\/\/www.gentedebasquet.com.ar\/wp-content\/uploads\/2018\/04\/ESTRE-9DJ1.jpg\"><img decoding=\"async\" class=\"size-medium wp-image-81212 alignleft\" src=\"http:\/\/www.gentedebasquet.com.ar\/wp-content\/uploads\/2018\/04\/ESTRE-9DJ1-300x203.jpg\" alt=\"\" width=\"300\" height=\"203\" srcset=\"http:\/\/gentedebasquet.com.ar\/sitio\/wp-content\/uploads\/2018\/04\/ESTRE-9DJ1-300x203.jpg 300w, http:\/\/gentedebasquet.com.ar\/sitio\/wp-content\/uploads\/2018\/04\/ESTRE-9DJ1.jpg 400w\" sizes=\"(max-width: 300px) 100vw, 300px\" \/><\/a><\/p>\n<p>Primero, con tres conversiones que le permiti\u00f3 al local despegarse de \u00ab9\u00bb al promediar el lapso (28-18). Despu\u00e9s, abrochando su 4-5 desde los 6m75, para darle paso a la m\u00e1xima renta de 16 (36-20), a 2m42s del descanso m\u00e1s extenso. Tambi\u00e9n colaboraron en la faz rebotera Larrandart (4) y Quiroga (4).<\/p>\n<p>Si bien la ventaja a la hora de irse a vestuarios fue de 12 (41-29), Estrella pareci\u00f3 tener todo bajo control.<\/p>\n<blockquote><p>\u201cMis minutos, generalmente, me los gano defendiendo, con sacrificio a pleno. Pero hoy me toc\u00f3, qued\u00e9 solo, Gast\u00f3n (Diomedi) me la pas\u00f3 y, por suerte, el triple entr\u00f3 y ayud\u00f3 para ganar. Tenemos que ir ganando para no quedar abajo, disfrutar y que no se complique a fines de a\u00f1o. Ven\u00edamos bien durante el 1\u00baT, pero quiz\u00e1s nos relajamos inconcientemente despu\u00e9s de sacar 12, adem\u00e1s de sentir el cansancio del viaje por el Provincial. Igual, ellos hicieron un buen planteo y la zona nos complic\u00f3. Se destrab\u00f3 cuando Alan (Pan) tom\u00f3 la manija y pudimos sumar al final\u201d. (Mat\u00edas Specogna-Estrella).<\/p><\/blockquote>\n<p>Sin embargo, en la reanudaci\u00f3n, Dami\u00e1n Carci se activ\u00f3 de inmediato, Juli\u00e1n Turcato encar\u00f3 para adentro y el semblante del hu\u00e9sped vari\u00f3 para mejor.<\/p>\n<p>Con mucha actitud y alternando con defensa zonal, 9 de Julio confundi\u00f3 a su rival, pasando a tener el dominio psicol\u00f3gico. De hecho, a 1m50s del cierre de ese 3\u00baC, descont\u00f3 a 45-51.<\/p>\n<p>El escenario ya fue otro y cualquiera pod\u00eda ser el desenlace.<\/p>\n<p>Tan es as\u00ed que con triples de Carci y Turcato, \u00ab9\u00bb se coloc\u00f3 a uno (56-57) en 2m50s del \u00faltimo chico. Posteriormente, alcanz\u00f3 a su oponente en 59 con acci\u00f3n de gol+adicional de Carci y pas\u00f3 al frente por 60-59, tras 1-2 t1 de Fernando Pe\u00f1alver, con 5m57s en el electr\u00f3nico.<\/p>\n<p>A esa altura, la seguidilla era de 4-12. Y vuelta a la zonita&#8230;<\/p>\n<p>Fue el pasaje en el que m\u00e1s suelto se sinti\u00f3 el albiazul, que prolong\u00f3 sus buenas sensaciones con un Turcato desequilibrante y disfrutando de 6 de luz (60-66), con 3m58s por disputar.<\/p>\n<p>Aunque all\u00ed hubo un quiebre: \u00ab9\u00bb se estanc\u00f3 y Estrella le birl\u00f3 esa supremac\u00eda de prepo, con un racha de 7-0 -incluido un 2+1 de Diomedi-, pasando a liderar 67-66 a 2m11s. Acto seguido, el propio Gast\u00f3n anot\u00f3 un tirito corto para poner el 69-67 a 1m36s.<\/p>\n<p><a href=\"http:\/\/www.gentedebasquet.com.ar\/wp-content\/uploads\/2018\/04\/ESTRE-9DJ2.jpg\"><img decoding=\"async\" class=\"size-medium wp-image-81213 alignright\" src=\"http:\/\/www.gentedebasquet.com.ar\/wp-content\/uploads\/2018\/04\/ESTRE-9DJ2-300x203.jpg\" alt=\"\" width=\"300\" height=\"203\" srcset=\"http:\/\/gentedebasquet.com.ar\/sitio\/wp-content\/uploads\/2018\/04\/ESTRE-9DJ2-300x203.jpg 300w, http:\/\/gentedebasquet.com.ar\/sitio\/wp-content\/uploads\/2018\/04\/ESTRE-9DJ2.jpg 400w\" sizes=\"(max-width: 300px) 100vw, 300px\" \/><\/a><\/p>\n<p>En lo sucesivo, ambos visitaron constantemente la l\u00ednea, siempre con el denominador com\u00fan de permanecer Estrella arriba o, en su defecto, con paridad.<\/p>\n<p>As\u00ed es que, estando empatados en 73, Specogna recibi\u00f3 la descarga de Diomedi a 18s7\/10 y se anim\u00f3 a intentar un tiro lateral de 6m75 que literalmente hizo delirar al Luis Alvarez (76-73).<\/p>\n<p>En la siguiente, 9 de Julio no supo usufructuar su ofensiva y debi\u00f3 frenar indefectiblemente a Specogna a 5s2\/10, quien en la l\u00ednea encest\u00f3 el primero y marr\u00f3 el segundo, estableciendo el 77 a 73 definitorio.<\/p>\n<p>Respiro y desahogo para un Estrella en el que, anoche, dio el presente su obrero h\u00e9roe.<\/p>\n<p><iframe loading=\"lazy\" src=\"https:\/\/www.youtube.com\/embed\/DDSrz3hOcLM\" width=\"560\" height=\"315\" frameborder=\"0\" allowfullscreen=\"allowfullscreen\"><\/iframe><\/p>\n<p><strong>Primera |<\/strong> Ciudad de Bah\u00eda Blanca \u2013 Fecha #3<\/p>\n<p><strong>Estrella 77:<\/strong> Alan Pan 14, Mariano Trellini 6, Mat\u00edas Specogna 15, Franco Cardone 2 (x), Le\u00f3n Beresovsky 4, (FI); Joaqu\u00edn Larrandart 6, Gast\u00f3n Diomedi 22, Santiago Quiroga 4 (x) y Amilcar Andreanelli 4. DT: Claudio Queti.<br \/>\n<strong>9 de Julio 73:<\/strong> Dami\u00e1n Carci 22, Agust\u00edn Pena 6, Fernando Pe\u00f1alver 11, Alan Prost 4, Diego Isgro 5, (FI); Tom\u00e1s Bruni 4, Guillermo Mallemaci 2, Juli\u00e1n Turcato 17, Sebasti\u00e1n Villegas 0, Manuel Costa 0 y Francisco Bonaguro 2. DT: Andr\u00e9s Iannamico.<\/p>\n<p><strong>Parciales:<\/strong> 19-14, 41-29 (22-15), 55-48 (14-19) y 77-73 (22-25).<br \/>\n<strong>\u00c1rbitros:<\/strong> Horacio Sed\u00e1n \u2013 Mauro Reyes.<br \/>\n<strong>Estadio:<\/strong> Luis \u00c1lvarez (Club Estrella).<\/p>\n<p><a href=\"https:\/\/docs.google.com\/spreadsheets\/d\/e\/2PACX-1vRVxcqrbM1FVQ-Sx6LI1a14UL4-DJAkEteHQwFASRztKwvleJVmWRMq26epGB6yLgoFcfGHffouCQG9\/pubhtml\" target=\"_blank\" rel=\"noopener\">Ver planilla<\/a><\/p>\n<p>&nbsp;<\/p>\n","protected":false},"excerpt":{"rendered":"<p>Estrella venci\u00f3 a 9 de Julio con la inspiraci\u00f3n final de Mat\u00edas Specogna: 77 a 73.<\/p>\n","protected":false},"author":1,"featured_media":81211,"comment_status":"closed","ping_status":"open","sticky":false,"template":"","format":"standard","meta":{"jnews-multi-image_gallery":[],"jnews_single_post":[],"jnews_primary_category":[],"footnotes":""},"categories":[23,101],"tags":[2,298,527,10,762,615,1479,705],"class_list":["post-81196","post","type-post","status-publish","format-standard","has-post-thumbnail","hentry","category-primera","category-slide","tag-9dejulio","tag-alan-pan","tag-damian-carci","tag-estrella","tag-fernando-penalver","tag-gaston-diomedi","tag-julian-turcato","tag-matias-specogna"],"yoast_head":"<!-- This site is optimized with the Yoast SEO plugin v27.5 - https:\/\/yoast.com\/product\/yoast-seo-wordpress\/ -->\n<title>El obrero h\u00e9roe - Gente de B\u00e1squet<\/title>\n<meta name=\"robots\" content=\"index, follow, max-snippet:-1, max-image-preview:large, max-video-preview:-1\" \/>\n<link rel=\"canonical\" href=\"https:\/\/gentedebasquet.com.ar\/sitio\/2018\/04\/02\/el-obrero-heroe\/\" \/>\n<meta property=\"og:locale\" content=\"es_ES\" \/>\n<meta property=\"og:type\" content=\"article\" \/>\n<meta property=\"og:title\" content=\"El obrero h\u00e9roe - Gente de B\u00e1squet\" \/>\n<meta property=\"og:description\" content=\"Estrella venci\u00f3 a 9 de Julio con la inspiraci\u00f3n final de Mat\u00edas Specogna: 77 a 73.\" \/>\n<meta property=\"og:url\" content=\"https:\/\/gentedebasquet.com.ar\/sitio\/2018\/04\/02\/el-obrero-heroe\/\" \/>\n<meta property=\"og:site_name\" content=\"Gente de B\u00e1squet\" \/>\n<meta property=\"article:published_time\" content=\"2018-04-03T02:10:47+00:00\" \/>\n<meta property=\"og:image\" content=\"https:\/\/gentedebasquet.com.ar\/sitio\/wp-content\/uploads\/2018\/04\/ESTRE-9DJ.jpg\" \/>\n\t<meta property=\"og:image:width\" content=\"690\" \/>\n\t<meta property=\"og:image:height\" content=\"319\" \/>\n\t<meta property=\"og:image:type\" content=\"image\/jpeg\" \/>\n<meta name=\"author\" content=\"Gente de B\u00e1squet\" \/>\n<meta name=\"twitter:card\" content=\"summary_large_image\" \/>\n<meta name=\"twitter:label1\" content=\"Escrito por\" \/>\n\t<meta name=\"twitter:data1\" content=\"Gente de B\u00e1squet\" \/>\n\t<meta name=\"twitter:label2\" content=\"Tiempo de lectura\" \/>\n\t<meta name=\"twitter:data2\" content=\"4 minutos\" \/>\n<script type=\"application\/ld+json\" class=\"yoast-schema-graph\">{\"@context\":\"https:\\\/\\\/schema.org\",\"@graph\":[{\"@type\":\"Article\",\"@id\":\"https:\\\/\\\/gentedebasquet.com.ar\\\/sitio\\\/2018\\\/04\\\/02\\\/el-obrero-heroe\\\/#article\",\"isPartOf\":{\"@id\":\"https:\\\/\\\/gentedebasquet.com.ar\\\/sitio\\\/2018\\\/04\\\/02\\\/el-obrero-heroe\\\/\"},\"author\":{\"name\":\"Gente de B\u00e1squet\",\"@id\":\"http:\\\/\\\/gentedebasquet.com.ar\\\/sitio\\\/#\\\/schema\\\/person\\\/ca0b63bbb977369988a7bbbdc519943a\"},\"headline\":\"El obrero h\u00e9roe\",\"datePublished\":\"2018-04-03T02:10:47+00:00\",\"mainEntityOfPage\":{\"@id\":\"https:\\\/\\\/gentedebasquet.com.ar\\\/sitio\\\/2018\\\/04\\\/02\\\/el-obrero-heroe\\\/\"},\"wordCount\":844,\"image\":{\"@id\":\"https:\\\/\\\/gentedebasquet.com.ar\\\/sitio\\\/2018\\\/04\\\/02\\\/el-obrero-heroe\\\/#primaryimage\"},\"thumbnailUrl\":\"http:\\\/\\\/gentedebasquet.com.ar\\\/sitio\\\/wp-content\\\/uploads\\\/2018\\\/04\\\/ESTRE-9DJ.jpg\",\"keywords\":[\"9 de Julio\",\"Alan Pan\",\"Dami\u00e1n Carci\",\"Estrella\",\"Fernando Pe\u00f1alver\",\"Gaston Diomedi\",\"Juli\u00e1n Turcato\",\"Mat\u00edas Specogna\"],\"articleSection\":[\"Primera\",\"Slide\"],\"inLanguage\":\"es\"},{\"@type\":\"WebPage\",\"@id\":\"https:\\\/\\\/gentedebasquet.com.ar\\\/sitio\\\/2018\\\/04\\\/02\\\/el-obrero-heroe\\\/\",\"url\":\"https:\\\/\\\/gentedebasquet.com.ar\\\/sitio\\\/2018\\\/04\\\/02\\\/el-obrero-heroe\\\/\",\"name\":\"El obrero h\u00e9roe - Gente de B\u00e1squet\",\"isPartOf\":{\"@id\":\"http:\\\/\\\/gentedebasquet.com.ar\\\/sitio\\\/#website\"},\"primaryImageOfPage\":{\"@id\":\"https:\\\/\\\/gentedebasquet.com.ar\\\/sitio\\\/2018\\\/04\\\/02\\\/el-obrero-heroe\\\/#primaryimage\"},\"image\":{\"@id\":\"https:\\\/\\\/gentedebasquet.com.ar\\\/sitio\\\/2018\\\/04\\\/02\\\/el-obrero-heroe\\\/#primaryimage\"},\"thumbnailUrl\":\"http:\\\/\\\/gentedebasquet.com.ar\\\/sitio\\\/wp-content\\\/uploads\\\/2018\\\/04\\\/ESTRE-9DJ.jpg\",\"datePublished\":\"2018-04-03T02:10:47+00:00\",\"author\":{\"@id\":\"http:\\\/\\\/gentedebasquet.com.ar\\\/sitio\\\/#\\\/schema\\\/person\\\/ca0b63bbb977369988a7bbbdc519943a\"},\"breadcrumb\":{\"@id\":\"https:\\\/\\\/gentedebasquet.com.ar\\\/sitio\\\/2018\\\/04\\\/02\\\/el-obrero-heroe\\\/#breadcrumb\"},\"inLanguage\":\"es\",\"potentialAction\":[{\"@type\":\"ReadAction\",\"target\":[\"https:\\\/\\\/gentedebasquet.com.ar\\\/sitio\\\/2018\\\/04\\\/02\\\/el-obrero-heroe\\\/\"]}]},{\"@type\":\"ImageObject\",\"inLanguage\":\"es\",\"@id\":\"https:\\\/\\\/gentedebasquet.com.ar\\\/sitio\\\/2018\\\/04\\\/02\\\/el-obrero-heroe\\\/#primaryimage\",\"url\":\"http:\\\/\\\/gentedebasquet.com.ar\\\/sitio\\\/wp-content\\\/uploads\\\/2018\\\/04\\\/ESTRE-9DJ.jpg\",\"contentUrl\":\"http:\\\/\\\/gentedebasquet.com.ar\\\/sitio\\\/wp-content\\\/uploads\\\/2018\\\/04\\\/ESTRE-9DJ.jpg\",\"width\":690,\"height\":319},{\"@type\":\"BreadcrumbList\",\"@id\":\"https:\\\/\\\/gentedebasquet.com.ar\\\/sitio\\\/2018\\\/04\\\/02\\\/el-obrero-heroe\\\/#breadcrumb\",\"itemListElement\":[{\"@type\":\"ListItem\",\"position\":1,\"name\":\"Portada\",\"item\":\"http:\\\/\\\/gentedebasquet.com.ar\\\/sitio\\\/\"},{\"@type\":\"ListItem\",\"position\":2,\"name\":\"El obrero h\u00e9roe\"}]},{\"@type\":\"WebSite\",\"@id\":\"http:\\\/\\\/gentedebasquet.com.ar\\\/sitio\\\/#website\",\"url\":\"http:\\\/\\\/gentedebasquet.com.ar\\\/sitio\\\/\",\"name\":\"Gente de B\u00e1squet\",\"description\":\"La revista del basquet de Bah\u00eda Blanca\",\"potentialAction\":[{\"@type\":\"SearchAction\",\"target\":{\"@type\":\"EntryPoint\",\"urlTemplate\":\"http:\\\/\\\/gentedebasquet.com.ar\\\/sitio\\\/?s={search_term_string}\"},\"query-input\":{\"@type\":\"PropertyValueSpecification\",\"valueRequired\":true,\"valueName\":\"search_term_string\"}}],\"inLanguage\":\"es\"},{\"@type\":\"Person\",\"@id\":\"http:\\\/\\\/gentedebasquet.com.ar\\\/sitio\\\/#\\\/schema\\\/person\\\/ca0b63bbb977369988a7bbbdc519943a\",\"name\":\"Gente de B\u00e1squet\",\"image\":{\"@type\":\"ImageObject\",\"inLanguage\":\"es\",\"@id\":\"https:\\\/\\\/secure.gravatar.com\\\/avatar\\\/7f2c48bdc33b30088f941fb6082e555f2874c98e20cb159d7b92b50eadfce793?s=96&d=mm&r=g\",\"url\":\"https:\\\/\\\/secure.gravatar.com\\\/avatar\\\/7f2c48bdc33b30088f941fb6082e555f2874c98e20cb159d7b92b50eadfce793?s=96&d=mm&r=g\",\"contentUrl\":\"https:\\\/\\\/secure.gravatar.com\\\/avatar\\\/7f2c48bdc33b30088f941fb6082e555f2874c98e20cb159d7b92b50eadfce793?s=96&d=mm&r=g\",\"caption\":\"Gente de B\u00e1squet\"},\"sameAs\":[\"http:\\\/\\\/gentedebasquet.com.ar\\\/sitio\"],\"url\":\"http:\\\/\\\/gentedebasquet.com.ar\\\/sitio\\\/author\\\/ulises\\\/\"}]}<\/script>\n<!-- \/ Yoast SEO plugin. -->","yoast_head_json":{"title":"El obrero h\u00e9roe - Gente de B\u00e1squet","robots":{"index":"index","follow":"follow","max-snippet":"max-snippet:-1","max-image-preview":"max-image-preview:large","max-video-preview":"max-video-preview:-1"},"canonical":"https:\/\/gentedebasquet.com.ar\/sitio\/2018\/04\/02\/el-obrero-heroe\/","og_locale":"es_ES","og_type":"article","og_title":"El obrero h\u00e9roe - Gente de B\u00e1squet","og_description":"Estrella venci\u00f3 a 9 de Julio con la inspiraci\u00f3n final de Mat\u00edas Specogna: 77 a 73.","og_url":"https:\/\/gentedebasquet.com.ar\/sitio\/2018\/04\/02\/el-obrero-heroe\/","og_site_name":"Gente de B\u00e1squet","article_published_time":"2018-04-03T02:10:47+00:00","og_image":[{"width":690,"height":319,"url":"https:\/\/gentedebasquet.com.ar\/sitio\/wp-content\/uploads\/2018\/04\/ESTRE-9DJ.jpg","type":"image\/jpeg"}],"author":"Gente de B\u00e1squet","twitter_card":"summary_large_image","twitter_misc":{"Escrito por":"Gente de B\u00e1squet","Tiempo de lectura":"4 minutos"},"schema":{"@context":"https:\/\/schema.org","@graph":[{"@type":"Article","@id":"https:\/\/gentedebasquet.com.ar\/sitio\/2018\/04\/02\/el-obrero-heroe\/#article","isPartOf":{"@id":"https:\/\/gentedebasquet.com.ar\/sitio\/2018\/04\/02\/el-obrero-heroe\/"},"author":{"name":"Gente de B\u00e1squet","@id":"http:\/\/gentedebasquet.com.ar\/sitio\/#\/schema\/person\/ca0b63bbb977369988a7bbbdc519943a"},"headline":"El obrero h\u00e9roe","datePublished":"2018-04-03T02:10:47+00:00","mainEntityOfPage":{"@id":"https:\/\/gentedebasquet.com.ar\/sitio\/2018\/04\/02\/el-obrero-heroe\/"},"wordCount":844,"image":{"@id":"https:\/\/gentedebasquet.com.ar\/sitio\/2018\/04\/02\/el-obrero-heroe\/#primaryimage"},"thumbnailUrl":"http:\/\/gentedebasquet.com.ar\/sitio\/wp-content\/uploads\/2018\/04\/ESTRE-9DJ.jpg","keywords":["9 de Julio","Alan Pan","Dami\u00e1n Carci","Estrella","Fernando Pe\u00f1alver","Gaston Diomedi","Juli\u00e1n Turcato","Mat\u00edas Specogna"],"articleSection":["Primera","Slide"],"inLanguage":"es"},{"@type":"WebPage","@id":"https:\/\/gentedebasquet.com.ar\/sitio\/2018\/04\/02\/el-obrero-heroe\/","url":"https:\/\/gentedebasquet.com.ar\/sitio\/2018\/04\/02\/el-obrero-heroe\/","name":"El obrero h\u00e9roe - Gente de B\u00e1squet","isPartOf":{"@id":"http:\/\/gentedebasquet.com.ar\/sitio\/#website"},"primaryImageOfPage":{"@id":"https:\/\/gentedebasquet.com.ar\/sitio\/2018\/04\/02\/el-obrero-heroe\/#primaryimage"},"image":{"@id":"https:\/\/gentedebasquet.com.ar\/sitio\/2018\/04\/02\/el-obrero-heroe\/#primaryimage"},"thumbnailUrl":"http:\/\/gentedebasquet.com.ar\/sitio\/wp-content\/uploads\/2018\/04\/ESTRE-9DJ.jpg","datePublished":"2018-04-03T02:10:47+00:00","author":{"@id":"http:\/\/gentedebasquet.com.ar\/sitio\/#\/schema\/person\/ca0b63bbb977369988a7bbbdc519943a"},"breadcrumb":{"@id":"https:\/\/gentedebasquet.com.ar\/sitio\/2018\/04\/02\/el-obrero-heroe\/#breadcrumb"},"inLanguage":"es","potentialAction":[{"@type":"ReadAction","target":["https:\/\/gentedebasquet.com.ar\/sitio\/2018\/04\/02\/el-obrero-heroe\/"]}]},{"@type":"ImageObject","inLanguage":"es","@id":"https:\/\/gentedebasquet.com.ar\/sitio\/2018\/04\/02\/el-obrero-heroe\/#primaryimage","url":"http:\/\/gentedebasquet.com.ar\/sitio\/wp-content\/uploads\/2018\/04\/ESTRE-9DJ.jpg","contentUrl":"http:\/\/gentedebasquet.com.ar\/sitio\/wp-content\/uploads\/2018\/04\/ESTRE-9DJ.jpg","width":690,"height":319},{"@type":"BreadcrumbList","@id":"https:\/\/gentedebasquet.com.ar\/sitio\/2018\/04\/02\/el-obrero-heroe\/#breadcrumb","itemListElement":[{"@type":"ListItem","position":1,"name":"Portada","item":"http:\/\/gentedebasquet.com.ar\/sitio\/"},{"@type":"ListItem","position":2,"name":"El obrero h\u00e9roe"}]},{"@type":"WebSite","@id":"http:\/\/gentedebasquet.com.ar\/sitio\/#website","url":"http:\/\/gentedebasquet.com.ar\/sitio\/","name":"Gente de B\u00e1squet","description":"La revista del basquet de Bah\u00eda Blanca","potentialAction":[{"@type":"SearchAction","target":{"@type":"EntryPoint","urlTemplate":"http:\/\/gentedebasquet.com.ar\/sitio\/?s={search_term_string}"},"query-input":{"@type":"PropertyValueSpecification","valueRequired":true,"valueName":"search_term_string"}}],"inLanguage":"es"},{"@type":"Person","@id":"http:\/\/gentedebasquet.com.ar\/sitio\/#\/schema\/person\/ca0b63bbb977369988a7bbbdc519943a","name":"Gente de B\u00e1squet","image":{"@type":"ImageObject","inLanguage":"es","@id":"https:\/\/secure.gravatar.com\/avatar\/7f2c48bdc33b30088f941fb6082e555f2874c98e20cb159d7b92b50eadfce793?s=96&d=mm&r=g","url":"https:\/\/secure.gravatar.com\/avatar\/7f2c48bdc33b30088f941fb6082e555f2874c98e20cb159d7b92b50eadfce793?s=96&d=mm&r=g","contentUrl":"https:\/\/secure.gravatar.com\/avatar\/7f2c48bdc33b30088f941fb6082e555f2874c98e20cb159d7b92b50eadfce793?s=96&d=mm&r=g","caption":"Gente de B\u00e1squet"},"sameAs":["http:\/\/gentedebasquet.com.ar\/sitio"],"url":"http:\/\/gentedebasquet.com.ar\/sitio\/author\/ulises\/"}]}},"_links":{"self":[{"href":"http:\/\/gentedebasquet.com.ar\/sitio\/wp-json\/wp\/v2\/posts\/81196","targetHints":{"allow":["GET"]}}],"collection":[{"href":"http:\/\/gentedebasquet.com.ar\/sitio\/wp-json\/wp\/v2\/posts"}],"about":[{"href":"http:\/\/gentedebasquet.com.ar\/sitio\/wp-json\/wp\/v2\/types\/post"}],"author":[{"embeddable":true,"href":"http:\/\/gentedebasquet.com.ar\/sitio\/wp-json\/wp\/v2\/users\/1"}],"replies":[{"embeddable":true,"href":"http:\/\/gentedebasquet.com.ar\/sitio\/wp-json\/wp\/v2\/comments?post=81196"}],"version-history":[{"count":0,"href":"http:\/\/gentedebasquet.com.ar\/sitio\/wp-json\/wp\/v2\/posts\/81196\/revisions"}],"wp:featuredmedia":[{"embeddable":true,"href":"http:\/\/gentedebasquet.com.ar\/sitio\/wp-json\/wp\/v2\/media\/81211"}],"wp:attachment":[{"href":"http:\/\/gentedebasquet.com.ar\/sitio\/wp-json\/wp\/v2\/media?parent=81196"}],"wp:term":[{"taxonomy":"category","embeddable":true,"href":"http:\/\/gentedebasquet.com.ar\/sitio\/wp-json\/wp\/v2\/categories?post=81196"},{"taxonomy":"post_tag","embeddable":true,"href":"http:\/\/gentedebasquet.com.ar\/sitio\/wp-json\/wp\/v2\/tags?post=81196"}],"curies":[{"name":"wp","href":"https:\/\/api.w.org\/{rel}","templated":true}]}}