{"id":81344,"date":"2018-04-05T23:50:37","date_gmt":"2018-04-06T02:50:37","guid":{"rendered":"http:\/\/www.gentedebasquet.com.ar\/?p=81344"},"modified":"2018-04-05T23:50:37","modified_gmt":"2018-04-06T02:50:37","slug":"la-presion-celeste","status":"publish","type":"post","link":"http:\/\/gentedebasquet.com.ar\/sitio\/2018\/04\/05\/la-presion-celeste\/","title":{"rendered":"La presi\u00f3n celeste"},"content":{"rendered":"<p><b>Un partido a la perfecci\u00f3n\u00a0jug\u00f3 El Nacional en la noche del jueves, que le permiti\u00f3\u00a0dar la nota de la fecha al derrotar a Villa Mitre por 84 a 81. El local implement\u00f3 una defensa presi\u00f3n\u00a0que complic\u00f3 en varios pasajes al rival, lo cual hizo que se mantenga en juego hasta el final y que Chaves despu\u00e9s se encargue\u00a0de anotar un triple que defini\u00f3\u00a0la historia: 84-79 a falta de 30 segundos. Justamente, Lucas fue uno de los goleadores del partido con 22 puntos, ya que con la misma cantidad lo acompa\u00f1\u00f3 Tom\u00e1s Tajan, de tremendo \u00faltimo segmento (13, con 2\/2 t3, 3\/3 t2 y 1\/1 t1). En el tricolor, que tuvo la vuelta de Berdini luego de un desgarro, no fue suficiente lo aportado por Jos\u00e9 Guti\u00e9rrez con 18 tantos (6\/6 t2) y 6 pases gol.\u00a0<\/b><\/p>\n<p>Para tener chances de ganar el partido ante Villa Mitre, El Nacional sab\u00eda que ten\u00eda que hacer las cosas a la perfecci\u00f3n durante los 40 minutos. Y as\u00ed fue finalmente, ya que en defensa fue muy intenso presionando la salida al portador del bal\u00f3n y en ataque mostr\u00f3 un gran juego colectivo (20 asistencias) e hizo valer su equipo largo.<\/p>\n<p><a href=\"http:\/\/www.gentedebasquet.com.ar\/wp-content\/uploads\/2018\/04\/Berdini-VM.jpg\"><img decoding=\"async\" class=\"size-medium wp-image-81373 alignright\" src=\"http:\/\/www.gentedebasquet.com.ar\/wp-content\/uploads\/2018\/04\/Berdini-VM-300x171.jpg\" alt=\"\" width=\"300\" height=\"171\" srcset=\"http:\/\/gentedebasquet.com.ar\/sitio\/wp-content\/uploads\/2018\/04\/Berdini-VM-300x171.jpg 300w, http:\/\/gentedebasquet.com.ar\/sitio\/wp-content\/uploads\/2018\/04\/Berdini-VM.jpg 386w\" sizes=\"(max-width: 300px) 100vw, 300px\" \/><\/a><\/p>\n<p>En el arranque del juego, ya se pudo ver cual era el plan del local. Sin embargo, en este cuarto no fue tan sencillo para el equipo tomarle la mano a la idea de Juan Andr\u00e9s Garc\u00eda, porque en ataque sufri\u00f3 el gran pasaje de Miguel con interesantes cortes al aro (11). Cuando el visitante hac\u00eda llegar la pelota a la pintura se reflejaba la mejor versi\u00f3n, (8\/10 t2), pero por momentos se apresur\u00f3 y abus\u00f3 del tiro externo sin r\u00e9dito (1\/7). As\u00ed y todo, se encontraba arriba en el marcador 10-13 a falta de cuatro minutos. Por su parte, el celeste en ataque, con Chaves al mando (7) y Cancellarich (5) provoc\u00f3 que siga en juego y se vaya 23 &#8211; 17 abajo.<\/p>\n<p>Ya en el segundo segmento, lo de El Nacional fue tomando m\u00e1s color. La intensidad en defensa con la presi\u00f3n como principal objetivo le trajo varios dolores de cabeza al tricolor y as\u00ed plasm\u00f3 un parcial de 13-5, destac\u00e1ndose Chaves (7) para estar arriba en el resultado (30-28). Al salir Miguel, el visitante perdi\u00f3 gol y todo le costaba el doble. Ugolini decidi\u00f3 pedir minuto y reacomodar sus piezas. La soluci\u00f3n definitivamente estaba en la pintura, ah\u00ed era predominio de Villa Mitre. Heinrich se inspir\u00f3 (9) y si no anotaba, recib\u00eda faltas y de a poco as\u00ed el local se fue cargando. Igualmente, el partido era muy entrecortado pero esto era negocio para el local que se fue al descanso uno arriba.<\/p>\n<blockquote><p><em>Jugamos un gran partido, pusimos todo desde el principio, tuvimos por momentos algunos baches pero es muy complicado mantener la intensidad los 40 minutos. De a poco le estamos agarrando la mano a lo que plantea Juan Andr\u00e9s en defensa, el objetivo es sostenerlo en los encuentros que vienen. Este es un equipo con muchas ganas y pr\u00e1cticamente\u00a0nuevo, somos en su mayor\u00eda\u00a0j\u00f3venes, pero contamos con un plantel largo y eso es bueno (Tom\u00e1s Taj\u00e1n)<\/em><\/p><\/blockquote>\n<p>La experiencia y jerarqu\u00eda de Guti\u00e9rrez ayud\u00f3 a que en los primeros minutos Villa Mitre rompa la presi\u00f3n, tome las riendas del juego y defina con buenas acciones de Harina (9). No obstante, la decisi\u00f3n de Garc\u00eda en poner en cancha a\u00a0 Bussetti tuvo sus frutos. El ex tricolor, realiz\u00f3 su labor de gran manera. No dej\u00f3 libre a Berdini en ning\u00fan momento (descanso Jos\u00e9), y eso se lo contagi\u00f3 a todo sus compa\u00f1eros, que nuevamente volvieron a su idea inicial y generarle as\u00ed varios errores al visitante con 6 p\u00e9rdidas y tiros apresurados.<\/p>\n<p><a href=\"http:\/\/www.gentedebasquet.com.ar\/wp-content\/uploads\/2018\/04\/Fausto-CEN.jpg\"><img decoding=\"async\" class=\"size-medium wp-image-81374 alignright\" src=\"http:\/\/www.gentedebasquet.com.ar\/wp-content\/uploads\/2018\/04\/Fausto-CEN-300x164.jpg\" alt=\"\" width=\"300\" height=\"164\" srcset=\"http:\/\/gentedebasquet.com.ar\/sitio\/wp-content\/uploads\/2018\/04\/Fausto-CEN-300x164.jpg 300w, http:\/\/gentedebasquet.com.ar\/sitio\/wp-content\/uploads\/2018\/04\/Fausto-CEN.jpg 400w\" sizes=\"(max-width: 300px) 100vw, 300px\" \/><\/a><\/p>\n<p>Palo a palo estaba el partido en la quinta. Y el \u00faltimo cuarto fue para alquilar balcones. El tricolor, con dos bombas (Berdini &#8211; Mart\u00ednez) amag\u00f3 a tomar el protagonismo y tratar de destrabar el encuentro a su favor. Pero no pudo. El local, a pesar de caer en cometer reiteradas faltas, se mantuvo activo y concentrado. Adem\u00e1s, tuvo a la figura excluyente del cuarto y porque no del partido. Tom\u00e1s Tajan fue indefendible al convertir 13 puntos y \u00a1sin errar! (2\/2 t3, 3\/3 t2 y 1\/1). Esto hizo que el equipo de Garc\u00eda tome una leve brecha de +4 (76-72) a falta de dos minutos. Del otro lado, Guti\u00e9rrez respondi\u00f3 con un triple y luego uno m\u00e1s de Berdini lo puso al tricolor arriba: 78-79 a 1min de juego.<\/p>\n<p>Y ahora \u00bfQui\u00e9n iba a ser el encargado de tomar la pelota y sentenciar la historia? La respuesta es Lucas Chaves. Con 40 segundos por jugar, aguant\u00f3 la pelota en sus manos casi los 24 segundos y tom\u00f3 un lanzamiento externo para poner el marcador 84-79 y as\u00ed dar la sorpresa de la fecha, dejar sin invicto a Villa Mitre y sin punta.<\/p>\n<p><iframe loading=\"lazy\" src=\"https:\/\/www.youtube.com\/embed\/BMgr700aQSI\" width=\"560\" height=\"315\" frameborder=\"0\" allowfullscreen=\"allowfullscreen\"><\/iframe><\/p>\n<p><b>S\u00edntesis<\/b><strong>\u00a0&#8211;\u00a0<\/strong>Primera Divisi\u00f3n &#8211; Fecha #4<\/p>\n<p><strong>El Nacional 84:\u00a0<\/strong>Ezequiel Meneses 5, Lucas Chaves 22, Octavio Cancellarich 11, Tom\u00e1s Tajan 22, Gustavo Banchero 6 (FI); Emiliano Iraola 0, Santiago Bussetti 0, Al\u00e1n Gonz\u00e1lez 7, Facundo Mart\u00ednez 2, Esteban Arteaga 2 y Fausto De Paoli 7. DT: Juan Andr\u00e9s Garc\u00eda.<\/p>\n<p><strong>Villa Mitre 81:\u00a0<\/strong>Segundo Vasconcelo 0, Jos\u00e9 Guti\u00e9rrez 18, Federico Harina 12, Cristian Miguel 15, Ramiro Heinrich 17 (FI); Mat\u00edas Monteoliva 0, Jos\u00e9 Luis Mart\u00ednez 9, Marcelo Berdini 8, Ramiro Santiago 0 y Nicol\u00e1s Ojeda 2. DT: Ariel Ugolini.<\/p>\n<p><strong>Parciales:<\/strong> 23-17, 40-39 (17-22), 61-58 (21-19) y 84-81 (23-23).<\/p>\n<p><b>\u00c1rbitros<\/b><strong>:<\/strong> Miguel Firpo &#8211; Juan Gabriel Jaramillo.<\/p>\n<p><strong>Estadio:\u00a0<\/strong>Hermanos Ciccioli (El Nacional).<\/p>\n<p><a href=\"https:\/\/docs.google.com\/spreadsheets\/d\/e\/2PACX-1vQUb0iuNAjKxC8Mw5S6GgKlKi4lnPlU1tbYkudJVtIHPYCR7qktpPLYjnoTlYwobNaTXPWAnbHLHjZv\/pubhtml?target=\">Ver planilla<\/a><\/p>\n","protected":false},"excerpt":{"rendered":"<p>De atr\u00e1s para adelante, El Nacional fue inteligente y venci\u00f3 a VM por 84-81<\/p>\n","protected":false},"author":1,"featured_media":81371,"comment_status":"closed","ping_status":"open","sticky":false,"template":"","format":"standard","meta":{"jnews-multi-image_gallery":[],"jnews_single_post":[],"jnews_primary_category":[],"footnotes":""},"categories":[23,101],"tags":[9,90,79,240,22],"class_list":["post-81344","post","type-post","status-publish","format-standard","has-post-thumbnail","hentry","category-primera","category-slide","tag-el-nacional","tag-jose-gutierrez","tag-lucas-chaves","tag-tomas-tajan","tag-villa-mitre"],"yoast_head":"<!-- This site is optimized with the Yoast SEO plugin v27.5 - https:\/\/yoast.com\/product\/yoast-seo-wordpress\/ -->\n<title>La presi\u00f3n celeste - Gente de B\u00e1squet<\/title>\n<meta name=\"robots\" content=\"index, follow, max-snippet:-1, max-image-preview:large, max-video-preview:-1\" \/>\n<link rel=\"canonical\" href=\"https:\/\/gentedebasquet.com.ar\/sitio\/2018\/04\/05\/la-presion-celeste\/\" \/>\n<meta property=\"og:locale\" content=\"es_ES\" \/>\n<meta property=\"og:type\" content=\"article\" \/>\n<meta property=\"og:title\" content=\"La presi\u00f3n celeste - Gente de B\u00e1squet\" \/>\n<meta property=\"og:description\" content=\"De atr\u00e1s para adelante, El Nacional fue inteligente y venci\u00f3 a VM por 84-81\" \/>\n<meta property=\"og:url\" content=\"https:\/\/gentedebasquet.com.ar\/sitio\/2018\/04\/05\/la-presion-celeste\/\" \/>\n<meta property=\"og:site_name\" content=\"Gente de B\u00e1squet\" \/>\n<meta property=\"article:published_time\" content=\"2018-04-06T02:50:37+00:00\" \/>\n<meta property=\"og:image\" content=\"https:\/\/gentedebasquet.com.ar\/sitio\/wp-content\/uploads\/2018\/04\/Meneses-CEN.jpg\" \/>\n\t<meta property=\"og:image:width\" content=\"690\" \/>\n\t<meta property=\"og:image:height\" content=\"320\" \/>\n\t<meta property=\"og:image:type\" content=\"image\/jpeg\" \/>\n<meta name=\"author\" content=\"Gente de B\u00e1squet\" \/>\n<meta name=\"twitter:card\" content=\"summary_large_image\" \/>\n<meta name=\"twitter:label1\" content=\"Escrito por\" \/>\n\t<meta name=\"twitter:data1\" content=\"Gente de B\u00e1squet\" \/>\n\t<meta name=\"twitter:label2\" content=\"Tiempo de lectura\" \/>\n\t<meta name=\"twitter:data2\" content=\"5 minutos\" \/>\n<script type=\"application\/ld+json\" class=\"yoast-schema-graph\">{\"@context\":\"https:\\\/\\\/schema.org\",\"@graph\":[{\"@type\":\"Article\",\"@id\":\"https:\\\/\\\/gentedebasquet.com.ar\\\/sitio\\\/2018\\\/04\\\/05\\\/la-presion-celeste\\\/#article\",\"isPartOf\":{\"@id\":\"https:\\\/\\\/gentedebasquet.com.ar\\\/sitio\\\/2018\\\/04\\\/05\\\/la-presion-celeste\\\/\"},\"author\":{\"name\":\"Gente de B\u00e1squet\",\"@id\":\"http:\\\/\\\/gentedebasquet.com.ar\\\/sitio\\\/#\\\/schema\\\/person\\\/ca0b63bbb977369988a7bbbdc519943a\"},\"headline\":\"La presi\u00f3n celeste\",\"datePublished\":\"2018-04-06T02:50:37+00:00\",\"mainEntityOfPage\":{\"@id\":\"https:\\\/\\\/gentedebasquet.com.ar\\\/sitio\\\/2018\\\/04\\\/05\\\/la-presion-celeste\\\/\"},\"wordCount\":921,\"image\":{\"@id\":\"https:\\\/\\\/gentedebasquet.com.ar\\\/sitio\\\/2018\\\/04\\\/05\\\/la-presion-celeste\\\/#primaryimage\"},\"thumbnailUrl\":\"http:\\\/\\\/gentedebasquet.com.ar\\\/sitio\\\/wp-content\\\/uploads\\\/2018\\\/04\\\/Meneses-CEN.jpg\",\"keywords\":[\"El Nacional\",\"Jos\u00e9 Guti\u00e9rrez\",\"Lucas Chaves\",\"Tom\u00e1s Tajan\",\"Villa Mitre\"],\"articleSection\":[\"Primera\",\"Slide\"],\"inLanguage\":\"es\"},{\"@type\":\"WebPage\",\"@id\":\"https:\\\/\\\/gentedebasquet.com.ar\\\/sitio\\\/2018\\\/04\\\/05\\\/la-presion-celeste\\\/\",\"url\":\"https:\\\/\\\/gentedebasquet.com.ar\\\/sitio\\\/2018\\\/04\\\/05\\\/la-presion-celeste\\\/\",\"name\":\"La presi\u00f3n celeste - Gente de B\u00e1squet\",\"isPartOf\":{\"@id\":\"http:\\\/\\\/gentedebasquet.com.ar\\\/sitio\\\/#website\"},\"primaryImageOfPage\":{\"@id\":\"https:\\\/\\\/gentedebasquet.com.ar\\\/sitio\\\/2018\\\/04\\\/05\\\/la-presion-celeste\\\/#primaryimage\"},\"image\":{\"@id\":\"https:\\\/\\\/gentedebasquet.com.ar\\\/sitio\\\/2018\\\/04\\\/05\\\/la-presion-celeste\\\/#primaryimage\"},\"thumbnailUrl\":\"http:\\\/\\\/gentedebasquet.com.ar\\\/sitio\\\/wp-content\\\/uploads\\\/2018\\\/04\\\/Meneses-CEN.jpg\",\"datePublished\":\"2018-04-06T02:50:37+00:00\",\"author\":{\"@id\":\"http:\\\/\\\/gentedebasquet.com.ar\\\/sitio\\\/#\\\/schema\\\/person\\\/ca0b63bbb977369988a7bbbdc519943a\"},\"breadcrumb\":{\"@id\":\"https:\\\/\\\/gentedebasquet.com.ar\\\/sitio\\\/2018\\\/04\\\/05\\\/la-presion-celeste\\\/#breadcrumb\"},\"inLanguage\":\"es\",\"potentialAction\":[{\"@type\":\"ReadAction\",\"target\":[\"https:\\\/\\\/gentedebasquet.com.ar\\\/sitio\\\/2018\\\/04\\\/05\\\/la-presion-celeste\\\/\"]}]},{\"@type\":\"ImageObject\",\"inLanguage\":\"es\",\"@id\":\"https:\\\/\\\/gentedebasquet.com.ar\\\/sitio\\\/2018\\\/04\\\/05\\\/la-presion-celeste\\\/#primaryimage\",\"url\":\"http:\\\/\\\/gentedebasquet.com.ar\\\/sitio\\\/wp-content\\\/uploads\\\/2018\\\/04\\\/Meneses-CEN.jpg\",\"contentUrl\":\"http:\\\/\\\/gentedebasquet.com.ar\\\/sitio\\\/wp-content\\\/uploads\\\/2018\\\/04\\\/Meneses-CEN.jpg\",\"width\":690,\"height\":320},{\"@type\":\"BreadcrumbList\",\"@id\":\"https:\\\/\\\/gentedebasquet.com.ar\\\/sitio\\\/2018\\\/04\\\/05\\\/la-presion-celeste\\\/#breadcrumb\",\"itemListElement\":[{\"@type\":\"ListItem\",\"position\":1,\"name\":\"Portada\",\"item\":\"http:\\\/\\\/gentedebasquet.com.ar\\\/sitio\\\/\"},{\"@type\":\"ListItem\",\"position\":2,\"name\":\"La presi\u00f3n celeste\"}]},{\"@type\":\"WebSite\",\"@id\":\"http:\\\/\\\/gentedebasquet.com.ar\\\/sitio\\\/#website\",\"url\":\"http:\\\/\\\/gentedebasquet.com.ar\\\/sitio\\\/\",\"name\":\"Gente de B\u00e1squet\",\"description\":\"La revista del basquet de Bah\u00eda Blanca\",\"potentialAction\":[{\"@type\":\"SearchAction\",\"target\":{\"@type\":\"EntryPoint\",\"urlTemplate\":\"http:\\\/\\\/gentedebasquet.com.ar\\\/sitio\\\/?s={search_term_string}\"},\"query-input\":{\"@type\":\"PropertyValueSpecification\",\"valueRequired\":true,\"valueName\":\"search_term_string\"}}],\"inLanguage\":\"es\"},{\"@type\":\"Person\",\"@id\":\"http:\\\/\\\/gentedebasquet.com.ar\\\/sitio\\\/#\\\/schema\\\/person\\\/ca0b63bbb977369988a7bbbdc519943a\",\"name\":\"Gente de B\u00e1squet\",\"image\":{\"@type\":\"ImageObject\",\"inLanguage\":\"es\",\"@id\":\"https:\\\/\\\/secure.gravatar.com\\\/avatar\\\/7f2c48bdc33b30088f941fb6082e555f2874c98e20cb159d7b92b50eadfce793?s=96&d=mm&r=g\",\"url\":\"https:\\\/\\\/secure.gravatar.com\\\/avatar\\\/7f2c48bdc33b30088f941fb6082e555f2874c98e20cb159d7b92b50eadfce793?s=96&d=mm&r=g\",\"contentUrl\":\"https:\\\/\\\/secure.gravatar.com\\\/avatar\\\/7f2c48bdc33b30088f941fb6082e555f2874c98e20cb159d7b92b50eadfce793?s=96&d=mm&r=g\",\"caption\":\"Gente de B\u00e1squet\"},\"sameAs\":[\"http:\\\/\\\/gentedebasquet.com.ar\\\/sitio\"],\"url\":\"http:\\\/\\\/gentedebasquet.com.ar\\\/sitio\\\/author\\\/ulises\\\/\"}]}<\/script>\n<!-- \/ Yoast SEO plugin. -->","yoast_head_json":{"title":"La presi\u00f3n celeste - Gente de B\u00e1squet","robots":{"index":"index","follow":"follow","max-snippet":"max-snippet:-1","max-image-preview":"max-image-preview:large","max-video-preview":"max-video-preview:-1"},"canonical":"https:\/\/gentedebasquet.com.ar\/sitio\/2018\/04\/05\/la-presion-celeste\/","og_locale":"es_ES","og_type":"article","og_title":"La presi\u00f3n celeste - Gente de B\u00e1squet","og_description":"De atr\u00e1s para adelante, El Nacional fue inteligente y venci\u00f3 a VM por 84-81","og_url":"https:\/\/gentedebasquet.com.ar\/sitio\/2018\/04\/05\/la-presion-celeste\/","og_site_name":"Gente de B\u00e1squet","article_published_time":"2018-04-06T02:50:37+00:00","og_image":[{"width":690,"height":320,"url":"https:\/\/gentedebasquet.com.ar\/sitio\/wp-content\/uploads\/2018\/04\/Meneses-CEN.jpg","type":"image\/jpeg"}],"author":"Gente de B\u00e1squet","twitter_card":"summary_large_image","twitter_misc":{"Escrito por":"Gente de B\u00e1squet","Tiempo de lectura":"5 minutos"},"schema":{"@context":"https:\/\/schema.org","@graph":[{"@type":"Article","@id":"https:\/\/gentedebasquet.com.ar\/sitio\/2018\/04\/05\/la-presion-celeste\/#article","isPartOf":{"@id":"https:\/\/gentedebasquet.com.ar\/sitio\/2018\/04\/05\/la-presion-celeste\/"},"author":{"name":"Gente de B\u00e1squet","@id":"http:\/\/gentedebasquet.com.ar\/sitio\/#\/schema\/person\/ca0b63bbb977369988a7bbbdc519943a"},"headline":"La presi\u00f3n celeste","datePublished":"2018-04-06T02:50:37+00:00","mainEntityOfPage":{"@id":"https:\/\/gentedebasquet.com.ar\/sitio\/2018\/04\/05\/la-presion-celeste\/"},"wordCount":921,"image":{"@id":"https:\/\/gentedebasquet.com.ar\/sitio\/2018\/04\/05\/la-presion-celeste\/#primaryimage"},"thumbnailUrl":"http:\/\/gentedebasquet.com.ar\/sitio\/wp-content\/uploads\/2018\/04\/Meneses-CEN.jpg","keywords":["El Nacional","Jos\u00e9 Guti\u00e9rrez","Lucas Chaves","Tom\u00e1s Tajan","Villa Mitre"],"articleSection":["Primera","Slide"],"inLanguage":"es"},{"@type":"WebPage","@id":"https:\/\/gentedebasquet.com.ar\/sitio\/2018\/04\/05\/la-presion-celeste\/","url":"https:\/\/gentedebasquet.com.ar\/sitio\/2018\/04\/05\/la-presion-celeste\/","name":"La presi\u00f3n celeste - Gente de B\u00e1squet","isPartOf":{"@id":"http:\/\/gentedebasquet.com.ar\/sitio\/#website"},"primaryImageOfPage":{"@id":"https:\/\/gentedebasquet.com.ar\/sitio\/2018\/04\/05\/la-presion-celeste\/#primaryimage"},"image":{"@id":"https:\/\/gentedebasquet.com.ar\/sitio\/2018\/04\/05\/la-presion-celeste\/#primaryimage"},"thumbnailUrl":"http:\/\/gentedebasquet.com.ar\/sitio\/wp-content\/uploads\/2018\/04\/Meneses-CEN.jpg","datePublished":"2018-04-06T02:50:37+00:00","author":{"@id":"http:\/\/gentedebasquet.com.ar\/sitio\/#\/schema\/person\/ca0b63bbb977369988a7bbbdc519943a"},"breadcrumb":{"@id":"https:\/\/gentedebasquet.com.ar\/sitio\/2018\/04\/05\/la-presion-celeste\/#breadcrumb"},"inLanguage":"es","potentialAction":[{"@type":"ReadAction","target":["https:\/\/gentedebasquet.com.ar\/sitio\/2018\/04\/05\/la-presion-celeste\/"]}]},{"@type":"ImageObject","inLanguage":"es","@id":"https:\/\/gentedebasquet.com.ar\/sitio\/2018\/04\/05\/la-presion-celeste\/#primaryimage","url":"http:\/\/gentedebasquet.com.ar\/sitio\/wp-content\/uploads\/2018\/04\/Meneses-CEN.jpg","contentUrl":"http:\/\/gentedebasquet.com.ar\/sitio\/wp-content\/uploads\/2018\/04\/Meneses-CEN.jpg","width":690,"height":320},{"@type":"BreadcrumbList","@id":"https:\/\/gentedebasquet.com.ar\/sitio\/2018\/04\/05\/la-presion-celeste\/#breadcrumb","itemListElement":[{"@type":"ListItem","position":1,"name":"Portada","item":"http:\/\/gentedebasquet.com.ar\/sitio\/"},{"@type":"ListItem","position":2,"name":"La presi\u00f3n celeste"}]},{"@type":"WebSite","@id":"http:\/\/gentedebasquet.com.ar\/sitio\/#website","url":"http:\/\/gentedebasquet.com.ar\/sitio\/","name":"Gente de B\u00e1squet","description":"La revista del basquet de Bah\u00eda Blanca","potentialAction":[{"@type":"SearchAction","target":{"@type":"EntryPoint","urlTemplate":"http:\/\/gentedebasquet.com.ar\/sitio\/?s={search_term_string}"},"query-input":{"@type":"PropertyValueSpecification","valueRequired":true,"valueName":"search_term_string"}}],"inLanguage":"es"},{"@type":"Person","@id":"http:\/\/gentedebasquet.com.ar\/sitio\/#\/schema\/person\/ca0b63bbb977369988a7bbbdc519943a","name":"Gente de B\u00e1squet","image":{"@type":"ImageObject","inLanguage":"es","@id":"https:\/\/secure.gravatar.com\/avatar\/7f2c48bdc33b30088f941fb6082e555f2874c98e20cb159d7b92b50eadfce793?s=96&d=mm&r=g","url":"https:\/\/secure.gravatar.com\/avatar\/7f2c48bdc33b30088f941fb6082e555f2874c98e20cb159d7b92b50eadfce793?s=96&d=mm&r=g","contentUrl":"https:\/\/secure.gravatar.com\/avatar\/7f2c48bdc33b30088f941fb6082e555f2874c98e20cb159d7b92b50eadfce793?s=96&d=mm&r=g","caption":"Gente de B\u00e1squet"},"sameAs":["http:\/\/gentedebasquet.com.ar\/sitio"],"url":"http:\/\/gentedebasquet.com.ar\/sitio\/author\/ulises\/"}]}},"_links":{"self":[{"href":"http:\/\/gentedebasquet.com.ar\/sitio\/wp-json\/wp\/v2\/posts\/81344","targetHints":{"allow":["GET"]}}],"collection":[{"href":"http:\/\/gentedebasquet.com.ar\/sitio\/wp-json\/wp\/v2\/posts"}],"about":[{"href":"http:\/\/gentedebasquet.com.ar\/sitio\/wp-json\/wp\/v2\/types\/post"}],"author":[{"embeddable":true,"href":"http:\/\/gentedebasquet.com.ar\/sitio\/wp-json\/wp\/v2\/users\/1"}],"replies":[{"embeddable":true,"href":"http:\/\/gentedebasquet.com.ar\/sitio\/wp-json\/wp\/v2\/comments?post=81344"}],"version-history":[{"count":0,"href":"http:\/\/gentedebasquet.com.ar\/sitio\/wp-json\/wp\/v2\/posts\/81344\/revisions"}],"wp:featuredmedia":[{"embeddable":true,"href":"http:\/\/gentedebasquet.com.ar\/sitio\/wp-json\/wp\/v2\/media\/81371"}],"wp:attachment":[{"href":"http:\/\/gentedebasquet.com.ar\/sitio\/wp-json\/wp\/v2\/media?parent=81344"}],"wp:term":[{"taxonomy":"category","embeddable":true,"href":"http:\/\/gentedebasquet.com.ar\/sitio\/wp-json\/wp\/v2\/categories?post=81344"},{"taxonomy":"post_tag","embeddable":true,"href":"http:\/\/gentedebasquet.com.ar\/sitio\/wp-json\/wp\/v2\/tags?post=81344"}],"curies":[{"name":"wp","href":"https:\/\/api.w.org\/{rel}","templated":true}]}}