{"id":81521,"date":"2018-04-08T23:11:59","date_gmt":"2018-04-09T02:11:59","guid":{"rendered":"http:\/\/www.gentedebasquet.com.ar\/?p=81521"},"modified":"2018-04-08T23:11:59","modified_gmt":"2018-04-09T02:11:59","slug":"asuntos-internos-2","status":"publish","type":"post","link":"http:\/\/gentedebasquet.com.ar\/sitio\/2018\/04\/08\/asuntos-internos-2\/","title":{"rendered":"Asuntos Internos"},"content":{"rendered":"<p><strong>Napost\u00e1 hilvan\u00f3 su segunda victoria consecutiva al derrotar por 88 a 80 a El Nacional en el Antonio Palma. Un tercer cuarto demoledor (29-7) le dio aire para aguantar la embestida celeste en cierre y as\u00ed cerrar un nuevo triunfo. Nicol\u00e1s Quiroga fue la br\u00fajula del local en la pintura y el goleador del juego con 26 puntos, adem\u00e1s baj\u00f3 7 rebotes, reparti\u00f3 3 asistencias y meti\u00f3 4 tapas; Augusto Meneses fue otro baluarte con 19 unidades y 6 tableros. En la visita, se destacaron Lucas Chaves (22) y Ezequiel Meneses (19). En el due\u00f1o de casa se fue descalificado Mat\u00edas Mart\u00ednez a 7s para el cierre del 2C producto de una antideportiva y una t\u00e9cnica.<\/strong><\/p>\n<p><img decoding=\"async\" class=\"size-medium wp-image-81523 alignright\" src=\"http:\/\/www.gentedebasquet.com.ar\/wp-content\/uploads\/2018\/04\/Napost\u00e1-El-Nacional-2-300x203.jpg\" alt=\"\" width=\"300\" height=\"203\" \/><\/p>\n<p>El juego no tuvo un comienzo prolijo, pero con el correr de los minutos ambos equipos se soltaron y brindaron un entretenido primer cuarto. El celeste arranc\u00f3 mejor, pero entre Quiroga y Meneses se las ingeniaron para incomodar a la dupla Taj\u00e1n-Banchero y emparejar el partido. Parec\u00eda que el due\u00f1o de casa encontraba el camino para doblegar a los de Garc\u00eda cuando sacaron 8 de luz v\u00eda Godio y el DT visitante usaba 11 de sus 12 elementos en algo m\u00e1s de un cuarto.<\/p>\n<p>Sin embargo, un minuto electrizante de Meneses con 8 puntos consecutivos le permitieron a los de la quinta pasar al frente. La descalificaci\u00f3n de Mart\u00ednez desconcentr\u00f3 a Napo y sobre la chicharra Chaves estir\u00f3 la ventaja al descanso largo (41-36). Pero el envi\u00f3n del celeste no dur\u00f3 mucho. Napost\u00e1 ajust\u00f3 la defensa, Quiroga atac\u00f3 con decisi\u00f3n el aro y en 2m30s el local volv\u00eda a pasar al frente (42-41). Meneses se sum\u00f3 a la embestida ofensiva, Aguirre y Fern\u00e1ndez Solari estuvieron finos desde la l\u00ednea y la brecha se fue estirando (45-42; 51-46 y 65-48).<\/p>\n<p>&nbsp;<\/p>\n<blockquote><p>Arrancamos muy dormidos, pero ten\u00edamos que ganar de local y por suerte supimos cambiar la cabeza en el tercer cuarto. Ajustamos bien la ofensiva despu\u00e9s de la salida de Matute (Mart\u00ednez) y pudimos sacar el partido adelante. Sabemos que \u00e9l tiene muchos puntos en la mano, pero los chicos que entraron lo supieron suplir bien (Nicol\u00e1s Quiroga).<\/p><\/blockquote>\n<p><img decoding=\"async\" class=\"size-medium wp-image-81524 alignleft\" src=\"http:\/\/www.gentedebasquet.com.ar\/wp-content\/uploads\/2018\/04\/Napost\u00e1-El-Nacional-3-300x203.jpg\" alt=\"\" width=\"300\" height=\"203\" \/><\/p>\n<p>Sin embargo, El Nacional no se entreg\u00f3. Presion\u00f3 toda la cancha, Chaves apareci\u00f3 con un par de bombas y de apoco llev\u00f3 la diferencia a 8 (73-65). La intensidad defensiva del celeste no merm\u00f3, pero Napo\u00a0supo tener paciencia para manejar la ventaja y aliarse con el reloj. No obstante, Chaves volvi\u00f3 a achicar la diferencia, esta vez a 6, con un minuto por jugar, pero la desesperaci\u00f3n por igualar el juego le jug\u00f3 en contra. Bicondoa corri\u00f3 la cancha en un par de oportunidades y puso cifras definitivas para los de Aleksoski.<\/p>\n<p>&nbsp;<\/p>\n<p>&nbsp;<\/p>\n<p>&nbsp;<\/p>\n<p>[youtube]https:\/\/youtu.be\/gvhBqEuetQs[\/youtube]<\/p>\n<p><strong>Primera |<\/strong> Ciudad de Bah\u00eda Blanca \u2013 Fecha #5<\/p>\n<p><strong>Napost\u00e1 88:<\/strong> Mat\u00edas Mart\u00ednez 3 (D), Ramiro Aguirre 8, Juan Manuel Bicondoa 14, Augusto Meneses 19, Nicol\u00e1s Quiroga 26 (FI) Mateo Fern\u00e1ndez Solari 10, Tom\u00e1s Sebasti\u00e1n 2, Luciano Polak 0, Mart\u00edn Catala 2, Santiago Soriano 0, Joaqu\u00edn Godio 4. DT: Sebasti\u00e1n Aleksoski.<\/p>\n<p><strong>El Nacional 80:<\/strong> Ezequiel Meneses 19, Lucas Chaves 22 (X), Octavio Cancellarich 8, Tom\u00e1s Taj\u00e1n 9, Gustavo Bancero 0 (FI) Alan Gonz\u00e1lez 6, Fausto De Paoli 3, Mariano Blanche 2, Emiliano Iraola 3, Facundo Mart\u00ednez 4, Franco Guidi 0, Emiliano Valbuena 3. DT: Juan Andr\u00e9s Garc\u00eda.<\/p>\n<p><strong>Parciales:<\/strong> 20-17, 36-41 (16-24), 65-48 (29-7) y 88-80 (23-32).<\/p>\n<p><strong>\u00c1rbitros:<\/strong> Sebasti\u00e1n Arcas \u2013 Nicol\u00e1s Larrazolo.<\/p>\n<p><strong>Estadio:<\/strong> Antonio Palma (Napost\u00e1).<\/p>\n<p><a href=\"https:\/\/drive.google.com\/file\/d\/1_XdTQA2NUSIVe-o2CSVOR1gvoxBeq8Ut\/view?usp=sharing\" target=\"_blank\" rel=\"noopener\">Ver planilla<\/a><\/p>\n","protected":false},"excerpt":{"rendered":"<p>Quiroga y Meneses combinaron 45 puntos en la victoria de Napo sobre CEN<\/p>\n","protected":false},"author":1,"featured_media":81522,"comment_status":"closed","ping_status":"open","sticky":false,"template":"","format":"standard","meta":{"jnews-multi-image_gallery":[],"jnews_single_post":[],"jnews_primary_category":[],"footnotes":""},"categories":[23,101],"tags":[956,9,607,79,15,283],"class_list":["post-81521","post","type-post","status-publish","format-standard","has-post-thumbnail","hentry","category-primera","category-slide","tag-augusto-meneses","tag-el-nacional","tag-ezequiel-meneses","tag-lucas-chaves","tag-naposta","tag-nicolas-quiroga"],"yoast_head":"<!-- This site is optimized with the Yoast SEO plugin v27.5 - https:\/\/yoast.com\/product\/yoast-seo-wordpress\/ -->\n<title>Asuntos Internos - Gente de B\u00e1squet<\/title>\n<meta name=\"robots\" content=\"index, follow, max-snippet:-1, max-image-preview:large, max-video-preview:-1\" \/>\n<link rel=\"canonical\" href=\"https:\/\/gentedebasquet.com.ar\/sitio\/2018\/04\/08\/asuntos-internos-2\/\" \/>\n<meta property=\"og:locale\" content=\"es_ES\" \/>\n<meta property=\"og:type\" content=\"article\" \/>\n<meta property=\"og:title\" content=\"Asuntos Internos - Gente de B\u00e1squet\" \/>\n<meta property=\"og:description\" content=\"Quiroga y Meneses combinaron 45 puntos en la victoria de Napo sobre CEN\" \/>\n<meta property=\"og:url\" content=\"https:\/\/gentedebasquet.com.ar\/sitio\/2018\/04\/08\/asuntos-internos-2\/\" \/>\n<meta property=\"og:site_name\" content=\"Gente de B\u00e1squet\" \/>\n<meta property=\"article:published_time\" content=\"2018-04-09T02:11:59+00:00\" \/>\n<meta property=\"og:image\" content=\"https:\/\/gentedebasquet.com.ar\/sitio\/wp-content\/uploads\/2018\/04\/Naposta-El-Nacional.jpg\" \/>\n\t<meta property=\"og:image:width\" content=\"690\" \/>\n\t<meta property=\"og:image:height\" content=\"319\" \/>\n\t<meta property=\"og:image:type\" content=\"image\/jpeg\" \/>\n<meta name=\"author\" content=\"Gente de B\u00e1squet\" \/>\n<meta name=\"twitter:card\" content=\"summary_large_image\" \/>\n<meta name=\"twitter:label1\" content=\"Escrito por\" \/>\n\t<meta name=\"twitter:data1\" content=\"Gente de B\u00e1squet\" \/>\n\t<meta name=\"twitter:label2\" content=\"Tiempo de lectura\" \/>\n\t<meta name=\"twitter:data2\" content=\"3 minutos\" \/>\n<script type=\"application\/ld+json\" class=\"yoast-schema-graph\">{\"@context\":\"https:\\\/\\\/schema.org\",\"@graph\":[{\"@type\":\"Article\",\"@id\":\"https:\\\/\\\/gentedebasquet.com.ar\\\/sitio\\\/2018\\\/04\\\/08\\\/asuntos-internos-2\\\/#article\",\"isPartOf\":{\"@id\":\"https:\\\/\\\/gentedebasquet.com.ar\\\/sitio\\\/2018\\\/04\\\/08\\\/asuntos-internos-2\\\/\"},\"author\":{\"name\":\"Gente de B\u00e1squet\",\"@id\":\"http:\\\/\\\/gentedebasquet.com.ar\\\/sitio\\\/#\\\/schema\\\/person\\\/ca0b63bbb977369988a7bbbdc519943a\"},\"headline\":\"Asuntos Internos\",\"datePublished\":\"2018-04-09T02:11:59+00:00\",\"mainEntityOfPage\":{\"@id\":\"https:\\\/\\\/gentedebasquet.com.ar\\\/sitio\\\/2018\\\/04\\\/08\\\/asuntos-internos-2\\\/\"},\"wordCount\":574,\"image\":{\"@id\":\"https:\\\/\\\/gentedebasquet.com.ar\\\/sitio\\\/2018\\\/04\\\/08\\\/asuntos-internos-2\\\/#primaryimage\"},\"thumbnailUrl\":\"http:\\\/\\\/gentedebasquet.com.ar\\\/sitio\\\/wp-content\\\/uploads\\\/2018\\\/04\\\/Naposta-El-Nacional.jpg\",\"keywords\":[\"Augusto Meneses\",\"El Nacional\",\"Ezequiel Meneses\",\"Lucas Chaves\",\"Naposta\",\"Nicol\u00e1s Quiroga\"],\"articleSection\":[\"Primera\",\"Slide\"],\"inLanguage\":\"es\"},{\"@type\":\"WebPage\",\"@id\":\"https:\\\/\\\/gentedebasquet.com.ar\\\/sitio\\\/2018\\\/04\\\/08\\\/asuntos-internos-2\\\/\",\"url\":\"https:\\\/\\\/gentedebasquet.com.ar\\\/sitio\\\/2018\\\/04\\\/08\\\/asuntos-internos-2\\\/\",\"name\":\"Asuntos Internos - Gente de B\u00e1squet\",\"isPartOf\":{\"@id\":\"http:\\\/\\\/gentedebasquet.com.ar\\\/sitio\\\/#website\"},\"primaryImageOfPage\":{\"@id\":\"https:\\\/\\\/gentedebasquet.com.ar\\\/sitio\\\/2018\\\/04\\\/08\\\/asuntos-internos-2\\\/#primaryimage\"},\"image\":{\"@id\":\"https:\\\/\\\/gentedebasquet.com.ar\\\/sitio\\\/2018\\\/04\\\/08\\\/asuntos-internos-2\\\/#primaryimage\"},\"thumbnailUrl\":\"http:\\\/\\\/gentedebasquet.com.ar\\\/sitio\\\/wp-content\\\/uploads\\\/2018\\\/04\\\/Naposta-El-Nacional.jpg\",\"datePublished\":\"2018-04-09T02:11:59+00:00\",\"author\":{\"@id\":\"http:\\\/\\\/gentedebasquet.com.ar\\\/sitio\\\/#\\\/schema\\\/person\\\/ca0b63bbb977369988a7bbbdc519943a\"},\"breadcrumb\":{\"@id\":\"https:\\\/\\\/gentedebasquet.com.ar\\\/sitio\\\/2018\\\/04\\\/08\\\/asuntos-internos-2\\\/#breadcrumb\"},\"inLanguage\":\"es\",\"potentialAction\":[{\"@type\":\"ReadAction\",\"target\":[\"https:\\\/\\\/gentedebasquet.com.ar\\\/sitio\\\/2018\\\/04\\\/08\\\/asuntos-internos-2\\\/\"]}]},{\"@type\":\"ImageObject\",\"inLanguage\":\"es\",\"@id\":\"https:\\\/\\\/gentedebasquet.com.ar\\\/sitio\\\/2018\\\/04\\\/08\\\/asuntos-internos-2\\\/#primaryimage\",\"url\":\"http:\\\/\\\/gentedebasquet.com.ar\\\/sitio\\\/wp-content\\\/uploads\\\/2018\\\/04\\\/Naposta-El-Nacional.jpg\",\"contentUrl\":\"http:\\\/\\\/gentedebasquet.com.ar\\\/sitio\\\/wp-content\\\/uploads\\\/2018\\\/04\\\/Naposta-El-Nacional.jpg\",\"width\":690,\"height\":319},{\"@type\":\"BreadcrumbList\",\"@id\":\"https:\\\/\\\/gentedebasquet.com.ar\\\/sitio\\\/2018\\\/04\\\/08\\\/asuntos-internos-2\\\/#breadcrumb\",\"itemListElement\":[{\"@type\":\"ListItem\",\"position\":1,\"name\":\"Portada\",\"item\":\"http:\\\/\\\/gentedebasquet.com.ar\\\/sitio\\\/\"},{\"@type\":\"ListItem\",\"position\":2,\"name\":\"Asuntos Internos\"}]},{\"@type\":\"WebSite\",\"@id\":\"http:\\\/\\\/gentedebasquet.com.ar\\\/sitio\\\/#website\",\"url\":\"http:\\\/\\\/gentedebasquet.com.ar\\\/sitio\\\/\",\"name\":\"Gente de B\u00e1squet\",\"description\":\"La revista del basquet de Bah\u00eda Blanca\",\"potentialAction\":[{\"@type\":\"SearchAction\",\"target\":{\"@type\":\"EntryPoint\",\"urlTemplate\":\"http:\\\/\\\/gentedebasquet.com.ar\\\/sitio\\\/?s={search_term_string}\"},\"query-input\":{\"@type\":\"PropertyValueSpecification\",\"valueRequired\":true,\"valueName\":\"search_term_string\"}}],\"inLanguage\":\"es\"},{\"@type\":\"Person\",\"@id\":\"http:\\\/\\\/gentedebasquet.com.ar\\\/sitio\\\/#\\\/schema\\\/person\\\/ca0b63bbb977369988a7bbbdc519943a\",\"name\":\"Gente de B\u00e1squet\",\"image\":{\"@type\":\"ImageObject\",\"inLanguage\":\"es\",\"@id\":\"https:\\\/\\\/secure.gravatar.com\\\/avatar\\\/7f2c48bdc33b30088f941fb6082e555f2874c98e20cb159d7b92b50eadfce793?s=96&d=mm&r=g\",\"url\":\"https:\\\/\\\/secure.gravatar.com\\\/avatar\\\/7f2c48bdc33b30088f941fb6082e555f2874c98e20cb159d7b92b50eadfce793?s=96&d=mm&r=g\",\"contentUrl\":\"https:\\\/\\\/secure.gravatar.com\\\/avatar\\\/7f2c48bdc33b30088f941fb6082e555f2874c98e20cb159d7b92b50eadfce793?s=96&d=mm&r=g\",\"caption\":\"Gente de B\u00e1squet\"},\"sameAs\":[\"http:\\\/\\\/gentedebasquet.com.ar\\\/sitio\"],\"url\":\"http:\\\/\\\/gentedebasquet.com.ar\\\/sitio\\\/author\\\/ulises\\\/\"}]}<\/script>\n<!-- \/ Yoast SEO plugin. -->","yoast_head_json":{"title":"Asuntos Internos - Gente de B\u00e1squet","robots":{"index":"index","follow":"follow","max-snippet":"max-snippet:-1","max-image-preview":"max-image-preview:large","max-video-preview":"max-video-preview:-1"},"canonical":"https:\/\/gentedebasquet.com.ar\/sitio\/2018\/04\/08\/asuntos-internos-2\/","og_locale":"es_ES","og_type":"article","og_title":"Asuntos Internos - Gente de B\u00e1squet","og_description":"Quiroga y Meneses combinaron 45 puntos en la victoria de Napo sobre CEN","og_url":"https:\/\/gentedebasquet.com.ar\/sitio\/2018\/04\/08\/asuntos-internos-2\/","og_site_name":"Gente de B\u00e1squet","article_published_time":"2018-04-09T02:11:59+00:00","og_image":[{"width":690,"height":319,"url":"https:\/\/gentedebasquet.com.ar\/sitio\/wp-content\/uploads\/2018\/04\/Naposta-El-Nacional.jpg","type":"image\/jpeg"}],"author":"Gente de B\u00e1squet","twitter_card":"summary_large_image","twitter_misc":{"Escrito por":"Gente de B\u00e1squet","Tiempo de lectura":"3 minutos"},"schema":{"@context":"https:\/\/schema.org","@graph":[{"@type":"Article","@id":"https:\/\/gentedebasquet.com.ar\/sitio\/2018\/04\/08\/asuntos-internos-2\/#article","isPartOf":{"@id":"https:\/\/gentedebasquet.com.ar\/sitio\/2018\/04\/08\/asuntos-internos-2\/"},"author":{"name":"Gente de B\u00e1squet","@id":"http:\/\/gentedebasquet.com.ar\/sitio\/#\/schema\/person\/ca0b63bbb977369988a7bbbdc519943a"},"headline":"Asuntos Internos","datePublished":"2018-04-09T02:11:59+00:00","mainEntityOfPage":{"@id":"https:\/\/gentedebasquet.com.ar\/sitio\/2018\/04\/08\/asuntos-internos-2\/"},"wordCount":574,"image":{"@id":"https:\/\/gentedebasquet.com.ar\/sitio\/2018\/04\/08\/asuntos-internos-2\/#primaryimage"},"thumbnailUrl":"http:\/\/gentedebasquet.com.ar\/sitio\/wp-content\/uploads\/2018\/04\/Naposta-El-Nacional.jpg","keywords":["Augusto Meneses","El Nacional","Ezequiel Meneses","Lucas Chaves","Naposta","Nicol\u00e1s Quiroga"],"articleSection":["Primera","Slide"],"inLanguage":"es"},{"@type":"WebPage","@id":"https:\/\/gentedebasquet.com.ar\/sitio\/2018\/04\/08\/asuntos-internos-2\/","url":"https:\/\/gentedebasquet.com.ar\/sitio\/2018\/04\/08\/asuntos-internos-2\/","name":"Asuntos Internos - Gente de B\u00e1squet","isPartOf":{"@id":"http:\/\/gentedebasquet.com.ar\/sitio\/#website"},"primaryImageOfPage":{"@id":"https:\/\/gentedebasquet.com.ar\/sitio\/2018\/04\/08\/asuntos-internos-2\/#primaryimage"},"image":{"@id":"https:\/\/gentedebasquet.com.ar\/sitio\/2018\/04\/08\/asuntos-internos-2\/#primaryimage"},"thumbnailUrl":"http:\/\/gentedebasquet.com.ar\/sitio\/wp-content\/uploads\/2018\/04\/Naposta-El-Nacional.jpg","datePublished":"2018-04-09T02:11:59+00:00","author":{"@id":"http:\/\/gentedebasquet.com.ar\/sitio\/#\/schema\/person\/ca0b63bbb977369988a7bbbdc519943a"},"breadcrumb":{"@id":"https:\/\/gentedebasquet.com.ar\/sitio\/2018\/04\/08\/asuntos-internos-2\/#breadcrumb"},"inLanguage":"es","potentialAction":[{"@type":"ReadAction","target":["https:\/\/gentedebasquet.com.ar\/sitio\/2018\/04\/08\/asuntos-internos-2\/"]}]},{"@type":"ImageObject","inLanguage":"es","@id":"https:\/\/gentedebasquet.com.ar\/sitio\/2018\/04\/08\/asuntos-internos-2\/#primaryimage","url":"http:\/\/gentedebasquet.com.ar\/sitio\/wp-content\/uploads\/2018\/04\/Naposta-El-Nacional.jpg","contentUrl":"http:\/\/gentedebasquet.com.ar\/sitio\/wp-content\/uploads\/2018\/04\/Naposta-El-Nacional.jpg","width":690,"height":319},{"@type":"BreadcrumbList","@id":"https:\/\/gentedebasquet.com.ar\/sitio\/2018\/04\/08\/asuntos-internos-2\/#breadcrumb","itemListElement":[{"@type":"ListItem","position":1,"name":"Portada","item":"http:\/\/gentedebasquet.com.ar\/sitio\/"},{"@type":"ListItem","position":2,"name":"Asuntos Internos"}]},{"@type":"WebSite","@id":"http:\/\/gentedebasquet.com.ar\/sitio\/#website","url":"http:\/\/gentedebasquet.com.ar\/sitio\/","name":"Gente de B\u00e1squet","description":"La revista del basquet de Bah\u00eda Blanca","potentialAction":[{"@type":"SearchAction","target":{"@type":"EntryPoint","urlTemplate":"http:\/\/gentedebasquet.com.ar\/sitio\/?s={search_term_string}"},"query-input":{"@type":"PropertyValueSpecification","valueRequired":true,"valueName":"search_term_string"}}],"inLanguage":"es"},{"@type":"Person","@id":"http:\/\/gentedebasquet.com.ar\/sitio\/#\/schema\/person\/ca0b63bbb977369988a7bbbdc519943a","name":"Gente de B\u00e1squet","image":{"@type":"ImageObject","inLanguage":"es","@id":"https:\/\/secure.gravatar.com\/avatar\/7f2c48bdc33b30088f941fb6082e555f2874c98e20cb159d7b92b50eadfce793?s=96&d=mm&r=g","url":"https:\/\/secure.gravatar.com\/avatar\/7f2c48bdc33b30088f941fb6082e555f2874c98e20cb159d7b92b50eadfce793?s=96&d=mm&r=g","contentUrl":"https:\/\/secure.gravatar.com\/avatar\/7f2c48bdc33b30088f941fb6082e555f2874c98e20cb159d7b92b50eadfce793?s=96&d=mm&r=g","caption":"Gente de B\u00e1squet"},"sameAs":["http:\/\/gentedebasquet.com.ar\/sitio"],"url":"http:\/\/gentedebasquet.com.ar\/sitio\/author\/ulises\/"}]}},"_links":{"self":[{"href":"http:\/\/gentedebasquet.com.ar\/sitio\/wp-json\/wp\/v2\/posts\/81521","targetHints":{"allow":["GET"]}}],"collection":[{"href":"http:\/\/gentedebasquet.com.ar\/sitio\/wp-json\/wp\/v2\/posts"}],"about":[{"href":"http:\/\/gentedebasquet.com.ar\/sitio\/wp-json\/wp\/v2\/types\/post"}],"author":[{"embeddable":true,"href":"http:\/\/gentedebasquet.com.ar\/sitio\/wp-json\/wp\/v2\/users\/1"}],"replies":[{"embeddable":true,"href":"http:\/\/gentedebasquet.com.ar\/sitio\/wp-json\/wp\/v2\/comments?post=81521"}],"version-history":[{"count":0,"href":"http:\/\/gentedebasquet.com.ar\/sitio\/wp-json\/wp\/v2\/posts\/81521\/revisions"}],"wp:featuredmedia":[{"embeddable":true,"href":"http:\/\/gentedebasquet.com.ar\/sitio\/wp-json\/wp\/v2\/media\/81522"}],"wp:attachment":[{"href":"http:\/\/gentedebasquet.com.ar\/sitio\/wp-json\/wp\/v2\/media?parent=81521"}],"wp:term":[{"taxonomy":"category","embeddable":true,"href":"http:\/\/gentedebasquet.com.ar\/sitio\/wp-json\/wp\/v2\/categories?post=81521"},{"taxonomy":"post_tag","embeddable":true,"href":"http:\/\/gentedebasquet.com.ar\/sitio\/wp-json\/wp\/v2\/tags?post=81521"}],"curies":[{"name":"wp","href":"https:\/\/api.w.org\/{rel}","templated":true}]}}