{"id":82157,"date":"2018-04-22T23:50:47","date_gmt":"2018-04-23T02:50:47","guid":{"rendered":"http:\/\/www.gentedebasquet.com.ar\/?p=82157"},"modified":"2018-04-22T23:50:47","modified_gmt":"2018-04-23T02:50:47","slug":"mas-rojo-que-verde-2","status":"publish","type":"post","link":"http:\/\/gentedebasquet.com.ar\/sitio\/2018\/04\/22\/mas-rojo-que-verde-2\/","title":{"rendered":"M\u00e1s rojo que verde"},"content":{"rendered":"<p><strong>Por necesidad y por ideolog\u00eda, Alem arranc\u00f3 el a\u00f1o con un equipo plagado de juveniles, los mismos que en la cancha de Olimpo le dieron a pura personalidad la segunda alegr\u00eda, al imponerse por 76 a 70.<\/strong><\/p>\n<p><strong>El verdirrojo domin\u00f3 el tanteador de punta a punta, llegando a sacar 19 tantos de ventaja en la primera jugada del 3C (22-41). No obstante, tras lanzar 0\/7 a distancia en el 1T, el aurinegro acert\u00f3 6\/9 en el 3C y regres\u00f3 al juego, alcanzando a colocarse 65-70 a 1m01.<\/strong><\/p>\n<p><strong>Juan Menna (20, 6 rebotes y 7 asistencias) y Walter Gigena (19 tantos, 8 tableros y 4 robos) lideraron al visitante desde lo estad\u00edstico; mientras que Juan Pedro Hollender (18 y 10 recobres) y Franco Elichiry (18, con 5\/12 en triples) sobresalieron en el due\u00f1o de casa.<\/strong><\/p>\n<p>El juego en el Tom\u00e1s comenz\u00f3 a un ritmo fren\u00e9tico, aunque al promediar el 1C Alem logr\u00f3 comenzar a imponer su ritmo y no permiti\u00f3 a Olimpo correr la cancha. A partir ah\u00ed, tom\u00f3 el control del juego.<\/p>\n<p><img decoding=\"async\" class=\"size-full wp-image-82178 alignright\" src=\"http:\/\/www.gentedebasquet.com.ar\/wp-content\/uploads\/2018\/04\/Olimpo-Alem-Pedro.jpg\" alt=\"\" width=\"400\" height=\"270\" \/><\/p>\n<p>Tras estar 6-4 abajo (la \u00fanica vez en la noche que el aurinegro lider\u00f3 el marcador), con triple de Zapata y tres rebotes en ataque incluidos, la visita sell\u00f3 un parcial de 9 a 0 y 12 a 2 que lo colocaron al frente.<\/p>\n<p>En gran parte, la ascendente tarea del base tresarroyense Juan Menna contagi\u00f3 al resto, apareciendo con buenos pasajes el propio Zapata, Felipe Mandolesi y, m\u00e1s tarde, Mateo Murphy.<\/p>\n<p>Alem se nutri\u00f3 de sangre joven (no jugaron Pascual y Loos, se espera por Scheines, Bollo, Pancho Jasen y \u00bfLevy?) para ampliar el marcador paulatinamente ya ingresado el 2C, cuando Olimpo estir\u00f3 a 0\/7 su nefasta punter\u00eda a distancia.<\/p>\n<p>As\u00ed, tras 4m55 sin anotar, Olimpo qued\u00f3 15 abajo a 3m25 del ET (15-30).<\/p>\n<p>En lo sucesivo, los ingresos de Astradas y Rotta renovaron el ox\u00edgeno para los dirigidos por Leandro Carbonell, mientras que Montenegro y Hollender intentaban da\u00f1ar cerca de los tableros.<\/p>\n<blockquote><p>Lo planteamos como una final pero esto no define nada, a los dos equipos nos faltan jugadores. Ayer trabajamos mucho con el Topa (Leandro Carbonell) y con Lautaro (Su\u00e1rez) los sistemas de ellos, estuvimos dos horas viendo paso por paso lo que hac\u00eda Olimpo. Gracias a Dios sali\u00f3 todo lo planificado y nos pudimos llevar este partido. En el tercer cuarto nos met\u00edan triples de todos lados, fue dif\u00edcil; pero tuvimos la cabeza fr\u00eda para seguir adelante. Los chicos son j\u00f3venes pero saben jugar, no le tienen miedo a nada y si seguimos por este camino vamos a andar bien (Walter Gigena)<\/p><\/blockquote>\n<p>La m\u00e1xima lleg\u00f3 en el amanecer del segundo tiempo, con libres de Gigena: 22-41 a 8m47 del 3C.<\/p>\n<p>Sin embargo, el local cambi\u00f3 el rumbo del juego logrando tres bombas en fila (dos de Elichiry y una de Agust\u00edn Pedro), obligando a Alem a solicitar un tiempo muerto.<\/p>\n<p><img decoding=\"async\" class=\"size-full wp-image-82177 alignleft\" src=\"http:\/\/www.gentedebasquet.com.ar\/wp-content\/uploads\/2018\/04\/Olimpo-Alem-Murphy.jpg\" alt=\"\" width=\"400\" height=\"270\" \/><\/p>\n<p>Aunque la tendencia se mantuvo, Elichiry clav\u00f3 dos m\u00e1s y Pedro otro, recortando a 46-55 la desventaja.<\/p>\n<p>Fue Gigena, primero haci\u00e9ndose fuerte en defensa y luego llegando hasta lo profundo o subiendo el volumen, quien arroj\u00f3 tranquilidad a su equipo.<\/p>\n<p>M\u00e1s tarde emergi\u00f3 la versi\u00f3n anotadora de Menna y finalmente N\u00fa\u00f1ez logr\u00f3 la jugada de tres a la antigua para que con 3m21 por delante, el verdirrojo goce de 11 tantos de luz.<\/p>\n<p>Olimpo intent\u00f3 descontar con viajes a la l\u00ednea de Hollender, al tiempo que Alem sufr\u00eda su corta rotaci\u00f3n y las faltas cometidas.<\/p>\n<p>Sin embargo, el resultado nunca lleg\u00f3 a estar en peligro.<\/p>\n<p>Siendo prolijo para atacar y meticuloso para agacharse y defender, Alem redonde\u00f3 una muy buena tarea en el Tom\u00e1s y se qued\u00f3 con la victoria.<\/p>\n<p><iframe loading=\"lazy\" src=\"https:\/\/www.youtube.com\/embed\/oVeQX7SIFmM\" width=\"560\" height=\"315\" frameborder=\"0\" allowfullscreen=\"allowfullscreen\"><\/iframe><\/p>\n<p><strong>S\u00edntesis |<\/strong>\u00a0Primera Divisi\u00f3n \u2013 Primer Tramo \u2013 Fecha #9<\/p>\n<p><strong>Olimpo 70:<\/strong>\u00a0Agust\u00edn Pedro 12, Cristian Victoria 6, Federico Rucci 0, Mat\u00edas Mailo 4, Juan Pedro Hollender 18 (Fi); Fausto Ruesga 2, Agust\u00edn Solomon 2, Federico Montenegro 4, Franco Elichiry 18 y Marcos Diel 4. DT: Juan Cruz Santini.<\/p>\n<p><strong>Alem 76:<\/strong>\u00a0Juan Segundo Menna 20, Patricio Zapata 4 (x), Felipe Mandolesi 3, Walter Gigena 19, Mariano N\u00fa\u00f1ez 13 (x) (Fi); Agust\u00edn Astradas 6, Juan Pablo Rotta 2, Mateo Murphy 9 y Augusto Priore 0. DT: Leandro Carbonell.<\/p>\n<p><strong>Cuartos:<\/strong>\u00a011-21, 22-39 (11-18), 46-58 (24-19) y 70-76 (24-18).<\/p>\n<p><strong>\u00c1rbitros:<\/strong>\u00a0Eduardo Ferreyra &#8211; Lucas Paulete.<\/p>\n<p><strong>Estadio:<\/strong>\u00a0Norberto Tom\u00e1s (Olimpo).<\/p>\n<p><a class=\"modalf iframe\" title=\"Planilla\" href=\"https:\/\/docs.google.com\/spreadsheets\/d\/e\/2PACX-1vR6RSonItT2eZJxYUsJnVR9vkDIDOA51Bct37ioxcF9uV8lxaEIwmZD434dSymhgMHy4eERKK-BgNH_\/pubhtml\" target=\"_blank\" rel=\"noopener\">Ver Planilla<\/a><\/p>\n","protected":false},"excerpt":{"rendered":"<p>Alem crece al ritmo de sus j\u00f3venes: 76 a 70 a Olimpo en el Norberto Tom\u00e1s<\/p>\n","protected":false},"author":1,"featured_media":82176,"comment_status":"closed","ping_status":"open","sticky":false,"template":"","format":"standard","meta":{"jnews-multi-image_gallery":[],"jnews_single_post":[],"jnews_primary_category":[],"footnotes":""},"categories":[23,101],"tags":[3,1629,1630,1605,16,302],"class_list":["post-82157","post","type-post","status-publish","format-standard","has-post-thumbnail","hentry","category-primera","category-slide","tag-alem","tag-franco-elichiry","tag-juan-menna","tag-juan-pedro-hollender","tag-olimpo","tag-walter-gigena"],"yoast_head":"<!-- This site is optimized with the Yoast SEO plugin v27.5 - https:\/\/yoast.com\/product\/yoast-seo-wordpress\/ -->\n<title>M\u00e1s rojo que verde - Gente de B\u00e1squet<\/title>\n<meta name=\"robots\" content=\"index, follow, max-snippet:-1, max-image-preview:large, max-video-preview:-1\" \/>\n<link rel=\"canonical\" href=\"https:\/\/gentedebasquet.com.ar\/sitio\/2018\/04\/22\/mas-rojo-que-verde-2\/\" \/>\n<meta property=\"og:locale\" content=\"es_ES\" \/>\n<meta property=\"og:type\" content=\"article\" \/>\n<meta property=\"og:title\" content=\"M\u00e1s rojo que verde - Gente de B\u00e1squet\" \/>\n<meta property=\"og:description\" content=\"Alem crece al ritmo de sus j\u00f3venes: 76 a 70 a Olimpo en el Norberto Tom\u00e1s\" \/>\n<meta property=\"og:url\" content=\"https:\/\/gentedebasquet.com.ar\/sitio\/2018\/04\/22\/mas-rojo-que-verde-2\/\" \/>\n<meta property=\"og:site_name\" content=\"Gente de B\u00e1squet\" \/>\n<meta property=\"article:published_time\" content=\"2018-04-23T02:50:47+00:00\" \/>\n<meta name=\"author\" content=\"Gente de B\u00e1squet\" \/>\n<meta name=\"twitter:card\" content=\"summary_large_image\" \/>\n<meta name=\"twitter:label1\" content=\"Escrito por\" \/>\n\t<meta name=\"twitter:data1\" content=\"Gente de B\u00e1squet\" \/>\n\t<meta name=\"twitter:label2\" content=\"Tiempo de lectura\" \/>\n\t<meta name=\"twitter:data2\" content=\"4 minutos\" \/>\n<script type=\"application\/ld+json\" class=\"yoast-schema-graph\">{\"@context\":\"https:\\\/\\\/schema.org\",\"@graph\":[{\"@type\":\"Article\",\"@id\":\"https:\\\/\\\/gentedebasquet.com.ar\\\/sitio\\\/2018\\\/04\\\/22\\\/mas-rojo-que-verde-2\\\/#article\",\"isPartOf\":{\"@id\":\"https:\\\/\\\/gentedebasquet.com.ar\\\/sitio\\\/2018\\\/04\\\/22\\\/mas-rojo-que-verde-2\\\/\"},\"author\":{\"name\":\"Gente de B\u00e1squet\",\"@id\":\"https:\\\/\\\/gentedebasquet.com.ar\\\/sitio\\\/#\\\/schema\\\/person\\\/ca0b63bbb977369988a7bbbdc519943a\"},\"headline\":\"M\u00e1s rojo que verde\",\"datePublished\":\"2018-04-23T02:50:47+00:00\",\"mainEntityOfPage\":{\"@id\":\"https:\\\/\\\/gentedebasquet.com.ar\\\/sitio\\\/2018\\\/04\\\/22\\\/mas-rojo-que-verde-2\\\/\"},\"wordCount\":708,\"image\":{\"@id\":\"https:\\\/\\\/gentedebasquet.com.ar\\\/sitio\\\/2018\\\/04\\\/22\\\/mas-rojo-que-verde-2\\\/#primaryimage\"},\"thumbnailUrl\":\"\",\"keywords\":[\"Alem\",\"Franco Elichiry\",\"Juan Menna\",\"Juan Pedro Hollender\",\"Ol\u00edmpo\",\"Walter Gigena\"],\"articleSection\":[\"Primera\",\"Slide\"],\"inLanguage\":\"es\"},{\"@type\":\"WebPage\",\"@id\":\"https:\\\/\\\/gentedebasquet.com.ar\\\/sitio\\\/2018\\\/04\\\/22\\\/mas-rojo-que-verde-2\\\/\",\"url\":\"https:\\\/\\\/gentedebasquet.com.ar\\\/sitio\\\/2018\\\/04\\\/22\\\/mas-rojo-que-verde-2\\\/\",\"name\":\"M\u00e1s rojo que verde - Gente de B\u00e1squet\",\"isPartOf\":{\"@id\":\"https:\\\/\\\/gentedebasquet.com.ar\\\/sitio\\\/#website\"},\"primaryImageOfPage\":{\"@id\":\"https:\\\/\\\/gentedebasquet.com.ar\\\/sitio\\\/2018\\\/04\\\/22\\\/mas-rojo-que-verde-2\\\/#primaryimage\"},\"image\":{\"@id\":\"https:\\\/\\\/gentedebasquet.com.ar\\\/sitio\\\/2018\\\/04\\\/22\\\/mas-rojo-que-verde-2\\\/#primaryimage\"},\"thumbnailUrl\":\"\",\"datePublished\":\"2018-04-23T02:50:47+00:00\",\"author\":{\"@id\":\"https:\\\/\\\/gentedebasquet.com.ar\\\/sitio\\\/#\\\/schema\\\/person\\\/ca0b63bbb977369988a7bbbdc519943a\"},\"breadcrumb\":{\"@id\":\"https:\\\/\\\/gentedebasquet.com.ar\\\/sitio\\\/2018\\\/04\\\/22\\\/mas-rojo-que-verde-2\\\/#breadcrumb\"},\"inLanguage\":\"es\",\"potentialAction\":[{\"@type\":\"ReadAction\",\"target\":[\"https:\\\/\\\/gentedebasquet.com.ar\\\/sitio\\\/2018\\\/04\\\/22\\\/mas-rojo-que-verde-2\\\/\"]}]},{\"@type\":\"ImageObject\",\"inLanguage\":\"es\",\"@id\":\"https:\\\/\\\/gentedebasquet.com.ar\\\/sitio\\\/2018\\\/04\\\/22\\\/mas-rojo-que-verde-2\\\/#primaryimage\",\"url\":\"\",\"contentUrl\":\"\"},{\"@type\":\"BreadcrumbList\",\"@id\":\"https:\\\/\\\/gentedebasquet.com.ar\\\/sitio\\\/2018\\\/04\\\/22\\\/mas-rojo-que-verde-2\\\/#breadcrumb\",\"itemListElement\":[{\"@type\":\"ListItem\",\"position\":1,\"name\":\"Portada\",\"item\":\"https:\\\/\\\/gentedebasquet.com.ar\\\/sitio\\\/\"},{\"@type\":\"ListItem\",\"position\":2,\"name\":\"M\u00e1s rojo que verde\"}]},{\"@type\":\"WebSite\",\"@id\":\"https:\\\/\\\/gentedebasquet.com.ar\\\/sitio\\\/#website\",\"url\":\"https:\\\/\\\/gentedebasquet.com.ar\\\/sitio\\\/\",\"name\":\"Gente de B\u00e1squet\",\"description\":\"La revista del basquet de Bah\u00eda Blanca\",\"potentialAction\":[{\"@type\":\"SearchAction\",\"target\":{\"@type\":\"EntryPoint\",\"urlTemplate\":\"https:\\\/\\\/gentedebasquet.com.ar\\\/sitio\\\/?s={search_term_string}\"},\"query-input\":{\"@type\":\"PropertyValueSpecification\",\"valueRequired\":true,\"valueName\":\"search_term_string\"}}],\"inLanguage\":\"es\"},{\"@type\":\"Person\",\"@id\":\"https:\\\/\\\/gentedebasquet.com.ar\\\/sitio\\\/#\\\/schema\\\/person\\\/ca0b63bbb977369988a7bbbdc519943a\",\"name\":\"Gente de B\u00e1squet\",\"image\":{\"@type\":\"ImageObject\",\"inLanguage\":\"es\",\"@id\":\"https:\\\/\\\/secure.gravatar.com\\\/avatar\\\/7f2c48bdc33b30088f941fb6082e555f2874c98e20cb159d7b92b50eadfce793?s=96&d=mm&r=g\",\"url\":\"https:\\\/\\\/secure.gravatar.com\\\/avatar\\\/7f2c48bdc33b30088f941fb6082e555f2874c98e20cb159d7b92b50eadfce793?s=96&d=mm&r=g\",\"contentUrl\":\"https:\\\/\\\/secure.gravatar.com\\\/avatar\\\/7f2c48bdc33b30088f941fb6082e555f2874c98e20cb159d7b92b50eadfce793?s=96&d=mm&r=g\",\"caption\":\"Gente de B\u00e1squet\"},\"sameAs\":[\"http:\\\/\\\/gentedebasquet.com.ar\\\/sitio\"],\"url\":\"http:\\\/\\\/gentedebasquet.com.ar\\\/sitio\\\/author\\\/ulises\\\/\"}]}<\/script>\n<!-- \/ Yoast SEO plugin. -->","yoast_head_json":{"title":"M\u00e1s rojo que verde - Gente de B\u00e1squet","robots":{"index":"index","follow":"follow","max-snippet":"max-snippet:-1","max-image-preview":"max-image-preview:large","max-video-preview":"max-video-preview:-1"},"canonical":"https:\/\/gentedebasquet.com.ar\/sitio\/2018\/04\/22\/mas-rojo-que-verde-2\/","og_locale":"es_ES","og_type":"article","og_title":"M\u00e1s rojo que verde - Gente de B\u00e1squet","og_description":"Alem crece al ritmo de sus j\u00f3venes: 76 a 70 a Olimpo en el Norberto Tom\u00e1s","og_url":"https:\/\/gentedebasquet.com.ar\/sitio\/2018\/04\/22\/mas-rojo-que-verde-2\/","og_site_name":"Gente de B\u00e1squet","article_published_time":"2018-04-23T02:50:47+00:00","author":"Gente de B\u00e1squet","twitter_card":"summary_large_image","twitter_misc":{"Escrito por":"Gente de B\u00e1squet","Tiempo de lectura":"4 minutos"},"schema":{"@context":"https:\/\/schema.org","@graph":[{"@type":"Article","@id":"https:\/\/gentedebasquet.com.ar\/sitio\/2018\/04\/22\/mas-rojo-que-verde-2\/#article","isPartOf":{"@id":"https:\/\/gentedebasquet.com.ar\/sitio\/2018\/04\/22\/mas-rojo-que-verde-2\/"},"author":{"name":"Gente de B\u00e1squet","@id":"https:\/\/gentedebasquet.com.ar\/sitio\/#\/schema\/person\/ca0b63bbb977369988a7bbbdc519943a"},"headline":"M\u00e1s rojo que verde","datePublished":"2018-04-23T02:50:47+00:00","mainEntityOfPage":{"@id":"https:\/\/gentedebasquet.com.ar\/sitio\/2018\/04\/22\/mas-rojo-que-verde-2\/"},"wordCount":708,"image":{"@id":"https:\/\/gentedebasquet.com.ar\/sitio\/2018\/04\/22\/mas-rojo-que-verde-2\/#primaryimage"},"thumbnailUrl":"","keywords":["Alem","Franco Elichiry","Juan Menna","Juan Pedro Hollender","Ol\u00edmpo","Walter Gigena"],"articleSection":["Primera","Slide"],"inLanguage":"es"},{"@type":"WebPage","@id":"https:\/\/gentedebasquet.com.ar\/sitio\/2018\/04\/22\/mas-rojo-que-verde-2\/","url":"https:\/\/gentedebasquet.com.ar\/sitio\/2018\/04\/22\/mas-rojo-que-verde-2\/","name":"M\u00e1s rojo que verde - Gente de B\u00e1squet","isPartOf":{"@id":"https:\/\/gentedebasquet.com.ar\/sitio\/#website"},"primaryImageOfPage":{"@id":"https:\/\/gentedebasquet.com.ar\/sitio\/2018\/04\/22\/mas-rojo-que-verde-2\/#primaryimage"},"image":{"@id":"https:\/\/gentedebasquet.com.ar\/sitio\/2018\/04\/22\/mas-rojo-que-verde-2\/#primaryimage"},"thumbnailUrl":"","datePublished":"2018-04-23T02:50:47+00:00","author":{"@id":"https:\/\/gentedebasquet.com.ar\/sitio\/#\/schema\/person\/ca0b63bbb977369988a7bbbdc519943a"},"breadcrumb":{"@id":"https:\/\/gentedebasquet.com.ar\/sitio\/2018\/04\/22\/mas-rojo-que-verde-2\/#breadcrumb"},"inLanguage":"es","potentialAction":[{"@type":"ReadAction","target":["https:\/\/gentedebasquet.com.ar\/sitio\/2018\/04\/22\/mas-rojo-que-verde-2\/"]}]},{"@type":"ImageObject","inLanguage":"es","@id":"https:\/\/gentedebasquet.com.ar\/sitio\/2018\/04\/22\/mas-rojo-que-verde-2\/#primaryimage","url":"","contentUrl":""},{"@type":"BreadcrumbList","@id":"https:\/\/gentedebasquet.com.ar\/sitio\/2018\/04\/22\/mas-rojo-que-verde-2\/#breadcrumb","itemListElement":[{"@type":"ListItem","position":1,"name":"Portada","item":"https:\/\/gentedebasquet.com.ar\/sitio\/"},{"@type":"ListItem","position":2,"name":"M\u00e1s rojo que verde"}]},{"@type":"WebSite","@id":"https:\/\/gentedebasquet.com.ar\/sitio\/#website","url":"https:\/\/gentedebasquet.com.ar\/sitio\/","name":"Gente de B\u00e1squet","description":"La revista del basquet de Bah\u00eda Blanca","potentialAction":[{"@type":"SearchAction","target":{"@type":"EntryPoint","urlTemplate":"https:\/\/gentedebasquet.com.ar\/sitio\/?s={search_term_string}"},"query-input":{"@type":"PropertyValueSpecification","valueRequired":true,"valueName":"search_term_string"}}],"inLanguage":"es"},{"@type":"Person","@id":"https:\/\/gentedebasquet.com.ar\/sitio\/#\/schema\/person\/ca0b63bbb977369988a7bbbdc519943a","name":"Gente de B\u00e1squet","image":{"@type":"ImageObject","inLanguage":"es","@id":"https:\/\/secure.gravatar.com\/avatar\/7f2c48bdc33b30088f941fb6082e555f2874c98e20cb159d7b92b50eadfce793?s=96&d=mm&r=g","url":"https:\/\/secure.gravatar.com\/avatar\/7f2c48bdc33b30088f941fb6082e555f2874c98e20cb159d7b92b50eadfce793?s=96&d=mm&r=g","contentUrl":"https:\/\/secure.gravatar.com\/avatar\/7f2c48bdc33b30088f941fb6082e555f2874c98e20cb159d7b92b50eadfce793?s=96&d=mm&r=g","caption":"Gente de B\u00e1squet"},"sameAs":["http:\/\/gentedebasquet.com.ar\/sitio"],"url":"http:\/\/gentedebasquet.com.ar\/sitio\/author\/ulises\/"}]}},"_links":{"self":[{"href":"http:\/\/gentedebasquet.com.ar\/sitio\/wp-json\/wp\/v2\/posts\/82157","targetHints":{"allow":["GET"]}}],"collection":[{"href":"http:\/\/gentedebasquet.com.ar\/sitio\/wp-json\/wp\/v2\/posts"}],"about":[{"href":"http:\/\/gentedebasquet.com.ar\/sitio\/wp-json\/wp\/v2\/types\/post"}],"author":[{"embeddable":true,"href":"http:\/\/gentedebasquet.com.ar\/sitio\/wp-json\/wp\/v2\/users\/1"}],"replies":[{"embeddable":true,"href":"http:\/\/gentedebasquet.com.ar\/sitio\/wp-json\/wp\/v2\/comments?post=82157"}],"version-history":[{"count":0,"href":"http:\/\/gentedebasquet.com.ar\/sitio\/wp-json\/wp\/v2\/posts\/82157\/revisions"}],"wp:featuredmedia":[{"embeddable":true,"href":"http:\/\/gentedebasquet.com.ar\/sitio\/wp-json\/"}],"wp:attachment":[{"href":"http:\/\/gentedebasquet.com.ar\/sitio\/wp-json\/wp\/v2\/media?parent=82157"}],"wp:term":[{"taxonomy":"category","embeddable":true,"href":"http:\/\/gentedebasquet.com.ar\/sitio\/wp-json\/wp\/v2\/categories?post=82157"},{"taxonomy":"post_tag","embeddable":true,"href":"http:\/\/gentedebasquet.com.ar\/sitio\/wp-json\/wp\/v2\/tags?post=82157"}],"curies":[{"name":"wp","href":"https:\/\/api.w.org\/{rel}","templated":true}]}}