{"id":87580,"date":"2018-09-10T23:38:38","date_gmt":"2018-09-11T02:38:38","guid":{"rendered":"http:\/\/www.gentedebasquet.com.ar\/?p=87580"},"modified":"2018-09-10T23:38:38","modified_gmt":"2018-09-11T02:38:38","slug":"retirado-yo","status":"publish","type":"post","link":"http:\/\/gentedebasquet.com.ar\/sitio\/2018\/09\/10\/retirado-yo\/","title":{"rendered":"\u00bfRetirado yo?"},"content":{"rendered":"<p><strong>Como Pancho por su casa, Hern\u00e1n Jasen decidi\u00f3 volver a calzarse la verdirroja para dar una mano. \u00bfPor qu\u00e9 no? Hace poco anunci\u00f3 su retir\u00f3, s\u00ed, pero del nivel profesional. Y, ello, no le impedir\u00e1\u00a0 hacer lo que est\u00e9 a su alcance para que Leandro Alem sufra lo menos posible. La meta es que despegue de la inc\u00f3moda situaci\u00f3n en la que navega. En la contundente victoria sobre Pueyrred\u00f3n por 93 a 74, el hijo pr\u00f3digo del club de calle Azara se despach\u00f3 con 19 unidades (3-4 t3, 2-5 t2 y 6-6 t1), 14 rebotes, 4 asistencias, 3 robos, 2 p\u00e9rdidas, 3 faltas cometidas y 4 recibidas. Englob\u00f3 un coeficiente de 35 de valoraci\u00f3n. Claro, El Pibe de 40 retorn\u00f3, est\u00e1 activo y fue el m\u00e1s valioso del cotejo. Lejos. Y prometi\u00f3 que habr\u00e1 m\u00e1s funciones&#8230;<\/strong><\/p>\n<p>&nbsp;<\/p>\n<p>En la previa, al momento de confeccionar la planilla nada hizo llamar la atenci\u00f3n. Tampoco, mientras los elencos realizaban los movimientos precompetitivos.<\/p>\n<p>Hasta que alguien avis\u00f3: \u00abRotta no juega, est\u00e1 lesionado\u00bb. Bien. \u00abEntonces, \u00bfqui\u00e9n va con la &#8217;14&#8217;?\u00bb, preguntamos&#8230;<\/p>\n<p>Y en ese mini instante, al un\u00edsono se produjo la levantada de vista, conjuntamente con la respuesta del apuntador: \u00abHern\u00e1n Jasen\u00bb.<\/p>\n<p>A partir de all\u00ed, tras abrir grande los ojos, pas\u00f3 a ser una noche distinta, con m\u00e1s condimentos.<\/p>\n<p>Pancho acaba de dar por clausurada su etapa como jugador profesional, pero nada ni nadie lo har\u00e1 renunciar a darle una mano a su Alem. Por ello, dijo presente en el Vicente Palermo con apenas una pr\u00e1ctica junto al plantel.<\/p>\n<p><a href=\"http:\/\/www.gentedebasquet.com.ar\/wp-content\/uploads\/2018\/09\/41443906_1092840144205907_5103398445981368320_n11.jpg\"><img decoding=\"async\" class=\"size-medium wp-image-87592 alignleft\" src=\"http:\/\/www.gentedebasquet.com.ar\/wp-content\/uploads\/2018\/09\/41443906_1092840144205907_5103398445981368320_n11-300x203.jpg\" alt=\"\" width=\"300\" height=\"203\" srcset=\"http:\/\/gentedebasquet.com.ar\/sitio\/wp-content\/uploads\/2018\/09\/41443906_1092840144205907_5103398445981368320_n11-300x203.jpg 300w, http:\/\/gentedebasquet.com.ar\/sitio\/wp-content\/uploads\/2018\/09\/41443906_1092840144205907_5103398445981368320_n11.jpg 400w\" sizes=\"(max-width: 300px) 100vw, 300px\" \/><\/a><\/p>\n<p>Ello bast\u00f3 para que se adue\u00f1ara de la escena, se robara todas las miradas y volviera a colmar las expectativas: el verdirrojo se reencontr\u00f3 con el \u00e9xito tras dos ca\u00eddas en fila, dando f\u00e1cil cuenta de Pueyrred\u00f3n por 93 a 74. Y Jasen arroj\u00f3 35 de valoraci\u00f3n, producto de 19 unidades, 14 rebotes,\u00a04 asistencias, 3 robos, 2 p\u00e9rdidas, 3 faltas cometidas y 4 recibidas&#8230;<\/p>\n<p>El hu\u00e9sped estuvo todo el tiempo al frente.<\/p>\n<p>Larg\u00f3 con alt\u00edsima presi\u00f3n en el campo, plantando un cinco inicial de enorme volumen f\u00edsico que dej\u00f3 sin campo de acci\u00f3n al auriazul. Los alemnistas fueron tomando distancia, fundamentalmente con el brasile\u00f1o Rafael Paulichi (1-2 t3, 2-2 t2 y 1-1 t1): 5-12 y 9-22.<\/p>\n<p>El due\u00f1o de casa apost\u00f3 a una zona para tratar de contener el vendaval, pero los 2m10 del tambi\u00e9n carioca Pedro Ianguas produjeron dolores de cabeza en ambas zonas pintadas. Y, para colmo, sobrevinieron bombazos de Jasen y del picante Caio De Souza, colaborando para que ese primer lapso culmine 13-28.<\/p>\n<p>Ya en el 2\u00baC, Alem tambi\u00e9n hall\u00f3 una vertiente ofensiva en Walter Gigena (2+1). Adem\u00e1s, Pancho continu\u00f3 gravitando y Agust\u00edn Astradas la mand\u00f3 a guardar desde lejos, posibilitando la m\u00e1xima de 23-44 a 3m42s del entretiempo.<\/p>\n<p>En lo sucesivo, Pueyrred\u00f3n se anim\u00f3 m\u00e1s, sobre todo con Roberson (6) desafiando a las torres rivales y a\u00f1adiendo el empuje de Luciano Fern\u00e1ndez (triple+doble), aunque nunca pudo bajar la friolera de 15 unidades de desventaja: 29-44.<\/p>\n<blockquote><p>Hice un entrenamiento para saber las jugadas, porque no estaba muy al tanto. Tampoco sab\u00eda c\u00f3mo iba a responder f\u00edsicamente, pero anduve bien y si tengo que descansar para jugar as\u00ed, lo har\u00e9. Es clave para nosotros hacer un colch\u00f3n de partidos ganados, nos estamos jugando cosas importantes y hay que seguir en esta senda, porque alejarnos de abajo nos va a dar tranquilidad. En esta cancha es dif\u00edcil ganar, no cualquiera lo hace y nosotros ganamos con autoridad. Calculo que estar\u00e9 hasta fin de a\u00f1o, pero ir\u00e9 viendo los partidos&#8230; Algunos jugar\u00e9, otros no. Las ganas de jugar siempre est\u00e1n y m\u00e1s por el club, pero a veces el cuerpo te dice que no y que necesita descanso. Ir\u00e9 regulando, m\u00e1s all\u00e1 de que viene el tiempo lindo. (Hern\u00e1n Jasen-L.N. Alem).<\/p><\/blockquote>\n<p>Tras el descanso largo, Jasen activ\u00f3 otra granada en apenas 22s (33-51).<\/p>\n<p>No obstante, se pasar\u00eda a vivir de los mejores pasajes del Purre en la noche. Porque dej\u00f3 las dudas de lado, Roberson factur\u00f3 de tres y de dos, encendi\u00f3 turbinas Mat\u00edas Chaves (7) y Luciano Fern\u00e1ndez se hizo notar. De ese modo, reaccion\u00f3 clavando un 8-0 (41-51).<\/p>\n<p><a href=\"http:\/\/www.gentedebasquet.com.ar\/wp-content\/uploads\/2018\/09\/41495235_2222320288052119_2564695070326390784_n2.jpg\"><img decoding=\"async\" class=\"size-medium wp-image-87594 alignright\" src=\"http:\/\/www.gentedebasquet.com.ar\/wp-content\/uploads\/2018\/09\/41495235_2222320288052119_2564695070326390784_n2-300x203.jpg\" alt=\"\" width=\"300\" height=\"203\" srcset=\"http:\/\/gentedebasquet.com.ar\/sitio\/wp-content\/uploads\/2018\/09\/41495235_2222320288052119_2564695070326390784_n2-300x203.jpg 300w, http:\/\/gentedebasquet.com.ar\/sitio\/wp-content\/uploads\/2018\/09\/41495235_2222320288052119_2564695070326390784_n2.jpg 400w\" sizes=\"(max-width: 300px) 100vw, 300px\" \/><\/a><\/p>\n<p>Enfrente siempre hubo alguien que sali\u00f3 a apagar el incendio, como Caio (8), que lider\u00f3 el parcial de 8-2 (43-59); a lo que Purre le respondi\u00f3 con m\u00e1s personalidad y un Roberson desafiante (49-61). Sin embargo, entre Jasen y Gigena se las ingeniaron para volver a despegarse (49-65 y 54-70) en la recta final de ese pen\u00faltimo acto; situaci\u00f3n que Pueyrred\u00f3n supo capear mediante Chaves-Roberson para hacer negocio al ingresar al \u00faltimo per\u00edodo expectante: 60-72.<\/p>\n<p>Y, m\u00e1s ilusionado estuvo a\u00fan, despu\u00e9s de la conversi\u00f3n triple de Chaves en los primeros 15s de ese 4\u00baC (63-72).<\/p>\n<p>Pero no.<\/p>\n<p>En lo sucesivo, todo result\u00f3 rojo, verde y blanco.<\/p>\n<p>Porque Gigena tambi\u00e9n respondi\u00f3 desde los 6m75 (63-77) y poco despu\u00e9s se asoci\u00f3 con Juan Menna para escaparse a 65-83, con 5m18s en el electr\u00f3nico.<\/p>\n<p>A Pueyrred\u00f3n ya se le hizo muy cuesta arriba.<\/p>\n<p>Y mientras Jasen reboteaba seguido en Alem, Menna encest\u00f3 otro doble y el propio Pancho le baj\u00f3 la persiana a la velada con su tercera bomba, a 3m07s del ep\u00edlogo: 65-88 y a otra cosa.<\/p>\n<p>Segundos despu\u00e9s, exactamente a 2m46s del final, Maceratesi sent\u00f3 para siempre a Jasen. \u00bfQu\u00e9 m\u00e1s le pod\u00eda pedir?&#8230;<\/p>\n<p>All\u00ed, ambos entrenadores coincidieron en darle paso a sus juveniles.<\/p>\n<p>Y estuvo bien.<\/p>\n<p>Alem lo gan\u00f3 lo m\u00e1s Pancho.<\/p>\n<p><iframe loading=\"lazy\" src=\"https:\/\/www.youtube.com\/embed\/SZyEDnMjUhc\" width=\"560\" height=\"315\" frameborder=\"0\" allowfullscreen=\"allowfullscreen\"><\/iframe><\/p>\n<p><strong>S\u00edntesis |\u00a0<\/strong>Primera Divisi\u00f3n \u2013 Segundo Tramo \u2013 Fecha #12<\/p>\n<p><strong>Pueyrred\u00f3n 74<\/strong>: Luciano Fern\u00e1ndez 11, Mat\u00edas Chaves 17, Jos\u00e9 Belleggia 5, Eddie Roberson 20, Marcos Fern\u00e1ndez 5, (FI); Dami\u00e1n Foulkes 3, Gast\u00f3n Rivera 7, Juan Ignacio Scattolini 4 (x), Gonzalo Roqueta 0, Pablo P\u00e9rez Pav\u00f3n 2 y Santiago Segal 0. DT: Mauricio Vago.<\/p>\n<p><strong>L.N. Alem 93:\u00a0<\/strong>Caio De Souza 14, Santiago Pascual 14, Rafael Paulichi 12, Hern\u00e1n Jasen 19, Pedro Ianguas 11, (FI); Walter Gigena 14 (x), Augusto Priore 2, Agust\u00edn Astradas 3, Juan Segundo Menna 4 y Santiago Loos 0. DT: Franco Maceratesi.<\/p>\n<p><strong>Parciales:<\/strong> 13-28, 33-48 (20-20), 60-72 (27-24) y 74-93 (14-21).<\/p>\n<p><strong>\u00c1rbitros:<\/strong> Horacio Sed\u00e1n \u2013 N\u00e9stor Schernenco.<\/p>\n<p><strong>Estadio:<\/strong> Vicente Palermo (club Pueyrred\u00f3n).<\/p>\n<p><a class=\"modalf iframe\" title=\"Planilla\" href=\"https:\/\/docs.google.com\/spreadsheets\/d\/e\/2PACX-1vQrCBOuemnrMZTAqW6wqV-G3_Al6gLvC43HTfzwd9pemfvzJL7SAQtDi-AccUc38bgGQ5fHF03UZfgb\/pubhtml\" target=\"_blank\" rel=\"noopener\">Ver Planilla<\/a><\/p>\n","protected":false},"excerpt":{"rendered":"<p>Con Jasen como estandarte, Alem retorn\u00f3 al \u00e9xito superando a Pueyrred\u00f3n por 93-74.<\/p>\n","protected":false},"author":1,"featured_media":87591,"comment_status":"closed","ping_status":"open","sticky":false,"template":"","format":"standard","meta":{"jnews-multi-image_gallery":[],"jnews_single_post":[],"jnews_primary_category":[],"footnotes":""},"categories":[23,101],"tags":[1669,689,492,612,224,51,18,555,302],"class_list":["post-87580","post","type-post","status-publish","format-standard","has-post-thumbnail","hentry","category-primera","category-slide","tag-caio-de-souza","tag-eddie-roberson","tag-hernan-jasen","tag-leandro-n-alem","tag-luciano-fernandez","tag-matias-chaves","tag-pueyrredon","tag-santiago-pascual","tag-walter-gigena"],"yoast_head":"<!-- This site is optimized with the Yoast SEO plugin v27.5 - https:\/\/yoast.com\/product\/yoast-seo-wordpress\/ -->\n<title>\u00bfRetirado yo? - Gente de B\u00e1squet<\/title>\n<meta name=\"robots\" content=\"index, follow, max-snippet:-1, max-image-preview:large, max-video-preview:-1\" \/>\n<link rel=\"canonical\" href=\"http:\/\/gentedebasquet.com.ar\/sitio\/2018\/09\/10\/retirado-yo\/\" \/>\n<meta property=\"og:locale\" content=\"es_ES\" \/>\n<meta property=\"og:type\" content=\"article\" \/>\n<meta property=\"og:title\" content=\"\u00bfRetirado yo? - Gente de B\u00e1squet\" \/>\n<meta property=\"og:description\" content=\"Con Jasen como estandarte, Alem retorn\u00f3 al \u00e9xito superando a Pueyrred\u00f3n por 93-74.\" \/>\n<meta property=\"og:url\" content=\"http:\/\/gentedebasquet.com.ar\/sitio\/2018\/09\/10\/retirado-yo\/\" \/>\n<meta property=\"og:site_name\" content=\"Gente de B\u00e1squet\" \/>\n<meta property=\"article:published_time\" content=\"2018-09-11T02:38:38+00:00\" \/>\n<meta property=\"og:image\" content=\"http:\/\/gentedebasquet.com.ar\/sitio\/wp-content\/uploads\/2018\/09\/41453372_1060662967426940_8642412349258465280_n1.jpg\" \/>\n\t<meta property=\"og:image:width\" content=\"690\" \/>\n\t<meta property=\"og:image:height\" content=\"319\" \/>\n\t<meta property=\"og:image:type\" content=\"image\/jpeg\" \/>\n<meta name=\"author\" content=\"Gente de B\u00e1squet\" \/>\n<meta name=\"twitter:card\" content=\"summary_large_image\" \/>\n<meta name=\"twitter:label1\" content=\"Escrito por\" \/>\n\t<meta name=\"twitter:data1\" content=\"Gente de B\u00e1squet\" \/>\n\t<meta name=\"twitter:label2\" content=\"Tiempo de lectura\" \/>\n\t<meta name=\"twitter:data2\" content=\"5 minutos\" \/>\n<script type=\"application\/ld+json\" class=\"yoast-schema-graph\">{\"@context\":\"https:\\\/\\\/schema.org\",\"@graph\":[{\"@type\":\"Article\",\"@id\":\"http:\\\/\\\/gentedebasquet.com.ar\\\/sitio\\\/2018\\\/09\\\/10\\\/retirado-yo\\\/#article\",\"isPartOf\":{\"@id\":\"http:\\\/\\\/gentedebasquet.com.ar\\\/sitio\\\/2018\\\/09\\\/10\\\/retirado-yo\\\/\"},\"author\":{\"name\":\"Gente de B\u00e1squet\",\"@id\":\"https:\\\/\\\/gentedebasquet.com.ar\\\/sitio\\\/#\\\/schema\\\/person\\\/ca0b63bbb977369988a7bbbdc519943a\"},\"headline\":\"\u00bfRetirado yo?\",\"datePublished\":\"2018-09-11T02:38:38+00:00\",\"mainEntityOfPage\":{\"@id\":\"http:\\\/\\\/gentedebasquet.com.ar\\\/sitio\\\/2018\\\/09\\\/10\\\/retirado-yo\\\/\"},\"wordCount\":1052,\"image\":{\"@id\":\"http:\\\/\\\/gentedebasquet.com.ar\\\/sitio\\\/2018\\\/09\\\/10\\\/retirado-yo\\\/#primaryimage\"},\"thumbnailUrl\":\"http:\\\/\\\/gentedebasquet.com.ar\\\/sitio\\\/wp-content\\\/uploads\\\/2018\\\/09\\\/41453372_1060662967426940_8642412349258465280_n1.jpg\",\"keywords\":[\"Caio De Souza\",\"Eddie Roberson\",\"Hern\u00e1n Jasen\",\"Leandro N. Alem\",\"luciano fernandez\",\"Mat\u00edas Chaves\",\"Pueyrredon\",\"Santiago Pascual\",\"Walter Gigena\"],\"articleSection\":[\"Primera\",\"Slide\"],\"inLanguage\":\"es\"},{\"@type\":\"WebPage\",\"@id\":\"http:\\\/\\\/gentedebasquet.com.ar\\\/sitio\\\/2018\\\/09\\\/10\\\/retirado-yo\\\/\",\"url\":\"http:\\\/\\\/gentedebasquet.com.ar\\\/sitio\\\/2018\\\/09\\\/10\\\/retirado-yo\\\/\",\"name\":\"\u00bfRetirado yo? - Gente de B\u00e1squet\",\"isPartOf\":{\"@id\":\"https:\\\/\\\/gentedebasquet.com.ar\\\/sitio\\\/#website\"},\"primaryImageOfPage\":{\"@id\":\"http:\\\/\\\/gentedebasquet.com.ar\\\/sitio\\\/2018\\\/09\\\/10\\\/retirado-yo\\\/#primaryimage\"},\"image\":{\"@id\":\"http:\\\/\\\/gentedebasquet.com.ar\\\/sitio\\\/2018\\\/09\\\/10\\\/retirado-yo\\\/#primaryimage\"},\"thumbnailUrl\":\"http:\\\/\\\/gentedebasquet.com.ar\\\/sitio\\\/wp-content\\\/uploads\\\/2018\\\/09\\\/41453372_1060662967426940_8642412349258465280_n1.jpg\",\"datePublished\":\"2018-09-11T02:38:38+00:00\",\"author\":{\"@id\":\"https:\\\/\\\/gentedebasquet.com.ar\\\/sitio\\\/#\\\/schema\\\/person\\\/ca0b63bbb977369988a7bbbdc519943a\"},\"breadcrumb\":{\"@id\":\"http:\\\/\\\/gentedebasquet.com.ar\\\/sitio\\\/2018\\\/09\\\/10\\\/retirado-yo\\\/#breadcrumb\"},\"inLanguage\":\"es\",\"potentialAction\":[{\"@type\":\"ReadAction\",\"target\":[\"http:\\\/\\\/gentedebasquet.com.ar\\\/sitio\\\/2018\\\/09\\\/10\\\/retirado-yo\\\/\"]}]},{\"@type\":\"ImageObject\",\"inLanguage\":\"es\",\"@id\":\"http:\\\/\\\/gentedebasquet.com.ar\\\/sitio\\\/2018\\\/09\\\/10\\\/retirado-yo\\\/#primaryimage\",\"url\":\"http:\\\/\\\/gentedebasquet.com.ar\\\/sitio\\\/wp-content\\\/uploads\\\/2018\\\/09\\\/41453372_1060662967426940_8642412349258465280_n1.jpg\",\"contentUrl\":\"http:\\\/\\\/gentedebasquet.com.ar\\\/sitio\\\/wp-content\\\/uploads\\\/2018\\\/09\\\/41453372_1060662967426940_8642412349258465280_n1.jpg\",\"width\":690,\"height\":319},{\"@type\":\"BreadcrumbList\",\"@id\":\"http:\\\/\\\/gentedebasquet.com.ar\\\/sitio\\\/2018\\\/09\\\/10\\\/retirado-yo\\\/#breadcrumb\",\"itemListElement\":[{\"@type\":\"ListItem\",\"position\":1,\"name\":\"Portada\",\"item\":\"https:\\\/\\\/gentedebasquet.com.ar\\\/sitio\\\/\"},{\"@type\":\"ListItem\",\"position\":2,\"name\":\"\u00bfRetirado yo?\"}]},{\"@type\":\"WebSite\",\"@id\":\"https:\\\/\\\/gentedebasquet.com.ar\\\/sitio\\\/#website\",\"url\":\"https:\\\/\\\/gentedebasquet.com.ar\\\/sitio\\\/\",\"name\":\"Gente de B\u00e1squet\",\"description\":\"La revista del basquet de Bah\u00eda Blanca\",\"potentialAction\":[{\"@type\":\"SearchAction\",\"target\":{\"@type\":\"EntryPoint\",\"urlTemplate\":\"https:\\\/\\\/gentedebasquet.com.ar\\\/sitio\\\/?s={search_term_string}\"},\"query-input\":{\"@type\":\"PropertyValueSpecification\",\"valueRequired\":true,\"valueName\":\"search_term_string\"}}],\"inLanguage\":\"es\"},{\"@type\":\"Person\",\"@id\":\"https:\\\/\\\/gentedebasquet.com.ar\\\/sitio\\\/#\\\/schema\\\/person\\\/ca0b63bbb977369988a7bbbdc519943a\",\"name\":\"Gente de B\u00e1squet\",\"image\":{\"@type\":\"ImageObject\",\"inLanguage\":\"es\",\"@id\":\"https:\\\/\\\/secure.gravatar.com\\\/avatar\\\/7f2c48bdc33b30088f941fb6082e555f2874c98e20cb159d7b92b50eadfce793?s=96&d=mm&r=g\",\"url\":\"https:\\\/\\\/secure.gravatar.com\\\/avatar\\\/7f2c48bdc33b30088f941fb6082e555f2874c98e20cb159d7b92b50eadfce793?s=96&d=mm&r=g\",\"contentUrl\":\"https:\\\/\\\/secure.gravatar.com\\\/avatar\\\/7f2c48bdc33b30088f941fb6082e555f2874c98e20cb159d7b92b50eadfce793?s=96&d=mm&r=g\",\"caption\":\"Gente de B\u00e1squet\"},\"sameAs\":[\"http:\\\/\\\/gentedebasquet.com.ar\\\/sitio\"],\"url\":\"http:\\\/\\\/gentedebasquet.com.ar\\\/sitio\\\/author\\\/ulises\\\/\"}]}<\/script>\n<!-- \/ Yoast SEO plugin. -->","yoast_head_json":{"title":"\u00bfRetirado yo? - Gente de B\u00e1squet","robots":{"index":"index","follow":"follow","max-snippet":"max-snippet:-1","max-image-preview":"max-image-preview:large","max-video-preview":"max-video-preview:-1"},"canonical":"http:\/\/gentedebasquet.com.ar\/sitio\/2018\/09\/10\/retirado-yo\/","og_locale":"es_ES","og_type":"article","og_title":"\u00bfRetirado yo? - Gente de B\u00e1squet","og_description":"Con Jasen como estandarte, Alem retorn\u00f3 al \u00e9xito superando a Pueyrred\u00f3n por 93-74.","og_url":"http:\/\/gentedebasquet.com.ar\/sitio\/2018\/09\/10\/retirado-yo\/","og_site_name":"Gente de B\u00e1squet","article_published_time":"2018-09-11T02:38:38+00:00","og_image":[{"width":690,"height":319,"url":"http:\/\/gentedebasquet.com.ar\/sitio\/wp-content\/uploads\/2018\/09\/41453372_1060662967426940_8642412349258465280_n1.jpg","type":"image\/jpeg"}],"author":"Gente de B\u00e1squet","twitter_card":"summary_large_image","twitter_misc":{"Escrito por":"Gente de B\u00e1squet","Tiempo de lectura":"5 minutos"},"schema":{"@context":"https:\/\/schema.org","@graph":[{"@type":"Article","@id":"http:\/\/gentedebasquet.com.ar\/sitio\/2018\/09\/10\/retirado-yo\/#article","isPartOf":{"@id":"http:\/\/gentedebasquet.com.ar\/sitio\/2018\/09\/10\/retirado-yo\/"},"author":{"name":"Gente de B\u00e1squet","@id":"https:\/\/gentedebasquet.com.ar\/sitio\/#\/schema\/person\/ca0b63bbb977369988a7bbbdc519943a"},"headline":"\u00bfRetirado yo?","datePublished":"2018-09-11T02:38:38+00:00","mainEntityOfPage":{"@id":"http:\/\/gentedebasquet.com.ar\/sitio\/2018\/09\/10\/retirado-yo\/"},"wordCount":1052,"image":{"@id":"http:\/\/gentedebasquet.com.ar\/sitio\/2018\/09\/10\/retirado-yo\/#primaryimage"},"thumbnailUrl":"http:\/\/gentedebasquet.com.ar\/sitio\/wp-content\/uploads\/2018\/09\/41453372_1060662967426940_8642412349258465280_n1.jpg","keywords":["Caio De Souza","Eddie Roberson","Hern\u00e1n Jasen","Leandro N. Alem","luciano fernandez","Mat\u00edas Chaves","Pueyrredon","Santiago Pascual","Walter Gigena"],"articleSection":["Primera","Slide"],"inLanguage":"es"},{"@type":"WebPage","@id":"http:\/\/gentedebasquet.com.ar\/sitio\/2018\/09\/10\/retirado-yo\/","url":"http:\/\/gentedebasquet.com.ar\/sitio\/2018\/09\/10\/retirado-yo\/","name":"\u00bfRetirado yo? - Gente de B\u00e1squet","isPartOf":{"@id":"https:\/\/gentedebasquet.com.ar\/sitio\/#website"},"primaryImageOfPage":{"@id":"http:\/\/gentedebasquet.com.ar\/sitio\/2018\/09\/10\/retirado-yo\/#primaryimage"},"image":{"@id":"http:\/\/gentedebasquet.com.ar\/sitio\/2018\/09\/10\/retirado-yo\/#primaryimage"},"thumbnailUrl":"http:\/\/gentedebasquet.com.ar\/sitio\/wp-content\/uploads\/2018\/09\/41453372_1060662967426940_8642412349258465280_n1.jpg","datePublished":"2018-09-11T02:38:38+00:00","author":{"@id":"https:\/\/gentedebasquet.com.ar\/sitio\/#\/schema\/person\/ca0b63bbb977369988a7bbbdc519943a"},"breadcrumb":{"@id":"http:\/\/gentedebasquet.com.ar\/sitio\/2018\/09\/10\/retirado-yo\/#breadcrumb"},"inLanguage":"es","potentialAction":[{"@type":"ReadAction","target":["http:\/\/gentedebasquet.com.ar\/sitio\/2018\/09\/10\/retirado-yo\/"]}]},{"@type":"ImageObject","inLanguage":"es","@id":"http:\/\/gentedebasquet.com.ar\/sitio\/2018\/09\/10\/retirado-yo\/#primaryimage","url":"http:\/\/gentedebasquet.com.ar\/sitio\/wp-content\/uploads\/2018\/09\/41453372_1060662967426940_8642412349258465280_n1.jpg","contentUrl":"http:\/\/gentedebasquet.com.ar\/sitio\/wp-content\/uploads\/2018\/09\/41453372_1060662967426940_8642412349258465280_n1.jpg","width":690,"height":319},{"@type":"BreadcrumbList","@id":"http:\/\/gentedebasquet.com.ar\/sitio\/2018\/09\/10\/retirado-yo\/#breadcrumb","itemListElement":[{"@type":"ListItem","position":1,"name":"Portada","item":"https:\/\/gentedebasquet.com.ar\/sitio\/"},{"@type":"ListItem","position":2,"name":"\u00bfRetirado yo?"}]},{"@type":"WebSite","@id":"https:\/\/gentedebasquet.com.ar\/sitio\/#website","url":"https:\/\/gentedebasquet.com.ar\/sitio\/","name":"Gente de B\u00e1squet","description":"La revista del basquet de Bah\u00eda Blanca","potentialAction":[{"@type":"SearchAction","target":{"@type":"EntryPoint","urlTemplate":"https:\/\/gentedebasquet.com.ar\/sitio\/?s={search_term_string}"},"query-input":{"@type":"PropertyValueSpecification","valueRequired":true,"valueName":"search_term_string"}}],"inLanguage":"es"},{"@type":"Person","@id":"https:\/\/gentedebasquet.com.ar\/sitio\/#\/schema\/person\/ca0b63bbb977369988a7bbbdc519943a","name":"Gente de B\u00e1squet","image":{"@type":"ImageObject","inLanguage":"es","@id":"https:\/\/secure.gravatar.com\/avatar\/7f2c48bdc33b30088f941fb6082e555f2874c98e20cb159d7b92b50eadfce793?s=96&d=mm&r=g","url":"https:\/\/secure.gravatar.com\/avatar\/7f2c48bdc33b30088f941fb6082e555f2874c98e20cb159d7b92b50eadfce793?s=96&d=mm&r=g","contentUrl":"https:\/\/secure.gravatar.com\/avatar\/7f2c48bdc33b30088f941fb6082e555f2874c98e20cb159d7b92b50eadfce793?s=96&d=mm&r=g","caption":"Gente de B\u00e1squet"},"sameAs":["http:\/\/gentedebasquet.com.ar\/sitio"],"url":"http:\/\/gentedebasquet.com.ar\/sitio\/author\/ulises\/"}]}},"_links":{"self":[{"href":"http:\/\/gentedebasquet.com.ar\/sitio\/wp-json\/wp\/v2\/posts\/87580","targetHints":{"allow":["GET"]}}],"collection":[{"href":"http:\/\/gentedebasquet.com.ar\/sitio\/wp-json\/wp\/v2\/posts"}],"about":[{"href":"http:\/\/gentedebasquet.com.ar\/sitio\/wp-json\/wp\/v2\/types\/post"}],"author":[{"embeddable":true,"href":"http:\/\/gentedebasquet.com.ar\/sitio\/wp-json\/wp\/v2\/users\/1"}],"replies":[{"embeddable":true,"href":"http:\/\/gentedebasquet.com.ar\/sitio\/wp-json\/wp\/v2\/comments?post=87580"}],"version-history":[{"count":0,"href":"http:\/\/gentedebasquet.com.ar\/sitio\/wp-json\/wp\/v2\/posts\/87580\/revisions"}],"wp:featuredmedia":[{"embeddable":true,"href":"http:\/\/gentedebasquet.com.ar\/sitio\/wp-json\/wp\/v2\/media\/87591"}],"wp:attachment":[{"href":"http:\/\/gentedebasquet.com.ar\/sitio\/wp-json\/wp\/v2\/media?parent=87580"}],"wp:term":[{"taxonomy":"category","embeddable":true,"href":"http:\/\/gentedebasquet.com.ar\/sitio\/wp-json\/wp\/v2\/categories?post=87580"},{"taxonomy":"post_tag","embeddable":true,"href":"http:\/\/gentedebasquet.com.ar\/sitio\/wp-json\/wp\/v2\/tags?post=87580"}],"curies":[{"name":"wp","href":"https:\/\/api.w.org\/{rel}","templated":true}]}}