{"id":88211,"date":"2018-09-27T23:42:30","date_gmt":"2018-09-28T02:42:30","guid":{"rendered":"http:\/\/www.gentedebasquet.com.ar\/?p=88211"},"modified":"2018-09-27T23:42:30","modified_gmt":"2018-09-28T02:42:30","slug":"el-celeste-no-se-rinde","status":"publish","type":"post","link":"http:\/\/gentedebasquet.com.ar\/sitio\/2018\/09\/27\/el-celeste-no-se-rinde\/","title":{"rendered":"El Celeste no se rinde"},"content":{"rendered":"<p><b>El Nacional sabe que no la tiene f\u00e1cil, debe sumar victorias para salir del fondo de la tabla y el partido ante Pueyrred\u00f3n era crucial. Logr\u00f3 el objetivo por 80 a 75, producto de un \u00faltimo cuarto con mucho m\u00e1s resto f\u00edsico\u00a0que el rival, que tuvo innumerables bajas por lesi\u00f3n (Alfonso, Fern\u00e1ndez, Scattolini y Belleggia). Fundamental fue lo hecho por Lucas Chaves\u00a0 (24 pts &#8211; 10 en el 4c, 6\/10 t2) y adem\u00e1s, convirtiendo un doble y el respectivo bonus en la l\u00ednea cuando el marcador estaba 75-73, a falta de 10 seg. Tom\u00e1s Taj\u00e1n con 15 unidades (3\/6 t3) lo acompa\u00f1\u00f3 en la lista de goleadores. Por su parte, en el visitante, que jug\u00f3 sin un base natural, la rompi\u00f3\u00a0Mat\u00edas Chaves totalizando 32 tantos (18 en el 3c) y 8 asistencias.<\/b><\/p>\n<p>4-0, esa fue la ventaja que logr\u00f3 Pueyrred\u00f3n en el amanecer del encuentro, pero que con el transcurrir del primer tiempo se dio vuelta. El Nacional empez\u00f3 a engranar y comandar las acciones. En defensa, ante las bajas en la base del visitante, plasm\u00f3 una presi\u00f3n que le dio resultados y en ataque, los triples fueron sus aliados (6\/9).<\/p>\n<p>Cada uno aport\u00f3 el suyo y para colmo, el rival tuvo que lidiar con el momento estelar de Lucas Chaves (9). En el auriazul, sus variantes ofensivas escasearon. El d\u00fao Chaves (6) &#8211; Roberson (7), totaliz\u00f3 13 de los 16 puntos del cuarto. Igualmente, se aproxim\u00f3 por momentos, amag\u00f3 con descontar (18-12), pero dos bombas consecutivas del ingresado Taj\u00e1n coronaron un segmento de ensue\u00f1o: 27-16.<\/p>\n<p><a href=\"http:\/\/www.gentedebasquet.com.ar\/wp-content\/uploads\/2018\/09\/Chaves-CEN-VS-PUE.jpg\"><img decoding=\"async\" class=\"size-medium wp-image-88229 alignright\" src=\"http:\/\/www.gentedebasquet.com.ar\/wp-content\/uploads\/2018\/09\/Chaves-CEN-VS-PUE-300x165.jpg\" alt=\"\" width=\"300\" height=\"165\" srcset=\"http:\/\/gentedebasquet.com.ar\/sitio\/wp-content\/uploads\/2018\/09\/Chaves-CEN-VS-PUE-300x165.jpg 300w, http:\/\/gentedebasquet.com.ar\/sitio\/wp-content\/uploads\/2018\/09\/Chaves-CEN-VS-PUE.jpg 400w\" sizes=\"(max-width: 300px) 100vw, 300px\" \/><\/a><\/p>\n<p>En dos partes se dividi\u00f3 el segundo cuarto. El primero prosigui\u00f3 con la hegemon\u00eda del local y lo curioso, sin puntos de Lucas. Taj\u00e1n no se intimid\u00f3 y bombarde\u00f3 y Cancellarich se sum\u00f3 al show, que tuvo una diferencia en el marcador de +14 (34-20). En frente, el cansancio empez\u00f3 a jugar su papel, porque disput\u00f3 13 min sin realizar ning\u00fan cambio.<\/p>\n<p>Justamente, el ingreso de P\u00e9rez Pav\u00f3n fue un principio de que las cosas en el visitante cambiaban. El pibe le dio frescura al equipo (5 pts) y adem\u00e1s, se complement\u00f3 a la perfecci\u00f3n lo hecho por Rivera (10, 5\/5 t2), anotando 6 tantos seguidos para descontar a cuatro (39-35) y haciendo un gran trabajo defensivo sobre la figura del celeste.<\/p>\n<blockquote><p><em>Para nosotros cada partido es una final, por suerte estamos entrando bien a todos partidos, concentrados y a veces nos alcanza y otras no, pero la idea es dar todo y eso estamos haciendo. Sab\u00edamos que ten\u00edan\u00a0varias bajas, pero igualmente tienen jugadores de mucha jerarqu\u00eda\u00a0como Mat\u00edas Chaves, que estuvo intratable. En el \u00faltimo cuarto le ajustamos la defensa y creo que esa fue la clave para ganar (Tom\u00e1s Taj\u00e1n)<\/em><\/p><\/blockquote>\n<p>Esa finalizaci\u00f3n del primer tiempo fue un envi\u00f3n que se ratific\u00f3 en el tercer segmento. \u00bfC\u00f3mo lo hizo? con un inspirado Mat\u00edas Chaves. Digo inspirado, pero cualquier calificativo le vendr\u00eda bien. Usted elija el suyo. El ex Bahiense del Norte se encarg\u00f3 de dar vuelta el marcador, anotando \u00a118 puntos! con grandes n\u00fameros (3\/4 t3, 4\/4 t2) y sumando a su planilla 3 pases gol.<\/p>\n<p>Entonces, Pueyrred\u00f3n goz\u00f3 de su mejor momento en la cancha. Sus compa\u00f1eros se contagiaron: Roberson (6) y luego, una bomba de P\u00e9rez Pav\u00f3n coloc\u00f3 el tanteador 47-54 y en consiguiente, el minuto pedido por Garc\u00eda. El celeste mostr\u00f3 reacci\u00f3n con su Chaves (7) y tambi\u00e9n, aprovech\u00f3 los viajes a la l\u00ednea (4\/4), para estar a tiro del tanteador (55-58), que no pudo finalizar as\u00ed porque, como mencionamos, en frente estaba Mat\u00edas: 55-62.<\/p>\n<p><a href=\"http:\/\/www.gentedebasquet.com.ar\/wp-content\/uploads\/2018\/09\/Fernandez-CEN-VS-PUE.jpg\"><img decoding=\"async\" class=\"size-medium wp-image-88226 alignright\" src=\"http:\/\/www.gentedebasquet.com.ar\/wp-content\/uploads\/2018\/09\/Fernandez-CEN-VS-PUE-300x165.jpg\" alt=\"\" width=\"300\" height=\"165\" srcset=\"http:\/\/gentedebasquet.com.ar\/sitio\/wp-content\/uploads\/2018\/09\/Fernandez-CEN-VS-PUE-300x165.jpg 300w, http:\/\/gentedebasquet.com.ar\/sitio\/wp-content\/uploads\/2018\/09\/Fernandez-CEN-VS-PUE.jpg 400w\" sizes=\"(max-width: 300px) 100vw, 300px\" \/><\/a><\/p>\n<p>Con el correr de los minutos era de esperar que el desgaste en el auriazul se iba a notar y eso sucedi\u00f3. Por su parte, el local fue intenso, corri\u00f3, presion\u00f3, apostando sus \u00faltimas fichas para remontar la historia y tuvo su resultado. El equipo de Vago se sec\u00f3, cometi\u00f3 p\u00e9rdidas, lanz\u00f3 tiros inc\u00f3modos y sufri\u00f3 un parcial de 12-4 (67-66), a falta de 5 minutos.<\/p>\n<p>Intent\u00f3 plasmar una zona sin soluci\u00f3n y adem\u00e1s, sufri\u00f3 el gran trabajo de Arteaga en ataque (4), pero principalmente en defensa, incomodando al Chaves mayor. Encima, \u00bfqui\u00e9n ten\u00eda que aparecer cuando las papas queman? su hermano Lucas. Primero con un triple: 75-69 y cuando el rival asom\u00f3 la trompa (75-73), tom\u00f3 la pelota y convirti\u00f3 un doble m\u00e1s bonus (ver video), a falta de 10 seg, que permiti\u00f3 cerrar el partido a favor de El Nacional.<\/p>\n<p><iframe loading=\"lazy\" src=\"https:\/\/www.youtube.com\/embed\/Fg0CxvrEdK4\" width=\"560\" height=\"315\" frameborder=\"0\" allowfullscreen=\"allowfullscreen\"><\/iframe><\/p>\n<p><b>S\u00edntesis<\/b><strong>\u00a0<\/strong>&#8211; Primera Divisi\u00f3n &#8211; Fecha #16<\/p>\n<p><strong>El Nacional 80:\u00a0<\/strong>Ezequiel Meneses 10, Octavio Cancellarich 10, Lucas Chaves 24, Mariano Blanche 6, Alan Gonz\u00e1lez 4 (FI); Esteban Arteaga 7 (x), Tom\u00e1s Taj\u00e1n 15, Fausto De Paoli 2, Facundo Mart\u00ednez 2 y Emiliano Iraola 0. DT: Juan Andr\u00e9s Garc\u00eda.<\/p>\n<p><strong>Pueyrred\u00f3n 75:\u00a0<\/strong>Mat\u00edas Chaves 32 (x), Gast\u00f3n Rivera 13, Damian Foulkes 3 (x), Eddie Roberson 15, Marcos Fern\u00e1ndez 2 (FI); Pedro P\u00e9rez Pav\u00f3n 8 y Agust\u00edn Icasto 2. DT: Mauricio Vago.<\/p>\n<p><strong>Parciales:\u00a0<\/strong>27-16, 39-35 (12-19), 55-62 (16-27) y 80-75 (25-13).<\/p>\n<p><b>\u00c1rbitros<\/b><strong>:\u00a0<\/strong>Javier S\u00e1nchez &#8211; Marcelo Gordillo.<\/p>\n<p><strong>Estadio:\u00a0<\/strong>Hermanos Ciccioli (El Nacional).<\/p>\n<p><a href=\"https:\/\/docs.google.com\/spreadsheets\/d\/e\/2PACX-1vSJ9P7-wFBcAGiy9MgmgUn3L_t502tOnj5qsPNnbr0U3zToTj0le2m4n53k2_7o-QtBKMU15wBXMvj7\/pubhtml? target=\" target=\"_blank\" rel=\"noopener\">Ver planilla<\/a><\/p>\n","protected":false},"excerpt":{"rendered":"<p>Con un 4C matador (25-13), El Nacional dio vuelta el juego para vencer a Pueyrred\u00f3n.<\/p>\n","protected":false},"author":1,"featured_media":88227,"comment_status":"closed","ping_status":"open","sticky":false,"template":"","format":"standard","meta":{"jnews-multi-image_gallery":[],"jnews_single_post":[],"jnews_primary_category":[],"footnotes":""},"categories":[23,101],"tags":[9,79,51,18,240],"class_list":["post-88211","post","type-post","status-publish","format-standard","has-post-thumbnail","hentry","category-primera","category-slide","tag-el-nacional","tag-lucas-chaves","tag-matias-chaves","tag-pueyrredon","tag-tomas-tajan"],"yoast_head":"<!-- This site is optimized with the Yoast SEO plugin v27.5 - https:\/\/yoast.com\/product\/yoast-seo-wordpress\/ -->\n<title>El Celeste no se rinde - Gente de B\u00e1squet<\/title>\n<meta name=\"robots\" content=\"index, follow, max-snippet:-1, max-image-preview:large, max-video-preview:-1\" \/>\n<link rel=\"canonical\" href=\"http:\/\/gentedebasquet.com.ar\/sitio\/2018\/09\/27\/el-celeste-no-se-rinde\/\" \/>\n<meta property=\"og:locale\" content=\"es_ES\" \/>\n<meta property=\"og:type\" content=\"article\" \/>\n<meta property=\"og:title\" content=\"El Celeste no se rinde - Gente de B\u00e1squet\" \/>\n<meta property=\"og:description\" content=\"Con un 4C matador (25-13), El Nacional dio vuelta el juego para vencer a Pueyrred\u00f3n.\" \/>\n<meta property=\"og:url\" content=\"http:\/\/gentedebasquet.com.ar\/sitio\/2018\/09\/27\/el-celeste-no-se-rinde\/\" \/>\n<meta property=\"og:site_name\" content=\"Gente de B\u00e1squet\" \/>\n<meta property=\"article:published_time\" content=\"2018-09-28T02:42:30+00:00\" \/>\n<meta property=\"og:image\" content=\"http:\/\/gentedebasquet.com.ar\/sitio\/wp-content\/uploads\/2018\/09\/Tajan-CEN-VS-PUE.jpg\" \/>\n\t<meta property=\"og:image:width\" content=\"690\" \/>\n\t<meta property=\"og:image:height\" content=\"320\" \/>\n\t<meta property=\"og:image:type\" content=\"image\/jpeg\" \/>\n<meta name=\"author\" content=\"Gente de B\u00e1squet\" \/>\n<meta name=\"twitter:card\" content=\"summary_large_image\" \/>\n<meta name=\"twitter:label1\" content=\"Escrito por\" \/>\n\t<meta name=\"twitter:data1\" content=\"Gente de B\u00e1squet\" \/>\n\t<meta name=\"twitter:label2\" content=\"Tiempo de lectura\" \/>\n\t<meta name=\"twitter:data2\" content=\"4 minutos\" \/>\n<script type=\"application\/ld+json\" class=\"yoast-schema-graph\">{\"@context\":\"https:\\\/\\\/schema.org\",\"@graph\":[{\"@type\":\"Article\",\"@id\":\"http:\\\/\\\/gentedebasquet.com.ar\\\/sitio\\\/2018\\\/09\\\/27\\\/el-celeste-no-se-rinde\\\/#article\",\"isPartOf\":{\"@id\":\"http:\\\/\\\/gentedebasquet.com.ar\\\/sitio\\\/2018\\\/09\\\/27\\\/el-celeste-no-se-rinde\\\/\"},\"author\":{\"name\":\"Gente de B\u00e1squet\",\"@id\":\"https:\\\/\\\/gentedebasquet.com.ar\\\/sitio\\\/#\\\/schema\\\/person\\\/ca0b63bbb977369988a7bbbdc519943a\"},\"headline\":\"El Celeste no se rinde\",\"datePublished\":\"2018-09-28T02:42:30+00:00\",\"mainEntityOfPage\":{\"@id\":\"http:\\\/\\\/gentedebasquet.com.ar\\\/sitio\\\/2018\\\/09\\\/27\\\/el-celeste-no-se-rinde\\\/\"},\"wordCount\":850,\"image\":{\"@id\":\"http:\\\/\\\/gentedebasquet.com.ar\\\/sitio\\\/2018\\\/09\\\/27\\\/el-celeste-no-se-rinde\\\/#primaryimage\"},\"thumbnailUrl\":\"http:\\\/\\\/gentedebasquet.com.ar\\\/sitio\\\/wp-content\\\/uploads\\\/2018\\\/09\\\/Tajan-CEN-VS-PUE.jpg\",\"keywords\":[\"El Nacional\",\"Lucas Chaves\",\"Mat\u00edas Chaves\",\"Pueyrredon\",\"Tom\u00e1s Tajan\"],\"articleSection\":[\"Primera\",\"Slide\"],\"inLanguage\":\"es\"},{\"@type\":\"WebPage\",\"@id\":\"http:\\\/\\\/gentedebasquet.com.ar\\\/sitio\\\/2018\\\/09\\\/27\\\/el-celeste-no-se-rinde\\\/\",\"url\":\"http:\\\/\\\/gentedebasquet.com.ar\\\/sitio\\\/2018\\\/09\\\/27\\\/el-celeste-no-se-rinde\\\/\",\"name\":\"El Celeste no se rinde - Gente de B\u00e1squet\",\"isPartOf\":{\"@id\":\"https:\\\/\\\/gentedebasquet.com.ar\\\/sitio\\\/#website\"},\"primaryImageOfPage\":{\"@id\":\"http:\\\/\\\/gentedebasquet.com.ar\\\/sitio\\\/2018\\\/09\\\/27\\\/el-celeste-no-se-rinde\\\/#primaryimage\"},\"image\":{\"@id\":\"http:\\\/\\\/gentedebasquet.com.ar\\\/sitio\\\/2018\\\/09\\\/27\\\/el-celeste-no-se-rinde\\\/#primaryimage\"},\"thumbnailUrl\":\"http:\\\/\\\/gentedebasquet.com.ar\\\/sitio\\\/wp-content\\\/uploads\\\/2018\\\/09\\\/Tajan-CEN-VS-PUE.jpg\",\"datePublished\":\"2018-09-28T02:42:30+00:00\",\"author\":{\"@id\":\"https:\\\/\\\/gentedebasquet.com.ar\\\/sitio\\\/#\\\/schema\\\/person\\\/ca0b63bbb977369988a7bbbdc519943a\"},\"breadcrumb\":{\"@id\":\"http:\\\/\\\/gentedebasquet.com.ar\\\/sitio\\\/2018\\\/09\\\/27\\\/el-celeste-no-se-rinde\\\/#breadcrumb\"},\"inLanguage\":\"es\",\"potentialAction\":[{\"@type\":\"ReadAction\",\"target\":[\"http:\\\/\\\/gentedebasquet.com.ar\\\/sitio\\\/2018\\\/09\\\/27\\\/el-celeste-no-se-rinde\\\/\"]}]},{\"@type\":\"ImageObject\",\"inLanguage\":\"es\",\"@id\":\"http:\\\/\\\/gentedebasquet.com.ar\\\/sitio\\\/2018\\\/09\\\/27\\\/el-celeste-no-se-rinde\\\/#primaryimage\",\"url\":\"http:\\\/\\\/gentedebasquet.com.ar\\\/sitio\\\/wp-content\\\/uploads\\\/2018\\\/09\\\/Tajan-CEN-VS-PUE.jpg\",\"contentUrl\":\"http:\\\/\\\/gentedebasquet.com.ar\\\/sitio\\\/wp-content\\\/uploads\\\/2018\\\/09\\\/Tajan-CEN-VS-PUE.jpg\",\"width\":690,\"height\":320},{\"@type\":\"BreadcrumbList\",\"@id\":\"http:\\\/\\\/gentedebasquet.com.ar\\\/sitio\\\/2018\\\/09\\\/27\\\/el-celeste-no-se-rinde\\\/#breadcrumb\",\"itemListElement\":[{\"@type\":\"ListItem\",\"position\":1,\"name\":\"Portada\",\"item\":\"https:\\\/\\\/gentedebasquet.com.ar\\\/sitio\\\/\"},{\"@type\":\"ListItem\",\"position\":2,\"name\":\"El Celeste no se rinde\"}]},{\"@type\":\"WebSite\",\"@id\":\"https:\\\/\\\/gentedebasquet.com.ar\\\/sitio\\\/#website\",\"url\":\"https:\\\/\\\/gentedebasquet.com.ar\\\/sitio\\\/\",\"name\":\"Gente de B\u00e1squet\",\"description\":\"La revista del basquet de Bah\u00eda Blanca\",\"potentialAction\":[{\"@type\":\"SearchAction\",\"target\":{\"@type\":\"EntryPoint\",\"urlTemplate\":\"https:\\\/\\\/gentedebasquet.com.ar\\\/sitio\\\/?s={search_term_string}\"},\"query-input\":{\"@type\":\"PropertyValueSpecification\",\"valueRequired\":true,\"valueName\":\"search_term_string\"}}],\"inLanguage\":\"es\"},{\"@type\":\"Person\",\"@id\":\"https:\\\/\\\/gentedebasquet.com.ar\\\/sitio\\\/#\\\/schema\\\/person\\\/ca0b63bbb977369988a7bbbdc519943a\",\"name\":\"Gente de B\u00e1squet\",\"image\":{\"@type\":\"ImageObject\",\"inLanguage\":\"es\",\"@id\":\"https:\\\/\\\/secure.gravatar.com\\\/avatar\\\/7f2c48bdc33b30088f941fb6082e555f2874c98e20cb159d7b92b50eadfce793?s=96&d=mm&r=g\",\"url\":\"https:\\\/\\\/secure.gravatar.com\\\/avatar\\\/7f2c48bdc33b30088f941fb6082e555f2874c98e20cb159d7b92b50eadfce793?s=96&d=mm&r=g\",\"contentUrl\":\"https:\\\/\\\/secure.gravatar.com\\\/avatar\\\/7f2c48bdc33b30088f941fb6082e555f2874c98e20cb159d7b92b50eadfce793?s=96&d=mm&r=g\",\"caption\":\"Gente de B\u00e1squet\"},\"sameAs\":[\"http:\\\/\\\/gentedebasquet.com.ar\\\/sitio\"],\"url\":\"http:\\\/\\\/gentedebasquet.com.ar\\\/sitio\\\/author\\\/ulises\\\/\"}]}<\/script>\n<!-- \/ Yoast SEO plugin. -->","yoast_head_json":{"title":"El Celeste no se rinde - Gente de B\u00e1squet","robots":{"index":"index","follow":"follow","max-snippet":"max-snippet:-1","max-image-preview":"max-image-preview:large","max-video-preview":"max-video-preview:-1"},"canonical":"http:\/\/gentedebasquet.com.ar\/sitio\/2018\/09\/27\/el-celeste-no-se-rinde\/","og_locale":"es_ES","og_type":"article","og_title":"El Celeste no se rinde - Gente de B\u00e1squet","og_description":"Con un 4C matador (25-13), El Nacional dio vuelta el juego para vencer a Pueyrred\u00f3n.","og_url":"http:\/\/gentedebasquet.com.ar\/sitio\/2018\/09\/27\/el-celeste-no-se-rinde\/","og_site_name":"Gente de B\u00e1squet","article_published_time":"2018-09-28T02:42:30+00:00","og_image":[{"width":690,"height":320,"url":"http:\/\/gentedebasquet.com.ar\/sitio\/wp-content\/uploads\/2018\/09\/Tajan-CEN-VS-PUE.jpg","type":"image\/jpeg"}],"author":"Gente de B\u00e1squet","twitter_card":"summary_large_image","twitter_misc":{"Escrito por":"Gente de B\u00e1squet","Tiempo de lectura":"4 minutos"},"schema":{"@context":"https:\/\/schema.org","@graph":[{"@type":"Article","@id":"http:\/\/gentedebasquet.com.ar\/sitio\/2018\/09\/27\/el-celeste-no-se-rinde\/#article","isPartOf":{"@id":"http:\/\/gentedebasquet.com.ar\/sitio\/2018\/09\/27\/el-celeste-no-se-rinde\/"},"author":{"name":"Gente de B\u00e1squet","@id":"https:\/\/gentedebasquet.com.ar\/sitio\/#\/schema\/person\/ca0b63bbb977369988a7bbbdc519943a"},"headline":"El Celeste no se rinde","datePublished":"2018-09-28T02:42:30+00:00","mainEntityOfPage":{"@id":"http:\/\/gentedebasquet.com.ar\/sitio\/2018\/09\/27\/el-celeste-no-se-rinde\/"},"wordCount":850,"image":{"@id":"http:\/\/gentedebasquet.com.ar\/sitio\/2018\/09\/27\/el-celeste-no-se-rinde\/#primaryimage"},"thumbnailUrl":"http:\/\/gentedebasquet.com.ar\/sitio\/wp-content\/uploads\/2018\/09\/Tajan-CEN-VS-PUE.jpg","keywords":["El Nacional","Lucas Chaves","Mat\u00edas Chaves","Pueyrredon","Tom\u00e1s Tajan"],"articleSection":["Primera","Slide"],"inLanguage":"es"},{"@type":"WebPage","@id":"http:\/\/gentedebasquet.com.ar\/sitio\/2018\/09\/27\/el-celeste-no-se-rinde\/","url":"http:\/\/gentedebasquet.com.ar\/sitio\/2018\/09\/27\/el-celeste-no-se-rinde\/","name":"El Celeste no se rinde - Gente de B\u00e1squet","isPartOf":{"@id":"https:\/\/gentedebasquet.com.ar\/sitio\/#website"},"primaryImageOfPage":{"@id":"http:\/\/gentedebasquet.com.ar\/sitio\/2018\/09\/27\/el-celeste-no-se-rinde\/#primaryimage"},"image":{"@id":"http:\/\/gentedebasquet.com.ar\/sitio\/2018\/09\/27\/el-celeste-no-se-rinde\/#primaryimage"},"thumbnailUrl":"http:\/\/gentedebasquet.com.ar\/sitio\/wp-content\/uploads\/2018\/09\/Tajan-CEN-VS-PUE.jpg","datePublished":"2018-09-28T02:42:30+00:00","author":{"@id":"https:\/\/gentedebasquet.com.ar\/sitio\/#\/schema\/person\/ca0b63bbb977369988a7bbbdc519943a"},"breadcrumb":{"@id":"http:\/\/gentedebasquet.com.ar\/sitio\/2018\/09\/27\/el-celeste-no-se-rinde\/#breadcrumb"},"inLanguage":"es","potentialAction":[{"@type":"ReadAction","target":["http:\/\/gentedebasquet.com.ar\/sitio\/2018\/09\/27\/el-celeste-no-se-rinde\/"]}]},{"@type":"ImageObject","inLanguage":"es","@id":"http:\/\/gentedebasquet.com.ar\/sitio\/2018\/09\/27\/el-celeste-no-se-rinde\/#primaryimage","url":"http:\/\/gentedebasquet.com.ar\/sitio\/wp-content\/uploads\/2018\/09\/Tajan-CEN-VS-PUE.jpg","contentUrl":"http:\/\/gentedebasquet.com.ar\/sitio\/wp-content\/uploads\/2018\/09\/Tajan-CEN-VS-PUE.jpg","width":690,"height":320},{"@type":"BreadcrumbList","@id":"http:\/\/gentedebasquet.com.ar\/sitio\/2018\/09\/27\/el-celeste-no-se-rinde\/#breadcrumb","itemListElement":[{"@type":"ListItem","position":1,"name":"Portada","item":"https:\/\/gentedebasquet.com.ar\/sitio\/"},{"@type":"ListItem","position":2,"name":"El Celeste no se rinde"}]},{"@type":"WebSite","@id":"https:\/\/gentedebasquet.com.ar\/sitio\/#website","url":"https:\/\/gentedebasquet.com.ar\/sitio\/","name":"Gente de B\u00e1squet","description":"La revista del basquet de Bah\u00eda Blanca","potentialAction":[{"@type":"SearchAction","target":{"@type":"EntryPoint","urlTemplate":"https:\/\/gentedebasquet.com.ar\/sitio\/?s={search_term_string}"},"query-input":{"@type":"PropertyValueSpecification","valueRequired":true,"valueName":"search_term_string"}}],"inLanguage":"es"},{"@type":"Person","@id":"https:\/\/gentedebasquet.com.ar\/sitio\/#\/schema\/person\/ca0b63bbb977369988a7bbbdc519943a","name":"Gente de B\u00e1squet","image":{"@type":"ImageObject","inLanguage":"es","@id":"https:\/\/secure.gravatar.com\/avatar\/7f2c48bdc33b30088f941fb6082e555f2874c98e20cb159d7b92b50eadfce793?s=96&d=mm&r=g","url":"https:\/\/secure.gravatar.com\/avatar\/7f2c48bdc33b30088f941fb6082e555f2874c98e20cb159d7b92b50eadfce793?s=96&d=mm&r=g","contentUrl":"https:\/\/secure.gravatar.com\/avatar\/7f2c48bdc33b30088f941fb6082e555f2874c98e20cb159d7b92b50eadfce793?s=96&d=mm&r=g","caption":"Gente de B\u00e1squet"},"sameAs":["http:\/\/gentedebasquet.com.ar\/sitio"],"url":"http:\/\/gentedebasquet.com.ar\/sitio\/author\/ulises\/"}]}},"_links":{"self":[{"href":"http:\/\/gentedebasquet.com.ar\/sitio\/wp-json\/wp\/v2\/posts\/88211","targetHints":{"allow":["GET"]}}],"collection":[{"href":"http:\/\/gentedebasquet.com.ar\/sitio\/wp-json\/wp\/v2\/posts"}],"about":[{"href":"http:\/\/gentedebasquet.com.ar\/sitio\/wp-json\/wp\/v2\/types\/post"}],"author":[{"embeddable":true,"href":"http:\/\/gentedebasquet.com.ar\/sitio\/wp-json\/wp\/v2\/users\/1"}],"replies":[{"embeddable":true,"href":"http:\/\/gentedebasquet.com.ar\/sitio\/wp-json\/wp\/v2\/comments?post=88211"}],"version-history":[{"count":0,"href":"http:\/\/gentedebasquet.com.ar\/sitio\/wp-json\/wp\/v2\/posts\/88211\/revisions"}],"wp:featuredmedia":[{"embeddable":true,"href":"http:\/\/gentedebasquet.com.ar\/sitio\/wp-json\/wp\/v2\/media\/88227"}],"wp:attachment":[{"href":"http:\/\/gentedebasquet.com.ar\/sitio\/wp-json\/wp\/v2\/media?parent=88211"}],"wp:term":[{"taxonomy":"category","embeddable":true,"href":"http:\/\/gentedebasquet.com.ar\/sitio\/wp-json\/wp\/v2\/categories?post=88211"},{"taxonomy":"post_tag","embeddable":true,"href":"http:\/\/gentedebasquet.com.ar\/sitio\/wp-json\/wp\/v2\/tags?post=88211"}],"curies":[{"name":"wp","href":"https:\/\/api.w.org\/{rel}","templated":true}]}}