{"id":88679,"date":"2018-10-08T23:37:43","date_gmt":"2018-10-09T02:37:43","guid":{"rendered":"http:\/\/www.gentedebasquet.com.ar\/?p=88679"},"modified":"2018-10-08T23:37:43","modified_gmt":"2018-10-09T02:37:43","slug":"se-sube-al-podio","status":"publish","type":"post","link":"http:\/\/gentedebasquet.com.ar\/sitio\/2018\/10\/08\/se-sube-al-podio\/","title":{"rendered":"Se sube al podio"},"content":{"rendered":"<p><strong>Napost\u00e1 derrot\u00f3 como local a Alem por 86 a 77, sum\u00f3 su s\u00e9ptimo triunfo al hilo y aprovech\u00f3 la derrota de Bahiense para alcanzarlo en el tercer puesto. En un partido extremadamente parejo (69-69 a 4.33m para el final), y luego de un encontronazo entre Jasen y Mart\u00ednez, el due\u00f1o de casa aprovech\u00f3 su momento para cerrarlo mejor y seguir de racha. A los triples de Matute (17, 3\/6 T3) se le sum\u00f3 un partidazo de Nicol\u00e1s Quiroga (28, 12 en el 4C, 11\/17 T2) y una r\u00e1faga clave de Zambrano (10) en un equipo que perdi\u00f3 a Juan Ignacio Bellozas a mediados del 3C por una fuerte torcedura en su tobillo izquierdo. En el visitante los m\u00e1s destacados fueron Augusto Priore (21, 10 en el 1C, 3\/6 T3, 6\/6 T1) y Walter Gigena (19, 6\/9 T2).<\/strong><\/p>\n<p>A puro gol, as\u00ed arranc\u00f3 Alem (3\/3 T3, 2\/3 T2) con los triples de Priore (6) desde el eje y Pascual m\u00e1s la presencia de Jasen (4) haciendo que el visitante saque ventajas (15-9 en 3.02 minutos) ante un Napost\u00e1 que repart\u00eda el goleo con Bellozas como eje, pero que no le encontraba la vuelta atr\u00e1s.<\/p>\n<p>Una vez que el due\u00f1o de casa se asent\u00f3 en defensa, la aparici\u00f3n de Quiroga (9) desplegando su arsenal ofensivo fue clave para que Napo llegue a pasar al frente (20-19 a 1.15m) aprovechando que Alem comenz\u00f3 a forzar lanzamientos, perdi\u00f3 claridad en la rotaci\u00f3n, aunque un par de penetraciones de Priore (termin\u00f3 con 10) le dieron el liderazgo al cabo del primer cuarto, 21-20.<a href=\"http:\/\/www.gentedebasquet.com.ar\/wp-content\/uploads\/2018\/10\/Alem-3-1.jpg\"><img decoding=\"async\" class=\"size-medium wp-image-88681 alignright\" src=\"http:\/\/www.gentedebasquet.com.ar\/wp-content\/uploads\/2018\/10\/Alem-3-1-300x203.jpg\" alt=\"\" width=\"300\" height=\"203\" srcset=\"http:\/\/gentedebasquet.com.ar\/sitio\/wp-content\/uploads\/2018\/10\/Alem-3-1-300x203.jpg 300w, http:\/\/gentedebasquet.com.ar\/sitio\/wp-content\/uploads\/2018\/10\/Alem-3-1.jpg 400w\" sizes=\"(max-width: 300px) 100vw, 300px\" \/><\/a><\/p>\n<p>M\u00e1s all\u00e1 que el ingreso de Ianguas (3 + 5 rebotes) le dio segundas chances, Alem perdi\u00f3 la br\u00fajula con p\u00e9rdidas (4) inoportunas y sin encontrar el aro (1\/6 T3, 1\/5 T2), hasta que el ingreso de Jasen (8) acomod\u00f3 las cosas ofensivamente, aunque el local poco a poco fue adue\u00f1\u00e1ndose del partido. Es que el pibe Sebasti\u00e1n (6, 2\/4 TC, 2 reb, 2 as) le dio una marcha m\u00e1s a un Napost\u00e1 que comenz\u00f3 a machacar con los triples de Mart\u00ednez (6) y Zambrano m\u00e1s un buen cierre de Godio para llegar +6 al entretiempo: 41-35.<\/p>\n<blockquote><p>Sab\u00edamos que ellos tienen un poder\u00edo importante abajo del aro, supimos ajustar la defensa. Pudimos contener las penetraciones y correr, ellos se desgastaron y perdieron a Pancho. Es una mala noticia (la lesi\u00f3n de Bellozas), es un jugador determinante para nosotros, vamos a tener que amoldar el equipo para reemplazarlo (Nicol\u00e1s Quiroga).<\/p><\/blockquote>\n<p>Tras el descanso largo, el local entr\u00f3 decidido con un par de acciones de doble y falta (Godio y Zambrano) m\u00e1s un doble de Bellozas (2 + 5 reb), para sacar 10 de luz (48-38), pero Napo se derrumb\u00f3 en un par de minutos: El propio Juani se torci\u00f3 el tobillo izquierdo en una acci\u00f3n defensiva, mostrando gestos de dolor y sin poder volver, las p\u00e9rdidas (5) se sucedieron y los triples de Priore (7) y Pascual encabezaron un parcial de 10 a 0 a favor de Alem que igual\u00f3 la historia (48-48) en 5.33 minutos.<\/p>\n<p><a href=\"http:\/\/www.gentedebasquet.com.ar\/wp-content\/uploads\/2018\/10\/Nap-2.jpg\"><img decoding=\"async\" class=\"size-medium wp-image-88682 alignleft\" src=\"http:\/\/www.gentedebasquet.com.ar\/wp-content\/uploads\/2018\/10\/Nap-2-300x203.jpg\" alt=\"\" width=\"300\" height=\"203\" srcset=\"http:\/\/gentedebasquet.com.ar\/sitio\/wp-content\/uploads\/2018\/10\/Nap-2-300x203.jpg 300w, http:\/\/gentedebasquet.com.ar\/sitio\/wp-content\/uploads\/2018\/10\/Nap-2.jpg 400w\" sizes=\"(max-width: 300px) 100vw, 300px\" \/><\/a>Tras la r\u00e1faga de larga distancia, fueron las penetraciones de Gigena (6) las que mantuvieron a flote a la ofensiva visitante, m\u00e1s all\u00e1 que el regreso de Quiroga (4) y un triple de Mart\u00ednez mantuvieron al frente al local en un partido cada vez m\u00e1s caliente: 58-56 esperando por el \u00faltimo segmento.<\/p>\n<p>Un pasaje individual de Quiroga (7) le permiti\u00f3 sacar 6 al local (65-59 a 8.21m) y los libres de Mart\u00ednez (4\/8 T1) lo mantuvieron a flote (69-66 a 5.44m) cuando la ofensiva se estanc\u00f3 en un partido que termin\u00f3 de calentarse (t\u00e9cnicas a Aguirre, Meneses y Pascual) y que vio como Alem, sin desesperarse, sum\u00f3 v\u00eda su per\u00edmetro con Pascual (5) como l\u00edder, para igualar el juego (69-69) a 4.33 minutos.<\/p>\n<p>En ese instante, mientras Jasen se dispon\u00eda a igualarlo desde la l\u00ednea, una fuerte discusi\u00f3n entre el propio Pancho y Mart\u00ednez (ver video), termin\u00f3 de caldear los \u00e1nimos mientras volaban t\u00e9cnicas para ambos.<\/p>\n<p>En ese contexto, la aparici\u00f3n de Zambrano (4\/4 T1) bancando a Jasen atr\u00e1s y sac\u00e1ndole la quinta adelante, iniciaron a Napost\u00e1 que encontr\u00f3 una bomba de Gentili (primer gol de campo tras 0\/5 TC) y dos libres de Godio que le permitieron sacar 7 (78-71 a 3.21m) en un momento clave.<\/p>\n<p>La lucha de Gigena (8) mantuvo con esperanzas al verdirrojo, pero Quiroga (termin\u00f3 con 12, 5\/6 T2, 4\/4 T1) amo y se\u00f1or del cierre para que Napost\u00e1 sume su s\u00e9ptimo triunfo consecutivo e iguale a Bahiense en la tercera colocaci\u00f3n.<\/p>\n<p><iframe loading=\"lazy\" src=\"https:\/\/www.youtube.com\/embed\/CUAtJt4h5sU\" width=\"560\" height=\"315\" frameborder=\"0\" allowfullscreen=\"allowfullscreen\"><\/iframe><\/p>\n<p><strong>Primera | <\/strong>Oficial \u2013 Fecha #18<\/p>\n<p><strong>Napost\u00e1 86:<\/strong> Gustavo Gentili 7, Ramiro Aguirre 3, Mat\u00edas Mart\u00ednez 17, Nicol\u00e1s Quiroga 28, Juan Ignacio Bellozas 5 (FI); Tom\u00e1s Sebasti\u00e1n 6, Joaqu\u00edn Godio 6, Kevin Zambrano 10, Antonio Iturrioz 4, Augusto Meneses 0. DT: Sebasti\u00e1n Aleksoski.<\/p>\n<p><strong>Alem 77:<\/strong> Augusto Priore 21 (x), Santiago Pascual 12, Juan Pablo Rotta 4 (x), Walter Gigena 19 (x), Hern\u00e1n Jasen 13 (x) (FI); Agust\u00edn Astradas 2, Pedro Ianguas 6, Sebasti\u00e1n Narbaiza 0, Felipe Mandolesi 0, Mateo Murphy 0. DT: Franco Maceratesi.<\/p>\n<p><strong>Parciales:<\/strong> 20-21, 41-35 (21-14), 58-56 (17-21), 86-77 (28-21).<\/p>\n<p><strong>\u00c1rbitros:<\/strong> Emanuel S\u00e1nchez \u2013 Marjorie Stuardo.<\/p>\n<p><strong>Estadio:<\/strong> Antonio Palma (Napost\u00e1).<\/p>\n<p><a class=\"modalf iframe\" title=\"Planilla\" href=\"https:\/\/docs.google.com\/spreadsheets\/d\/e\/2PACX-1vT-wiqAPPIhhCE-OpPVKsTRx-3K7slepWotTEoMPaBoSQCDT-UfUbWjS4ClsGPalgZVu2ebhJ1LiqSw\/pubhtml?gid=334005787&amp;single=true\" target=\"_blank\" rel=\"noopener\">Ver Planilla<\/a><\/p>\n","protected":false},"excerpt":{"rendered":"<p>Napost\u00e1 derrot\u00f3 como local a Alem (86-77) y alcanz\u00f3 a Bahiense en el tercer puesto<\/p>\n","protected":false},"author":1,"featured_media":88680,"comment_status":"closed","ping_status":"open","sticky":false,"template":"","format":"standard","meta":{"jnews-multi-image_gallery":[],"jnews_single_post":[],"jnews_primary_category":[],"footnotes":""},"categories":[23,101],"tags":[656,492,319,742,612,293,15,283,302],"class_list":["post-88679","post","type-post","status-publish","format-standard","has-post-thumbnail","hentry","category-primera","category-slide","tag-augusto-priore","tag-hernan-jasen","tag-juan-ignacio-bellozas","tag-kevin-zambrano","tag-leandro-n-alem","tag-matias-martinez","tag-naposta","tag-nicolas-quiroga","tag-walter-gigena"],"yoast_head":"<!-- This site is optimized with the Yoast SEO plugin v27.5 - https:\/\/yoast.com\/product\/yoast-seo-wordpress\/ -->\n<title>Se sube al podio - Gente de B\u00e1squet<\/title>\n<meta name=\"robots\" content=\"index, follow, max-snippet:-1, max-image-preview:large, max-video-preview:-1\" \/>\n<link rel=\"canonical\" href=\"http:\/\/gentedebasquet.com.ar\/sitio\/2018\/10\/08\/se-sube-al-podio\/\" \/>\n<meta property=\"og:locale\" content=\"es_ES\" \/>\n<meta property=\"og:type\" content=\"article\" \/>\n<meta property=\"og:title\" content=\"Se sube al podio - Gente de B\u00e1squet\" \/>\n<meta property=\"og:description\" content=\"Napost\u00e1 derrot\u00f3 como local a Alem (86-77) y alcanz\u00f3 a Bahiense en el tercer puesto\" \/>\n<meta property=\"og:url\" content=\"http:\/\/gentedebasquet.com.ar\/sitio\/2018\/10\/08\/se-sube-al-podio\/\" \/>\n<meta property=\"og:site_name\" content=\"Gente de B\u00e1squet\" \/>\n<meta property=\"article:published_time\" content=\"2018-10-09T02:37:43+00:00\" \/>\n<meta property=\"og:image\" content=\"http:\/\/gentedebasquet.com.ar\/sitio\/wp-content\/uploads\/2018\/10\/Nap-1.jpg\" \/>\n\t<meta property=\"og:image:width\" content=\"690\" \/>\n\t<meta property=\"og:image:height\" content=\"319\" \/>\n\t<meta property=\"og:image:type\" content=\"image\/jpeg\" \/>\n<meta name=\"author\" content=\"Gente de B\u00e1squet\" \/>\n<meta name=\"twitter:card\" content=\"summary_large_image\" \/>\n<meta name=\"twitter:label1\" content=\"Escrito por\" \/>\n\t<meta name=\"twitter:data1\" content=\"Gente de B\u00e1squet\" \/>\n\t<meta name=\"twitter:label2\" content=\"Tiempo de lectura\" \/>\n\t<meta name=\"twitter:data2\" content=\"4 minutos\" \/>\n<script type=\"application\/ld+json\" class=\"yoast-schema-graph\">{\"@context\":\"https:\\\/\\\/schema.org\",\"@graph\":[{\"@type\":\"Article\",\"@id\":\"http:\\\/\\\/gentedebasquet.com.ar\\\/sitio\\\/2018\\\/10\\\/08\\\/se-sube-al-podio\\\/#article\",\"isPartOf\":{\"@id\":\"http:\\\/\\\/gentedebasquet.com.ar\\\/sitio\\\/2018\\\/10\\\/08\\\/se-sube-al-podio\\\/\"},\"author\":{\"name\":\"Gente de B\u00e1squet\",\"@id\":\"https:\\\/\\\/gentedebasquet.com.ar\\\/sitio\\\/#\\\/schema\\\/person\\\/ca0b63bbb977369988a7bbbdc519943a\"},\"headline\":\"Se sube al podio\",\"datePublished\":\"2018-10-09T02:37:43+00:00\",\"mainEntityOfPage\":{\"@id\":\"http:\\\/\\\/gentedebasquet.com.ar\\\/sitio\\\/2018\\\/10\\\/08\\\/se-sube-al-podio\\\/\"},\"wordCount\":833,\"image\":{\"@id\":\"http:\\\/\\\/gentedebasquet.com.ar\\\/sitio\\\/2018\\\/10\\\/08\\\/se-sube-al-podio\\\/#primaryimage\"},\"thumbnailUrl\":\"http:\\\/\\\/gentedebasquet.com.ar\\\/sitio\\\/wp-content\\\/uploads\\\/2018\\\/10\\\/Nap-1.jpg\",\"keywords\":[\"Augusto Priore\",\"Hern\u00e1n Jasen\",\"Juan Ignacio Bellozas\",\"Kevin Zambrano\",\"Leandro N. Alem\",\"Mat\u00edas Mart\u00ednez\",\"Naposta\",\"Nicol\u00e1s Quiroga\",\"Walter Gigena\"],\"articleSection\":[\"Primera\",\"Slide\"],\"inLanguage\":\"es\"},{\"@type\":\"WebPage\",\"@id\":\"http:\\\/\\\/gentedebasquet.com.ar\\\/sitio\\\/2018\\\/10\\\/08\\\/se-sube-al-podio\\\/\",\"url\":\"http:\\\/\\\/gentedebasquet.com.ar\\\/sitio\\\/2018\\\/10\\\/08\\\/se-sube-al-podio\\\/\",\"name\":\"Se sube al podio - Gente de B\u00e1squet\",\"isPartOf\":{\"@id\":\"https:\\\/\\\/gentedebasquet.com.ar\\\/sitio\\\/#website\"},\"primaryImageOfPage\":{\"@id\":\"http:\\\/\\\/gentedebasquet.com.ar\\\/sitio\\\/2018\\\/10\\\/08\\\/se-sube-al-podio\\\/#primaryimage\"},\"image\":{\"@id\":\"http:\\\/\\\/gentedebasquet.com.ar\\\/sitio\\\/2018\\\/10\\\/08\\\/se-sube-al-podio\\\/#primaryimage\"},\"thumbnailUrl\":\"http:\\\/\\\/gentedebasquet.com.ar\\\/sitio\\\/wp-content\\\/uploads\\\/2018\\\/10\\\/Nap-1.jpg\",\"datePublished\":\"2018-10-09T02:37:43+00:00\",\"author\":{\"@id\":\"https:\\\/\\\/gentedebasquet.com.ar\\\/sitio\\\/#\\\/schema\\\/person\\\/ca0b63bbb977369988a7bbbdc519943a\"},\"breadcrumb\":{\"@id\":\"http:\\\/\\\/gentedebasquet.com.ar\\\/sitio\\\/2018\\\/10\\\/08\\\/se-sube-al-podio\\\/#breadcrumb\"},\"inLanguage\":\"es\",\"potentialAction\":[{\"@type\":\"ReadAction\",\"target\":[\"http:\\\/\\\/gentedebasquet.com.ar\\\/sitio\\\/2018\\\/10\\\/08\\\/se-sube-al-podio\\\/\"]}]},{\"@type\":\"ImageObject\",\"inLanguage\":\"es\",\"@id\":\"http:\\\/\\\/gentedebasquet.com.ar\\\/sitio\\\/2018\\\/10\\\/08\\\/se-sube-al-podio\\\/#primaryimage\",\"url\":\"http:\\\/\\\/gentedebasquet.com.ar\\\/sitio\\\/wp-content\\\/uploads\\\/2018\\\/10\\\/Nap-1.jpg\",\"contentUrl\":\"http:\\\/\\\/gentedebasquet.com.ar\\\/sitio\\\/wp-content\\\/uploads\\\/2018\\\/10\\\/Nap-1.jpg\",\"width\":690,\"height\":319},{\"@type\":\"BreadcrumbList\",\"@id\":\"http:\\\/\\\/gentedebasquet.com.ar\\\/sitio\\\/2018\\\/10\\\/08\\\/se-sube-al-podio\\\/#breadcrumb\",\"itemListElement\":[{\"@type\":\"ListItem\",\"position\":1,\"name\":\"Portada\",\"item\":\"https:\\\/\\\/gentedebasquet.com.ar\\\/sitio\\\/\"},{\"@type\":\"ListItem\",\"position\":2,\"name\":\"Se sube al podio\"}]},{\"@type\":\"WebSite\",\"@id\":\"https:\\\/\\\/gentedebasquet.com.ar\\\/sitio\\\/#website\",\"url\":\"https:\\\/\\\/gentedebasquet.com.ar\\\/sitio\\\/\",\"name\":\"Gente de B\u00e1squet\",\"description\":\"La revista del basquet de Bah\u00eda Blanca\",\"potentialAction\":[{\"@type\":\"SearchAction\",\"target\":{\"@type\":\"EntryPoint\",\"urlTemplate\":\"https:\\\/\\\/gentedebasquet.com.ar\\\/sitio\\\/?s={search_term_string}\"},\"query-input\":{\"@type\":\"PropertyValueSpecification\",\"valueRequired\":true,\"valueName\":\"search_term_string\"}}],\"inLanguage\":\"es\"},{\"@type\":\"Person\",\"@id\":\"https:\\\/\\\/gentedebasquet.com.ar\\\/sitio\\\/#\\\/schema\\\/person\\\/ca0b63bbb977369988a7bbbdc519943a\",\"name\":\"Gente de B\u00e1squet\",\"image\":{\"@type\":\"ImageObject\",\"inLanguage\":\"es\",\"@id\":\"https:\\\/\\\/secure.gravatar.com\\\/avatar\\\/7f2c48bdc33b30088f941fb6082e555f2874c98e20cb159d7b92b50eadfce793?s=96&d=mm&r=g\",\"url\":\"https:\\\/\\\/secure.gravatar.com\\\/avatar\\\/7f2c48bdc33b30088f941fb6082e555f2874c98e20cb159d7b92b50eadfce793?s=96&d=mm&r=g\",\"contentUrl\":\"https:\\\/\\\/secure.gravatar.com\\\/avatar\\\/7f2c48bdc33b30088f941fb6082e555f2874c98e20cb159d7b92b50eadfce793?s=96&d=mm&r=g\",\"caption\":\"Gente de B\u00e1squet\"},\"sameAs\":[\"http:\\\/\\\/gentedebasquet.com.ar\\\/sitio\"],\"url\":\"http:\\\/\\\/gentedebasquet.com.ar\\\/sitio\\\/author\\\/ulises\\\/\"}]}<\/script>\n<!-- \/ Yoast SEO plugin. -->","yoast_head_json":{"title":"Se sube al podio - Gente de B\u00e1squet","robots":{"index":"index","follow":"follow","max-snippet":"max-snippet:-1","max-image-preview":"max-image-preview:large","max-video-preview":"max-video-preview:-1"},"canonical":"http:\/\/gentedebasquet.com.ar\/sitio\/2018\/10\/08\/se-sube-al-podio\/","og_locale":"es_ES","og_type":"article","og_title":"Se sube al podio - Gente de B\u00e1squet","og_description":"Napost\u00e1 derrot\u00f3 como local a Alem (86-77) y alcanz\u00f3 a Bahiense en el tercer puesto","og_url":"http:\/\/gentedebasquet.com.ar\/sitio\/2018\/10\/08\/se-sube-al-podio\/","og_site_name":"Gente de B\u00e1squet","article_published_time":"2018-10-09T02:37:43+00:00","og_image":[{"width":690,"height":319,"url":"http:\/\/gentedebasquet.com.ar\/sitio\/wp-content\/uploads\/2018\/10\/Nap-1.jpg","type":"image\/jpeg"}],"author":"Gente de B\u00e1squet","twitter_card":"summary_large_image","twitter_misc":{"Escrito por":"Gente de B\u00e1squet","Tiempo de lectura":"4 minutos"},"schema":{"@context":"https:\/\/schema.org","@graph":[{"@type":"Article","@id":"http:\/\/gentedebasquet.com.ar\/sitio\/2018\/10\/08\/se-sube-al-podio\/#article","isPartOf":{"@id":"http:\/\/gentedebasquet.com.ar\/sitio\/2018\/10\/08\/se-sube-al-podio\/"},"author":{"name":"Gente de B\u00e1squet","@id":"https:\/\/gentedebasquet.com.ar\/sitio\/#\/schema\/person\/ca0b63bbb977369988a7bbbdc519943a"},"headline":"Se sube al podio","datePublished":"2018-10-09T02:37:43+00:00","mainEntityOfPage":{"@id":"http:\/\/gentedebasquet.com.ar\/sitio\/2018\/10\/08\/se-sube-al-podio\/"},"wordCount":833,"image":{"@id":"http:\/\/gentedebasquet.com.ar\/sitio\/2018\/10\/08\/se-sube-al-podio\/#primaryimage"},"thumbnailUrl":"http:\/\/gentedebasquet.com.ar\/sitio\/wp-content\/uploads\/2018\/10\/Nap-1.jpg","keywords":["Augusto Priore","Hern\u00e1n Jasen","Juan Ignacio Bellozas","Kevin Zambrano","Leandro N. Alem","Mat\u00edas Mart\u00ednez","Naposta","Nicol\u00e1s Quiroga","Walter Gigena"],"articleSection":["Primera","Slide"],"inLanguage":"es"},{"@type":"WebPage","@id":"http:\/\/gentedebasquet.com.ar\/sitio\/2018\/10\/08\/se-sube-al-podio\/","url":"http:\/\/gentedebasquet.com.ar\/sitio\/2018\/10\/08\/se-sube-al-podio\/","name":"Se sube al podio - Gente de B\u00e1squet","isPartOf":{"@id":"https:\/\/gentedebasquet.com.ar\/sitio\/#website"},"primaryImageOfPage":{"@id":"http:\/\/gentedebasquet.com.ar\/sitio\/2018\/10\/08\/se-sube-al-podio\/#primaryimage"},"image":{"@id":"http:\/\/gentedebasquet.com.ar\/sitio\/2018\/10\/08\/se-sube-al-podio\/#primaryimage"},"thumbnailUrl":"http:\/\/gentedebasquet.com.ar\/sitio\/wp-content\/uploads\/2018\/10\/Nap-1.jpg","datePublished":"2018-10-09T02:37:43+00:00","author":{"@id":"https:\/\/gentedebasquet.com.ar\/sitio\/#\/schema\/person\/ca0b63bbb977369988a7bbbdc519943a"},"breadcrumb":{"@id":"http:\/\/gentedebasquet.com.ar\/sitio\/2018\/10\/08\/se-sube-al-podio\/#breadcrumb"},"inLanguage":"es","potentialAction":[{"@type":"ReadAction","target":["http:\/\/gentedebasquet.com.ar\/sitio\/2018\/10\/08\/se-sube-al-podio\/"]}]},{"@type":"ImageObject","inLanguage":"es","@id":"http:\/\/gentedebasquet.com.ar\/sitio\/2018\/10\/08\/se-sube-al-podio\/#primaryimage","url":"http:\/\/gentedebasquet.com.ar\/sitio\/wp-content\/uploads\/2018\/10\/Nap-1.jpg","contentUrl":"http:\/\/gentedebasquet.com.ar\/sitio\/wp-content\/uploads\/2018\/10\/Nap-1.jpg","width":690,"height":319},{"@type":"BreadcrumbList","@id":"http:\/\/gentedebasquet.com.ar\/sitio\/2018\/10\/08\/se-sube-al-podio\/#breadcrumb","itemListElement":[{"@type":"ListItem","position":1,"name":"Portada","item":"https:\/\/gentedebasquet.com.ar\/sitio\/"},{"@type":"ListItem","position":2,"name":"Se sube al podio"}]},{"@type":"WebSite","@id":"https:\/\/gentedebasquet.com.ar\/sitio\/#website","url":"https:\/\/gentedebasquet.com.ar\/sitio\/","name":"Gente de B\u00e1squet","description":"La revista del basquet de Bah\u00eda Blanca","potentialAction":[{"@type":"SearchAction","target":{"@type":"EntryPoint","urlTemplate":"https:\/\/gentedebasquet.com.ar\/sitio\/?s={search_term_string}"},"query-input":{"@type":"PropertyValueSpecification","valueRequired":true,"valueName":"search_term_string"}}],"inLanguage":"es"},{"@type":"Person","@id":"https:\/\/gentedebasquet.com.ar\/sitio\/#\/schema\/person\/ca0b63bbb977369988a7bbbdc519943a","name":"Gente de B\u00e1squet","image":{"@type":"ImageObject","inLanguage":"es","@id":"https:\/\/secure.gravatar.com\/avatar\/7f2c48bdc33b30088f941fb6082e555f2874c98e20cb159d7b92b50eadfce793?s=96&d=mm&r=g","url":"https:\/\/secure.gravatar.com\/avatar\/7f2c48bdc33b30088f941fb6082e555f2874c98e20cb159d7b92b50eadfce793?s=96&d=mm&r=g","contentUrl":"https:\/\/secure.gravatar.com\/avatar\/7f2c48bdc33b30088f941fb6082e555f2874c98e20cb159d7b92b50eadfce793?s=96&d=mm&r=g","caption":"Gente de B\u00e1squet"},"sameAs":["http:\/\/gentedebasquet.com.ar\/sitio"],"url":"http:\/\/gentedebasquet.com.ar\/sitio\/author\/ulises\/"}]}},"_links":{"self":[{"href":"http:\/\/gentedebasquet.com.ar\/sitio\/wp-json\/wp\/v2\/posts\/88679","targetHints":{"allow":["GET"]}}],"collection":[{"href":"http:\/\/gentedebasquet.com.ar\/sitio\/wp-json\/wp\/v2\/posts"}],"about":[{"href":"http:\/\/gentedebasquet.com.ar\/sitio\/wp-json\/wp\/v2\/types\/post"}],"author":[{"embeddable":true,"href":"http:\/\/gentedebasquet.com.ar\/sitio\/wp-json\/wp\/v2\/users\/1"}],"replies":[{"embeddable":true,"href":"http:\/\/gentedebasquet.com.ar\/sitio\/wp-json\/wp\/v2\/comments?post=88679"}],"version-history":[{"count":0,"href":"http:\/\/gentedebasquet.com.ar\/sitio\/wp-json\/wp\/v2\/posts\/88679\/revisions"}],"wp:featuredmedia":[{"embeddable":true,"href":"http:\/\/gentedebasquet.com.ar\/sitio\/wp-json\/wp\/v2\/media\/88680"}],"wp:attachment":[{"href":"http:\/\/gentedebasquet.com.ar\/sitio\/wp-json\/wp\/v2\/media?parent=88679"}],"wp:term":[{"taxonomy":"category","embeddable":true,"href":"http:\/\/gentedebasquet.com.ar\/sitio\/wp-json\/wp\/v2\/categories?post=88679"},{"taxonomy":"post_tag","embeddable":true,"href":"http:\/\/gentedebasquet.com.ar\/sitio\/wp-json\/wp\/v2\/tags?post=88679"}],"curies":[{"name":"wp","href":"https:\/\/api.w.org\/{rel}","templated":true}]}}