{"id":91095,"date":"2019-02-03T23:42:51","date_gmt":"2019-02-04T02:42:51","guid":{"rendered":"http:\/\/www.gentedebasquet.com.ar\/?p=91095"},"modified":"2019-02-03T23:42:51","modified_gmt":"2019-02-04T02:42:51","slug":"cipolletti-amargo-a-villa-mitre","status":"publish","type":"post","link":"http:\/\/gentedebasquet.com.ar\/sitio\/2019\/02\/03\/cipolletti-amargo-a-villa-mitre\/","title":{"rendered":"Cipolletti amarg\u00f3 a Villa Mitre"},"content":{"rendered":"<p><b>En tiempo suplementario, Cipolletti se impuso ante Villa Mitre por 105-104 y obtuvo su sexta victoria consecutiva. A pesar de la derrota, el tricolor sigue siendo l\u00edder\u00a0de la\u00a0Divisi\u00f3n Patagonia, con registro de 14 victorias y dos\u00a0derrotas.\u00a0Pennacchiotti, con 22\u00a0puntos y 15 rebotes fue el m\u00e1ximo exponente del equipo bahiense. Federico Harina (20), Jos\u00e9 Guti\u00e9rrez (14) y Franco Ruesga (13) aportaron lo suyo. En el ganador, se\u00a0destacaron Sebasti\u00e1n y Carlos Godoy Vega, con 19 puntos cada uno. El 3&#215;3, tambi\u00e9n\u00a0qued\u00f3 en manos del albinegro por 21 a 16.\u00a0<\/b><\/p>\n<p>El comienzo del partido lo tuvo activo a la visita, convirtiendo r\u00e1pidamente los primeros puntos para sacar ventaja. Cipolletti ajust\u00f3 la defensa y encontr\u00f3 en Sebasti\u00e1n Godoy Vega al anotador de sus primeros puntos para acortar distancia.<\/p>\n<p>Villa Mitre continu\u00f3 siendo superior a su rival y lo demostraba en el marcador, pero los hermanos Godoy Vega, quienes fueron los autores de todos puntos del albinegro en el cuarto, acortaron la distancia sobre el final (16-24).<\/p>\n<p>En el segundo per\u00edodo ambos entrenadores apostaron por el recambio. La visita mantuvo el ritmo inicial y sac\u00f3 su m\u00e1xima diferencia del partido (16 pts) para ponerse 33-49 haciendo que Maxi Rubio pida minuto. Los locales no se dieron por vencidos, con buenos ataques en la pintura de Casale y Godoy Vega, lograron irse al descanso abajo por 9 (42-51).<\/p>\n<p>Irse al vestuario le hizo bien al albinegro, que ajust\u00f3 tanto la defensa como el ataque y en los primeros 5 minutos del cuarto con apariciones de Hoffman, Tomasevich y Cristian Godoy Vega quien debi\u00f3 asumir el rol de base del equipo ante la ausencia del capit\u00e1n Boni por una molestia, pudieron ponerse a 2 (53-55) haciendo que el t\u00e9cnico Ugolini pida minuto para hablar con sus jugadores. Villa Mitre volvi\u00f3 a dominar en el juego y culmin\u00f3 el periodo nuevamente arriba por 8 de diferencia (66-74).<\/p>\n<p><a href=\"http:\/\/www.gentedebasquet.com.ar\/wp-content\/uploads\/2019\/02\/Federal-Cipolletti-vs-VM.jpg\"><img decoding=\"async\" class=\"size-medium wp-image-91097 alignright\" src=\"http:\/\/www.gentedebasquet.com.ar\/wp-content\/uploads\/2019\/02\/Federal-Cipolletti-vs-VM-300x225.jpg\" alt=\"\" width=\"300\" height=\"225\" srcset=\"http:\/\/gentedebasquet.com.ar\/sitio\/wp-content\/uploads\/2019\/02\/Federal-Cipolletti-vs-VM-300x225.jpg 300w, http:\/\/gentedebasquet.com.ar\/sitio\/wp-content\/uploads\/2019\/02\/Federal-Cipolletti-vs-VM.jpg 400w\" sizes=\"(max-width: 300px) 100vw, 300px\" \/><\/a>El \u00faltimo cuarto fue no apto para card\u00edacos. En los primeros minutos ambos equipos trataban de no equivocarse en sus jugadas y tratar de convertir. Los separaban 6 pts de diferencia (72-78) con varios minutos por jugar.<\/p>\n<p>A falta de 1 minuto para que culmine el encuentro, el tricolor estaba arriba por 7 (81-88), pero las apariciones de Tabbach con un doble, dos tiros libres y un triple de Tomasevich pusieron el encuentro igualado en 88, haciendo delirar a todo el p\u00fablico local a falta de 3 segundos para que finalice el encuentro. La visita tuvo la \u00faltima pelota para llevarse el encuentro en manos de Harina, pero no pudo convertir y el partido tuvo que ir a suplementario para definir al ganador.<\/p>\n<p>Villa Mitre mantuvo la regularidad del encuentro y r\u00e1pidamente saco 6 de ventaja con tiros de Farias, Pennacchiotti y Ruesga.<\/p>\n<p>Cipo no se dio por vencido y con libres de Tabbach y una bomba de tres de Andreotti igualaron el marcador en 100 a falta de un minuto por jugar.Harina con un doble puso al tricolor arriba, pero Tomasevich con sus cl\u00e1sicos tiros de larga distancia puso a Cipolletti arriba en el marcador por primera vez en todo el encuentro.<\/p>\n<p>Dos libres de Harina nuevamente invert\u00edan el marcador, hasta que Casale recibi\u00f3 una falta personal y tuvo que ir a la linea de tiros libres, donde no los desaprovecho y puso arriba al albinegro 105-104 a falta de 20 segundos. Villa Mitre nuevamente ten\u00eda la \u00faltima pelota para quedarse con el encuentro, pero Cipolletti defendi\u00f3 muy bien la jugada y termin\u00f3 festejando con su gente una victoria importante ante el puntero de la zona y que signific\u00f3 el sexto triunfo consecutivo del albinegro.<\/p>\n<p><a href=\"http:\/\/www.gentedebasquet.com.ar\/wp-content\/uploads\/2018\/11\/Villa-Mitre.jpg\"><img decoding=\"async\" class=\"alignnone wp-image-89689 size-full\" src=\"http:\/\/www.gentedebasquet.com.ar\/wp-content\/uploads\/2018\/11\/Villa-Mitre.jpg\" alt=\"\" width=\"900\" height=\"600\" srcset=\"http:\/\/gentedebasquet.com.ar\/sitio\/wp-content\/uploads\/2018\/11\/Villa-Mitre.jpg 900w, http:\/\/gentedebasquet.com.ar\/sitio\/wp-content\/uploads\/2018\/11\/Villa-Mitre-300x200.jpg 300w, http:\/\/gentedebasquet.com.ar\/sitio\/wp-content\/uploads\/2018\/11\/Villa-Mitre-768x512.jpg 768w\" sizes=\"(max-width: 900px) 100vw, 900px\" \/><\/a><\/p>\n<p><strong>Fuente:<\/strong> Prensa Cipolletti.<\/p>\n<p><strong>Fotos:\u00a0<\/strong>Prensa Cipolletti &#8211; La Ma\u00f1ana Neuqu\u00e9n.<\/p>\n<p><a href=\"https:\/\/www.fibalivestats.com\/u\/CAM\/1002662\/bs.html\">ESTAD\u00cdSTICAS OFICIALES<\/a><\/p>\n","protected":false},"excerpt":{"rendered":"<p>El tricolor se vuelve con una derrota en el TFB, pero sigue c\u00f3modo en lo m\u00e1s alto<\/p>\n","protected":false},"author":1,"featured_media":91096,"comment_status":"closed","ping_status":"open","sticky":false,"template":"","format":"standard","meta":{"jnews-multi-image_gallery":[],"jnews_single_post":[],"jnews_primary_category":[],"footnotes":""},"categories":[36,101],"tags":[1653,209,87,467,90,1737,22],"class_list":["post-91095","post","type-post","status-publish","format-standard","has-post-thumbnail","hentry","category-federal","category-slide","tag-cipolletti","tag-federico-harina","tag-franco-pennacchiotti","tag-franco-ruesga","tag-jose-gutierrez","tag-sebastian-godoy","tag-villa-mitre"],"yoast_head":"<!-- This site is optimized with the Yoast SEO plugin v27.5 - https:\/\/yoast.com\/product\/yoast-seo-wordpress\/ -->\n<title>Cipolletti amarg\u00f3 a Villa Mitre - Gente de B\u00e1squet<\/title>\n<meta name=\"robots\" content=\"index, follow, max-snippet:-1, max-image-preview:large, max-video-preview:-1\" \/>\n<link rel=\"canonical\" href=\"http:\/\/gentedebasquet.com.ar\/sitio\/2019\/02\/03\/cipolletti-amargo-a-villa-mitre\/\" \/>\n<meta property=\"og:locale\" content=\"es_ES\" \/>\n<meta property=\"og:type\" content=\"article\" \/>\n<meta property=\"og:title\" content=\"Cipolletti amarg\u00f3 a Villa Mitre - Gente de B\u00e1squet\" \/>\n<meta property=\"og:description\" content=\"El tricolor se vuelve con una derrota en el TFB, pero sigue c\u00f3modo en lo m\u00e1s alto\" \/>\n<meta property=\"og:url\" content=\"http:\/\/gentedebasquet.com.ar\/sitio\/2019\/02\/03\/cipolletti-amargo-a-villa-mitre\/\" \/>\n<meta property=\"og:site_name\" content=\"Gente de B\u00e1squet\" \/>\n<meta property=\"article:published_time\" content=\"2019-02-04T02:42:51+00:00\" \/>\n<meta property=\"og:image\" content=\"http:\/\/gentedebasquet.com.ar\/sitio\/wp-content\/uploads\/2019\/02\/Federal-Ruesga-VM.jpg\" \/>\n\t<meta property=\"og:image:width\" content=\"690\" \/>\n\t<meta property=\"og:image:height\" content=\"319\" \/>\n\t<meta property=\"og:image:type\" content=\"image\/jpeg\" \/>\n<meta name=\"author\" content=\"Gente de B\u00e1squet\" \/>\n<meta name=\"twitter:card\" content=\"summary_large_image\" \/>\n<meta name=\"twitter:label1\" content=\"Escrito por\" \/>\n\t<meta name=\"twitter:data1\" content=\"Gente de B\u00e1squet\" \/>\n\t<meta name=\"twitter:label2\" content=\"Tiempo de lectura\" \/>\n\t<meta name=\"twitter:data2\" content=\"3 minutos\" \/>\n<script type=\"application\/ld+json\" class=\"yoast-schema-graph\">{\"@context\":\"https:\\\/\\\/schema.org\",\"@graph\":[{\"@type\":\"Article\",\"@id\":\"http:\\\/\\\/gentedebasquet.com.ar\\\/sitio\\\/2019\\\/02\\\/03\\\/cipolletti-amargo-a-villa-mitre\\\/#article\",\"isPartOf\":{\"@id\":\"http:\\\/\\\/gentedebasquet.com.ar\\\/sitio\\\/2019\\\/02\\\/03\\\/cipolletti-amargo-a-villa-mitre\\\/\"},\"author\":{\"name\":\"Gente de B\u00e1squet\",\"@id\":\"http:\\\/\\\/gentedebasquet.com.ar\\\/sitio\\\/#\\\/schema\\\/person\\\/ca0b63bbb977369988a7bbbdc519943a\"},\"headline\":\"Cipolletti amarg\u00f3 a Villa Mitre\",\"datePublished\":\"2019-02-04T02:42:51+00:00\",\"mainEntityOfPage\":{\"@id\":\"http:\\\/\\\/gentedebasquet.com.ar\\\/sitio\\\/2019\\\/02\\\/03\\\/cipolletti-amargo-a-villa-mitre\\\/\"},\"wordCount\":618,\"image\":{\"@id\":\"http:\\\/\\\/gentedebasquet.com.ar\\\/sitio\\\/2019\\\/02\\\/03\\\/cipolletti-amargo-a-villa-mitre\\\/#primaryimage\"},\"thumbnailUrl\":\"http:\\\/\\\/gentedebasquet.com.ar\\\/sitio\\\/wp-content\\\/uploads\\\/2019\\\/02\\\/Federal-Ruesga-VM.jpg\",\"keywords\":[\"Cipolletti\",\"Federico Harina\",\"Franco Pennacchiotti\",\"Franco Ruesga\",\"Jos\u00e9 Guti\u00e9rrez\",\"Sebastian Godoy\",\"Villa Mitre\"],\"articleSection\":[\"Federal\",\"Slide\"],\"inLanguage\":\"es\"},{\"@type\":\"WebPage\",\"@id\":\"http:\\\/\\\/gentedebasquet.com.ar\\\/sitio\\\/2019\\\/02\\\/03\\\/cipolletti-amargo-a-villa-mitre\\\/\",\"url\":\"http:\\\/\\\/gentedebasquet.com.ar\\\/sitio\\\/2019\\\/02\\\/03\\\/cipolletti-amargo-a-villa-mitre\\\/\",\"name\":\"Cipolletti amarg\u00f3 a Villa Mitre - Gente de B\u00e1squet\",\"isPartOf\":{\"@id\":\"http:\\\/\\\/gentedebasquet.com.ar\\\/sitio\\\/#website\"},\"primaryImageOfPage\":{\"@id\":\"http:\\\/\\\/gentedebasquet.com.ar\\\/sitio\\\/2019\\\/02\\\/03\\\/cipolletti-amargo-a-villa-mitre\\\/#primaryimage\"},\"image\":{\"@id\":\"http:\\\/\\\/gentedebasquet.com.ar\\\/sitio\\\/2019\\\/02\\\/03\\\/cipolletti-amargo-a-villa-mitre\\\/#primaryimage\"},\"thumbnailUrl\":\"http:\\\/\\\/gentedebasquet.com.ar\\\/sitio\\\/wp-content\\\/uploads\\\/2019\\\/02\\\/Federal-Ruesga-VM.jpg\",\"datePublished\":\"2019-02-04T02:42:51+00:00\",\"author\":{\"@id\":\"http:\\\/\\\/gentedebasquet.com.ar\\\/sitio\\\/#\\\/schema\\\/person\\\/ca0b63bbb977369988a7bbbdc519943a\"},\"breadcrumb\":{\"@id\":\"http:\\\/\\\/gentedebasquet.com.ar\\\/sitio\\\/2019\\\/02\\\/03\\\/cipolletti-amargo-a-villa-mitre\\\/#breadcrumb\"},\"inLanguage\":\"es\",\"potentialAction\":[{\"@type\":\"ReadAction\",\"target\":[\"http:\\\/\\\/gentedebasquet.com.ar\\\/sitio\\\/2019\\\/02\\\/03\\\/cipolletti-amargo-a-villa-mitre\\\/\"]}]},{\"@type\":\"ImageObject\",\"inLanguage\":\"es\",\"@id\":\"http:\\\/\\\/gentedebasquet.com.ar\\\/sitio\\\/2019\\\/02\\\/03\\\/cipolletti-amargo-a-villa-mitre\\\/#primaryimage\",\"url\":\"http:\\\/\\\/gentedebasquet.com.ar\\\/sitio\\\/wp-content\\\/uploads\\\/2019\\\/02\\\/Federal-Ruesga-VM.jpg\",\"contentUrl\":\"http:\\\/\\\/gentedebasquet.com.ar\\\/sitio\\\/wp-content\\\/uploads\\\/2019\\\/02\\\/Federal-Ruesga-VM.jpg\",\"width\":690,\"height\":319},{\"@type\":\"BreadcrumbList\",\"@id\":\"http:\\\/\\\/gentedebasquet.com.ar\\\/sitio\\\/2019\\\/02\\\/03\\\/cipolletti-amargo-a-villa-mitre\\\/#breadcrumb\",\"itemListElement\":[{\"@type\":\"ListItem\",\"position\":1,\"name\":\"Portada\",\"item\":\"http:\\\/\\\/gentedebasquet.com.ar\\\/sitio\\\/\"},{\"@type\":\"ListItem\",\"position\":2,\"name\":\"Cipolletti amarg\u00f3 a Villa Mitre\"}]},{\"@type\":\"WebSite\",\"@id\":\"http:\\\/\\\/gentedebasquet.com.ar\\\/sitio\\\/#website\",\"url\":\"http:\\\/\\\/gentedebasquet.com.ar\\\/sitio\\\/\",\"name\":\"Gente de B\u00e1squet\",\"description\":\"La revista del basquet de Bah\u00eda Blanca\",\"potentialAction\":[{\"@type\":\"SearchAction\",\"target\":{\"@type\":\"EntryPoint\",\"urlTemplate\":\"http:\\\/\\\/gentedebasquet.com.ar\\\/sitio\\\/?s={search_term_string}\"},\"query-input\":{\"@type\":\"PropertyValueSpecification\",\"valueRequired\":true,\"valueName\":\"search_term_string\"}}],\"inLanguage\":\"es\"},{\"@type\":\"Person\",\"@id\":\"http:\\\/\\\/gentedebasquet.com.ar\\\/sitio\\\/#\\\/schema\\\/person\\\/ca0b63bbb977369988a7bbbdc519943a\",\"name\":\"Gente de B\u00e1squet\",\"image\":{\"@type\":\"ImageObject\",\"inLanguage\":\"es\",\"@id\":\"https:\\\/\\\/secure.gravatar.com\\\/avatar\\\/7f2c48bdc33b30088f941fb6082e555f2874c98e20cb159d7b92b50eadfce793?s=96&d=mm&r=g\",\"url\":\"https:\\\/\\\/secure.gravatar.com\\\/avatar\\\/7f2c48bdc33b30088f941fb6082e555f2874c98e20cb159d7b92b50eadfce793?s=96&d=mm&r=g\",\"contentUrl\":\"https:\\\/\\\/secure.gravatar.com\\\/avatar\\\/7f2c48bdc33b30088f941fb6082e555f2874c98e20cb159d7b92b50eadfce793?s=96&d=mm&r=g\",\"caption\":\"Gente de B\u00e1squet\"},\"sameAs\":[\"http:\\\/\\\/gentedebasquet.com.ar\\\/sitio\"],\"url\":\"http:\\\/\\\/gentedebasquet.com.ar\\\/sitio\\\/author\\\/ulises\\\/\"}]}<\/script>\n<!-- \/ Yoast SEO plugin. -->","yoast_head_json":{"title":"Cipolletti amarg\u00f3 a Villa Mitre - Gente de B\u00e1squet","robots":{"index":"index","follow":"follow","max-snippet":"max-snippet:-1","max-image-preview":"max-image-preview:large","max-video-preview":"max-video-preview:-1"},"canonical":"http:\/\/gentedebasquet.com.ar\/sitio\/2019\/02\/03\/cipolletti-amargo-a-villa-mitre\/","og_locale":"es_ES","og_type":"article","og_title":"Cipolletti amarg\u00f3 a Villa Mitre - Gente de B\u00e1squet","og_description":"El tricolor se vuelve con una derrota en el TFB, pero sigue c\u00f3modo en lo m\u00e1s alto","og_url":"http:\/\/gentedebasquet.com.ar\/sitio\/2019\/02\/03\/cipolletti-amargo-a-villa-mitre\/","og_site_name":"Gente de B\u00e1squet","article_published_time":"2019-02-04T02:42:51+00:00","og_image":[{"width":690,"height":319,"url":"http:\/\/gentedebasquet.com.ar\/sitio\/wp-content\/uploads\/2019\/02\/Federal-Ruesga-VM.jpg","type":"image\/jpeg"}],"author":"Gente de B\u00e1squet","twitter_card":"summary_large_image","twitter_misc":{"Escrito por":"Gente de B\u00e1squet","Tiempo de lectura":"3 minutos"},"schema":{"@context":"https:\/\/schema.org","@graph":[{"@type":"Article","@id":"http:\/\/gentedebasquet.com.ar\/sitio\/2019\/02\/03\/cipolletti-amargo-a-villa-mitre\/#article","isPartOf":{"@id":"http:\/\/gentedebasquet.com.ar\/sitio\/2019\/02\/03\/cipolletti-amargo-a-villa-mitre\/"},"author":{"name":"Gente de B\u00e1squet","@id":"http:\/\/gentedebasquet.com.ar\/sitio\/#\/schema\/person\/ca0b63bbb977369988a7bbbdc519943a"},"headline":"Cipolletti amarg\u00f3 a Villa Mitre","datePublished":"2019-02-04T02:42:51+00:00","mainEntityOfPage":{"@id":"http:\/\/gentedebasquet.com.ar\/sitio\/2019\/02\/03\/cipolletti-amargo-a-villa-mitre\/"},"wordCount":618,"image":{"@id":"http:\/\/gentedebasquet.com.ar\/sitio\/2019\/02\/03\/cipolletti-amargo-a-villa-mitre\/#primaryimage"},"thumbnailUrl":"http:\/\/gentedebasquet.com.ar\/sitio\/wp-content\/uploads\/2019\/02\/Federal-Ruesga-VM.jpg","keywords":["Cipolletti","Federico Harina","Franco Pennacchiotti","Franco Ruesga","Jos\u00e9 Guti\u00e9rrez","Sebastian Godoy","Villa Mitre"],"articleSection":["Federal","Slide"],"inLanguage":"es"},{"@type":"WebPage","@id":"http:\/\/gentedebasquet.com.ar\/sitio\/2019\/02\/03\/cipolletti-amargo-a-villa-mitre\/","url":"http:\/\/gentedebasquet.com.ar\/sitio\/2019\/02\/03\/cipolletti-amargo-a-villa-mitre\/","name":"Cipolletti amarg\u00f3 a Villa Mitre - Gente de B\u00e1squet","isPartOf":{"@id":"http:\/\/gentedebasquet.com.ar\/sitio\/#website"},"primaryImageOfPage":{"@id":"http:\/\/gentedebasquet.com.ar\/sitio\/2019\/02\/03\/cipolletti-amargo-a-villa-mitre\/#primaryimage"},"image":{"@id":"http:\/\/gentedebasquet.com.ar\/sitio\/2019\/02\/03\/cipolletti-amargo-a-villa-mitre\/#primaryimage"},"thumbnailUrl":"http:\/\/gentedebasquet.com.ar\/sitio\/wp-content\/uploads\/2019\/02\/Federal-Ruesga-VM.jpg","datePublished":"2019-02-04T02:42:51+00:00","author":{"@id":"http:\/\/gentedebasquet.com.ar\/sitio\/#\/schema\/person\/ca0b63bbb977369988a7bbbdc519943a"},"breadcrumb":{"@id":"http:\/\/gentedebasquet.com.ar\/sitio\/2019\/02\/03\/cipolletti-amargo-a-villa-mitre\/#breadcrumb"},"inLanguage":"es","potentialAction":[{"@type":"ReadAction","target":["http:\/\/gentedebasquet.com.ar\/sitio\/2019\/02\/03\/cipolletti-amargo-a-villa-mitre\/"]}]},{"@type":"ImageObject","inLanguage":"es","@id":"http:\/\/gentedebasquet.com.ar\/sitio\/2019\/02\/03\/cipolletti-amargo-a-villa-mitre\/#primaryimage","url":"http:\/\/gentedebasquet.com.ar\/sitio\/wp-content\/uploads\/2019\/02\/Federal-Ruesga-VM.jpg","contentUrl":"http:\/\/gentedebasquet.com.ar\/sitio\/wp-content\/uploads\/2019\/02\/Federal-Ruesga-VM.jpg","width":690,"height":319},{"@type":"BreadcrumbList","@id":"http:\/\/gentedebasquet.com.ar\/sitio\/2019\/02\/03\/cipolletti-amargo-a-villa-mitre\/#breadcrumb","itemListElement":[{"@type":"ListItem","position":1,"name":"Portada","item":"http:\/\/gentedebasquet.com.ar\/sitio\/"},{"@type":"ListItem","position":2,"name":"Cipolletti amarg\u00f3 a Villa Mitre"}]},{"@type":"WebSite","@id":"http:\/\/gentedebasquet.com.ar\/sitio\/#website","url":"http:\/\/gentedebasquet.com.ar\/sitio\/","name":"Gente de B\u00e1squet","description":"La revista del basquet de Bah\u00eda Blanca","potentialAction":[{"@type":"SearchAction","target":{"@type":"EntryPoint","urlTemplate":"http:\/\/gentedebasquet.com.ar\/sitio\/?s={search_term_string}"},"query-input":{"@type":"PropertyValueSpecification","valueRequired":true,"valueName":"search_term_string"}}],"inLanguage":"es"},{"@type":"Person","@id":"http:\/\/gentedebasquet.com.ar\/sitio\/#\/schema\/person\/ca0b63bbb977369988a7bbbdc519943a","name":"Gente de B\u00e1squet","image":{"@type":"ImageObject","inLanguage":"es","@id":"https:\/\/secure.gravatar.com\/avatar\/7f2c48bdc33b30088f941fb6082e555f2874c98e20cb159d7b92b50eadfce793?s=96&d=mm&r=g","url":"https:\/\/secure.gravatar.com\/avatar\/7f2c48bdc33b30088f941fb6082e555f2874c98e20cb159d7b92b50eadfce793?s=96&d=mm&r=g","contentUrl":"https:\/\/secure.gravatar.com\/avatar\/7f2c48bdc33b30088f941fb6082e555f2874c98e20cb159d7b92b50eadfce793?s=96&d=mm&r=g","caption":"Gente de B\u00e1squet"},"sameAs":["http:\/\/gentedebasquet.com.ar\/sitio"],"url":"http:\/\/gentedebasquet.com.ar\/sitio\/author\/ulises\/"}]}},"_links":{"self":[{"href":"http:\/\/gentedebasquet.com.ar\/sitio\/wp-json\/wp\/v2\/posts\/91095","targetHints":{"allow":["GET"]}}],"collection":[{"href":"http:\/\/gentedebasquet.com.ar\/sitio\/wp-json\/wp\/v2\/posts"}],"about":[{"href":"http:\/\/gentedebasquet.com.ar\/sitio\/wp-json\/wp\/v2\/types\/post"}],"author":[{"embeddable":true,"href":"http:\/\/gentedebasquet.com.ar\/sitio\/wp-json\/wp\/v2\/users\/1"}],"replies":[{"embeddable":true,"href":"http:\/\/gentedebasquet.com.ar\/sitio\/wp-json\/wp\/v2\/comments?post=91095"}],"version-history":[{"count":0,"href":"http:\/\/gentedebasquet.com.ar\/sitio\/wp-json\/wp\/v2\/posts\/91095\/revisions"}],"wp:featuredmedia":[{"embeddable":true,"href":"http:\/\/gentedebasquet.com.ar\/sitio\/wp-json\/wp\/v2\/media\/91096"}],"wp:attachment":[{"href":"http:\/\/gentedebasquet.com.ar\/sitio\/wp-json\/wp\/v2\/media?parent=91095"}],"wp:term":[{"taxonomy":"category","embeddable":true,"href":"http:\/\/gentedebasquet.com.ar\/sitio\/wp-json\/wp\/v2\/categories?post=91095"},{"taxonomy":"post_tag","embeddable":true,"href":"http:\/\/gentedebasquet.com.ar\/sitio\/wp-json\/wp\/v2\/tags?post=91095"}],"curies":[{"name":"wp","href":"https:\/\/api.w.org\/{rel}","templated":true}]}}