{"id":91273,"date":"2019-02-21T08:16:47","date_gmt":"2019-02-21T11:16:47","guid":{"rendered":"http:\/\/www.gentedebasquet.com.ar\/?p=91273"},"modified":"2019-02-21T08:16:47","modified_gmt":"2019-02-21T11:16:47","slug":"la-asociacion-se-renueva","status":"publish","type":"post","link":"http:\/\/gentedebasquet.com.ar\/sitio\/2019\/02\/21\/la-asociacion-se-renueva\/","title":{"rendered":"La Asociaci\u00f3n se renueva"},"content":{"rendered":"<p><strong>La Asociaci\u00f3n Bahiense contin\u00faa renov\u00e1ndose, en este caso con su infraestructura.<\/strong><\/p>\n<p><strong>\u201cEn este momento estamos reformando la parte de administraci\u00f3n y de recepci\u00f3n. Cambiamos toda la instalaci\u00f3n el\u00e9ctrica, que era obsoleta, y tambi\u00e9n vamos a poner un patio de luz\u201d, adelant\u00f3 el presidente Marcelo Pallotti.<\/strong><\/p>\n<p><strong>Esta semana, la ABB dio a conocer <a href=\"http:\/\/www.gentedebasquet.com.ar\/gana-con-la-camiseta\/\" target=\"_blank\" rel=\"noopener\">su nueva indumentaria<\/a> para encarar los torneos de 2019.<\/strong><\/p>\n<p>Por otro lado, Pallotti mencion\u00f3 la metodolog\u00eda de trabajo que van a desarrollar, una vez terminada la obra,\u00a0\u201cel sistema de trabajo va a ser mucho m\u00e1s pr\u00e1ctico y ordenado, porque vamos a estar todos juntos\u201d.<\/p>\n<p>Es el primer cambio que se realiza en la ABB desde hace mucho tiempo, pero no termina ah\u00ed. En los pr\u00f3ximos meses se va a construir un museo donde estar\u00e1n todos los t\u00edtulos, menciones y trofeos que obtuvo la Asociaci\u00f3n y la selecci\u00f3n de Bah\u00eda Blanca hasta el momento.<\/p>\n<p><img decoding=\"async\" class=\"aligncenter size-full wp-image-91275\" src=\"http:\/\/www.gentedebasquet.com.ar\/wp-content\/uploads\/2019\/02\/Nueva-ABB-5.jpg\" alt=\"\" width=\"1000\" height=\"600\" srcset=\"http:\/\/gentedebasquet.com.ar\/sitio\/wp-content\/uploads\/2019\/02\/Nueva-ABB-5.jpg 1000w, http:\/\/gentedebasquet.com.ar\/sitio\/wp-content\/uploads\/2019\/02\/Nueva-ABB-5-300x180.jpg 300w, http:\/\/gentedebasquet.com.ar\/sitio\/wp-content\/uploads\/2019\/02\/Nueva-ABB-5-768x461.jpg 768w\" sizes=\"(max-width: 1000px) 100vw, 1000px\" \/><\/p>\n<p>\u201cLa segunda etapa va a contar con la reforma de lo que era la anterior recepci\u00f3n. Ah\u00ed vamos a generar un espacio donde va a haber un museo. Las copas se van a clasificar por su valor deportivo. La idea es que la gente venga, pueda ver el lugar y sacarse fotos\u201d, a\u00f1adi\u00f3.<\/p>\n<p>La idea del museo se est\u00e1 dise\u00f1ando, es un plan a futuro que se podr\u00eda concretar a fin de a\u00f1o. Si bien ahora lo m\u00e1s importante es culminar con la primera etapa, ya que la actividad deportiva est\u00e1 pronta a comenzar.<\/p>\n<p><strong>Fuente:<\/strong> ABB.<\/p>\n","protected":false},"excerpt":{"rendered":"<p>Entre otras cosas, generar\u00e1 un museo en sus instalaciones de 9 de Julio 62<\/p>\n","protected":false},"author":1,"featured_media":91274,"comment_status":"closed","ping_status":"open","sticky":false,"template":"","format":"standard","meta":{"jnews-multi-image_gallery":[],"jnews_single_post":[],"jnews_primary_category":[],"footnotes":""},"categories":[24,101],"tags":[357,69,70,1596],"class_list":["post-91273","post","type-post","status-publish","format-standard","has-post-thumbnail","hentry","category-overtime","category-slide","tag-abb","tag-bahia","tag-bahia-blanca","tag-marcelo-pallotti"],"yoast_head":"<!-- This site is optimized with the Yoast SEO plugin v27.5 - https:\/\/yoast.com\/product\/yoast-seo-wordpress\/ -->\n<title>La Asociaci\u00f3n se renueva - Gente de B\u00e1squet<\/title>\n<meta name=\"robots\" content=\"index, follow, max-snippet:-1, max-image-preview:large, max-video-preview:-1\" \/>\n<link rel=\"canonical\" href=\"http:\/\/gentedebasquet.com.ar\/sitio\/2019\/02\/21\/la-asociacion-se-renueva\/\" \/>\n<meta property=\"og:locale\" content=\"es_ES\" \/>\n<meta property=\"og:type\" content=\"article\" \/>\n<meta property=\"og:title\" content=\"La Asociaci\u00f3n se renueva - Gente de B\u00e1squet\" \/>\n<meta property=\"og:description\" content=\"Entre otras cosas, generar\u00e1 un museo en sus instalaciones de 9 de Julio 62\" \/>\n<meta property=\"og:url\" content=\"http:\/\/gentedebasquet.com.ar\/sitio\/2019\/02\/21\/la-asociacion-se-renueva\/\" \/>\n<meta property=\"og:site_name\" content=\"Gente de B\u00e1squet\" \/>\n<meta property=\"article:published_time\" content=\"2019-02-21T11:16:47+00:00\" \/>\n<meta property=\"og:image\" content=\"http:\/\/gentedebasquet.com.ar\/sitio\/wp-content\/uploads\/2019\/02\/Nueva-ABB.jpg\" \/>\n\t<meta property=\"og:image:width\" content=\"690\" \/>\n\t<meta property=\"og:image:height\" content=\"319\" \/>\n\t<meta property=\"og:image:type\" content=\"image\/jpeg\" \/>\n<meta name=\"author\" content=\"Gente de B\u00e1squet\" \/>\n<meta name=\"twitter:card\" content=\"summary_large_image\" \/>\n<meta name=\"twitter:label1\" content=\"Escrito por\" \/>\n\t<meta name=\"twitter:data1\" content=\"Gente de B\u00e1squet\" \/>\n\t<meta name=\"twitter:label2\" content=\"Tiempo de lectura\" \/>\n\t<meta name=\"twitter:data2\" content=\"1 minuto\" \/>\n<script type=\"application\/ld+json\" class=\"yoast-schema-graph\">{\"@context\":\"https:\\\/\\\/schema.org\",\"@graph\":[{\"@type\":\"Article\",\"@id\":\"http:\\\/\\\/gentedebasquet.com.ar\\\/sitio\\\/2019\\\/02\\\/21\\\/la-asociacion-se-renueva\\\/#article\",\"isPartOf\":{\"@id\":\"http:\\\/\\\/gentedebasquet.com.ar\\\/sitio\\\/2019\\\/02\\\/21\\\/la-asociacion-se-renueva\\\/\"},\"author\":{\"name\":\"Gente de B\u00e1squet\",\"@id\":\"http:\\\/\\\/gentedebasquet.com.ar\\\/sitio\\\/#\\\/schema\\\/person\\\/ca0b63bbb977369988a7bbbdc519943a\"},\"headline\":\"La Asociaci\u00f3n se renueva\",\"datePublished\":\"2019-02-21T11:16:47+00:00\",\"mainEntityOfPage\":{\"@id\":\"http:\\\/\\\/gentedebasquet.com.ar\\\/sitio\\\/2019\\\/02\\\/21\\\/la-asociacion-se-renueva\\\/\"},\"wordCount\":269,\"image\":{\"@id\":\"http:\\\/\\\/gentedebasquet.com.ar\\\/sitio\\\/2019\\\/02\\\/21\\\/la-asociacion-se-renueva\\\/#primaryimage\"},\"thumbnailUrl\":\"http:\\\/\\\/gentedebasquet.com.ar\\\/sitio\\\/wp-content\\\/uploads\\\/2019\\\/02\\\/Nueva-ABB.jpg\",\"keywords\":[\"ABB\",\"Bahia\",\"Bah\u00eda Blanca\",\"Marcelo Pallotti\"],\"articleSection\":[\"#Overtime\",\"Slide\"],\"inLanguage\":\"es\"},{\"@type\":\"WebPage\",\"@id\":\"http:\\\/\\\/gentedebasquet.com.ar\\\/sitio\\\/2019\\\/02\\\/21\\\/la-asociacion-se-renueva\\\/\",\"url\":\"http:\\\/\\\/gentedebasquet.com.ar\\\/sitio\\\/2019\\\/02\\\/21\\\/la-asociacion-se-renueva\\\/\",\"name\":\"La Asociaci\u00f3n se renueva - Gente de B\u00e1squet\",\"isPartOf\":{\"@id\":\"http:\\\/\\\/gentedebasquet.com.ar\\\/sitio\\\/#website\"},\"primaryImageOfPage\":{\"@id\":\"http:\\\/\\\/gentedebasquet.com.ar\\\/sitio\\\/2019\\\/02\\\/21\\\/la-asociacion-se-renueva\\\/#primaryimage\"},\"image\":{\"@id\":\"http:\\\/\\\/gentedebasquet.com.ar\\\/sitio\\\/2019\\\/02\\\/21\\\/la-asociacion-se-renueva\\\/#primaryimage\"},\"thumbnailUrl\":\"http:\\\/\\\/gentedebasquet.com.ar\\\/sitio\\\/wp-content\\\/uploads\\\/2019\\\/02\\\/Nueva-ABB.jpg\",\"datePublished\":\"2019-02-21T11:16:47+00:00\",\"author\":{\"@id\":\"http:\\\/\\\/gentedebasquet.com.ar\\\/sitio\\\/#\\\/schema\\\/person\\\/ca0b63bbb977369988a7bbbdc519943a\"},\"breadcrumb\":{\"@id\":\"http:\\\/\\\/gentedebasquet.com.ar\\\/sitio\\\/2019\\\/02\\\/21\\\/la-asociacion-se-renueva\\\/#breadcrumb\"},\"inLanguage\":\"es\",\"potentialAction\":[{\"@type\":\"ReadAction\",\"target\":[\"http:\\\/\\\/gentedebasquet.com.ar\\\/sitio\\\/2019\\\/02\\\/21\\\/la-asociacion-se-renueva\\\/\"]}]},{\"@type\":\"ImageObject\",\"inLanguage\":\"es\",\"@id\":\"http:\\\/\\\/gentedebasquet.com.ar\\\/sitio\\\/2019\\\/02\\\/21\\\/la-asociacion-se-renueva\\\/#primaryimage\",\"url\":\"http:\\\/\\\/gentedebasquet.com.ar\\\/sitio\\\/wp-content\\\/uploads\\\/2019\\\/02\\\/Nueva-ABB.jpg\",\"contentUrl\":\"http:\\\/\\\/gentedebasquet.com.ar\\\/sitio\\\/wp-content\\\/uploads\\\/2019\\\/02\\\/Nueva-ABB.jpg\",\"width\":690,\"height\":319},{\"@type\":\"BreadcrumbList\",\"@id\":\"http:\\\/\\\/gentedebasquet.com.ar\\\/sitio\\\/2019\\\/02\\\/21\\\/la-asociacion-se-renueva\\\/#breadcrumb\",\"itemListElement\":[{\"@type\":\"ListItem\",\"position\":1,\"name\":\"Portada\",\"item\":\"http:\\\/\\\/gentedebasquet.com.ar\\\/sitio\\\/\"},{\"@type\":\"ListItem\",\"position\":2,\"name\":\"La Asociaci\u00f3n se renueva\"}]},{\"@type\":\"WebSite\",\"@id\":\"http:\\\/\\\/gentedebasquet.com.ar\\\/sitio\\\/#website\",\"url\":\"http:\\\/\\\/gentedebasquet.com.ar\\\/sitio\\\/\",\"name\":\"Gente de B\u00e1squet\",\"description\":\"La revista del basquet de Bah\u00eda Blanca\",\"potentialAction\":[{\"@type\":\"SearchAction\",\"target\":{\"@type\":\"EntryPoint\",\"urlTemplate\":\"http:\\\/\\\/gentedebasquet.com.ar\\\/sitio\\\/?s={search_term_string}\"},\"query-input\":{\"@type\":\"PropertyValueSpecification\",\"valueRequired\":true,\"valueName\":\"search_term_string\"}}],\"inLanguage\":\"es\"},{\"@type\":\"Person\",\"@id\":\"http:\\\/\\\/gentedebasquet.com.ar\\\/sitio\\\/#\\\/schema\\\/person\\\/ca0b63bbb977369988a7bbbdc519943a\",\"name\":\"Gente de B\u00e1squet\",\"image\":{\"@type\":\"ImageObject\",\"inLanguage\":\"es\",\"@id\":\"https:\\\/\\\/secure.gravatar.com\\\/avatar\\\/7f2c48bdc33b30088f941fb6082e555f2874c98e20cb159d7b92b50eadfce793?s=96&d=mm&r=g\",\"url\":\"https:\\\/\\\/secure.gravatar.com\\\/avatar\\\/7f2c48bdc33b30088f941fb6082e555f2874c98e20cb159d7b92b50eadfce793?s=96&d=mm&r=g\",\"contentUrl\":\"https:\\\/\\\/secure.gravatar.com\\\/avatar\\\/7f2c48bdc33b30088f941fb6082e555f2874c98e20cb159d7b92b50eadfce793?s=96&d=mm&r=g\",\"caption\":\"Gente de B\u00e1squet\"},\"sameAs\":[\"http:\\\/\\\/gentedebasquet.com.ar\\\/sitio\"],\"url\":\"http:\\\/\\\/gentedebasquet.com.ar\\\/sitio\\\/author\\\/ulises\\\/\"}]}<\/script>\n<!-- \/ Yoast SEO plugin. -->","yoast_head_json":{"title":"La Asociaci\u00f3n se renueva - Gente de B\u00e1squet","robots":{"index":"index","follow":"follow","max-snippet":"max-snippet:-1","max-image-preview":"max-image-preview:large","max-video-preview":"max-video-preview:-1"},"canonical":"http:\/\/gentedebasquet.com.ar\/sitio\/2019\/02\/21\/la-asociacion-se-renueva\/","og_locale":"es_ES","og_type":"article","og_title":"La Asociaci\u00f3n se renueva - Gente de B\u00e1squet","og_description":"Entre otras cosas, generar\u00e1 un museo en sus instalaciones de 9 de Julio 62","og_url":"http:\/\/gentedebasquet.com.ar\/sitio\/2019\/02\/21\/la-asociacion-se-renueva\/","og_site_name":"Gente de B\u00e1squet","article_published_time":"2019-02-21T11:16:47+00:00","og_image":[{"width":690,"height":319,"url":"http:\/\/gentedebasquet.com.ar\/sitio\/wp-content\/uploads\/2019\/02\/Nueva-ABB.jpg","type":"image\/jpeg"}],"author":"Gente de B\u00e1squet","twitter_card":"summary_large_image","twitter_misc":{"Escrito por":"Gente de B\u00e1squet","Tiempo de lectura":"1 minuto"},"schema":{"@context":"https:\/\/schema.org","@graph":[{"@type":"Article","@id":"http:\/\/gentedebasquet.com.ar\/sitio\/2019\/02\/21\/la-asociacion-se-renueva\/#article","isPartOf":{"@id":"http:\/\/gentedebasquet.com.ar\/sitio\/2019\/02\/21\/la-asociacion-se-renueva\/"},"author":{"name":"Gente de B\u00e1squet","@id":"http:\/\/gentedebasquet.com.ar\/sitio\/#\/schema\/person\/ca0b63bbb977369988a7bbbdc519943a"},"headline":"La Asociaci\u00f3n se renueva","datePublished":"2019-02-21T11:16:47+00:00","mainEntityOfPage":{"@id":"http:\/\/gentedebasquet.com.ar\/sitio\/2019\/02\/21\/la-asociacion-se-renueva\/"},"wordCount":269,"image":{"@id":"http:\/\/gentedebasquet.com.ar\/sitio\/2019\/02\/21\/la-asociacion-se-renueva\/#primaryimage"},"thumbnailUrl":"http:\/\/gentedebasquet.com.ar\/sitio\/wp-content\/uploads\/2019\/02\/Nueva-ABB.jpg","keywords":["ABB","Bahia","Bah\u00eda Blanca","Marcelo Pallotti"],"articleSection":["#Overtime","Slide"],"inLanguage":"es"},{"@type":"WebPage","@id":"http:\/\/gentedebasquet.com.ar\/sitio\/2019\/02\/21\/la-asociacion-se-renueva\/","url":"http:\/\/gentedebasquet.com.ar\/sitio\/2019\/02\/21\/la-asociacion-se-renueva\/","name":"La Asociaci\u00f3n se renueva - Gente de B\u00e1squet","isPartOf":{"@id":"http:\/\/gentedebasquet.com.ar\/sitio\/#website"},"primaryImageOfPage":{"@id":"http:\/\/gentedebasquet.com.ar\/sitio\/2019\/02\/21\/la-asociacion-se-renueva\/#primaryimage"},"image":{"@id":"http:\/\/gentedebasquet.com.ar\/sitio\/2019\/02\/21\/la-asociacion-se-renueva\/#primaryimage"},"thumbnailUrl":"http:\/\/gentedebasquet.com.ar\/sitio\/wp-content\/uploads\/2019\/02\/Nueva-ABB.jpg","datePublished":"2019-02-21T11:16:47+00:00","author":{"@id":"http:\/\/gentedebasquet.com.ar\/sitio\/#\/schema\/person\/ca0b63bbb977369988a7bbbdc519943a"},"breadcrumb":{"@id":"http:\/\/gentedebasquet.com.ar\/sitio\/2019\/02\/21\/la-asociacion-se-renueva\/#breadcrumb"},"inLanguage":"es","potentialAction":[{"@type":"ReadAction","target":["http:\/\/gentedebasquet.com.ar\/sitio\/2019\/02\/21\/la-asociacion-se-renueva\/"]}]},{"@type":"ImageObject","inLanguage":"es","@id":"http:\/\/gentedebasquet.com.ar\/sitio\/2019\/02\/21\/la-asociacion-se-renueva\/#primaryimage","url":"http:\/\/gentedebasquet.com.ar\/sitio\/wp-content\/uploads\/2019\/02\/Nueva-ABB.jpg","contentUrl":"http:\/\/gentedebasquet.com.ar\/sitio\/wp-content\/uploads\/2019\/02\/Nueva-ABB.jpg","width":690,"height":319},{"@type":"BreadcrumbList","@id":"http:\/\/gentedebasquet.com.ar\/sitio\/2019\/02\/21\/la-asociacion-se-renueva\/#breadcrumb","itemListElement":[{"@type":"ListItem","position":1,"name":"Portada","item":"http:\/\/gentedebasquet.com.ar\/sitio\/"},{"@type":"ListItem","position":2,"name":"La Asociaci\u00f3n se renueva"}]},{"@type":"WebSite","@id":"http:\/\/gentedebasquet.com.ar\/sitio\/#website","url":"http:\/\/gentedebasquet.com.ar\/sitio\/","name":"Gente de B\u00e1squet","description":"La revista del basquet de Bah\u00eda Blanca","potentialAction":[{"@type":"SearchAction","target":{"@type":"EntryPoint","urlTemplate":"http:\/\/gentedebasquet.com.ar\/sitio\/?s={search_term_string}"},"query-input":{"@type":"PropertyValueSpecification","valueRequired":true,"valueName":"search_term_string"}}],"inLanguage":"es"},{"@type":"Person","@id":"http:\/\/gentedebasquet.com.ar\/sitio\/#\/schema\/person\/ca0b63bbb977369988a7bbbdc519943a","name":"Gente de B\u00e1squet","image":{"@type":"ImageObject","inLanguage":"es","@id":"https:\/\/secure.gravatar.com\/avatar\/7f2c48bdc33b30088f941fb6082e555f2874c98e20cb159d7b92b50eadfce793?s=96&d=mm&r=g","url":"https:\/\/secure.gravatar.com\/avatar\/7f2c48bdc33b30088f941fb6082e555f2874c98e20cb159d7b92b50eadfce793?s=96&d=mm&r=g","contentUrl":"https:\/\/secure.gravatar.com\/avatar\/7f2c48bdc33b30088f941fb6082e555f2874c98e20cb159d7b92b50eadfce793?s=96&d=mm&r=g","caption":"Gente de B\u00e1squet"},"sameAs":["http:\/\/gentedebasquet.com.ar\/sitio"],"url":"http:\/\/gentedebasquet.com.ar\/sitio\/author\/ulises\/"}]}},"_links":{"self":[{"href":"http:\/\/gentedebasquet.com.ar\/sitio\/wp-json\/wp\/v2\/posts\/91273","targetHints":{"allow":["GET"]}}],"collection":[{"href":"http:\/\/gentedebasquet.com.ar\/sitio\/wp-json\/wp\/v2\/posts"}],"about":[{"href":"http:\/\/gentedebasquet.com.ar\/sitio\/wp-json\/wp\/v2\/types\/post"}],"author":[{"embeddable":true,"href":"http:\/\/gentedebasquet.com.ar\/sitio\/wp-json\/wp\/v2\/users\/1"}],"replies":[{"embeddable":true,"href":"http:\/\/gentedebasquet.com.ar\/sitio\/wp-json\/wp\/v2\/comments?post=91273"}],"version-history":[{"count":0,"href":"http:\/\/gentedebasquet.com.ar\/sitio\/wp-json\/wp\/v2\/posts\/91273\/revisions"}],"wp:featuredmedia":[{"embeddable":true,"href":"http:\/\/gentedebasquet.com.ar\/sitio\/wp-json\/wp\/v2\/media\/91274"}],"wp:attachment":[{"href":"http:\/\/gentedebasquet.com.ar\/sitio\/wp-json\/wp\/v2\/media?parent=91273"}],"wp:term":[{"taxonomy":"category","embeddable":true,"href":"http:\/\/gentedebasquet.com.ar\/sitio\/wp-json\/wp\/v2\/categories?post=91273"},{"taxonomy":"post_tag","embeddable":true,"href":"http:\/\/gentedebasquet.com.ar\/sitio\/wp-json\/wp\/v2\/tags?post=91273"}],"curies":[{"name":"wp","href":"https:\/\/api.w.org\/{rel}","templated":true}]}}