{"id":91342,"date":"2019-02-28T22:03:17","date_gmt":"2019-03-01T01:03:17","guid":{"rendered":"http:\/\/www.gentedebasquet.com.ar\/?p=91342"},"modified":"2019-02-28T22:03:17","modified_gmt":"2019-03-01T01:03:17","slug":"que-se-dijo-en-la-asamblea","status":"publish","type":"post","link":"http:\/\/gentedebasquet.com.ar\/sitio\/2019\/02\/28\/que-se-dijo-en-la-asamblea\/","title":{"rendered":"Qu\u00e9 se dijo en la Asamblea"},"content":{"rendered":"<p><strong>Con la presencia de todos los clubes afiliados -a excepci\u00f3n de Whitense- y bajo la presidencia de Marcelo Pallotti (inicia as\u00ed su segundo a\u00f1o de su primer mandato), la Asociaci\u00f3n Bahiense de B\u00e1squetbol llev\u00f3 a cabo la\u00a0Asamblea Anual Ordinaria 2019. All\u00ed estuvo, naturalmente, <em><a href=\"https:\/\/twitter.com\/GenteDeBasquet\/status\/1101281467597025280\" target=\"_blank\" rel=\"noopener\">Gente de B\u00e1squet<\/a><\/em>.<\/strong><\/p>\n<p><strong>La particularidad fue que por las <a href=\"http:\/\/www.gentedebasquet.com.ar\/la-asociacion-se-renueva\/\" target=\"_blank\" rel=\"noopener\">reformas que est\u00e1 llevando a cabo en su edificio<\/a>, la sesi\u00f3n -que comenz\u00f3 a las 20.27 y dur\u00f3 40 minutos- se produjo en la sede del Colegio de \u00c1rbitros, en la sala \u00abMiguel Firpo\u00bb que <a href=\"https:\/\/www.youtube.com\/watch?v=FN7YyDLOqng\" target=\"_blank\" rel=\"noopener\">fue inaugurada en junio del a\u00f1o pasado<\/a>.<\/strong><\/p>\n<p><strong>El orden del d\u00eda contuvo ocho puntos, destac\u00e1ndose la forma de disputa de los torneos y la confirmaci\u00f3n de la participaci\u00f3n de Ateneo y Pellegrini.<\/strong><\/p>\n<p>Las principales novedades se dieron en torno al formato de los torneos superiores, cuya fecha de inicio qued\u00f3 fijada para el viernes 22 de marzo en Segunda y para el martes 4 de abril, en Primera (luego, en la elite se respetar\u00e1n los jueves).<\/p>\n<p><a href=\"http:\/\/www.gentedebasquet.com.ar\/la-pelota-picara-menos\/\" target=\"_blank\" rel=\"noopener\">Tal como se ven\u00eda previendo<\/a> desde fines del a\u00f1o pasado, se confirm\u00f3\u00a0la considerable disminuci\u00f3n de los partidos a desarrollarse tanto en Primera como en Segunda.<\/p>\n<blockquote class=\"twitter-tweet\" data-conversation=\"none\" data-lang=\"es\">\n<p dir=\"ltr\" lang=\"es\">Todo listo para el inicio de la Asamblea 2019 (trasladada al Colegio de \u00c1rbitros por las reformas que est\u00e1 llevando a cabo la ABB) bajo la presidencia de <a href=\"https:\/\/twitter.com\/MarceloPallotti?ref_src=twsrc%5Etfw\">@MarceloPallotti<\/a>. <a href=\"https:\/\/t.co\/AIyxjixR0S\">pic.twitter.com\/AIyxjixR0S<\/a><\/p>\n<p>\u2014 Gente de B\u00e1squet (@GenteDeBasquet) <a href=\"https:\/\/twitter.com\/GenteDeBasquet\/status\/1101263833421758467?ref_src=twsrc%5Etfw\">28 de febrero de 2019<\/a><\/p><\/blockquote>\n<p><script async src=\"https:\/\/platform.twitter.com\/widgets.js\" charset=\"utf-8\"><\/script><\/p>\n<p>Respecto de las \u00faltimas temporadas, se disputar\u00e1n dos ruedas (en lugar de cuatro), cerrar\u00e1 la etapa regular en septiembre y reci\u00e9n habr\u00e1 choques eliminatorios desde octubre. En 2018 se llevaron a cabo 590 cotejos y ahora se prev\u00e9 un m\u00e1ximo de\u00a0429, con un piso de 389 asegurados y con la presencia de La Falda a\u00fan en duda.<\/p>\n<p>Tambi\u00e9n habr\u00e1 cambios en los juegos eliminatorios.<\/p>\n<p>La Permanencia ya no ser\u00e1 un cuadrangular, sino que se dirimir\u00e1 mano a mano entre el 11\u00ba y el 12\u00ba de la tabla, al mejor de siete encuentros. En ese sentido, los primeros diez equipos acceder\u00e1n a playoffs, clasificando del 1\u00ba al 6\u00ba a cuartos de final (a cinco partidos, al igual que las semis) y enfrent\u00e1ndose 7\u00ba vs 10\u00ba y 8\u00ba vs 9\u00ba en octavos (a tres partidos).\u00a0<strong>La Final por el Campeonato ser\u00e1 al mejor de siete partidos y en cancha neutral.<\/strong><\/p>\n<p>En el ascenso, el tramo eliminatorio quedar\u00e1 supeditado a la presencia o no de La Falda. No obstante, todos jugar\u00e1n playoffs, salte\u00e1ndose una ronda los primeros dos equipos.<\/p>\n<p>La Reclasificaci\u00f3n la jugar\u00e1n del 3\u00ba al 14\u00ba al mejor de tres partidos; luego, cuartos de final, semifinales y la final (cancha neutral) ser\u00e1 al mejor de cinco. La Promoci\u00f3n tambi\u00e9n pasar\u00e1 a ser al mejor de cinco duelos.<\/p>\n<p>En cuanto a la rama Femenina, los representantes de los clubes involucrados volver\u00e1 a reunirse ma\u00f1ana, en la ABB. En principio, jugar\u00e1n los mismos equipos que el a\u00f1o pasado (El Nacional\u2013campe\u00f3n vigente-, Estrella, Estudiantes, Sportivo Bahiense, 9 de Julio, Pac\u00edfico y Club de Pelota) aunque las fechas se disputar\u00edan los lunes por la noche y no los domingos.<\/p>\n<p>Adem\u00e1s, se inform\u00f3 que el s\u00e1bado 16\/3 se llevar\u00e1 a cabo una cl\u00ednica de \u00e1rbitros dirigida por Alejandro Chiti y Sebasti\u00e1n Moncloba. All\u00ed, se explicar\u00e1n las nuevas reglas incluyendo el reglamento de preinfantiles.<\/p>\n<h5>ORDEN DEL D\u00cdA<\/h5>\n<p>1. Constituci\u00f3n de la Comisi\u00f3n Revisora de Poderes.<\/p>\n<p>2. Consideraci\u00f3n de la memoria y balance al 31 de diciembre de 2018.<\/p>\n<p>3. Designaci\u00f3n de dos asamble\u00edstas para firmar el acta de la asamblea en forma conjunta con el presidente y el secretario de la ABB.<\/p>\n<p>4. Designaci\u00f3n de dos revisores de cuenta titulares y dos suplentes.<\/p>\n<p>5. Elecci\u00f3n del Tribunal de Penas de la Asociaci\u00f3n Bahiense de B\u00e1squetbol.<\/p>\n<p>6. Aplicaci\u00f3n del nuevo reglamento U13.<\/p>\n<p>7. Disputa de Torneos Superiores y Menores.<\/p>\n<p>8. Participaci\u00f3n de los clubes Pellegrini y Ateneo en torneo superiores<\/p>\n","protected":false},"excerpt":{"rendered":"<p>La ABB trat\u00f3 varios temas y dio inicio oficialmente a la temporada 2019<\/p>\n","protected":false},"author":1,"featured_media":91343,"comment_status":"closed","ping_status":"open","sticky":false,"template":"","format":"standard","meta":{"jnews-multi-image_gallery":[],"jnews_single_post":[],"jnews_primary_category":[],"footnotes":""},"categories":[24,101],"tags":[357,1521,1596],"class_list":["post-91342","post","type-post","status-publish","format-standard","has-post-thumbnail","hentry","category-overtime","category-slide","tag-abb","tag-asamblea","tag-marcelo-pallotti"],"yoast_head":"<!-- This site is optimized with the Yoast SEO plugin v27.5 - https:\/\/yoast.com\/product\/yoast-seo-wordpress\/ -->\n<title>Qu\u00e9 se dijo en la Asamblea - Gente de B\u00e1squet<\/title>\n<meta name=\"robots\" content=\"index, follow, max-snippet:-1, max-image-preview:large, max-video-preview:-1\" \/>\n<link rel=\"canonical\" href=\"https:\/\/gentedebasquet.com.ar\/sitio\/2019\/02\/28\/que-se-dijo-en-la-asamblea\/\" \/>\n<meta property=\"og:locale\" content=\"es_ES\" \/>\n<meta property=\"og:type\" content=\"article\" \/>\n<meta property=\"og:title\" content=\"Qu\u00e9 se dijo en la Asamblea - Gente de B\u00e1squet\" \/>\n<meta property=\"og:description\" content=\"La ABB trat\u00f3 varios temas y dio inicio oficialmente a la temporada 2019\" \/>\n<meta property=\"og:url\" content=\"https:\/\/gentedebasquet.com.ar\/sitio\/2019\/02\/28\/que-se-dijo-en-la-asamblea\/\" \/>\n<meta property=\"og:site_name\" content=\"Gente de B\u00e1squet\" \/>\n<meta property=\"article:published_time\" content=\"2019-03-01T01:03:17+00:00\" \/>\n<meta property=\"og:image\" content=\"https:\/\/gentedebasquet.com.ar\/sitio\/wp-content\/uploads\/2019\/02\/ABB-Asamblea-2019.jpg\" \/>\n\t<meta property=\"og:image:width\" content=\"690\" \/>\n\t<meta property=\"og:image:height\" content=\"319\" \/>\n\t<meta property=\"og:image:type\" content=\"image\/jpeg\" \/>\n<meta name=\"author\" content=\"Gente de B\u00e1squet\" \/>\n<meta name=\"twitter:card\" content=\"summary_large_image\" \/>\n<meta name=\"twitter:label1\" content=\"Escrito por\" \/>\n\t<meta name=\"twitter:data1\" content=\"Gente de B\u00e1squet\" \/>\n\t<meta name=\"twitter:label2\" content=\"Tiempo de lectura\" \/>\n\t<meta name=\"twitter:data2\" content=\"3 minutos\" \/>\n<script type=\"application\/ld+json\" class=\"yoast-schema-graph\">{\"@context\":\"https:\\\/\\\/schema.org\",\"@graph\":[{\"@type\":\"Article\",\"@id\":\"https:\\\/\\\/gentedebasquet.com.ar\\\/sitio\\\/2019\\\/02\\\/28\\\/que-se-dijo-en-la-asamblea\\\/#article\",\"isPartOf\":{\"@id\":\"https:\\\/\\\/gentedebasquet.com.ar\\\/sitio\\\/2019\\\/02\\\/28\\\/que-se-dijo-en-la-asamblea\\\/\"},\"author\":{\"name\":\"Gente de B\u00e1squet\",\"@id\":\"http:\\\/\\\/gentedebasquet.com.ar\\\/sitio\\\/#\\\/schema\\\/person\\\/ca0b63bbb977369988a7bbbdc519943a\"},\"headline\":\"Qu\u00e9 se dijo en la Asamblea\",\"datePublished\":\"2019-03-01T01:03:17+00:00\",\"mainEntityOfPage\":{\"@id\":\"https:\\\/\\\/gentedebasquet.com.ar\\\/sitio\\\/2019\\\/02\\\/28\\\/que-se-dijo-en-la-asamblea\\\/\"},\"wordCount\":660,\"image\":{\"@id\":\"https:\\\/\\\/gentedebasquet.com.ar\\\/sitio\\\/2019\\\/02\\\/28\\\/que-se-dijo-en-la-asamblea\\\/#primaryimage\"},\"thumbnailUrl\":\"http:\\\/\\\/gentedebasquet.com.ar\\\/sitio\\\/wp-content\\\/uploads\\\/2019\\\/02\\\/ABB-Asamblea-2019.jpg\",\"keywords\":[\"ABB\",\"Asamblea\",\"Marcelo Pallotti\"],\"articleSection\":[\"#Overtime\",\"Slide\"],\"inLanguage\":\"es\"},{\"@type\":\"WebPage\",\"@id\":\"https:\\\/\\\/gentedebasquet.com.ar\\\/sitio\\\/2019\\\/02\\\/28\\\/que-se-dijo-en-la-asamblea\\\/\",\"url\":\"https:\\\/\\\/gentedebasquet.com.ar\\\/sitio\\\/2019\\\/02\\\/28\\\/que-se-dijo-en-la-asamblea\\\/\",\"name\":\"Qu\u00e9 se dijo en la Asamblea - Gente de B\u00e1squet\",\"isPartOf\":{\"@id\":\"http:\\\/\\\/gentedebasquet.com.ar\\\/sitio\\\/#website\"},\"primaryImageOfPage\":{\"@id\":\"https:\\\/\\\/gentedebasquet.com.ar\\\/sitio\\\/2019\\\/02\\\/28\\\/que-se-dijo-en-la-asamblea\\\/#primaryimage\"},\"image\":{\"@id\":\"https:\\\/\\\/gentedebasquet.com.ar\\\/sitio\\\/2019\\\/02\\\/28\\\/que-se-dijo-en-la-asamblea\\\/#primaryimage\"},\"thumbnailUrl\":\"http:\\\/\\\/gentedebasquet.com.ar\\\/sitio\\\/wp-content\\\/uploads\\\/2019\\\/02\\\/ABB-Asamblea-2019.jpg\",\"datePublished\":\"2019-03-01T01:03:17+00:00\",\"author\":{\"@id\":\"http:\\\/\\\/gentedebasquet.com.ar\\\/sitio\\\/#\\\/schema\\\/person\\\/ca0b63bbb977369988a7bbbdc519943a\"},\"breadcrumb\":{\"@id\":\"https:\\\/\\\/gentedebasquet.com.ar\\\/sitio\\\/2019\\\/02\\\/28\\\/que-se-dijo-en-la-asamblea\\\/#breadcrumb\"},\"inLanguage\":\"es\",\"potentialAction\":[{\"@type\":\"ReadAction\",\"target\":[\"https:\\\/\\\/gentedebasquet.com.ar\\\/sitio\\\/2019\\\/02\\\/28\\\/que-se-dijo-en-la-asamblea\\\/\"]}]},{\"@type\":\"ImageObject\",\"inLanguage\":\"es\",\"@id\":\"https:\\\/\\\/gentedebasquet.com.ar\\\/sitio\\\/2019\\\/02\\\/28\\\/que-se-dijo-en-la-asamblea\\\/#primaryimage\",\"url\":\"http:\\\/\\\/gentedebasquet.com.ar\\\/sitio\\\/wp-content\\\/uploads\\\/2019\\\/02\\\/ABB-Asamblea-2019.jpg\",\"contentUrl\":\"http:\\\/\\\/gentedebasquet.com.ar\\\/sitio\\\/wp-content\\\/uploads\\\/2019\\\/02\\\/ABB-Asamblea-2019.jpg\",\"width\":690,\"height\":319},{\"@type\":\"BreadcrumbList\",\"@id\":\"https:\\\/\\\/gentedebasquet.com.ar\\\/sitio\\\/2019\\\/02\\\/28\\\/que-se-dijo-en-la-asamblea\\\/#breadcrumb\",\"itemListElement\":[{\"@type\":\"ListItem\",\"position\":1,\"name\":\"Portada\",\"item\":\"http:\\\/\\\/gentedebasquet.com.ar\\\/sitio\\\/\"},{\"@type\":\"ListItem\",\"position\":2,\"name\":\"Qu\u00e9 se dijo en la Asamblea\"}]},{\"@type\":\"WebSite\",\"@id\":\"http:\\\/\\\/gentedebasquet.com.ar\\\/sitio\\\/#website\",\"url\":\"http:\\\/\\\/gentedebasquet.com.ar\\\/sitio\\\/\",\"name\":\"Gente de B\u00e1squet\",\"description\":\"La revista del basquet de Bah\u00eda Blanca\",\"potentialAction\":[{\"@type\":\"SearchAction\",\"target\":{\"@type\":\"EntryPoint\",\"urlTemplate\":\"http:\\\/\\\/gentedebasquet.com.ar\\\/sitio\\\/?s={search_term_string}\"},\"query-input\":{\"@type\":\"PropertyValueSpecification\",\"valueRequired\":true,\"valueName\":\"search_term_string\"}}],\"inLanguage\":\"es\"},{\"@type\":\"Person\",\"@id\":\"http:\\\/\\\/gentedebasquet.com.ar\\\/sitio\\\/#\\\/schema\\\/person\\\/ca0b63bbb977369988a7bbbdc519943a\",\"name\":\"Gente de B\u00e1squet\",\"image\":{\"@type\":\"ImageObject\",\"inLanguage\":\"es\",\"@id\":\"https:\\\/\\\/secure.gravatar.com\\\/avatar\\\/7f2c48bdc33b30088f941fb6082e555f2874c98e20cb159d7b92b50eadfce793?s=96&d=mm&r=g\",\"url\":\"https:\\\/\\\/secure.gravatar.com\\\/avatar\\\/7f2c48bdc33b30088f941fb6082e555f2874c98e20cb159d7b92b50eadfce793?s=96&d=mm&r=g\",\"contentUrl\":\"https:\\\/\\\/secure.gravatar.com\\\/avatar\\\/7f2c48bdc33b30088f941fb6082e555f2874c98e20cb159d7b92b50eadfce793?s=96&d=mm&r=g\",\"caption\":\"Gente de B\u00e1squet\"},\"sameAs\":[\"http:\\\/\\\/gentedebasquet.com.ar\\\/sitio\"],\"url\":\"http:\\\/\\\/gentedebasquet.com.ar\\\/sitio\\\/author\\\/ulises\\\/\"}]}<\/script>\n<!-- \/ Yoast SEO plugin. -->","yoast_head_json":{"title":"Qu\u00e9 se dijo en la Asamblea - Gente de B\u00e1squet","robots":{"index":"index","follow":"follow","max-snippet":"max-snippet:-1","max-image-preview":"max-image-preview:large","max-video-preview":"max-video-preview:-1"},"canonical":"https:\/\/gentedebasquet.com.ar\/sitio\/2019\/02\/28\/que-se-dijo-en-la-asamblea\/","og_locale":"es_ES","og_type":"article","og_title":"Qu\u00e9 se dijo en la Asamblea - Gente de B\u00e1squet","og_description":"La ABB trat\u00f3 varios temas y dio inicio oficialmente a la temporada 2019","og_url":"https:\/\/gentedebasquet.com.ar\/sitio\/2019\/02\/28\/que-se-dijo-en-la-asamblea\/","og_site_name":"Gente de B\u00e1squet","article_published_time":"2019-03-01T01:03:17+00:00","og_image":[{"width":690,"height":319,"url":"https:\/\/gentedebasquet.com.ar\/sitio\/wp-content\/uploads\/2019\/02\/ABB-Asamblea-2019.jpg","type":"image\/jpeg"}],"author":"Gente de B\u00e1squet","twitter_card":"summary_large_image","twitter_misc":{"Escrito por":"Gente de B\u00e1squet","Tiempo de lectura":"3 minutos"},"schema":{"@context":"https:\/\/schema.org","@graph":[{"@type":"Article","@id":"https:\/\/gentedebasquet.com.ar\/sitio\/2019\/02\/28\/que-se-dijo-en-la-asamblea\/#article","isPartOf":{"@id":"https:\/\/gentedebasquet.com.ar\/sitio\/2019\/02\/28\/que-se-dijo-en-la-asamblea\/"},"author":{"name":"Gente de B\u00e1squet","@id":"http:\/\/gentedebasquet.com.ar\/sitio\/#\/schema\/person\/ca0b63bbb977369988a7bbbdc519943a"},"headline":"Qu\u00e9 se dijo en la Asamblea","datePublished":"2019-03-01T01:03:17+00:00","mainEntityOfPage":{"@id":"https:\/\/gentedebasquet.com.ar\/sitio\/2019\/02\/28\/que-se-dijo-en-la-asamblea\/"},"wordCount":660,"image":{"@id":"https:\/\/gentedebasquet.com.ar\/sitio\/2019\/02\/28\/que-se-dijo-en-la-asamblea\/#primaryimage"},"thumbnailUrl":"http:\/\/gentedebasquet.com.ar\/sitio\/wp-content\/uploads\/2019\/02\/ABB-Asamblea-2019.jpg","keywords":["ABB","Asamblea","Marcelo Pallotti"],"articleSection":["#Overtime","Slide"],"inLanguage":"es"},{"@type":"WebPage","@id":"https:\/\/gentedebasquet.com.ar\/sitio\/2019\/02\/28\/que-se-dijo-en-la-asamblea\/","url":"https:\/\/gentedebasquet.com.ar\/sitio\/2019\/02\/28\/que-se-dijo-en-la-asamblea\/","name":"Qu\u00e9 se dijo en la Asamblea - Gente de B\u00e1squet","isPartOf":{"@id":"http:\/\/gentedebasquet.com.ar\/sitio\/#website"},"primaryImageOfPage":{"@id":"https:\/\/gentedebasquet.com.ar\/sitio\/2019\/02\/28\/que-se-dijo-en-la-asamblea\/#primaryimage"},"image":{"@id":"https:\/\/gentedebasquet.com.ar\/sitio\/2019\/02\/28\/que-se-dijo-en-la-asamblea\/#primaryimage"},"thumbnailUrl":"http:\/\/gentedebasquet.com.ar\/sitio\/wp-content\/uploads\/2019\/02\/ABB-Asamblea-2019.jpg","datePublished":"2019-03-01T01:03:17+00:00","author":{"@id":"http:\/\/gentedebasquet.com.ar\/sitio\/#\/schema\/person\/ca0b63bbb977369988a7bbbdc519943a"},"breadcrumb":{"@id":"https:\/\/gentedebasquet.com.ar\/sitio\/2019\/02\/28\/que-se-dijo-en-la-asamblea\/#breadcrumb"},"inLanguage":"es","potentialAction":[{"@type":"ReadAction","target":["https:\/\/gentedebasquet.com.ar\/sitio\/2019\/02\/28\/que-se-dijo-en-la-asamblea\/"]}]},{"@type":"ImageObject","inLanguage":"es","@id":"https:\/\/gentedebasquet.com.ar\/sitio\/2019\/02\/28\/que-se-dijo-en-la-asamblea\/#primaryimage","url":"http:\/\/gentedebasquet.com.ar\/sitio\/wp-content\/uploads\/2019\/02\/ABB-Asamblea-2019.jpg","contentUrl":"http:\/\/gentedebasquet.com.ar\/sitio\/wp-content\/uploads\/2019\/02\/ABB-Asamblea-2019.jpg","width":690,"height":319},{"@type":"BreadcrumbList","@id":"https:\/\/gentedebasquet.com.ar\/sitio\/2019\/02\/28\/que-se-dijo-en-la-asamblea\/#breadcrumb","itemListElement":[{"@type":"ListItem","position":1,"name":"Portada","item":"http:\/\/gentedebasquet.com.ar\/sitio\/"},{"@type":"ListItem","position":2,"name":"Qu\u00e9 se dijo en la Asamblea"}]},{"@type":"WebSite","@id":"http:\/\/gentedebasquet.com.ar\/sitio\/#website","url":"http:\/\/gentedebasquet.com.ar\/sitio\/","name":"Gente de B\u00e1squet","description":"La revista del basquet de Bah\u00eda Blanca","potentialAction":[{"@type":"SearchAction","target":{"@type":"EntryPoint","urlTemplate":"http:\/\/gentedebasquet.com.ar\/sitio\/?s={search_term_string}"},"query-input":{"@type":"PropertyValueSpecification","valueRequired":true,"valueName":"search_term_string"}}],"inLanguage":"es"},{"@type":"Person","@id":"http:\/\/gentedebasquet.com.ar\/sitio\/#\/schema\/person\/ca0b63bbb977369988a7bbbdc519943a","name":"Gente de B\u00e1squet","image":{"@type":"ImageObject","inLanguage":"es","@id":"https:\/\/secure.gravatar.com\/avatar\/7f2c48bdc33b30088f941fb6082e555f2874c98e20cb159d7b92b50eadfce793?s=96&d=mm&r=g","url":"https:\/\/secure.gravatar.com\/avatar\/7f2c48bdc33b30088f941fb6082e555f2874c98e20cb159d7b92b50eadfce793?s=96&d=mm&r=g","contentUrl":"https:\/\/secure.gravatar.com\/avatar\/7f2c48bdc33b30088f941fb6082e555f2874c98e20cb159d7b92b50eadfce793?s=96&d=mm&r=g","caption":"Gente de B\u00e1squet"},"sameAs":["http:\/\/gentedebasquet.com.ar\/sitio"],"url":"http:\/\/gentedebasquet.com.ar\/sitio\/author\/ulises\/"}]}},"_links":{"self":[{"href":"http:\/\/gentedebasquet.com.ar\/sitio\/wp-json\/wp\/v2\/posts\/91342","targetHints":{"allow":["GET"]}}],"collection":[{"href":"http:\/\/gentedebasquet.com.ar\/sitio\/wp-json\/wp\/v2\/posts"}],"about":[{"href":"http:\/\/gentedebasquet.com.ar\/sitio\/wp-json\/wp\/v2\/types\/post"}],"author":[{"embeddable":true,"href":"http:\/\/gentedebasquet.com.ar\/sitio\/wp-json\/wp\/v2\/users\/1"}],"replies":[{"embeddable":true,"href":"http:\/\/gentedebasquet.com.ar\/sitio\/wp-json\/wp\/v2\/comments?post=91342"}],"version-history":[{"count":0,"href":"http:\/\/gentedebasquet.com.ar\/sitio\/wp-json\/wp\/v2\/posts\/91342\/revisions"}],"wp:featuredmedia":[{"embeddable":true,"href":"http:\/\/gentedebasquet.com.ar\/sitio\/wp-json\/wp\/v2\/media\/91343"}],"wp:attachment":[{"href":"http:\/\/gentedebasquet.com.ar\/sitio\/wp-json\/wp\/v2\/media?parent=91342"}],"wp:term":[{"taxonomy":"category","embeddable":true,"href":"http:\/\/gentedebasquet.com.ar\/sitio\/wp-json\/wp\/v2\/categories?post=91342"},{"taxonomy":"post_tag","embeddable":true,"href":"http:\/\/gentedebasquet.com.ar\/sitio\/wp-json\/wp\/v2\/tags?post=91342"}],"curies":[{"name":"wp","href":"https:\/\/api.w.org\/{rel}","templated":true}]}}