{"id":91534,"date":"2019-03-22T23:45:59","date_gmt":"2019-03-23T02:45:59","guid":{"rendered":"http:\/\/www.gentedebasquet.com.ar\/?p=91534"},"modified":"2019-03-22T23:45:59","modified_gmt":"2019-03-23T02:45:59","slug":"firme-primer-paso-3","status":"publish","type":"post","link":"http:\/\/gentedebasquet.com.ar\/sitio\/2019\/03\/22\/firme-primer-paso-3\/","title":{"rendered":"Firme primer paso"},"content":{"rendered":"<p><strong>Los Andes inici\u00f3 el 2019 en el \u00e1mbito de la ABB con un contundente triunfo frente a Sportivo Bahiense.<\/strong><\/p>\n<p><strong>Fue por un claro 92-73 en el Eladio Santos, para no dejar ning\u00fan tipo de dudas y comenzar el torneo con el pie derecho. \u00a0\u00a0<\/strong><\/p>\n<p><strong>Beneficiado por su gran punter\u00eda a distancia (9\/17 en T3 en el 1T) y por la buena rotaci\u00f3n de bal\u00f3n (12 asistencias), Losa lleg\u00f3 a sacar 23 (30-53) en el 2C y se fue as\u00ed al entretiempo. <\/strong><\/p>\n<p><strong>M\u00e1s all\u00e1 de que el Tricolor no se rindi\u00f3 y mejorando su imagen lleg\u00f3 a ponerse a doce unidades de distancia (49-61) en el 3C, la victoria para el elenco puntaltense nunca corri\u00f3 grandes peligros. <\/strong><\/p>\n<p><strong>Juan Ignacio Licardi (21 \u2013 5\/8 T3, 3\/5 T2, 4 reb, 2 rec y 1 tap) fue el goleador en el elenco ganador \u00a0que puso seis jugadores en dos d\u00edgitos. El que lo sigui\u00f3 con una buena producci\u00f3n fue Tadeo L\u00f3pez Hoyos (15 \u2013 3\/4 T3, 2\/3 T2, 5 asist y 3 rec) y tambi\u00e9n acompa\u00f1aron: Juan Ignacio Reiner (14), Guido Canella (13), Gast\u00f3n Ch\u00e1ves (12 , 11 reb y 4 asist) y Daniel Agalupe (10 y 8 reb).<\/strong><\/p>\n<p><strong>En el equipo de Miguel Loffredo, que no cont\u00f3 con Lucas Santarelli y que espera por la vuelta de Joaqu\u00edn Tuero, sobresalieron Tom\u00e1s Tajan (18 y 3 rec \u2013 9 puntos en el 3C) y Facundo Sastre (14).<\/strong><\/p>\n<p><strong>En la pr\u00f3xima fecha, Los Andes recibir\u00e1 en su casa a Altense, mientras que Sportivo deber\u00e1 ir a La Quinta para visitar a El Nacional, uno de los candidatos al ascenso. <\/strong><\/p>\n<p>\u201c<em>Sab\u00edamos el equipo complicado que ten\u00edamos en frente, ellos aspiran al t\u00edtulo. Nosotros tenemos un equipo largo, queremos ascender, hace mucho que venimos trabajando y quer\u00edamos ganar, por suerte lo demostramos en la cancha. Hoy en d\u00eda nosotros tenemos mucho gol en las manos, a veces lo sabemos aprovechar y disfrutamos y si no sabemos que tenemos que apostar a la defensa. Hay que ir paso a paso, el torneo es largu\u00edsimo y tenemos que disfrutarlo junto con el de Punta Alta, vamos a buscar ganar en los dos lados<\/em>\u201d, cont\u00f3 <strong>Tadeo L\u00f3pez Hoyos<\/strong>, base de Los Andes.<\/p>\n<p><img decoding=\"async\" class=\"aligncenter size-full wp-image-91583\" src=\"http:\/\/www.gentedebasquet.com.ar\/wp-content\/uploads\/2019\/03\/Publicidad-Interior-2019-B.jpg\" alt=\"\" width=\"600\" height=\"500\" srcset=\"http:\/\/gentedebasquet.com.ar\/sitio\/wp-content\/uploads\/2019\/03\/Publicidad-Interior-2019-B.jpg 600w, http:\/\/gentedebasquet.com.ar\/sitio\/wp-content\/uploads\/2019\/03\/Publicidad-Interior-2019-B-300x250.jpg 300w\" sizes=\"(max-width: 600px) 100vw, 600px\" \/><\/p>\n<table border=\"2\" width=\"100%\">\n<tbody>\n<tr>\n<td align=\"center\" bgcolor=\"#1c3460\"><span style=\"color: #ffffff; font-family: tahoma, verdana, arial, helvetica, sans-serif; font-size: small;\"><strong>AN\u00c1LISIS<\/strong><\/span><\/td>\n<\/tr>\n<\/tbody>\n<\/table>\n<table border=\"2\" width=\"100%\">\n<tbody>\n<tr>\n<td align=\"center\" bgcolor=\"#e87006\"><span style=\"color: #000000; font-family: tahoma, verdana, arial, helvetica, sans-serif; font-size: small;\"><strong>&#8211;<\/strong><\/span><\/td>\n<td align=\"center\" bgcolor=\"#e87006\"><span style=\"color: #000000; font-family: tahoma, verdana, arial, helvetica, sans-serif; font-size: small;\"><strong>&#8211;<\/strong><\/span><\/td>\n<\/tr>\n<tr>\n<td align=\"center\" bgcolor=\"#ffffff\"><img decoding=\"async\" class=\"aligncenter size-full wp-image-91369\" src=\"http:\/\/www.gentedebasquet.com.ar\/wp-content\/uploads\/2019\/03\/Clave-2019.jpg\" alt=\"\" width=\"50\" height=\"50\" \/><\/td>\n<td align=\"center\" bgcolor=\"#ffffff\"><span style=\"font-family: tahoma, verdana, arial, helvetica, sans-serif; font-size: small;\">La gran eficacia en tiros externos (14\/30 T3 global), sobre todo en el primer tiempo, le permiti\u00f3 a Los Andes tener un segundo cuarto de ensue\u00f1o (26-9) y sacar 23 de luz para manejar pr\u00e1cticamente en todo momento el tr\u00e1mite.<\/span><\/td>\n<\/tr>\n<tr>\n<td align=\"center\" bgcolor=\"#ffffff\"><img decoding=\"async\" class=\"aligncenter size-full wp-image-91368\" src=\"http:\/\/www.gentedebasquet.com.ar\/wp-content\/uploads\/2019\/03\/Cierre-2019.jpg\" alt=\"\" width=\"50\" height=\"50\" \/><\/td>\n<td align=\"center\" bgcolor=\"#ffffff\"><span style=\"font-family: tahoma, verdana, arial, helvetica, sans-serif; font-size: small;\">Si bien Sportivo amag\u00f3 con una reacci\u00f3n en el 3C y se puso a 12 de luz, todo qued\u00f3 ah\u00ed. A 6m28s del cierre, la visita sac\u00f3 veinte de brecha (62-82) y se encamin\u00f3 a un triunfo tranquilo.<\/span><\/td>\n<\/tr>\n<tr>\n<td align=\"center\" bgcolor=\"#ffffff\"><img decoding=\"async\" class=\"aligncenter size-full wp-image-91370\" src=\"http:\/\/www.gentedebasquet.com.ar\/wp-content\/uploads\/2019\/03\/Dato-2019.jpg\" alt=\"\" width=\"50\" height=\"50\" \/><\/td>\n<td align=\"center\" bgcolor=\"#ffffff\"><span style=\"font-family: tahoma, verdana, arial, helvetica, sans-serif; font-size: small;\">Seis de los ocho jugadores que puso en cancha Enrique Moreno llegaron al doble d\u00edgito de puntos: Licardi (21), L\u00f3pez Hoyos (15), Reiner (14), Canella (13), Ch\u00e1ves (12) y Agalupe (10).<\/span><\/td>\n<\/tr>\n<tr>\n<td align=\"center\" bgcolor=\"#1c3460\"><span style=\"font-family: tahoma, verdana, arial, helvetica, sans-serif; font-size: small;\">************<\/span><\/td>\n<td align=\"center\" bgcolor=\"#1c3460\"><span style=\"font-family: tahoma, verdana, arial, helvetica, sans-serif; font-size: small;\">********************************************************<\/span><\/td>\n<\/tr>\n<\/tbody>\n<\/table>\n<p>&nbsp;<\/p>\n<p>[youtube]https:\/\/youtu.be\/IccpVXqFLc4[\/youtube]<\/p>\n<p>&nbsp;<\/p>\n<p><strong>S\u00edntesis |<\/strong><strong>\u00a0<\/strong>Segunda Divisi\u00f3n \u2013 Fecha #1<\/p>\n<p><strong>Sportivo Bahiense 73: <\/strong>Santiago Sim\u00f3n 2, Facundo Sastre 14, Juli\u00e1n Gutt 8, Tom\u00e1s Tajan 18, Mart\u00edn Villoldo 2 (FI) Lucas Casali 0, Yoel Asnaghi 8, Facundo Goenaga 10, Nicol\u00e1s Mart\u00ednez 0, Miguel Garc\u00eda 11 y Luciano Temporelli 0. DT: Miguel Loffredo.<\/p>\n<p><strong>Los Andes 92: <\/strong>Tadeo L\u00f3pez Hoyos 15, Juan Ignacio Reiner 14, Ignacio Dupuy 7, Guido Canella 13, Juan Ignacio Licardi 21<strong>\u00a0<\/strong>(FI) Gast\u00f3n Chaves 12, Daniel Agalupe 10 y Santino Conti 0<strong>. <\/strong>DT: Enrique Moreno.<\/p>\n<p><strong>Parciales:\u00a0<\/strong>21-27, 30-53 (9-26), 53-71 (23-18) y 73-92 (20-21).<\/p>\n<p><strong>\u00c1rbitros:<\/strong><strong>\u00a0<\/strong>Sebasti\u00e1n Giannino \u2013 Diego Kessler \u2013 Franco Berlato.<\/p>\n<p><strong>Estadio:<\/strong><strong>\u00a0<\/strong>Eladio Santos (Sportivo).<\/p>\n<p><a class=\"modalf iframe\" title=\"Planilla\" href=\"https:\/\/docs.google.com\/spreadsheets\/d\/e\/2PACX-1vSNlbhgwaqOJkz-Ob1nkF_0rgx7V6vdlx_ZOV-jRNv4xDsZEMBHTEuVbcLY-_xYhr3zb7PZ7jyYhSTI\/pubhtml?gid=1975056663&amp;single=true\" target=\"_blank\" rel=\"noopener\">Ver Planilla<\/a><\/p>\n<p>&nbsp;<\/p>\n<p><a href=\"http:\/\/www.gentedebasquet.com.ar\/wp-content\/uploads\/2019\/03\/DSC_0028.jpg\"><img decoding=\"async\" class=\"size-full wp-image-91629 aligncenter\" src=\"http:\/\/www.gentedebasquet.com.ar\/wp-content\/uploads\/2019\/03\/DSC_0028.jpg\" alt=\"\" width=\"600\" height=\"400\" srcset=\"http:\/\/gentedebasquet.com.ar\/sitio\/wp-content\/uploads\/2019\/03\/DSC_0028.jpg 600w, http:\/\/gentedebasquet.com.ar\/sitio\/wp-content\/uploads\/2019\/03\/DSC_0028-300x200.jpg 300w\" sizes=\"(max-width: 600px) 100vw, 600px\" \/><\/a><\/p>\n<p>&nbsp;<\/p>\n<table border=\"2\" width=\"100%\">\n<tbody>\n<tr>\n<td align=\"center\" bgcolor=\"#1c3460\"><span style=\"color: #ffffff; font-family: tahoma, verdana, arial, helvetica, sans-serif; font-size: small;\"><strong>LOS + Y LOS &#8211;<\/strong><\/span><\/td>\n<\/tr>\n<\/tbody>\n<\/table>\n<table border=\"3\" width=\"100%\">\n<tbody>\n<tr>\n<td align=\"center\" bgcolor=\"#ffffff\"><img decoding=\"async\" class=\"aligncenter size-full wp-image-91372\" src=\"http:\/\/www.gentedebasquet.com.ar\/wp-content\/uploads\/2019\/03\/Podio-1.jpg\" alt=\"\" width=\"50\" height=\"50\" \/><\/td>\n<td align=\"center\" bgcolor=\"#ffffff\"><span style=\"font-family: tahoma, verdana, arial, helvetica, sans-serif; font-size: small;\">Juan Ignacio LICARDI<\/span><\/td>\n<td align=\"center\" bgcolor=\"#ffffff\"><span style=\"font-family: tahoma, verdana, arial, helvetica, sans-serif; font-size: small;\">En el momento donde mejor jug\u00f3 su equipo y sac\u00f3 una ventaja tranquilizadora, fue vital con su efectividad: 21 puntos (5\/8 T3 &#8211; 3\/5 T2), 4 rebotes, 2 recuperos, 1 tapa.<\/span><\/td>\n<\/tr>\n<tr>\n<td align=\"center\" bgcolor=\"#ffffff\"><img decoding=\"async\" class=\"aligncenter size-full wp-image-91373\" src=\"http:\/\/www.gentedebasquet.com.ar\/wp-content\/uploads\/2019\/03\/Podio-2.jpg\" alt=\"\" width=\"50\" height=\"50\" \/><\/td>\n<td align=\"center\" bgcolor=\"#ffffff\"><span style=\"font-family: tahoma, verdana, arial, helvetica, sans-serif; font-size: small;\">Tadeo L\u00d3PEZ HOYOS<\/span><\/td>\n<td align=\"center\" bgcolor=\"#ffffff\"><span style=\"font-family: tahoma, verdana, arial, helvetica, sans-serif; font-size: small;\">Fue la segunda arma ofensiva que mostr\u00f3 Los Andes en el partido. No solo estuvo fino con el aro: 15 puntos (3\/4 T3 &#8211; 2\/3 T2 &#8211; 2\/4 TL), sino que tambi\u00e9n reparti\u00f3 juego (5) y por momentos estuvo bien defensivamente (3 recuperos).<\/span><\/td>\n<\/tr>\n<tr>\n<td align=\"center\" bgcolor=\"#ffffff\"><img decoding=\"async\" class=\"aligncenter size-full wp-image-91374\" src=\"http:\/\/www.gentedebasquet.com.ar\/wp-content\/uploads\/2019\/03\/Podio-3.jpg\" alt=\"\" width=\"50\" height=\"50\" \/><\/td>\n<td align=\"center\" bgcolor=\"#ffffff\"><span style=\"font-family: tahoma, verdana, arial, helvetica, sans-serif; font-size: small;\">Tom\u00e1s TAJAN<\/span><\/td>\n<td align=\"center\" bgcolor=\"#ffffff\"><span style=\"font-family: tahoma, verdana, arial, helvetica, sans-serif; font-size: small;\">Fue de menor a mayor y termin\u00f3 siendo el m\u00e1s regular de Sportivo Bahiense en un debut para el olvido. Aport\u00f3 18 puntos (0\/1 T3 &#8211; 8\/11 T2 &#8211; 2\/4 TL), 3 rebotes, 3 recuperos y 1 asistencia.<\/span><\/td>\n<\/tr>\n<tr>\n<td align=\"center\" bgcolor=\"#1c3460\"><span style=\"font-family: tahoma, verdana, arial, helvetica, sans-serif; font-size: small;\">***<\/span><\/td>\n<td align=\"center\" bgcolor=\"#1c3460\"><span style=\"font-family: tahoma, verdana, arial, helvetica, sans-serif; font-size: small;\">********************<\/span><\/td>\n<td align=\"center\" bgcolor=\"#1c3460\"><span style=\"font-family: tahoma, verdana, arial, helvetica, sans-serif; font-size: small;\">***************************************<\/span><\/td>\n<\/tr>\n<tr>\n<td align=\"center\" bgcolor=\"#ffffff\"><img decoding=\"async\" class=\"aligncenter size-full wp-image-91375\" src=\"http:\/\/www.gentedebasquet.com.ar\/wp-content\/uploads\/2019\/03\/Podio-4.jpg\" alt=\"\" width=\"50\" height=\"50\" \/><\/td>\n<td align=\"center\" bgcolor=\"#ffffff\"><span style=\"font-family: tahoma, verdana, arial, helvetica, sans-serif; font-size: small;\">Nicol\u00e1s MART\u00cdNEZ<\/span><\/td>\n<td align=\"center\" bgcolor=\"#ffffff\"><span style=\"font-family: tahoma, verdana, arial, helvetica, sans-serif; font-size: small;\">Los pocos minutos que tuvo en cancha le cost\u00f3 entrar en juego, quiz\u00e1s por ser el primer partido del a\u00f1o. No anot\u00f3 puntos (0\/3 T2 y 0\/2 TL).\u00a0<\/span><\/td>\n<\/tr>\n<tr>\n<td align=\"center\" bgcolor=\"#ffffff\"><img decoding=\"async\" class=\"aligncenter size-full wp-image-91375\" src=\"http:\/\/www.gentedebasquet.com.ar\/wp-content\/uploads\/2019\/03\/Podio-4.jpg\" alt=\"\" width=\"50\" height=\"50\" \/><\/td>\n<td align=\"center\" bgcolor=\"#ffffff\"><span style=\"font-family: tahoma, verdana, arial, helvetica, sans-serif; font-size: small;\">Mart\u00edn VILLOLDO<\/span><\/td>\n<td align=\"center\" bgcolor=\"#ffffff\"><span style=\"font-family: tahoma, verdana, arial, helvetica, sans-serif; font-size: small;\">La larga inactividad por la lesi\u00f3n que lo margin\u00f3 de las canchas el a\u00f1o pasado, le jug\u00f3 una mala pasada: 2 puntos (0\/2 T3 &#8211; 0\/3 T2 &#8211; 2\/2 TL) y 1 perdida. Seguramente con el correr de los partidos se vaya sintiendo m\u00e1s c\u00f3modo.\u00a0<\/span><\/td>\n<\/tr>\n<tr>\n<td align=\"center\" bgcolor=\"#1c3460\"><span style=\"font-family: tahoma, verdana, arial, helvetica, sans-serif; font-size: small;\">***<\/span><\/td>\n<td align=\"center\" bgcolor=\"#1c3460\"><span style=\"font-family: tahoma, verdana, arial, helvetica, sans-serif; font-size: small;\">********************<\/span><\/td>\n<td align=\"center\" bgcolor=\"#1c3460\"><span style=\"font-family: tahoma, verdana, arial, helvetica, sans-serif; font-size: small;\">************************************<\/span><\/td>\n<\/tr>\n<\/tbody>\n<\/table>\n<p>&nbsp;<\/p>\n<p><a href=\"http:\/\/www.gentedebasquet.com.ar\/wp-content\/uploads\/2019\/03\/DSC_0056.jpg\"><img decoding=\"async\" class=\"size-full wp-image-91630 aligncenter\" src=\"http:\/\/www.gentedebasquet.com.ar\/wp-content\/uploads\/2019\/03\/DSC_0056.jpg\" alt=\"\" width=\"600\" height=\"400\" srcset=\"http:\/\/gentedebasquet.com.ar\/sitio\/wp-content\/uploads\/2019\/03\/DSC_0056.jpg 600w, http:\/\/gentedebasquet.com.ar\/sitio\/wp-content\/uploads\/2019\/03\/DSC_0056-300x200.jpg 300w\" sizes=\"(max-width: 600px) 100vw, 600px\" \/><\/a><\/p>\n","protected":false},"excerpt":{"rendered":"<p>Los Andes inici\u00f3 el a\u00f1o con un contundente triunfo frente a Sportivo Bahiense<\/p>\n","protected":false},"author":1,"featured_media":91624,"comment_status":"closed","ping_status":"open","sticky":false,"template":"","format":"standard","meta":{"jnews-multi-image_gallery":[],"jnews_single_post":[],"jnews_primary_category":[],"footnotes":""},"categories":[25,101],"tags":[152,20],"class_list":["post-91534","post","type-post","status-publish","format-standard","has-post-thumbnail","hentry","category-segunda","category-slide","tag-los-andes","tag-sportivo-bahiense"],"yoast_head":"<!-- This site is optimized with the Yoast SEO plugin v27.5 - https:\/\/yoast.com\/product\/yoast-seo-wordpress\/ -->\n<title>Firme primer paso - Gente de B\u00e1squet<\/title>\n<meta name=\"robots\" content=\"index, follow, max-snippet:-1, max-image-preview:large, max-video-preview:-1\" \/>\n<link rel=\"canonical\" href=\"https:\/\/gentedebasquet.com.ar\/sitio\/2019\/03\/22\/firme-primer-paso-3\/\" \/>\n<meta property=\"og:locale\" content=\"es_ES\" \/>\n<meta property=\"og:type\" content=\"article\" \/>\n<meta property=\"og:title\" content=\"Firme primer paso - Gente de B\u00e1squet\" \/>\n<meta property=\"og:description\" content=\"Los Andes inici\u00f3 el a\u00f1o con un contundente triunfo frente a Sportivo Bahiense\" \/>\n<meta property=\"og:url\" content=\"https:\/\/gentedebasquet.com.ar\/sitio\/2019\/03\/22\/firme-primer-paso-3\/\" \/>\n<meta property=\"og:site_name\" content=\"Gente de B\u00e1squet\" \/>\n<meta property=\"article:published_time\" content=\"2019-03-23T02:45:59+00:00\" \/>\n<meta property=\"og:image\" content=\"https:\/\/gentedebasquet.com.ar\/sitio\/wp-content\/uploads\/2019\/03\/DSC_0044.jpg\" \/>\n\t<meta property=\"og:image:width\" content=\"690\" \/>\n\t<meta property=\"og:image:height\" content=\"319\" \/>\n\t<meta property=\"og:image:type\" content=\"image\/jpeg\" \/>\n<meta name=\"author\" content=\"Gente de B\u00e1squet\" \/>\n<meta name=\"twitter:card\" content=\"summary_large_image\" \/>\n<meta name=\"twitter:label1\" content=\"Escrito por\" \/>\n\t<meta name=\"twitter:data1\" content=\"Gente de B\u00e1squet\" \/>\n\t<meta name=\"twitter:label2\" content=\"Tiempo de lectura\" \/>\n\t<meta name=\"twitter:data2\" content=\"4 minutos\" \/>\n<script type=\"application\/ld+json\" class=\"yoast-schema-graph\">{\"@context\":\"https:\\\/\\\/schema.org\",\"@graph\":[{\"@type\":\"Article\",\"@id\":\"https:\\\/\\\/gentedebasquet.com.ar\\\/sitio\\\/2019\\\/03\\\/22\\\/firme-primer-paso-3\\\/#article\",\"isPartOf\":{\"@id\":\"https:\\\/\\\/gentedebasquet.com.ar\\\/sitio\\\/2019\\\/03\\\/22\\\/firme-primer-paso-3\\\/\"},\"author\":{\"name\":\"Gente de B\u00e1squet\",\"@id\":\"https:\\\/\\\/gentedebasquet.com.ar\\\/sitio\\\/#\\\/schema\\\/person\\\/ca0b63bbb977369988a7bbbdc519943a\"},\"headline\":\"Firme primer paso\",\"datePublished\":\"2019-03-23T02:45:59+00:00\",\"mainEntityOfPage\":{\"@id\":\"https:\\\/\\\/gentedebasquet.com.ar\\\/sitio\\\/2019\\\/03\\\/22\\\/firme-primer-paso-3\\\/\"},\"wordCount\":760,\"image\":{\"@id\":\"https:\\\/\\\/gentedebasquet.com.ar\\\/sitio\\\/2019\\\/03\\\/22\\\/firme-primer-paso-3\\\/#primaryimage\"},\"thumbnailUrl\":\"http:\\\/\\\/gentedebasquet.com.ar\\\/sitio\\\/wp-content\\\/uploads\\\/2019\\\/03\\\/DSC_0044.jpg\",\"keywords\":[\"Los Andes\",\"Sportivo Bahiense\"],\"articleSection\":[\"Segunda\",\"Slide\"],\"inLanguage\":\"es\"},{\"@type\":\"WebPage\",\"@id\":\"https:\\\/\\\/gentedebasquet.com.ar\\\/sitio\\\/2019\\\/03\\\/22\\\/firme-primer-paso-3\\\/\",\"url\":\"https:\\\/\\\/gentedebasquet.com.ar\\\/sitio\\\/2019\\\/03\\\/22\\\/firme-primer-paso-3\\\/\",\"name\":\"Firme primer paso - Gente de B\u00e1squet\",\"isPartOf\":{\"@id\":\"https:\\\/\\\/gentedebasquet.com.ar\\\/sitio\\\/#website\"},\"primaryImageOfPage\":{\"@id\":\"https:\\\/\\\/gentedebasquet.com.ar\\\/sitio\\\/2019\\\/03\\\/22\\\/firme-primer-paso-3\\\/#primaryimage\"},\"image\":{\"@id\":\"https:\\\/\\\/gentedebasquet.com.ar\\\/sitio\\\/2019\\\/03\\\/22\\\/firme-primer-paso-3\\\/#primaryimage\"},\"thumbnailUrl\":\"http:\\\/\\\/gentedebasquet.com.ar\\\/sitio\\\/wp-content\\\/uploads\\\/2019\\\/03\\\/DSC_0044.jpg\",\"datePublished\":\"2019-03-23T02:45:59+00:00\",\"author\":{\"@id\":\"https:\\\/\\\/gentedebasquet.com.ar\\\/sitio\\\/#\\\/schema\\\/person\\\/ca0b63bbb977369988a7bbbdc519943a\"},\"breadcrumb\":{\"@id\":\"https:\\\/\\\/gentedebasquet.com.ar\\\/sitio\\\/2019\\\/03\\\/22\\\/firme-primer-paso-3\\\/#breadcrumb\"},\"inLanguage\":\"es\",\"potentialAction\":[{\"@type\":\"ReadAction\",\"target\":[\"https:\\\/\\\/gentedebasquet.com.ar\\\/sitio\\\/2019\\\/03\\\/22\\\/firme-primer-paso-3\\\/\"]}]},{\"@type\":\"ImageObject\",\"inLanguage\":\"es\",\"@id\":\"https:\\\/\\\/gentedebasquet.com.ar\\\/sitio\\\/2019\\\/03\\\/22\\\/firme-primer-paso-3\\\/#primaryimage\",\"url\":\"http:\\\/\\\/gentedebasquet.com.ar\\\/sitio\\\/wp-content\\\/uploads\\\/2019\\\/03\\\/DSC_0044.jpg\",\"contentUrl\":\"http:\\\/\\\/gentedebasquet.com.ar\\\/sitio\\\/wp-content\\\/uploads\\\/2019\\\/03\\\/DSC_0044.jpg\",\"width\":690,\"height\":319},{\"@type\":\"BreadcrumbList\",\"@id\":\"https:\\\/\\\/gentedebasquet.com.ar\\\/sitio\\\/2019\\\/03\\\/22\\\/firme-primer-paso-3\\\/#breadcrumb\",\"itemListElement\":[{\"@type\":\"ListItem\",\"position\":1,\"name\":\"Portada\",\"item\":\"https:\\\/\\\/gentedebasquet.com.ar\\\/sitio\\\/\"},{\"@type\":\"ListItem\",\"position\":2,\"name\":\"Firme primer paso\"}]},{\"@type\":\"WebSite\",\"@id\":\"https:\\\/\\\/gentedebasquet.com.ar\\\/sitio\\\/#website\",\"url\":\"https:\\\/\\\/gentedebasquet.com.ar\\\/sitio\\\/\",\"name\":\"Gente de B\u00e1squet\",\"description\":\"La revista del basquet de Bah\u00eda Blanca\",\"potentialAction\":[{\"@type\":\"SearchAction\",\"target\":{\"@type\":\"EntryPoint\",\"urlTemplate\":\"https:\\\/\\\/gentedebasquet.com.ar\\\/sitio\\\/?s={search_term_string}\"},\"query-input\":{\"@type\":\"PropertyValueSpecification\",\"valueRequired\":true,\"valueName\":\"search_term_string\"}}],\"inLanguage\":\"es\"},{\"@type\":\"Person\",\"@id\":\"https:\\\/\\\/gentedebasquet.com.ar\\\/sitio\\\/#\\\/schema\\\/person\\\/ca0b63bbb977369988a7bbbdc519943a\",\"name\":\"Gente de B\u00e1squet\",\"image\":{\"@type\":\"ImageObject\",\"inLanguage\":\"es\",\"@id\":\"https:\\\/\\\/secure.gravatar.com\\\/avatar\\\/7f2c48bdc33b30088f941fb6082e555f2874c98e20cb159d7b92b50eadfce793?s=96&d=mm&r=g\",\"url\":\"https:\\\/\\\/secure.gravatar.com\\\/avatar\\\/7f2c48bdc33b30088f941fb6082e555f2874c98e20cb159d7b92b50eadfce793?s=96&d=mm&r=g\",\"contentUrl\":\"https:\\\/\\\/secure.gravatar.com\\\/avatar\\\/7f2c48bdc33b30088f941fb6082e555f2874c98e20cb159d7b92b50eadfce793?s=96&d=mm&r=g\",\"caption\":\"Gente de B\u00e1squet\"},\"sameAs\":[\"http:\\\/\\\/gentedebasquet.com.ar\\\/sitio\"],\"url\":\"http:\\\/\\\/gentedebasquet.com.ar\\\/sitio\\\/author\\\/ulises\\\/\"}]}<\/script>\n<!-- \/ Yoast SEO plugin. -->","yoast_head_json":{"title":"Firme primer paso - Gente de B\u00e1squet","robots":{"index":"index","follow":"follow","max-snippet":"max-snippet:-1","max-image-preview":"max-image-preview:large","max-video-preview":"max-video-preview:-1"},"canonical":"https:\/\/gentedebasquet.com.ar\/sitio\/2019\/03\/22\/firme-primer-paso-3\/","og_locale":"es_ES","og_type":"article","og_title":"Firme primer paso - Gente de B\u00e1squet","og_description":"Los Andes inici\u00f3 el a\u00f1o con un contundente triunfo frente a Sportivo Bahiense","og_url":"https:\/\/gentedebasquet.com.ar\/sitio\/2019\/03\/22\/firme-primer-paso-3\/","og_site_name":"Gente de B\u00e1squet","article_published_time":"2019-03-23T02:45:59+00:00","og_image":[{"width":690,"height":319,"url":"https:\/\/gentedebasquet.com.ar\/sitio\/wp-content\/uploads\/2019\/03\/DSC_0044.jpg","type":"image\/jpeg"}],"author":"Gente de B\u00e1squet","twitter_card":"summary_large_image","twitter_misc":{"Escrito por":"Gente de B\u00e1squet","Tiempo de lectura":"4 minutos"},"schema":{"@context":"https:\/\/schema.org","@graph":[{"@type":"Article","@id":"https:\/\/gentedebasquet.com.ar\/sitio\/2019\/03\/22\/firme-primer-paso-3\/#article","isPartOf":{"@id":"https:\/\/gentedebasquet.com.ar\/sitio\/2019\/03\/22\/firme-primer-paso-3\/"},"author":{"name":"Gente de B\u00e1squet","@id":"https:\/\/gentedebasquet.com.ar\/sitio\/#\/schema\/person\/ca0b63bbb977369988a7bbbdc519943a"},"headline":"Firme primer paso","datePublished":"2019-03-23T02:45:59+00:00","mainEntityOfPage":{"@id":"https:\/\/gentedebasquet.com.ar\/sitio\/2019\/03\/22\/firme-primer-paso-3\/"},"wordCount":760,"image":{"@id":"https:\/\/gentedebasquet.com.ar\/sitio\/2019\/03\/22\/firme-primer-paso-3\/#primaryimage"},"thumbnailUrl":"http:\/\/gentedebasquet.com.ar\/sitio\/wp-content\/uploads\/2019\/03\/DSC_0044.jpg","keywords":["Los Andes","Sportivo Bahiense"],"articleSection":["Segunda","Slide"],"inLanguage":"es"},{"@type":"WebPage","@id":"https:\/\/gentedebasquet.com.ar\/sitio\/2019\/03\/22\/firme-primer-paso-3\/","url":"https:\/\/gentedebasquet.com.ar\/sitio\/2019\/03\/22\/firme-primer-paso-3\/","name":"Firme primer paso - Gente de B\u00e1squet","isPartOf":{"@id":"https:\/\/gentedebasquet.com.ar\/sitio\/#website"},"primaryImageOfPage":{"@id":"https:\/\/gentedebasquet.com.ar\/sitio\/2019\/03\/22\/firme-primer-paso-3\/#primaryimage"},"image":{"@id":"https:\/\/gentedebasquet.com.ar\/sitio\/2019\/03\/22\/firme-primer-paso-3\/#primaryimage"},"thumbnailUrl":"http:\/\/gentedebasquet.com.ar\/sitio\/wp-content\/uploads\/2019\/03\/DSC_0044.jpg","datePublished":"2019-03-23T02:45:59+00:00","author":{"@id":"https:\/\/gentedebasquet.com.ar\/sitio\/#\/schema\/person\/ca0b63bbb977369988a7bbbdc519943a"},"breadcrumb":{"@id":"https:\/\/gentedebasquet.com.ar\/sitio\/2019\/03\/22\/firme-primer-paso-3\/#breadcrumb"},"inLanguage":"es","potentialAction":[{"@type":"ReadAction","target":["https:\/\/gentedebasquet.com.ar\/sitio\/2019\/03\/22\/firme-primer-paso-3\/"]}]},{"@type":"ImageObject","inLanguage":"es","@id":"https:\/\/gentedebasquet.com.ar\/sitio\/2019\/03\/22\/firme-primer-paso-3\/#primaryimage","url":"http:\/\/gentedebasquet.com.ar\/sitio\/wp-content\/uploads\/2019\/03\/DSC_0044.jpg","contentUrl":"http:\/\/gentedebasquet.com.ar\/sitio\/wp-content\/uploads\/2019\/03\/DSC_0044.jpg","width":690,"height":319},{"@type":"BreadcrumbList","@id":"https:\/\/gentedebasquet.com.ar\/sitio\/2019\/03\/22\/firme-primer-paso-3\/#breadcrumb","itemListElement":[{"@type":"ListItem","position":1,"name":"Portada","item":"https:\/\/gentedebasquet.com.ar\/sitio\/"},{"@type":"ListItem","position":2,"name":"Firme primer paso"}]},{"@type":"WebSite","@id":"https:\/\/gentedebasquet.com.ar\/sitio\/#website","url":"https:\/\/gentedebasquet.com.ar\/sitio\/","name":"Gente de B\u00e1squet","description":"La revista del basquet de Bah\u00eda Blanca","potentialAction":[{"@type":"SearchAction","target":{"@type":"EntryPoint","urlTemplate":"https:\/\/gentedebasquet.com.ar\/sitio\/?s={search_term_string}"},"query-input":{"@type":"PropertyValueSpecification","valueRequired":true,"valueName":"search_term_string"}}],"inLanguage":"es"},{"@type":"Person","@id":"https:\/\/gentedebasquet.com.ar\/sitio\/#\/schema\/person\/ca0b63bbb977369988a7bbbdc519943a","name":"Gente de B\u00e1squet","image":{"@type":"ImageObject","inLanguage":"es","@id":"https:\/\/secure.gravatar.com\/avatar\/7f2c48bdc33b30088f941fb6082e555f2874c98e20cb159d7b92b50eadfce793?s=96&d=mm&r=g","url":"https:\/\/secure.gravatar.com\/avatar\/7f2c48bdc33b30088f941fb6082e555f2874c98e20cb159d7b92b50eadfce793?s=96&d=mm&r=g","contentUrl":"https:\/\/secure.gravatar.com\/avatar\/7f2c48bdc33b30088f941fb6082e555f2874c98e20cb159d7b92b50eadfce793?s=96&d=mm&r=g","caption":"Gente de B\u00e1squet"},"sameAs":["http:\/\/gentedebasquet.com.ar\/sitio"],"url":"http:\/\/gentedebasquet.com.ar\/sitio\/author\/ulises\/"}]}},"_links":{"self":[{"href":"http:\/\/gentedebasquet.com.ar\/sitio\/wp-json\/wp\/v2\/posts\/91534","targetHints":{"allow":["GET"]}}],"collection":[{"href":"http:\/\/gentedebasquet.com.ar\/sitio\/wp-json\/wp\/v2\/posts"}],"about":[{"href":"http:\/\/gentedebasquet.com.ar\/sitio\/wp-json\/wp\/v2\/types\/post"}],"author":[{"embeddable":true,"href":"http:\/\/gentedebasquet.com.ar\/sitio\/wp-json\/wp\/v2\/users\/1"}],"replies":[{"embeddable":true,"href":"http:\/\/gentedebasquet.com.ar\/sitio\/wp-json\/wp\/v2\/comments?post=91534"}],"version-history":[{"count":0,"href":"http:\/\/gentedebasquet.com.ar\/sitio\/wp-json\/wp\/v2\/posts\/91534\/revisions"}],"wp:featuredmedia":[{"embeddable":true,"href":"http:\/\/gentedebasquet.com.ar\/sitio\/wp-json\/wp\/v2\/media\/91624"}],"wp:attachment":[{"href":"http:\/\/gentedebasquet.com.ar\/sitio\/wp-json\/wp\/v2\/media?parent=91534"}],"wp:term":[{"taxonomy":"category","embeddable":true,"href":"http:\/\/gentedebasquet.com.ar\/sitio\/wp-json\/wp\/v2\/categories?post=91534"},{"taxonomy":"post_tag","embeddable":true,"href":"http:\/\/gentedebasquet.com.ar\/sitio\/wp-json\/wp\/v2\/tags?post=91534"}],"curies":[{"name":"wp","href":"https:\/\/api.w.org\/{rel}","templated":true}]}}