{"id":92325,"date":"2019-04-12T23:32:38","date_gmt":"2019-04-13T02:32:38","guid":{"rendered":"http:\/\/www.gentedebasquet.com.ar\/?p=92325"},"modified":"2019-04-12T23:32:38","modified_gmt":"2019-04-13T02:32:38","slug":"primera-alegria-en-casa","status":"publish","type":"post","link":"http:\/\/gentedebasquet.com.ar\/sitio\/2019\/04\/12\/primera-alegria-en-casa\/","title":{"rendered":"Primera alegr\u00eda en casa"},"content":{"rendered":"<p><strong>En un partido que no quedar\u00e1 en el recuerdo de nadie, Velocidad hizo su negocio al batir a Sportivo Bahiense por 70 a 67, tras igualar el tiempo regular en 59.<\/strong><\/p>\n<p><strong>Dentro del barullo, la visita fue \u00abmejor\u00bb en los primeros 8m23s de juego, tomando la delantera (8-13) con Tajan (8) como eje. Posteriormente, Velo hall\u00f3 triples de Lera y Vecchi, m\u00e1s el continuo goleo de Susbielles, pudiendo darlo vuelta: 30-24, a 1m08s del entretiempo.<\/strong><\/p>\n<p><strong>Ya en el 3\u00baC, mientras el desarrollo continu\u00f3 siendo poco vistoso, entrecortado (52 faltas), con muchas p\u00e9rdidas y tiros malogrados, con granada de Bisterfeld el local estir\u00f3 a 35-27, No obstante, el tricolor subi\u00f3 la presi\u00f3n y mejor\u00f3 la actitud con la presencia de Goenaga (9), no s\u00f3lo logrando recortar, sino volviendo a liderar: 40-45, en la recta final.<\/strong><\/p>\n<p><strong>En los albores del 4\u00baC todo se emparej\u00f3 y se alternaron el predominio, hasta que Sportivo estuvo arriba 52-55 a 2m20s con gol de Tajan, 54-57 a 1m01s tras ofensivo de Goenaga y 57-59 con sendos simples de Sastre. Aunque el azulgrana hall\u00f3 un triple clave de Fornetti y un ofensivo de Bisterfeld que determinaron el tiempo suplementario.<\/strong><\/p>\n<p><strong>All\u00ed, Sportivo volvi\u00f3 a primerear: 59-63 con el par de libres de Gutt, 61-66 con doble+adicional de Tajan y 65-67 con 1-2 t1 de Gutt, a 1m49s. Pese a ello, Lera mand\u00f3 a archivar un triplazo de frente (68-67) a 1m35s y, luego de robarla Susbielles, sentenci\u00f3 la bandeja de zurda a 1m14s que finalmente pint\u00f3 el 70-67 definitorio.<\/strong><\/p>\n<p><img decoding=\"async\" class=\"aligncenter size-full wp-image-91595\" src=\"http:\/\/www.gentedebasquet.com.ar\/wp-content\/uploads\/2019\/03\/Publicidad-Interior-2019-D.jpg\" alt=\"\" width=\"600\" height=\"500\" srcset=\"http:\/\/gentedebasquet.com.ar\/sitio\/wp-content\/uploads\/2019\/03\/Publicidad-Interior-2019-D.jpg 600w, http:\/\/gentedebasquet.com.ar\/sitio\/wp-content\/uploads\/2019\/03\/Publicidad-Interior-2019-D-300x250.jpg 300w\" sizes=\"(max-width: 600px) 100vw, 600px\" \/><\/p>\n<p>\u00abMe toc\u00f3 a m\u00ed meter las dos \u00faltimas bolas, pero este equipo tiene jugadores donde cualquiera lo puede hacer. Buscamos un juego fluido y en eso estamos basando el trabajo. Ven\u00edamos de un bache importante, necesit\u00e1bamos salir y ahora le apuntamos al martes, contra Altense. El equipo y la idea la tenemos, ahora queda ir adapt\u00e1ndonos a lo que quiere el entrenador y ver c\u00f3mo nos acoplamos. Igual, hay que ir ganando como sea\u00bb, admiti\u00f3 <strong>Alan Lera (Velocidad).<\/strong><\/p>\n<p><a href=\"http:\/\/www.gentedebasquet.com.ar\/wp-content\/uploads\/2019\/04\/2.jpg\"><img decoding=\"async\" class=\"alignnone wp-image-92353 size-full\" src=\"http:\/\/www.gentedebasquet.com.ar\/wp-content\/uploads\/2019\/04\/2.jpg\" alt=\"\" width=\"600\" height=\"400\" srcset=\"http:\/\/gentedebasquet.com.ar\/sitio\/wp-content\/uploads\/2019\/04\/2.jpg 600w, http:\/\/gentedebasquet.com.ar\/sitio\/wp-content\/uploads\/2019\/04\/2-300x200.jpg 300w\" sizes=\"(max-width: 600px) 100vw, 600px\" \/><\/a><\/p>\n<table border=\"2\" width=\"100%\">\n<tbody>\n<tr>\n<td align=\"center\" bgcolor=\"#1c3460\"><span style=\"color: #ffffff; font-family: tahoma, verdana, arial, helvetica, sans-serif; font-size: small;\"><strong>AN\u00c1LISIS<\/strong><\/span><\/td>\n<\/tr>\n<\/tbody>\n<\/table>\n<table border=\"2\" width=\"100%\">\n<tbody>\n<tr>\n<td align=\"center\" bgcolor=\"#e87006\"><span style=\"color: #000000; font-family: tahoma, verdana, arial, helvetica, sans-serif; font-size: small;\"><strong>&#8211;<\/strong><\/span><\/td>\n<td align=\"center\" bgcolor=\"#e87006\"><span style=\"color: #000000; font-family: tahoma, verdana, arial, helvetica, sans-serif; font-size: small;\"><strong>&#8211;<\/strong><\/span><\/td>\n<\/tr>\n<tr>\n<td align=\"center\" bgcolor=\"#ffffff\"><img decoding=\"async\" class=\"aligncenter size-full wp-image-91369\" src=\"http:\/\/www.gentedebasquet.com.ar\/wp-content\/uploads\/2019\/03\/Clave-2019.jpg\" alt=\"\" width=\"50\" height=\"50\" \/><\/td>\n<td align=\"center\" bgcolor=\"#ffffff\"><span style=\"font-family: tahoma, verdana, arial, helvetica, sans-serif; font-size: small;\">La actuaci\u00f3n en general de Susbielles. Tambi\u00e9n, el triple de Fornetti a 50s de cerrarse el tiempo regular para igualarlo en 57 y el recobre ofensivo, m\u00e1s gol, de Bisterfeld a 23s para el 59-59 con que accedieron al extra. Despu\u00e9s, el par de acciones vitales del puntaltense Alan Lera en el momento m\u00e1s caliente, para asegurarle la victoria al azulgrana.\u00a0<\/span><\/td>\n<\/tr>\n<tr>\n<td align=\"center\" bgcolor=\"#ffffff\"><img decoding=\"async\" class=\"aligncenter size-full wp-image-91368\" src=\"http:\/\/www.gentedebasquet.com.ar\/wp-content\/uploads\/2019\/03\/Cierre-2019.jpg\" alt=\"\" width=\"50\" height=\"50\" \/><\/td>\n<td align=\"center\" bgcolor=\"#ffffff\"><span style=\"font-family: tahoma, verdana, arial, helvetica, sans-serif; font-size: small;\">A 1m49s, Gutt hizo 1-2 t1 y arriba Sportivo (65-67). Sin embargo, surgi\u00f3 el unipersonal de Alan Lera: triple de frente a 1m25s (68-67) y la \u00faltima bandeja a 1m14s (70-67). Todo definido.<\/span><\/td>\n<\/tr>\n<tr>\n<td align=\"center\" bgcolor=\"#ffffff\"><img decoding=\"async\" class=\"aligncenter size-full wp-image-91370\" src=\"http:\/\/www.gentedebasquet.com.ar\/wp-content\/uploads\/2019\/03\/Dato-2019.jpg\" alt=\"\" width=\"50\" height=\"50\" \/><\/td>\n<td align=\"center\" bgcolor=\"#ffffff\"><span style=\"font-family: tahoma, verdana, arial, helvetica, sans-serif; font-size: small;\">Velocidad tuvo 50% en tiros libres (11-22), perdi\u00f3 a dos elementos preciados por faltas y triunf\u00f3 igual. En Sportivo, el 28 quedar\u00e1 habilitado para retornar Joaqu\u00edn Tuero, hoy ya acompa\u00f1ando al grupo en el banco de suplentes.<\/span><\/td>\n<\/tr>\n<tr>\n<td align=\"center\" bgcolor=\"#1c3460\"><span style=\"font-family: tahoma, verdana, arial, helvetica, sans-serif; font-size: small;\">************<\/span><\/td>\n<td align=\"center\" bgcolor=\"#1c3460\"><span style=\"font-family: tahoma, verdana, arial, helvetica, sans-serif; font-size: small;\">********************************************************<\/span><\/td>\n<\/tr>\n<\/tbody>\n<\/table>\n<p>&nbsp;<\/p>\n<p><iframe loading=\"lazy\" src=\"https:\/\/www.youtube.com\/embed\/BNGDmDi7dus\" width=\"560\" height=\"315\" frameborder=\"0\" allowfullscreen=\"allowfullscreen\"><\/iframe><\/p>\n<p><strong>S\u00edntesis |<\/strong>\u00a0Segunda Divisi\u00f3n \u2013 Fecha #4<\/p>\n<p><strong>Velocidad 70:<\/strong> Sebasti\u00e1n Susbielles 23, Mariano Morando 3 (x), Mat\u00edas Fornetti 10, Cristian Bisterfeld 12, Bruno Ferrandi 0 (x), (FI); Luciano Vecchi 10, Alan Lera 12, Federico Congos 0 y Cristian Stegmann 0. DT: Gustavo Candia.<\/p>\n<p><strong>Sportivo Bahiense 67:\u00a0<\/strong>Santiago Sim\u00f3n 3 (x), Juli\u00e1n Gutt 3, Yoel Asnaghi 0, Tom\u00e1s Taj\u00e1n 25, Facundo Goenaga 13, (FI); Facundo Sastre 10 (x), Miguel Garc\u00eda 7, Luciano Temporelli 0, Lucas Santarelli 5, Mart\u00edn Villoldo 1, Nicol\u00e1s Mart\u00ednez 0 y Joaqu\u00edn Zua\u00edn 0. DT: Miguel Loffredo.<\/p>\n<p><strong>Parciales:\u00a0<\/strong>12-14, 30-27 (18-13), 41-46 (11-19) y 59-59 (18-13).<\/p>\n<p><strong>Suplementario:<\/strong> 70-67 (11-8).<\/p>\n<p><strong>\u00c1rbitros:\u00a0<\/strong>Marjorie Stuardo &#8211; Mariano Enrique &#8211; Lucas Gonz\u00e1lez.<\/p>\n<p><strong>Estadio:\u00a0<\/strong>Pedro S\u00e1nchez (club Velocidad).<\/p>\n<p><a class=\"modalf iframe\" title=\"Planilla\" href=\"https:\/\/docs.google.com\/spreadsheets\/d\/e\/2PACX-1vTqwR-4oCgqfFTqxIdFTtz09Yny734vO_pFhJkbH3-eCmeFQiOh9rgS6rPdGW_KeiUA7o3P7iGtSgeo\/pubhtml\" target=\"_blank\" rel=\"noopener\">Ver Planilla<\/a><\/p>\n<table border=\"2\" width=\"100%\">\n<tbody>\n<tr>\n<td align=\"center\" bgcolor=\"#1c3460\"><span style=\"color: #ffffff; font-family: tahoma, verdana, arial, helvetica, sans-serif; font-size: small;\"><strong>LOS + Y LOS &#8211;<\/strong><\/span><\/td>\n<\/tr>\n<\/tbody>\n<\/table>\n<table border=\"3\" width=\"100%\">\n<tbody>\n<tr>\n<td align=\"center\" bgcolor=\"#ffffff\"><img decoding=\"async\" class=\"aligncenter size-full wp-image-91372\" src=\"http:\/\/www.gentedebasquet.com.ar\/wp-content\/uploads\/2019\/03\/Podio-1.jpg\" alt=\"\" width=\"50\" height=\"50\" \/><\/td>\n<td align=\"center\" bgcolor=\"#ffffff\"><span style=\"font-family: tahoma, verdana, arial, helvetica, sans-serif; font-size: small;\">Sebasti\u00e1n SUSBIELLES\u00a0<\/span><\/td>\n<td align=\"center\" bgcolor=\"#ffffff\"><span style=\"font-family: tahoma, verdana, arial, helvetica, sans-serif; font-size: small;\">El mejor partido del a\u00f1o para Capocha: 23 puntos, 4 as, 6 robos y 28 de val. Tuvo un rendimiento equilibrado durante todo el juego y fue la figura del vencedor.<\/span><\/td>\n<\/tr>\n<tr>\n<td align=\"center\" bgcolor=\"#ffffff\"><img decoding=\"async\" class=\"aligncenter size-full wp-image-91373\" src=\"http:\/\/www.gentedebasquet.com.ar\/wp-content\/uploads\/2019\/03\/Podio-2.jpg\" alt=\"\" width=\"50\" height=\"50\" \/><\/td>\n<td align=\"center\" bgcolor=\"#ffffff\"><span style=\"font-family: tahoma, verdana, arial, helvetica, sans-serif; font-size: small;\">Cristian BISTERFELD<\/span><\/td>\n<td align=\"center\" bgcolor=\"#ffffff\"><span style=\"font-family: tahoma, verdana, arial, helvetica, sans-serif; font-size: small;\">Siempre est\u00e1 el Ruso. Tuvo otra performance global con doble-doble (12 pts+10 reb), 7 recibidas y 17 de coeficiente.\u00a0<\/span><\/td>\n<\/tr>\n<tr>\n<td align=\"center\" bgcolor=\"#ffffff\"><img decoding=\"async\" class=\"aligncenter size-full wp-image-91374\" src=\"http:\/\/www.gentedebasquet.com.ar\/wp-content\/uploads\/2019\/03\/Podio-3.jpg\" alt=\"\" width=\"50\" height=\"50\" \/><\/td>\n<td align=\"center\" bgcolor=\"#ffffff\"><span style=\"font-family: tahoma, verdana, arial, helvetica, sans-serif; font-size: small;\">Tom\u00e1s TAJ\u00c1N<\/span><\/td>\n<td align=\"center\" bgcolor=\"#ffffff\"><span style=\"font-family: tahoma, verdana, arial, helvetica, sans-serif; font-size: small;\">Lejos, lo m\u00e1s positivo del visitante. Encest\u00f3 25 unidades (0-1 t3, 8-9 t2 y 9-11 t1) fallando muy poco y tambi\u00e9n arroj\u00f3 28 de valoraci\u00f3n. No le encontraron la vuelta&#8230;<\/span><\/td>\n<\/tr>\n<tr>\n<td align=\"center\" bgcolor=\"#1c3460\"><span style=\"font-family: tahoma, verdana, arial, helvetica, sans-serif; font-size: small;\">***<\/span><\/td>\n<td align=\"center\" bgcolor=\"#1c3460\"><span style=\"font-family: tahoma, verdana, arial, helvetica, sans-serif; font-size: small;\">********************<\/span><\/td>\n<td align=\"center\" bgcolor=\"#1c3460\"><span style=\"font-family: tahoma, verdana, arial, helvetica, sans-serif; font-size: small;\">***************************************<\/span><\/td>\n<\/tr>\n<tr>\n<td align=\"center\" bgcolor=\"#ffffff\"><img decoding=\"async\" class=\"aligncenter size-full wp-image-91375\" src=\"http:\/\/www.gentedebasquet.com.ar\/wp-content\/uploads\/2019\/03\/Podio-4.jpg\" alt=\"\" width=\"50\" height=\"50\" \/><\/td>\n<td align=\"center\" bgcolor=\"#ffffff\"><span style=\"font-family: tahoma, verdana, arial, helvetica, sans-serif; font-size: small;\">Mariano MORANDO<\/span><\/td>\n<td align=\"center\" bgcolor=\"#ffffff\"><span style=\"font-family: tahoma, verdana, arial, helvetica, sans-serif; font-size: small;\">No engran\u00f3 nunca y fall\u00f3 casi todo: 1-10 de cancha, m\u00e1s 5 faltas. Lo salvaron los 7 rebotes&#8230;<\/span><\/td>\n<\/tr>\n<tr>\n<td align=\"center\" bgcolor=\"#ffffff\"><img decoding=\"async\" class=\"aligncenter size-full wp-image-91375\" src=\"http:\/\/www.gentedebasquet.com.ar\/wp-content\/uploads\/2019\/03\/Podio-4.jpg\" alt=\"\" width=\"50\" height=\"50\" \/><\/td>\n<td align=\"center\" bgcolor=\"#ffffff\"><span style=\"font-family: tahoma, verdana, arial, helvetica, sans-serif; font-size: small;\">Yoel ASNAGHI<\/span><\/td>\n<td align=\"center\" bgcolor=\"#ffffff\"><span style=\"font-family: tahoma, verdana, arial, helvetica, sans-serif; font-size: small;\">Se retir\u00f3 del estadio sin convertir: 0-5 TC, cuando a\u00f1os atr\u00e1s fue clave su rol ofensivo. \u00a1A levantar!<\/span><\/td>\n<\/tr>\n<tr>\n<td align=\"center\" bgcolor=\"#1c3460\"><span style=\"font-family: tahoma, verdana, arial, helvetica, sans-serif; font-size: small;\">***<\/span><\/td>\n<td align=\"center\" bgcolor=\"#1c3460\"><span style=\"font-family: tahoma, verdana, arial, helvetica, sans-serif; font-size: small;\">********************<\/span><\/td>\n<td align=\"center\" bgcolor=\"#1c3460\"><span style=\"font-family: tahoma, verdana, arial, helvetica, sans-serif; font-size: small;\">************************************<\/span><\/td>\n<\/tr>\n<\/tbody>\n<\/table>\n<p><a href=\"http:\/\/www.gentedebasquet.com.ar\/wp-content\/uploads\/2019\/04\/3.jpg\"><img decoding=\"async\" class=\"alignnone wp-image-92354 size-full\" src=\"http:\/\/www.gentedebasquet.com.ar\/wp-content\/uploads\/2019\/04\/3.jpg\" alt=\"\" width=\"640\" height=\"480\" srcset=\"http:\/\/gentedebasquet.com.ar\/sitio\/wp-content\/uploads\/2019\/04\/3.jpg 640w, http:\/\/gentedebasquet.com.ar\/sitio\/wp-content\/uploads\/2019\/04\/3-300x225.jpg 300w\" sizes=\"(max-width: 640px) 100vw, 640px\" \/><\/a><\/p>\n<p><a href=\"http:\/\/www.gentedebasquet.com.ar\/llegaron-las-predicciones\/\" target=\"_blank\" rel=\"noopener\"><img decoding=\"async\" class=\"aligncenter size-full wp-image-92132\" src=\"http:\/\/www.gentedebasquet.com.ar\/wp-content\/uploads\/2019\/04\/Predicciones-2019-WEB.jpg\" alt=\"\" width=\"728\" height=\"90\" srcset=\"http:\/\/gentedebasquet.com.ar\/sitio\/wp-content\/uploads\/2019\/04\/Predicciones-2019-WEB.jpg 728w, http:\/\/gentedebasquet.com.ar\/sitio\/wp-content\/uploads\/2019\/04\/Predicciones-2019-WEB-300x37.jpg 300w\" sizes=\"(max-width: 728px) 100vw, 728px\" \/><\/a><\/p>\n","protected":false},"excerpt":{"rendered":"<p>En suplementario, Velocidad super\u00f3 a Sportivo Bahiense por 70 a 67<\/p>\n","protected":false},"author":1,"featured_media":92345,"comment_status":"closed","ping_status":"open","sticky":false,"template":"","format":"standard","meta":{"jnews-multi-image_gallery":[],"jnews_single_post":[],"jnews_primary_category":[],"footnotes":""},"categories":[25,101],"tags":[478,1107,316,1246,1545,588,20,240,589],"class_list":["post-92325","post","type-post","status-publish","format-standard","has-post-thumbnail","hentry","category-segunda","category-slide","tag-alan-lera","tag-cristian-bisterfeld","tag-facundo-goenaga","tag-facundo-sastre","tag-matias-fornetti","tag-sebastian-susbielles","tag-sportivo-bahiense","tag-tomas-tajan","tag-velocidad-y-resistencia"],"yoast_head":"<!-- This site is optimized with the Yoast SEO plugin v27.5 - https:\/\/yoast.com\/product\/yoast-seo-wordpress\/ -->\n<title>Primera alegr\u00eda en casa - Gente de B\u00e1squet<\/title>\n<meta name=\"robots\" content=\"index, follow, max-snippet:-1, max-image-preview:large, max-video-preview:-1\" \/>\n<link rel=\"canonical\" href=\"http:\/\/gentedebasquet.com.ar\/sitio\/2019\/04\/12\/primera-alegria-en-casa\/\" \/>\n<meta property=\"og:locale\" content=\"es_ES\" \/>\n<meta property=\"og:type\" content=\"article\" \/>\n<meta property=\"og:title\" content=\"Primera alegr\u00eda en casa - Gente de B\u00e1squet\" \/>\n<meta property=\"og:description\" content=\"En suplementario, Velocidad super\u00f3 a Sportivo Bahiense por 70 a 67\" \/>\n<meta property=\"og:url\" content=\"http:\/\/gentedebasquet.com.ar\/sitio\/2019\/04\/12\/primera-alegria-en-casa\/\" \/>\n<meta property=\"og:site_name\" content=\"Gente de B\u00e1squet\" \/>\n<meta property=\"article:published_time\" content=\"2019-04-13T02:32:38+00:00\" \/>\n<meta property=\"og:image\" content=\"http:\/\/gentedebasquet.com.ar\/sitio\/wp-content\/uploads\/2019\/04\/1a-1.jpg\" \/>\n\t<meta property=\"og:image:width\" content=\"690\" \/>\n\t<meta property=\"og:image:height\" content=\"319\" \/>\n\t<meta property=\"og:image:type\" content=\"image\/jpeg\" \/>\n<meta name=\"author\" content=\"Gente de B\u00e1squet\" \/>\n<meta name=\"twitter:card\" content=\"summary_large_image\" \/>\n<meta name=\"twitter:label1\" content=\"Escrito por\" \/>\n\t<meta name=\"twitter:data1\" content=\"Gente de B\u00e1squet\" \/>\n\t<meta name=\"twitter:label2\" content=\"Tiempo de lectura\" \/>\n\t<meta name=\"twitter:data2\" content=\"4 minutos\" \/>\n<script type=\"application\/ld+json\" class=\"yoast-schema-graph\">{\"@context\":\"https:\\\/\\\/schema.org\",\"@graph\":[{\"@type\":\"Article\",\"@id\":\"http:\\\/\\\/gentedebasquet.com.ar\\\/sitio\\\/2019\\\/04\\\/12\\\/primera-alegria-en-casa\\\/#article\",\"isPartOf\":{\"@id\":\"http:\\\/\\\/gentedebasquet.com.ar\\\/sitio\\\/2019\\\/04\\\/12\\\/primera-alegria-en-casa\\\/\"},\"author\":{\"name\":\"Gente de B\u00e1squet\",\"@id\":\"https:\\\/\\\/gentedebasquet.com.ar\\\/sitio\\\/#\\\/schema\\\/person\\\/ca0b63bbb977369988a7bbbdc519943a\"},\"headline\":\"Primera alegr\u00eda en casa\",\"datePublished\":\"2019-04-13T02:32:38+00:00\",\"mainEntityOfPage\":{\"@id\":\"http:\\\/\\\/gentedebasquet.com.ar\\\/sitio\\\/2019\\\/04\\\/12\\\/primera-alegria-en-casa\\\/\"},\"wordCount\":723,\"image\":{\"@id\":\"http:\\\/\\\/gentedebasquet.com.ar\\\/sitio\\\/2019\\\/04\\\/12\\\/primera-alegria-en-casa\\\/#primaryimage\"},\"thumbnailUrl\":\"http:\\\/\\\/gentedebasquet.com.ar\\\/sitio\\\/wp-content\\\/uploads\\\/2019\\\/04\\\/1a-1.jpg\",\"keywords\":[\"Alan Lera\",\"Cristian Bisterfeld\",\"Facundo Goenaga\",\"Facundo Sastre\",\"Mat\u00edas Fornetti\",\"Sebasti\u00e1n Susbielles\",\"Sportivo Bahiense\",\"Tom\u00e1s Tajan\",\"Velocidad y Resistencia\"],\"articleSection\":[\"Segunda\",\"Slide\"],\"inLanguage\":\"es\"},{\"@type\":\"WebPage\",\"@id\":\"http:\\\/\\\/gentedebasquet.com.ar\\\/sitio\\\/2019\\\/04\\\/12\\\/primera-alegria-en-casa\\\/\",\"url\":\"http:\\\/\\\/gentedebasquet.com.ar\\\/sitio\\\/2019\\\/04\\\/12\\\/primera-alegria-en-casa\\\/\",\"name\":\"Primera alegr\u00eda en casa - Gente de B\u00e1squet\",\"isPartOf\":{\"@id\":\"https:\\\/\\\/gentedebasquet.com.ar\\\/sitio\\\/#website\"},\"primaryImageOfPage\":{\"@id\":\"http:\\\/\\\/gentedebasquet.com.ar\\\/sitio\\\/2019\\\/04\\\/12\\\/primera-alegria-en-casa\\\/#primaryimage\"},\"image\":{\"@id\":\"http:\\\/\\\/gentedebasquet.com.ar\\\/sitio\\\/2019\\\/04\\\/12\\\/primera-alegria-en-casa\\\/#primaryimage\"},\"thumbnailUrl\":\"http:\\\/\\\/gentedebasquet.com.ar\\\/sitio\\\/wp-content\\\/uploads\\\/2019\\\/04\\\/1a-1.jpg\",\"datePublished\":\"2019-04-13T02:32:38+00:00\",\"author\":{\"@id\":\"https:\\\/\\\/gentedebasquet.com.ar\\\/sitio\\\/#\\\/schema\\\/person\\\/ca0b63bbb977369988a7bbbdc519943a\"},\"breadcrumb\":{\"@id\":\"http:\\\/\\\/gentedebasquet.com.ar\\\/sitio\\\/2019\\\/04\\\/12\\\/primera-alegria-en-casa\\\/#breadcrumb\"},\"inLanguage\":\"es\",\"potentialAction\":[{\"@type\":\"ReadAction\",\"target\":[\"http:\\\/\\\/gentedebasquet.com.ar\\\/sitio\\\/2019\\\/04\\\/12\\\/primera-alegria-en-casa\\\/\"]}]},{\"@type\":\"ImageObject\",\"inLanguage\":\"es\",\"@id\":\"http:\\\/\\\/gentedebasquet.com.ar\\\/sitio\\\/2019\\\/04\\\/12\\\/primera-alegria-en-casa\\\/#primaryimage\",\"url\":\"http:\\\/\\\/gentedebasquet.com.ar\\\/sitio\\\/wp-content\\\/uploads\\\/2019\\\/04\\\/1a-1.jpg\",\"contentUrl\":\"http:\\\/\\\/gentedebasquet.com.ar\\\/sitio\\\/wp-content\\\/uploads\\\/2019\\\/04\\\/1a-1.jpg\",\"width\":690,\"height\":319},{\"@type\":\"BreadcrumbList\",\"@id\":\"http:\\\/\\\/gentedebasquet.com.ar\\\/sitio\\\/2019\\\/04\\\/12\\\/primera-alegria-en-casa\\\/#breadcrumb\",\"itemListElement\":[{\"@type\":\"ListItem\",\"position\":1,\"name\":\"Portada\",\"item\":\"https:\\\/\\\/gentedebasquet.com.ar\\\/sitio\\\/\"},{\"@type\":\"ListItem\",\"position\":2,\"name\":\"Primera alegr\u00eda en casa\"}]},{\"@type\":\"WebSite\",\"@id\":\"https:\\\/\\\/gentedebasquet.com.ar\\\/sitio\\\/#website\",\"url\":\"https:\\\/\\\/gentedebasquet.com.ar\\\/sitio\\\/\",\"name\":\"Gente de B\u00e1squet\",\"description\":\"La revista del basquet de Bah\u00eda Blanca\",\"potentialAction\":[{\"@type\":\"SearchAction\",\"target\":{\"@type\":\"EntryPoint\",\"urlTemplate\":\"https:\\\/\\\/gentedebasquet.com.ar\\\/sitio\\\/?s={search_term_string}\"},\"query-input\":{\"@type\":\"PropertyValueSpecification\",\"valueRequired\":true,\"valueName\":\"search_term_string\"}}],\"inLanguage\":\"es\"},{\"@type\":\"Person\",\"@id\":\"https:\\\/\\\/gentedebasquet.com.ar\\\/sitio\\\/#\\\/schema\\\/person\\\/ca0b63bbb977369988a7bbbdc519943a\",\"name\":\"Gente de B\u00e1squet\",\"image\":{\"@type\":\"ImageObject\",\"inLanguage\":\"es\",\"@id\":\"https:\\\/\\\/secure.gravatar.com\\\/avatar\\\/7f2c48bdc33b30088f941fb6082e555f2874c98e20cb159d7b92b50eadfce793?s=96&d=mm&r=g\",\"url\":\"https:\\\/\\\/secure.gravatar.com\\\/avatar\\\/7f2c48bdc33b30088f941fb6082e555f2874c98e20cb159d7b92b50eadfce793?s=96&d=mm&r=g\",\"contentUrl\":\"https:\\\/\\\/secure.gravatar.com\\\/avatar\\\/7f2c48bdc33b30088f941fb6082e555f2874c98e20cb159d7b92b50eadfce793?s=96&d=mm&r=g\",\"caption\":\"Gente de B\u00e1squet\"},\"sameAs\":[\"http:\\\/\\\/gentedebasquet.com.ar\\\/sitio\"],\"url\":\"http:\\\/\\\/gentedebasquet.com.ar\\\/sitio\\\/author\\\/ulises\\\/\"}]}<\/script>\n<!-- \/ Yoast SEO plugin. -->","yoast_head_json":{"title":"Primera alegr\u00eda en casa - Gente de B\u00e1squet","robots":{"index":"index","follow":"follow","max-snippet":"max-snippet:-1","max-image-preview":"max-image-preview:large","max-video-preview":"max-video-preview:-1"},"canonical":"http:\/\/gentedebasquet.com.ar\/sitio\/2019\/04\/12\/primera-alegria-en-casa\/","og_locale":"es_ES","og_type":"article","og_title":"Primera alegr\u00eda en casa - Gente de B\u00e1squet","og_description":"En suplementario, Velocidad super\u00f3 a Sportivo Bahiense por 70 a 67","og_url":"http:\/\/gentedebasquet.com.ar\/sitio\/2019\/04\/12\/primera-alegria-en-casa\/","og_site_name":"Gente de B\u00e1squet","article_published_time":"2019-04-13T02:32:38+00:00","og_image":[{"width":690,"height":319,"url":"http:\/\/gentedebasquet.com.ar\/sitio\/wp-content\/uploads\/2019\/04\/1a-1.jpg","type":"image\/jpeg"}],"author":"Gente de B\u00e1squet","twitter_card":"summary_large_image","twitter_misc":{"Escrito por":"Gente de B\u00e1squet","Tiempo de lectura":"4 minutos"},"schema":{"@context":"https:\/\/schema.org","@graph":[{"@type":"Article","@id":"http:\/\/gentedebasquet.com.ar\/sitio\/2019\/04\/12\/primera-alegria-en-casa\/#article","isPartOf":{"@id":"http:\/\/gentedebasquet.com.ar\/sitio\/2019\/04\/12\/primera-alegria-en-casa\/"},"author":{"name":"Gente de B\u00e1squet","@id":"https:\/\/gentedebasquet.com.ar\/sitio\/#\/schema\/person\/ca0b63bbb977369988a7bbbdc519943a"},"headline":"Primera alegr\u00eda en casa","datePublished":"2019-04-13T02:32:38+00:00","mainEntityOfPage":{"@id":"http:\/\/gentedebasquet.com.ar\/sitio\/2019\/04\/12\/primera-alegria-en-casa\/"},"wordCount":723,"image":{"@id":"http:\/\/gentedebasquet.com.ar\/sitio\/2019\/04\/12\/primera-alegria-en-casa\/#primaryimage"},"thumbnailUrl":"http:\/\/gentedebasquet.com.ar\/sitio\/wp-content\/uploads\/2019\/04\/1a-1.jpg","keywords":["Alan Lera","Cristian Bisterfeld","Facundo Goenaga","Facundo Sastre","Mat\u00edas Fornetti","Sebasti\u00e1n Susbielles","Sportivo Bahiense","Tom\u00e1s Tajan","Velocidad y Resistencia"],"articleSection":["Segunda","Slide"],"inLanguage":"es"},{"@type":"WebPage","@id":"http:\/\/gentedebasquet.com.ar\/sitio\/2019\/04\/12\/primera-alegria-en-casa\/","url":"http:\/\/gentedebasquet.com.ar\/sitio\/2019\/04\/12\/primera-alegria-en-casa\/","name":"Primera alegr\u00eda en casa - Gente de B\u00e1squet","isPartOf":{"@id":"https:\/\/gentedebasquet.com.ar\/sitio\/#website"},"primaryImageOfPage":{"@id":"http:\/\/gentedebasquet.com.ar\/sitio\/2019\/04\/12\/primera-alegria-en-casa\/#primaryimage"},"image":{"@id":"http:\/\/gentedebasquet.com.ar\/sitio\/2019\/04\/12\/primera-alegria-en-casa\/#primaryimage"},"thumbnailUrl":"http:\/\/gentedebasquet.com.ar\/sitio\/wp-content\/uploads\/2019\/04\/1a-1.jpg","datePublished":"2019-04-13T02:32:38+00:00","author":{"@id":"https:\/\/gentedebasquet.com.ar\/sitio\/#\/schema\/person\/ca0b63bbb977369988a7bbbdc519943a"},"breadcrumb":{"@id":"http:\/\/gentedebasquet.com.ar\/sitio\/2019\/04\/12\/primera-alegria-en-casa\/#breadcrumb"},"inLanguage":"es","potentialAction":[{"@type":"ReadAction","target":["http:\/\/gentedebasquet.com.ar\/sitio\/2019\/04\/12\/primera-alegria-en-casa\/"]}]},{"@type":"ImageObject","inLanguage":"es","@id":"http:\/\/gentedebasquet.com.ar\/sitio\/2019\/04\/12\/primera-alegria-en-casa\/#primaryimage","url":"http:\/\/gentedebasquet.com.ar\/sitio\/wp-content\/uploads\/2019\/04\/1a-1.jpg","contentUrl":"http:\/\/gentedebasquet.com.ar\/sitio\/wp-content\/uploads\/2019\/04\/1a-1.jpg","width":690,"height":319},{"@type":"BreadcrumbList","@id":"http:\/\/gentedebasquet.com.ar\/sitio\/2019\/04\/12\/primera-alegria-en-casa\/#breadcrumb","itemListElement":[{"@type":"ListItem","position":1,"name":"Portada","item":"https:\/\/gentedebasquet.com.ar\/sitio\/"},{"@type":"ListItem","position":2,"name":"Primera alegr\u00eda en casa"}]},{"@type":"WebSite","@id":"https:\/\/gentedebasquet.com.ar\/sitio\/#website","url":"https:\/\/gentedebasquet.com.ar\/sitio\/","name":"Gente de B\u00e1squet","description":"La revista del basquet de Bah\u00eda Blanca","potentialAction":[{"@type":"SearchAction","target":{"@type":"EntryPoint","urlTemplate":"https:\/\/gentedebasquet.com.ar\/sitio\/?s={search_term_string}"},"query-input":{"@type":"PropertyValueSpecification","valueRequired":true,"valueName":"search_term_string"}}],"inLanguage":"es"},{"@type":"Person","@id":"https:\/\/gentedebasquet.com.ar\/sitio\/#\/schema\/person\/ca0b63bbb977369988a7bbbdc519943a","name":"Gente de B\u00e1squet","image":{"@type":"ImageObject","inLanguage":"es","@id":"https:\/\/secure.gravatar.com\/avatar\/7f2c48bdc33b30088f941fb6082e555f2874c98e20cb159d7b92b50eadfce793?s=96&d=mm&r=g","url":"https:\/\/secure.gravatar.com\/avatar\/7f2c48bdc33b30088f941fb6082e555f2874c98e20cb159d7b92b50eadfce793?s=96&d=mm&r=g","contentUrl":"https:\/\/secure.gravatar.com\/avatar\/7f2c48bdc33b30088f941fb6082e555f2874c98e20cb159d7b92b50eadfce793?s=96&d=mm&r=g","caption":"Gente de B\u00e1squet"},"sameAs":["http:\/\/gentedebasquet.com.ar\/sitio"],"url":"http:\/\/gentedebasquet.com.ar\/sitio\/author\/ulises\/"}]}},"_links":{"self":[{"href":"http:\/\/gentedebasquet.com.ar\/sitio\/wp-json\/wp\/v2\/posts\/92325","targetHints":{"allow":["GET"]}}],"collection":[{"href":"http:\/\/gentedebasquet.com.ar\/sitio\/wp-json\/wp\/v2\/posts"}],"about":[{"href":"http:\/\/gentedebasquet.com.ar\/sitio\/wp-json\/wp\/v2\/types\/post"}],"author":[{"embeddable":true,"href":"http:\/\/gentedebasquet.com.ar\/sitio\/wp-json\/wp\/v2\/users\/1"}],"replies":[{"embeddable":true,"href":"http:\/\/gentedebasquet.com.ar\/sitio\/wp-json\/wp\/v2\/comments?post=92325"}],"version-history":[{"count":0,"href":"http:\/\/gentedebasquet.com.ar\/sitio\/wp-json\/wp\/v2\/posts\/92325\/revisions"}],"wp:featuredmedia":[{"embeddable":true,"href":"http:\/\/gentedebasquet.com.ar\/sitio\/wp-json\/wp\/v2\/media\/92345"}],"wp:attachment":[{"href":"http:\/\/gentedebasquet.com.ar\/sitio\/wp-json\/wp\/v2\/media?parent=92325"}],"wp:term":[{"taxonomy":"category","embeddable":true,"href":"http:\/\/gentedebasquet.com.ar\/sitio\/wp-json\/wp\/v2\/categories?post=92325"},{"taxonomy":"post_tag","embeddable":true,"href":"http:\/\/gentedebasquet.com.ar\/sitio\/wp-json\/wp\/v2\/tags?post=92325"}],"curies":[{"name":"wp","href":"https:\/\/api.w.org\/{rel}","templated":true}]}}