{"id":98818,"date":"2021-01-03T08:45:56","date_gmt":"2021-01-03T11:45:56","guid":{"rendered":"http:\/\/www.gentedebasquet.com.ar\/?p=98818"},"modified":"2021-01-03T08:45:56","modified_gmt":"2021-01-03T11:45:56","slug":"la-noche-de-campazzo","status":"publish","type":"post","link":"http:\/\/gentedebasquet.com.ar\/sitio\/2021\/01\/03\/la-noche-de-campazzo\/","title":{"rendered":"La noche de Campazzo"},"content":{"rendered":"<p><strong>El cordob\u00e9s meti\u00f3 15 puntos, con cinco triples, pero sobre todo se lo not\u00f3 m\u00e1s confiado y desplegando su esencia en la cancha. Sus sensaciones y los elogios del coach Malone y la estrella, Jokic.<\/strong><\/p>\n<p><strong>\u00abEs una sensaci\u00f3n hermosa. S\u00f3lo trat\u00e9 de dejar el cien por ciento en cada costado de la cancha. Puse mi vida en cada defensa y los triples, por suerte, entraron. Creo que es mi r\u00e9cord (NdeR: sin saber que en realidad son siete, en Espa\u00f1a). Con un asistente trabaj\u00e9 mucho en mi tiro de tres porque sab\u00eda que para rendir ac\u00e1, deb\u00eda ser mejor en eso\u201d. <\/strong><\/p>\n<p><strong>As\u00ed, con un buen dominio del ingl\u00e9s, Facu Campazzo habl\u00f3 luego del triunfo en Minnesota y se refiri\u00f3 no s\u00f3lo a su gran noche (15 puntos, con 5-7 triples, 2 asistencias, 3 robos y una tapa en apenas 21 minutos) sino tambi\u00e9n a su trabajo silencioso para lograr el \u00e9xito. <\/strong><\/p>\n<p><strong>\u201cNo pienso relajarme, quiero seguir as\u00ed y ayudar a mis compa\u00f1eros. Puede ser adentro de la cancha o afuera, apoyando y aplaudiendo\u201d, cerr\u00f3 en la nota que dio como la figura de la noche para la transmisi\u00f3n oficial de los Nuggets.<\/strong><\/p>\n<p><img decoding=\"async\" class=\"aligncenter size-full wp-image-98676\" src=\"http:\/\/www.gentedebasquet.com.ar\/wp-content\/uploads\/2020\/12\/A2020interior.gif\" alt=\"\" width=\"300\" height=\"250\" \/><\/p>\n<p>\u00abS\u00e9 que ha sido frustrante para \u00e9l&#8230; no jugar con la habilidad que sabe que es capaz de hacer, que yo s\u00e9 que es capaz de hacer, y esta noche fue su noche. No s\u00f3lo por los cinco triples. Tambi\u00e9n por la defensa. Facu es un tipo que la gente no entiende&#8230; es un muy buen defensor, tiene manos activas, se hace cargo. Por eso amo a Facu Campazzo, porque juega en ambos costados de la cancha\u00bb, fue el an\u00e1lisis con el que arranc\u00f3 el t\u00e9cnico Mike Malone.<\/p>\n<p><img decoding=\"async\" class=\"aligncenter size-full wp-image-98677\" src=\"http:\/\/www.gentedebasquet.com.ar\/wp-content\/uploads\/2020\/12\/B2020interior.gif\" alt=\"\" width=\"300\" height=\"250\" \/><\/p>\n<p>\u00abLa de hoy fue la mejor versi\u00f3n que pod\u00edamos esperar. Sab\u00eda que iba a explotar. Pero m\u00e1s impresionante que su producci\u00f3n fue lo feliz que vi a sus compa\u00f1eros en el vestuario con lo que hab\u00eda hecho Facu\u00bb, cerr\u00f3 Malone.<\/p>\n<blockquote class=\"twitter-tweet\">\n<p dir=\"ltr\" lang=\"es\">\ud83c\udfc0 \u00a1Bienvenido a la <a href=\"https:\/\/twitter.com\/hashtag\/NBA?src=hash&amp;ref_src=twsrc%5Etfw\">#NBA<\/a>! Campazzo jug\u00f3 su mejor partido y colabor\u00f3 con 15 puntos (5\/7 t3, 0\/1 t2), 1reb, 2as, 3rob y 1ta en 21m24.<\/p>\n<p>\ud83d\udc49 Denver venci\u00f3 124-109 a Minnesota.<br \/>\n\ud83d\udc49 Promedia 3.8pts, 1.2as, 0.8rob y 9.1m en 6 partidos. <a href=\"https:\/\/t.co\/SwTOeFUyje\">pic.twitter.com\/SwTOeFUyje<\/a><\/p>\n<p>\u2014 Mauro Gustavo Giovannini (@MGGiova) <a href=\"https:\/\/twitter.com\/MGGiova\/status\/1345928421881348099?ref_src=twsrc%5Etfw\">January 4, 2021<\/a><\/p><\/blockquote>\n<p><script async src=\"https:\/\/platform.twitter.com\/widgets.js\" charset=\"utf-8\"><\/script><\/p>\n<p>\u00abLo que \u00e9l hace por nosotros es eso&#8230; Son jugadas que cambian el partido. Ojal\u00e1 lo haga todo el tiempo. Personalmente s\u00e9 lo que puede hacer. En ese \u00faltimo cuarto tuvo mucha energ\u00eda, defensivamente estaba presionando a cancha completa&#8230; S\u00e9 lo que puede hacer, as\u00ed que no estoy sorprendido. Anot\u00f3 muchos triples, lo encontramos y tir\u00f3 con confianza. Est\u00e1 trabajando en su tiro cada d\u00eda, no me sorprende\u00bb, cerr\u00f3 Nikola Jokic, la estrella del equipo, quien volvi\u00f3 a lograr un triple doble para que los Nuggets salieran del \u00faltimo lugar en el Oeste, ahora con marca de 2-4.<\/p>\n<p><img decoding=\"async\" class=\"aligncenter size-full wp-image-98678\" src=\"http:\/\/www.gentedebasquet.com.ar\/wp-content\/uploads\/2020\/12\/C2020interior.gif\" alt=\"\" width=\"300\" height=\"250\" \/><\/p>\n<p><strong>Fuente:<\/strong> prensa CABB.<\/p>\n<p><strong>Foto:<\/strong> AP<\/p>\n","protected":false},"excerpt":{"rendered":"<p>Clav\u00f3 5\/7 en triples en la victoria de Denver sobre Minnesota 124-109<\/p>\n","protected":false},"author":1,"featured_media":98819,"comment_status":"closed","ping_status":"open","sticky":false,"template":"","format":"standard","meta":{"jnews-multi-image_gallery":[],"jnews_single_post":[],"jnews_primary_category":[],"footnotes":""},"categories":[24,101],"tags":[1518,763,1499,105],"class_list":["post-98818","post","type-post","status-publish","format-standard","has-post-thumbnail","hentry","category-overtime","category-slide","tag-denver-nuggets","tag-facundo-campazzo","tag-minnesota-timberwolves","tag-nba"],"yoast_head":"<!-- This site is optimized with the Yoast SEO plugin v27.5 - https:\/\/yoast.com\/product\/yoast-seo-wordpress\/ -->\n<title>La noche de Campazzo - Gente de B\u00e1squet<\/title>\n<meta name=\"robots\" content=\"index, follow, max-snippet:-1, max-image-preview:large, max-video-preview:-1\" \/>\n<link rel=\"canonical\" href=\"http:\/\/gentedebasquet.com.ar\/sitio\/2021\/01\/03\/la-noche-de-campazzo\/\" \/>\n<meta property=\"og:locale\" content=\"es_ES\" \/>\n<meta property=\"og:type\" content=\"article\" \/>\n<meta property=\"og:title\" content=\"La noche de Campazzo - Gente de B\u00e1squet\" \/>\n<meta property=\"og:description\" content=\"Clav\u00f3 5\/7 en triples en la victoria de Denver sobre Minnesota 124-109\" \/>\n<meta property=\"og:url\" content=\"http:\/\/gentedebasquet.com.ar\/sitio\/2021\/01\/03\/la-noche-de-campazzo\/\" \/>\n<meta property=\"og:site_name\" content=\"Gente de B\u00e1squet\" \/>\n<meta property=\"article:published_time\" content=\"2021-01-03T11:45:56+00:00\" \/>\n<meta property=\"og:image\" content=\"http:\/\/gentedebasquet.com.ar\/sitio\/wp-content\/uploads\/2021\/01\/Campazzo-NBA-Denver-Minnesota.jpg\" \/>\n\t<meta property=\"og:image:width\" content=\"690\" \/>\n\t<meta property=\"og:image:height\" content=\"319\" \/>\n\t<meta property=\"og:image:type\" content=\"image\/jpeg\" \/>\n<meta name=\"author\" content=\"Gente de B\u00e1squet\" \/>\n<meta name=\"twitter:card\" content=\"summary_large_image\" \/>\n<meta name=\"twitter:label1\" content=\"Escrito por\" \/>\n\t<meta name=\"twitter:data1\" content=\"Gente de B\u00e1squet\" \/>\n\t<meta name=\"twitter:label2\" content=\"Tiempo de lectura\" \/>\n\t<meta name=\"twitter:data2\" content=\"2 minutos\" \/>\n<script type=\"application\/ld+json\" class=\"yoast-schema-graph\">{\"@context\":\"https:\\\/\\\/schema.org\",\"@graph\":[{\"@type\":\"Article\",\"@id\":\"http:\\\/\\\/gentedebasquet.com.ar\\\/sitio\\\/2021\\\/01\\\/03\\\/la-noche-de-campazzo\\\/#article\",\"isPartOf\":{\"@id\":\"http:\\\/\\\/gentedebasquet.com.ar\\\/sitio\\\/2021\\\/01\\\/03\\\/la-noche-de-campazzo\\\/\"},\"author\":{\"name\":\"Gente de B\u00e1squet\",\"@id\":\"https:\\\/\\\/gentedebasquet.com.ar\\\/sitio\\\/#\\\/schema\\\/person\\\/ca0b63bbb977369988a7bbbdc519943a\"},\"headline\":\"La noche de Campazzo\",\"datePublished\":\"2021-01-03T11:45:56+00:00\",\"mainEntityOfPage\":{\"@id\":\"http:\\\/\\\/gentedebasquet.com.ar\\\/sitio\\\/2021\\\/01\\\/03\\\/la-noche-de-campazzo\\\/\"},\"wordCount\":492,\"image\":{\"@id\":\"http:\\\/\\\/gentedebasquet.com.ar\\\/sitio\\\/2021\\\/01\\\/03\\\/la-noche-de-campazzo\\\/#primaryimage\"},\"thumbnailUrl\":\"http:\\\/\\\/gentedebasquet.com.ar\\\/sitio\\\/wp-content\\\/uploads\\\/2021\\\/01\\\/Campazzo-NBA-Denver-Minnesota.jpg\",\"keywords\":[\"Denver Nuggets\",\"Facundo Campazzo\",\"Minnesota Timberwolves\",\"NBA\"],\"articleSection\":[\"#Overtime\",\"Slide\"],\"inLanguage\":\"es\"},{\"@type\":\"WebPage\",\"@id\":\"http:\\\/\\\/gentedebasquet.com.ar\\\/sitio\\\/2021\\\/01\\\/03\\\/la-noche-de-campazzo\\\/\",\"url\":\"http:\\\/\\\/gentedebasquet.com.ar\\\/sitio\\\/2021\\\/01\\\/03\\\/la-noche-de-campazzo\\\/\",\"name\":\"La noche de Campazzo - Gente de B\u00e1squet\",\"isPartOf\":{\"@id\":\"https:\\\/\\\/gentedebasquet.com.ar\\\/sitio\\\/#website\"},\"primaryImageOfPage\":{\"@id\":\"http:\\\/\\\/gentedebasquet.com.ar\\\/sitio\\\/2021\\\/01\\\/03\\\/la-noche-de-campazzo\\\/#primaryimage\"},\"image\":{\"@id\":\"http:\\\/\\\/gentedebasquet.com.ar\\\/sitio\\\/2021\\\/01\\\/03\\\/la-noche-de-campazzo\\\/#primaryimage\"},\"thumbnailUrl\":\"http:\\\/\\\/gentedebasquet.com.ar\\\/sitio\\\/wp-content\\\/uploads\\\/2021\\\/01\\\/Campazzo-NBA-Denver-Minnesota.jpg\",\"datePublished\":\"2021-01-03T11:45:56+00:00\",\"author\":{\"@id\":\"https:\\\/\\\/gentedebasquet.com.ar\\\/sitio\\\/#\\\/schema\\\/person\\\/ca0b63bbb977369988a7bbbdc519943a\"},\"breadcrumb\":{\"@id\":\"http:\\\/\\\/gentedebasquet.com.ar\\\/sitio\\\/2021\\\/01\\\/03\\\/la-noche-de-campazzo\\\/#breadcrumb\"},\"inLanguage\":\"es\",\"potentialAction\":[{\"@type\":\"ReadAction\",\"target\":[\"http:\\\/\\\/gentedebasquet.com.ar\\\/sitio\\\/2021\\\/01\\\/03\\\/la-noche-de-campazzo\\\/\"]}]},{\"@type\":\"ImageObject\",\"inLanguage\":\"es\",\"@id\":\"http:\\\/\\\/gentedebasquet.com.ar\\\/sitio\\\/2021\\\/01\\\/03\\\/la-noche-de-campazzo\\\/#primaryimage\",\"url\":\"http:\\\/\\\/gentedebasquet.com.ar\\\/sitio\\\/wp-content\\\/uploads\\\/2021\\\/01\\\/Campazzo-NBA-Denver-Minnesota.jpg\",\"contentUrl\":\"http:\\\/\\\/gentedebasquet.com.ar\\\/sitio\\\/wp-content\\\/uploads\\\/2021\\\/01\\\/Campazzo-NBA-Denver-Minnesota.jpg\",\"width\":690,\"height\":319},{\"@type\":\"BreadcrumbList\",\"@id\":\"http:\\\/\\\/gentedebasquet.com.ar\\\/sitio\\\/2021\\\/01\\\/03\\\/la-noche-de-campazzo\\\/#breadcrumb\",\"itemListElement\":[{\"@type\":\"ListItem\",\"position\":1,\"name\":\"Portada\",\"item\":\"https:\\\/\\\/gentedebasquet.com.ar\\\/sitio\\\/\"},{\"@type\":\"ListItem\",\"position\":2,\"name\":\"La noche de Campazzo\"}]},{\"@type\":\"WebSite\",\"@id\":\"https:\\\/\\\/gentedebasquet.com.ar\\\/sitio\\\/#website\",\"url\":\"https:\\\/\\\/gentedebasquet.com.ar\\\/sitio\\\/\",\"name\":\"Gente de B\u00e1squet\",\"description\":\"La revista del basquet de Bah\u00eda Blanca\",\"potentialAction\":[{\"@type\":\"SearchAction\",\"target\":{\"@type\":\"EntryPoint\",\"urlTemplate\":\"https:\\\/\\\/gentedebasquet.com.ar\\\/sitio\\\/?s={search_term_string}\"},\"query-input\":{\"@type\":\"PropertyValueSpecification\",\"valueRequired\":true,\"valueName\":\"search_term_string\"}}],\"inLanguage\":\"es\"},{\"@type\":\"Person\",\"@id\":\"https:\\\/\\\/gentedebasquet.com.ar\\\/sitio\\\/#\\\/schema\\\/person\\\/ca0b63bbb977369988a7bbbdc519943a\",\"name\":\"Gente de B\u00e1squet\",\"image\":{\"@type\":\"ImageObject\",\"inLanguage\":\"es\",\"@id\":\"https:\\\/\\\/secure.gravatar.com\\\/avatar\\\/7f2c48bdc33b30088f941fb6082e555f2874c98e20cb159d7b92b50eadfce793?s=96&d=mm&r=g\",\"url\":\"https:\\\/\\\/secure.gravatar.com\\\/avatar\\\/7f2c48bdc33b30088f941fb6082e555f2874c98e20cb159d7b92b50eadfce793?s=96&d=mm&r=g\",\"contentUrl\":\"https:\\\/\\\/secure.gravatar.com\\\/avatar\\\/7f2c48bdc33b30088f941fb6082e555f2874c98e20cb159d7b92b50eadfce793?s=96&d=mm&r=g\",\"caption\":\"Gente de B\u00e1squet\"},\"sameAs\":[\"http:\\\/\\\/gentedebasquet.com.ar\\\/sitio\"],\"url\":\"http:\\\/\\\/gentedebasquet.com.ar\\\/sitio\\\/author\\\/ulises\\\/\"}]}<\/script>\n<!-- \/ Yoast SEO plugin. -->","yoast_head_json":{"title":"La noche de Campazzo - Gente de B\u00e1squet","robots":{"index":"index","follow":"follow","max-snippet":"max-snippet:-1","max-image-preview":"max-image-preview:large","max-video-preview":"max-video-preview:-1"},"canonical":"http:\/\/gentedebasquet.com.ar\/sitio\/2021\/01\/03\/la-noche-de-campazzo\/","og_locale":"es_ES","og_type":"article","og_title":"La noche de Campazzo - Gente de B\u00e1squet","og_description":"Clav\u00f3 5\/7 en triples en la victoria de Denver sobre Minnesota 124-109","og_url":"http:\/\/gentedebasquet.com.ar\/sitio\/2021\/01\/03\/la-noche-de-campazzo\/","og_site_name":"Gente de B\u00e1squet","article_published_time":"2021-01-03T11:45:56+00:00","og_image":[{"width":690,"height":319,"url":"http:\/\/gentedebasquet.com.ar\/sitio\/wp-content\/uploads\/2021\/01\/Campazzo-NBA-Denver-Minnesota.jpg","type":"image\/jpeg"}],"author":"Gente de B\u00e1squet","twitter_card":"summary_large_image","twitter_misc":{"Escrito por":"Gente de B\u00e1squet","Tiempo de lectura":"2 minutos"},"schema":{"@context":"https:\/\/schema.org","@graph":[{"@type":"Article","@id":"http:\/\/gentedebasquet.com.ar\/sitio\/2021\/01\/03\/la-noche-de-campazzo\/#article","isPartOf":{"@id":"http:\/\/gentedebasquet.com.ar\/sitio\/2021\/01\/03\/la-noche-de-campazzo\/"},"author":{"name":"Gente de B\u00e1squet","@id":"https:\/\/gentedebasquet.com.ar\/sitio\/#\/schema\/person\/ca0b63bbb977369988a7bbbdc519943a"},"headline":"La noche de Campazzo","datePublished":"2021-01-03T11:45:56+00:00","mainEntityOfPage":{"@id":"http:\/\/gentedebasquet.com.ar\/sitio\/2021\/01\/03\/la-noche-de-campazzo\/"},"wordCount":492,"image":{"@id":"http:\/\/gentedebasquet.com.ar\/sitio\/2021\/01\/03\/la-noche-de-campazzo\/#primaryimage"},"thumbnailUrl":"http:\/\/gentedebasquet.com.ar\/sitio\/wp-content\/uploads\/2021\/01\/Campazzo-NBA-Denver-Minnesota.jpg","keywords":["Denver Nuggets","Facundo Campazzo","Minnesota Timberwolves","NBA"],"articleSection":["#Overtime","Slide"],"inLanguage":"es"},{"@type":"WebPage","@id":"http:\/\/gentedebasquet.com.ar\/sitio\/2021\/01\/03\/la-noche-de-campazzo\/","url":"http:\/\/gentedebasquet.com.ar\/sitio\/2021\/01\/03\/la-noche-de-campazzo\/","name":"La noche de Campazzo - Gente de B\u00e1squet","isPartOf":{"@id":"https:\/\/gentedebasquet.com.ar\/sitio\/#website"},"primaryImageOfPage":{"@id":"http:\/\/gentedebasquet.com.ar\/sitio\/2021\/01\/03\/la-noche-de-campazzo\/#primaryimage"},"image":{"@id":"http:\/\/gentedebasquet.com.ar\/sitio\/2021\/01\/03\/la-noche-de-campazzo\/#primaryimage"},"thumbnailUrl":"http:\/\/gentedebasquet.com.ar\/sitio\/wp-content\/uploads\/2021\/01\/Campazzo-NBA-Denver-Minnesota.jpg","datePublished":"2021-01-03T11:45:56+00:00","author":{"@id":"https:\/\/gentedebasquet.com.ar\/sitio\/#\/schema\/person\/ca0b63bbb977369988a7bbbdc519943a"},"breadcrumb":{"@id":"http:\/\/gentedebasquet.com.ar\/sitio\/2021\/01\/03\/la-noche-de-campazzo\/#breadcrumb"},"inLanguage":"es","potentialAction":[{"@type":"ReadAction","target":["http:\/\/gentedebasquet.com.ar\/sitio\/2021\/01\/03\/la-noche-de-campazzo\/"]}]},{"@type":"ImageObject","inLanguage":"es","@id":"http:\/\/gentedebasquet.com.ar\/sitio\/2021\/01\/03\/la-noche-de-campazzo\/#primaryimage","url":"http:\/\/gentedebasquet.com.ar\/sitio\/wp-content\/uploads\/2021\/01\/Campazzo-NBA-Denver-Minnesota.jpg","contentUrl":"http:\/\/gentedebasquet.com.ar\/sitio\/wp-content\/uploads\/2021\/01\/Campazzo-NBA-Denver-Minnesota.jpg","width":690,"height":319},{"@type":"BreadcrumbList","@id":"http:\/\/gentedebasquet.com.ar\/sitio\/2021\/01\/03\/la-noche-de-campazzo\/#breadcrumb","itemListElement":[{"@type":"ListItem","position":1,"name":"Portada","item":"https:\/\/gentedebasquet.com.ar\/sitio\/"},{"@type":"ListItem","position":2,"name":"La noche de Campazzo"}]},{"@type":"WebSite","@id":"https:\/\/gentedebasquet.com.ar\/sitio\/#website","url":"https:\/\/gentedebasquet.com.ar\/sitio\/","name":"Gente de B\u00e1squet","description":"La revista del basquet de Bah\u00eda Blanca","potentialAction":[{"@type":"SearchAction","target":{"@type":"EntryPoint","urlTemplate":"https:\/\/gentedebasquet.com.ar\/sitio\/?s={search_term_string}"},"query-input":{"@type":"PropertyValueSpecification","valueRequired":true,"valueName":"search_term_string"}}],"inLanguage":"es"},{"@type":"Person","@id":"https:\/\/gentedebasquet.com.ar\/sitio\/#\/schema\/person\/ca0b63bbb977369988a7bbbdc519943a","name":"Gente de B\u00e1squet","image":{"@type":"ImageObject","inLanguage":"es","@id":"https:\/\/secure.gravatar.com\/avatar\/7f2c48bdc33b30088f941fb6082e555f2874c98e20cb159d7b92b50eadfce793?s=96&d=mm&r=g","url":"https:\/\/secure.gravatar.com\/avatar\/7f2c48bdc33b30088f941fb6082e555f2874c98e20cb159d7b92b50eadfce793?s=96&d=mm&r=g","contentUrl":"https:\/\/secure.gravatar.com\/avatar\/7f2c48bdc33b30088f941fb6082e555f2874c98e20cb159d7b92b50eadfce793?s=96&d=mm&r=g","caption":"Gente de B\u00e1squet"},"sameAs":["http:\/\/gentedebasquet.com.ar\/sitio"],"url":"http:\/\/gentedebasquet.com.ar\/sitio\/author\/ulises\/"}]}},"_links":{"self":[{"href":"http:\/\/gentedebasquet.com.ar\/sitio\/wp-json\/wp\/v2\/posts\/98818","targetHints":{"allow":["GET"]}}],"collection":[{"href":"http:\/\/gentedebasquet.com.ar\/sitio\/wp-json\/wp\/v2\/posts"}],"about":[{"href":"http:\/\/gentedebasquet.com.ar\/sitio\/wp-json\/wp\/v2\/types\/post"}],"author":[{"embeddable":true,"href":"http:\/\/gentedebasquet.com.ar\/sitio\/wp-json\/wp\/v2\/users\/1"}],"replies":[{"embeddable":true,"href":"http:\/\/gentedebasquet.com.ar\/sitio\/wp-json\/wp\/v2\/comments?post=98818"}],"version-history":[{"count":0,"href":"http:\/\/gentedebasquet.com.ar\/sitio\/wp-json\/wp\/v2\/posts\/98818\/revisions"}],"wp:featuredmedia":[{"embeddable":true,"href":"http:\/\/gentedebasquet.com.ar\/sitio\/wp-json\/wp\/v2\/media\/98819"}],"wp:attachment":[{"href":"http:\/\/gentedebasquet.com.ar\/sitio\/wp-json\/wp\/v2\/media?parent=98818"}],"wp:term":[{"taxonomy":"category","embeddable":true,"href":"http:\/\/gentedebasquet.com.ar\/sitio\/wp-json\/wp\/v2\/categories?post=98818"},{"taxonomy":"post_tag","embeddable":true,"href":"http:\/\/gentedebasquet.com.ar\/sitio\/wp-json\/wp\/v2\/tags?post=98818"}],"curies":[{"name":"wp","href":"https:\/\/api.w.org\/{rel}","templated":true}]}}