{"id":98863,"date":"2021-01-16T14:59:23","date_gmt":"2021-01-16T17:59:23","guid":{"rendered":"http:\/\/www.gentedebasquet.com.ar\/?p=98863"},"modified":"2021-01-16T14:59:23","modified_gmt":"2021-01-16T17:59:23","slug":"pisani-vuelve-a-dirigir","status":"publish","type":"post","link":"http:\/\/gentedebasquet.com.ar\/sitio\/2021\/01\/16\/pisani-vuelve-a-dirigir\/","title":{"rendered":"Pisani vuelve a dirigir"},"content":{"rendered":"<p><strong>El bahiense Jos\u00e9 Luis Pisani (44) es el nuevo entrenador en jefe de Salta Basket, equipo que representar\u00e1 a dicha provincia en la pr\u00f3xima Liga Argentina.<\/strong><\/p>\n<p><strong> El equipo sigue abocado a la conformaci\u00f3n del plantel con vistas a arrancar la pretemporada la semana que viene. <\/strong><\/p>\n<p><strong>Salta Basket har\u00e1 su quinta incursi\u00f3n en la segunda divisi\u00f3n del b\u00e1squet nacional, ahora a las \u00f3rdenes de un nuevo estratega.<\/strong><\/p>\n<p>En la \u00faltima temporada el flamante DT infernal fue parte del staff t\u00e9cnico de Bah\u00eda Basket, elenco que desde hace varios a\u00f1os compite en la m\u00e1xima divisi\u00f3n del b\u00e1squet argentino.<\/p>\n<p><img decoding=\"async\" class=\"aligncenter size-full wp-image-98676\" src=\"http:\/\/www.gentedebasquet.com.ar\/wp-content\/uploads\/2020\/12\/A2020interior.gif\" alt=\"\" width=\"300\" height=\"250\" \/><\/p>\n<p>Antes el encargado t\u00e9cnico-t\u00e1ctico del equipo norte\u00f1o lider\u00f3 la direcci\u00f3n t\u00e9cnica de Deportivo Viedma en la Liga Argentina, divisional donde el bahiense tiene una vasta experiencia.<\/p>\n<p>A pesar de su juventud, el entrenador tiene un importante recorrido como director t\u00e9cnico, incluso en el terreno internacional.<\/p>\n<p>En el \u00e1mbito de la competencia nacional comenz\u00f3 dirigiendo a Ciudad de Bragado la ex Liga B (actual Torneo Federal) donde se coron\u00f3 campe\u00f3n (2006), luego llev\u00f3 su direcci\u00f3n t\u00e9cnica a Ober\u00e1 Tenis Club de Misiones \u2014campe\u00f3n de la Liga Nacional B y lo dirigi\u00f3 en el TNA\u2014, trabaj\u00f3 en Bah\u00eda Estudiantes Liga A, fue campe\u00f3n del Torneo Federal con Estudiantes de Olavarr\u00eda y tambi\u00e9n dirigi\u00f3 dos temporadas en el Torneo Nacional de Ascenso.<\/p>\n<p><img decoding=\"async\" class=\"aligncenter size-full wp-image-98677\" src=\"http:\/\/www.gentedebasquet.com.ar\/wp-content\/uploads\/2020\/12\/B2020interior.gif\" alt=\"\" width=\"300\" height=\"250\" \/><\/p>\n<p>Antes de desembarcar en Viedma, Jos\u00e9 Luis Pisani compiti\u00f3 en la Liga Nacional de Chile, donde qued\u00f3 a un paso de coronarse campe\u00f3n junto a Deportes Ancud.<\/p>\n<p>El bahiense, adem\u00e1s, form\u00f3 parte del staff t\u00e9cnico de la selecci\u00f3n argentina, donde interactu\u00f3 con jugadores de primer\u00edsimo nivel como el gran capit\u00e1n Luis Scola, por citar solo a un jugador.<\/p>\n<p>Ahora, el entrenador nacido en Bah\u00eda Blanca, ciudad considerada cuna del b\u00e1squet argentino, tendr\u00e1 la responsabilidad de dirigir a Los Infernales de Salta.<\/p>\n<p>\u201cLas expectativas son las mejores\u201d, dijo y sigui\u00f3: \u201cAgradecerle a Luis Lenti y a toda la gente de Salta Basket por confiar en m\u00ed en una situaci\u00f3n particular y especial que estamos viviendo todos con el COVID-19, agradecer la posibilidad de trabajo en un momento as\u00ed\u201d, apunt\u00f3.<\/p>\n<p><img decoding=\"async\" class=\"aligncenter size-full wp-image-98678\" src=\"http:\/\/www.gentedebasquet.com.ar\/wp-content\/uploads\/2020\/12\/C2020interior.gif\" alt=\"\" width=\"300\" height=\"250\" \/><\/p>\n<p>\u201cSalta Basket siempre fue un equipo importante en la categor\u00eda, intentando hacer las cosas bien para estar en los primeros planos y entendiendo que bas\u00e1ndonos en un presupuesto austero trataremos de hacer un equipo competitivo que se identifique con un juego agresivo donde podamos mezclar jugadores con experiencia y j\u00f3venes que nos den energ\u00eda, coraje y ganas para poder estar a la altura de lo que ha hecho Salta Basket en los \u00faltimos a\u00f1os. Estoy muy contento, con nuevas energ\u00edas, por volver a trabajar despu\u00e9s de un receso largo, hay muchas ganas, quiero devolver a Lenti y Salta Basket la confianza que depositaron en m\u00ed\u201d, concluy\u00f3 el DT infernal.<\/p>\n<p><strong>Fuente:<\/strong> prensa Salta Basket.<\/p>\n","protected":false},"excerpt":{"rendered":"<p>Ser\u00e1 entrenador en jefe de Salta Basket en la pr\u00f3xima Liga Argentina<\/p>\n","protected":false},"author":1,"featured_media":94757,"comment_status":"closed","ping_status":"open","sticky":false,"template":"","format":"standard","meta":{"jnews-multi-image_gallery":[],"jnews_single_post":[],"jnews_primary_category":[],"footnotes":""},"categories":[112,39,101],"tags":[91,1582,1576],"class_list":["post-98863","post","type-post","status-publish","format-standard","has-post-thumbnail","hentry","category-tna","category-nacional","category-slide","tag-jose-luis-pisani","tag-liga-argentina","tag-salta-basket"],"yoast_head":"<!-- This site is optimized with the Yoast SEO plugin v27.5 - https:\/\/yoast.com\/product\/yoast-seo-wordpress\/ -->\n<title>Pisani vuelve a dirigir - Gente de B\u00e1squet<\/title>\n<meta name=\"robots\" content=\"index, follow, max-snippet:-1, max-image-preview:large, max-video-preview:-1\" \/>\n<link rel=\"canonical\" href=\"https:\/\/gentedebasquet.com.ar\/sitio\/2021\/01\/16\/pisani-vuelve-a-dirigir\/\" \/>\n<meta property=\"og:locale\" content=\"es_ES\" \/>\n<meta property=\"og:type\" content=\"article\" \/>\n<meta property=\"og:title\" content=\"Pisani vuelve a dirigir - Gente de B\u00e1squet\" \/>\n<meta property=\"og:description\" content=\"Ser\u00e1 entrenador en jefe de Salta Basket en la pr\u00f3xima Liga Argentina\" \/>\n<meta property=\"og:url\" content=\"https:\/\/gentedebasquet.com.ar\/sitio\/2021\/01\/16\/pisani-vuelve-a-dirigir\/\" \/>\n<meta property=\"og:site_name\" content=\"Gente de B\u00e1squet\" \/>\n<meta property=\"article:published_time\" content=\"2021-01-16T17:59:23+00:00\" \/>\n<meta property=\"og:image\" content=\"https:\/\/gentedebasquet.com.ar\/sitio\/wp-content\/uploads\/2019\/08\/Pisani-Bahia-Basket.jpg\" \/>\n\t<meta property=\"og:image:width\" content=\"690\" \/>\n\t<meta property=\"og:image:height\" content=\"319\" \/>\n\t<meta property=\"og:image:type\" content=\"image\/jpeg\" \/>\n<meta name=\"author\" content=\"Gente de B\u00e1squet\" \/>\n<meta name=\"twitter:card\" content=\"summary_large_image\" \/>\n<meta name=\"twitter:label1\" content=\"Escrito por\" \/>\n\t<meta name=\"twitter:data1\" content=\"Gente de B\u00e1squet\" \/>\n\t<meta name=\"twitter:label2\" content=\"Tiempo de lectura\" \/>\n\t<meta name=\"twitter:data2\" content=\"2 minutos\" \/>\n<script type=\"application\/ld+json\" class=\"yoast-schema-graph\">{\"@context\":\"https:\\\/\\\/schema.org\",\"@graph\":[{\"@type\":\"Article\",\"@id\":\"https:\\\/\\\/gentedebasquet.com.ar\\\/sitio\\\/2021\\\/01\\\/16\\\/pisani-vuelve-a-dirigir\\\/#article\",\"isPartOf\":{\"@id\":\"https:\\\/\\\/gentedebasquet.com.ar\\\/sitio\\\/2021\\\/01\\\/16\\\/pisani-vuelve-a-dirigir\\\/\"},\"author\":{\"name\":\"Gente de B\u00e1squet\",\"@id\":\"https:\\\/\\\/gentedebasquet.com.ar\\\/sitio\\\/#\\\/schema\\\/person\\\/ca0b63bbb977369988a7bbbdc519943a\"},\"headline\":\"Pisani vuelve a dirigir\",\"datePublished\":\"2021-01-16T17:59:23+00:00\",\"mainEntityOfPage\":{\"@id\":\"https:\\\/\\\/gentedebasquet.com.ar\\\/sitio\\\/2021\\\/01\\\/16\\\/pisani-vuelve-a-dirigir\\\/\"},\"wordCount\":499,\"image\":{\"@id\":\"https:\\\/\\\/gentedebasquet.com.ar\\\/sitio\\\/2021\\\/01\\\/16\\\/pisani-vuelve-a-dirigir\\\/#primaryimage\"},\"thumbnailUrl\":\"http:\\\/\\\/gentedebasquet.com.ar\\\/sitio\\\/wp-content\\\/uploads\\\/2019\\\/08\\\/Pisani-Bahia-Basket.jpg\",\"keywords\":[\"Jos\u00e9 Luis Pisani\",\"Liga Argentina\",\"Salta Basket\"],\"articleSection\":[\"Liga Argentina\",\"Nacional\",\"Slide\"],\"inLanguage\":\"es\"},{\"@type\":\"WebPage\",\"@id\":\"https:\\\/\\\/gentedebasquet.com.ar\\\/sitio\\\/2021\\\/01\\\/16\\\/pisani-vuelve-a-dirigir\\\/\",\"url\":\"https:\\\/\\\/gentedebasquet.com.ar\\\/sitio\\\/2021\\\/01\\\/16\\\/pisani-vuelve-a-dirigir\\\/\",\"name\":\"Pisani vuelve a dirigir - Gente de B\u00e1squet\",\"isPartOf\":{\"@id\":\"https:\\\/\\\/gentedebasquet.com.ar\\\/sitio\\\/#website\"},\"primaryImageOfPage\":{\"@id\":\"https:\\\/\\\/gentedebasquet.com.ar\\\/sitio\\\/2021\\\/01\\\/16\\\/pisani-vuelve-a-dirigir\\\/#primaryimage\"},\"image\":{\"@id\":\"https:\\\/\\\/gentedebasquet.com.ar\\\/sitio\\\/2021\\\/01\\\/16\\\/pisani-vuelve-a-dirigir\\\/#primaryimage\"},\"thumbnailUrl\":\"http:\\\/\\\/gentedebasquet.com.ar\\\/sitio\\\/wp-content\\\/uploads\\\/2019\\\/08\\\/Pisani-Bahia-Basket.jpg\",\"datePublished\":\"2021-01-16T17:59:23+00:00\",\"author\":{\"@id\":\"https:\\\/\\\/gentedebasquet.com.ar\\\/sitio\\\/#\\\/schema\\\/person\\\/ca0b63bbb977369988a7bbbdc519943a\"},\"breadcrumb\":{\"@id\":\"https:\\\/\\\/gentedebasquet.com.ar\\\/sitio\\\/2021\\\/01\\\/16\\\/pisani-vuelve-a-dirigir\\\/#breadcrumb\"},\"inLanguage\":\"es\",\"potentialAction\":[{\"@type\":\"ReadAction\",\"target\":[\"https:\\\/\\\/gentedebasquet.com.ar\\\/sitio\\\/2021\\\/01\\\/16\\\/pisani-vuelve-a-dirigir\\\/\"]}]},{\"@type\":\"ImageObject\",\"inLanguage\":\"es\",\"@id\":\"https:\\\/\\\/gentedebasquet.com.ar\\\/sitio\\\/2021\\\/01\\\/16\\\/pisani-vuelve-a-dirigir\\\/#primaryimage\",\"url\":\"http:\\\/\\\/gentedebasquet.com.ar\\\/sitio\\\/wp-content\\\/uploads\\\/2019\\\/08\\\/Pisani-Bahia-Basket.jpg\",\"contentUrl\":\"http:\\\/\\\/gentedebasquet.com.ar\\\/sitio\\\/wp-content\\\/uploads\\\/2019\\\/08\\\/Pisani-Bahia-Basket.jpg\",\"width\":690,\"height\":319},{\"@type\":\"BreadcrumbList\",\"@id\":\"https:\\\/\\\/gentedebasquet.com.ar\\\/sitio\\\/2021\\\/01\\\/16\\\/pisani-vuelve-a-dirigir\\\/#breadcrumb\",\"itemListElement\":[{\"@type\":\"ListItem\",\"position\":1,\"name\":\"Portada\",\"item\":\"https:\\\/\\\/gentedebasquet.com.ar\\\/sitio\\\/\"},{\"@type\":\"ListItem\",\"position\":2,\"name\":\"Pisani vuelve a dirigir\"}]},{\"@type\":\"WebSite\",\"@id\":\"https:\\\/\\\/gentedebasquet.com.ar\\\/sitio\\\/#website\",\"url\":\"https:\\\/\\\/gentedebasquet.com.ar\\\/sitio\\\/\",\"name\":\"Gente de B\u00e1squet\",\"description\":\"La revista del basquet de Bah\u00eda Blanca\",\"potentialAction\":[{\"@type\":\"SearchAction\",\"target\":{\"@type\":\"EntryPoint\",\"urlTemplate\":\"https:\\\/\\\/gentedebasquet.com.ar\\\/sitio\\\/?s={search_term_string}\"},\"query-input\":{\"@type\":\"PropertyValueSpecification\",\"valueRequired\":true,\"valueName\":\"search_term_string\"}}],\"inLanguage\":\"es\"},{\"@type\":\"Person\",\"@id\":\"https:\\\/\\\/gentedebasquet.com.ar\\\/sitio\\\/#\\\/schema\\\/person\\\/ca0b63bbb977369988a7bbbdc519943a\",\"name\":\"Gente de B\u00e1squet\",\"image\":{\"@type\":\"ImageObject\",\"inLanguage\":\"es\",\"@id\":\"https:\\\/\\\/secure.gravatar.com\\\/avatar\\\/7f2c48bdc33b30088f941fb6082e555f2874c98e20cb159d7b92b50eadfce793?s=96&d=mm&r=g\",\"url\":\"https:\\\/\\\/secure.gravatar.com\\\/avatar\\\/7f2c48bdc33b30088f941fb6082e555f2874c98e20cb159d7b92b50eadfce793?s=96&d=mm&r=g\",\"contentUrl\":\"https:\\\/\\\/secure.gravatar.com\\\/avatar\\\/7f2c48bdc33b30088f941fb6082e555f2874c98e20cb159d7b92b50eadfce793?s=96&d=mm&r=g\",\"caption\":\"Gente de B\u00e1squet\"},\"sameAs\":[\"http:\\\/\\\/gentedebasquet.com.ar\\\/sitio\"],\"url\":\"http:\\\/\\\/gentedebasquet.com.ar\\\/sitio\\\/author\\\/ulises\\\/\"}]}<\/script>\n<!-- \/ Yoast SEO plugin. -->","yoast_head_json":{"title":"Pisani vuelve a dirigir - Gente de B\u00e1squet","robots":{"index":"index","follow":"follow","max-snippet":"max-snippet:-1","max-image-preview":"max-image-preview:large","max-video-preview":"max-video-preview:-1"},"canonical":"https:\/\/gentedebasquet.com.ar\/sitio\/2021\/01\/16\/pisani-vuelve-a-dirigir\/","og_locale":"es_ES","og_type":"article","og_title":"Pisani vuelve a dirigir - Gente de B\u00e1squet","og_description":"Ser\u00e1 entrenador en jefe de Salta Basket en la pr\u00f3xima Liga Argentina","og_url":"https:\/\/gentedebasquet.com.ar\/sitio\/2021\/01\/16\/pisani-vuelve-a-dirigir\/","og_site_name":"Gente de B\u00e1squet","article_published_time":"2021-01-16T17:59:23+00:00","og_image":[{"width":690,"height":319,"url":"https:\/\/gentedebasquet.com.ar\/sitio\/wp-content\/uploads\/2019\/08\/Pisani-Bahia-Basket.jpg","type":"image\/jpeg"}],"author":"Gente de B\u00e1squet","twitter_card":"summary_large_image","twitter_misc":{"Escrito por":"Gente de B\u00e1squet","Tiempo de lectura":"2 minutos"},"schema":{"@context":"https:\/\/schema.org","@graph":[{"@type":"Article","@id":"https:\/\/gentedebasquet.com.ar\/sitio\/2021\/01\/16\/pisani-vuelve-a-dirigir\/#article","isPartOf":{"@id":"https:\/\/gentedebasquet.com.ar\/sitio\/2021\/01\/16\/pisani-vuelve-a-dirigir\/"},"author":{"name":"Gente de B\u00e1squet","@id":"https:\/\/gentedebasquet.com.ar\/sitio\/#\/schema\/person\/ca0b63bbb977369988a7bbbdc519943a"},"headline":"Pisani vuelve a dirigir","datePublished":"2021-01-16T17:59:23+00:00","mainEntityOfPage":{"@id":"https:\/\/gentedebasquet.com.ar\/sitio\/2021\/01\/16\/pisani-vuelve-a-dirigir\/"},"wordCount":499,"image":{"@id":"https:\/\/gentedebasquet.com.ar\/sitio\/2021\/01\/16\/pisani-vuelve-a-dirigir\/#primaryimage"},"thumbnailUrl":"http:\/\/gentedebasquet.com.ar\/sitio\/wp-content\/uploads\/2019\/08\/Pisani-Bahia-Basket.jpg","keywords":["Jos\u00e9 Luis Pisani","Liga Argentina","Salta Basket"],"articleSection":["Liga Argentina","Nacional","Slide"],"inLanguage":"es"},{"@type":"WebPage","@id":"https:\/\/gentedebasquet.com.ar\/sitio\/2021\/01\/16\/pisani-vuelve-a-dirigir\/","url":"https:\/\/gentedebasquet.com.ar\/sitio\/2021\/01\/16\/pisani-vuelve-a-dirigir\/","name":"Pisani vuelve a dirigir - Gente de B\u00e1squet","isPartOf":{"@id":"https:\/\/gentedebasquet.com.ar\/sitio\/#website"},"primaryImageOfPage":{"@id":"https:\/\/gentedebasquet.com.ar\/sitio\/2021\/01\/16\/pisani-vuelve-a-dirigir\/#primaryimage"},"image":{"@id":"https:\/\/gentedebasquet.com.ar\/sitio\/2021\/01\/16\/pisani-vuelve-a-dirigir\/#primaryimage"},"thumbnailUrl":"http:\/\/gentedebasquet.com.ar\/sitio\/wp-content\/uploads\/2019\/08\/Pisani-Bahia-Basket.jpg","datePublished":"2021-01-16T17:59:23+00:00","author":{"@id":"https:\/\/gentedebasquet.com.ar\/sitio\/#\/schema\/person\/ca0b63bbb977369988a7bbbdc519943a"},"breadcrumb":{"@id":"https:\/\/gentedebasquet.com.ar\/sitio\/2021\/01\/16\/pisani-vuelve-a-dirigir\/#breadcrumb"},"inLanguage":"es","potentialAction":[{"@type":"ReadAction","target":["https:\/\/gentedebasquet.com.ar\/sitio\/2021\/01\/16\/pisani-vuelve-a-dirigir\/"]}]},{"@type":"ImageObject","inLanguage":"es","@id":"https:\/\/gentedebasquet.com.ar\/sitio\/2021\/01\/16\/pisani-vuelve-a-dirigir\/#primaryimage","url":"http:\/\/gentedebasquet.com.ar\/sitio\/wp-content\/uploads\/2019\/08\/Pisani-Bahia-Basket.jpg","contentUrl":"http:\/\/gentedebasquet.com.ar\/sitio\/wp-content\/uploads\/2019\/08\/Pisani-Bahia-Basket.jpg","width":690,"height":319},{"@type":"BreadcrumbList","@id":"https:\/\/gentedebasquet.com.ar\/sitio\/2021\/01\/16\/pisani-vuelve-a-dirigir\/#breadcrumb","itemListElement":[{"@type":"ListItem","position":1,"name":"Portada","item":"https:\/\/gentedebasquet.com.ar\/sitio\/"},{"@type":"ListItem","position":2,"name":"Pisani vuelve a dirigir"}]},{"@type":"WebSite","@id":"https:\/\/gentedebasquet.com.ar\/sitio\/#website","url":"https:\/\/gentedebasquet.com.ar\/sitio\/","name":"Gente de B\u00e1squet","description":"La revista del basquet de Bah\u00eda Blanca","potentialAction":[{"@type":"SearchAction","target":{"@type":"EntryPoint","urlTemplate":"https:\/\/gentedebasquet.com.ar\/sitio\/?s={search_term_string}"},"query-input":{"@type":"PropertyValueSpecification","valueRequired":true,"valueName":"search_term_string"}}],"inLanguage":"es"},{"@type":"Person","@id":"https:\/\/gentedebasquet.com.ar\/sitio\/#\/schema\/person\/ca0b63bbb977369988a7bbbdc519943a","name":"Gente de B\u00e1squet","image":{"@type":"ImageObject","inLanguage":"es","@id":"https:\/\/secure.gravatar.com\/avatar\/7f2c48bdc33b30088f941fb6082e555f2874c98e20cb159d7b92b50eadfce793?s=96&d=mm&r=g","url":"https:\/\/secure.gravatar.com\/avatar\/7f2c48bdc33b30088f941fb6082e555f2874c98e20cb159d7b92b50eadfce793?s=96&d=mm&r=g","contentUrl":"https:\/\/secure.gravatar.com\/avatar\/7f2c48bdc33b30088f941fb6082e555f2874c98e20cb159d7b92b50eadfce793?s=96&d=mm&r=g","caption":"Gente de B\u00e1squet"},"sameAs":["http:\/\/gentedebasquet.com.ar\/sitio"],"url":"http:\/\/gentedebasquet.com.ar\/sitio\/author\/ulises\/"}]}},"_links":{"self":[{"href":"http:\/\/gentedebasquet.com.ar\/sitio\/wp-json\/wp\/v2\/posts\/98863","targetHints":{"allow":["GET"]}}],"collection":[{"href":"http:\/\/gentedebasquet.com.ar\/sitio\/wp-json\/wp\/v2\/posts"}],"about":[{"href":"http:\/\/gentedebasquet.com.ar\/sitio\/wp-json\/wp\/v2\/types\/post"}],"author":[{"embeddable":true,"href":"http:\/\/gentedebasquet.com.ar\/sitio\/wp-json\/wp\/v2\/users\/1"}],"replies":[{"embeddable":true,"href":"http:\/\/gentedebasquet.com.ar\/sitio\/wp-json\/wp\/v2\/comments?post=98863"}],"version-history":[{"count":0,"href":"http:\/\/gentedebasquet.com.ar\/sitio\/wp-json\/wp\/v2\/posts\/98863\/revisions"}],"wp:featuredmedia":[{"embeddable":true,"href":"http:\/\/gentedebasquet.com.ar\/sitio\/wp-json\/wp\/v2\/media\/94757"}],"wp:attachment":[{"href":"http:\/\/gentedebasquet.com.ar\/sitio\/wp-json\/wp\/v2\/media?parent=98863"}],"wp:term":[{"taxonomy":"category","embeddable":true,"href":"http:\/\/gentedebasquet.com.ar\/sitio\/wp-json\/wp\/v2\/categories?post=98863"},{"taxonomy":"post_tag","embeddable":true,"href":"http:\/\/gentedebasquet.com.ar\/sitio\/wp-json\/wp\/v2\/tags?post=98863"}],"curies":[{"name":"wp","href":"https:\/\/api.w.org\/{rel}","templated":true}]}}