{"id":98920,"date":"2021-03-19T23:55:23","date_gmt":"2021-03-20T02:55:23","guid":{"rendered":"http:\/\/www.gentedebasquet.com.ar\/?p=98920"},"modified":"2021-03-19T23:55:23","modified_gmt":"2021-03-20T02:55:23","slug":"otto-arranque-excepcional","status":"publish","type":"post","link":"http:\/\/gentedebasquet.com.ar\/sitio\/2021\/03\/19\/otto-arranque-excepcional\/","title":{"rendered":"Otto arranque excepcional"},"content":{"rendered":"<p><b>Tras 448 d\u00edas sin actividad, volvi\u00f3 a ver acci\u00f3n el torneo de Primera Divisi\u00f3n. En el William Harding Green, Leandro N. Alem se hizo fuerte, domin\u00f3 durante los 40 minutos y termin\u00f3 derrotando a Pac\u00edfico por 92 a 78. S\u00ed bien los dirigidos por Andr\u00e9s Iannamico jugaron un gran 3C y lograron achicar a 7, jam\u00e1s encontraron el resto necesario para torcerle el brazo al verdirrojo. En el elenco de Mauro Polla se destac\u00f3 Octavio Cancellarich, quien encest\u00f3 20 puntos con 4 triples incluidos. El n\u00famero 8 de Alem estuvo bien secundado por Santiago Pascual (16), Felipe Mandolesi (14), Santiago Loos (12) y Pedro Santiago (10). Por parte del verde, sobresali\u00f3 Jorge Garc\u00eda con 25 puntos.<\/b><\/p>\n<p><a href=\"http:\/\/www.gentedebasquet.com.ar\/wp-content\/uploads\/2021\/03\/Gif-Publicidades-1-1.gif\"><img decoding=\"async\" class=\"size-full wp-image-98930 aligncenter\" src=\"http:\/\/www.gentedebasquet.com.ar\/wp-content\/uploads\/2021\/03\/Gif-Publicidades-1-1.gif\" alt=\"\" width=\"300\" height=\"250\" \/><\/a><\/p>\n<p style=\"text-align: center;\">[youtube]https:\/\/www.youtube.com\/watch?v=IADdCPPamLI[\/youtube]<\/p>\n<p>&nbsp;<\/p>\n<p><a href=\"http:\/\/www.gentedebasquet.com.ar\/wp-content\/uploads\/2021\/03\/Gif-Publicidades-2-1.gif\"><img decoding=\"async\" class=\"size-full wp-image-98931 aligncenter\" src=\"http:\/\/www.gentedebasquet.com.ar\/wp-content\/uploads\/2021\/03\/Gif-Publicidades-2-1.gif\" alt=\"\" width=\"300\" height=\"250\" \/><\/a><\/p>\n<p><a href=\"http:\/\/www.gentedebasquet.com.ar\/wp-content\/uploads\/2021\/03\/Octavio-Cancellarich-MVP.png\"><img decoding=\"async\" class=\"aligncenter wp-image-98964\" src=\"http:\/\/www.gentedebasquet.com.ar\/wp-content\/uploads\/2021\/03\/Octavio-Cancellarich-MVP-300x300.png\" alt=\"\" width=\"500\" height=\"500\" srcset=\"http:\/\/gentedebasquet.com.ar\/sitio\/wp-content\/uploads\/2021\/03\/Octavio-Cancellarich-MVP-300x300.png 300w, http:\/\/gentedebasquet.com.ar\/sitio\/wp-content\/uploads\/2021\/03\/Octavio-Cancellarich-MVP-1024x1024.png 1024w, http:\/\/gentedebasquet.com.ar\/sitio\/wp-content\/uploads\/2021\/03\/Octavio-Cancellarich-MVP-150x150.png 150w, http:\/\/gentedebasquet.com.ar\/sitio\/wp-content\/uploads\/2021\/03\/Octavio-Cancellarich-MVP-768x768.png 768w, http:\/\/gentedebasquet.com.ar\/sitio\/wp-content\/uploads\/2021\/03\/Octavio-Cancellarich-MVP-1536x1536.png 1536w, http:\/\/gentedebasquet.com.ar\/sitio\/wp-content\/uploads\/2021\/03\/Octavio-Cancellarich-MVP.png 2000w\" sizes=\"(max-width: 500px) 100vw, 500px\" \/><\/a><\/p>\n<p>&nbsp;<\/p>\n<p><a href=\"http:\/\/www.gentedebasquet.com.ar\/wp-content\/uploads\/2021\/03\/Octavio-Cancellarich.jpg\"><img decoding=\"async\" class=\"aligncenter wp-image-98971 size-full\" src=\"http:\/\/www.gentedebasquet.com.ar\/wp-content\/uploads\/2021\/03\/Octavio-Cancellarich.jpg\" alt=\"\" width=\"640\" height=\"480\" srcset=\"http:\/\/gentedebasquet.com.ar\/sitio\/wp-content\/uploads\/2021\/03\/Octavio-Cancellarich.jpg 640w, http:\/\/gentedebasquet.com.ar\/sitio\/wp-content\/uploads\/2021\/03\/Octavio-Cancellarich-300x225.jpg 300w\" sizes=\"(max-width: 640px) 100vw, 640px\" \/><\/a><\/p>\n<blockquote>\n<p style=\"text-align: center;\">\u00abLa verdad que despu\u00e9s de m\u00e1s de 400 d\u00edas sin jugar al b\u00e1squet, volver es una locura. El a\u00f1o pasado pens\u00e9 que no \u00edbamos a volver a jugar por dos a\u00f1os m\u00e1s o menos, as\u00ed que estoy muy contento. Arrancar un partido 10\/12\/15 puntos arriba no me lo esperaba, aunque hace m\u00e1s de un mes y medio que venimos prepar\u00e1ndonos para este partido y los que vienen obviamente. La victoria del equipo se bas\u00f3 en jugar en equipo, en no forzar tiros y m\u00e1s que todo en que entraron las pelotas que ten\u00edan que entrar en el primer tiempo y en el 4C defendimos muy bien (Octavio Cancellarich)\u00bb<\/p>\n<\/blockquote>\n<p><a href=\"http:\/\/www.gentedebasquet.com.ar\/wp-content\/uploads\/2021\/03\/Gif-Publicidades-3-2.gif\"><img decoding=\"async\" class=\"size-full wp-image-98947 aligncenter\" src=\"http:\/\/www.gentedebasquet.com.ar\/wp-content\/uploads\/2021\/03\/Gif-Publicidades-3-2.gif\" alt=\"\" width=\"300\" height=\"250\" \/><\/a><\/p>\n<p><strong>S\u00edntesis |<\/strong>\u00a0Primera Divisi\u00f3n \u2013 Fecha #1 &#8211; Zona A<\/p>\n<p><strong>Pac\u00edfico 78:<\/strong>\u00a0Nicol\u00e1s S\u00e1nchez 15, Facundo Wattson 7, Sebasti\u00e1n Far\u00edas 8, Bautista Olivera 4 y Jorge Garc\u00eda 25 (FI); Esteban Richotti 0, Gustavo Banchero 0,\u00a0 Mat\u00edas Ponzoni 14, Nicotra 1, Juan Cruz Redivo 2 y Baltasar Dom\u00ednguez 2. DT: Andr\u00e9s Iannamico.<\/p>\n<p><strong>Leandro N. Alem 92:<\/strong>\u00a0Octavio Cancellarich 20, Santiago Loos 12, Santiago Pascual 16, Felipe Mandolesi 14 y Alan Gonz\u00e1lez 9 (FI); Juan Cruz Mambretti 0, P. Lorenzo 2, Mateo Murphy 0, Lautaro Cavero 9 y Pedro Santiago 10. DT: Mauro Polla.<\/p>\n<p><strong>Parciales:<\/strong>\u00a012-30, 36-55 (24-25), 68-76 (32-21) y 78-92 (10-16).<\/p>\n<p><strong>\u00c1rbitros:<\/strong> Horacio Serd\u00e1n &#8211; Juan Gabriel Jaramillo &#8211; Mauro Guallan.<\/p>\n<p><strong>Estadio:<\/strong>\u00a0William Harding Green (Pac\u00edfico).<\/p>\n<p><a href=\"http:\/\/www.gentedebasquet.com.ar\/wp-content\/uploads\/2021\/03\/Pac\u00edfico-vs-Alem-CLAVE.png\"><img decoding=\"async\" class=\"aligncenter wp-image-98965\" src=\"http:\/\/www.gentedebasquet.com.ar\/wp-content\/uploads\/2021\/03\/Pac\u00edfico-vs-Alem-CLAVE-300x300.png\" alt=\"\" width=\"500\" height=\"500\" \/><\/a><\/p>\n<p><a href=\"http:\/\/www.gentedebasquet.com.ar\/wp-content\/uploads\/2021\/03\/Pac\u00edfico-Leandro-N.-Alem-2.jpg\"><img decoding=\"async\" class=\"aligncenter wp-image-98972 size-full\" src=\"http:\/\/www.gentedebasquet.com.ar\/wp-content\/uploads\/2021\/03\/Pac\u00edfico-Leandro-N.-Alem-2.jpg\" alt=\"\" width=\"690\" height=\"480\" \/><\/a><\/p>\n","protected":false},"excerpt":{"rendered":"<p>Tras 448 d\u00edas sin b\u00e1squet, Alem volvi\u00f3 al ruedo venciendo a Pac\u00edfico por 92 a 78.<\/p>\n","protected":false},"author":1,"featured_media":98981,"comment_status":"closed","ping_status":"open","sticky":false,"template":"","format":"standard","meta":{"jnews-multi-image_gallery":[],"jnews_single_post":[],"jnews_primary_category":[],"footnotes":""},"categories":[23,101],"tags":[785,929,89,1758,561,484,1268,1824,1719,555],"class_list":["post-98920","post","type-post","status-publish","format-standard","has-post-thumbnail","hentry","category-primera","category-slide","tag-andres-iannamico","tag-felipe-mandolesi","tag-jorge-garcia","tag-matias-ponzoni","tag-mauro-polla","tag-nicolas-sanchez","tag-octavio-cancellarich","tag-pedro-santiago","tag-santiago-loos","tag-santiago-pascual"],"yoast_head":"<!-- This site is optimized with the Yoast SEO plugin v27.5 - https:\/\/yoast.com\/product\/yoast-seo-wordpress\/ -->\n<title>Otto arranque excepcional - Gente de B\u00e1squet<\/title>\n<meta name=\"robots\" content=\"index, follow, max-snippet:-1, max-image-preview:large, max-video-preview:-1\" \/>\n<link rel=\"canonical\" href=\"http:\/\/gentedebasquet.com.ar\/sitio\/2021\/03\/19\/otto-arranque-excepcional\/\" \/>\n<meta property=\"og:locale\" content=\"es_ES\" \/>\n<meta property=\"og:type\" content=\"article\" \/>\n<meta property=\"og:title\" content=\"Otto arranque excepcional - Gente de B\u00e1squet\" \/>\n<meta property=\"og:description\" content=\"Tras 448 d\u00edas sin b\u00e1squet, Alem volvi\u00f3 al ruedo venciendo a Pac\u00edfico por 92 a 78.\" \/>\n<meta property=\"og:url\" content=\"http:\/\/gentedebasquet.com.ar\/sitio\/2021\/03\/19\/otto-arranque-excepcional\/\" \/>\n<meta property=\"og:site_name\" content=\"Gente de B\u00e1squet\" \/>\n<meta property=\"article:published_time\" content=\"2021-03-20T02:55:23+00:00\" \/>\n<meta property=\"og:image\" content=\"http:\/\/gentedebasquet.com.ar\/sitio\/wp-content\/uploads\/2021\/03\/Pacifico-Leandro-N.-Alem-1-1.jpg\" \/>\n\t<meta property=\"og:image:width\" content=\"690\" \/>\n\t<meta property=\"og:image:height\" content=\"319\" \/>\n\t<meta property=\"og:image:type\" content=\"image\/jpeg\" \/>\n<meta name=\"author\" content=\"Gente de B\u00e1squet\" \/>\n<meta name=\"twitter:card\" content=\"summary_large_image\" \/>\n<meta name=\"twitter:label1\" content=\"Escrito por\" \/>\n\t<meta name=\"twitter:data1\" content=\"Gente de B\u00e1squet\" \/>\n\t<meta name=\"twitter:label2\" content=\"Tiempo de lectura\" \/>\n\t<meta name=\"twitter:data2\" content=\"2 minutos\" \/>\n<script type=\"application\/ld+json\" class=\"yoast-schema-graph\">{\"@context\":\"https:\\\/\\\/schema.org\",\"@graph\":[{\"@type\":\"Article\",\"@id\":\"http:\\\/\\\/gentedebasquet.com.ar\\\/sitio\\\/2021\\\/03\\\/19\\\/otto-arranque-excepcional\\\/#article\",\"isPartOf\":{\"@id\":\"http:\\\/\\\/gentedebasquet.com.ar\\\/sitio\\\/2021\\\/03\\\/19\\\/otto-arranque-excepcional\\\/\"},\"author\":{\"name\":\"Gente de B\u00e1squet\",\"@id\":\"https:\\\/\\\/gentedebasquet.com.ar\\\/sitio\\\/#\\\/schema\\\/person\\\/ca0b63bbb977369988a7bbbdc519943a\"},\"headline\":\"Otto arranque excepcional\",\"datePublished\":\"2021-03-20T02:55:23+00:00\",\"mainEntityOfPage\":{\"@id\":\"http:\\\/\\\/gentedebasquet.com.ar\\\/sitio\\\/2021\\\/03\\\/19\\\/otto-arranque-excepcional\\\/\"},\"wordCount\":346,\"image\":{\"@id\":\"http:\\\/\\\/gentedebasquet.com.ar\\\/sitio\\\/2021\\\/03\\\/19\\\/otto-arranque-excepcional\\\/#primaryimage\"},\"thumbnailUrl\":\"http:\\\/\\\/gentedebasquet.com.ar\\\/sitio\\\/wp-content\\\/uploads\\\/2021\\\/03\\\/Pacifico-Leandro-N.-Alem-1-1.jpg\",\"keywords\":[\"Andr\u00e9s Iannamico\",\"Felipe Mandolesi\",\"Jorge Garc\u00eda\",\"Mat\u00edas Ponzoni\",\"Mauro Polla\",\"Nicol\u00e1s S\u00e1nchez\",\"Octavio Cancellarich\",\"Pedro Santiago\",\"Santiago Loos\",\"Santiago Pascual\"],\"articleSection\":[\"Primera\",\"Slide\"],\"inLanguage\":\"es\"},{\"@type\":\"WebPage\",\"@id\":\"http:\\\/\\\/gentedebasquet.com.ar\\\/sitio\\\/2021\\\/03\\\/19\\\/otto-arranque-excepcional\\\/\",\"url\":\"http:\\\/\\\/gentedebasquet.com.ar\\\/sitio\\\/2021\\\/03\\\/19\\\/otto-arranque-excepcional\\\/\",\"name\":\"Otto arranque excepcional - Gente de B\u00e1squet\",\"isPartOf\":{\"@id\":\"https:\\\/\\\/gentedebasquet.com.ar\\\/sitio\\\/#website\"},\"primaryImageOfPage\":{\"@id\":\"http:\\\/\\\/gentedebasquet.com.ar\\\/sitio\\\/2021\\\/03\\\/19\\\/otto-arranque-excepcional\\\/#primaryimage\"},\"image\":{\"@id\":\"http:\\\/\\\/gentedebasquet.com.ar\\\/sitio\\\/2021\\\/03\\\/19\\\/otto-arranque-excepcional\\\/#primaryimage\"},\"thumbnailUrl\":\"http:\\\/\\\/gentedebasquet.com.ar\\\/sitio\\\/wp-content\\\/uploads\\\/2021\\\/03\\\/Pacifico-Leandro-N.-Alem-1-1.jpg\",\"datePublished\":\"2021-03-20T02:55:23+00:00\",\"author\":{\"@id\":\"https:\\\/\\\/gentedebasquet.com.ar\\\/sitio\\\/#\\\/schema\\\/person\\\/ca0b63bbb977369988a7bbbdc519943a\"},\"breadcrumb\":{\"@id\":\"http:\\\/\\\/gentedebasquet.com.ar\\\/sitio\\\/2021\\\/03\\\/19\\\/otto-arranque-excepcional\\\/#breadcrumb\"},\"inLanguage\":\"es\",\"potentialAction\":[{\"@type\":\"ReadAction\",\"target\":[\"http:\\\/\\\/gentedebasquet.com.ar\\\/sitio\\\/2021\\\/03\\\/19\\\/otto-arranque-excepcional\\\/\"]}]},{\"@type\":\"ImageObject\",\"inLanguage\":\"es\",\"@id\":\"http:\\\/\\\/gentedebasquet.com.ar\\\/sitio\\\/2021\\\/03\\\/19\\\/otto-arranque-excepcional\\\/#primaryimage\",\"url\":\"http:\\\/\\\/gentedebasquet.com.ar\\\/sitio\\\/wp-content\\\/uploads\\\/2021\\\/03\\\/Pacifico-Leandro-N.-Alem-1-1.jpg\",\"contentUrl\":\"http:\\\/\\\/gentedebasquet.com.ar\\\/sitio\\\/wp-content\\\/uploads\\\/2021\\\/03\\\/Pacifico-Leandro-N.-Alem-1-1.jpg\",\"width\":690,\"height\":319},{\"@type\":\"BreadcrumbList\",\"@id\":\"http:\\\/\\\/gentedebasquet.com.ar\\\/sitio\\\/2021\\\/03\\\/19\\\/otto-arranque-excepcional\\\/#breadcrumb\",\"itemListElement\":[{\"@type\":\"ListItem\",\"position\":1,\"name\":\"Portada\",\"item\":\"https:\\\/\\\/gentedebasquet.com.ar\\\/sitio\\\/\"},{\"@type\":\"ListItem\",\"position\":2,\"name\":\"Otto arranque excepcional\"}]},{\"@type\":\"WebSite\",\"@id\":\"https:\\\/\\\/gentedebasquet.com.ar\\\/sitio\\\/#website\",\"url\":\"https:\\\/\\\/gentedebasquet.com.ar\\\/sitio\\\/\",\"name\":\"Gente de B\u00e1squet\",\"description\":\"La revista del basquet de Bah\u00eda Blanca\",\"potentialAction\":[{\"@type\":\"SearchAction\",\"target\":{\"@type\":\"EntryPoint\",\"urlTemplate\":\"https:\\\/\\\/gentedebasquet.com.ar\\\/sitio\\\/?s={search_term_string}\"},\"query-input\":{\"@type\":\"PropertyValueSpecification\",\"valueRequired\":true,\"valueName\":\"search_term_string\"}}],\"inLanguage\":\"es\"},{\"@type\":\"Person\",\"@id\":\"https:\\\/\\\/gentedebasquet.com.ar\\\/sitio\\\/#\\\/schema\\\/person\\\/ca0b63bbb977369988a7bbbdc519943a\",\"name\":\"Gente de B\u00e1squet\",\"image\":{\"@type\":\"ImageObject\",\"inLanguage\":\"es\",\"@id\":\"https:\\\/\\\/secure.gravatar.com\\\/avatar\\\/7f2c48bdc33b30088f941fb6082e555f2874c98e20cb159d7b92b50eadfce793?s=96&d=mm&r=g\",\"url\":\"https:\\\/\\\/secure.gravatar.com\\\/avatar\\\/7f2c48bdc33b30088f941fb6082e555f2874c98e20cb159d7b92b50eadfce793?s=96&d=mm&r=g\",\"contentUrl\":\"https:\\\/\\\/secure.gravatar.com\\\/avatar\\\/7f2c48bdc33b30088f941fb6082e555f2874c98e20cb159d7b92b50eadfce793?s=96&d=mm&r=g\",\"caption\":\"Gente de B\u00e1squet\"},\"sameAs\":[\"http:\\\/\\\/gentedebasquet.com.ar\\\/sitio\"],\"url\":\"http:\\\/\\\/gentedebasquet.com.ar\\\/sitio\\\/author\\\/ulises\\\/\"}]}<\/script>\n<!-- \/ Yoast SEO plugin. -->","yoast_head_json":{"title":"Otto arranque excepcional - Gente de B\u00e1squet","robots":{"index":"index","follow":"follow","max-snippet":"max-snippet:-1","max-image-preview":"max-image-preview:large","max-video-preview":"max-video-preview:-1"},"canonical":"http:\/\/gentedebasquet.com.ar\/sitio\/2021\/03\/19\/otto-arranque-excepcional\/","og_locale":"es_ES","og_type":"article","og_title":"Otto arranque excepcional - Gente de B\u00e1squet","og_description":"Tras 448 d\u00edas sin b\u00e1squet, Alem volvi\u00f3 al ruedo venciendo a Pac\u00edfico por 92 a 78.","og_url":"http:\/\/gentedebasquet.com.ar\/sitio\/2021\/03\/19\/otto-arranque-excepcional\/","og_site_name":"Gente de B\u00e1squet","article_published_time":"2021-03-20T02:55:23+00:00","og_image":[{"width":690,"height":319,"url":"http:\/\/gentedebasquet.com.ar\/sitio\/wp-content\/uploads\/2021\/03\/Pacifico-Leandro-N.-Alem-1-1.jpg","type":"image\/jpeg"}],"author":"Gente de B\u00e1squet","twitter_card":"summary_large_image","twitter_misc":{"Escrito por":"Gente de B\u00e1squet","Tiempo de lectura":"2 minutos"},"schema":{"@context":"https:\/\/schema.org","@graph":[{"@type":"Article","@id":"http:\/\/gentedebasquet.com.ar\/sitio\/2021\/03\/19\/otto-arranque-excepcional\/#article","isPartOf":{"@id":"http:\/\/gentedebasquet.com.ar\/sitio\/2021\/03\/19\/otto-arranque-excepcional\/"},"author":{"name":"Gente de B\u00e1squet","@id":"https:\/\/gentedebasquet.com.ar\/sitio\/#\/schema\/person\/ca0b63bbb977369988a7bbbdc519943a"},"headline":"Otto arranque excepcional","datePublished":"2021-03-20T02:55:23+00:00","mainEntityOfPage":{"@id":"http:\/\/gentedebasquet.com.ar\/sitio\/2021\/03\/19\/otto-arranque-excepcional\/"},"wordCount":346,"image":{"@id":"http:\/\/gentedebasquet.com.ar\/sitio\/2021\/03\/19\/otto-arranque-excepcional\/#primaryimage"},"thumbnailUrl":"http:\/\/gentedebasquet.com.ar\/sitio\/wp-content\/uploads\/2021\/03\/Pacifico-Leandro-N.-Alem-1-1.jpg","keywords":["Andr\u00e9s Iannamico","Felipe Mandolesi","Jorge Garc\u00eda","Mat\u00edas Ponzoni","Mauro Polla","Nicol\u00e1s S\u00e1nchez","Octavio Cancellarich","Pedro Santiago","Santiago Loos","Santiago Pascual"],"articleSection":["Primera","Slide"],"inLanguage":"es"},{"@type":"WebPage","@id":"http:\/\/gentedebasquet.com.ar\/sitio\/2021\/03\/19\/otto-arranque-excepcional\/","url":"http:\/\/gentedebasquet.com.ar\/sitio\/2021\/03\/19\/otto-arranque-excepcional\/","name":"Otto arranque excepcional - Gente de B\u00e1squet","isPartOf":{"@id":"https:\/\/gentedebasquet.com.ar\/sitio\/#website"},"primaryImageOfPage":{"@id":"http:\/\/gentedebasquet.com.ar\/sitio\/2021\/03\/19\/otto-arranque-excepcional\/#primaryimage"},"image":{"@id":"http:\/\/gentedebasquet.com.ar\/sitio\/2021\/03\/19\/otto-arranque-excepcional\/#primaryimage"},"thumbnailUrl":"http:\/\/gentedebasquet.com.ar\/sitio\/wp-content\/uploads\/2021\/03\/Pacifico-Leandro-N.-Alem-1-1.jpg","datePublished":"2021-03-20T02:55:23+00:00","author":{"@id":"https:\/\/gentedebasquet.com.ar\/sitio\/#\/schema\/person\/ca0b63bbb977369988a7bbbdc519943a"},"breadcrumb":{"@id":"http:\/\/gentedebasquet.com.ar\/sitio\/2021\/03\/19\/otto-arranque-excepcional\/#breadcrumb"},"inLanguage":"es","potentialAction":[{"@type":"ReadAction","target":["http:\/\/gentedebasquet.com.ar\/sitio\/2021\/03\/19\/otto-arranque-excepcional\/"]}]},{"@type":"ImageObject","inLanguage":"es","@id":"http:\/\/gentedebasquet.com.ar\/sitio\/2021\/03\/19\/otto-arranque-excepcional\/#primaryimage","url":"http:\/\/gentedebasquet.com.ar\/sitio\/wp-content\/uploads\/2021\/03\/Pacifico-Leandro-N.-Alem-1-1.jpg","contentUrl":"http:\/\/gentedebasquet.com.ar\/sitio\/wp-content\/uploads\/2021\/03\/Pacifico-Leandro-N.-Alem-1-1.jpg","width":690,"height":319},{"@type":"BreadcrumbList","@id":"http:\/\/gentedebasquet.com.ar\/sitio\/2021\/03\/19\/otto-arranque-excepcional\/#breadcrumb","itemListElement":[{"@type":"ListItem","position":1,"name":"Portada","item":"https:\/\/gentedebasquet.com.ar\/sitio\/"},{"@type":"ListItem","position":2,"name":"Otto arranque excepcional"}]},{"@type":"WebSite","@id":"https:\/\/gentedebasquet.com.ar\/sitio\/#website","url":"https:\/\/gentedebasquet.com.ar\/sitio\/","name":"Gente de B\u00e1squet","description":"La revista del basquet de Bah\u00eda Blanca","potentialAction":[{"@type":"SearchAction","target":{"@type":"EntryPoint","urlTemplate":"https:\/\/gentedebasquet.com.ar\/sitio\/?s={search_term_string}"},"query-input":{"@type":"PropertyValueSpecification","valueRequired":true,"valueName":"search_term_string"}}],"inLanguage":"es"},{"@type":"Person","@id":"https:\/\/gentedebasquet.com.ar\/sitio\/#\/schema\/person\/ca0b63bbb977369988a7bbbdc519943a","name":"Gente de B\u00e1squet","image":{"@type":"ImageObject","inLanguage":"es","@id":"https:\/\/secure.gravatar.com\/avatar\/7f2c48bdc33b30088f941fb6082e555f2874c98e20cb159d7b92b50eadfce793?s=96&d=mm&r=g","url":"https:\/\/secure.gravatar.com\/avatar\/7f2c48bdc33b30088f941fb6082e555f2874c98e20cb159d7b92b50eadfce793?s=96&d=mm&r=g","contentUrl":"https:\/\/secure.gravatar.com\/avatar\/7f2c48bdc33b30088f941fb6082e555f2874c98e20cb159d7b92b50eadfce793?s=96&d=mm&r=g","caption":"Gente de B\u00e1squet"},"sameAs":["http:\/\/gentedebasquet.com.ar\/sitio"],"url":"http:\/\/gentedebasquet.com.ar\/sitio\/author\/ulises\/"}]}},"_links":{"self":[{"href":"http:\/\/gentedebasquet.com.ar\/sitio\/wp-json\/wp\/v2\/posts\/98920","targetHints":{"allow":["GET"]}}],"collection":[{"href":"http:\/\/gentedebasquet.com.ar\/sitio\/wp-json\/wp\/v2\/posts"}],"about":[{"href":"http:\/\/gentedebasquet.com.ar\/sitio\/wp-json\/wp\/v2\/types\/post"}],"author":[{"embeddable":true,"href":"http:\/\/gentedebasquet.com.ar\/sitio\/wp-json\/wp\/v2\/users\/1"}],"replies":[{"embeddable":true,"href":"http:\/\/gentedebasquet.com.ar\/sitio\/wp-json\/wp\/v2\/comments?post=98920"}],"version-history":[{"count":0,"href":"http:\/\/gentedebasquet.com.ar\/sitio\/wp-json\/wp\/v2\/posts\/98920\/revisions"}],"wp:featuredmedia":[{"embeddable":true,"href":"http:\/\/gentedebasquet.com.ar\/sitio\/wp-json\/wp\/v2\/media\/98981"}],"wp:attachment":[{"href":"http:\/\/gentedebasquet.com.ar\/sitio\/wp-json\/wp\/v2\/media?parent=98920"}],"wp:term":[{"taxonomy":"category","embeddable":true,"href":"http:\/\/gentedebasquet.com.ar\/sitio\/wp-json\/wp\/v2\/categories?post=98920"},{"taxonomy":"post_tag","embeddable":true,"href":"http:\/\/gentedebasquet.com.ar\/sitio\/wp-json\/wp\/v2\/tags?post=98920"}],"curies":[{"name":"wp","href":"https:\/\/api.w.org\/{rel}","templated":true}]}}