{"id":100528,"date":"2021-10-06T01:21:18","date_gmt":"2021-10-06T04:21:18","guid":{"rendered":"http:\/\/www.gentedebasquet.com.ar\/?p=100528"},"modified":"2021-10-06T01:21:18","modified_gmt":"2021-10-06T04:21:18","slug":"tercera-al-hilo-para-los-aviones-azules","status":"publish","type":"post","link":"https:\/\/gentedebasquet.com.ar\/sitio\/2021\/10\/06\/tercera-al-hilo-para-los-aviones-azules\/","title":{"rendered":"Tercera al hilo para los aviones azules"},"content":{"rendered":"<p>Por la quinta fecha del torneo de segunda divisi\u00f3n, en Ingeniero White se enfrentaron Whitense y La Falda. El encuentro se lo llev\u00f3 el local 84-76 y con esta victoria revirti\u00f3 el score a 3-2.<\/p>\n<p>El inicio del encuentro fue parejo (22-23), La Falda se llev\u00f3 el 1c elaborando una buena tarea defensiva y siendo efectivo en sus ataques de la mano de su figura Lautaro Berges (22 pts, 9 reb). Por su parte Whitense ,al chocarse con la cerrada defensa del visitante, opt\u00f3 por el tiro de tres puntos y fue clave la mano caliente de Juli\u00e1n Carminatti (21 pts, 7\/10 en el 1t).<\/p>\n<p>El 2c fue el quiebre, Whitense se llev\u00f3 el periodo 25-14 y adem\u00e1s de su figura Carminatti, quien anot\u00f3 todas sus unidades en la primera parte, sum\u00f3 el protagonismo de Santiago Bussetti (20 pts, 5 reb). La Falda ces\u00f3 con su presi\u00f3n alta.<\/p>\n<p>A la salida del entretiempo, los aviones azules extendieron la ventaja llev\u00e1ndose el 3c (19-10) y concretando la m\u00e1xima diferencia del encuentro (19). Santiago Soriano (14 pts) y Bruno Pedrosa (13 pts) tambi\u00e9n fueron importantes en el goleo local.<\/p>\n<p>Los de \u00c1lvarez jugaron el ultimo cuarto similar a como hab\u00edan jugado el primero y se lo llevaron 18-29. Presionaron al local por toda la cancha y acortaron la diferencia. Sebasti\u00e1n Ranieri (18 pts) fue otro de los destacados en la visita. Aun as\u00ed al visitante no le alcanz\u00f3 ese repunte y los de\u00a0Romerniszyn sumaron su tercer victoria al hilo.<\/p>\n<p>&nbsp;<\/p>\n<p>&nbsp;<\/p>\n<p><a href=\"http:\/\/www.gentedebasquet.com.ar\/wp-content\/uploads\/2021\/09\/Gif-Publicidades-1-1.gif\"><img decoding=\"async\" class=\"alignnone size-full wp-image-99870\" src=\"http:\/\/www.gentedebasquet.com.ar\/wp-content\/uploads\/2021\/09\/Gif-Publicidades-1-1.gif\" alt=\"\" width=\"300\" height=\"250\" \/><\/a><\/p>\n<p><iframe loading=\"lazy\" title=\"YouTube video player\" src=\"https:\/\/www.youtube.com\/embed\/i6Wr5I9Y-KI\" width=\"560\" height=\"315\" frameborder=\"0\" allowfullscreen=\"allowfullscreen\"><\/iframe><\/p>\n<p><a href=\"http:\/\/www.gentedebasquet.com.ar\/wp-content\/uploads\/2021\/09\/Gif-Publicidades-2.gif\"><img decoding=\"async\" class=\"alignnone size-full wp-image-99871\" src=\"http:\/\/www.gentedebasquet.com.ar\/wp-content\/uploads\/2021\/09\/Gif-Publicidades-2.gif\" alt=\"\" width=\"300\" height=\"250\" \/><\/a><\/p>\n<p><a href=\"http:\/\/www.gentedebasquet.com.ar\/wp-content\/uploads\/2021\/10\/MvpCarminattti-1.jpg\"><img decoding=\"async\" class=\"alignnone size-medium wp-image-100546\" src=\"http:\/\/www.gentedebasquet.com.ar\/wp-content\/uploads\/2021\/10\/MvpCarminattti-1-300x300.jpg\" alt=\"\" width=\"300\" height=\"300\" srcset=\"https:\/\/gentedebasquet.com.ar\/sitio\/wp-content\/uploads\/2021\/10\/MvpCarminattti-1-300x300.jpg 300w, https:\/\/gentedebasquet.com.ar\/sitio\/wp-content\/uploads\/2021\/10\/MvpCarminattti-1-1024x1024.jpg 1024w, https:\/\/gentedebasquet.com.ar\/sitio\/wp-content\/uploads\/2021\/10\/MvpCarminattti-1-150x150.jpg 150w, https:\/\/gentedebasquet.com.ar\/sitio\/wp-content\/uploads\/2021\/10\/MvpCarminattti-1-768x768.jpg 768w, https:\/\/gentedebasquet.com.ar\/sitio\/wp-content\/uploads\/2021\/10\/MvpCarminattti-1-1536x1536.jpg 1536w, https:\/\/gentedebasquet.com.ar\/sitio\/wp-content\/uploads\/2021\/10\/MvpCarminattti-1.jpg 2000w\" sizes=\"(max-width: 300px) 100vw, 300px\" \/><\/a><\/p>\n<p><a href=\"http:\/\/www.gentedebasquet.com.ar\/wp-content\/uploads\/2021\/10\/WhatsApp-Image-2021-10-05-at-22.24.33.jpeg\"><img decoding=\"async\" class=\"alignnone size-medium wp-image-100552\" src=\"http:\/\/www.gentedebasquet.com.ar\/wp-content\/uploads\/2021\/10\/WhatsApp-Image-2021-10-05-at-22.24.33-300x224.jpeg\" alt=\"\" width=\"300\" height=\"224\" srcset=\"https:\/\/gentedebasquet.com.ar\/sitio\/wp-content\/uploads\/2021\/10\/WhatsApp-Image-2021-10-05-at-22.24.33-300x224.jpeg 300w, https:\/\/gentedebasquet.com.ar\/sitio\/wp-content\/uploads\/2021\/10\/WhatsApp-Image-2021-10-05-at-22.24.33-1024x765.jpeg 1024w, https:\/\/gentedebasquet.com.ar\/sitio\/wp-content\/uploads\/2021\/10\/WhatsApp-Image-2021-10-05-at-22.24.33-768x574.jpeg 768w, https:\/\/gentedebasquet.com.ar\/sitio\/wp-content\/uploads\/2021\/10\/WhatsApp-Image-2021-10-05-at-22.24.33-1536x1148.jpeg 1536w, https:\/\/gentedebasquet.com.ar\/sitio\/wp-content\/uploads\/2021\/10\/WhatsApp-Image-2021-10-05-at-22.24.33.jpeg 1600w\" sizes=\"(max-width: 300px) 100vw, 300px\" \/><\/a><\/p>\n<blockquote><p>Nos bajoneo bastante los primeros dos partidos perdidos, pero nos dimos cuenta que todo estaba en la defensa as\u00ed que entrenamos muy duro para mejorar y poder salir adelante.<\/p><\/blockquote>\n<p><a href=\"http:\/\/www.gentedebasquet.com.ar\/wp-content\/uploads\/2021\/09\/Gif-Publicidades-4.gif\"><img decoding=\"async\" class=\"alignnone size-full wp-image-99873\" src=\"http:\/\/www.gentedebasquet.com.ar\/wp-content\/uploads\/2021\/09\/Gif-Publicidades-4.gif\" alt=\"\" width=\"300\" height=\"250\" \/><\/a><\/p>\n<p><strong>S\u00edntesis |<\/strong>\u00a0Segunda Divisi\u00f3n \u2013 Fecha #5<\/p>\n<p><b>Whitense 84:\u00a0<\/b>Mauro Capurso 10, Santiago Bussetti 20, Juli\u00e1n Carminatti 21, Santiago Soriano 14, Bruno Pedroza 13 (X)(FI); Mat\u00edas Iturbide 0, Santiago Abenel 0, Nahuel M\u00e9rida\u00a06, Juan Cruz Iturbide 0, Nelson\u00a0Mosser 0. <strong>DT: Walter Romerniszyn.<\/strong><\/p>\n<p><b>La Falda 76:\u00a0\u00a0<\/b>Sebasti\u00e1n Ranieri 18, Emiliano Men\u00e9ndez\u00a03, Lautaro Berges 22, Lucas Duran 3 y Gustavo Lan 8 (FI) Franco Libero 8, Daniel De Batista 5, Valent\u00edn\u00a0Pet\u00f3n 2 ,Francisco P\u00e9rez\u00a0V\u00e1zquez\u00a00 y Federico Gonz\u00e1lez\u00a07.\u00a0<strong>DT:\u00a0Fernando \u00c1lvarez.<\/strong><\/p>\n<p><strong>Parciales: 22-23, 47-37 (25-14), 66-47 (19-10) y 84-76 (18-29).<\/strong><\/p>\n<p><b>\u00c1rbitros: <\/b>Alejandro Ramallo, Ludmila Munz, Marian Enrique.<\/p>\n<p><strong>Estadio: <\/strong>Aviones Azules (Whitense)<\/p>\n<p><a href=\"https:\/\/fibalivestats.dcd.shared.geniussports.com\/u\/ABB\/1957580\/bs.html\">VE ESTADISTICAS OFICIALES<\/a><\/p>\n<p><a href=\"http:\/\/www.gentedebasquet.com.ar\/wp-content\/uploads\/2021\/10\/clavewhite1.jpg\"><img decoding=\"async\" class=\"alignnone size-medium wp-image-100547\" src=\"http:\/\/www.gentedebasquet.com.ar\/wp-content\/uploads\/2021\/10\/clavewhite1-300x300.jpg\" alt=\"\" width=\"300\" height=\"300\" srcset=\"https:\/\/gentedebasquet.com.ar\/sitio\/wp-content\/uploads\/2021\/10\/clavewhite1-300x300.jpg 300w, https:\/\/gentedebasquet.com.ar\/sitio\/wp-content\/uploads\/2021\/10\/clavewhite1-1024x1024.jpg 1024w, https:\/\/gentedebasquet.com.ar\/sitio\/wp-content\/uploads\/2021\/10\/clavewhite1-150x150.jpg 150w, https:\/\/gentedebasquet.com.ar\/sitio\/wp-content\/uploads\/2021\/10\/clavewhite1-768x768.jpg 768w, https:\/\/gentedebasquet.com.ar\/sitio\/wp-content\/uploads\/2021\/10\/clavewhite1-1536x1536.jpg 1536w, https:\/\/gentedebasquet.com.ar\/sitio\/wp-content\/uploads\/2021\/10\/clavewhite1.jpg 2000w\" sizes=\"(max-width: 300px) 100vw, 300px\" \/><\/a><\/p>\n<p><a href=\"http:\/\/www.gentedebasquet.com.ar\/wp-content\/uploads\/2021\/09\/Gif-Publicidades-3.gif\"><img decoding=\"async\" class=\"alignnone size-full wp-image-99872\" src=\"http:\/\/www.gentedebasquet.com.ar\/wp-content\/uploads\/2021\/09\/Gif-Publicidades-3.gif\" alt=\"\" width=\"300\" height=\"250\" \/><\/a><\/p>\n<p><a href=\"http:\/\/www.gentedebasquet.com.ar\/wp-content\/uploads\/2021\/09\/Gif-Publicidades-5.gif\"><img decoding=\"async\" class=\"alignnone size-full wp-image-99876\" src=\"http:\/\/www.gentedebasquet.com.ar\/wp-content\/uploads\/2021\/09\/Gif-Publicidades-5.gif\" alt=\"\" width=\"300\" height=\"250\" \/><\/a><\/p>\n<p><a href=\"http:\/\/www.gentedebasquet.com.ar\/wp-content\/uploads\/2021\/10\/WhatsApp-Image-2021-10-06-at-01.23.46.jpeg\"><img decoding=\"async\" class=\"alignnone size-medium wp-image-100578\" src=\"http:\/\/www.gentedebasquet.com.ar\/wp-content\/uploads\/2021\/10\/WhatsApp-Image-2021-10-06-at-01.23.46-300x155.jpeg\" alt=\"\" width=\"300\" height=\"155\" srcset=\"https:\/\/gentedebasquet.com.ar\/sitio\/wp-content\/uploads\/2021\/10\/WhatsApp-Image-2021-10-06-at-01.23.46-300x155.jpeg 300w, https:\/\/gentedebasquet.com.ar\/sitio\/wp-content\/uploads\/2021\/10\/WhatsApp-Image-2021-10-06-at-01.23.46-1024x531.jpeg 1024w, https:\/\/gentedebasquet.com.ar\/sitio\/wp-content\/uploads\/2021\/10\/WhatsApp-Image-2021-10-06-at-01.23.46-768x398.jpeg 768w, https:\/\/gentedebasquet.com.ar\/sitio\/wp-content\/uploads\/2021\/10\/WhatsApp-Image-2021-10-06-at-01.23.46.jpeg 1264w\" sizes=\"(max-width: 300px) 100vw, 300px\" \/><\/a><\/p>\n","protected":false},"excerpt":{"rendered":"<p>Por la quinta fecha del torneo de segunda divisi\u00f3n, en Ingeniero White se enfrentaron Whitense y La Falda. El encuentro se lo llev\u00f3 el local 84-76 y con esta victoria revirti\u00f3 el score a 3-2. El inicio del encuentro fue parejo (22-23), La Falda se llev\u00f3 el 1c elaborando una buena tarea defensiva y siendo [&hellip;]<\/p>\n","protected":false},"author":1,"featured_media":100554,"comment_status":"closed","ping_status":"open","sticky":false,"template":"","format":"standard","meta":{"jnews-multi-image_gallery":[],"jnews_single_post":[],"jnews_primary_category":[],"footnotes":""},"categories":[24,25,101],"tags":[8,1827,13,1086],"class_list":["post-100528","post","type-post","status-publish","format-standard","has-post-thumbnail","hentry","category-overtime","category-segunda","category-slide","tag-deportivo-whitense","tag-julian-carminatti","tag-la-falda","tag-santiago-bussetti"],"yoast_head":"<!-- This site is optimized with the Yoast SEO plugin v27.5 - https:\/\/yoast.com\/product\/yoast-seo-wordpress\/ -->\n<title>Tercera al hilo para los aviones azules - Gente de B\u00e1squet<\/title>\n<meta name=\"robots\" content=\"index, follow, max-snippet:-1, max-image-preview:large, max-video-preview:-1\" \/>\n<link rel=\"canonical\" href=\"http:\/\/gentedebasquet.com.ar\/sitio\/2021\/10\/06\/tercera-al-hilo-para-los-aviones-azules\/\" \/>\n<meta property=\"og:locale\" content=\"es_ES\" \/>\n<meta property=\"og:type\" content=\"article\" \/>\n<meta property=\"og:title\" content=\"Tercera al hilo para los aviones azules - Gente de B\u00e1squet\" \/>\n<meta property=\"og:description\" content=\"Por la quinta fecha del torneo de segunda divisi\u00f3n, en Ingeniero White se enfrentaron Whitense y La Falda. El encuentro se lo llev\u00f3 el local 84-76 y con esta victoria revirti\u00f3 el score a 3-2. El inicio del encuentro fue parejo (22-23), La Falda se llev\u00f3 el 1c elaborando una buena tarea defensiva y siendo [&hellip;]\" \/>\n<meta property=\"og:url\" content=\"http:\/\/gentedebasquet.com.ar\/sitio\/2021\/10\/06\/tercera-al-hilo-para-los-aviones-azules\/\" \/>\n<meta property=\"og:site_name\" content=\"Gente de B\u00e1squet\" \/>\n<meta property=\"article:published_time\" content=\"2021-10-06T04:21:18+00:00\" \/>\n<meta property=\"og:image\" content=\"http:\/\/gentedebasquet.com.ar\/sitio\/wp-content\/uploads\/2021\/10\/WhatsApp-Image-2021-10-06-at-00.25.55.jpeg\" \/>\n\t<meta property=\"og:image:width\" content=\"632\" \/>\n\t<meta property=\"og:image:height\" content=\"346\" \/>\n\t<meta property=\"og:image:type\" content=\"image\/jpeg\" \/>\n<meta name=\"author\" content=\"Gente de B\u00e1squet\" \/>\n<meta name=\"twitter:card\" content=\"summary_large_image\" \/>\n<meta name=\"twitter:label1\" content=\"Escrito por\" \/>\n\t<meta name=\"twitter:data1\" content=\"Gente de B\u00e1squet\" \/>\n\t<meta name=\"twitter:label2\" content=\"Tiempo de lectura\" \/>\n\t<meta name=\"twitter:data2\" content=\"2 minutos\" \/>\n<script type=\"application\/ld+json\" class=\"yoast-schema-graph\">{\"@context\":\"https:\\\/\\\/schema.org\",\"@graph\":[{\"@type\":\"Article\",\"@id\":\"http:\\\/\\\/gentedebasquet.com.ar\\\/sitio\\\/2021\\\/10\\\/06\\\/tercera-al-hilo-para-los-aviones-azules\\\/#article\",\"isPartOf\":{\"@id\":\"http:\\\/\\\/gentedebasquet.com.ar\\\/sitio\\\/2021\\\/10\\\/06\\\/tercera-al-hilo-para-los-aviones-azules\\\/\"},\"author\":{\"name\":\"Gente de B\u00e1squet\",\"@id\":\"https:\\\/\\\/gentedebasquet.com.ar\\\/sitio\\\/#\\\/schema\\\/person\\\/ca0b63bbb977369988a7bbbdc519943a\"},\"headline\":\"Tercera al hilo para los aviones azules\",\"datePublished\":\"2021-10-06T04:21:18+00:00\",\"mainEntityOfPage\":{\"@id\":\"http:\\\/\\\/gentedebasquet.com.ar\\\/sitio\\\/2021\\\/10\\\/06\\\/tercera-al-hilo-para-los-aviones-azules\\\/\"},\"wordCount\":381,\"image\":{\"@id\":\"http:\\\/\\\/gentedebasquet.com.ar\\\/sitio\\\/2021\\\/10\\\/06\\\/tercera-al-hilo-para-los-aviones-azules\\\/#primaryimage\"},\"thumbnailUrl\":\"https:\\\/\\\/gentedebasquet.com.ar\\\/sitio\\\/wp-content\\\/uploads\\\/2021\\\/10\\\/WhatsApp-Image-2021-10-06-at-00.25.55.jpeg\",\"keywords\":[\"Deportivo Whitense\",\"Juli\u00e1n Carminatti\",\"La Falda\",\"Santiago Bussetti\"],\"articleSection\":[\"#Overtime\",\"Segunda\",\"Slide\"],\"inLanguage\":\"es\"},{\"@type\":\"WebPage\",\"@id\":\"http:\\\/\\\/gentedebasquet.com.ar\\\/sitio\\\/2021\\\/10\\\/06\\\/tercera-al-hilo-para-los-aviones-azules\\\/\",\"url\":\"http:\\\/\\\/gentedebasquet.com.ar\\\/sitio\\\/2021\\\/10\\\/06\\\/tercera-al-hilo-para-los-aviones-azules\\\/\",\"name\":\"Tercera al hilo para los aviones azules - Gente de B\u00e1squet\",\"isPartOf\":{\"@id\":\"https:\\\/\\\/gentedebasquet.com.ar\\\/sitio\\\/#website\"},\"primaryImageOfPage\":{\"@id\":\"http:\\\/\\\/gentedebasquet.com.ar\\\/sitio\\\/2021\\\/10\\\/06\\\/tercera-al-hilo-para-los-aviones-azules\\\/#primaryimage\"},\"image\":{\"@id\":\"http:\\\/\\\/gentedebasquet.com.ar\\\/sitio\\\/2021\\\/10\\\/06\\\/tercera-al-hilo-para-los-aviones-azules\\\/#primaryimage\"},\"thumbnailUrl\":\"https:\\\/\\\/gentedebasquet.com.ar\\\/sitio\\\/wp-content\\\/uploads\\\/2021\\\/10\\\/WhatsApp-Image-2021-10-06-at-00.25.55.jpeg\",\"datePublished\":\"2021-10-06T04:21:18+00:00\",\"author\":{\"@id\":\"https:\\\/\\\/gentedebasquet.com.ar\\\/sitio\\\/#\\\/schema\\\/person\\\/ca0b63bbb977369988a7bbbdc519943a\"},\"breadcrumb\":{\"@id\":\"http:\\\/\\\/gentedebasquet.com.ar\\\/sitio\\\/2021\\\/10\\\/06\\\/tercera-al-hilo-para-los-aviones-azules\\\/#breadcrumb\"},\"inLanguage\":\"es\",\"potentialAction\":[{\"@type\":\"ReadAction\",\"target\":[\"http:\\\/\\\/gentedebasquet.com.ar\\\/sitio\\\/2021\\\/10\\\/06\\\/tercera-al-hilo-para-los-aviones-azules\\\/\"]}]},{\"@type\":\"ImageObject\",\"inLanguage\":\"es\",\"@id\":\"http:\\\/\\\/gentedebasquet.com.ar\\\/sitio\\\/2021\\\/10\\\/06\\\/tercera-al-hilo-para-los-aviones-azules\\\/#primaryimage\",\"url\":\"https:\\\/\\\/gentedebasquet.com.ar\\\/sitio\\\/wp-content\\\/uploads\\\/2021\\\/10\\\/WhatsApp-Image-2021-10-06-at-00.25.55.jpeg\",\"contentUrl\":\"https:\\\/\\\/gentedebasquet.com.ar\\\/sitio\\\/wp-content\\\/uploads\\\/2021\\\/10\\\/WhatsApp-Image-2021-10-06-at-00.25.55.jpeg\",\"width\":632,\"height\":346},{\"@type\":\"BreadcrumbList\",\"@id\":\"http:\\\/\\\/gentedebasquet.com.ar\\\/sitio\\\/2021\\\/10\\\/06\\\/tercera-al-hilo-para-los-aviones-azules\\\/#breadcrumb\",\"itemListElement\":[{\"@type\":\"ListItem\",\"position\":1,\"name\":\"Portada\",\"item\":\"https:\\\/\\\/gentedebasquet.com.ar\\\/sitio\\\/\"},{\"@type\":\"ListItem\",\"position\":2,\"name\":\"Tercera al hilo para los aviones azules\"}]},{\"@type\":\"WebSite\",\"@id\":\"https:\\\/\\\/gentedebasquet.com.ar\\\/sitio\\\/#website\",\"url\":\"https:\\\/\\\/gentedebasquet.com.ar\\\/sitio\\\/\",\"name\":\"Gente de B\u00e1squet\",\"description\":\"La revista del basquet de Bah\u00eda Blanca\",\"potentialAction\":[{\"@type\":\"SearchAction\",\"target\":{\"@type\":\"EntryPoint\",\"urlTemplate\":\"https:\\\/\\\/gentedebasquet.com.ar\\\/sitio\\\/?s={search_term_string}\"},\"query-input\":{\"@type\":\"PropertyValueSpecification\",\"valueRequired\":true,\"valueName\":\"search_term_string\"}}],\"inLanguage\":\"es\"},{\"@type\":\"Person\",\"@id\":\"https:\\\/\\\/gentedebasquet.com.ar\\\/sitio\\\/#\\\/schema\\\/person\\\/ca0b63bbb977369988a7bbbdc519943a\",\"name\":\"Gente de B\u00e1squet\",\"image\":{\"@type\":\"ImageObject\",\"inLanguage\":\"es\",\"@id\":\"https:\\\/\\\/secure.gravatar.com\\\/avatar\\\/7f2c48bdc33b30088f941fb6082e555f2874c98e20cb159d7b92b50eadfce793?s=96&d=mm&r=g\",\"url\":\"https:\\\/\\\/secure.gravatar.com\\\/avatar\\\/7f2c48bdc33b30088f941fb6082e555f2874c98e20cb159d7b92b50eadfce793?s=96&d=mm&r=g\",\"contentUrl\":\"https:\\\/\\\/secure.gravatar.com\\\/avatar\\\/7f2c48bdc33b30088f941fb6082e555f2874c98e20cb159d7b92b50eadfce793?s=96&d=mm&r=g\",\"caption\":\"Gente de B\u00e1squet\"},\"sameAs\":[\"http:\\\/\\\/gentedebasquet.com.ar\\\/sitio\"],\"url\":\"https:\\\/\\\/gentedebasquet.com.ar\\\/sitio\\\/author\\\/ulises\\\/\"}]}<\/script>\n<!-- \/ Yoast SEO plugin. -->","yoast_head_json":{"title":"Tercera al hilo para los aviones azules - Gente de B\u00e1squet","robots":{"index":"index","follow":"follow","max-snippet":"max-snippet:-1","max-image-preview":"max-image-preview:large","max-video-preview":"max-video-preview:-1"},"canonical":"http:\/\/gentedebasquet.com.ar\/sitio\/2021\/10\/06\/tercera-al-hilo-para-los-aviones-azules\/","og_locale":"es_ES","og_type":"article","og_title":"Tercera al hilo para los aviones azules - Gente de B\u00e1squet","og_description":"Por la quinta fecha del torneo de segunda divisi\u00f3n, en Ingeniero White se enfrentaron Whitense y La Falda. El encuentro se lo llev\u00f3 el local 84-76 y con esta victoria revirti\u00f3 el score a 3-2. El inicio del encuentro fue parejo (22-23), La Falda se llev\u00f3 el 1c elaborando una buena tarea defensiva y siendo [&hellip;]","og_url":"http:\/\/gentedebasquet.com.ar\/sitio\/2021\/10\/06\/tercera-al-hilo-para-los-aviones-azules\/","og_site_name":"Gente de B\u00e1squet","article_published_time":"2021-10-06T04:21:18+00:00","og_image":[{"width":632,"height":346,"url":"http:\/\/gentedebasquet.com.ar\/sitio\/wp-content\/uploads\/2021\/10\/WhatsApp-Image-2021-10-06-at-00.25.55.jpeg","type":"image\/jpeg"}],"author":"Gente de B\u00e1squet","twitter_card":"summary_large_image","twitter_misc":{"Escrito por":"Gente de B\u00e1squet","Tiempo de lectura":"2 minutos"},"schema":{"@context":"https:\/\/schema.org","@graph":[{"@type":"Article","@id":"http:\/\/gentedebasquet.com.ar\/sitio\/2021\/10\/06\/tercera-al-hilo-para-los-aviones-azules\/#article","isPartOf":{"@id":"http:\/\/gentedebasquet.com.ar\/sitio\/2021\/10\/06\/tercera-al-hilo-para-los-aviones-azules\/"},"author":{"name":"Gente de B\u00e1squet","@id":"https:\/\/gentedebasquet.com.ar\/sitio\/#\/schema\/person\/ca0b63bbb977369988a7bbbdc519943a"},"headline":"Tercera al hilo para los aviones azules","datePublished":"2021-10-06T04:21:18+00:00","mainEntityOfPage":{"@id":"http:\/\/gentedebasquet.com.ar\/sitio\/2021\/10\/06\/tercera-al-hilo-para-los-aviones-azules\/"},"wordCount":381,"image":{"@id":"http:\/\/gentedebasquet.com.ar\/sitio\/2021\/10\/06\/tercera-al-hilo-para-los-aviones-azules\/#primaryimage"},"thumbnailUrl":"https:\/\/gentedebasquet.com.ar\/sitio\/wp-content\/uploads\/2021\/10\/WhatsApp-Image-2021-10-06-at-00.25.55.jpeg","keywords":["Deportivo Whitense","Juli\u00e1n Carminatti","La Falda","Santiago Bussetti"],"articleSection":["#Overtime","Segunda","Slide"],"inLanguage":"es"},{"@type":"WebPage","@id":"http:\/\/gentedebasquet.com.ar\/sitio\/2021\/10\/06\/tercera-al-hilo-para-los-aviones-azules\/","url":"http:\/\/gentedebasquet.com.ar\/sitio\/2021\/10\/06\/tercera-al-hilo-para-los-aviones-azules\/","name":"Tercera al hilo para los aviones azules - Gente de B\u00e1squet","isPartOf":{"@id":"https:\/\/gentedebasquet.com.ar\/sitio\/#website"},"primaryImageOfPage":{"@id":"http:\/\/gentedebasquet.com.ar\/sitio\/2021\/10\/06\/tercera-al-hilo-para-los-aviones-azules\/#primaryimage"},"image":{"@id":"http:\/\/gentedebasquet.com.ar\/sitio\/2021\/10\/06\/tercera-al-hilo-para-los-aviones-azules\/#primaryimage"},"thumbnailUrl":"https:\/\/gentedebasquet.com.ar\/sitio\/wp-content\/uploads\/2021\/10\/WhatsApp-Image-2021-10-06-at-00.25.55.jpeg","datePublished":"2021-10-06T04:21:18+00:00","author":{"@id":"https:\/\/gentedebasquet.com.ar\/sitio\/#\/schema\/person\/ca0b63bbb977369988a7bbbdc519943a"},"breadcrumb":{"@id":"http:\/\/gentedebasquet.com.ar\/sitio\/2021\/10\/06\/tercera-al-hilo-para-los-aviones-azules\/#breadcrumb"},"inLanguage":"es","potentialAction":[{"@type":"ReadAction","target":["http:\/\/gentedebasquet.com.ar\/sitio\/2021\/10\/06\/tercera-al-hilo-para-los-aviones-azules\/"]}]},{"@type":"ImageObject","inLanguage":"es","@id":"http:\/\/gentedebasquet.com.ar\/sitio\/2021\/10\/06\/tercera-al-hilo-para-los-aviones-azules\/#primaryimage","url":"https:\/\/gentedebasquet.com.ar\/sitio\/wp-content\/uploads\/2021\/10\/WhatsApp-Image-2021-10-06-at-00.25.55.jpeg","contentUrl":"https:\/\/gentedebasquet.com.ar\/sitio\/wp-content\/uploads\/2021\/10\/WhatsApp-Image-2021-10-06-at-00.25.55.jpeg","width":632,"height":346},{"@type":"BreadcrumbList","@id":"http:\/\/gentedebasquet.com.ar\/sitio\/2021\/10\/06\/tercera-al-hilo-para-los-aviones-azules\/#breadcrumb","itemListElement":[{"@type":"ListItem","position":1,"name":"Portada","item":"https:\/\/gentedebasquet.com.ar\/sitio\/"},{"@type":"ListItem","position":2,"name":"Tercera al hilo para los aviones azules"}]},{"@type":"WebSite","@id":"https:\/\/gentedebasquet.com.ar\/sitio\/#website","url":"https:\/\/gentedebasquet.com.ar\/sitio\/","name":"Gente de B\u00e1squet","description":"La revista del basquet de Bah\u00eda Blanca","potentialAction":[{"@type":"SearchAction","target":{"@type":"EntryPoint","urlTemplate":"https:\/\/gentedebasquet.com.ar\/sitio\/?s={search_term_string}"},"query-input":{"@type":"PropertyValueSpecification","valueRequired":true,"valueName":"search_term_string"}}],"inLanguage":"es"},{"@type":"Person","@id":"https:\/\/gentedebasquet.com.ar\/sitio\/#\/schema\/person\/ca0b63bbb977369988a7bbbdc519943a","name":"Gente de B\u00e1squet","image":{"@type":"ImageObject","inLanguage":"es","@id":"https:\/\/secure.gravatar.com\/avatar\/7f2c48bdc33b30088f941fb6082e555f2874c98e20cb159d7b92b50eadfce793?s=96&d=mm&r=g","url":"https:\/\/secure.gravatar.com\/avatar\/7f2c48bdc33b30088f941fb6082e555f2874c98e20cb159d7b92b50eadfce793?s=96&d=mm&r=g","contentUrl":"https:\/\/secure.gravatar.com\/avatar\/7f2c48bdc33b30088f941fb6082e555f2874c98e20cb159d7b92b50eadfce793?s=96&d=mm&r=g","caption":"Gente de B\u00e1squet"},"sameAs":["http:\/\/gentedebasquet.com.ar\/sitio"],"url":"https:\/\/gentedebasquet.com.ar\/sitio\/author\/ulises\/"}]}},"_links":{"self":[{"href":"https:\/\/gentedebasquet.com.ar\/sitio\/wp-json\/wp\/v2\/posts\/100528","targetHints":{"allow":["GET"]}}],"collection":[{"href":"https:\/\/gentedebasquet.com.ar\/sitio\/wp-json\/wp\/v2\/posts"}],"about":[{"href":"https:\/\/gentedebasquet.com.ar\/sitio\/wp-json\/wp\/v2\/types\/post"}],"author":[{"embeddable":true,"href":"https:\/\/gentedebasquet.com.ar\/sitio\/wp-json\/wp\/v2\/users\/1"}],"replies":[{"embeddable":true,"href":"https:\/\/gentedebasquet.com.ar\/sitio\/wp-json\/wp\/v2\/comments?post=100528"}],"version-history":[{"count":0,"href":"https:\/\/gentedebasquet.com.ar\/sitio\/wp-json\/wp\/v2\/posts\/100528\/revisions"}],"wp:featuredmedia":[{"embeddable":true,"href":"https:\/\/gentedebasquet.com.ar\/sitio\/wp-json\/wp\/v2\/media\/100554"}],"wp:attachment":[{"href":"https:\/\/gentedebasquet.com.ar\/sitio\/wp-json\/wp\/v2\/media?parent=100528"}],"wp:term":[{"taxonomy":"category","embeddable":true,"href":"https:\/\/gentedebasquet.com.ar\/sitio\/wp-json\/wp\/v2\/categories?post=100528"},{"taxonomy":"post_tag","embeddable":true,"href":"https:\/\/gentedebasquet.com.ar\/sitio\/wp-json\/wp\/v2\/tags?post=100528"}],"curies":[{"name":"wp","href":"https:\/\/api.w.org\/{rel}","templated":true}]}}