{"id":100580,"date":"2021-10-08T01:02:04","date_gmt":"2021-10-08T04:02:04","guid":{"rendered":"http:\/\/www.gentedebasquet.com.ar\/?p=100580"},"modified":"2021-10-08T01:02:04","modified_gmt":"2021-10-08T04:02:04","slug":"ya-no-quedan-invictos-en-primera","status":"publish","type":"post","link":"https:\/\/gentedebasquet.com.ar\/sitio\/2021\/10\/08\/ya-no-quedan-invictos-en-primera\/","title":{"rendered":"Ya no quedan invictos en primera"},"content":{"rendered":"<p><b>Por la quinta fecha del torneo de primera, en uno de los partidos mas atractivos de la fecha, Bah\u00eda\u00a0Basket venci\u00f3 en condici\u00f3n\u00a0de visitante a Bahiense del Norte 75-71. El conjunto dirigido por Ciro Bianchi volvi\u00f3 a la victoria y los de Navallo cortaron el invicto.<\/b><\/p>\n<p><strong>El primero cuarto fue para los de Navallo (21-17), quien encontraba a su gran figura Mat\u00edas Jaimes (25 pts, 5\/7 t3). El local mov\u00eda la pelota con paciencia, mientras que los de Bianchi jugaban un juego mas directo.<\/strong><\/p>\n<p><strong>El visitante meti\u00f3 un gran 2c ( 21-13) y pas\u00f3 al frente. Un gran Facundo Tolosa (15 pts, 5 reb) y la figura del partido Gabriel Novaes (14 pts, 12 reb) contribuyeron para el juego de Bah\u00eda Basket. En el local apareci\u00f3 Franco Gin\u00f3bili para meter 2 bombas y sumar en el corto goleo de Bahiense en el 2c.<\/strong><\/p>\n<p><strong>La reanudaci\u00f3n del juego nos dej\u00f3 la salida de un feroz Bahiense, quien se puso r\u00e1pidamente al frente con tres triples seguidos de Eddie Roberson (13 pts, 3\/4 t3 y 10 reb). El local hab\u00eda remontado el marcador y sacaba 6 de ventaja (50-44) con 3:47 min para que termine el cuarto. Bah\u00eda Basket resurgi\u00f3 de la mano de Valent\u00edn Simondi ( 12 pts, 4\/4 t2) y algunas brillantes jugadas de Facundo Arana (10 pts), volviendo a estar al frente y llev\u00e1ndose el 3c 21-19.<\/strong><\/p>\n<p><b>El final del encuentro fue cambiante, el visitante logr\u00f3 sacar la m\u00e1xima de 11, luego de un parcial 12-7 con 3:52 min restantes. Ese fue el cachetazo para que Bahiense despierte, los de Navallo clavaron un parcial de 11-1 y se pusieron a tan solo un punto de Bah\u00eda (71-72). Con 0:22 en el reloj, Novaes fue a la linea, no fall\u00f3 y puso las cosas 71-74. Navallo pidi\u00f3 minuto, Jaimes la jug\u00f3 para su triple y fall\u00f3, el rebote lo agarr\u00f3 el hist\u00f3rico Mor\u00e1n quien tambi\u00e9n lo hizo y cort\u00f3 con falta a Tolosa. El pibe meti\u00f3\u00a0uno y los de Bianchi se llevaron la cuarta victoria del torneo.<\/b><\/p>\n<p><a href=\"http:\/\/www.gentedebasquet.com.ar\/wp-content\/uploads\/2021\/09\/Gif-Publicidades-1-1.gif\"><img decoding=\"async\" class=\"alignnone size-full wp-image-99870\" src=\"http:\/\/www.gentedebasquet.com.ar\/wp-content\/uploads\/2021\/09\/Gif-Publicidades-1-1.gif\" alt=\"\" width=\"300\" height=\"250\" \/><\/a><\/p>\n<p><iframe loading=\"lazy\" title=\"YouTube video player\" src=\"https:\/\/www.youtube.com\/embed\/fo2liv3_dIQ\" width=\"560\" height=\"315\" frameborder=\"0\" allowfullscreen=\"allowfullscreen\"><\/iframe><\/p>\n<p><a href=\"http:\/\/www.gentedebasquet.com.ar\/wp-content\/uploads\/2021\/09\/Gif-Publicidades-2.gif\"><img decoding=\"async\" class=\"alignnone size-full wp-image-99871\" src=\"http:\/\/www.gentedebasquet.com.ar\/wp-content\/uploads\/2021\/09\/Gif-Publicidades-2.gif\" alt=\"\" width=\"300\" height=\"250\" \/><\/a><\/p>\n<p><a href=\"http:\/\/www.gentedebasquet.com.ar\/wp-content\/uploads\/2021\/10\/mvpnovaes1.jpg\"><img decoding=\"async\" class=\"alignnone size-medium wp-image-100590\" src=\"http:\/\/www.gentedebasquet.com.ar\/wp-content\/uploads\/2021\/10\/mvpnovaes1-300x300.jpg\" alt=\"\" width=\"300\" height=\"300\" srcset=\"https:\/\/gentedebasquet.com.ar\/sitio\/wp-content\/uploads\/2021\/10\/mvpnovaes1-300x300.jpg 300w, https:\/\/gentedebasquet.com.ar\/sitio\/wp-content\/uploads\/2021\/10\/mvpnovaes1-1024x1024.jpg 1024w, https:\/\/gentedebasquet.com.ar\/sitio\/wp-content\/uploads\/2021\/10\/mvpnovaes1-150x150.jpg 150w, https:\/\/gentedebasquet.com.ar\/sitio\/wp-content\/uploads\/2021\/10\/mvpnovaes1-768x768.jpg 768w, https:\/\/gentedebasquet.com.ar\/sitio\/wp-content\/uploads\/2021\/10\/mvpnovaes1-1536x1536.jpg 1536w, https:\/\/gentedebasquet.com.ar\/sitio\/wp-content\/uploads\/2021\/10\/mvpnovaes1.jpg 2000w\" sizes=\"(max-width: 300px) 100vw, 300px\" \/><\/a><\/p>\n<p><a href=\"http:\/\/www.gentedebasquet.com.ar\/wp-content\/uploads\/2021\/10\/WhatsApp-Image-2021-10-07-at-22.37.27.jpeg\"><img decoding=\"async\" class=\"alignnone size-medium wp-image-100589\" src=\"http:\/\/www.gentedebasquet.com.ar\/wp-content\/uploads\/2021\/10\/WhatsApp-Image-2021-10-07-at-22.37.27-300x224.jpeg\" alt=\"\" width=\"300\" height=\"224\" srcset=\"https:\/\/gentedebasquet.com.ar\/sitio\/wp-content\/uploads\/2021\/10\/WhatsApp-Image-2021-10-07-at-22.37.27-300x224.jpeg 300w, https:\/\/gentedebasquet.com.ar\/sitio\/wp-content\/uploads\/2021\/10\/WhatsApp-Image-2021-10-07-at-22.37.27-1024x765.jpeg 1024w, https:\/\/gentedebasquet.com.ar\/sitio\/wp-content\/uploads\/2021\/10\/WhatsApp-Image-2021-10-07-at-22.37.27-768x574.jpeg 768w, https:\/\/gentedebasquet.com.ar\/sitio\/wp-content\/uploads\/2021\/10\/WhatsApp-Image-2021-10-07-at-22.37.27-1536x1148.jpeg 1536w, https:\/\/gentedebasquet.com.ar\/sitio\/wp-content\/uploads\/2021\/10\/WhatsApp-Image-2021-10-07-at-22.37.27.jpeg 1600w\" sizes=\"(max-width: 300px) 100vw, 300px\" \/><\/a><\/p>\n<blockquote><p><b>Fue muy duro, un buen partido, por suerte hicimos nuestro trabajo, tomamos los tiros que ten\u00edamos que tirar y llegamos a la victoria. Nosotros ya sab\u00edamos que iba a ser as\u00ed de duro, porque ellos estaban sin perder todav\u00eda y creo que el trabajo que hicimos fue la clave, cada uno tenia que saber que hacer en la cancha, por ejemplo yo tengo que cortinar\u00a0y caer, alg\u00fan tiro que me queda tambi\u00e9n\u00a0puedo tomarlo.<\/b><\/p><\/blockquote>\n<p><a href=\"http:\/\/www.gentedebasquet.com.ar\/wp-content\/uploads\/2021\/09\/Gif-Publicidades-4.gif\"><img decoding=\"async\" class=\"alignnone size-full wp-image-99873\" src=\"http:\/\/www.gentedebasquet.com.ar\/wp-content\/uploads\/2021\/09\/Gif-Publicidades-4.gif\" alt=\"\" width=\"300\" height=\"250\" \/><\/a><\/p>\n<p><strong>S\u00edntesis:\u00a0\u00a0<\/strong>Primera\u00a0Divisi\u00f3n \u2013 Fecha #5<\/p>\n<p><b>Bahiense del Norte 71:\u00a0<\/b>Juan Pablo Moran 6, Manuel Iglesias 2, Mat\u00edas Jaimes 25, Eddie Roberson 13 y Federico Repetti 10 <strong>(FI);<\/strong>\u00a0M\u00e1ximo Genitti 2, Franco Gin\u00f3bili 11, Tomas Galant 0, Sebasti\u00e1n Luengo 2, Alfredo Ventura 0 y Alejo Blanco 0. <strong>DT: Alejandro Navallo.<\/strong><\/p>\n<p><b>Bah\u00eda\u00a0Basket 75:\u00a0<\/b>Ezequiel Paz 1, Joaqu\u00edn S\u00e1nchez 10, Facundo Tolosa 15, Valent\u00edn Forestier 3 y Gabriel Novaes 14 <strong>(FI);<\/strong>Valent\u00edn Simondi 12, Facundo Aranda 10, Luciano Polak 3, Lautaro Cavero 4, Germ\u00e1n Misetich 3 y Tiago Drocesky 0. <strong>DT: Ciro Bianchi.<\/strong><\/p>\n<p><strong>Parciales:<\/strong> 21-17, 34-38 (13-21), 53-59 (19-21) y 71-75 (18-16)<\/p>\n<p><b>\u00c1rbitros: <\/b>Alejandro Ramallo, Marjorie Stuardo y Mauro Guallan.<\/p>\n<p><strong>Estadio: Manu Ginobili (Bahiense del Norte)<\/strong><\/p>\n<p><a href=\"https:\/\/fibalivestats.dcd.shared.geniussports.com\/u\/ABB\/1959911\/bs.html\">Ver planilla<\/a><\/p>\n<p><a href=\"http:\/\/www.gentedebasquet.com.ar\/wp-content\/uploads\/2021\/10\/calvebb221.jpg\"><img decoding=\"async\" class=\"alignnone size-medium wp-image-100594\" src=\"http:\/\/www.gentedebasquet.com.ar\/wp-content\/uploads\/2021\/10\/calvebb221-300x300.jpg\" alt=\"\" width=\"300\" height=\"300\" srcset=\"https:\/\/gentedebasquet.com.ar\/sitio\/wp-content\/uploads\/2021\/10\/calvebb221-300x300.jpg 300w, https:\/\/gentedebasquet.com.ar\/sitio\/wp-content\/uploads\/2021\/10\/calvebb221-1024x1024.jpg 1024w, https:\/\/gentedebasquet.com.ar\/sitio\/wp-content\/uploads\/2021\/10\/calvebb221-150x150.jpg 150w, https:\/\/gentedebasquet.com.ar\/sitio\/wp-content\/uploads\/2021\/10\/calvebb221-768x768.jpg 768w, https:\/\/gentedebasquet.com.ar\/sitio\/wp-content\/uploads\/2021\/10\/calvebb221-1536x1536.jpg 1536w, https:\/\/gentedebasquet.com.ar\/sitio\/wp-content\/uploads\/2021\/10\/calvebb221.jpg 2000w\" sizes=\"(max-width: 300px) 100vw, 300px\" \/><\/a><\/p>\n<p><a href=\"http:\/\/www.gentedebasquet.com.ar\/wp-content\/uploads\/2021\/09\/Gif-Publicidades-3.gif\"><img decoding=\"async\" class=\"alignnone size-full wp-image-99872\" src=\"http:\/\/www.gentedebasquet.com.ar\/wp-content\/uploads\/2021\/09\/Gif-Publicidades-3.gif\" alt=\"\" width=\"300\" height=\"250\" \/><\/a><\/p>\n<p><a href=\"http:\/\/www.gentedebasquet.com.ar\/wp-content\/uploads\/2021\/09\/Gif-Publicidades-5.gif\"><img decoding=\"async\" class=\"alignnone size-full wp-image-99876\" src=\"http:\/\/www.gentedebasquet.com.ar\/wp-content\/uploads\/2021\/09\/Gif-Publicidades-5.gif\" alt=\"\" width=\"300\" height=\"250\" \/><\/a><\/p>\n<p><a href=\"http:\/\/www.gentedebasquet.com.ar\/wp-content\/uploads\/2021\/10\/WhatsApp-Image-2021-10-08-at-01.18.23.jpeg\"><img decoding=\"async\" class=\"alignnone size-medium wp-image-100637\" src=\"http:\/\/www.gentedebasquet.com.ar\/wp-content\/uploads\/2021\/10\/WhatsApp-Image-2021-10-08-at-01.18.23-300x172.jpeg\" alt=\"\" width=\"300\" height=\"172\" srcset=\"https:\/\/gentedebasquet.com.ar\/sitio\/wp-content\/uploads\/2021\/10\/WhatsApp-Image-2021-10-08-at-01.18.23-300x172.jpeg 300w, https:\/\/gentedebasquet.com.ar\/sitio\/wp-content\/uploads\/2021\/10\/WhatsApp-Image-2021-10-08-at-01.18.23-1024x586.jpeg 1024w, https:\/\/gentedebasquet.com.ar\/sitio\/wp-content\/uploads\/2021\/10\/WhatsApp-Image-2021-10-08-at-01.18.23-768x439.jpeg 768w, https:\/\/gentedebasquet.com.ar\/sitio\/wp-content\/uploads\/2021\/10\/WhatsApp-Image-2021-10-08-at-01.18.23.jpeg 1259w\" sizes=\"(max-width: 300px) 100vw, 300px\" \/><\/a><\/p>\n","protected":false},"excerpt":{"rendered":"<p>Por la quinta fecha del torneo de primera, en uno de los partidos mas atractivos de la fecha, Bah\u00eda\u00a0Basket venci\u00f3 en condici\u00f3n\u00a0de visitante a Bahiense del Norte 75-71. El conjunto dirigido por Ciro Bianchi volvi\u00f3 a la victoria y los de Navallo cortaron el invicto. El primero cuarto fue para los de Navallo (21-17), quien [&hellip;]<\/p>\n","protected":false},"author":1,"featured_media":100591,"comment_status":"closed","ping_status":"open","sticky":false,"template":"","format":"standard","meta":{"jnews-multi-image_gallery":[],"jnews_single_post":[],"jnews_primary_category":[],"footnotes":""},"categories":[24,23,101],"tags":[58,5,1608,1756],"class_list":["post-100580","post","type-post","status-publish","format-standard","has-post-thumbnail","hentry","category-overtime","category-primera","category-slide","tag-bahiabasket","tag-bahiense-del-norte","tag-facundo-tolosa","tag-gabriel-novaes"],"yoast_head":"<!-- This site is optimized with the Yoast SEO plugin v27.5 - https:\/\/yoast.com\/product\/yoast-seo-wordpress\/ -->\n<title>Ya no quedan invictos en primera - Gente de B\u00e1squet<\/title>\n<meta name=\"robots\" content=\"index, follow, max-snippet:-1, max-image-preview:large, max-video-preview:-1\" \/>\n<link rel=\"canonical\" href=\"http:\/\/gentedebasquet.com.ar\/sitio\/2021\/10\/08\/ya-no-quedan-invictos-en-primera\/\" \/>\n<meta property=\"og:locale\" content=\"es_ES\" \/>\n<meta property=\"og:type\" content=\"article\" \/>\n<meta property=\"og:title\" content=\"Ya no quedan invictos en primera - Gente de B\u00e1squet\" \/>\n<meta property=\"og:description\" content=\"Por la quinta fecha del torneo de primera, en uno de los partidos mas atractivos de la fecha, Bah\u00eda\u00a0Basket venci\u00f3 en condici\u00f3n\u00a0de visitante a Bahiense del Norte 75-71. El conjunto dirigido por Ciro Bianchi volvi\u00f3 a la victoria y los de Navallo cortaron el invicto. El primero cuarto fue para los de Navallo (21-17), quien [&hellip;]\" \/>\n<meta property=\"og:url\" content=\"http:\/\/gentedebasquet.com.ar\/sitio\/2021\/10\/08\/ya-no-quedan-invictos-en-primera\/\" \/>\n<meta property=\"og:site_name\" content=\"Gente de B\u00e1squet\" \/>\n<meta property=\"article:published_time\" content=\"2021-10-08T04:02:04+00:00\" \/>\n<meta property=\"og:image\" content=\"http:\/\/gentedebasquet.com.ar\/sitio\/wp-content\/uploads\/2021\/10\/WhatsApp-Image-2021-10-07-at-23.19.54.jpeg\" \/>\n\t<meta property=\"og:image:width\" content=\"634\" \/>\n\t<meta property=\"og:image:height\" content=\"345\" \/>\n\t<meta property=\"og:image:type\" content=\"image\/jpeg\" \/>\n<meta name=\"author\" content=\"Gente de B\u00e1squet\" \/>\n<meta name=\"twitter:card\" content=\"summary_large_image\" \/>\n<meta name=\"twitter:label1\" content=\"Escrito por\" \/>\n\t<meta name=\"twitter:data1\" content=\"Gente de B\u00e1squet\" \/>\n\t<meta name=\"twitter:label2\" content=\"Tiempo de lectura\" \/>\n\t<meta name=\"twitter:data2\" content=\"3 minutos\" \/>\n<script type=\"application\/ld+json\" class=\"yoast-schema-graph\">{\"@context\":\"https:\\\/\\\/schema.org\",\"@graph\":[{\"@type\":\"Article\",\"@id\":\"http:\\\/\\\/gentedebasquet.com.ar\\\/sitio\\\/2021\\\/10\\\/08\\\/ya-no-quedan-invictos-en-primera\\\/#article\",\"isPartOf\":{\"@id\":\"http:\\\/\\\/gentedebasquet.com.ar\\\/sitio\\\/2021\\\/10\\\/08\\\/ya-no-quedan-invictos-en-primera\\\/\"},\"author\":{\"name\":\"Gente de B\u00e1squet\",\"@id\":\"https:\\\/\\\/gentedebasquet.com.ar\\\/sitio\\\/#\\\/schema\\\/person\\\/ca0b63bbb977369988a7bbbdc519943a\"},\"headline\":\"Ya no quedan invictos en primera\",\"datePublished\":\"2021-10-08T04:02:04+00:00\",\"mainEntityOfPage\":{\"@id\":\"http:\\\/\\\/gentedebasquet.com.ar\\\/sitio\\\/2021\\\/10\\\/08\\\/ya-no-quedan-invictos-en-primera\\\/\"},\"wordCount\":525,\"image\":{\"@id\":\"http:\\\/\\\/gentedebasquet.com.ar\\\/sitio\\\/2021\\\/10\\\/08\\\/ya-no-quedan-invictos-en-primera\\\/#primaryimage\"},\"thumbnailUrl\":\"https:\\\/\\\/gentedebasquet.com.ar\\\/sitio\\\/wp-content\\\/uploads\\\/2021\\\/10\\\/WhatsApp-Image-2021-10-07-at-23.19.54.jpeg\",\"keywords\":[\"Bah\u00eda Basket\",\"Bahiense Del Norte\",\"Facundo Tolosa\",\"Gabriel Novaes\"],\"articleSection\":[\"#Overtime\",\"Primera\",\"Slide\"],\"inLanguage\":\"es\"},{\"@type\":\"WebPage\",\"@id\":\"http:\\\/\\\/gentedebasquet.com.ar\\\/sitio\\\/2021\\\/10\\\/08\\\/ya-no-quedan-invictos-en-primera\\\/\",\"url\":\"http:\\\/\\\/gentedebasquet.com.ar\\\/sitio\\\/2021\\\/10\\\/08\\\/ya-no-quedan-invictos-en-primera\\\/\",\"name\":\"Ya no quedan invictos en primera - Gente de B\u00e1squet\",\"isPartOf\":{\"@id\":\"https:\\\/\\\/gentedebasquet.com.ar\\\/sitio\\\/#website\"},\"primaryImageOfPage\":{\"@id\":\"http:\\\/\\\/gentedebasquet.com.ar\\\/sitio\\\/2021\\\/10\\\/08\\\/ya-no-quedan-invictos-en-primera\\\/#primaryimage\"},\"image\":{\"@id\":\"http:\\\/\\\/gentedebasquet.com.ar\\\/sitio\\\/2021\\\/10\\\/08\\\/ya-no-quedan-invictos-en-primera\\\/#primaryimage\"},\"thumbnailUrl\":\"https:\\\/\\\/gentedebasquet.com.ar\\\/sitio\\\/wp-content\\\/uploads\\\/2021\\\/10\\\/WhatsApp-Image-2021-10-07-at-23.19.54.jpeg\",\"datePublished\":\"2021-10-08T04:02:04+00:00\",\"author\":{\"@id\":\"https:\\\/\\\/gentedebasquet.com.ar\\\/sitio\\\/#\\\/schema\\\/person\\\/ca0b63bbb977369988a7bbbdc519943a\"},\"breadcrumb\":{\"@id\":\"http:\\\/\\\/gentedebasquet.com.ar\\\/sitio\\\/2021\\\/10\\\/08\\\/ya-no-quedan-invictos-en-primera\\\/#breadcrumb\"},\"inLanguage\":\"es\",\"potentialAction\":[{\"@type\":\"ReadAction\",\"target\":[\"http:\\\/\\\/gentedebasquet.com.ar\\\/sitio\\\/2021\\\/10\\\/08\\\/ya-no-quedan-invictos-en-primera\\\/\"]}]},{\"@type\":\"ImageObject\",\"inLanguage\":\"es\",\"@id\":\"http:\\\/\\\/gentedebasquet.com.ar\\\/sitio\\\/2021\\\/10\\\/08\\\/ya-no-quedan-invictos-en-primera\\\/#primaryimage\",\"url\":\"https:\\\/\\\/gentedebasquet.com.ar\\\/sitio\\\/wp-content\\\/uploads\\\/2021\\\/10\\\/WhatsApp-Image-2021-10-07-at-23.19.54.jpeg\",\"contentUrl\":\"https:\\\/\\\/gentedebasquet.com.ar\\\/sitio\\\/wp-content\\\/uploads\\\/2021\\\/10\\\/WhatsApp-Image-2021-10-07-at-23.19.54.jpeg\",\"width\":634,\"height\":345},{\"@type\":\"BreadcrumbList\",\"@id\":\"http:\\\/\\\/gentedebasquet.com.ar\\\/sitio\\\/2021\\\/10\\\/08\\\/ya-no-quedan-invictos-en-primera\\\/#breadcrumb\",\"itemListElement\":[{\"@type\":\"ListItem\",\"position\":1,\"name\":\"Portada\",\"item\":\"https:\\\/\\\/gentedebasquet.com.ar\\\/sitio\\\/\"},{\"@type\":\"ListItem\",\"position\":2,\"name\":\"Ya no quedan invictos en primera\"}]},{\"@type\":\"WebSite\",\"@id\":\"https:\\\/\\\/gentedebasquet.com.ar\\\/sitio\\\/#website\",\"url\":\"https:\\\/\\\/gentedebasquet.com.ar\\\/sitio\\\/\",\"name\":\"Gente de B\u00e1squet\",\"description\":\"La revista del basquet de Bah\u00eda Blanca\",\"potentialAction\":[{\"@type\":\"SearchAction\",\"target\":{\"@type\":\"EntryPoint\",\"urlTemplate\":\"https:\\\/\\\/gentedebasquet.com.ar\\\/sitio\\\/?s={search_term_string}\"},\"query-input\":{\"@type\":\"PropertyValueSpecification\",\"valueRequired\":true,\"valueName\":\"search_term_string\"}}],\"inLanguage\":\"es\"},{\"@type\":\"Person\",\"@id\":\"https:\\\/\\\/gentedebasquet.com.ar\\\/sitio\\\/#\\\/schema\\\/person\\\/ca0b63bbb977369988a7bbbdc519943a\",\"name\":\"Gente de B\u00e1squet\",\"image\":{\"@type\":\"ImageObject\",\"inLanguage\":\"es\",\"@id\":\"https:\\\/\\\/secure.gravatar.com\\\/avatar\\\/7f2c48bdc33b30088f941fb6082e555f2874c98e20cb159d7b92b50eadfce793?s=96&d=mm&r=g\",\"url\":\"https:\\\/\\\/secure.gravatar.com\\\/avatar\\\/7f2c48bdc33b30088f941fb6082e555f2874c98e20cb159d7b92b50eadfce793?s=96&d=mm&r=g\",\"contentUrl\":\"https:\\\/\\\/secure.gravatar.com\\\/avatar\\\/7f2c48bdc33b30088f941fb6082e555f2874c98e20cb159d7b92b50eadfce793?s=96&d=mm&r=g\",\"caption\":\"Gente de B\u00e1squet\"},\"sameAs\":[\"http:\\\/\\\/gentedebasquet.com.ar\\\/sitio\"],\"url\":\"https:\\\/\\\/gentedebasquet.com.ar\\\/sitio\\\/author\\\/ulises\\\/\"}]}<\/script>\n<!-- \/ Yoast SEO plugin. -->","yoast_head_json":{"title":"Ya no quedan invictos en primera - Gente de B\u00e1squet","robots":{"index":"index","follow":"follow","max-snippet":"max-snippet:-1","max-image-preview":"max-image-preview:large","max-video-preview":"max-video-preview:-1"},"canonical":"http:\/\/gentedebasquet.com.ar\/sitio\/2021\/10\/08\/ya-no-quedan-invictos-en-primera\/","og_locale":"es_ES","og_type":"article","og_title":"Ya no quedan invictos en primera - Gente de B\u00e1squet","og_description":"Por la quinta fecha del torneo de primera, en uno de los partidos mas atractivos de la fecha, Bah\u00eda\u00a0Basket venci\u00f3 en condici\u00f3n\u00a0de visitante a Bahiense del Norte 75-71. El conjunto dirigido por Ciro Bianchi volvi\u00f3 a la victoria y los de Navallo cortaron el invicto. El primero cuarto fue para los de Navallo (21-17), quien [&hellip;]","og_url":"http:\/\/gentedebasquet.com.ar\/sitio\/2021\/10\/08\/ya-no-quedan-invictos-en-primera\/","og_site_name":"Gente de B\u00e1squet","article_published_time":"2021-10-08T04:02:04+00:00","og_image":[{"width":634,"height":345,"url":"http:\/\/gentedebasquet.com.ar\/sitio\/wp-content\/uploads\/2021\/10\/WhatsApp-Image-2021-10-07-at-23.19.54.jpeg","type":"image\/jpeg"}],"author":"Gente de B\u00e1squet","twitter_card":"summary_large_image","twitter_misc":{"Escrito por":"Gente de B\u00e1squet","Tiempo de lectura":"3 minutos"},"schema":{"@context":"https:\/\/schema.org","@graph":[{"@type":"Article","@id":"http:\/\/gentedebasquet.com.ar\/sitio\/2021\/10\/08\/ya-no-quedan-invictos-en-primera\/#article","isPartOf":{"@id":"http:\/\/gentedebasquet.com.ar\/sitio\/2021\/10\/08\/ya-no-quedan-invictos-en-primera\/"},"author":{"name":"Gente de B\u00e1squet","@id":"https:\/\/gentedebasquet.com.ar\/sitio\/#\/schema\/person\/ca0b63bbb977369988a7bbbdc519943a"},"headline":"Ya no quedan invictos en primera","datePublished":"2021-10-08T04:02:04+00:00","mainEntityOfPage":{"@id":"http:\/\/gentedebasquet.com.ar\/sitio\/2021\/10\/08\/ya-no-quedan-invictos-en-primera\/"},"wordCount":525,"image":{"@id":"http:\/\/gentedebasquet.com.ar\/sitio\/2021\/10\/08\/ya-no-quedan-invictos-en-primera\/#primaryimage"},"thumbnailUrl":"https:\/\/gentedebasquet.com.ar\/sitio\/wp-content\/uploads\/2021\/10\/WhatsApp-Image-2021-10-07-at-23.19.54.jpeg","keywords":["Bah\u00eda Basket","Bahiense Del Norte","Facundo Tolosa","Gabriel Novaes"],"articleSection":["#Overtime","Primera","Slide"],"inLanguage":"es"},{"@type":"WebPage","@id":"http:\/\/gentedebasquet.com.ar\/sitio\/2021\/10\/08\/ya-no-quedan-invictos-en-primera\/","url":"http:\/\/gentedebasquet.com.ar\/sitio\/2021\/10\/08\/ya-no-quedan-invictos-en-primera\/","name":"Ya no quedan invictos en primera - Gente de B\u00e1squet","isPartOf":{"@id":"https:\/\/gentedebasquet.com.ar\/sitio\/#website"},"primaryImageOfPage":{"@id":"http:\/\/gentedebasquet.com.ar\/sitio\/2021\/10\/08\/ya-no-quedan-invictos-en-primera\/#primaryimage"},"image":{"@id":"http:\/\/gentedebasquet.com.ar\/sitio\/2021\/10\/08\/ya-no-quedan-invictos-en-primera\/#primaryimage"},"thumbnailUrl":"https:\/\/gentedebasquet.com.ar\/sitio\/wp-content\/uploads\/2021\/10\/WhatsApp-Image-2021-10-07-at-23.19.54.jpeg","datePublished":"2021-10-08T04:02:04+00:00","author":{"@id":"https:\/\/gentedebasquet.com.ar\/sitio\/#\/schema\/person\/ca0b63bbb977369988a7bbbdc519943a"},"breadcrumb":{"@id":"http:\/\/gentedebasquet.com.ar\/sitio\/2021\/10\/08\/ya-no-quedan-invictos-en-primera\/#breadcrumb"},"inLanguage":"es","potentialAction":[{"@type":"ReadAction","target":["http:\/\/gentedebasquet.com.ar\/sitio\/2021\/10\/08\/ya-no-quedan-invictos-en-primera\/"]}]},{"@type":"ImageObject","inLanguage":"es","@id":"http:\/\/gentedebasquet.com.ar\/sitio\/2021\/10\/08\/ya-no-quedan-invictos-en-primera\/#primaryimage","url":"https:\/\/gentedebasquet.com.ar\/sitio\/wp-content\/uploads\/2021\/10\/WhatsApp-Image-2021-10-07-at-23.19.54.jpeg","contentUrl":"https:\/\/gentedebasquet.com.ar\/sitio\/wp-content\/uploads\/2021\/10\/WhatsApp-Image-2021-10-07-at-23.19.54.jpeg","width":634,"height":345},{"@type":"BreadcrumbList","@id":"http:\/\/gentedebasquet.com.ar\/sitio\/2021\/10\/08\/ya-no-quedan-invictos-en-primera\/#breadcrumb","itemListElement":[{"@type":"ListItem","position":1,"name":"Portada","item":"https:\/\/gentedebasquet.com.ar\/sitio\/"},{"@type":"ListItem","position":2,"name":"Ya no quedan invictos en primera"}]},{"@type":"WebSite","@id":"https:\/\/gentedebasquet.com.ar\/sitio\/#website","url":"https:\/\/gentedebasquet.com.ar\/sitio\/","name":"Gente de B\u00e1squet","description":"La revista del basquet de Bah\u00eda Blanca","potentialAction":[{"@type":"SearchAction","target":{"@type":"EntryPoint","urlTemplate":"https:\/\/gentedebasquet.com.ar\/sitio\/?s={search_term_string}"},"query-input":{"@type":"PropertyValueSpecification","valueRequired":true,"valueName":"search_term_string"}}],"inLanguage":"es"},{"@type":"Person","@id":"https:\/\/gentedebasquet.com.ar\/sitio\/#\/schema\/person\/ca0b63bbb977369988a7bbbdc519943a","name":"Gente de B\u00e1squet","image":{"@type":"ImageObject","inLanguage":"es","@id":"https:\/\/secure.gravatar.com\/avatar\/7f2c48bdc33b30088f941fb6082e555f2874c98e20cb159d7b92b50eadfce793?s=96&d=mm&r=g","url":"https:\/\/secure.gravatar.com\/avatar\/7f2c48bdc33b30088f941fb6082e555f2874c98e20cb159d7b92b50eadfce793?s=96&d=mm&r=g","contentUrl":"https:\/\/secure.gravatar.com\/avatar\/7f2c48bdc33b30088f941fb6082e555f2874c98e20cb159d7b92b50eadfce793?s=96&d=mm&r=g","caption":"Gente de B\u00e1squet"},"sameAs":["http:\/\/gentedebasquet.com.ar\/sitio"],"url":"https:\/\/gentedebasquet.com.ar\/sitio\/author\/ulises\/"}]}},"_links":{"self":[{"href":"https:\/\/gentedebasquet.com.ar\/sitio\/wp-json\/wp\/v2\/posts\/100580","targetHints":{"allow":["GET"]}}],"collection":[{"href":"https:\/\/gentedebasquet.com.ar\/sitio\/wp-json\/wp\/v2\/posts"}],"about":[{"href":"https:\/\/gentedebasquet.com.ar\/sitio\/wp-json\/wp\/v2\/types\/post"}],"author":[{"embeddable":true,"href":"https:\/\/gentedebasquet.com.ar\/sitio\/wp-json\/wp\/v2\/users\/1"}],"replies":[{"embeddable":true,"href":"https:\/\/gentedebasquet.com.ar\/sitio\/wp-json\/wp\/v2\/comments?post=100580"}],"version-history":[{"count":0,"href":"https:\/\/gentedebasquet.com.ar\/sitio\/wp-json\/wp\/v2\/posts\/100580\/revisions"}],"wp:featuredmedia":[{"embeddable":true,"href":"https:\/\/gentedebasquet.com.ar\/sitio\/wp-json\/wp\/v2\/media\/100591"}],"wp:attachment":[{"href":"https:\/\/gentedebasquet.com.ar\/sitio\/wp-json\/wp\/v2\/media?parent=100580"}],"wp:term":[{"taxonomy":"category","embeddable":true,"href":"https:\/\/gentedebasquet.com.ar\/sitio\/wp-json\/wp\/v2\/categories?post=100580"},{"taxonomy":"post_tag","embeddable":true,"href":"https:\/\/gentedebasquet.com.ar\/sitio\/wp-json\/wp\/v2\/tags?post=100580"}],"curies":[{"name":"wp","href":"https:\/\/api.w.org\/{rel}","templated":true}]}}