{"id":100622,"date":"2021-10-07T23:55:57","date_gmt":"2021-10-08T02:55:57","guid":{"rendered":"http:\/\/www.gentedebasquet.com.ar\/?p=100622"},"modified":"2021-10-07T23:55:57","modified_gmt":"2021-10-08T02:55:57","slug":"pronta-recuperacion","status":"publish","type":"post","link":"https:\/\/gentedebasquet.com.ar\/sitio\/2021\/10\/07\/pronta-recuperacion\/","title":{"rendered":"Pronta recuperaci\u00f3n"},"content":{"rendered":"<p><strong>En su reducto, Pac\u00edfico se recuper\u00f3 de la derrota sufrida la semana pasada en el cl\u00e1sico y volvi\u00f3 a encaminarse por la senda del triunfo. Por la fecha N\u00ba5 derrot\u00f3 sin mayores sobresaltos a Estrella por 84 a 74.<\/strong><\/p>\n<p><strong>La paridad en el William Harding Green solo hizo acto de presencia durante el 1C. Con Estrella sac\u00e1ndole jugo al juego interior de Camara (5pts y 5rebs) y Pac\u00edfico usufructuando la buena efectividad de Olivera (6pts \u2013 2\/4 T2 y 2\/2 TL), ambos equipos cerraron esos primeros minutos empardados en 13.<\/strong><\/p>\n<p><strong>De a poco, el local comenz\u00f3 a edificar una peque\u00f1a diferencia en el 2C. Apoy\u00e1ndose en el predominio de Garbarino (7pts y 6rebs) en la zona pintada m\u00e1s los rompimientos de Salvatori (5pts \u2013 2\/2 T2) y la bombas de Leal (9pts con 3\/4 T3), el verde logr\u00f3 cerrar la primera parte arriba por 5: 34-29. <\/strong><\/p>\n<p><strong>M\u00e1s a\u00fan, los locales mostrar\u00edan su mejor versi\u00f3n a la vuelta del entretiempo. All\u00ed, los conducidos por Andr\u00e9s Iannamico jugar\u00edan su mejor cuarto de la tarde-noche. Guiados por S\u00e1nchez en la conducci\u00f3n y distribuci\u00f3n (11pts y 3asists) y sumando gracias a los puntos de sus pivots (Garbarino y Dom\u00ednguez 4pts c\/u) y los triples de Leal, Olivera y Salvatori (en conjunto sumaron 4\/6 en el 3C), lograron encontrar la m\u00e1xima de 21 al finalizar el cuarto: 68-47.<\/strong><\/p>\n<p><strong>Sumando v\u00eda Camara (13pts) y tirando una presi\u00f3n en toda la cancha con un repliegue en zona, los conducidos por \u201cLucho\u201d Deminicis intentaron volver al juego. S\u00ed bien con esas herramientas pudieron bajar considerablemente la diferencia, lo hecho por Pac\u00edfico en los cuartos anteriores le alcanz\u00f3 para mantener la distancia y cerrar el pleito. Los triples de Germ\u00e1n Andr\u00e9s (2\/4) y una serie de libres de Olivera le terminaron bajando la persiana al encuentro.<\/strong><\/p>\n<p><strong>En el elenco ganador se destacaron Branco Salvatori (6\/12 TC) y Bautista Olivera (2\/4 T3, 3\/6 T2 y 5\/5 TL) con 17 unidades cada uno. Adem\u00e1s, Branco le agreg\u00f3 a su planilla 3 rebotes y 4 recuperos mientras que Bautista le sumo 6 rebotes y 4 asistencias. Por parte de Estrella, quien m\u00e1s se destaco fue Nahuel Camara que aport\u00f3 30 puntos (9\/13 T2 y 12\/14 TL), 11rebotes, 4 asistencias y 2 tapas.<\/strong><\/p>\n<p>&nbsp;<\/p>\n<p style=\"text-align: center;\"><a href=\"http:\/\/www.gentedebasquet.com.ar\/wp-content\/uploads\/2021\/09\/Gif-Publicidades-1.gif\"><img decoding=\"async\" class=\"alignnone size-full wp-image-99864\" src=\"http:\/\/www.gentedebasquet.com.ar\/wp-content\/uploads\/2021\/09\/Gif-Publicidades-1.gif\" alt=\"\" width=\"300\" height=\"250\" \/><\/a><\/p>\n<p>&nbsp;<\/p>\n<p style=\"text-align: center;\">[youtube]https:\/\/www.youtube.com\/watch?v=E9uEcoHJGyQ[\/youtube]<\/p>\n<p>&nbsp;<\/p>\n<p style=\"text-align: center;\"><a href=\"http:\/\/www.gentedebasquet.com.ar\/wp-content\/uploads\/2021\/09\/Gif-Publicidades-2.gif\"><img decoding=\"async\" class=\"alignnone size-full wp-image-99871\" src=\"http:\/\/www.gentedebasquet.com.ar\/wp-content\/uploads\/2021\/09\/Gif-Publicidades-2.gif\" alt=\"\" width=\"300\" height=\"250\" \/><\/a><\/p>\n<p>&nbsp;<\/p>\n<p style=\"text-align: center;\"><a href=\"http:\/\/www.gentedebasquet.com.ar\/wp-content\/uploads\/2021\/10\/BAUTISTA-OLIVERA-MVP.jpg\"><img decoding=\"async\" class=\"alignnone size-full wp-image-100623\" src=\"http:\/\/www.gentedebasquet.com.ar\/wp-content\/uploads\/2021\/10\/BAUTISTA-OLIVERA-MVP.jpg\" alt=\"\" width=\"640\" height=\"480\" srcset=\"https:\/\/gentedebasquet.com.ar\/sitio\/wp-content\/uploads\/2021\/10\/BAUTISTA-OLIVERA-MVP.jpg 640w, https:\/\/gentedebasquet.com.ar\/sitio\/wp-content\/uploads\/2021\/10\/BAUTISTA-OLIVERA-MVP-300x225.jpg 300w\" sizes=\"(max-width: 640px) 100vw, 640px\" \/><\/a><\/p>\n<p>&nbsp;<\/p>\n<p style=\"text-align: center;\"><a href=\"http:\/\/www.gentedebasquet.com.ar\/wp-content\/uploads\/2021\/10\/Bautista-Olivera.jpg\"><img decoding=\"async\" class=\"alignnone size-full wp-image-100624\" src=\"http:\/\/www.gentedebasquet.com.ar\/wp-content\/uploads\/2021\/10\/Bautista-Olivera.jpg\" alt=\"\" width=\"640\" height=\"480\" srcset=\"https:\/\/gentedebasquet.com.ar\/sitio\/wp-content\/uploads\/2021\/10\/Bautista-Olivera.jpg 640w, https:\/\/gentedebasquet.com.ar\/sitio\/wp-content\/uploads\/2021\/10\/Bautista-Olivera-300x225.jpg 300w\" sizes=\"(max-width: 640px) 100vw, 640px\" \/><\/a><\/p>\n<p>&nbsp;<\/p>\n<blockquote><p>Nos quedan muy buenas sensaciones porque ven\u00edamos de una derrota muy dura con 9 de Julio. La verdad que para los que no somos del club, nos dimos cuenta de lo importante que era ese partido y por eso trabajamos en la semana muy enfocados en que ten\u00edamos que volver r\u00e1pido a la victoria. Hoy ganamos un partido importante casi sin sufrir, salvo un rato al final. Sabemos que si el rival nos hace menos de 70 puntos vamos a poder ganar muchos partidos. La clave de hoy estuvo en anular defensivamente a Carci y Horvath \u00a0(Bautista Olivera \u2013 Pacifico)<\/p>\n<p>&nbsp;<\/p><\/blockquote>\n<p><a href=\"http:\/\/www.gentedebasquet.com.ar\/wp-content\/uploads\/2021\/09\/Gif-Publicidades-3.gif\"><img decoding=\"async\" class=\"size-full wp-image-99872 aligncenter\" src=\"http:\/\/www.gentedebasquet.com.ar\/wp-content\/uploads\/2021\/09\/Gif-Publicidades-3.gif\" alt=\"\" width=\"300\" height=\"250\" \/><\/a><\/p>\n<p>&nbsp;<\/p>\n<p><strong>S\u00edntesis |<\/strong>\u00a0Primera Divisi\u00f3n \u2013 Fecha #5<\/p>\n<p><strong>Pac\u00edfico 84:<\/strong>\u00a0Nicol\u00e1s S\u00e1nchez 14, Branco Salvatori 17, Bautista Olivera 17, Gianfranco Nicotra 2 y Pomar Garbarino 12 (FI); Federico Cassano 0, Franco Signoroto 0, Marcos Leal 12, Germ\u00e1n Andr\u00e9s 6, Gino Pisani 0 y Baltazar Dom\u00ednguez 4. <strong>DT:<\/strong>\u00a0Andr\u00e9s Iannamico.<\/p>\n<p><strong>Estrella 74:<\/strong>\u00a0Juli\u00e1n Horvath 5, Dami\u00e1n Carci 6, Mauro Blazquez 10, Mat\u00edas Specogna 8 y Nahuel Camara 30 (FI); Ger\u00f3nimo Stach 0, Mauricio Halberg 8, Federico Lambrecht 1, Bruno Gigliotti 6 y Joaqu\u00edn Koellner 0.<strong> DT:<\/strong>\u00a0Luciano Deminicis.<\/p>\n<p><strong>Parciales:<\/strong>\u00a013-13, 34-29 (21-16), 68-47 (34-18) y 84-74 (16-27).<\/p>\n<p><strong>\u00c1rbitros:<\/strong>\u00a0Emanuel S\u00e1nchez \u2013 Diego Kessler \u2013 Juan Jaramillo.<\/p>\n<p><strong>Estadio:<\/strong>\u00a0William Harding Green (Pac\u00edfico).<\/p>\n<p><a href=\"https:\/\/fibalivestats.dcd.shared.geniussports.com\/u\/ABB\/1959915\/\"><strong>VER ESTAD\u00cdSTICAS<\/strong><\/a><\/p>\n<p>&nbsp;<\/p>\n<p style=\"text-align: center;\"><a href=\"http:\/\/www.gentedebasquet.com.ar\/wp-content\/uploads\/2021\/10\/PAC-ESTR-CLAVE.jpg\"><img decoding=\"async\" class=\"alignnone size-full wp-image-100628\" src=\"http:\/\/www.gentedebasquet.com.ar\/wp-content\/uploads\/2021\/10\/PAC-ESTR-CLAVE.jpg\" alt=\"\" width=\"640\" height=\"480\" srcset=\"https:\/\/gentedebasquet.com.ar\/sitio\/wp-content\/uploads\/2021\/10\/PAC-ESTR-CLAVE.jpg 640w, https:\/\/gentedebasquet.com.ar\/sitio\/wp-content\/uploads\/2021\/10\/PAC-ESTR-CLAVE-300x225.jpg 300w\" sizes=\"(max-width: 640px) 100vw, 640px\" \/><\/a><\/p>\n<p>&nbsp;<\/p>\n<p style=\"text-align: center;\"><a href=\"http:\/\/www.gentedebasquet.com.ar\/wp-content\/uploads\/2021\/07\/Gif-Publicidades-4.gif\"><img decoding=\"async\" class=\"alignnone size-full wp-image-99799\" src=\"http:\/\/www.gentedebasquet.com.ar\/wp-content\/uploads\/2021\/07\/Gif-Publicidades-4.gif\" alt=\"\" width=\"300\" height=\"250\" \/><\/a><\/p>\n<p>&nbsp;<\/p>\n<p style=\"text-align: center;\"><a href=\"http:\/\/www.gentedebasquet.com.ar\/wp-content\/uploads\/2021\/09\/Gif-Publicidades-5.gif\"><img decoding=\"async\" class=\"alignnone size-full wp-image-99876\" src=\"http:\/\/www.gentedebasquet.com.ar\/wp-content\/uploads\/2021\/09\/Gif-Publicidades-5.gif\" alt=\"\" width=\"300\" height=\"250\" \/><\/a><\/p>\n<p>&nbsp;<\/p>\n<p style=\"text-align: center;\"><a href=\"http:\/\/www.gentedebasquet.com.ar\/wp-content\/uploads\/2021\/10\/Foto-interior-2.jpg\"><img decoding=\"async\" class=\"alignnone size-full wp-image-100625\" src=\"http:\/\/www.gentedebasquet.com.ar\/wp-content\/uploads\/2021\/10\/Foto-interior-2.jpg\" alt=\"\" width=\"640\" height=\"480\" \/><\/a><\/p>\n","protected":false},"excerpt":{"rendered":"<p>Tras la derrota en el cl\u00e1sico, Pac\u00edfico volvi\u00f3 al triunfo ante Estrella: 84-74.<\/p>\n","protected":false},"author":1,"featured_media":100627,"comment_status":"closed","ping_status":"open","sticky":false,"template":"","format":"standard","meta":{"jnews-multi-image_gallery":[],"jnews_single_post":[],"jnews_primary_category":[],"footnotes":""},"categories":[23,101],"tags":[785,554,1386,10,984,270,17],"class_list":["post-100622","post","type-post","status-publish","format-standard","has-post-thumbnail","hentry","category-primera","category-slide","tag-andres-iannamico","tag-bautista-olivera","tag-branco-salvatori","tag-estrella","tag-luciano-deminicis","tag-nahuel-camara","tag-pacifico"],"yoast_head":"<!-- This site is optimized with the Yoast SEO plugin v27.5 - https:\/\/yoast.com\/product\/yoast-seo-wordpress\/ -->\n<title>Pronta recuperaci\u00f3n - Gente de B\u00e1squet<\/title>\n<meta name=\"robots\" content=\"index, follow, max-snippet:-1, max-image-preview:large, max-video-preview:-1\" \/>\n<link rel=\"canonical\" href=\"https:\/\/gentedebasquet.com.ar\/sitio\/2021\/10\/07\/pronta-recuperacion\/\" \/>\n<meta property=\"og:locale\" content=\"es_ES\" \/>\n<meta property=\"og:type\" content=\"article\" \/>\n<meta property=\"og:title\" content=\"Pronta recuperaci\u00f3n - Gente de B\u00e1squet\" \/>\n<meta property=\"og:description\" content=\"Tras la derrota en el cl\u00e1sico, Pac\u00edfico volvi\u00f3 al triunfo ante Estrella: 84-74.\" \/>\n<meta property=\"og:url\" content=\"https:\/\/gentedebasquet.com.ar\/sitio\/2021\/10\/07\/pronta-recuperacion\/\" \/>\n<meta property=\"og:site_name\" content=\"Gente de B\u00e1squet\" \/>\n<meta property=\"article:published_time\" content=\"2021-10-08T02:55:57+00:00\" \/>\n<meta property=\"og:image\" content=\"https:\/\/gentedebasquet.com.ar\/sitio\/wp-content\/uploads\/2021\/10\/Foto-principal-2.jpg\" \/>\n\t<meta property=\"og:image:width\" content=\"690\" \/>\n\t<meta property=\"og:image:height\" content=\"319\" \/>\n\t<meta property=\"og:image:type\" content=\"image\/jpeg\" \/>\n<meta name=\"author\" content=\"Gente de B\u00e1squet\" \/>\n<meta name=\"twitter:card\" content=\"summary_large_image\" \/>\n<meta name=\"twitter:label1\" content=\"Escrito por\" \/>\n\t<meta name=\"twitter:data1\" content=\"Gente de B\u00e1squet\" \/>\n\t<meta name=\"twitter:label2\" content=\"Tiempo de lectura\" \/>\n\t<meta name=\"twitter:data2\" content=\"3 minutos\" \/>\n<script type=\"application\/ld+json\" class=\"yoast-schema-graph\">{\"@context\":\"https:\\\/\\\/schema.org\",\"@graph\":[{\"@type\":\"Article\",\"@id\":\"https:\\\/\\\/gentedebasquet.com.ar\\\/sitio\\\/2021\\\/10\\\/07\\\/pronta-recuperacion\\\/#article\",\"isPartOf\":{\"@id\":\"https:\\\/\\\/gentedebasquet.com.ar\\\/sitio\\\/2021\\\/10\\\/07\\\/pronta-recuperacion\\\/\"},\"author\":{\"name\":\"Gente de B\u00e1squet\",\"@id\":\"https:\\\/\\\/gentedebasquet.com.ar\\\/sitio\\\/#\\\/schema\\\/person\\\/ca0b63bbb977369988a7bbbdc519943a\"},\"headline\":\"Pronta recuperaci\u00f3n\",\"datePublished\":\"2021-10-08T02:55:57+00:00\",\"mainEntityOfPage\":{\"@id\":\"https:\\\/\\\/gentedebasquet.com.ar\\\/sitio\\\/2021\\\/10\\\/07\\\/pronta-recuperacion\\\/\"},\"wordCount\":594,\"image\":{\"@id\":\"https:\\\/\\\/gentedebasquet.com.ar\\\/sitio\\\/2021\\\/10\\\/07\\\/pronta-recuperacion\\\/#primaryimage\"},\"thumbnailUrl\":\"https:\\\/\\\/gentedebasquet.com.ar\\\/sitio\\\/wp-content\\\/uploads\\\/2021\\\/10\\\/Foto-principal-2.jpg\",\"keywords\":[\"Andr\u00e9s Iannamico\",\"Bautista Olivera\",\"Branco Salvatori\",\"Estrella\",\"Luciano Deminicis\",\"Nahuel C\u00e1mara\",\"Pacifico\"],\"articleSection\":[\"Primera\",\"Slide\"],\"inLanguage\":\"es\"},{\"@type\":\"WebPage\",\"@id\":\"https:\\\/\\\/gentedebasquet.com.ar\\\/sitio\\\/2021\\\/10\\\/07\\\/pronta-recuperacion\\\/\",\"url\":\"https:\\\/\\\/gentedebasquet.com.ar\\\/sitio\\\/2021\\\/10\\\/07\\\/pronta-recuperacion\\\/\",\"name\":\"Pronta recuperaci\u00f3n - Gente de B\u00e1squet\",\"isPartOf\":{\"@id\":\"https:\\\/\\\/gentedebasquet.com.ar\\\/sitio\\\/#website\"},\"primaryImageOfPage\":{\"@id\":\"https:\\\/\\\/gentedebasquet.com.ar\\\/sitio\\\/2021\\\/10\\\/07\\\/pronta-recuperacion\\\/#primaryimage\"},\"image\":{\"@id\":\"https:\\\/\\\/gentedebasquet.com.ar\\\/sitio\\\/2021\\\/10\\\/07\\\/pronta-recuperacion\\\/#primaryimage\"},\"thumbnailUrl\":\"https:\\\/\\\/gentedebasquet.com.ar\\\/sitio\\\/wp-content\\\/uploads\\\/2021\\\/10\\\/Foto-principal-2.jpg\",\"datePublished\":\"2021-10-08T02:55:57+00:00\",\"author\":{\"@id\":\"https:\\\/\\\/gentedebasquet.com.ar\\\/sitio\\\/#\\\/schema\\\/person\\\/ca0b63bbb977369988a7bbbdc519943a\"},\"breadcrumb\":{\"@id\":\"https:\\\/\\\/gentedebasquet.com.ar\\\/sitio\\\/2021\\\/10\\\/07\\\/pronta-recuperacion\\\/#breadcrumb\"},\"inLanguage\":\"es\",\"potentialAction\":[{\"@type\":\"ReadAction\",\"target\":[\"https:\\\/\\\/gentedebasquet.com.ar\\\/sitio\\\/2021\\\/10\\\/07\\\/pronta-recuperacion\\\/\"]}]},{\"@type\":\"ImageObject\",\"inLanguage\":\"es\",\"@id\":\"https:\\\/\\\/gentedebasquet.com.ar\\\/sitio\\\/2021\\\/10\\\/07\\\/pronta-recuperacion\\\/#primaryimage\",\"url\":\"https:\\\/\\\/gentedebasquet.com.ar\\\/sitio\\\/wp-content\\\/uploads\\\/2021\\\/10\\\/Foto-principal-2.jpg\",\"contentUrl\":\"https:\\\/\\\/gentedebasquet.com.ar\\\/sitio\\\/wp-content\\\/uploads\\\/2021\\\/10\\\/Foto-principal-2.jpg\",\"width\":690,\"height\":319},{\"@type\":\"BreadcrumbList\",\"@id\":\"https:\\\/\\\/gentedebasquet.com.ar\\\/sitio\\\/2021\\\/10\\\/07\\\/pronta-recuperacion\\\/#breadcrumb\",\"itemListElement\":[{\"@type\":\"ListItem\",\"position\":1,\"name\":\"Portada\",\"item\":\"https:\\\/\\\/gentedebasquet.com.ar\\\/sitio\\\/\"},{\"@type\":\"ListItem\",\"position\":2,\"name\":\"Pronta recuperaci\u00f3n\"}]},{\"@type\":\"WebSite\",\"@id\":\"https:\\\/\\\/gentedebasquet.com.ar\\\/sitio\\\/#website\",\"url\":\"https:\\\/\\\/gentedebasquet.com.ar\\\/sitio\\\/\",\"name\":\"Gente de B\u00e1squet\",\"description\":\"La revista del basquet de Bah\u00eda Blanca\",\"potentialAction\":[{\"@type\":\"SearchAction\",\"target\":{\"@type\":\"EntryPoint\",\"urlTemplate\":\"https:\\\/\\\/gentedebasquet.com.ar\\\/sitio\\\/?s={search_term_string}\"},\"query-input\":{\"@type\":\"PropertyValueSpecification\",\"valueRequired\":true,\"valueName\":\"search_term_string\"}}],\"inLanguage\":\"es\"},{\"@type\":\"Person\",\"@id\":\"https:\\\/\\\/gentedebasquet.com.ar\\\/sitio\\\/#\\\/schema\\\/person\\\/ca0b63bbb977369988a7bbbdc519943a\",\"name\":\"Gente de B\u00e1squet\",\"image\":{\"@type\":\"ImageObject\",\"inLanguage\":\"es\",\"@id\":\"https:\\\/\\\/secure.gravatar.com\\\/avatar\\\/7f2c48bdc33b30088f941fb6082e555f2874c98e20cb159d7b92b50eadfce793?s=96&d=mm&r=g\",\"url\":\"https:\\\/\\\/secure.gravatar.com\\\/avatar\\\/7f2c48bdc33b30088f941fb6082e555f2874c98e20cb159d7b92b50eadfce793?s=96&d=mm&r=g\",\"contentUrl\":\"https:\\\/\\\/secure.gravatar.com\\\/avatar\\\/7f2c48bdc33b30088f941fb6082e555f2874c98e20cb159d7b92b50eadfce793?s=96&d=mm&r=g\",\"caption\":\"Gente de B\u00e1squet\"},\"sameAs\":[\"http:\\\/\\\/gentedebasquet.com.ar\\\/sitio\"],\"url\":\"https:\\\/\\\/gentedebasquet.com.ar\\\/sitio\\\/author\\\/ulises\\\/\"}]}<\/script>\n<!-- \/ Yoast SEO plugin. -->","yoast_head_json":{"title":"Pronta recuperaci\u00f3n - Gente de B\u00e1squet","robots":{"index":"index","follow":"follow","max-snippet":"max-snippet:-1","max-image-preview":"max-image-preview:large","max-video-preview":"max-video-preview:-1"},"canonical":"https:\/\/gentedebasquet.com.ar\/sitio\/2021\/10\/07\/pronta-recuperacion\/","og_locale":"es_ES","og_type":"article","og_title":"Pronta recuperaci\u00f3n - Gente de B\u00e1squet","og_description":"Tras la derrota en el cl\u00e1sico, Pac\u00edfico volvi\u00f3 al triunfo ante Estrella: 84-74.","og_url":"https:\/\/gentedebasquet.com.ar\/sitio\/2021\/10\/07\/pronta-recuperacion\/","og_site_name":"Gente de B\u00e1squet","article_published_time":"2021-10-08T02:55:57+00:00","og_image":[{"width":690,"height":319,"url":"https:\/\/gentedebasquet.com.ar\/sitio\/wp-content\/uploads\/2021\/10\/Foto-principal-2.jpg","type":"image\/jpeg"}],"author":"Gente de B\u00e1squet","twitter_card":"summary_large_image","twitter_misc":{"Escrito por":"Gente de B\u00e1squet","Tiempo de lectura":"3 minutos"},"schema":{"@context":"https:\/\/schema.org","@graph":[{"@type":"Article","@id":"https:\/\/gentedebasquet.com.ar\/sitio\/2021\/10\/07\/pronta-recuperacion\/#article","isPartOf":{"@id":"https:\/\/gentedebasquet.com.ar\/sitio\/2021\/10\/07\/pronta-recuperacion\/"},"author":{"name":"Gente de B\u00e1squet","@id":"https:\/\/gentedebasquet.com.ar\/sitio\/#\/schema\/person\/ca0b63bbb977369988a7bbbdc519943a"},"headline":"Pronta recuperaci\u00f3n","datePublished":"2021-10-08T02:55:57+00:00","mainEntityOfPage":{"@id":"https:\/\/gentedebasquet.com.ar\/sitio\/2021\/10\/07\/pronta-recuperacion\/"},"wordCount":594,"image":{"@id":"https:\/\/gentedebasquet.com.ar\/sitio\/2021\/10\/07\/pronta-recuperacion\/#primaryimage"},"thumbnailUrl":"https:\/\/gentedebasquet.com.ar\/sitio\/wp-content\/uploads\/2021\/10\/Foto-principal-2.jpg","keywords":["Andr\u00e9s Iannamico","Bautista Olivera","Branco Salvatori","Estrella","Luciano Deminicis","Nahuel C\u00e1mara","Pacifico"],"articleSection":["Primera","Slide"],"inLanguage":"es"},{"@type":"WebPage","@id":"https:\/\/gentedebasquet.com.ar\/sitio\/2021\/10\/07\/pronta-recuperacion\/","url":"https:\/\/gentedebasquet.com.ar\/sitio\/2021\/10\/07\/pronta-recuperacion\/","name":"Pronta recuperaci\u00f3n - Gente de B\u00e1squet","isPartOf":{"@id":"https:\/\/gentedebasquet.com.ar\/sitio\/#website"},"primaryImageOfPage":{"@id":"https:\/\/gentedebasquet.com.ar\/sitio\/2021\/10\/07\/pronta-recuperacion\/#primaryimage"},"image":{"@id":"https:\/\/gentedebasquet.com.ar\/sitio\/2021\/10\/07\/pronta-recuperacion\/#primaryimage"},"thumbnailUrl":"https:\/\/gentedebasquet.com.ar\/sitio\/wp-content\/uploads\/2021\/10\/Foto-principal-2.jpg","datePublished":"2021-10-08T02:55:57+00:00","author":{"@id":"https:\/\/gentedebasquet.com.ar\/sitio\/#\/schema\/person\/ca0b63bbb977369988a7bbbdc519943a"},"breadcrumb":{"@id":"https:\/\/gentedebasquet.com.ar\/sitio\/2021\/10\/07\/pronta-recuperacion\/#breadcrumb"},"inLanguage":"es","potentialAction":[{"@type":"ReadAction","target":["https:\/\/gentedebasquet.com.ar\/sitio\/2021\/10\/07\/pronta-recuperacion\/"]}]},{"@type":"ImageObject","inLanguage":"es","@id":"https:\/\/gentedebasquet.com.ar\/sitio\/2021\/10\/07\/pronta-recuperacion\/#primaryimage","url":"https:\/\/gentedebasquet.com.ar\/sitio\/wp-content\/uploads\/2021\/10\/Foto-principal-2.jpg","contentUrl":"https:\/\/gentedebasquet.com.ar\/sitio\/wp-content\/uploads\/2021\/10\/Foto-principal-2.jpg","width":690,"height":319},{"@type":"BreadcrumbList","@id":"https:\/\/gentedebasquet.com.ar\/sitio\/2021\/10\/07\/pronta-recuperacion\/#breadcrumb","itemListElement":[{"@type":"ListItem","position":1,"name":"Portada","item":"https:\/\/gentedebasquet.com.ar\/sitio\/"},{"@type":"ListItem","position":2,"name":"Pronta recuperaci\u00f3n"}]},{"@type":"WebSite","@id":"https:\/\/gentedebasquet.com.ar\/sitio\/#website","url":"https:\/\/gentedebasquet.com.ar\/sitio\/","name":"Gente de B\u00e1squet","description":"La revista del basquet de Bah\u00eda Blanca","potentialAction":[{"@type":"SearchAction","target":{"@type":"EntryPoint","urlTemplate":"https:\/\/gentedebasquet.com.ar\/sitio\/?s={search_term_string}"},"query-input":{"@type":"PropertyValueSpecification","valueRequired":true,"valueName":"search_term_string"}}],"inLanguage":"es"},{"@type":"Person","@id":"https:\/\/gentedebasquet.com.ar\/sitio\/#\/schema\/person\/ca0b63bbb977369988a7bbbdc519943a","name":"Gente de B\u00e1squet","image":{"@type":"ImageObject","inLanguage":"es","@id":"https:\/\/secure.gravatar.com\/avatar\/7f2c48bdc33b30088f941fb6082e555f2874c98e20cb159d7b92b50eadfce793?s=96&d=mm&r=g","url":"https:\/\/secure.gravatar.com\/avatar\/7f2c48bdc33b30088f941fb6082e555f2874c98e20cb159d7b92b50eadfce793?s=96&d=mm&r=g","contentUrl":"https:\/\/secure.gravatar.com\/avatar\/7f2c48bdc33b30088f941fb6082e555f2874c98e20cb159d7b92b50eadfce793?s=96&d=mm&r=g","caption":"Gente de B\u00e1squet"},"sameAs":["http:\/\/gentedebasquet.com.ar\/sitio"],"url":"https:\/\/gentedebasquet.com.ar\/sitio\/author\/ulises\/"}]}},"_links":{"self":[{"href":"https:\/\/gentedebasquet.com.ar\/sitio\/wp-json\/wp\/v2\/posts\/100622","targetHints":{"allow":["GET"]}}],"collection":[{"href":"https:\/\/gentedebasquet.com.ar\/sitio\/wp-json\/wp\/v2\/posts"}],"about":[{"href":"https:\/\/gentedebasquet.com.ar\/sitio\/wp-json\/wp\/v2\/types\/post"}],"author":[{"embeddable":true,"href":"https:\/\/gentedebasquet.com.ar\/sitio\/wp-json\/wp\/v2\/users\/1"}],"replies":[{"embeddable":true,"href":"https:\/\/gentedebasquet.com.ar\/sitio\/wp-json\/wp\/v2\/comments?post=100622"}],"version-history":[{"count":0,"href":"https:\/\/gentedebasquet.com.ar\/sitio\/wp-json\/wp\/v2\/posts\/100622\/revisions"}],"wp:featuredmedia":[{"embeddable":true,"href":"https:\/\/gentedebasquet.com.ar\/sitio\/wp-json\/wp\/v2\/media\/100627"}],"wp:attachment":[{"href":"https:\/\/gentedebasquet.com.ar\/sitio\/wp-json\/wp\/v2\/media?parent=100622"}],"wp:term":[{"taxonomy":"category","embeddable":true,"href":"https:\/\/gentedebasquet.com.ar\/sitio\/wp-json\/wp\/v2\/categories?post=100622"},{"taxonomy":"post_tag","embeddable":true,"href":"https:\/\/gentedebasquet.com.ar\/sitio\/wp-json\/wp\/v2\/tags?post=100622"}],"curies":[{"name":"wp","href":"https:\/\/api.w.org\/{rel}","templated":true}]}}