{"id":100718,"date":"2021-10-16T00:16:43","date_gmt":"2021-10-16T03:16:43","guid":{"rendered":"http:\/\/www.gentedebasquet.com.ar\/?p=100718"},"modified":"2021-10-16T00:16:43","modified_gmt":"2021-10-16T03:16:43","slug":"velocidad-se-anota-como-candidato","status":"publish","type":"post","link":"https:\/\/gentedebasquet.com.ar\/sitio\/2021\/10\/16\/velocidad-se-anota-como-candidato\/","title":{"rendered":"Velocidad se anota como candidato"},"content":{"rendered":"<p><strong>Un partidazo se vivi\u00f3 en el Pedro S\u00e1nchez, donde el contendiente Velocidad se adue\u00f1\u00f3 del invicto de Comercial. El encuentro fue subiendo la temperatura, hubo lluvia de triples de Juan Paronetto (8-13), un descalificado por dos antideportivas (Alan Pan), varios cruces verbales y pedido de explicaciones finales para con el tr\u00edo arbitral.<\/strong><\/p>\n<p><strong>Si bien rein\u00f3 la paridad desde el vamos, el local sac\u00f3 una peque\u00f1a luz en las postrimer\u00edas del 1\u00baC, merced a la labor de Vecchi (8 pts-5 reb-una tapa-un robo) y aprovechando la primera antideportiva de Pan (22-17).<\/strong><\/p>\n<p><strong>Para el 2\u00baC, Paronetto clav\u00f3 su primera bomba y mand\u00f3 un Whats App avisando que estaba \u00abyendo\u00bb a ser la figura. Aunque el que se rob\u00f3 el protagonismo en ese lapso fue el puntaltense Alan Lera (10), estando inspirado y confiado: m\u00e1xima azulgrana de 34-23. No obstante, se \u00absec\u00f3\u00bb y Comercial lo usufructu\u00f3 abroquel\u00e1ndose atr\u00e1s, cambiando la actitud y con la manito de Godoy (9) para secundar a Almir\u00f3n. As\u00ed, plant\u00f3 un 14-2 y pas\u00f3 a liderar 36-37. Aunque la primera etapa cerr\u00f3 en tablas (39-39).<\/strong><\/p>\n<p><strong>En la reanudaci\u00f3n, la atenci\u00f3n se focaliz\u00f3 en Paronetto, que en ese 3\u00baC se despach\u00f3 con \u00a15-7 triples!<\/strong><\/p>\n<p><strong>Sin embargo, Velo estuvo arriba 47-42 y el portuario lo contrarrest\u00f3 con dos triples de Andreanelli y la potencia de Lucas Ruiz (6). No solo lo empard\u00f3, sino que alcanz\u00f3 su pico de rendimiento: 56-63, a 2m54s de cerrarse el 3\u00baC. Las granadas de Paronetto decretaron que se ingrese al 4\u00baC igualados en 64.<\/strong><\/p>\n<p><strong>All\u00ed fue creciendo la temperatura, hubo algunos cortes de falta fuertes, intercambios verbales, quejas contra los jueces&#8230;<\/strong><\/p>\n<p><strong>Lo cierto es que Velocidad clav\u00f3 un 9-0 (73-64) en 2m28s. A lo que le a\u00f1adi\u00f3 un 3+1 de Paronetto, para estirar a 76-66. Comercial reaccion\u00f3 r\u00e1pido, con un 6-1 que lo devolvi\u00f3 al juego (72-77), quedando 5m39s. En esa \u00faltima recta, Velocidad tuvo la serenidad de Vecchi, Paronetto sigui\u00f3 castigando y restando 4m30s venc\u00eda por 82-73.<\/strong><\/p>\n<p><strong>Comercial ech\u00f3 el resto con triple de Andreanelli y libres de Pan (tuvo un cruce verbal con Candia), coloc\u00e1ndose 81-84 a 2m38s. Hubo doble m\u00e1s adicional de Lera (87-81) a 2m27s y la visita achic\u00f3 a un doble yendo para adentro: 86-88, a 1m12s.<\/strong><\/p>\n<p><strong>All\u00ed, sobrevino un triple crucial de L\u00f3pez Hoyos (91-86) a 55s, el verdiamarillo desperdici\u00f3 su ataque y el propio base hizo 1-2 a 33s, para comenzar a cerrarlo (92-86). Es que, en lo sucesivo, Comercial cort\u00f3 con falta y el anfitri\u00f3n lo liquid\u00f3 en la l\u00ednea, plasmando una racha de 9-2 en el \u00faltimo 1m37s epilogante.<\/strong><\/p>\n<p><strong>Agenden a Velocidad como candidato.<\/strong><\/p>\n<p><a href=\"http:\/\/www.gentedebasquet.com.ar\/wp-content\/uploads\/2021\/09\/Gif-Publicidades-1-1.gif\"><img decoding=\"async\" class=\"alignnone size-full wp-image-99870\" src=\"http:\/\/www.gentedebasquet.com.ar\/wp-content\/uploads\/2021\/09\/Gif-Publicidades-1-1.gif\" alt=\"\" width=\"300\" height=\"250\" \/><\/a><\/p>\n<p>&nbsp;<\/p>\n<p>[youtube]https:\/\/www.youtube.com\/watch?v=5nKZAKE2kQo[\/youtube]<\/p>\n<p>&nbsp;<\/p>\n<p><a href=\"http:\/\/www.gentedebasquet.com.ar\/wp-content\/uploads\/2021\/09\/Gif-Publicidades-2.gif\"><img decoding=\"async\" class=\"alignnone size-full wp-image-99871\" src=\"http:\/\/www.gentedebasquet.com.ar\/wp-content\/uploads\/2021\/09\/Gif-Publicidades-2.gif\" alt=\"\" width=\"300\" height=\"250\" \/><\/a><\/p>\n<p><a href=\"http:\/\/www.gentedebasquet.com.ar\/wp-content\/uploads\/2021\/10\/MVP-Paro.jpg\"><img decoding=\"async\" class=\"alignnone size-medium wp-image-100729\" src=\"http:\/\/www.gentedebasquet.com.ar\/wp-content\/uploads\/2021\/10\/MVP-Paro-300x300.jpg\" alt=\"\" width=\"300\" height=\"300\" srcset=\"https:\/\/gentedebasquet.com.ar\/sitio\/wp-content\/uploads\/2021\/10\/MVP-Paro-300x300.jpg 300w, https:\/\/gentedebasquet.com.ar\/sitio\/wp-content\/uploads\/2021\/10\/MVP-Paro-1024x1024.jpg 1024w, https:\/\/gentedebasquet.com.ar\/sitio\/wp-content\/uploads\/2021\/10\/MVP-Paro-150x150.jpg 150w, https:\/\/gentedebasquet.com.ar\/sitio\/wp-content\/uploads\/2021\/10\/MVP-Paro-768x768.jpg 768w, https:\/\/gentedebasquet.com.ar\/sitio\/wp-content\/uploads\/2021\/10\/MVP-Paro-1536x1536.jpg 1536w, https:\/\/gentedebasquet.com.ar\/sitio\/wp-content\/uploads\/2021\/10\/MVP-Paro.jpg 2000w\" sizes=\"(max-width: 300px) 100vw, 300px\" \/><\/a><\/p>\n<p><a href=\"http:\/\/www.gentedebasquet.com.ar\/wp-content\/uploads\/2021\/10\/V-2.jpg\"><img decoding=\"async\" class=\"alignnone size-medium wp-image-100730\" src=\"http:\/\/www.gentedebasquet.com.ar\/wp-content\/uploads\/2021\/10\/V-2-300x225.jpg\" alt=\"\" width=\"300\" height=\"225\" srcset=\"https:\/\/gentedebasquet.com.ar\/sitio\/wp-content\/uploads\/2021\/10\/V-2-300x225.jpg 300w, https:\/\/gentedebasquet.com.ar\/sitio\/wp-content\/uploads\/2021\/10\/V-2.jpg 640w\" sizes=\"(max-width: 300px) 100vw, 300px\" \/><\/a><\/p>\n<blockquote><p>\u00abTuvimos un partido chivo. La derrota contra Sportivo nos golpe\u00f3 mucho, pero en la semana nos preparamos para dar vuelta la p\u00e1gina. No nos consideramos candidatos, pensamos en nosotros y a partir de eso seguiremos mejorando como grupo. Es una victoria que nos va a servir para terminar bien arriba en esta primera rueda. En Mayores no hab\u00eda metido tantos triples&#8230; \u00ab. <strong>(Juan Paronetto-Velocidad).<\/strong><\/p><\/blockquote>\n<p><a href=\"http:\/\/www.gentedebasquet.com.ar\/wp-content\/uploads\/2021\/09\/Gif-Publicidades-4.gif\"><img decoding=\"async\" class=\"alignnone size-full wp-image-99873\" src=\"http:\/\/www.gentedebasquet.com.ar\/wp-content\/uploads\/2021\/09\/Gif-Publicidades-4.gif\" alt=\"\" width=\"300\" height=\"250\" \/><\/a><\/p>\n<p><strong>S\u00edntesis\u00a0<\/strong>\u2013 Segunda Divisi\u00f3n \u2013 Fecha #6<\/p>\n<p><strong>Velocidad 97:\u00a0<\/strong>Tadeo L\u00f3pez Hoyos 5, Lautaro Pirul 7, Mart\u00edn Quevedo 2, Luciano Vecchi 20, Mart\u00edn Villoldo 9 (x), (FI); Francisco Apella 2, Mariano Morando 9,\u00a0Juan Paronetto 28 y Alan Lera 15. DT: Gustavo Candia.<\/p>\n<p><strong>Comercial 88:\u00a0<\/strong>Am\u00edlcar Andreanelli 18,<strong>\u00a0<\/strong>Alan Pan 17 (D), Juan Manuel Bicondoa 3, Andr\u00e9s Almir\u00f3n 9, Lucas Ruiz 17, (FI); Bruno Aceituno 10, Mart\u00edn Godoy 14 y Santiago Ferrari 0.\u00a0DT:\u00a0Ignacio Vul.<\/p>\n<p><strong>Parciales:\u00a0<\/strong>22-17, 39-39 (17-22), 64-64 (25-25) y 97-88 (33-24).<\/p>\n<p><strong>\u00c1rbitros:\u00a0<\/strong>Eduardo Ferreyra \u2013 Mauro Reyes \u2013 Mauro Guall\u00e1n.<\/p>\n<p><strong>Estadio:\u00a0<\/strong>Pedro S\u00e1nchez (club Velocidad).<\/p>\n<p><a href=\"https:\/\/fibalivestats.dcd.shared.geniussports.com\/u\/ABB\/1994182\/\">ESTADISTICAS OFICIALES<\/a><\/p>\n<p><a href=\"http:\/\/www.gentedebasquet.com.ar\/wp-content\/uploads\/2021\/10\/CLAVE-Velo.jpg\"><img decoding=\"async\" class=\"alignnone size-medium wp-image-100731\" src=\"http:\/\/www.gentedebasquet.com.ar\/wp-content\/uploads\/2021\/10\/CLAVE-Velo-300x300.jpg\" alt=\"\" width=\"300\" height=\"300\" srcset=\"https:\/\/gentedebasquet.com.ar\/sitio\/wp-content\/uploads\/2021\/10\/CLAVE-Velo-300x300.jpg 300w, https:\/\/gentedebasquet.com.ar\/sitio\/wp-content\/uploads\/2021\/10\/CLAVE-Velo-1024x1024.jpg 1024w, https:\/\/gentedebasquet.com.ar\/sitio\/wp-content\/uploads\/2021\/10\/CLAVE-Velo-150x150.jpg 150w, https:\/\/gentedebasquet.com.ar\/sitio\/wp-content\/uploads\/2021\/10\/CLAVE-Velo-768x768.jpg 768w, https:\/\/gentedebasquet.com.ar\/sitio\/wp-content\/uploads\/2021\/10\/CLAVE-Velo-1536x1536.jpg 1536w, https:\/\/gentedebasquet.com.ar\/sitio\/wp-content\/uploads\/2021\/10\/CLAVE-Velo.jpg 2000w\" sizes=\"(max-width: 300px) 100vw, 300px\" \/><\/a><\/p>\n<p><a href=\"http:\/\/www.gentedebasquet.com.ar\/wp-content\/uploads\/2021\/09\/Gif-Publicidades-3.gif\"><img decoding=\"async\" class=\"alignnone size-full wp-image-99872\" src=\"http:\/\/www.gentedebasquet.com.ar\/wp-content\/uploads\/2021\/09\/Gif-Publicidades-3.gif\" alt=\"\" width=\"300\" height=\"250\" \/><\/a><\/p>\n<p><a href=\"http:\/\/www.gentedebasquet.com.ar\/wp-content\/uploads\/2021\/09\/Gif-Publicidades-5.gif\"><img decoding=\"async\" class=\"alignnone size-full wp-image-99876\" src=\"http:\/\/www.gentedebasquet.com.ar\/wp-content\/uploads\/2021\/09\/Gif-Publicidades-5.gif\" alt=\"\" width=\"300\" height=\"250\" \/><\/a><\/p>\n<p><a href=\"http:\/\/www.gentedebasquet.com.ar\/wp-content\/uploads\/2021\/10\/C-2.jpg\"><img decoding=\"async\" class=\"alignnone size-medium wp-image-100733\" src=\"http:\/\/www.gentedebasquet.com.ar\/wp-content\/uploads\/2021\/10\/C-2-300x225.jpg\" alt=\"\" width=\"300\" height=\"225\" srcset=\"https:\/\/gentedebasquet.com.ar\/sitio\/wp-content\/uploads\/2021\/10\/C-2-300x225.jpg 300w, https:\/\/gentedebasquet.com.ar\/sitio\/wp-content\/uploads\/2021\/10\/C-2.jpg 640w\" sizes=\"(max-width: 300px) 100vw, 300px\" \/><\/a><\/p>\n","protected":false},"excerpt":{"rendered":"<p>El azulgrana despoj\u00f3 del invicto a Comercial (97-88), con 8 triples de Juan Paronetto.<\/p>\n","protected":false},"author":1,"featured_media":100732,"comment_status":"closed","ping_status":"open","sticky":false,"template":"","format":"standard","meta":{"jnews-multi-image_gallery":[],"jnews_single_post":[],"jnews_primary_category":[],"footnotes":""},"categories":[25,101],"tags":[478,298,548,7,560,1680,589],"class_list":["post-100718","post","type-post","status-publish","format-standard","has-post-thumbnail","hentry","category-segunda","category-slide","tag-alan-lera","tag-alan-pan","tag-amilcar-andreanelli","tag-comercial","tag-lucas-ruiz","tag-luciano-vecchi","tag-velocidad-y-resistencia"],"yoast_head":"<!-- This site is optimized with the Yoast SEO plugin v27.5 - https:\/\/yoast.com\/product\/yoast-seo-wordpress\/ -->\n<title>Velocidad se anota como candidato - Gente de B\u00e1squet<\/title>\n<meta name=\"robots\" content=\"index, follow, max-snippet:-1, max-image-preview:large, max-video-preview:-1\" \/>\n<link rel=\"canonical\" href=\"https:\/\/gentedebasquet.com.ar\/sitio\/2021\/10\/16\/velocidad-se-anota-como-candidato\/\" \/>\n<meta property=\"og:locale\" content=\"es_ES\" \/>\n<meta property=\"og:type\" content=\"article\" \/>\n<meta property=\"og:title\" content=\"Velocidad se anota como candidato - Gente de B\u00e1squet\" \/>\n<meta property=\"og:description\" content=\"El azulgrana despoj\u00f3 del invicto a Comercial (97-88), con 8 triples de Juan Paronetto.\" \/>\n<meta property=\"og:url\" content=\"https:\/\/gentedebasquet.com.ar\/sitio\/2021\/10\/16\/velocidad-se-anota-como-candidato\/\" \/>\n<meta property=\"og:site_name\" content=\"Gente de B\u00e1squet\" \/>\n<meta property=\"article:published_time\" content=\"2021-10-16T03:16:43+00:00\" \/>\n<meta property=\"og:image\" content=\"https:\/\/gentedebasquet.com.ar\/sitio\/wp-content\/uploads\/2021\/10\/V-1.jpg\" \/>\n\t<meta property=\"og:image:width\" content=\"690\" \/>\n\t<meta property=\"og:image:height\" content=\"319\" \/>\n\t<meta property=\"og:image:type\" content=\"image\/jpeg\" \/>\n<meta name=\"author\" content=\"Gente de B\u00e1squet\" \/>\n<meta name=\"twitter:card\" content=\"summary_large_image\" \/>\n<meta name=\"twitter:label1\" content=\"Escrito por\" \/>\n\t<meta name=\"twitter:data1\" content=\"Gente de B\u00e1squet\" \/>\n\t<meta name=\"twitter:label2\" content=\"Tiempo de lectura\" \/>\n\t<meta name=\"twitter:data2\" content=\"3 minutos\" \/>\n<script type=\"application\/ld+json\" class=\"yoast-schema-graph\">{\"@context\":\"https:\\\/\\\/schema.org\",\"@graph\":[{\"@type\":\"Article\",\"@id\":\"https:\\\/\\\/gentedebasquet.com.ar\\\/sitio\\\/2021\\\/10\\\/16\\\/velocidad-se-anota-como-candidato\\\/#article\",\"isPartOf\":{\"@id\":\"https:\\\/\\\/gentedebasquet.com.ar\\\/sitio\\\/2021\\\/10\\\/16\\\/velocidad-se-anota-como-candidato\\\/\"},\"author\":{\"name\":\"Gente de B\u00e1squet\",\"@id\":\"https:\\\/\\\/gentedebasquet.com.ar\\\/sitio\\\/#\\\/schema\\\/person\\\/ca0b63bbb977369988a7bbbdc519943a\"},\"headline\":\"Velocidad se anota como candidato\",\"datePublished\":\"2021-10-16T03:16:43+00:00\",\"mainEntityOfPage\":{\"@id\":\"https:\\\/\\\/gentedebasquet.com.ar\\\/sitio\\\/2021\\\/10\\\/16\\\/velocidad-se-anota-como-candidato\\\/\"},\"wordCount\":617,\"image\":{\"@id\":\"https:\\\/\\\/gentedebasquet.com.ar\\\/sitio\\\/2021\\\/10\\\/16\\\/velocidad-se-anota-como-candidato\\\/#primaryimage\"},\"thumbnailUrl\":\"https:\\\/\\\/gentedebasquet.com.ar\\\/sitio\\\/wp-content\\\/uploads\\\/2021\\\/10\\\/V-1.jpg\",\"keywords\":[\"Alan Lera\",\"Alan Pan\",\"Amilcar Andreanelli\",\"Comercial\",\"Lucas Ruiz\",\"Luciano Vecchi\",\"Velocidad y Resistencia\"],\"articleSection\":[\"Segunda\",\"Slide\"],\"inLanguage\":\"es\"},{\"@type\":\"WebPage\",\"@id\":\"https:\\\/\\\/gentedebasquet.com.ar\\\/sitio\\\/2021\\\/10\\\/16\\\/velocidad-se-anota-como-candidato\\\/\",\"url\":\"https:\\\/\\\/gentedebasquet.com.ar\\\/sitio\\\/2021\\\/10\\\/16\\\/velocidad-se-anota-como-candidato\\\/\",\"name\":\"Velocidad se anota como candidato - Gente de B\u00e1squet\",\"isPartOf\":{\"@id\":\"https:\\\/\\\/gentedebasquet.com.ar\\\/sitio\\\/#website\"},\"primaryImageOfPage\":{\"@id\":\"https:\\\/\\\/gentedebasquet.com.ar\\\/sitio\\\/2021\\\/10\\\/16\\\/velocidad-se-anota-como-candidato\\\/#primaryimage\"},\"image\":{\"@id\":\"https:\\\/\\\/gentedebasquet.com.ar\\\/sitio\\\/2021\\\/10\\\/16\\\/velocidad-se-anota-como-candidato\\\/#primaryimage\"},\"thumbnailUrl\":\"https:\\\/\\\/gentedebasquet.com.ar\\\/sitio\\\/wp-content\\\/uploads\\\/2021\\\/10\\\/V-1.jpg\",\"datePublished\":\"2021-10-16T03:16:43+00:00\",\"author\":{\"@id\":\"https:\\\/\\\/gentedebasquet.com.ar\\\/sitio\\\/#\\\/schema\\\/person\\\/ca0b63bbb977369988a7bbbdc519943a\"},\"breadcrumb\":{\"@id\":\"https:\\\/\\\/gentedebasquet.com.ar\\\/sitio\\\/2021\\\/10\\\/16\\\/velocidad-se-anota-como-candidato\\\/#breadcrumb\"},\"inLanguage\":\"es\",\"potentialAction\":[{\"@type\":\"ReadAction\",\"target\":[\"https:\\\/\\\/gentedebasquet.com.ar\\\/sitio\\\/2021\\\/10\\\/16\\\/velocidad-se-anota-como-candidato\\\/\"]}]},{\"@type\":\"ImageObject\",\"inLanguage\":\"es\",\"@id\":\"https:\\\/\\\/gentedebasquet.com.ar\\\/sitio\\\/2021\\\/10\\\/16\\\/velocidad-se-anota-como-candidato\\\/#primaryimage\",\"url\":\"https:\\\/\\\/gentedebasquet.com.ar\\\/sitio\\\/wp-content\\\/uploads\\\/2021\\\/10\\\/V-1.jpg\",\"contentUrl\":\"https:\\\/\\\/gentedebasquet.com.ar\\\/sitio\\\/wp-content\\\/uploads\\\/2021\\\/10\\\/V-1.jpg\",\"width\":690,\"height\":319},{\"@type\":\"BreadcrumbList\",\"@id\":\"https:\\\/\\\/gentedebasquet.com.ar\\\/sitio\\\/2021\\\/10\\\/16\\\/velocidad-se-anota-como-candidato\\\/#breadcrumb\",\"itemListElement\":[{\"@type\":\"ListItem\",\"position\":1,\"name\":\"Portada\",\"item\":\"https:\\\/\\\/gentedebasquet.com.ar\\\/sitio\\\/\"},{\"@type\":\"ListItem\",\"position\":2,\"name\":\"Velocidad se anota como candidato\"}]},{\"@type\":\"WebSite\",\"@id\":\"https:\\\/\\\/gentedebasquet.com.ar\\\/sitio\\\/#website\",\"url\":\"https:\\\/\\\/gentedebasquet.com.ar\\\/sitio\\\/\",\"name\":\"Gente de B\u00e1squet\",\"description\":\"La revista del basquet de Bah\u00eda Blanca\",\"potentialAction\":[{\"@type\":\"SearchAction\",\"target\":{\"@type\":\"EntryPoint\",\"urlTemplate\":\"https:\\\/\\\/gentedebasquet.com.ar\\\/sitio\\\/?s={search_term_string}\"},\"query-input\":{\"@type\":\"PropertyValueSpecification\",\"valueRequired\":true,\"valueName\":\"search_term_string\"}}],\"inLanguage\":\"es\"},{\"@type\":\"Person\",\"@id\":\"https:\\\/\\\/gentedebasquet.com.ar\\\/sitio\\\/#\\\/schema\\\/person\\\/ca0b63bbb977369988a7bbbdc519943a\",\"name\":\"Gente de B\u00e1squet\",\"image\":{\"@type\":\"ImageObject\",\"inLanguage\":\"es\",\"@id\":\"https:\\\/\\\/secure.gravatar.com\\\/avatar\\\/7f2c48bdc33b30088f941fb6082e555f2874c98e20cb159d7b92b50eadfce793?s=96&d=mm&r=g\",\"url\":\"https:\\\/\\\/secure.gravatar.com\\\/avatar\\\/7f2c48bdc33b30088f941fb6082e555f2874c98e20cb159d7b92b50eadfce793?s=96&d=mm&r=g\",\"contentUrl\":\"https:\\\/\\\/secure.gravatar.com\\\/avatar\\\/7f2c48bdc33b30088f941fb6082e555f2874c98e20cb159d7b92b50eadfce793?s=96&d=mm&r=g\",\"caption\":\"Gente de B\u00e1squet\"},\"sameAs\":[\"http:\\\/\\\/gentedebasquet.com.ar\\\/sitio\"],\"url\":\"https:\\\/\\\/gentedebasquet.com.ar\\\/sitio\\\/author\\\/ulises\\\/\"}]}<\/script>\n<!-- \/ Yoast SEO plugin. -->","yoast_head_json":{"title":"Velocidad se anota como candidato - Gente de B\u00e1squet","robots":{"index":"index","follow":"follow","max-snippet":"max-snippet:-1","max-image-preview":"max-image-preview:large","max-video-preview":"max-video-preview:-1"},"canonical":"https:\/\/gentedebasquet.com.ar\/sitio\/2021\/10\/16\/velocidad-se-anota-como-candidato\/","og_locale":"es_ES","og_type":"article","og_title":"Velocidad se anota como candidato - Gente de B\u00e1squet","og_description":"El azulgrana despoj\u00f3 del invicto a Comercial (97-88), con 8 triples de Juan Paronetto.","og_url":"https:\/\/gentedebasquet.com.ar\/sitio\/2021\/10\/16\/velocidad-se-anota-como-candidato\/","og_site_name":"Gente de B\u00e1squet","article_published_time":"2021-10-16T03:16:43+00:00","og_image":[{"width":690,"height":319,"url":"https:\/\/gentedebasquet.com.ar\/sitio\/wp-content\/uploads\/2021\/10\/V-1.jpg","type":"image\/jpeg"}],"author":"Gente de B\u00e1squet","twitter_card":"summary_large_image","twitter_misc":{"Escrito por":"Gente de B\u00e1squet","Tiempo de lectura":"3 minutos"},"schema":{"@context":"https:\/\/schema.org","@graph":[{"@type":"Article","@id":"https:\/\/gentedebasquet.com.ar\/sitio\/2021\/10\/16\/velocidad-se-anota-como-candidato\/#article","isPartOf":{"@id":"https:\/\/gentedebasquet.com.ar\/sitio\/2021\/10\/16\/velocidad-se-anota-como-candidato\/"},"author":{"name":"Gente de B\u00e1squet","@id":"https:\/\/gentedebasquet.com.ar\/sitio\/#\/schema\/person\/ca0b63bbb977369988a7bbbdc519943a"},"headline":"Velocidad se anota como candidato","datePublished":"2021-10-16T03:16:43+00:00","mainEntityOfPage":{"@id":"https:\/\/gentedebasquet.com.ar\/sitio\/2021\/10\/16\/velocidad-se-anota-como-candidato\/"},"wordCount":617,"image":{"@id":"https:\/\/gentedebasquet.com.ar\/sitio\/2021\/10\/16\/velocidad-se-anota-como-candidato\/#primaryimage"},"thumbnailUrl":"https:\/\/gentedebasquet.com.ar\/sitio\/wp-content\/uploads\/2021\/10\/V-1.jpg","keywords":["Alan Lera","Alan Pan","Amilcar Andreanelli","Comercial","Lucas Ruiz","Luciano Vecchi","Velocidad y Resistencia"],"articleSection":["Segunda","Slide"],"inLanguage":"es"},{"@type":"WebPage","@id":"https:\/\/gentedebasquet.com.ar\/sitio\/2021\/10\/16\/velocidad-se-anota-como-candidato\/","url":"https:\/\/gentedebasquet.com.ar\/sitio\/2021\/10\/16\/velocidad-se-anota-como-candidato\/","name":"Velocidad se anota como candidato - Gente de B\u00e1squet","isPartOf":{"@id":"https:\/\/gentedebasquet.com.ar\/sitio\/#website"},"primaryImageOfPage":{"@id":"https:\/\/gentedebasquet.com.ar\/sitio\/2021\/10\/16\/velocidad-se-anota-como-candidato\/#primaryimage"},"image":{"@id":"https:\/\/gentedebasquet.com.ar\/sitio\/2021\/10\/16\/velocidad-se-anota-como-candidato\/#primaryimage"},"thumbnailUrl":"https:\/\/gentedebasquet.com.ar\/sitio\/wp-content\/uploads\/2021\/10\/V-1.jpg","datePublished":"2021-10-16T03:16:43+00:00","author":{"@id":"https:\/\/gentedebasquet.com.ar\/sitio\/#\/schema\/person\/ca0b63bbb977369988a7bbbdc519943a"},"breadcrumb":{"@id":"https:\/\/gentedebasquet.com.ar\/sitio\/2021\/10\/16\/velocidad-se-anota-como-candidato\/#breadcrumb"},"inLanguage":"es","potentialAction":[{"@type":"ReadAction","target":["https:\/\/gentedebasquet.com.ar\/sitio\/2021\/10\/16\/velocidad-se-anota-como-candidato\/"]}]},{"@type":"ImageObject","inLanguage":"es","@id":"https:\/\/gentedebasquet.com.ar\/sitio\/2021\/10\/16\/velocidad-se-anota-como-candidato\/#primaryimage","url":"https:\/\/gentedebasquet.com.ar\/sitio\/wp-content\/uploads\/2021\/10\/V-1.jpg","contentUrl":"https:\/\/gentedebasquet.com.ar\/sitio\/wp-content\/uploads\/2021\/10\/V-1.jpg","width":690,"height":319},{"@type":"BreadcrumbList","@id":"https:\/\/gentedebasquet.com.ar\/sitio\/2021\/10\/16\/velocidad-se-anota-como-candidato\/#breadcrumb","itemListElement":[{"@type":"ListItem","position":1,"name":"Portada","item":"https:\/\/gentedebasquet.com.ar\/sitio\/"},{"@type":"ListItem","position":2,"name":"Velocidad se anota como candidato"}]},{"@type":"WebSite","@id":"https:\/\/gentedebasquet.com.ar\/sitio\/#website","url":"https:\/\/gentedebasquet.com.ar\/sitio\/","name":"Gente de B\u00e1squet","description":"La revista del basquet de Bah\u00eda Blanca","potentialAction":[{"@type":"SearchAction","target":{"@type":"EntryPoint","urlTemplate":"https:\/\/gentedebasquet.com.ar\/sitio\/?s={search_term_string}"},"query-input":{"@type":"PropertyValueSpecification","valueRequired":true,"valueName":"search_term_string"}}],"inLanguage":"es"},{"@type":"Person","@id":"https:\/\/gentedebasquet.com.ar\/sitio\/#\/schema\/person\/ca0b63bbb977369988a7bbbdc519943a","name":"Gente de B\u00e1squet","image":{"@type":"ImageObject","inLanguage":"es","@id":"https:\/\/secure.gravatar.com\/avatar\/7f2c48bdc33b30088f941fb6082e555f2874c98e20cb159d7b92b50eadfce793?s=96&d=mm&r=g","url":"https:\/\/secure.gravatar.com\/avatar\/7f2c48bdc33b30088f941fb6082e555f2874c98e20cb159d7b92b50eadfce793?s=96&d=mm&r=g","contentUrl":"https:\/\/secure.gravatar.com\/avatar\/7f2c48bdc33b30088f941fb6082e555f2874c98e20cb159d7b92b50eadfce793?s=96&d=mm&r=g","caption":"Gente de B\u00e1squet"},"sameAs":["http:\/\/gentedebasquet.com.ar\/sitio"],"url":"https:\/\/gentedebasquet.com.ar\/sitio\/author\/ulises\/"}]}},"_links":{"self":[{"href":"https:\/\/gentedebasquet.com.ar\/sitio\/wp-json\/wp\/v2\/posts\/100718","targetHints":{"allow":["GET"]}}],"collection":[{"href":"https:\/\/gentedebasquet.com.ar\/sitio\/wp-json\/wp\/v2\/posts"}],"about":[{"href":"https:\/\/gentedebasquet.com.ar\/sitio\/wp-json\/wp\/v2\/types\/post"}],"author":[{"embeddable":true,"href":"https:\/\/gentedebasquet.com.ar\/sitio\/wp-json\/wp\/v2\/users\/1"}],"replies":[{"embeddable":true,"href":"https:\/\/gentedebasquet.com.ar\/sitio\/wp-json\/wp\/v2\/comments?post=100718"}],"version-history":[{"count":0,"href":"https:\/\/gentedebasquet.com.ar\/sitio\/wp-json\/wp\/v2\/posts\/100718\/revisions"}],"wp:featuredmedia":[{"embeddable":true,"href":"https:\/\/gentedebasquet.com.ar\/sitio\/wp-json\/wp\/v2\/media\/100732"}],"wp:attachment":[{"href":"https:\/\/gentedebasquet.com.ar\/sitio\/wp-json\/wp\/v2\/media?parent=100718"}],"wp:term":[{"taxonomy":"category","embeddable":true,"href":"https:\/\/gentedebasquet.com.ar\/sitio\/wp-json\/wp\/v2\/categories?post=100718"},{"taxonomy":"post_tag","embeddable":true,"href":"https:\/\/gentedebasquet.com.ar\/sitio\/wp-json\/wp\/v2\/tags?post=100718"}],"curies":[{"name":"wp","href":"https:\/\/api.w.org\/{rel}","templated":true}]}}