{"id":100820,"date":"2021-10-23T00:40:47","date_gmt":"2021-10-23T03:40:47","guid":{"rendered":"http:\/\/www.gentedebasquet.com.ar\/?p=100820"},"modified":"2021-10-23T00:40:47","modified_gmt":"2021-10-23T03:40:47","slug":"desperto-a-tiempo-y-se-llevo-la-victoria","status":"publish","type":"post","link":"https:\/\/gentedebasquet.com.ar\/sitio\/2021\/10\/23\/desperto-a-tiempo-y-se-llevo-la-victoria\/","title":{"rendered":"Despert\u00f3 a tiempo y se llev\u00f3 la victoria"},"content":{"rendered":"<p><b>Por la s\u00e9ptima\u00a0fecha del torneo de Segunda, Velocidad se llev\u00f3 una gran victoria del Ardubilio Severini. Los de Candia derrotaron a Argentino 82-71 y siguen metidos en lo mas alto del campeonato.<\/b><\/p>\n<p><strong>El primer cuarto se lo llev\u00f3 el local 26-15, los de Ram\u00edrez aprovecharon la mano caliente de Manuel Maina (20 pts, 4\/8 t3) y sacaron una buena ventaja en el arranque. El ex Bahiense del Norte, Amaury Hevia (9pts, 6reb), tambi\u00e9n aport\u00f3 lo suyo en ese lapso de juego.<\/strong><\/p>\n<p><b>En el segundo Velocidad agarr\u00f3 ritmo y de la mano de la figura del partido Alan Lera (27 pts 5\/6 t2), logro llev\u00e1rselo 29-20. Luciano Vecchi (15 pts, 9 reb) desplegaba su juego en el poste bajo y le daba sus frutos al conjunto de Candia. En el local aparec\u00eda Nicol\u00e1s\u00a0Antonelli (23 pts 8 reb), quien ser\u00eda el encargado de comandar gran parte del goleo de su equipo en lo que restaba de partido.<\/b><\/p>\n<p><strong>La inefectividad rein\u00f3 en el 3c, igualmente Velocidad fue m\u00e1s en defensa y se lo qued\u00f3 11-8, con 4\/15 en tc, mientras que Argentino termin\u00f3 con 2\/19. As\u00ed el visitante quedaba al frente por 1 (55-54) con el ultimo cuarto por jugarse.<\/strong><\/p>\n<p><strong>Argentino nunca se repuso de esa diferencia y Velocidad se llev\u00f3 el ultimo 27-17. Los de Candia llegaron a sacar una m\u00e1xima de 13 y sentenciaron el partido a falta de 01:08 en el reloj. Mart\u00edn Quevedo (18 pts 7 reb) y Mariano Morando (10 pts 5 reb) fueron otros de los destacados en el visitante.<\/strong><\/p>\n<p><a href=\"http:\/\/www.gentedebasquet.com.ar\/wp-content\/uploads\/2021\/09\/Gif-Publicidades-1-1.gif\"><img decoding=\"async\" class=\"alignnone wp-image-99870\" src=\"http:\/\/www.gentedebasquet.com.ar\/wp-content\/uploads\/2021\/09\/Gif-Publicidades-1-1.gif\" alt=\"\" width=\"300\" height=\"250\" \/><\/a><\/p>\n<p><iframe loading=\"lazy\" title=\"YouTube video player\" src=\"https:\/\/www.youtube.com\/embed\/O8SN0s6lBpM\" width=\"560\" height=\"315\" frameborder=\"0\" allowfullscreen=\"allowfullscreen\"><\/iframe><\/p>\n<p><a href=\"http:\/\/www.gentedebasquet.com.ar\/wp-content\/uploads\/2021\/09\/Gif-Publicidades-2.gif\"><img decoding=\"async\" class=\"alignnone size-full wp-image-99871\" src=\"http:\/\/www.gentedebasquet.com.ar\/wp-content\/uploads\/2021\/09\/Gif-Publicidades-2.gif\" alt=\"\" width=\"300\" height=\"250\" \/><\/a><\/p>\n<p><a href=\"http:\/\/www.gentedebasquet.com.ar\/wp-content\/uploads\/2021\/10\/mvplera1.jpg\"><img decoding=\"async\" class=\"alignnone size-medium wp-image-100837\" src=\"http:\/\/www.gentedebasquet.com.ar\/wp-content\/uploads\/2021\/10\/mvplera1-300x300.jpg\" alt=\"\" width=\"300\" height=\"300\" srcset=\"https:\/\/gentedebasquet.com.ar\/sitio\/wp-content\/uploads\/2021\/10\/mvplera1-300x300.jpg 300w, https:\/\/gentedebasquet.com.ar\/sitio\/wp-content\/uploads\/2021\/10\/mvplera1-1024x1024.jpg 1024w, https:\/\/gentedebasquet.com.ar\/sitio\/wp-content\/uploads\/2021\/10\/mvplera1-150x150.jpg 150w, https:\/\/gentedebasquet.com.ar\/sitio\/wp-content\/uploads\/2021\/10\/mvplera1-768x768.jpg 768w, https:\/\/gentedebasquet.com.ar\/sitio\/wp-content\/uploads\/2021\/10\/mvplera1-1536x1536.jpg 1536w, https:\/\/gentedebasquet.com.ar\/sitio\/wp-content\/uploads\/2021\/10\/mvplera1.jpg 2000w\" sizes=\"(max-width: 300px) 100vw, 300px\" \/><\/a><\/p>\n<p><a href=\"http:\/\/www.gentedebasquet.com.ar\/wp-content\/uploads\/2021\/10\/WhatsApp-Image-2021-10-22-at-22.42.29.jpeg\"><img decoding=\"async\" class=\"alignnone size-medium wp-image-100838\" src=\"http:\/\/www.gentedebasquet.com.ar\/wp-content\/uploads\/2021\/10\/WhatsApp-Image-2021-10-22-at-22.42.29-300x224.jpeg\" alt=\"\" width=\"300\" height=\"224\" srcset=\"https:\/\/gentedebasquet.com.ar\/sitio\/wp-content\/uploads\/2021\/10\/WhatsApp-Image-2021-10-22-at-22.42.29-300x224.jpeg 300w, https:\/\/gentedebasquet.com.ar\/sitio\/wp-content\/uploads\/2021\/10\/WhatsApp-Image-2021-10-22-at-22.42.29-1024x765.jpeg 1024w, https:\/\/gentedebasquet.com.ar\/sitio\/wp-content\/uploads\/2021\/10\/WhatsApp-Image-2021-10-22-at-22.42.29-768x574.jpeg 768w, https:\/\/gentedebasquet.com.ar\/sitio\/wp-content\/uploads\/2021\/10\/WhatsApp-Image-2021-10-22-at-22.42.29-1536x1148.jpeg 1536w, https:\/\/gentedebasquet.com.ar\/sitio\/wp-content\/uploads\/2021\/10\/WhatsApp-Image-2021-10-22-at-22.42.29.jpeg 1600w\" sizes=\"(max-width: 300px) 100vw, 300px\" \/><\/a><\/p>\n<blockquote><p>Se nos complico un poco en el primer tiempo, nos sacaron 10 al principio y por suerte, con esfuerzo de todo el equipo, mas en defensa lo pudimos sacar adelante. Lo que hablamos con Gustavo fue que ten\u00edamos que empezar a defender, porque no est\u00e1bamos defendiendo a nadie y despu\u00e9s empezar a jugar mas a lo nuestro, que es correr, pasarnos entre todos la pelota y jugar un poco para Lucho (Vecchi) en el poste bajo, el nos dio juego y por suerte sali\u00f3 bien.<\/p><\/blockquote>\n<p><a href=\"http:\/\/www.gentedebasquet.com.ar\/wp-content\/uploads\/2021\/09\/Gif-Publicidades-4.gif\"><img decoding=\"async\" class=\"alignnone size-full wp-image-99873\" src=\"http:\/\/www.gentedebasquet.com.ar\/wp-content\/uploads\/2021\/09\/Gif-Publicidades-4.gif\" alt=\"\" width=\"300\" height=\"250\" \/><\/a><\/p>\n<p><strong>S\u00edntesis:\u00a0\u00a0<\/strong>Segunda Divisi\u00f3n \u2013 Fecha #7<b>:\u00a0<\/b><\/p>\n<p><b>Argentino 71:\u00a0\u00a0<\/b>Mat\u00edas Ticozzi 3, Manuel Maina 20, Nicol\u00e1s Antonelli 23, Amaury Hevia 9, Santiago Suanez 5\u00a0<strong>(FI);<\/strong>\u00a0Ferm\u00edn Mariezcurrena 0, Gast\u00f3n Chaves 4, Juan Cruz Reschini 3, Esteban Richotti 2 , Franco Corsi 0, Tom\u00e1s Arana 2 y Jerem\u00edas Mar\u00edn 0 .<b>\u00a0DT: Mat\u00edas Ram\u00edrez.<\/b><\/p>\n<p><strong>Velocidad 82:\u00a0<\/strong>Tadeo L\u00f3pez Hoyos 6, Lautaro Pirul 2, Mart\u00edn Quevedo 18, Luciano Vecchi 15, Mart\u00edn Villoldo 2 (FI); Mariano Morando 10,\u00a0Juan Paronetto 2 , Alan Lera 27, Franco Bucca 0 y Tadeo Perez 0. <strong>DT: Gustavo Candia.<\/strong><\/p>\n<p><strong>Parciales: <\/strong>26-15, 46-44 (20-29), 54-55 (8-11) y 71-82 (17-27)<\/p>\n<p><b>\u00c1rbitros: <\/b>Horacio Sedan, Lucas Paolete y Juan Mat\u00edas.<\/p>\n<p><b>Estadio: Ardubilio\u00a0Severini<\/b><\/p>\n<p><a href=\"https:\/\/fibalivestats.dcd.shared.geniussports.com\/u\/ABB\/1997408\/bs.html\">Ver planilla<\/a><\/p>\n<p><a href=\"http:\/\/www.gentedebasquet.com.ar\/wp-content\/uploads\/2021\/10\/clavevelo1-1.jpg\"><img decoding=\"async\" class=\"alignnone size-medium wp-image-100836\" src=\"http:\/\/www.gentedebasquet.com.ar\/wp-content\/uploads\/2021\/10\/clavevelo1-1-300x300.jpg\" alt=\"\" width=\"300\" height=\"300\" srcset=\"https:\/\/gentedebasquet.com.ar\/sitio\/wp-content\/uploads\/2021\/10\/clavevelo1-1-300x300.jpg 300w, https:\/\/gentedebasquet.com.ar\/sitio\/wp-content\/uploads\/2021\/10\/clavevelo1-1-1024x1024.jpg 1024w, https:\/\/gentedebasquet.com.ar\/sitio\/wp-content\/uploads\/2021\/10\/clavevelo1-1-150x150.jpg 150w, https:\/\/gentedebasquet.com.ar\/sitio\/wp-content\/uploads\/2021\/10\/clavevelo1-1-768x768.jpg 768w, https:\/\/gentedebasquet.com.ar\/sitio\/wp-content\/uploads\/2021\/10\/clavevelo1-1-1536x1536.jpg 1536w, https:\/\/gentedebasquet.com.ar\/sitio\/wp-content\/uploads\/2021\/10\/clavevelo1-1.jpg 2000w\" sizes=\"(max-width: 300px) 100vw, 300px\" \/><\/a><\/p>\n<p><a href=\"http:\/\/www.gentedebasquet.com.ar\/wp-content\/uploads\/2021\/09\/Gif-Publicidades-3.gif\"><img decoding=\"async\" class=\"alignnone size-full wp-image-99872\" src=\"http:\/\/www.gentedebasquet.com.ar\/wp-content\/uploads\/2021\/09\/Gif-Publicidades-3.gif\" alt=\"\" width=\"300\" height=\"250\" \/><\/a><\/p>\n<p><a href=\"http:\/\/www.gentedebasquet.com.ar\/wp-content\/uploads\/2021\/09\/Gif-Publicidades-5.gif\"><img decoding=\"async\" class=\"alignnone size-full wp-image-99876\" src=\"http:\/\/www.gentedebasquet.com.ar\/wp-content\/uploads\/2021\/09\/Gif-Publicidades-5.gif\" alt=\"\" width=\"300\" height=\"250\" \/><\/a><\/p>\n<p>&nbsp;<\/p>\n","protected":false},"excerpt":{"rendered":"<p>Por la s\u00e9ptima\u00a0fecha del torneo de Segunda, Velocidad se llev\u00f3 una gran victoria del Ardubilio Severini. Los de Candia derrotaron a Argentino 82-71 y siguen metidos en lo mas alto del campeonato. El primer cuarto se lo llev\u00f3 el local 26-15, los de Ram\u00edrez aprovecharon la mano caliente de Manuel Maina (20 pts, 4\/8 t3) [&hellip;]<\/p>\n","protected":false},"author":1,"featured_media":100835,"comment_status":"closed","ping_status":"open","sticky":false,"template":"","format":"standard","meta":{"jnews-multi-image_gallery":[],"jnews_single_post":[],"jnews_primary_category":[],"footnotes":""},"categories":[24,25,101],"tags":[478,4,1293,21],"class_list":["post-100820","post","type-post","status-publish","format-standard","has-post-thumbnail","hentry","category-overtime","category-segunda","category-slide","tag-alan-lera","tag-argentino","tag-martin-quevedo","tag-velocidad"],"yoast_head":"<!-- This site is optimized with the Yoast SEO plugin v27.5 - https:\/\/yoast.com\/product\/yoast-seo-wordpress\/ -->\n<title>Despert\u00f3 a tiempo y se llev\u00f3 la victoria - Gente de B\u00e1squet<\/title>\n<meta name=\"robots\" content=\"index, follow, max-snippet:-1, max-image-preview:large, max-video-preview:-1\" \/>\n<link rel=\"canonical\" href=\"http:\/\/gentedebasquet.com.ar\/sitio\/2021\/10\/23\/desperto-a-tiempo-y-se-llevo-la-victoria\/\" \/>\n<meta property=\"og:locale\" content=\"es_ES\" \/>\n<meta property=\"og:type\" content=\"article\" \/>\n<meta property=\"og:title\" content=\"Despert\u00f3 a tiempo y se llev\u00f3 la victoria - Gente de B\u00e1squet\" \/>\n<meta property=\"og:description\" content=\"Por la s\u00e9ptima\u00a0fecha del torneo de Segunda, Velocidad se llev\u00f3 una gran victoria del Ardubilio Severini. Los de Candia derrotaron a Argentino 82-71 y siguen metidos en lo mas alto del campeonato. El primer cuarto se lo llev\u00f3 el local 26-15, los de Ram\u00edrez aprovecharon la mano caliente de Manuel Maina (20 pts, 4\/8 t3) [&hellip;]\" \/>\n<meta property=\"og:url\" content=\"http:\/\/gentedebasquet.com.ar\/sitio\/2021\/10\/23\/desperto-a-tiempo-y-se-llevo-la-victoria\/\" \/>\n<meta property=\"og:site_name\" content=\"Gente de B\u00e1squet\" \/>\n<meta property=\"article:published_time\" content=\"2021-10-23T03:40:47+00:00\" \/>\n<meta property=\"og:image\" content=\"http:\/\/gentedebasquet.com.ar\/sitio\/wp-content\/uploads\/2021\/10\/WhatsApp-Image-2021-10-22-at-23.11.08.jpeg\" \/>\n\t<meta property=\"og:image:width\" content=\"628\" \/>\n\t<meta property=\"og:image:height\" content=\"344\" \/>\n\t<meta property=\"og:image:type\" content=\"image\/jpeg\" \/>\n<meta name=\"author\" content=\"Gente de B\u00e1squet\" \/>\n<meta name=\"twitter:card\" content=\"summary_large_image\" \/>\n<meta name=\"twitter:label1\" content=\"Escrito por\" \/>\n\t<meta name=\"twitter:data1\" content=\"Gente de B\u00e1squet\" \/>\n\t<meta name=\"twitter:label2\" content=\"Tiempo de lectura\" \/>\n\t<meta name=\"twitter:data2\" content=\"2 minutos\" \/>\n<script type=\"application\/ld+json\" class=\"yoast-schema-graph\">{\"@context\":\"https:\\\/\\\/schema.org\",\"@graph\":[{\"@type\":\"Article\",\"@id\":\"http:\\\/\\\/gentedebasquet.com.ar\\\/sitio\\\/2021\\\/10\\\/23\\\/desperto-a-tiempo-y-se-llevo-la-victoria\\\/#article\",\"isPartOf\":{\"@id\":\"http:\\\/\\\/gentedebasquet.com.ar\\\/sitio\\\/2021\\\/10\\\/23\\\/desperto-a-tiempo-y-se-llevo-la-victoria\\\/\"},\"author\":{\"name\":\"Gente de B\u00e1squet\",\"@id\":\"https:\\\/\\\/gentedebasquet.com.ar\\\/sitio\\\/#\\\/schema\\\/person\\\/ca0b63bbb977369988a7bbbdc519943a\"},\"headline\":\"Despert\u00f3 a tiempo y se llev\u00f3 la victoria\",\"datePublished\":\"2021-10-23T03:40:47+00:00\",\"mainEntityOfPage\":{\"@id\":\"http:\\\/\\\/gentedebasquet.com.ar\\\/sitio\\\/2021\\\/10\\\/23\\\/desperto-a-tiempo-y-se-llevo-la-victoria\\\/\"},\"wordCount\":443,\"image\":{\"@id\":\"http:\\\/\\\/gentedebasquet.com.ar\\\/sitio\\\/2021\\\/10\\\/23\\\/desperto-a-tiempo-y-se-llevo-la-victoria\\\/#primaryimage\"},\"thumbnailUrl\":\"https:\\\/\\\/gentedebasquet.com.ar\\\/sitio\\\/wp-content\\\/uploads\\\/2021\\\/10\\\/WhatsApp-Image-2021-10-22-at-23.11.08.jpeg\",\"keywords\":[\"Alan Lera\",\"Argentino\",\"Mart\u00edn Quevedo\",\"Velocidad\"],\"articleSection\":[\"#Overtime\",\"Segunda\",\"Slide\"],\"inLanguage\":\"es\"},{\"@type\":\"WebPage\",\"@id\":\"http:\\\/\\\/gentedebasquet.com.ar\\\/sitio\\\/2021\\\/10\\\/23\\\/desperto-a-tiempo-y-se-llevo-la-victoria\\\/\",\"url\":\"http:\\\/\\\/gentedebasquet.com.ar\\\/sitio\\\/2021\\\/10\\\/23\\\/desperto-a-tiempo-y-se-llevo-la-victoria\\\/\",\"name\":\"Despert\u00f3 a tiempo y se llev\u00f3 la victoria - Gente de B\u00e1squet\",\"isPartOf\":{\"@id\":\"https:\\\/\\\/gentedebasquet.com.ar\\\/sitio\\\/#website\"},\"primaryImageOfPage\":{\"@id\":\"http:\\\/\\\/gentedebasquet.com.ar\\\/sitio\\\/2021\\\/10\\\/23\\\/desperto-a-tiempo-y-se-llevo-la-victoria\\\/#primaryimage\"},\"image\":{\"@id\":\"http:\\\/\\\/gentedebasquet.com.ar\\\/sitio\\\/2021\\\/10\\\/23\\\/desperto-a-tiempo-y-se-llevo-la-victoria\\\/#primaryimage\"},\"thumbnailUrl\":\"https:\\\/\\\/gentedebasquet.com.ar\\\/sitio\\\/wp-content\\\/uploads\\\/2021\\\/10\\\/WhatsApp-Image-2021-10-22-at-23.11.08.jpeg\",\"datePublished\":\"2021-10-23T03:40:47+00:00\",\"author\":{\"@id\":\"https:\\\/\\\/gentedebasquet.com.ar\\\/sitio\\\/#\\\/schema\\\/person\\\/ca0b63bbb977369988a7bbbdc519943a\"},\"breadcrumb\":{\"@id\":\"http:\\\/\\\/gentedebasquet.com.ar\\\/sitio\\\/2021\\\/10\\\/23\\\/desperto-a-tiempo-y-se-llevo-la-victoria\\\/#breadcrumb\"},\"inLanguage\":\"es\",\"potentialAction\":[{\"@type\":\"ReadAction\",\"target\":[\"http:\\\/\\\/gentedebasquet.com.ar\\\/sitio\\\/2021\\\/10\\\/23\\\/desperto-a-tiempo-y-se-llevo-la-victoria\\\/\"]}]},{\"@type\":\"ImageObject\",\"inLanguage\":\"es\",\"@id\":\"http:\\\/\\\/gentedebasquet.com.ar\\\/sitio\\\/2021\\\/10\\\/23\\\/desperto-a-tiempo-y-se-llevo-la-victoria\\\/#primaryimage\",\"url\":\"https:\\\/\\\/gentedebasquet.com.ar\\\/sitio\\\/wp-content\\\/uploads\\\/2021\\\/10\\\/WhatsApp-Image-2021-10-22-at-23.11.08.jpeg\",\"contentUrl\":\"https:\\\/\\\/gentedebasquet.com.ar\\\/sitio\\\/wp-content\\\/uploads\\\/2021\\\/10\\\/WhatsApp-Image-2021-10-22-at-23.11.08.jpeg\",\"width\":628,\"height\":344},{\"@type\":\"BreadcrumbList\",\"@id\":\"http:\\\/\\\/gentedebasquet.com.ar\\\/sitio\\\/2021\\\/10\\\/23\\\/desperto-a-tiempo-y-se-llevo-la-victoria\\\/#breadcrumb\",\"itemListElement\":[{\"@type\":\"ListItem\",\"position\":1,\"name\":\"Portada\",\"item\":\"https:\\\/\\\/gentedebasquet.com.ar\\\/sitio\\\/\"},{\"@type\":\"ListItem\",\"position\":2,\"name\":\"Despert\u00f3 a tiempo y se llev\u00f3 la victoria\"}]},{\"@type\":\"WebSite\",\"@id\":\"https:\\\/\\\/gentedebasquet.com.ar\\\/sitio\\\/#website\",\"url\":\"https:\\\/\\\/gentedebasquet.com.ar\\\/sitio\\\/\",\"name\":\"Gente de B\u00e1squet\",\"description\":\"La revista del basquet de Bah\u00eda Blanca\",\"potentialAction\":[{\"@type\":\"SearchAction\",\"target\":{\"@type\":\"EntryPoint\",\"urlTemplate\":\"https:\\\/\\\/gentedebasquet.com.ar\\\/sitio\\\/?s={search_term_string}\"},\"query-input\":{\"@type\":\"PropertyValueSpecification\",\"valueRequired\":true,\"valueName\":\"search_term_string\"}}],\"inLanguage\":\"es\"},{\"@type\":\"Person\",\"@id\":\"https:\\\/\\\/gentedebasquet.com.ar\\\/sitio\\\/#\\\/schema\\\/person\\\/ca0b63bbb977369988a7bbbdc519943a\",\"name\":\"Gente de B\u00e1squet\",\"image\":{\"@type\":\"ImageObject\",\"inLanguage\":\"es\",\"@id\":\"https:\\\/\\\/secure.gravatar.com\\\/avatar\\\/7f2c48bdc33b30088f941fb6082e555f2874c98e20cb159d7b92b50eadfce793?s=96&d=mm&r=g\",\"url\":\"https:\\\/\\\/secure.gravatar.com\\\/avatar\\\/7f2c48bdc33b30088f941fb6082e555f2874c98e20cb159d7b92b50eadfce793?s=96&d=mm&r=g\",\"contentUrl\":\"https:\\\/\\\/secure.gravatar.com\\\/avatar\\\/7f2c48bdc33b30088f941fb6082e555f2874c98e20cb159d7b92b50eadfce793?s=96&d=mm&r=g\",\"caption\":\"Gente de B\u00e1squet\"},\"sameAs\":[\"http:\\\/\\\/gentedebasquet.com.ar\\\/sitio\"],\"url\":\"https:\\\/\\\/gentedebasquet.com.ar\\\/sitio\\\/author\\\/ulises\\\/\"}]}<\/script>\n<!-- \/ Yoast SEO plugin. -->","yoast_head_json":{"title":"Despert\u00f3 a tiempo y se llev\u00f3 la victoria - Gente de B\u00e1squet","robots":{"index":"index","follow":"follow","max-snippet":"max-snippet:-1","max-image-preview":"max-image-preview:large","max-video-preview":"max-video-preview:-1"},"canonical":"http:\/\/gentedebasquet.com.ar\/sitio\/2021\/10\/23\/desperto-a-tiempo-y-se-llevo-la-victoria\/","og_locale":"es_ES","og_type":"article","og_title":"Despert\u00f3 a tiempo y se llev\u00f3 la victoria - Gente de B\u00e1squet","og_description":"Por la s\u00e9ptima\u00a0fecha del torneo de Segunda, Velocidad se llev\u00f3 una gran victoria del Ardubilio Severini. Los de Candia derrotaron a Argentino 82-71 y siguen metidos en lo mas alto del campeonato. El primer cuarto se lo llev\u00f3 el local 26-15, los de Ram\u00edrez aprovecharon la mano caliente de Manuel Maina (20 pts, 4\/8 t3) [&hellip;]","og_url":"http:\/\/gentedebasquet.com.ar\/sitio\/2021\/10\/23\/desperto-a-tiempo-y-se-llevo-la-victoria\/","og_site_name":"Gente de B\u00e1squet","article_published_time":"2021-10-23T03:40:47+00:00","og_image":[{"width":628,"height":344,"url":"http:\/\/gentedebasquet.com.ar\/sitio\/wp-content\/uploads\/2021\/10\/WhatsApp-Image-2021-10-22-at-23.11.08.jpeg","type":"image\/jpeg"}],"author":"Gente de B\u00e1squet","twitter_card":"summary_large_image","twitter_misc":{"Escrito por":"Gente de B\u00e1squet","Tiempo de lectura":"2 minutos"},"schema":{"@context":"https:\/\/schema.org","@graph":[{"@type":"Article","@id":"http:\/\/gentedebasquet.com.ar\/sitio\/2021\/10\/23\/desperto-a-tiempo-y-se-llevo-la-victoria\/#article","isPartOf":{"@id":"http:\/\/gentedebasquet.com.ar\/sitio\/2021\/10\/23\/desperto-a-tiempo-y-se-llevo-la-victoria\/"},"author":{"name":"Gente de B\u00e1squet","@id":"https:\/\/gentedebasquet.com.ar\/sitio\/#\/schema\/person\/ca0b63bbb977369988a7bbbdc519943a"},"headline":"Despert\u00f3 a tiempo y se llev\u00f3 la victoria","datePublished":"2021-10-23T03:40:47+00:00","mainEntityOfPage":{"@id":"http:\/\/gentedebasquet.com.ar\/sitio\/2021\/10\/23\/desperto-a-tiempo-y-se-llevo-la-victoria\/"},"wordCount":443,"image":{"@id":"http:\/\/gentedebasquet.com.ar\/sitio\/2021\/10\/23\/desperto-a-tiempo-y-se-llevo-la-victoria\/#primaryimage"},"thumbnailUrl":"https:\/\/gentedebasquet.com.ar\/sitio\/wp-content\/uploads\/2021\/10\/WhatsApp-Image-2021-10-22-at-23.11.08.jpeg","keywords":["Alan Lera","Argentino","Mart\u00edn Quevedo","Velocidad"],"articleSection":["#Overtime","Segunda","Slide"],"inLanguage":"es"},{"@type":"WebPage","@id":"http:\/\/gentedebasquet.com.ar\/sitio\/2021\/10\/23\/desperto-a-tiempo-y-se-llevo-la-victoria\/","url":"http:\/\/gentedebasquet.com.ar\/sitio\/2021\/10\/23\/desperto-a-tiempo-y-se-llevo-la-victoria\/","name":"Despert\u00f3 a tiempo y se llev\u00f3 la victoria - Gente de B\u00e1squet","isPartOf":{"@id":"https:\/\/gentedebasquet.com.ar\/sitio\/#website"},"primaryImageOfPage":{"@id":"http:\/\/gentedebasquet.com.ar\/sitio\/2021\/10\/23\/desperto-a-tiempo-y-se-llevo-la-victoria\/#primaryimage"},"image":{"@id":"http:\/\/gentedebasquet.com.ar\/sitio\/2021\/10\/23\/desperto-a-tiempo-y-se-llevo-la-victoria\/#primaryimage"},"thumbnailUrl":"https:\/\/gentedebasquet.com.ar\/sitio\/wp-content\/uploads\/2021\/10\/WhatsApp-Image-2021-10-22-at-23.11.08.jpeg","datePublished":"2021-10-23T03:40:47+00:00","author":{"@id":"https:\/\/gentedebasquet.com.ar\/sitio\/#\/schema\/person\/ca0b63bbb977369988a7bbbdc519943a"},"breadcrumb":{"@id":"http:\/\/gentedebasquet.com.ar\/sitio\/2021\/10\/23\/desperto-a-tiempo-y-se-llevo-la-victoria\/#breadcrumb"},"inLanguage":"es","potentialAction":[{"@type":"ReadAction","target":["http:\/\/gentedebasquet.com.ar\/sitio\/2021\/10\/23\/desperto-a-tiempo-y-se-llevo-la-victoria\/"]}]},{"@type":"ImageObject","inLanguage":"es","@id":"http:\/\/gentedebasquet.com.ar\/sitio\/2021\/10\/23\/desperto-a-tiempo-y-se-llevo-la-victoria\/#primaryimage","url":"https:\/\/gentedebasquet.com.ar\/sitio\/wp-content\/uploads\/2021\/10\/WhatsApp-Image-2021-10-22-at-23.11.08.jpeg","contentUrl":"https:\/\/gentedebasquet.com.ar\/sitio\/wp-content\/uploads\/2021\/10\/WhatsApp-Image-2021-10-22-at-23.11.08.jpeg","width":628,"height":344},{"@type":"BreadcrumbList","@id":"http:\/\/gentedebasquet.com.ar\/sitio\/2021\/10\/23\/desperto-a-tiempo-y-se-llevo-la-victoria\/#breadcrumb","itemListElement":[{"@type":"ListItem","position":1,"name":"Portada","item":"https:\/\/gentedebasquet.com.ar\/sitio\/"},{"@type":"ListItem","position":2,"name":"Despert\u00f3 a tiempo y se llev\u00f3 la victoria"}]},{"@type":"WebSite","@id":"https:\/\/gentedebasquet.com.ar\/sitio\/#website","url":"https:\/\/gentedebasquet.com.ar\/sitio\/","name":"Gente de B\u00e1squet","description":"La revista del basquet de Bah\u00eda Blanca","potentialAction":[{"@type":"SearchAction","target":{"@type":"EntryPoint","urlTemplate":"https:\/\/gentedebasquet.com.ar\/sitio\/?s={search_term_string}"},"query-input":{"@type":"PropertyValueSpecification","valueRequired":true,"valueName":"search_term_string"}}],"inLanguage":"es"},{"@type":"Person","@id":"https:\/\/gentedebasquet.com.ar\/sitio\/#\/schema\/person\/ca0b63bbb977369988a7bbbdc519943a","name":"Gente de B\u00e1squet","image":{"@type":"ImageObject","inLanguage":"es","@id":"https:\/\/secure.gravatar.com\/avatar\/7f2c48bdc33b30088f941fb6082e555f2874c98e20cb159d7b92b50eadfce793?s=96&d=mm&r=g","url":"https:\/\/secure.gravatar.com\/avatar\/7f2c48bdc33b30088f941fb6082e555f2874c98e20cb159d7b92b50eadfce793?s=96&d=mm&r=g","contentUrl":"https:\/\/secure.gravatar.com\/avatar\/7f2c48bdc33b30088f941fb6082e555f2874c98e20cb159d7b92b50eadfce793?s=96&d=mm&r=g","caption":"Gente de B\u00e1squet"},"sameAs":["http:\/\/gentedebasquet.com.ar\/sitio"],"url":"https:\/\/gentedebasquet.com.ar\/sitio\/author\/ulises\/"}]}},"_links":{"self":[{"href":"https:\/\/gentedebasquet.com.ar\/sitio\/wp-json\/wp\/v2\/posts\/100820","targetHints":{"allow":["GET"]}}],"collection":[{"href":"https:\/\/gentedebasquet.com.ar\/sitio\/wp-json\/wp\/v2\/posts"}],"about":[{"href":"https:\/\/gentedebasquet.com.ar\/sitio\/wp-json\/wp\/v2\/types\/post"}],"author":[{"embeddable":true,"href":"https:\/\/gentedebasquet.com.ar\/sitio\/wp-json\/wp\/v2\/users\/1"}],"replies":[{"embeddable":true,"href":"https:\/\/gentedebasquet.com.ar\/sitio\/wp-json\/wp\/v2\/comments?post=100820"}],"version-history":[{"count":0,"href":"https:\/\/gentedebasquet.com.ar\/sitio\/wp-json\/wp\/v2\/posts\/100820\/revisions"}],"wp:featuredmedia":[{"embeddable":true,"href":"https:\/\/gentedebasquet.com.ar\/sitio\/wp-json\/wp\/v2\/media\/100835"}],"wp:attachment":[{"href":"https:\/\/gentedebasquet.com.ar\/sitio\/wp-json\/wp\/v2\/media?parent=100820"}],"wp:term":[{"taxonomy":"category","embeddable":true,"href":"https:\/\/gentedebasquet.com.ar\/sitio\/wp-json\/wp\/v2\/categories?post=100820"},{"taxonomy":"post_tag","embeddable":true,"href":"https:\/\/gentedebasquet.com.ar\/sitio\/wp-json\/wp\/v2\/tags?post=100820"}],"curies":[{"name":"wp","href":"https:\/\/api.w.org\/{rel}","templated":true}]}}