{"id":100918,"date":"2021-10-29T23:48:49","date_gmt":"2021-10-30T02:48:49","guid":{"rendered":"http:\/\/www.gentedebasquet.com.ar\/?p=100918"},"modified":"2021-10-29T23:48:49","modified_gmt":"2021-10-30T02:48:49","slug":"sportivo-reacciono-y-sigue-invicto","status":"publish","type":"post","link":"https:\/\/gentedebasquet.com.ar\/sitio\/2021\/10\/29\/sportivo-reacciono-y-sigue-invicto\/","title":{"rendered":"Sportivo reaccion\u00f3 y sigue invicto"},"content":{"rendered":"<p><b>En condici\u00f3n\u00a0de local, Sportivo Bahiense venci\u00f3 a La Falda 83-59 por la octava fecha del torneo de segunda. Los de Loffredo mantienen el invicto y siguen firmes en busca del objetivo.\u00a0<\/b><\/p>\n<p><b>El comienzo fue sorpresivo para el local, ya que La Falda se llevar\u00eda el primer cuarto 18-17 con una gran actuaci\u00f3n de Federico Gonz\u00e1lez (17 pts y 5 reb) clavando tres triples seguidos en esa etapa. Los de \u00c1lvarez\u00a0apuntaban al juego externo y eran efectivos, todo lo contrario a su rival.\u00a0<\/b><\/p>\n<p><b>El equipo invicto reaccion\u00f3 en el segundo cuarto y se lo llev\u00f3 18-11, mejorando la defensa y teniendo un gran Cristian Miguel (20 pts, 10 reb) quien seria nuevamente la figura del encuentro. En el local tambi\u00e9n\u00a0aportar\u00eda\u00a0un par de bombas Facundo Sastre ( 10 pts y 2 asis).<\/b><\/p>\n<p><b>Con una diferencia de 6 a favor del tricolor, los de Loffredo afrontar\u00edan el resto del encuentro con tranquilidad. Adem\u00e1s de Cristian, tambi\u00e9n aparecer\u00eda Emanuel Miguel (16 pts y 6 reb) para ampliar el goleo local. En lafa respond\u00eda su goleador:\u00a0 Emiliano Men\u00e9ndez\u00a0con 18 pts y 5 reb.<\/b><\/p>\n<p><strong>Sportivo sell\u00f3 la victoria con un 23-10 en el 4c y extendi\u00f3 su invicto a 8 partidos en el torneo de segunda. Hoy la parada fue mas complicada de lo que se imaginaban, pero con la experiencia y talento de sus figuras supieron sacar adelante el encuentro.\u00a0<\/strong><\/p>\n<p><a href=\"http:\/\/www.gentedebasquet.com.ar\/wp-content\/uploads\/2021\/09\/Gif-Publicidades-1-1.gif\"><img decoding=\"async\" class=\"alignnone wp-image-99870\" src=\"http:\/\/www.gentedebasquet.com.ar\/wp-content\/uploads\/2021\/09\/Gif-Publicidades-1-1.gif\" alt=\"\" width=\"300\" height=\"250\" \/><\/a><br \/>\n<iframe loading=\"lazy\" title=\"YouTube video player\" src=\"https:\/\/www.youtube.com\/embed\/65Joh-3yq4A\" width=\"560\" height=\"315\" frameborder=\"0\" allowfullscreen=\"allowfullscreen\"><\/iframe><br \/>\n<a href=\"http:\/\/www.gentedebasquet.com.ar\/wp-content\/uploads\/2021\/09\/Gif-Publicidades-2.gif\"><img decoding=\"async\" class=\"alignnone size-full wp-image-99871\" src=\"http:\/\/www.gentedebasquet.com.ar\/wp-content\/uploads\/2021\/09\/Gif-Publicidades-2.gif\" alt=\"\" width=\"300\" height=\"250\" \/><\/a><\/p>\n<p><a href=\"http:\/\/www.gentedebasquet.com.ar\/wp-content\/uploads\/2021\/10\/MVP-1-1.jpg\"><img decoding=\"async\" class=\"alignnone size-medium wp-image-100934\" src=\"http:\/\/www.gentedebasquet.com.ar\/wp-content\/uploads\/2021\/10\/MVP-1-1-300x300.jpg\" alt=\"\" width=\"300\" height=\"300\" srcset=\"https:\/\/gentedebasquet.com.ar\/sitio\/wp-content\/uploads\/2021\/10\/MVP-1-1-300x300.jpg 300w, https:\/\/gentedebasquet.com.ar\/sitio\/wp-content\/uploads\/2021\/10\/MVP-1-1-1024x1024.jpg 1024w, https:\/\/gentedebasquet.com.ar\/sitio\/wp-content\/uploads\/2021\/10\/MVP-1-1-150x150.jpg 150w, https:\/\/gentedebasquet.com.ar\/sitio\/wp-content\/uploads\/2021\/10\/MVP-1-1-768x768.jpg 768w, https:\/\/gentedebasquet.com.ar\/sitio\/wp-content\/uploads\/2021\/10\/MVP-1-1-1536x1536.jpg 1536w, https:\/\/gentedebasquet.com.ar\/sitio\/wp-content\/uploads\/2021\/10\/MVP-1-1.jpg 2000w\" sizes=\"(max-width: 300px) 100vw, 300px\" \/><\/a><\/p>\n<p><a href=\"http:\/\/www.gentedebasquet.com.ar\/wp-content\/uploads\/2021\/10\/WhatsApp-Image-2021-10-29-at-23.00.38.jpeg\"><img decoding=\"async\" class=\"alignnone size-medium wp-image-100935\" src=\"http:\/\/www.gentedebasquet.com.ar\/wp-content\/uploads\/2021\/10\/WhatsApp-Image-2021-10-29-at-23.00.38-300x224.jpeg\" alt=\"\" width=\"300\" height=\"224\" srcset=\"https:\/\/gentedebasquet.com.ar\/sitio\/wp-content\/uploads\/2021\/10\/WhatsApp-Image-2021-10-29-at-23.00.38-300x224.jpeg 300w, https:\/\/gentedebasquet.com.ar\/sitio\/wp-content\/uploads\/2021\/10\/WhatsApp-Image-2021-10-29-at-23.00.38-1024x765.jpeg 1024w, https:\/\/gentedebasquet.com.ar\/sitio\/wp-content\/uploads\/2021\/10\/WhatsApp-Image-2021-10-29-at-23.00.38-768x574.jpeg 768w, https:\/\/gentedebasquet.com.ar\/sitio\/wp-content\/uploads\/2021\/10\/WhatsApp-Image-2021-10-29-at-23.00.38-1536x1148.jpeg 1536w, https:\/\/gentedebasquet.com.ar\/sitio\/wp-content\/uploads\/2021\/10\/WhatsApp-Image-2021-10-29-at-23.00.38.jpeg 1600w\" sizes=\"(max-width: 300px) 100vw, 300px\" \/><\/a><\/p>\n<blockquote><p>Nos dimos cuenta que ellos estaban muy bien de tiros de tres, sab\u00edamos que tienen buena mano y hoy se les dios. Nosotros est\u00e1bamos muy mal en ataque, jugando siempre a un pase solo y no mirando las ventajas. Despu\u00e9s empezamos a jugar desde adentro para afuera y ah\u00ed empezamos a saber que era a lo que ten\u00edamos que jugar.<\/p><\/blockquote>\n<p><a href=\"http:\/\/www.gentedebasquet.com.ar\/wp-content\/uploads\/2021\/09\/Gif-Publicidades-4.gif\"><img decoding=\"async\" class=\"alignnone size-full wp-image-99873\" src=\"http:\/\/www.gentedebasquet.com.ar\/wp-content\/uploads\/2021\/09\/Gif-Publicidades-4.gif\" alt=\"\" width=\"300\" height=\"250\" \/><\/a><\/p>\n<p><strong>S\u00edntesis: <\/strong>Segunda\u00a0Divisi\u00f3n \u2013 Fecha #8:<\/p>\n<p><b>Sportivo 83: <\/b>Joaqu\u00edn\u00a0Tuero 3, Facundo Sastre 10, Cristian Miguel 20, Yoel Asnaghi 6 y Emanuel Miguel 16 (FI); Miguel Garc\u00eda\u00a03, Juli\u00e1n\u00a0Gutt 7, Fausto De Paoli 7, Manuel Ayala 7, Ulises Montes 1 y Santiago Sim\u00f3n\u00a03<b>. DT: Miguel Loffredo.<\/b><\/p>\n<p><b>La Falda 59: <\/b>Sebasti\u00e1n\u00a0Ranieri 2, Lucas Duran 7, Emiliano Men\u00e9ndez\u00a018, Federico Gonz\u00e1lez\u00a017 y Lautaro Berges 6 (FI); Franco Libero 5, Fabio Campetti 0, Francisco P\u00e9rez\u00a0V\u00e1zquez\u00a04.<b> DT: F. Alvarez.<\/b><\/p>\n<p><strong>Parciales: 17-18, 35-29 (18-11), 60-49 (25-20) y 83-59 (23-10)<\/strong><\/p>\n<p><b>\u00c1rbitros:\u00a0<\/b> N\u00e9stor\u00a0Schernenco, Eduardo Ferreyra, Ludmila Munz\u2069.<\/p>\n<p><strong>Estadio: Eladio Santos (Sportivo)<\/strong><\/p>\n<p><a href=\"https:\/\/fibalivestats.dcd.shared.geniussports.com\/u\/ABB\/2000057\/bs.html\">Ver planilla<\/a><\/p>\n<p><a href=\"http:\/\/www.gentedebasquet.com.ar\/wp-content\/uploads\/2021\/10\/CLAVE-1-1.jpg\"><img decoding=\"async\" class=\"alignnone size-medium wp-image-100933\" src=\"http:\/\/www.gentedebasquet.com.ar\/wp-content\/uploads\/2021\/10\/CLAVE-1-1-300x300.jpg\" alt=\"\" width=\"300\" height=\"300\" srcset=\"https:\/\/gentedebasquet.com.ar\/sitio\/wp-content\/uploads\/2021\/10\/CLAVE-1-1-300x300.jpg 300w, https:\/\/gentedebasquet.com.ar\/sitio\/wp-content\/uploads\/2021\/10\/CLAVE-1-1-1024x1024.jpg 1024w, https:\/\/gentedebasquet.com.ar\/sitio\/wp-content\/uploads\/2021\/10\/CLAVE-1-1-150x150.jpg 150w, https:\/\/gentedebasquet.com.ar\/sitio\/wp-content\/uploads\/2021\/10\/CLAVE-1-1-768x768.jpg 768w, https:\/\/gentedebasquet.com.ar\/sitio\/wp-content\/uploads\/2021\/10\/CLAVE-1-1-1536x1536.jpg 1536w, https:\/\/gentedebasquet.com.ar\/sitio\/wp-content\/uploads\/2021\/10\/CLAVE-1-1.jpg 2000w\" sizes=\"(max-width: 300px) 100vw, 300px\" \/><\/a><\/p>\n<p><a href=\"http:\/\/www.gentedebasquet.com.ar\/wp-content\/uploads\/2021\/09\/Gif-Publicidades-3.gif\"><img decoding=\"async\" class=\"alignnone size-full wp-image-99872\" src=\"http:\/\/www.gentedebasquet.com.ar\/wp-content\/uploads\/2021\/09\/Gif-Publicidades-3.gif\" alt=\"\" width=\"300\" height=\"250\" \/><\/a><\/p>\n<p><a href=\"http:\/\/www.gentedebasquet.com.ar\/wp-content\/uploads\/2021\/09\/Gif-Publicidades-5.gif\"><img decoding=\"async\" class=\"alignnone size-full wp-image-99876\" src=\"http:\/\/www.gentedebasquet.com.ar\/wp-content\/uploads\/2021\/09\/Gif-Publicidades-5.gif\" alt=\"\" width=\"300\" height=\"250\" \/><\/a><\/p>\n<p>&nbsp;<\/p>\n","protected":false},"excerpt":{"rendered":"<p>En condici\u00f3n\u00a0de local, Sportivo Bahiense venci\u00f3 a La Falda 83-59 por la octava fecha del torneo de segunda. Los de Loffredo mantienen el invicto y siguen firmes en busca del objetivo.\u00a0 El comienzo fue sorpresivo para el local, ya que La Falda se llevar\u00eda el primer cuarto 18-17 con una gran actuaci\u00f3n de Federico Gonz\u00e1lez [&hellip;]<\/p>\n","protected":false},"author":1,"featured_media":100945,"comment_status":"closed","ping_status":"open","sticky":false,"template":"","format":"standard","meta":{"jnews-multi-image_gallery":[],"jnews_single_post":[],"jnews_primary_category":[],"footnotes":""},"categories":[24,25,101],"tags":[261,13,583],"class_list":["post-100918","post","type-post","status-publish","format-standard","has-post-thumbnail","hentry","category-overtime","category-segunda","category-slide","tag-cristian-miguel","tag-la-falda","tag-sportivo"],"yoast_head":"<!-- This site is optimized with the Yoast SEO plugin v27.5 - https:\/\/yoast.com\/product\/yoast-seo-wordpress\/ -->\n<title>Sportivo reaccion\u00f3 y sigue invicto - Gente de B\u00e1squet<\/title>\n<meta name=\"robots\" content=\"index, follow, max-snippet:-1, max-image-preview:large, max-video-preview:-1\" \/>\n<link rel=\"canonical\" href=\"https:\/\/gentedebasquet.com.ar\/sitio\/2021\/10\/29\/sportivo-reacciono-y-sigue-invicto\/\" \/>\n<meta property=\"og:locale\" content=\"es_ES\" \/>\n<meta property=\"og:type\" content=\"article\" \/>\n<meta property=\"og:title\" content=\"Sportivo reaccion\u00f3 y sigue invicto - Gente de B\u00e1squet\" \/>\n<meta property=\"og:description\" content=\"En condici\u00f3n\u00a0de local, Sportivo Bahiense venci\u00f3 a La Falda 83-59 por la octava fecha del torneo de segunda. Los de Loffredo mantienen el invicto y siguen firmes en busca del objetivo.\u00a0 El comienzo fue sorpresivo para el local, ya que La Falda se llevar\u00eda el primer cuarto 18-17 con una gran actuaci\u00f3n de Federico Gonz\u00e1lez [&hellip;]\" \/>\n<meta property=\"og:url\" content=\"https:\/\/gentedebasquet.com.ar\/sitio\/2021\/10\/29\/sportivo-reacciono-y-sigue-invicto\/\" \/>\n<meta property=\"og:site_name\" content=\"Gente de B\u00e1squet\" \/>\n<meta property=\"article:published_time\" content=\"2021-10-30T02:48:49+00:00\" \/>\n<meta property=\"og:image\" content=\"https:\/\/gentedebasquet.com.ar\/sitio\/wp-content\/uploads\/2021\/10\/WhatsApp-Image-2021-10-29-at-23.34.18.jpeg\" \/>\n\t<meta property=\"og:image:width\" content=\"631\" \/>\n\t<meta property=\"og:image:height\" content=\"349\" \/>\n\t<meta property=\"og:image:type\" content=\"image\/jpeg\" \/>\n<meta name=\"author\" content=\"Gente de B\u00e1squet\" \/>\n<meta name=\"twitter:card\" content=\"summary_large_image\" \/>\n<meta name=\"twitter:label1\" content=\"Escrito por\" \/>\n\t<meta name=\"twitter:data1\" content=\"Gente de B\u00e1squet\" \/>\n\t<meta name=\"twitter:label2\" content=\"Tiempo de lectura\" \/>\n\t<meta name=\"twitter:data2\" content=\"2 minutos\" \/>\n<script type=\"application\/ld+json\" class=\"yoast-schema-graph\">{\"@context\":\"https:\\\/\\\/schema.org\",\"@graph\":[{\"@type\":\"Article\",\"@id\":\"https:\\\/\\\/gentedebasquet.com.ar\\\/sitio\\\/2021\\\/10\\\/29\\\/sportivo-reacciono-y-sigue-invicto\\\/#article\",\"isPartOf\":{\"@id\":\"https:\\\/\\\/gentedebasquet.com.ar\\\/sitio\\\/2021\\\/10\\\/29\\\/sportivo-reacciono-y-sigue-invicto\\\/\"},\"author\":{\"name\":\"Gente de B\u00e1squet\",\"@id\":\"https:\\\/\\\/gentedebasquet.com.ar\\\/sitio\\\/#\\\/schema\\\/person\\\/ca0b63bbb977369988a7bbbdc519943a\"},\"headline\":\"Sportivo reaccion\u00f3 y sigue invicto\",\"datePublished\":\"2021-10-30T02:48:49+00:00\",\"mainEntityOfPage\":{\"@id\":\"https:\\\/\\\/gentedebasquet.com.ar\\\/sitio\\\/2021\\\/10\\\/29\\\/sportivo-reacciono-y-sigue-invicto\\\/\"},\"wordCount\":391,\"image\":{\"@id\":\"https:\\\/\\\/gentedebasquet.com.ar\\\/sitio\\\/2021\\\/10\\\/29\\\/sportivo-reacciono-y-sigue-invicto\\\/#primaryimage\"},\"thumbnailUrl\":\"https:\\\/\\\/gentedebasquet.com.ar\\\/sitio\\\/wp-content\\\/uploads\\\/2021\\\/10\\\/WhatsApp-Image-2021-10-29-at-23.34.18.jpeg\",\"keywords\":[\"Cristian Miguel\",\"La Falda\",\"Sportivo\"],\"articleSection\":[\"#Overtime\",\"Segunda\",\"Slide\"],\"inLanguage\":\"es\"},{\"@type\":\"WebPage\",\"@id\":\"https:\\\/\\\/gentedebasquet.com.ar\\\/sitio\\\/2021\\\/10\\\/29\\\/sportivo-reacciono-y-sigue-invicto\\\/\",\"url\":\"https:\\\/\\\/gentedebasquet.com.ar\\\/sitio\\\/2021\\\/10\\\/29\\\/sportivo-reacciono-y-sigue-invicto\\\/\",\"name\":\"Sportivo reaccion\u00f3 y sigue invicto - Gente de B\u00e1squet\",\"isPartOf\":{\"@id\":\"https:\\\/\\\/gentedebasquet.com.ar\\\/sitio\\\/#website\"},\"primaryImageOfPage\":{\"@id\":\"https:\\\/\\\/gentedebasquet.com.ar\\\/sitio\\\/2021\\\/10\\\/29\\\/sportivo-reacciono-y-sigue-invicto\\\/#primaryimage\"},\"image\":{\"@id\":\"https:\\\/\\\/gentedebasquet.com.ar\\\/sitio\\\/2021\\\/10\\\/29\\\/sportivo-reacciono-y-sigue-invicto\\\/#primaryimage\"},\"thumbnailUrl\":\"https:\\\/\\\/gentedebasquet.com.ar\\\/sitio\\\/wp-content\\\/uploads\\\/2021\\\/10\\\/WhatsApp-Image-2021-10-29-at-23.34.18.jpeg\",\"datePublished\":\"2021-10-30T02:48:49+00:00\",\"author\":{\"@id\":\"https:\\\/\\\/gentedebasquet.com.ar\\\/sitio\\\/#\\\/schema\\\/person\\\/ca0b63bbb977369988a7bbbdc519943a\"},\"breadcrumb\":{\"@id\":\"https:\\\/\\\/gentedebasquet.com.ar\\\/sitio\\\/2021\\\/10\\\/29\\\/sportivo-reacciono-y-sigue-invicto\\\/#breadcrumb\"},\"inLanguage\":\"es\",\"potentialAction\":[{\"@type\":\"ReadAction\",\"target\":[\"https:\\\/\\\/gentedebasquet.com.ar\\\/sitio\\\/2021\\\/10\\\/29\\\/sportivo-reacciono-y-sigue-invicto\\\/\"]}]},{\"@type\":\"ImageObject\",\"inLanguage\":\"es\",\"@id\":\"https:\\\/\\\/gentedebasquet.com.ar\\\/sitio\\\/2021\\\/10\\\/29\\\/sportivo-reacciono-y-sigue-invicto\\\/#primaryimage\",\"url\":\"https:\\\/\\\/gentedebasquet.com.ar\\\/sitio\\\/wp-content\\\/uploads\\\/2021\\\/10\\\/WhatsApp-Image-2021-10-29-at-23.34.18.jpeg\",\"contentUrl\":\"https:\\\/\\\/gentedebasquet.com.ar\\\/sitio\\\/wp-content\\\/uploads\\\/2021\\\/10\\\/WhatsApp-Image-2021-10-29-at-23.34.18.jpeg\",\"width\":631,\"height\":349},{\"@type\":\"BreadcrumbList\",\"@id\":\"https:\\\/\\\/gentedebasquet.com.ar\\\/sitio\\\/2021\\\/10\\\/29\\\/sportivo-reacciono-y-sigue-invicto\\\/#breadcrumb\",\"itemListElement\":[{\"@type\":\"ListItem\",\"position\":1,\"name\":\"Portada\",\"item\":\"https:\\\/\\\/gentedebasquet.com.ar\\\/sitio\\\/\"},{\"@type\":\"ListItem\",\"position\":2,\"name\":\"Sportivo reaccion\u00f3 y sigue invicto\"}]},{\"@type\":\"WebSite\",\"@id\":\"https:\\\/\\\/gentedebasquet.com.ar\\\/sitio\\\/#website\",\"url\":\"https:\\\/\\\/gentedebasquet.com.ar\\\/sitio\\\/\",\"name\":\"Gente de B\u00e1squet\",\"description\":\"La revista del basquet de Bah\u00eda Blanca\",\"potentialAction\":[{\"@type\":\"SearchAction\",\"target\":{\"@type\":\"EntryPoint\",\"urlTemplate\":\"https:\\\/\\\/gentedebasquet.com.ar\\\/sitio\\\/?s={search_term_string}\"},\"query-input\":{\"@type\":\"PropertyValueSpecification\",\"valueRequired\":true,\"valueName\":\"search_term_string\"}}],\"inLanguage\":\"es\"},{\"@type\":\"Person\",\"@id\":\"https:\\\/\\\/gentedebasquet.com.ar\\\/sitio\\\/#\\\/schema\\\/person\\\/ca0b63bbb977369988a7bbbdc519943a\",\"name\":\"Gente de B\u00e1squet\",\"image\":{\"@type\":\"ImageObject\",\"inLanguage\":\"es\",\"@id\":\"https:\\\/\\\/secure.gravatar.com\\\/avatar\\\/7f2c48bdc33b30088f941fb6082e555f2874c98e20cb159d7b92b50eadfce793?s=96&d=mm&r=g\",\"url\":\"https:\\\/\\\/secure.gravatar.com\\\/avatar\\\/7f2c48bdc33b30088f941fb6082e555f2874c98e20cb159d7b92b50eadfce793?s=96&d=mm&r=g\",\"contentUrl\":\"https:\\\/\\\/secure.gravatar.com\\\/avatar\\\/7f2c48bdc33b30088f941fb6082e555f2874c98e20cb159d7b92b50eadfce793?s=96&d=mm&r=g\",\"caption\":\"Gente de B\u00e1squet\"},\"sameAs\":[\"http:\\\/\\\/gentedebasquet.com.ar\\\/sitio\"],\"url\":\"https:\\\/\\\/gentedebasquet.com.ar\\\/sitio\\\/author\\\/ulises\\\/\"}]}<\/script>\n<!-- \/ Yoast SEO plugin. -->","yoast_head_json":{"title":"Sportivo reaccion\u00f3 y sigue invicto - Gente de B\u00e1squet","robots":{"index":"index","follow":"follow","max-snippet":"max-snippet:-1","max-image-preview":"max-image-preview:large","max-video-preview":"max-video-preview:-1"},"canonical":"https:\/\/gentedebasquet.com.ar\/sitio\/2021\/10\/29\/sportivo-reacciono-y-sigue-invicto\/","og_locale":"es_ES","og_type":"article","og_title":"Sportivo reaccion\u00f3 y sigue invicto - Gente de B\u00e1squet","og_description":"En condici\u00f3n\u00a0de local, Sportivo Bahiense venci\u00f3 a La Falda 83-59 por la octava fecha del torneo de segunda. Los de Loffredo mantienen el invicto y siguen firmes en busca del objetivo.\u00a0 El comienzo fue sorpresivo para el local, ya que La Falda se llevar\u00eda el primer cuarto 18-17 con una gran actuaci\u00f3n de Federico Gonz\u00e1lez [&hellip;]","og_url":"https:\/\/gentedebasquet.com.ar\/sitio\/2021\/10\/29\/sportivo-reacciono-y-sigue-invicto\/","og_site_name":"Gente de B\u00e1squet","article_published_time":"2021-10-30T02:48:49+00:00","og_image":[{"width":631,"height":349,"url":"https:\/\/gentedebasquet.com.ar\/sitio\/wp-content\/uploads\/2021\/10\/WhatsApp-Image-2021-10-29-at-23.34.18.jpeg","type":"image\/jpeg"}],"author":"Gente de B\u00e1squet","twitter_card":"summary_large_image","twitter_misc":{"Escrito por":"Gente de B\u00e1squet","Tiempo de lectura":"2 minutos"},"schema":{"@context":"https:\/\/schema.org","@graph":[{"@type":"Article","@id":"https:\/\/gentedebasquet.com.ar\/sitio\/2021\/10\/29\/sportivo-reacciono-y-sigue-invicto\/#article","isPartOf":{"@id":"https:\/\/gentedebasquet.com.ar\/sitio\/2021\/10\/29\/sportivo-reacciono-y-sigue-invicto\/"},"author":{"name":"Gente de B\u00e1squet","@id":"https:\/\/gentedebasquet.com.ar\/sitio\/#\/schema\/person\/ca0b63bbb977369988a7bbbdc519943a"},"headline":"Sportivo reaccion\u00f3 y sigue invicto","datePublished":"2021-10-30T02:48:49+00:00","mainEntityOfPage":{"@id":"https:\/\/gentedebasquet.com.ar\/sitio\/2021\/10\/29\/sportivo-reacciono-y-sigue-invicto\/"},"wordCount":391,"image":{"@id":"https:\/\/gentedebasquet.com.ar\/sitio\/2021\/10\/29\/sportivo-reacciono-y-sigue-invicto\/#primaryimage"},"thumbnailUrl":"https:\/\/gentedebasquet.com.ar\/sitio\/wp-content\/uploads\/2021\/10\/WhatsApp-Image-2021-10-29-at-23.34.18.jpeg","keywords":["Cristian Miguel","La Falda","Sportivo"],"articleSection":["#Overtime","Segunda","Slide"],"inLanguage":"es"},{"@type":"WebPage","@id":"https:\/\/gentedebasquet.com.ar\/sitio\/2021\/10\/29\/sportivo-reacciono-y-sigue-invicto\/","url":"https:\/\/gentedebasquet.com.ar\/sitio\/2021\/10\/29\/sportivo-reacciono-y-sigue-invicto\/","name":"Sportivo reaccion\u00f3 y sigue invicto - Gente de B\u00e1squet","isPartOf":{"@id":"https:\/\/gentedebasquet.com.ar\/sitio\/#website"},"primaryImageOfPage":{"@id":"https:\/\/gentedebasquet.com.ar\/sitio\/2021\/10\/29\/sportivo-reacciono-y-sigue-invicto\/#primaryimage"},"image":{"@id":"https:\/\/gentedebasquet.com.ar\/sitio\/2021\/10\/29\/sportivo-reacciono-y-sigue-invicto\/#primaryimage"},"thumbnailUrl":"https:\/\/gentedebasquet.com.ar\/sitio\/wp-content\/uploads\/2021\/10\/WhatsApp-Image-2021-10-29-at-23.34.18.jpeg","datePublished":"2021-10-30T02:48:49+00:00","author":{"@id":"https:\/\/gentedebasquet.com.ar\/sitio\/#\/schema\/person\/ca0b63bbb977369988a7bbbdc519943a"},"breadcrumb":{"@id":"https:\/\/gentedebasquet.com.ar\/sitio\/2021\/10\/29\/sportivo-reacciono-y-sigue-invicto\/#breadcrumb"},"inLanguage":"es","potentialAction":[{"@type":"ReadAction","target":["https:\/\/gentedebasquet.com.ar\/sitio\/2021\/10\/29\/sportivo-reacciono-y-sigue-invicto\/"]}]},{"@type":"ImageObject","inLanguage":"es","@id":"https:\/\/gentedebasquet.com.ar\/sitio\/2021\/10\/29\/sportivo-reacciono-y-sigue-invicto\/#primaryimage","url":"https:\/\/gentedebasquet.com.ar\/sitio\/wp-content\/uploads\/2021\/10\/WhatsApp-Image-2021-10-29-at-23.34.18.jpeg","contentUrl":"https:\/\/gentedebasquet.com.ar\/sitio\/wp-content\/uploads\/2021\/10\/WhatsApp-Image-2021-10-29-at-23.34.18.jpeg","width":631,"height":349},{"@type":"BreadcrumbList","@id":"https:\/\/gentedebasquet.com.ar\/sitio\/2021\/10\/29\/sportivo-reacciono-y-sigue-invicto\/#breadcrumb","itemListElement":[{"@type":"ListItem","position":1,"name":"Portada","item":"https:\/\/gentedebasquet.com.ar\/sitio\/"},{"@type":"ListItem","position":2,"name":"Sportivo reaccion\u00f3 y sigue invicto"}]},{"@type":"WebSite","@id":"https:\/\/gentedebasquet.com.ar\/sitio\/#website","url":"https:\/\/gentedebasquet.com.ar\/sitio\/","name":"Gente de B\u00e1squet","description":"La revista del basquet de Bah\u00eda Blanca","potentialAction":[{"@type":"SearchAction","target":{"@type":"EntryPoint","urlTemplate":"https:\/\/gentedebasquet.com.ar\/sitio\/?s={search_term_string}"},"query-input":{"@type":"PropertyValueSpecification","valueRequired":true,"valueName":"search_term_string"}}],"inLanguage":"es"},{"@type":"Person","@id":"https:\/\/gentedebasquet.com.ar\/sitio\/#\/schema\/person\/ca0b63bbb977369988a7bbbdc519943a","name":"Gente de B\u00e1squet","image":{"@type":"ImageObject","inLanguage":"es","@id":"https:\/\/secure.gravatar.com\/avatar\/7f2c48bdc33b30088f941fb6082e555f2874c98e20cb159d7b92b50eadfce793?s=96&d=mm&r=g","url":"https:\/\/secure.gravatar.com\/avatar\/7f2c48bdc33b30088f941fb6082e555f2874c98e20cb159d7b92b50eadfce793?s=96&d=mm&r=g","contentUrl":"https:\/\/secure.gravatar.com\/avatar\/7f2c48bdc33b30088f941fb6082e555f2874c98e20cb159d7b92b50eadfce793?s=96&d=mm&r=g","caption":"Gente de B\u00e1squet"},"sameAs":["http:\/\/gentedebasquet.com.ar\/sitio"],"url":"https:\/\/gentedebasquet.com.ar\/sitio\/author\/ulises\/"}]}},"_links":{"self":[{"href":"https:\/\/gentedebasquet.com.ar\/sitio\/wp-json\/wp\/v2\/posts\/100918","targetHints":{"allow":["GET"]}}],"collection":[{"href":"https:\/\/gentedebasquet.com.ar\/sitio\/wp-json\/wp\/v2\/posts"}],"about":[{"href":"https:\/\/gentedebasquet.com.ar\/sitio\/wp-json\/wp\/v2\/types\/post"}],"author":[{"embeddable":true,"href":"https:\/\/gentedebasquet.com.ar\/sitio\/wp-json\/wp\/v2\/users\/1"}],"replies":[{"embeddable":true,"href":"https:\/\/gentedebasquet.com.ar\/sitio\/wp-json\/wp\/v2\/comments?post=100918"}],"version-history":[{"count":0,"href":"https:\/\/gentedebasquet.com.ar\/sitio\/wp-json\/wp\/v2\/posts\/100918\/revisions"}],"wp:featuredmedia":[{"embeddable":true,"href":"https:\/\/gentedebasquet.com.ar\/sitio\/wp-json\/wp\/v2\/media\/100945"}],"wp:attachment":[{"href":"https:\/\/gentedebasquet.com.ar\/sitio\/wp-json\/wp\/v2\/media?parent=100918"}],"wp:term":[{"taxonomy":"category","embeddable":true,"href":"https:\/\/gentedebasquet.com.ar\/sitio\/wp-json\/wp\/v2\/categories?post=100918"},{"taxonomy":"post_tag","embeddable":true,"href":"https:\/\/gentedebasquet.com.ar\/sitio\/wp-json\/wp\/v2\/tags?post=100918"}],"curies":[{"name":"wp","href":"https:\/\/api.w.org\/{rel}","templated":true}]}}