{"id":102103,"date":"2022-03-11T03:20:34","date_gmt":"2022-03-11T06:20:34","guid":{"rendered":"http:\/\/www.gentedebasquet.com.ar\/?p=102103"},"modified":"2022-03-11T03:20:34","modified_gmt":"2022-03-11T06:20:34","slug":"pacifico-se-reencontro-con-la-victoria","status":"publish","type":"post","link":"https:\/\/gentedebasquet.com.ar\/sitio\/2022\/03\/11\/pacifico-se-reencontro-con-la-victoria\/","title":{"rendered":"Pacifico se reencontr\u00f3 con la victoria"},"content":{"rendered":"\n<p><\/p>\n\n\n\n<p>Por la fecha 18 del torneo de primera divisi\u00f3n, el verde derrot\u00f3 a Bahiense del Norte 89-84 en tiempo suplementario. Los de Iannamico ganaron su primer partido en el 2022 ante un rival directo. <\/p>\n\n\n\n<p>Pacifico, como nos tiene acostumbrados, plante\u00f3 desde el principio un juego intenso, corriendo la cancha de la mano del \u00e1gil Salvatori, quien ya en el primer cuarto daba indicios de que ser\u00eda protagonista a lo largo del cotejo, aportando 8 de sus 19 unidades. Bahiense, m\u00e1s sereno en ataque, lleg\u00f3 a estar 5 arriba en el primer episodio (7-12) cortes\u00eda de Eddie Roberson con dos bombazos (17 pts, 5\/5t3) y un gran complemento con Sebast\u00edan Luengo (11 pts).<\/p>\n\n\n\n<p>Tras un parejo primer cuarto (19-18), el local pisar\u00eda el acelerador en el segundo (21-15) sumado al manejo ofensivo de su figura Branco Salvatori (19 pts, 8 reb), aparec\u00eda Marcos Leal (10 pts) con dos triples en fila para despegarse de Bahiense. En el visitante Leonardo La Bella (25 pts) ya comenzaba a dar muestras de que en el segundo tiempo la historia comenzar\u00eda a torcerse. 40-33 a favor del verde de cara al entretiempo.<\/p>\n\n\n\n<p>Los de Iannamico aumentar\u00edan aun mas la ventaja tras el 3c (22-20) llegando al ultimo reglamentario ganando por 9 (62-53). Lo cierto es que Bahiense lleg\u00f3 a poner el encuentro en tablas en el transcurso del tercero, 51-51 (02:36) con el ya mencionado La Bella como basti\u00f3n principal. En Pacifico Mat\u00edas Ponzoni se sumaba al goleo (12 pts, 6 reb).<\/p>\n\n\n\n<p>La charla previa al 4c de Navallo debi\u00f3 haber sido muy alentadora para los suyos, en especial para JP Mor\u00e1n quien hasta el momento llevaba 5 puntos en su cuenta personal y a partir del 4c ser\u00eda fundamental para extender el compromiso. 12 pts aport\u00f3 el \u00abpollo\u00bb para hac\u00e9rsela dif\u00edcil a Pacifico. El local adem\u00e1s de chocarse con una cara renovada de Bahiense, aport\u00f3 con algunos errores y luego de un fugaz parcial 0-8 (62-61) el partido estaba armado nuevamente. <\/p>\n\n\n\n<p>El resto fue palo a palo, Bahiense ya contaba con sus dos hombres de experiencia afinados y el verde sumaba al protagonismo a Nicol\u00e1s S\u00e1nchez (10 pts, 4 reb) y Bautista Olivera (11 pts, 6 reb). Con el partido 77-74 a favor de Pacifico con poco mas de 18seg por jugarse del reglamentario, Roberson y su quinta conversi\u00f3n de tres puntos llevar\u00edan el encuentro a tiempo suplementario. <\/p>\n\n\n\n<p>Lo que podr\u00eda haber sido un baj\u00f3n an\u00edmico para los de Iannamico, no se concret\u00f3 en los 5 min de alargue ya que el verde no perdi\u00f3 el foco y recuper\u00f3 algunos rasgos positivos demostrados en el primer tiempo, la defensa por ejemplo. 2\/7 en tc para el visitante. 12-7 fue el suplementario y Pacifico logr\u00f3 su primer victoria en el 2022.<\/p>\n\n\n\n<figure class=\"wp-block-image size-full\"><a href=\"http:\/\/www.gentedebasquet.com.ar\/wp-content\/uploads\/2022\/03\/Gif-Publicidades-1.gif\"><img decoding=\"async\" width=\"300\" height=\"250\" src=\"http:\/\/www.gentedebasquet.com.ar\/wp-content\/uploads\/2022\/03\/Gif-Publicidades-1.gif\" alt=\"\" class=\"wp-image-102020\"\/><\/a><\/figure>\n\n\n\n<figure class=\"wp-block-embed is-type-video is-provider-youtube wp-block-embed-youtube wp-embed-aspect-16-9 wp-has-aspect-ratio\"><div class=\"wp-block-embed__wrapper\">\nhttps:\/\/www.youtube.com\/watch?v=5z3Saa3EuRo\n<\/div><\/figure>\n\n\n\n<figure class=\"wp-block-image size-large is-resized\"><a href=\"http:\/\/www.gentedebasquet.com.ar\/wp-content\/uploads\/2022\/03\/MVPbranco.jpg\"><img decoding=\"async\" src=\"http:\/\/www.gentedebasquet.com.ar\/wp-content\/uploads\/2022\/03\/MVPbranco-1024x1024.jpg\" alt=\"\" class=\"wp-image-102145\" width=\"310\" height=\"310\" srcset=\"https:\/\/gentedebasquet.com.ar\/sitio\/wp-content\/uploads\/2022\/03\/MVPbranco-1024x1024.jpg 1024w, https:\/\/gentedebasquet.com.ar\/sitio\/wp-content\/uploads\/2022\/03\/MVPbranco-300x300.jpg 300w, https:\/\/gentedebasquet.com.ar\/sitio\/wp-content\/uploads\/2022\/03\/MVPbranco-150x150.jpg 150w, https:\/\/gentedebasquet.com.ar\/sitio\/wp-content\/uploads\/2022\/03\/MVPbranco-768x768.jpg 768w, https:\/\/gentedebasquet.com.ar\/sitio\/wp-content\/uploads\/2022\/03\/MVPbranco-1536x1536.jpg 1536w, https:\/\/gentedebasquet.com.ar\/sitio\/wp-content\/uploads\/2022\/03\/MVPbranco.jpg 2000w\" sizes=\"(max-width: 310px) 100vw, 310px\" \/><\/a><\/figure>\n\n\n\n<figure class=\"wp-block-image size-large is-resized\"><a href=\"http:\/\/www.gentedebasquet.com.ar\/wp-content\/uploads\/2022\/03\/WhatsApp-Image-2022-03-11-at-01.24.08.jpeg\"><img decoding=\"async\" src=\"http:\/\/www.gentedebasquet.com.ar\/wp-content\/uploads\/2022\/03\/WhatsApp-Image-2022-03-11-at-01.24.08-1024x765.jpeg\" alt=\"\" class=\"wp-image-102147\" width=\"310\" height=\"231\" srcset=\"https:\/\/gentedebasquet.com.ar\/sitio\/wp-content\/uploads\/2022\/03\/WhatsApp-Image-2022-03-11-at-01.24.08-1024x765.jpeg 1024w, https:\/\/gentedebasquet.com.ar\/sitio\/wp-content\/uploads\/2022\/03\/WhatsApp-Image-2022-03-11-at-01.24.08-300x224.jpeg 300w, https:\/\/gentedebasquet.com.ar\/sitio\/wp-content\/uploads\/2022\/03\/WhatsApp-Image-2022-03-11-at-01.24.08-768x574.jpeg 768w, https:\/\/gentedebasquet.com.ar\/sitio\/wp-content\/uploads\/2022\/03\/WhatsApp-Image-2022-03-11-at-01.24.08-1536x1148.jpeg 1536w, https:\/\/gentedebasquet.com.ar\/sitio\/wp-content\/uploads\/2022\/03\/WhatsApp-Image-2022-03-11-at-01.24.08.jpeg 1600w\" sizes=\"(max-width: 310px) 100vw, 310px\" \/><\/a><\/figure>\n\n\n\n<blockquote class=\"wp-block-quote is-layout-flow wp-block-quote-is-layout-flow\"><p>A esta altura son todos los partidos a matar por que son todos rivales directos y los que no sabemos que valen oro. Se nos complico otra vez, tercer partido seguido que nos la mandamos en el ultimo cuarto, pero por suerte el suplementario lo cerramos bastante bien. No nos volvimos locos, la verdad que en el final nos remontaron con algunos errores nuestros, otros no, pero eso por ah\u00ed te desmoraliza, hoy fue lo contrario y salimos al suplementario m\u00e1s concentrados sabiendo que lo ten\u00edamos que ganar si o si.  <strong>(Branco Salvatori &#8211; Pacifico).<\/strong><\/p><\/blockquote>\n\n\n\n<figure class=\"wp-block-image size-full\"><a href=\"http:\/\/www.gentedebasquet.com.ar\/wp-content\/uploads\/2022\/03\/Gif-Publicidades-2.gif\"><img decoding=\"async\" width=\"300\" height=\"250\" src=\"http:\/\/www.gentedebasquet.com.ar\/wp-content\/uploads\/2022\/03\/Gif-Publicidades-2.gif\" alt=\"\" class=\"wp-image-102021\"\/><\/a><\/figure>\n\n\n\n<p><strong>S\u00edntesis \u2013 Primera Divisi\u00f3n \u2013 Fecha #1<\/strong>8<\/p>\n\n\n\n<p><strong><strong>Pac\u00edfico 89:&nbsp;<\/strong><\/strong>Branco Salvatori 19, Bruno Sacomani 5, Marcos Leal 10, Bautista Olivera 11 y Pomar Garbarino 16 (FI); Facundo Watson 6, Gino Pisani 0, Nicolas Sanchez 10, Mat\u00edas Ponzoni 12, Sebat\u00edan Far\u00edas 0, Baltasar Dominguez <strong>0.&nbsp;<strong>DT: Andr\u00e9s Iannamico.<\/strong><\/strong><\/p>\n\n\n\n<p> <strong><strong><strong>Bahiense del Norte 84:<\/strong><\/strong><\/strong>&nbsp;Juan Pablo Mor\u00e1n 17, Augusto Lamonega 3, Sebasti\u00e1n Luengo 11 (X), Eddie Roberson 17 (X), Marcos Fern\u00e1ndez 0&nbsp;(FI);&nbsp;Leonardo La Bella 25, Manuel Iglesias 3, Facundo Mariano 3, Tom\u00e1s Galant 2, Franco Gin\u00f3bili 3.<strong>&nbsp;<strong>DT: Alejandro Navallo<\/strong><\/strong><\/p>\n\n\n\n<p><strong>Parciales<\/strong>: 19-18, 40-33 (21-15), 62-53 (22-20), 77-77 (15-24) Y 89-84 (12-7)<\/p>\n\n\n\n<p><strong>\u00c1rbitro<\/strong>s: Eduardo Ferreyra, Mauro Guallan y Diego Kessler.<\/p>\n\n\n\n<p><strong>Estadio: <\/strong>William Harding Green (Pacifico)<\/p>\n\n\n\n<p><a rel=\"noreferrer noopener\" href=\"https:\/\/fibalivestats.dcd.shared.geniussports.com\/u\/ABB\/2068218\/bs.html\" data-type=\"URL\" data-id=\"https:\/\/fibalivestats.dcd.shared.geniussports.com\/u\/ABB\/2068218\/bs.html\" target=\"_blank\">ESTADISTICAS <\/a><a href=\"https:\/\/fibalivestats.dcd.shared.geniussports.com\/u\/ABB\/2068743\/bs.html\" data-type=\"URL\" data-id=\"https:\/\/fibalivestats.dcd.shared.geniussports.com\/u\/ABB\/2068743\/bs.html\">OFICIALES<\/a><\/p>\n\n\n\n<figure class=\"wp-block-image size-large is-resized\"><a href=\"http:\/\/www.gentedebasquet.com.ar\/wp-content\/uploads\/2022\/03\/CLAVEpac.jpg\"><img decoding=\"async\" src=\"http:\/\/www.gentedebasquet.com.ar\/wp-content\/uploads\/2022\/03\/CLAVEpac-1024x1024.jpg\" alt=\"\" class=\"wp-image-102143\" width=\"298\" height=\"298\" srcset=\"https:\/\/gentedebasquet.com.ar\/sitio\/wp-content\/uploads\/2022\/03\/CLAVEpac-1024x1024.jpg 1024w, https:\/\/gentedebasquet.com.ar\/sitio\/wp-content\/uploads\/2022\/03\/CLAVEpac-300x300.jpg 300w, https:\/\/gentedebasquet.com.ar\/sitio\/wp-content\/uploads\/2022\/03\/CLAVEpac-150x150.jpg 150w, https:\/\/gentedebasquet.com.ar\/sitio\/wp-content\/uploads\/2022\/03\/CLAVEpac-768x768.jpg 768w, https:\/\/gentedebasquet.com.ar\/sitio\/wp-content\/uploads\/2022\/03\/CLAVEpac-1536x1536.jpg 1536w, https:\/\/gentedebasquet.com.ar\/sitio\/wp-content\/uploads\/2022\/03\/CLAVEpac.jpg 2000w\" sizes=\"(max-width: 298px) 100vw, 298px\" \/><\/a><\/figure>\n\n\n\n<figure class=\"wp-block-image size-full\"><a href=\"http:\/\/www.gentedebasquet.com.ar\/wp-content\/uploads\/2022\/03\/Gif-Publicidades-3.gif\"><img decoding=\"async\" width=\"300\" height=\"250\" src=\"http:\/\/www.gentedebasquet.com.ar\/wp-content\/uploads\/2022\/03\/Gif-Publicidades-3.gif\" alt=\"\" class=\"wp-image-102022\"\/><\/a><\/figure>\n\n\n\n<figure class=\"wp-block-image size-full\"><a href=\"http:\/\/www.gentedebasquet.com.ar\/wp-content\/uploads\/2022\/03\/Gif-Publicidades-4.gif\"><img decoding=\"async\" width=\"300\" height=\"250\" src=\"http:\/\/www.gentedebasquet.com.ar\/wp-content\/uploads\/2022\/03\/Gif-Publicidades-4.gif\" alt=\"\" class=\"wp-image-102023\"\/><\/a><\/figure>\n","protected":false},"excerpt":{"rendered":"<p>Por la fecha 18 del torneo de primera divisi\u00f3n, el verde derrot\u00f3 a Bahiense del Norte 89-84 en tiempo suplementario. Los de Iannamico ganaron su primer partido en el 2022 ante un rival directo. Pacifico, como nos tiene acostumbrados, plante\u00f3 desde el principio un juego intenso, corriendo la cancha de la mano del \u00e1gil Salvatori, [&hellip;]<\/p>\n","protected":false},"author":1,"featured_media":102164,"comment_status":"closed","ping_status":"open","sticky":false,"template":"","format":"standard","meta":{"jnews-multi-image_gallery":[],"jnews_single_post":[],"jnews_primary_category":[],"footnotes":""},"categories":[24,23,101],"tags":[5,1386,17],"class_list":["post-102103","post","type-post","status-publish","format-standard","has-post-thumbnail","hentry","category-overtime","category-primera","category-slide","tag-bahiense-del-norte","tag-branco-salvatori","tag-pacifico"],"yoast_head":"<!-- This site is optimized with the Yoast SEO plugin v27.5 - https:\/\/yoast.com\/product\/yoast-seo-wordpress\/ -->\n<title>Pacifico se reencontr\u00f3 con la victoria - Gente de B\u00e1squet<\/title>\n<meta name=\"robots\" content=\"index, follow, max-snippet:-1, max-image-preview:large, max-video-preview:-1\" \/>\n<link rel=\"canonical\" href=\"https:\/\/gentedebasquet.com.ar\/sitio\/2022\/03\/11\/pacifico-se-reencontro-con-la-victoria\/\" \/>\n<meta property=\"og:locale\" content=\"es_ES\" \/>\n<meta property=\"og:type\" content=\"article\" \/>\n<meta property=\"og:title\" content=\"Pacifico se reencontr\u00f3 con la victoria - Gente de B\u00e1squet\" \/>\n<meta property=\"og:description\" content=\"Por la fecha 18 del torneo de primera divisi\u00f3n, el verde derrot\u00f3 a Bahiense del Norte 89-84 en tiempo suplementario. Los de Iannamico ganaron su primer partido en el 2022 ante un rival directo. Pacifico, como nos tiene acostumbrados, plante\u00f3 desde el principio un juego intenso, corriendo la cancha de la mano del \u00e1gil Salvatori, [&hellip;]\" \/>\n<meta property=\"og:url\" content=\"https:\/\/gentedebasquet.com.ar\/sitio\/2022\/03\/11\/pacifico-se-reencontro-con-la-victoria\/\" \/>\n<meta property=\"og:site_name\" content=\"Gente de B\u00e1squet\" \/>\n<meta property=\"article:published_time\" content=\"2022-03-11T06:20:34+00:00\" \/>\n<meta property=\"og:image\" content=\"https:\/\/gentedebasquet.com.ar\/sitio\/wp-content\/uploads\/2022\/03\/Captura.jpg\" \/>\n\t<meta property=\"og:image:width\" content=\"690\" \/>\n\t<meta property=\"og:image:height\" content=\"319\" \/>\n\t<meta property=\"og:image:type\" content=\"image\/jpeg\" \/>\n<meta name=\"author\" content=\"Gente de B\u00e1squet\" \/>\n<meta name=\"twitter:card\" content=\"summary_large_image\" \/>\n<meta name=\"twitter:label1\" content=\"Escrito por\" \/>\n\t<meta name=\"twitter:data1\" content=\"Gente de B\u00e1squet\" \/>\n\t<meta name=\"twitter:label2\" content=\"Tiempo de lectura\" \/>\n\t<meta name=\"twitter:data2\" content=\"3 minutos\" \/>\n<script type=\"application\/ld+json\" class=\"yoast-schema-graph\">{\"@context\":\"https:\\\/\\\/schema.org\",\"@graph\":[{\"@type\":\"Article\",\"@id\":\"https:\\\/\\\/gentedebasquet.com.ar\\\/sitio\\\/2022\\\/03\\\/11\\\/pacifico-se-reencontro-con-la-victoria\\\/#article\",\"isPartOf\":{\"@id\":\"https:\\\/\\\/gentedebasquet.com.ar\\\/sitio\\\/2022\\\/03\\\/11\\\/pacifico-se-reencontro-con-la-victoria\\\/\"},\"author\":{\"name\":\"Gente de B\u00e1squet\",\"@id\":\"https:\\\/\\\/gentedebasquet.com.ar\\\/sitio\\\/#\\\/schema\\\/person\\\/ca0b63bbb977369988a7bbbdc519943a\"},\"headline\":\"Pacifico se reencontr\u00f3 con la victoria\",\"datePublished\":\"2022-03-11T06:20:34+00:00\",\"mainEntityOfPage\":{\"@id\":\"https:\\\/\\\/gentedebasquet.com.ar\\\/sitio\\\/2022\\\/03\\\/11\\\/pacifico-se-reencontro-con-la-victoria\\\/\"},\"wordCount\":674,\"image\":{\"@id\":\"https:\\\/\\\/gentedebasquet.com.ar\\\/sitio\\\/2022\\\/03\\\/11\\\/pacifico-se-reencontro-con-la-victoria\\\/#primaryimage\"},\"thumbnailUrl\":\"https:\\\/\\\/gentedebasquet.com.ar\\\/sitio\\\/wp-content\\\/uploads\\\/2022\\\/03\\\/Captura.jpg\",\"keywords\":[\"Bahiense Del Norte\",\"Branco Salvatori\",\"Pacifico\"],\"articleSection\":[\"#Overtime\",\"Primera\",\"Slide\"],\"inLanguage\":\"es\"},{\"@type\":\"WebPage\",\"@id\":\"https:\\\/\\\/gentedebasquet.com.ar\\\/sitio\\\/2022\\\/03\\\/11\\\/pacifico-se-reencontro-con-la-victoria\\\/\",\"url\":\"https:\\\/\\\/gentedebasquet.com.ar\\\/sitio\\\/2022\\\/03\\\/11\\\/pacifico-se-reencontro-con-la-victoria\\\/\",\"name\":\"Pacifico se reencontr\u00f3 con la victoria - Gente de B\u00e1squet\",\"isPartOf\":{\"@id\":\"https:\\\/\\\/gentedebasquet.com.ar\\\/sitio\\\/#website\"},\"primaryImageOfPage\":{\"@id\":\"https:\\\/\\\/gentedebasquet.com.ar\\\/sitio\\\/2022\\\/03\\\/11\\\/pacifico-se-reencontro-con-la-victoria\\\/#primaryimage\"},\"image\":{\"@id\":\"https:\\\/\\\/gentedebasquet.com.ar\\\/sitio\\\/2022\\\/03\\\/11\\\/pacifico-se-reencontro-con-la-victoria\\\/#primaryimage\"},\"thumbnailUrl\":\"https:\\\/\\\/gentedebasquet.com.ar\\\/sitio\\\/wp-content\\\/uploads\\\/2022\\\/03\\\/Captura.jpg\",\"datePublished\":\"2022-03-11T06:20:34+00:00\",\"author\":{\"@id\":\"https:\\\/\\\/gentedebasquet.com.ar\\\/sitio\\\/#\\\/schema\\\/person\\\/ca0b63bbb977369988a7bbbdc519943a\"},\"breadcrumb\":{\"@id\":\"https:\\\/\\\/gentedebasquet.com.ar\\\/sitio\\\/2022\\\/03\\\/11\\\/pacifico-se-reencontro-con-la-victoria\\\/#breadcrumb\"},\"inLanguage\":\"es\",\"potentialAction\":[{\"@type\":\"ReadAction\",\"target\":[\"https:\\\/\\\/gentedebasquet.com.ar\\\/sitio\\\/2022\\\/03\\\/11\\\/pacifico-se-reencontro-con-la-victoria\\\/\"]}]},{\"@type\":\"ImageObject\",\"inLanguage\":\"es\",\"@id\":\"https:\\\/\\\/gentedebasquet.com.ar\\\/sitio\\\/2022\\\/03\\\/11\\\/pacifico-se-reencontro-con-la-victoria\\\/#primaryimage\",\"url\":\"https:\\\/\\\/gentedebasquet.com.ar\\\/sitio\\\/wp-content\\\/uploads\\\/2022\\\/03\\\/Captura.jpg\",\"contentUrl\":\"https:\\\/\\\/gentedebasquet.com.ar\\\/sitio\\\/wp-content\\\/uploads\\\/2022\\\/03\\\/Captura.jpg\",\"width\":690,\"height\":319},{\"@type\":\"BreadcrumbList\",\"@id\":\"https:\\\/\\\/gentedebasquet.com.ar\\\/sitio\\\/2022\\\/03\\\/11\\\/pacifico-se-reencontro-con-la-victoria\\\/#breadcrumb\",\"itemListElement\":[{\"@type\":\"ListItem\",\"position\":1,\"name\":\"Portada\",\"item\":\"https:\\\/\\\/gentedebasquet.com.ar\\\/sitio\\\/\"},{\"@type\":\"ListItem\",\"position\":2,\"name\":\"Pacifico se reencontr\u00f3 con la victoria\"}]},{\"@type\":\"WebSite\",\"@id\":\"https:\\\/\\\/gentedebasquet.com.ar\\\/sitio\\\/#website\",\"url\":\"https:\\\/\\\/gentedebasquet.com.ar\\\/sitio\\\/\",\"name\":\"Gente de B\u00e1squet\",\"description\":\"La revista del basquet de Bah\u00eda Blanca\",\"potentialAction\":[{\"@type\":\"SearchAction\",\"target\":{\"@type\":\"EntryPoint\",\"urlTemplate\":\"https:\\\/\\\/gentedebasquet.com.ar\\\/sitio\\\/?s={search_term_string}\"},\"query-input\":{\"@type\":\"PropertyValueSpecification\",\"valueRequired\":true,\"valueName\":\"search_term_string\"}}],\"inLanguage\":\"es\"},{\"@type\":\"Person\",\"@id\":\"https:\\\/\\\/gentedebasquet.com.ar\\\/sitio\\\/#\\\/schema\\\/person\\\/ca0b63bbb977369988a7bbbdc519943a\",\"name\":\"Gente de B\u00e1squet\",\"image\":{\"@type\":\"ImageObject\",\"inLanguage\":\"es\",\"@id\":\"https:\\\/\\\/secure.gravatar.com\\\/avatar\\\/7f2c48bdc33b30088f941fb6082e555f2874c98e20cb159d7b92b50eadfce793?s=96&d=mm&r=g\",\"url\":\"https:\\\/\\\/secure.gravatar.com\\\/avatar\\\/7f2c48bdc33b30088f941fb6082e555f2874c98e20cb159d7b92b50eadfce793?s=96&d=mm&r=g\",\"contentUrl\":\"https:\\\/\\\/secure.gravatar.com\\\/avatar\\\/7f2c48bdc33b30088f941fb6082e555f2874c98e20cb159d7b92b50eadfce793?s=96&d=mm&r=g\",\"caption\":\"Gente de B\u00e1squet\"},\"sameAs\":[\"http:\\\/\\\/gentedebasquet.com.ar\\\/sitio\"],\"url\":\"https:\\\/\\\/gentedebasquet.com.ar\\\/sitio\\\/author\\\/ulises\\\/\"}]}<\/script>\n<!-- \/ Yoast SEO plugin. -->","yoast_head_json":{"title":"Pacifico se reencontr\u00f3 con la victoria - Gente de B\u00e1squet","robots":{"index":"index","follow":"follow","max-snippet":"max-snippet:-1","max-image-preview":"max-image-preview:large","max-video-preview":"max-video-preview:-1"},"canonical":"https:\/\/gentedebasquet.com.ar\/sitio\/2022\/03\/11\/pacifico-se-reencontro-con-la-victoria\/","og_locale":"es_ES","og_type":"article","og_title":"Pacifico se reencontr\u00f3 con la victoria - Gente de B\u00e1squet","og_description":"Por la fecha 18 del torneo de primera divisi\u00f3n, el verde derrot\u00f3 a Bahiense del Norte 89-84 en tiempo suplementario. Los de Iannamico ganaron su primer partido en el 2022 ante un rival directo. Pacifico, como nos tiene acostumbrados, plante\u00f3 desde el principio un juego intenso, corriendo la cancha de la mano del \u00e1gil Salvatori, [&hellip;]","og_url":"https:\/\/gentedebasquet.com.ar\/sitio\/2022\/03\/11\/pacifico-se-reencontro-con-la-victoria\/","og_site_name":"Gente de B\u00e1squet","article_published_time":"2022-03-11T06:20:34+00:00","og_image":[{"width":690,"height":319,"url":"https:\/\/gentedebasquet.com.ar\/sitio\/wp-content\/uploads\/2022\/03\/Captura.jpg","type":"image\/jpeg"}],"author":"Gente de B\u00e1squet","twitter_card":"summary_large_image","twitter_misc":{"Escrito por":"Gente de B\u00e1squet","Tiempo de lectura":"3 minutos"},"schema":{"@context":"https:\/\/schema.org","@graph":[{"@type":"Article","@id":"https:\/\/gentedebasquet.com.ar\/sitio\/2022\/03\/11\/pacifico-se-reencontro-con-la-victoria\/#article","isPartOf":{"@id":"https:\/\/gentedebasquet.com.ar\/sitio\/2022\/03\/11\/pacifico-se-reencontro-con-la-victoria\/"},"author":{"name":"Gente de B\u00e1squet","@id":"https:\/\/gentedebasquet.com.ar\/sitio\/#\/schema\/person\/ca0b63bbb977369988a7bbbdc519943a"},"headline":"Pacifico se reencontr\u00f3 con la victoria","datePublished":"2022-03-11T06:20:34+00:00","mainEntityOfPage":{"@id":"https:\/\/gentedebasquet.com.ar\/sitio\/2022\/03\/11\/pacifico-se-reencontro-con-la-victoria\/"},"wordCount":674,"image":{"@id":"https:\/\/gentedebasquet.com.ar\/sitio\/2022\/03\/11\/pacifico-se-reencontro-con-la-victoria\/#primaryimage"},"thumbnailUrl":"https:\/\/gentedebasquet.com.ar\/sitio\/wp-content\/uploads\/2022\/03\/Captura.jpg","keywords":["Bahiense Del Norte","Branco Salvatori","Pacifico"],"articleSection":["#Overtime","Primera","Slide"],"inLanguage":"es"},{"@type":"WebPage","@id":"https:\/\/gentedebasquet.com.ar\/sitio\/2022\/03\/11\/pacifico-se-reencontro-con-la-victoria\/","url":"https:\/\/gentedebasquet.com.ar\/sitio\/2022\/03\/11\/pacifico-se-reencontro-con-la-victoria\/","name":"Pacifico se reencontr\u00f3 con la victoria - Gente de B\u00e1squet","isPartOf":{"@id":"https:\/\/gentedebasquet.com.ar\/sitio\/#website"},"primaryImageOfPage":{"@id":"https:\/\/gentedebasquet.com.ar\/sitio\/2022\/03\/11\/pacifico-se-reencontro-con-la-victoria\/#primaryimage"},"image":{"@id":"https:\/\/gentedebasquet.com.ar\/sitio\/2022\/03\/11\/pacifico-se-reencontro-con-la-victoria\/#primaryimage"},"thumbnailUrl":"https:\/\/gentedebasquet.com.ar\/sitio\/wp-content\/uploads\/2022\/03\/Captura.jpg","datePublished":"2022-03-11T06:20:34+00:00","author":{"@id":"https:\/\/gentedebasquet.com.ar\/sitio\/#\/schema\/person\/ca0b63bbb977369988a7bbbdc519943a"},"breadcrumb":{"@id":"https:\/\/gentedebasquet.com.ar\/sitio\/2022\/03\/11\/pacifico-se-reencontro-con-la-victoria\/#breadcrumb"},"inLanguage":"es","potentialAction":[{"@type":"ReadAction","target":["https:\/\/gentedebasquet.com.ar\/sitio\/2022\/03\/11\/pacifico-se-reencontro-con-la-victoria\/"]}]},{"@type":"ImageObject","inLanguage":"es","@id":"https:\/\/gentedebasquet.com.ar\/sitio\/2022\/03\/11\/pacifico-se-reencontro-con-la-victoria\/#primaryimage","url":"https:\/\/gentedebasquet.com.ar\/sitio\/wp-content\/uploads\/2022\/03\/Captura.jpg","contentUrl":"https:\/\/gentedebasquet.com.ar\/sitio\/wp-content\/uploads\/2022\/03\/Captura.jpg","width":690,"height":319},{"@type":"BreadcrumbList","@id":"https:\/\/gentedebasquet.com.ar\/sitio\/2022\/03\/11\/pacifico-se-reencontro-con-la-victoria\/#breadcrumb","itemListElement":[{"@type":"ListItem","position":1,"name":"Portada","item":"https:\/\/gentedebasquet.com.ar\/sitio\/"},{"@type":"ListItem","position":2,"name":"Pacifico se reencontr\u00f3 con la victoria"}]},{"@type":"WebSite","@id":"https:\/\/gentedebasquet.com.ar\/sitio\/#website","url":"https:\/\/gentedebasquet.com.ar\/sitio\/","name":"Gente de B\u00e1squet","description":"La revista del basquet de Bah\u00eda Blanca","potentialAction":[{"@type":"SearchAction","target":{"@type":"EntryPoint","urlTemplate":"https:\/\/gentedebasquet.com.ar\/sitio\/?s={search_term_string}"},"query-input":{"@type":"PropertyValueSpecification","valueRequired":true,"valueName":"search_term_string"}}],"inLanguage":"es"},{"@type":"Person","@id":"https:\/\/gentedebasquet.com.ar\/sitio\/#\/schema\/person\/ca0b63bbb977369988a7bbbdc519943a","name":"Gente de B\u00e1squet","image":{"@type":"ImageObject","inLanguage":"es","@id":"https:\/\/secure.gravatar.com\/avatar\/7f2c48bdc33b30088f941fb6082e555f2874c98e20cb159d7b92b50eadfce793?s=96&d=mm&r=g","url":"https:\/\/secure.gravatar.com\/avatar\/7f2c48bdc33b30088f941fb6082e555f2874c98e20cb159d7b92b50eadfce793?s=96&d=mm&r=g","contentUrl":"https:\/\/secure.gravatar.com\/avatar\/7f2c48bdc33b30088f941fb6082e555f2874c98e20cb159d7b92b50eadfce793?s=96&d=mm&r=g","caption":"Gente de B\u00e1squet"},"sameAs":["http:\/\/gentedebasquet.com.ar\/sitio"],"url":"https:\/\/gentedebasquet.com.ar\/sitio\/author\/ulises\/"}]}},"_links":{"self":[{"href":"https:\/\/gentedebasquet.com.ar\/sitio\/wp-json\/wp\/v2\/posts\/102103","targetHints":{"allow":["GET"]}}],"collection":[{"href":"https:\/\/gentedebasquet.com.ar\/sitio\/wp-json\/wp\/v2\/posts"}],"about":[{"href":"https:\/\/gentedebasquet.com.ar\/sitio\/wp-json\/wp\/v2\/types\/post"}],"author":[{"embeddable":true,"href":"https:\/\/gentedebasquet.com.ar\/sitio\/wp-json\/wp\/v2\/users\/1"}],"replies":[{"embeddable":true,"href":"https:\/\/gentedebasquet.com.ar\/sitio\/wp-json\/wp\/v2\/comments?post=102103"}],"version-history":[{"count":0,"href":"https:\/\/gentedebasquet.com.ar\/sitio\/wp-json\/wp\/v2\/posts\/102103\/revisions"}],"wp:featuredmedia":[{"embeddable":true,"href":"https:\/\/gentedebasquet.com.ar\/sitio\/wp-json\/wp\/v2\/media\/102164"}],"wp:attachment":[{"href":"https:\/\/gentedebasquet.com.ar\/sitio\/wp-json\/wp\/v2\/media?parent=102103"}],"wp:term":[{"taxonomy":"category","embeddable":true,"href":"https:\/\/gentedebasquet.com.ar\/sitio\/wp-json\/wp\/v2\/categories?post=102103"},{"taxonomy":"post_tag","embeddable":true,"href":"https:\/\/gentedebasquet.com.ar\/sitio\/wp-json\/wp\/v2\/tags?post=102103"}],"curies":[{"name":"wp","href":"https:\/\/api.w.org\/{rel}","templated":true}]}}