{"id":102356,"date":"2022-04-01T02:04:28","date_gmt":"2022-04-01T05:04:28","guid":{"rendered":"http:\/\/www.gentedebasquet.com.ar\/?p=102356"},"modified":"2022-04-01T02:04:28","modified_gmt":"2022-04-01T05:04:28","slug":"triunfazo-del-albo","status":"publish","type":"post","link":"https:\/\/gentedebasquet.com.ar\/sitio\/2022\/04\/01\/triunfazo-del-albo\/","title":{"rendered":"\u00a1Triunfazo del Albo!"},"content":{"rendered":"\n<p><strong>Por la vig\u00e9sima fecha del torneo de primera divisi\u00f3n, Estudiantes consigui\u00f3 una gran victoria en condici\u00f3n de visitante ante un rival directo como lo es 9 de Julio. <\/strong>  <\/p>\n\n\n\n<p><strong>En el N\u00e9stor Damiani, el local comenz\u00f3 tomando el control del juego de la mano de Juli\u00e1n Turcato, quien en el 1C anot\u00f3 4\/4 en T2 y 3\/3 en TL, sumando 11pts en su cuenta personal. Pero la visita respond\u00eda con Jos\u00e9 Mart\u00ednez, quien ya demostraba que en la pintura complicaba a los dirigidos por Larrasolo.<\/strong><\/p>\n\n\n\n<p><strong>Al t\u00e9rmino de los primeros 20 minutos, los comandados por Ariel Ugolini pon\u00edan a su favor el tablero, con buenas apariciones de Agust\u00edn Salas (1\/2 en T3, 3\/4 en T2 y 2\/2 en TL. De todos modos, por el lado de 9 de Julio segu\u00eda destac\u00e1ndose Turcato, cerrando el PT con 21 puntos en su haber.<\/strong><\/p>\n\n\n\n<p><strong>Tras las charlas en los vestuarios, el 3C lo tuvo como protagonista a Gonzalo Mart\u00ednez en el Albo, obteniendo un 100% de efectividad en los primeros 10 minutos del segundo tramo (4\/4 en T3 y 1\/1 en T2). Por el lado local, quien se carg\u00f3 dicho cuarto al hombro fue Manuel Costa, que anot\u00f3 13 puntos en pocos minutos (3\/4 en T3, 1\/1 en T2 y 2\/3 en TL).<\/strong><\/p>\n\n\n\n<p><strong>S\u00f3lo 5 puntos ten\u00eda de ventaja Estudiantes por sobre 9 de Julio al momento de encarar la recta final del encuentro. Triples por un lado, respuestas por el otro. Todo indicaba que se acercaba un final de pel\u00edculas, pero se agigant\u00f3 la figura de Jos\u00e9 Mart\u00ednez, quien debajo del aro disfrut\u00f3 de cada movimiento, y as\u00ed hizo que el conjunto visitante estire la ventaja. <\/strong><\/p>\n\n\n\n<p><strong>Estudiantes pudo romper con la defensa de 9 de Julio en los \u00faltimos minutos y jug\u00f3 con la desesperaci\u00f3n del local. Fue victoria para el Albo por 94-80, y se  coloca en la posici\u00f3n 7 de la tabla.<\/strong><\/p>\n\n\n\n<figure class=\"wp-block-image\"><img decoding=\"async\" src=\"http:\/\/www.gentedebasquet.com.ar\/wp-content\/uploads\/2022\/03\/Gif-Publicidades-1.gif\" alt=\"\"\/><\/figure>\n\n\n\n<figure class=\"wp-block-embed is-type-video is-provider-youtube wp-block-embed-youtube wp-embed-aspect-16-9 wp-has-aspect-ratio\"><div class=\"wp-block-embed__wrapper\">\nhttps:\/\/www.youtube.com\/watch?v=WsAVEYkCHRA\n<\/div><\/figure>\n\n\n\n<figure class=\"wp-block-image\"><img decoding=\"async\" src=\"http:\/\/www.gentedebasquet.com.ar\/wp-content\/uploads\/2022\/03\/Gif-Publicidades-2.gif\" alt=\"\"\/><\/figure>\n\n\n\n<p><\/p>\n\n\n\n<figure class=\"wp-block-image size-large\"><a href=\"http:\/\/www.gentedebasquet.com.ar\/wp-content\/uploads\/2022\/04\/MVP-Seba.jpg\"><img decoding=\"async\" width=\"1024\" height=\"1024\" src=\"http:\/\/www.gentedebasquet.com.ar\/wp-content\/uploads\/2022\/04\/MVP-Seba-1024x1024.jpg\" alt=\"\" class=\"wp-image-102385\" srcset=\"https:\/\/gentedebasquet.com.ar\/sitio\/wp-content\/uploads\/2022\/04\/MVP-Seba-1024x1024.jpg 1024w, https:\/\/gentedebasquet.com.ar\/sitio\/wp-content\/uploads\/2022\/04\/MVP-Seba-300x300.jpg 300w, https:\/\/gentedebasquet.com.ar\/sitio\/wp-content\/uploads\/2022\/04\/MVP-Seba-150x150.jpg 150w, https:\/\/gentedebasquet.com.ar\/sitio\/wp-content\/uploads\/2022\/04\/MVP-Seba-768x768.jpg 768w, https:\/\/gentedebasquet.com.ar\/sitio\/wp-content\/uploads\/2022\/04\/MVP-Seba-1536x1536.jpg 1536w, https:\/\/gentedebasquet.com.ar\/sitio\/wp-content\/uploads\/2022\/04\/MVP-Seba.jpg 2000w\" sizes=\"(max-width: 1024px) 100vw, 1024px\" \/><\/a><\/figure>\n\n\n\n<figure class=\"wp-block-image size-full\"><a href=\"http:\/\/www.gentedebasquet.com.ar\/wp-content\/uploads\/2022\/04\/Figura-Seba-1.jpg\"><img decoding=\"async\" width=\"640\" height=\"480\" src=\"http:\/\/www.gentedebasquet.com.ar\/wp-content\/uploads\/2022\/04\/Figura-Seba-1.jpg\" alt=\"\" class=\"wp-image-102386\" srcset=\"https:\/\/gentedebasquet.com.ar\/sitio\/wp-content\/uploads\/2022\/04\/Figura-Seba-1.jpg 640w, https:\/\/gentedebasquet.com.ar\/sitio\/wp-content\/uploads\/2022\/04\/Figura-Seba-1-300x225.jpg 300w\" sizes=\"(max-width: 640px) 100vw, 640px\" \/><\/a><\/figure>\n\n\n\n<blockquote class=\"wp-block-quote is-layout-flow wp-block-quote-is-layout-flow\"><p>Era un punto muy importante que nos jug\u00e1bamos los dos equipos. No tenemos a varios jugadores importantes y tratamos de suplantarnos en equipo, sumar un poco m\u00e1s cada uno y eso nos dio un buen resultado. El equipo fue la clave, los minutos decisivos defendimos m\u00e1s cerrados, m\u00e1s en equipo. Los primeros dos cuartos defendimos muy mal. Se nos vienen dos partidos muy importantes, la tabla est\u00e1 muy ajustada y el torneo muy raro. Va a estar lindo para disfrutarlo y vivirlo. <strong>Jos\u00e9 Mart\u00ednez (Estudiantes).<\/strong><\/p><\/blockquote>\n\n\n\n<figure class=\"wp-block-image\"><img decoding=\"async\" src=\"http:\/\/www.gentedebasquet.com.ar\/wp-content\/uploads\/2022\/03\/Gif-Publicidades-3.gif\" alt=\"\"\/><figcaption><br><strong><strong>S\u00edntesis \u2013 Primera Divisi\u00f3n \u2013 Fecha #20<\/strong><\/strong><\/figcaption><\/figure>\n\n\n\n<p><strong>9 de Julio 80: <\/strong>Juli\u00e1n Turcato 27, Ezequiel Pordomingo 7, Francisco Anaya 4, Fausto Vasconcelo 4, Santiago Boye 4 <strong>(FI)<\/strong>; Emmanuel Paredes 10, R. Lorenzo 4, Nicol\u00e1s Alomar\u00a00, Emilio Boye 4, Manuel Costa 16,\u00a0Lucio Dominici 0. <strong>DT: Andr\u00e9s Larrasolo.<\/strong><\/p>\n\n\n\n<p><strong>Estudiantes 94: <\/strong>Tom\u00e1s Scarpaci 10, Mat\u00edas Couselo 6, Franco Elichiry\u00a04, Tom\u00e1s Scolari 0, Jos\u00e9 Mart\u00ednez 25 <strong>(FI)<\/strong>; Mateo Fern\u00e1ndez\u00a00, Gonzalo Mart\u00ednez 17, Agust\u00edn Osinaga 0, Rodr\u00edguez 5, Albano Rosso 0, Agust\u00edn Salas 12, Agust\u00edn Amore 15. <strong>DT: Ariel Ugolini<\/strong>.<\/p>\n\n\n\n<p><strong>Parciales<\/strong>: 25-23, 45-47 (20-24), 67-72 (22-25) y 80-94 (13-22)<\/p>\n\n\n\n<p><strong>\u00c1rbitro<\/strong>s: Eduardo Ferreira &#8211; Mariano Enrique &#8211; Diego Kessler.<\/p>\n\n\n\n<p><strong>Estadio:<\/strong> N\u00e9stor Damiani (9 de Julio).<\/p>\n\n\n\n<p><a href=\"https:\/\/fibalivestats.dcd.shared.geniussports.com\/u\/ABB\/2073510\/\">VER PLANILLA<\/a><\/p>\n\n\n\n<p><\/p>\n\n\n\n<figure class=\"wp-block-image size-large\"><a href=\"http:\/\/www.gentedebasquet.com.ar\/wp-content\/uploads\/2022\/04\/CLAVE-Seba.jpg\"><img decoding=\"async\" width=\"1024\" height=\"1024\" src=\"http:\/\/www.gentedebasquet.com.ar\/wp-content\/uploads\/2022\/04\/CLAVE-Seba-1024x1024.jpg\" alt=\"\" class=\"wp-image-102387\" srcset=\"https:\/\/gentedebasquet.com.ar\/sitio\/wp-content\/uploads\/2022\/04\/CLAVE-Seba-1024x1024.jpg 1024w, https:\/\/gentedebasquet.com.ar\/sitio\/wp-content\/uploads\/2022\/04\/CLAVE-Seba-300x300.jpg 300w, https:\/\/gentedebasquet.com.ar\/sitio\/wp-content\/uploads\/2022\/04\/CLAVE-Seba-150x150.jpg 150w, https:\/\/gentedebasquet.com.ar\/sitio\/wp-content\/uploads\/2022\/04\/CLAVE-Seba-768x768.jpg 768w, https:\/\/gentedebasquet.com.ar\/sitio\/wp-content\/uploads\/2022\/04\/CLAVE-Seba-1536x1536.jpg 1536w, https:\/\/gentedebasquet.com.ar\/sitio\/wp-content\/uploads\/2022\/04\/CLAVE-Seba.jpg 2000w\" sizes=\"(max-width: 1024px) 100vw, 1024px\" \/><\/a><\/figure>\n\n\n\n<figure class=\"wp-block-image\"><img decoding=\"async\" src=\"http:\/\/www.gentedebasquet.com.ar\/wp-content\/uploads\/2022\/03\/Gif-Publicidades-4-1.gif\" alt=\"La imagen tiene un atributo ALT vac\u00edo; su nombre de archivo es Gif-Publicidades-4-1.gif\"\/><\/figure>\n\n\n\n<p><\/p>\n\n\n\n<figure class=\"wp-block-image size-full\"><a href=\"http:\/\/www.gentedebasquet.com.ar\/wp-content\/uploads\/2022\/04\/Secundaria-Seba-1.jpg\"><img decoding=\"async\" width=\"640\" height=\"480\" src=\"http:\/\/www.gentedebasquet.com.ar\/wp-content\/uploads\/2022\/04\/Secundaria-Seba-1.jpg\" alt=\"\" class=\"wp-image-102388\" srcset=\"https:\/\/gentedebasquet.com.ar\/sitio\/wp-content\/uploads\/2022\/04\/Secundaria-Seba-1.jpg 640w, https:\/\/gentedebasquet.com.ar\/sitio\/wp-content\/uploads\/2022\/04\/Secundaria-Seba-1-300x225.jpg 300w\" sizes=\"(max-width: 640px) 100vw, 640px\" \/><\/a><\/figure>\n","protected":false},"excerpt":{"rendered":"<p>Por la vig\u00e9sima fecha del torneo de primera divisi\u00f3n, Estudiantes consigui\u00f3 una gran victoria en condici\u00f3n de visitante ante un rival directo como lo es 9 de Julio. En el N\u00e9stor Damiani, el local comenz\u00f3 tomando el control del juego de la mano de Juli\u00e1n Turcato, quien en el 1C anot\u00f3 4\/4 en T2 y [&hellip;]<\/p>\n","protected":false},"author":1,"featured_media":102390,"comment_status":"closed","ping_status":"open","sticky":false,"template":"","format":"standard","meta":{"jnews-multi-image_gallery":[],"jnews_single_post":[],"jnews_primary_category":[],"footnotes":""},"categories":[23,101],"tags":[2,11,1867,508],"class_list":["post-102356","post","type-post","status-publish","format-standard","has-post-thumbnail","hentry","category-primera","category-slide","tag-9dejulio","tag-estudiantes","tag-jose-martinez","tag-primera-division"],"yoast_head":"<!-- This site is optimized with the Yoast SEO plugin v27.5 - https:\/\/yoast.com\/product\/yoast-seo-wordpress\/ -->\n<title>\u00a1Triunfazo del Albo! - Gente de B\u00e1squet<\/title>\n<meta name=\"robots\" content=\"index, follow, max-snippet:-1, max-image-preview:large, max-video-preview:-1\" \/>\n<link rel=\"canonical\" href=\"https:\/\/gentedebasquet.com.ar\/sitio\/2022\/04\/01\/triunfazo-del-albo\/\" \/>\n<meta property=\"og:locale\" content=\"es_ES\" \/>\n<meta property=\"og:type\" content=\"article\" \/>\n<meta property=\"og:title\" content=\"\u00a1Triunfazo del Albo! - Gente de B\u00e1squet\" \/>\n<meta property=\"og:description\" content=\"Por la vig\u00e9sima fecha del torneo de primera divisi\u00f3n, Estudiantes consigui\u00f3 una gran victoria en condici\u00f3n de visitante ante un rival directo como lo es 9 de Julio. En el N\u00e9stor Damiani, el local comenz\u00f3 tomando el control del juego de la mano de Juli\u00e1n Turcato, quien en el 1C anot\u00f3 4\/4 en T2 y [&hellip;]\" \/>\n<meta property=\"og:url\" content=\"https:\/\/gentedebasquet.com.ar\/sitio\/2022\/04\/01\/triunfazo-del-albo\/\" \/>\n<meta property=\"og:site_name\" content=\"Gente de B\u00e1squet\" \/>\n<meta property=\"article:published_time\" content=\"2022-04-01T05:04:28+00:00\" \/>\n<meta property=\"og:image\" content=\"https:\/\/gentedebasquet.com.ar\/sitio\/wp-content\/uploads\/2022\/04\/Principal-Seba-1-1.jpg\" \/>\n\t<meta property=\"og:image:width\" content=\"690\" \/>\n\t<meta property=\"og:image:height\" content=\"319\" \/>\n\t<meta property=\"og:image:type\" content=\"image\/jpeg\" \/>\n<meta name=\"author\" content=\"Gente de B\u00e1squet\" \/>\n<meta name=\"twitter:card\" content=\"summary_large_image\" \/>\n<meta name=\"twitter:label1\" content=\"Escrito por\" \/>\n\t<meta name=\"twitter:data1\" content=\"Gente de B\u00e1squet\" \/>\n\t<meta name=\"twitter:label2\" content=\"Tiempo de lectura\" \/>\n\t<meta name=\"twitter:data2\" content=\"3 minutos\" \/>\n<script type=\"application\/ld+json\" class=\"yoast-schema-graph\">{\"@context\":\"https:\\\/\\\/schema.org\",\"@graph\":[{\"@type\":\"Article\",\"@id\":\"https:\\\/\\\/gentedebasquet.com.ar\\\/sitio\\\/2022\\\/04\\\/01\\\/triunfazo-del-albo\\\/#article\",\"isPartOf\":{\"@id\":\"https:\\\/\\\/gentedebasquet.com.ar\\\/sitio\\\/2022\\\/04\\\/01\\\/triunfazo-del-albo\\\/\"},\"author\":{\"name\":\"Gente de B\u00e1squet\",\"@id\":\"https:\\\/\\\/gentedebasquet.com.ar\\\/sitio\\\/#\\\/schema\\\/person\\\/ca0b63bbb977369988a7bbbdc519943a\"},\"headline\":\"\u00a1Triunfazo del Albo!\",\"datePublished\":\"2022-04-01T05:04:28+00:00\",\"mainEntityOfPage\":{\"@id\":\"https:\\\/\\\/gentedebasquet.com.ar\\\/sitio\\\/2022\\\/04\\\/01\\\/triunfazo-del-albo\\\/\"},\"wordCount\":510,\"image\":{\"@id\":\"https:\\\/\\\/gentedebasquet.com.ar\\\/sitio\\\/2022\\\/04\\\/01\\\/triunfazo-del-albo\\\/#primaryimage\"},\"thumbnailUrl\":\"https:\\\/\\\/gentedebasquet.com.ar\\\/sitio\\\/wp-content\\\/uploads\\\/2022\\\/04\\\/Principal-Seba-1-1.jpg\",\"keywords\":[\"9 de Julio\",\"Estudiantes\",\"Jos\u00e9 Mart\u00ednez\",\"Primera Divisi\u00f3n\"],\"articleSection\":[\"Primera\",\"Slide\"],\"inLanguage\":\"es\"},{\"@type\":\"WebPage\",\"@id\":\"https:\\\/\\\/gentedebasquet.com.ar\\\/sitio\\\/2022\\\/04\\\/01\\\/triunfazo-del-albo\\\/\",\"url\":\"https:\\\/\\\/gentedebasquet.com.ar\\\/sitio\\\/2022\\\/04\\\/01\\\/triunfazo-del-albo\\\/\",\"name\":\"\u00a1Triunfazo del Albo! - Gente de B\u00e1squet\",\"isPartOf\":{\"@id\":\"https:\\\/\\\/gentedebasquet.com.ar\\\/sitio\\\/#website\"},\"primaryImageOfPage\":{\"@id\":\"https:\\\/\\\/gentedebasquet.com.ar\\\/sitio\\\/2022\\\/04\\\/01\\\/triunfazo-del-albo\\\/#primaryimage\"},\"image\":{\"@id\":\"https:\\\/\\\/gentedebasquet.com.ar\\\/sitio\\\/2022\\\/04\\\/01\\\/triunfazo-del-albo\\\/#primaryimage\"},\"thumbnailUrl\":\"https:\\\/\\\/gentedebasquet.com.ar\\\/sitio\\\/wp-content\\\/uploads\\\/2022\\\/04\\\/Principal-Seba-1-1.jpg\",\"datePublished\":\"2022-04-01T05:04:28+00:00\",\"author\":{\"@id\":\"https:\\\/\\\/gentedebasquet.com.ar\\\/sitio\\\/#\\\/schema\\\/person\\\/ca0b63bbb977369988a7bbbdc519943a\"},\"breadcrumb\":{\"@id\":\"https:\\\/\\\/gentedebasquet.com.ar\\\/sitio\\\/2022\\\/04\\\/01\\\/triunfazo-del-albo\\\/#breadcrumb\"},\"inLanguage\":\"es\",\"potentialAction\":[{\"@type\":\"ReadAction\",\"target\":[\"https:\\\/\\\/gentedebasquet.com.ar\\\/sitio\\\/2022\\\/04\\\/01\\\/triunfazo-del-albo\\\/\"]}]},{\"@type\":\"ImageObject\",\"inLanguage\":\"es\",\"@id\":\"https:\\\/\\\/gentedebasquet.com.ar\\\/sitio\\\/2022\\\/04\\\/01\\\/triunfazo-del-albo\\\/#primaryimage\",\"url\":\"https:\\\/\\\/gentedebasquet.com.ar\\\/sitio\\\/wp-content\\\/uploads\\\/2022\\\/04\\\/Principal-Seba-1-1.jpg\",\"contentUrl\":\"https:\\\/\\\/gentedebasquet.com.ar\\\/sitio\\\/wp-content\\\/uploads\\\/2022\\\/04\\\/Principal-Seba-1-1.jpg\",\"width\":690,\"height\":319},{\"@type\":\"BreadcrumbList\",\"@id\":\"https:\\\/\\\/gentedebasquet.com.ar\\\/sitio\\\/2022\\\/04\\\/01\\\/triunfazo-del-albo\\\/#breadcrumb\",\"itemListElement\":[{\"@type\":\"ListItem\",\"position\":1,\"name\":\"Portada\",\"item\":\"https:\\\/\\\/gentedebasquet.com.ar\\\/sitio\\\/\"},{\"@type\":\"ListItem\",\"position\":2,\"name\":\"\u00a1Triunfazo del Albo!\"}]},{\"@type\":\"WebSite\",\"@id\":\"https:\\\/\\\/gentedebasquet.com.ar\\\/sitio\\\/#website\",\"url\":\"https:\\\/\\\/gentedebasquet.com.ar\\\/sitio\\\/\",\"name\":\"Gente de B\u00e1squet\",\"description\":\"La revista del basquet de Bah\u00eda Blanca\",\"potentialAction\":[{\"@type\":\"SearchAction\",\"target\":{\"@type\":\"EntryPoint\",\"urlTemplate\":\"https:\\\/\\\/gentedebasquet.com.ar\\\/sitio\\\/?s={search_term_string}\"},\"query-input\":{\"@type\":\"PropertyValueSpecification\",\"valueRequired\":true,\"valueName\":\"search_term_string\"}}],\"inLanguage\":\"es\"},{\"@type\":\"Person\",\"@id\":\"https:\\\/\\\/gentedebasquet.com.ar\\\/sitio\\\/#\\\/schema\\\/person\\\/ca0b63bbb977369988a7bbbdc519943a\",\"name\":\"Gente de B\u00e1squet\",\"image\":{\"@type\":\"ImageObject\",\"inLanguage\":\"es\",\"@id\":\"https:\\\/\\\/secure.gravatar.com\\\/avatar\\\/7f2c48bdc33b30088f941fb6082e555f2874c98e20cb159d7b92b50eadfce793?s=96&d=mm&r=g\",\"url\":\"https:\\\/\\\/secure.gravatar.com\\\/avatar\\\/7f2c48bdc33b30088f941fb6082e555f2874c98e20cb159d7b92b50eadfce793?s=96&d=mm&r=g\",\"contentUrl\":\"https:\\\/\\\/secure.gravatar.com\\\/avatar\\\/7f2c48bdc33b30088f941fb6082e555f2874c98e20cb159d7b92b50eadfce793?s=96&d=mm&r=g\",\"caption\":\"Gente de B\u00e1squet\"},\"sameAs\":[\"http:\\\/\\\/gentedebasquet.com.ar\\\/sitio\"],\"url\":\"https:\\\/\\\/gentedebasquet.com.ar\\\/sitio\\\/author\\\/ulises\\\/\"}]}<\/script>\n<!-- \/ Yoast SEO plugin. -->","yoast_head_json":{"title":"\u00a1Triunfazo del Albo! - Gente de B\u00e1squet","robots":{"index":"index","follow":"follow","max-snippet":"max-snippet:-1","max-image-preview":"max-image-preview:large","max-video-preview":"max-video-preview:-1"},"canonical":"https:\/\/gentedebasquet.com.ar\/sitio\/2022\/04\/01\/triunfazo-del-albo\/","og_locale":"es_ES","og_type":"article","og_title":"\u00a1Triunfazo del Albo! - Gente de B\u00e1squet","og_description":"Por la vig\u00e9sima fecha del torneo de primera divisi\u00f3n, Estudiantes consigui\u00f3 una gran victoria en condici\u00f3n de visitante ante un rival directo como lo es 9 de Julio. En el N\u00e9stor Damiani, el local comenz\u00f3 tomando el control del juego de la mano de Juli\u00e1n Turcato, quien en el 1C anot\u00f3 4\/4 en T2 y [&hellip;]","og_url":"https:\/\/gentedebasquet.com.ar\/sitio\/2022\/04\/01\/triunfazo-del-albo\/","og_site_name":"Gente de B\u00e1squet","article_published_time":"2022-04-01T05:04:28+00:00","og_image":[{"width":690,"height":319,"url":"https:\/\/gentedebasquet.com.ar\/sitio\/wp-content\/uploads\/2022\/04\/Principal-Seba-1-1.jpg","type":"image\/jpeg"}],"author":"Gente de B\u00e1squet","twitter_card":"summary_large_image","twitter_misc":{"Escrito por":"Gente de B\u00e1squet","Tiempo de lectura":"3 minutos"},"schema":{"@context":"https:\/\/schema.org","@graph":[{"@type":"Article","@id":"https:\/\/gentedebasquet.com.ar\/sitio\/2022\/04\/01\/triunfazo-del-albo\/#article","isPartOf":{"@id":"https:\/\/gentedebasquet.com.ar\/sitio\/2022\/04\/01\/triunfazo-del-albo\/"},"author":{"name":"Gente de B\u00e1squet","@id":"https:\/\/gentedebasquet.com.ar\/sitio\/#\/schema\/person\/ca0b63bbb977369988a7bbbdc519943a"},"headline":"\u00a1Triunfazo del Albo!","datePublished":"2022-04-01T05:04:28+00:00","mainEntityOfPage":{"@id":"https:\/\/gentedebasquet.com.ar\/sitio\/2022\/04\/01\/triunfazo-del-albo\/"},"wordCount":510,"image":{"@id":"https:\/\/gentedebasquet.com.ar\/sitio\/2022\/04\/01\/triunfazo-del-albo\/#primaryimage"},"thumbnailUrl":"https:\/\/gentedebasquet.com.ar\/sitio\/wp-content\/uploads\/2022\/04\/Principal-Seba-1-1.jpg","keywords":["9 de Julio","Estudiantes","Jos\u00e9 Mart\u00ednez","Primera Divisi\u00f3n"],"articleSection":["Primera","Slide"],"inLanguage":"es"},{"@type":"WebPage","@id":"https:\/\/gentedebasquet.com.ar\/sitio\/2022\/04\/01\/triunfazo-del-albo\/","url":"https:\/\/gentedebasquet.com.ar\/sitio\/2022\/04\/01\/triunfazo-del-albo\/","name":"\u00a1Triunfazo del Albo! - Gente de B\u00e1squet","isPartOf":{"@id":"https:\/\/gentedebasquet.com.ar\/sitio\/#website"},"primaryImageOfPage":{"@id":"https:\/\/gentedebasquet.com.ar\/sitio\/2022\/04\/01\/triunfazo-del-albo\/#primaryimage"},"image":{"@id":"https:\/\/gentedebasquet.com.ar\/sitio\/2022\/04\/01\/triunfazo-del-albo\/#primaryimage"},"thumbnailUrl":"https:\/\/gentedebasquet.com.ar\/sitio\/wp-content\/uploads\/2022\/04\/Principal-Seba-1-1.jpg","datePublished":"2022-04-01T05:04:28+00:00","author":{"@id":"https:\/\/gentedebasquet.com.ar\/sitio\/#\/schema\/person\/ca0b63bbb977369988a7bbbdc519943a"},"breadcrumb":{"@id":"https:\/\/gentedebasquet.com.ar\/sitio\/2022\/04\/01\/triunfazo-del-albo\/#breadcrumb"},"inLanguage":"es","potentialAction":[{"@type":"ReadAction","target":["https:\/\/gentedebasquet.com.ar\/sitio\/2022\/04\/01\/triunfazo-del-albo\/"]}]},{"@type":"ImageObject","inLanguage":"es","@id":"https:\/\/gentedebasquet.com.ar\/sitio\/2022\/04\/01\/triunfazo-del-albo\/#primaryimage","url":"https:\/\/gentedebasquet.com.ar\/sitio\/wp-content\/uploads\/2022\/04\/Principal-Seba-1-1.jpg","contentUrl":"https:\/\/gentedebasquet.com.ar\/sitio\/wp-content\/uploads\/2022\/04\/Principal-Seba-1-1.jpg","width":690,"height":319},{"@type":"BreadcrumbList","@id":"https:\/\/gentedebasquet.com.ar\/sitio\/2022\/04\/01\/triunfazo-del-albo\/#breadcrumb","itemListElement":[{"@type":"ListItem","position":1,"name":"Portada","item":"https:\/\/gentedebasquet.com.ar\/sitio\/"},{"@type":"ListItem","position":2,"name":"\u00a1Triunfazo del Albo!"}]},{"@type":"WebSite","@id":"https:\/\/gentedebasquet.com.ar\/sitio\/#website","url":"https:\/\/gentedebasquet.com.ar\/sitio\/","name":"Gente de B\u00e1squet","description":"La revista del basquet de Bah\u00eda Blanca","potentialAction":[{"@type":"SearchAction","target":{"@type":"EntryPoint","urlTemplate":"https:\/\/gentedebasquet.com.ar\/sitio\/?s={search_term_string}"},"query-input":{"@type":"PropertyValueSpecification","valueRequired":true,"valueName":"search_term_string"}}],"inLanguage":"es"},{"@type":"Person","@id":"https:\/\/gentedebasquet.com.ar\/sitio\/#\/schema\/person\/ca0b63bbb977369988a7bbbdc519943a","name":"Gente de B\u00e1squet","image":{"@type":"ImageObject","inLanguage":"es","@id":"https:\/\/secure.gravatar.com\/avatar\/7f2c48bdc33b30088f941fb6082e555f2874c98e20cb159d7b92b50eadfce793?s=96&d=mm&r=g","url":"https:\/\/secure.gravatar.com\/avatar\/7f2c48bdc33b30088f941fb6082e555f2874c98e20cb159d7b92b50eadfce793?s=96&d=mm&r=g","contentUrl":"https:\/\/secure.gravatar.com\/avatar\/7f2c48bdc33b30088f941fb6082e555f2874c98e20cb159d7b92b50eadfce793?s=96&d=mm&r=g","caption":"Gente de B\u00e1squet"},"sameAs":["http:\/\/gentedebasquet.com.ar\/sitio"],"url":"https:\/\/gentedebasquet.com.ar\/sitio\/author\/ulises\/"}]}},"_links":{"self":[{"href":"https:\/\/gentedebasquet.com.ar\/sitio\/wp-json\/wp\/v2\/posts\/102356","targetHints":{"allow":["GET"]}}],"collection":[{"href":"https:\/\/gentedebasquet.com.ar\/sitio\/wp-json\/wp\/v2\/posts"}],"about":[{"href":"https:\/\/gentedebasquet.com.ar\/sitio\/wp-json\/wp\/v2\/types\/post"}],"author":[{"embeddable":true,"href":"https:\/\/gentedebasquet.com.ar\/sitio\/wp-json\/wp\/v2\/users\/1"}],"replies":[{"embeddable":true,"href":"https:\/\/gentedebasquet.com.ar\/sitio\/wp-json\/wp\/v2\/comments?post=102356"}],"version-history":[{"count":0,"href":"https:\/\/gentedebasquet.com.ar\/sitio\/wp-json\/wp\/v2\/posts\/102356\/revisions"}],"wp:featuredmedia":[{"embeddable":true,"href":"https:\/\/gentedebasquet.com.ar\/sitio\/wp-json\/wp\/v2\/media\/102390"}],"wp:attachment":[{"href":"https:\/\/gentedebasquet.com.ar\/sitio\/wp-json\/wp\/v2\/media?parent=102356"}],"wp:term":[{"taxonomy":"category","embeddable":true,"href":"https:\/\/gentedebasquet.com.ar\/sitio\/wp-json\/wp\/v2\/categories?post=102356"},{"taxonomy":"post_tag","embeddable":true,"href":"https:\/\/gentedebasquet.com.ar\/sitio\/wp-json\/wp\/v2\/tags?post=102356"}],"curies":[{"name":"wp","href":"https:\/\/api.w.org\/{rel}","templated":true}]}}