{"id":102472,"date":"2022-04-08T01:40:01","date_gmt":"2022-04-08T04:40:01","guid":{"rendered":"http:\/\/www.gentedebasquet.com.ar\/?p=102472"},"modified":"2022-04-08T01:40:01","modified_gmt":"2022-04-08T04:40:01","slug":"colorado-el-12-2","status":"publish","type":"post","link":"https:\/\/gentedebasquet.com.ar\/sitio\/2022\/04\/08\/colorado-el-12-2\/","title":{"rendered":"\u00a1Colorado el 12!"},"content":{"rendered":"\n<p><strong>En el Osvaldo Casanova se vivi\u00f3 un partido no apto para card\u00edacos. Por la vig\u00e9sima primera fecha del Torneo,<\/strong> <strong>Estudiantes hizo valer la local\u00eda y se qued\u00f3 con un partido muy parejo por sobre Pac\u00edfico. <\/strong><\/p>\n\n\n\n<p><strong>En los primeros minutos de juego, el \u00abverde\u00bb de calle Charlone tom\u00f3 la iniciativa del juego con buenos momentos de Sacomani y Nicol\u00e1s S\u00e1nchez, quien intent\u00f3 en todo momento romper a la defensa presentada por Ugolini. Por el lado del \u00abAlbo\u00bb,  Gonzalo Mart\u00ednez arranc\u00f3 afilado con 9 puntos (3\/3 en T3).<\/strong><\/p>\n\n\n\n<p><strong>El 2C mostraba a un Jos\u00e9 Mart\u00ednez con mayor protagonismo en el local, con dos bombazos de 3 y buenos  pasajes del cuarto pivoteando. Mientras que por el lado visitante respond\u00eda Bautista Olivera con 2\/2 en T3.<\/strong><\/p>\n\n\n\n<p><strong>Todo indicaba que la parte complementaria del encuentro iba a ser atrapante, pero nadie imaginaba tanta paridad.<\/strong><\/p>\n\n\n\n<p><strong>En el 3C apareci\u00f3 Tom\u00e1s Scarpaci, anotando 9 de  sus 13 puntos, pero la figura de Jos\u00e9 Mart\u00ednez se comenzaba a lucir debajo del aro recibiendo faltas y cambi\u00e1ndolas por puntos. Pac\u00edfico no bajaba la guardia y de la mano de Nicol\u00e1s S\u00e1nchez llegaba al \u00faltimo cuarto con una ventaja de 5 puntos.<\/strong><\/p>\n\n\n\n<p><strong>Todo era tenso, incluso el griter\u00edo de ambas parcialidades, pero dentro de la cancha se manten\u00eda la seriedad y concentraci\u00f3n. Ambos equipos necesitaban la victoria.<\/strong><\/p>\n\n\n\n<p><strong>En el desenlace del 4C Estudiantes emparej\u00f3 a\u00fan m\u00e1s el partido y consigui\u00f3 pasar al frente por primera vez en 37 minutos de 40. Si esto parec\u00eda ser cautivante, a\u00fan restaban algunos minutos.<\/strong><\/p>\n\n\n\n<p><strong>A falta de 24 segundos para el cierre del partido, el tablero indicaba empate en 71 por lado, con reposici\u00f3n para los dirigidos por Ugolini. Con el reloj en 4 segundos, Jos\u00e9 Mart\u00ednez convirti\u00f3 un doble que va a quedar en la retina de todos los presentes. <\/strong><\/p>\n\n\n\n<p><strong>No hubo tiempo para m\u00e1s, fue victoria de Estudiantes 73-71 sobre pac\u00edfico y mantiene la ilusi\u00f3n intacta en la gente del Albo.<\/strong><\/p>\n\n\n\n<figure class=\"wp-block-image\"><img decoding=\"async\" src=\"http:\/\/www.gentedebasquet.com.ar\/wp-content\/uploads\/2022\/03\/Gif-Publicidades-1.gif\" alt=\"La imagen tiene un atributo ALT vac\u00edo; su nombre de archivo es Gif-Publicidades-1.gif\"\/><\/figure>\n\n\n\n<figure class=\"wp-block-embed is-type-video is-provider-youtube wp-block-embed-youtube wp-embed-aspect-16-9 wp-has-aspect-ratio\"><div class=\"wp-block-embed__wrapper\">\nhttps:\/\/www.youtube.com\/watch?v=rfxMGrHq9UY\n<\/div><\/figure>\n\n\n\n<p><\/p>\n\n\n\n<figure class=\"wp-block-image size-large\"><a href=\"http:\/\/www.gentedebasquet.com.ar\/wp-content\/uploads\/2022\/04\/MVP-Seba-1.jpg\"><img decoding=\"async\" width=\"1024\" height=\"1024\" src=\"http:\/\/www.gentedebasquet.com.ar\/wp-content\/uploads\/2022\/04\/MVP-Seba-1-1024x1024.jpg\" alt=\"\" class=\"wp-image-102493\" srcset=\"https:\/\/gentedebasquet.com.ar\/sitio\/wp-content\/uploads\/2022\/04\/MVP-Seba-1-1024x1024.jpg 1024w, https:\/\/gentedebasquet.com.ar\/sitio\/wp-content\/uploads\/2022\/04\/MVP-Seba-1-300x300.jpg 300w, https:\/\/gentedebasquet.com.ar\/sitio\/wp-content\/uploads\/2022\/04\/MVP-Seba-1-150x150.jpg 150w, https:\/\/gentedebasquet.com.ar\/sitio\/wp-content\/uploads\/2022\/04\/MVP-Seba-1-768x768.jpg 768w, https:\/\/gentedebasquet.com.ar\/sitio\/wp-content\/uploads\/2022\/04\/MVP-Seba-1-1536x1536.jpg 1536w, https:\/\/gentedebasquet.com.ar\/sitio\/wp-content\/uploads\/2022\/04\/MVP-Seba-1.jpg 2000w\" sizes=\"(max-width: 1024px) 100vw, 1024px\" \/><\/a><\/figure>\n\n\n\n<p><\/p>\n\n\n\n<figure class=\"wp-block-image size-full\"><a href=\"http:\/\/www.gentedebasquet.com.ar\/wp-content\/uploads\/2022\/04\/Figura-Seba-2.jpg\"><img decoding=\"async\" width=\"640\" height=\"480\" src=\"http:\/\/www.gentedebasquet.com.ar\/wp-content\/uploads\/2022\/04\/Figura-Seba-2.jpg\" alt=\"\" class=\"wp-image-102494\" srcset=\"https:\/\/gentedebasquet.com.ar\/sitio\/wp-content\/uploads\/2022\/04\/Figura-Seba-2.jpg 640w, https:\/\/gentedebasquet.com.ar\/sitio\/wp-content\/uploads\/2022\/04\/Figura-Seba-2-300x225.jpg 300w\" sizes=\"(max-width: 640px) 100vw, 640px\" \/><\/a><\/figure>\n\n\n\n<blockquote class=\"wp-block-quote is-layout-flow wp-block-quote-is-layout-flow\"><p>Nos hab\u00edamos planteado que las \u00faltimas fechas eran importantes. Con Pac\u00edfico ven\u00edamos empatados y ten\u00edamos que ganar s\u00ed o s\u00ed. Por suerte se nos dio en la \u00faltima bola. Hicimos  un gran trabajo en equipo durante todo el partido, m\u00e1s all\u00e1 de que hubieron cosas que no salieron. La clave fue nuevamente el equipo, eso es lo que est\u00e1 dando resultado. Nos queda un partido muy importante, ah\u00ed se van a jugar muchas cosas as\u00ed que vamos a ir a luchar de vuelta con Napost\u00e1. <strong>Jos\u00e9 Mart\u00ednez (Estudiantes).<\/strong><\/p><\/blockquote>\n\n\n\n<figure class=\"wp-block-image\"><img decoding=\"async\" src=\"http:\/\/www.gentedebasquet.com.ar\/wp-content\/uploads\/2022\/03\/Gif-Publicidades-2.gif\" alt=\"La imagen tiene un atributo ALT vac\u00edo; su nombre de archivo es Gif-Publicidades-2.gif\"\/><\/figure>\n\n\n\n<p><strong>S\u00edntesis \u2013 Primera Divisi\u00f3n \u2013 Fecha #21<\/strong><\/p>\n\n\n\n<p><strong>Estudiante<\/strong>s <strong>73:<\/strong> Mat\u00edas Couselo 0, Tom\u00e1s Scarpaci 13, Gonzalo Mart\u00ednez 12, Agust\u00edn Salas 3, Jos\u00e9 Mart\u00ednez 22 <strong>(FI)<\/strong>; Franco Elichiry 3, Nehu\u00e9n Ber\u00f3n 9,Mateo Fern\u00e1ndez&nbsp;0, Juli\u00e1n Rodr\u00edguez 5, Albano Rosso 0, Agust\u00edn Amore 6, Tom\u00e1s Scolari 0. <strong>DT: Ariel Ugolini<\/strong>.<\/p>\n\n\n\n<p><strong>Pac\u00edfico 71:<\/strong> Nicol\u00e1s S\u00e1nchez 25, Branco Salvatori 8, Facundo Watson 1, Bautista Olivera 11, Bruno Sacomani&nbsp;13 <strong>(FI)<\/strong>; Sebasti\u00e1n Far\u00edas 7, Marcos Leal 0, Gino Pisani 0, Mat\u00edas Ponzoni 6, Federico Cassano 0, Baltasar Dom\u00ednguez 0. <strong>DT: Andr\u00e9s Iannamico.<\/strong><\/p>\n\n\n\n<p><strong>Parciales<\/strong>:&nbsp;18-21, 35-39 (17-18), 55-60 (20-21), 73-71 (18-11)<\/p>\n\n\n\n<p><strong>\u00c1rbitros<\/strong>: Horacio Sed\u00e1n &#8211; Santiago L\u00f3pez Hoyos &#8211; Juan Jaramillo<\/p>\n\n\n\n<p><strong>Estadio<\/strong>: Osvaldo Casanova (Estudiantes).<\/p>\n\n\n\n<p><a href=\"https:\/\/fibalivestats.dcd.shared.geniussports.com\/u\/ABB\/2080072\/\" target=\"_blank\" rel=\"noreferrer noopener\">VER PLANILLA<\/a><\/p>\n\n\n\n<figure class=\"wp-block-image\"><img decoding=\"async\" src=\"http:\/\/www.gentedebasquet.com.ar\/wp-content\/uploads\/2022\/03\/Gif-Publicidades-3.gif\" alt=\"La imagen tiene un atributo ALT vac\u00edo; su nombre de archivo es Gif-Publicidades-3.gif\"\/><\/figure>\n\n\n\n<p><\/p>\n\n\n\n<figure class=\"wp-block-image size-large\"><a href=\"http:\/\/www.gentedebasquet.com.ar\/wp-content\/uploads\/2022\/04\/CLAVE-Seba-1.jpg\"><img decoding=\"async\" width=\"1024\" height=\"1024\" src=\"http:\/\/www.gentedebasquet.com.ar\/wp-content\/uploads\/2022\/04\/CLAVE-Seba-1-1024x1024.jpg\" alt=\"\" class=\"wp-image-102495\" srcset=\"https:\/\/gentedebasquet.com.ar\/sitio\/wp-content\/uploads\/2022\/04\/CLAVE-Seba-1-1024x1024.jpg 1024w, https:\/\/gentedebasquet.com.ar\/sitio\/wp-content\/uploads\/2022\/04\/CLAVE-Seba-1-300x300.jpg 300w, https:\/\/gentedebasquet.com.ar\/sitio\/wp-content\/uploads\/2022\/04\/CLAVE-Seba-1-150x150.jpg 150w, https:\/\/gentedebasquet.com.ar\/sitio\/wp-content\/uploads\/2022\/04\/CLAVE-Seba-1-768x768.jpg 768w, https:\/\/gentedebasquet.com.ar\/sitio\/wp-content\/uploads\/2022\/04\/CLAVE-Seba-1-1536x1536.jpg 1536w, https:\/\/gentedebasquet.com.ar\/sitio\/wp-content\/uploads\/2022\/04\/CLAVE-Seba-1.jpg 2000w\" sizes=\"(max-width: 1024px) 100vw, 1024px\" \/><\/a><\/figure>\n\n\n\n<figure class=\"wp-block-image\"><img decoding=\"async\" src=\"http:\/\/www.gentedebasquet.com.ar\/wp-content\/uploads\/2022\/04\/Gif-Publicidades-4.gif\" alt=\"\"\/><\/figure>\n\n\n\n<figure class=\"wp-block-image size-full\"><a href=\"http:\/\/www.gentedebasquet.com.ar\/wp-content\/uploads\/2022\/04\/Secundaria-Seba-2.jpg\"><img decoding=\"async\" width=\"640\" height=\"480\" src=\"http:\/\/www.gentedebasquet.com.ar\/wp-content\/uploads\/2022\/04\/Secundaria-Seba-2.jpg\" alt=\"\" class=\"wp-image-102496\" srcset=\"https:\/\/gentedebasquet.com.ar\/sitio\/wp-content\/uploads\/2022\/04\/Secundaria-Seba-2.jpg 640w, https:\/\/gentedebasquet.com.ar\/sitio\/wp-content\/uploads\/2022\/04\/Secundaria-Seba-2-300x225.jpg 300w\" sizes=\"(max-width: 640px) 100vw, 640px\" \/><\/a><\/figure>\n\n\n\n<p><\/p>\n","protected":false},"excerpt":{"rendered":"<p>En el Osvaldo Casanova se vivi\u00f3 un partido no apto para card\u00edacos. Por la vig\u00e9sima primera fecha del Torneo, Estudiantes hizo valer la local\u00eda y se qued\u00f3 con un partido muy parejo por sobre Pac\u00edfico. En los primeros minutos de juego, el \u00abverde\u00bb de calle Charlone tom\u00f3 la iniciativa del juego con buenos momentos de [&hellip;]<\/p>\n","protected":false},"author":1,"featured_media":102492,"comment_status":"closed","ping_status":"open","sticky":false,"template":"","format":"standard","meta":{"jnews-multi-image_gallery":[],"jnews_single_post":[],"jnews_primary_category":[],"footnotes":""},"categories":[23,101],"tags":[11,1867,17,1169],"class_list":["post-102472","post","type-post","status-publish","format-standard","has-post-thumbnail","hentry","category-primera","category-slide","tag-estudiantes","tag-jose-martinez","tag-pacifico","tag-primera"],"yoast_head":"<!-- This site is optimized with the Yoast SEO plugin v27.5 - https:\/\/yoast.com\/product\/yoast-seo-wordpress\/ -->\n<title>\u00a1Colorado el 12! - Gente de B\u00e1squet<\/title>\n<meta name=\"robots\" content=\"index, follow, max-snippet:-1, max-image-preview:large, max-video-preview:-1\" \/>\n<link rel=\"canonical\" href=\"https:\/\/gentedebasquet.com.ar\/sitio\/2022\/04\/08\/colorado-el-12-2\/\" \/>\n<meta property=\"og:locale\" content=\"es_ES\" \/>\n<meta property=\"og:type\" content=\"article\" \/>\n<meta property=\"og:title\" content=\"\u00a1Colorado el 12! - Gente de B\u00e1squet\" \/>\n<meta property=\"og:description\" content=\"En el Osvaldo Casanova se vivi\u00f3 un partido no apto para card\u00edacos. Por la vig\u00e9sima primera fecha del Torneo, Estudiantes hizo valer la local\u00eda y se qued\u00f3 con un partido muy parejo por sobre Pac\u00edfico. En los primeros minutos de juego, el \u00abverde\u00bb de calle Charlone tom\u00f3 la iniciativa del juego con buenos momentos de [&hellip;]\" \/>\n<meta property=\"og:url\" content=\"https:\/\/gentedebasquet.com.ar\/sitio\/2022\/04\/08\/colorado-el-12-2\/\" \/>\n<meta property=\"og:site_name\" content=\"Gente de B\u00e1squet\" \/>\n<meta property=\"article:published_time\" content=\"2022-04-08T04:40:01+00:00\" \/>\n<meta property=\"og:image\" content=\"https:\/\/gentedebasquet.com.ar\/sitio\/wp-content\/uploads\/2022\/04\/Destacada-Seba.jpg\" \/>\n\t<meta property=\"og:image:width\" content=\"690\" \/>\n\t<meta property=\"og:image:height\" content=\"319\" \/>\n\t<meta property=\"og:image:type\" content=\"image\/jpeg\" \/>\n<meta name=\"author\" content=\"Gente de B\u00e1squet\" \/>\n<meta name=\"twitter:card\" content=\"summary_large_image\" \/>\n<meta name=\"twitter:label1\" content=\"Escrito por\" \/>\n\t<meta name=\"twitter:data1\" content=\"Gente de B\u00e1squet\" \/>\n\t<meta name=\"twitter:label2\" content=\"Tiempo de lectura\" \/>\n\t<meta name=\"twitter:data2\" content=\"3 minutos\" \/>\n<script type=\"application\/ld+json\" class=\"yoast-schema-graph\">{\"@context\":\"https:\\\/\\\/schema.org\",\"@graph\":[{\"@type\":\"Article\",\"@id\":\"https:\\\/\\\/gentedebasquet.com.ar\\\/sitio\\\/2022\\\/04\\\/08\\\/colorado-el-12-2\\\/#article\",\"isPartOf\":{\"@id\":\"https:\\\/\\\/gentedebasquet.com.ar\\\/sitio\\\/2022\\\/04\\\/08\\\/colorado-el-12-2\\\/\"},\"author\":{\"name\":\"Gente de B\u00e1squet\",\"@id\":\"https:\\\/\\\/gentedebasquet.com.ar\\\/sitio\\\/#\\\/schema\\\/person\\\/ca0b63bbb977369988a7bbbdc519943a\"},\"headline\":\"\u00a1Colorado el 12!\",\"datePublished\":\"2022-04-08T04:40:01+00:00\",\"mainEntityOfPage\":{\"@id\":\"https:\\\/\\\/gentedebasquet.com.ar\\\/sitio\\\/2022\\\/04\\\/08\\\/colorado-el-12-2\\\/\"},\"wordCount\":550,\"image\":{\"@id\":\"https:\\\/\\\/gentedebasquet.com.ar\\\/sitio\\\/2022\\\/04\\\/08\\\/colorado-el-12-2\\\/#primaryimage\"},\"thumbnailUrl\":\"https:\\\/\\\/gentedebasquet.com.ar\\\/sitio\\\/wp-content\\\/uploads\\\/2022\\\/04\\\/Destacada-Seba.jpg\",\"keywords\":[\"Estudiantes\",\"Jos\u00e9 Mart\u00ednez\",\"Pacifico\",\"Primera\"],\"articleSection\":[\"Primera\",\"Slide\"],\"inLanguage\":\"es\"},{\"@type\":\"WebPage\",\"@id\":\"https:\\\/\\\/gentedebasquet.com.ar\\\/sitio\\\/2022\\\/04\\\/08\\\/colorado-el-12-2\\\/\",\"url\":\"https:\\\/\\\/gentedebasquet.com.ar\\\/sitio\\\/2022\\\/04\\\/08\\\/colorado-el-12-2\\\/\",\"name\":\"\u00a1Colorado el 12! - Gente de B\u00e1squet\",\"isPartOf\":{\"@id\":\"https:\\\/\\\/gentedebasquet.com.ar\\\/sitio\\\/#website\"},\"primaryImageOfPage\":{\"@id\":\"https:\\\/\\\/gentedebasquet.com.ar\\\/sitio\\\/2022\\\/04\\\/08\\\/colorado-el-12-2\\\/#primaryimage\"},\"image\":{\"@id\":\"https:\\\/\\\/gentedebasquet.com.ar\\\/sitio\\\/2022\\\/04\\\/08\\\/colorado-el-12-2\\\/#primaryimage\"},\"thumbnailUrl\":\"https:\\\/\\\/gentedebasquet.com.ar\\\/sitio\\\/wp-content\\\/uploads\\\/2022\\\/04\\\/Destacada-Seba.jpg\",\"datePublished\":\"2022-04-08T04:40:01+00:00\",\"author\":{\"@id\":\"https:\\\/\\\/gentedebasquet.com.ar\\\/sitio\\\/#\\\/schema\\\/person\\\/ca0b63bbb977369988a7bbbdc519943a\"},\"breadcrumb\":{\"@id\":\"https:\\\/\\\/gentedebasquet.com.ar\\\/sitio\\\/2022\\\/04\\\/08\\\/colorado-el-12-2\\\/#breadcrumb\"},\"inLanguage\":\"es\",\"potentialAction\":[{\"@type\":\"ReadAction\",\"target\":[\"https:\\\/\\\/gentedebasquet.com.ar\\\/sitio\\\/2022\\\/04\\\/08\\\/colorado-el-12-2\\\/\"]}]},{\"@type\":\"ImageObject\",\"inLanguage\":\"es\",\"@id\":\"https:\\\/\\\/gentedebasquet.com.ar\\\/sitio\\\/2022\\\/04\\\/08\\\/colorado-el-12-2\\\/#primaryimage\",\"url\":\"https:\\\/\\\/gentedebasquet.com.ar\\\/sitio\\\/wp-content\\\/uploads\\\/2022\\\/04\\\/Destacada-Seba.jpg\",\"contentUrl\":\"https:\\\/\\\/gentedebasquet.com.ar\\\/sitio\\\/wp-content\\\/uploads\\\/2022\\\/04\\\/Destacada-Seba.jpg\",\"width\":690,\"height\":319},{\"@type\":\"BreadcrumbList\",\"@id\":\"https:\\\/\\\/gentedebasquet.com.ar\\\/sitio\\\/2022\\\/04\\\/08\\\/colorado-el-12-2\\\/#breadcrumb\",\"itemListElement\":[{\"@type\":\"ListItem\",\"position\":1,\"name\":\"Portada\",\"item\":\"https:\\\/\\\/gentedebasquet.com.ar\\\/sitio\\\/\"},{\"@type\":\"ListItem\",\"position\":2,\"name\":\"\u00a1Colorado el 12!\"}]},{\"@type\":\"WebSite\",\"@id\":\"https:\\\/\\\/gentedebasquet.com.ar\\\/sitio\\\/#website\",\"url\":\"https:\\\/\\\/gentedebasquet.com.ar\\\/sitio\\\/\",\"name\":\"Gente de B\u00e1squet\",\"description\":\"La revista del basquet de Bah\u00eda Blanca\",\"potentialAction\":[{\"@type\":\"SearchAction\",\"target\":{\"@type\":\"EntryPoint\",\"urlTemplate\":\"https:\\\/\\\/gentedebasquet.com.ar\\\/sitio\\\/?s={search_term_string}\"},\"query-input\":{\"@type\":\"PropertyValueSpecification\",\"valueRequired\":true,\"valueName\":\"search_term_string\"}}],\"inLanguage\":\"es\"},{\"@type\":\"Person\",\"@id\":\"https:\\\/\\\/gentedebasquet.com.ar\\\/sitio\\\/#\\\/schema\\\/person\\\/ca0b63bbb977369988a7bbbdc519943a\",\"name\":\"Gente de B\u00e1squet\",\"image\":{\"@type\":\"ImageObject\",\"inLanguage\":\"es\",\"@id\":\"https:\\\/\\\/secure.gravatar.com\\\/avatar\\\/7f2c48bdc33b30088f941fb6082e555f2874c98e20cb159d7b92b50eadfce793?s=96&d=mm&r=g\",\"url\":\"https:\\\/\\\/secure.gravatar.com\\\/avatar\\\/7f2c48bdc33b30088f941fb6082e555f2874c98e20cb159d7b92b50eadfce793?s=96&d=mm&r=g\",\"contentUrl\":\"https:\\\/\\\/secure.gravatar.com\\\/avatar\\\/7f2c48bdc33b30088f941fb6082e555f2874c98e20cb159d7b92b50eadfce793?s=96&d=mm&r=g\",\"caption\":\"Gente de B\u00e1squet\"},\"sameAs\":[\"http:\\\/\\\/gentedebasquet.com.ar\\\/sitio\"],\"url\":\"https:\\\/\\\/gentedebasquet.com.ar\\\/sitio\\\/author\\\/ulises\\\/\"}]}<\/script>\n<!-- \/ Yoast SEO plugin. -->","yoast_head_json":{"title":"\u00a1Colorado el 12! - Gente de B\u00e1squet","robots":{"index":"index","follow":"follow","max-snippet":"max-snippet:-1","max-image-preview":"max-image-preview:large","max-video-preview":"max-video-preview:-1"},"canonical":"https:\/\/gentedebasquet.com.ar\/sitio\/2022\/04\/08\/colorado-el-12-2\/","og_locale":"es_ES","og_type":"article","og_title":"\u00a1Colorado el 12! - Gente de B\u00e1squet","og_description":"En el Osvaldo Casanova se vivi\u00f3 un partido no apto para card\u00edacos. Por la vig\u00e9sima primera fecha del Torneo, Estudiantes hizo valer la local\u00eda y se qued\u00f3 con un partido muy parejo por sobre Pac\u00edfico. En los primeros minutos de juego, el \u00abverde\u00bb de calle Charlone tom\u00f3 la iniciativa del juego con buenos momentos de [&hellip;]","og_url":"https:\/\/gentedebasquet.com.ar\/sitio\/2022\/04\/08\/colorado-el-12-2\/","og_site_name":"Gente de B\u00e1squet","article_published_time":"2022-04-08T04:40:01+00:00","og_image":[{"width":690,"height":319,"url":"https:\/\/gentedebasquet.com.ar\/sitio\/wp-content\/uploads\/2022\/04\/Destacada-Seba.jpg","type":"image\/jpeg"}],"author":"Gente de B\u00e1squet","twitter_card":"summary_large_image","twitter_misc":{"Escrito por":"Gente de B\u00e1squet","Tiempo de lectura":"3 minutos"},"schema":{"@context":"https:\/\/schema.org","@graph":[{"@type":"Article","@id":"https:\/\/gentedebasquet.com.ar\/sitio\/2022\/04\/08\/colorado-el-12-2\/#article","isPartOf":{"@id":"https:\/\/gentedebasquet.com.ar\/sitio\/2022\/04\/08\/colorado-el-12-2\/"},"author":{"name":"Gente de B\u00e1squet","@id":"https:\/\/gentedebasquet.com.ar\/sitio\/#\/schema\/person\/ca0b63bbb977369988a7bbbdc519943a"},"headline":"\u00a1Colorado el 12!","datePublished":"2022-04-08T04:40:01+00:00","mainEntityOfPage":{"@id":"https:\/\/gentedebasquet.com.ar\/sitio\/2022\/04\/08\/colorado-el-12-2\/"},"wordCount":550,"image":{"@id":"https:\/\/gentedebasquet.com.ar\/sitio\/2022\/04\/08\/colorado-el-12-2\/#primaryimage"},"thumbnailUrl":"https:\/\/gentedebasquet.com.ar\/sitio\/wp-content\/uploads\/2022\/04\/Destacada-Seba.jpg","keywords":["Estudiantes","Jos\u00e9 Mart\u00ednez","Pacifico","Primera"],"articleSection":["Primera","Slide"],"inLanguage":"es"},{"@type":"WebPage","@id":"https:\/\/gentedebasquet.com.ar\/sitio\/2022\/04\/08\/colorado-el-12-2\/","url":"https:\/\/gentedebasquet.com.ar\/sitio\/2022\/04\/08\/colorado-el-12-2\/","name":"\u00a1Colorado el 12! - Gente de B\u00e1squet","isPartOf":{"@id":"https:\/\/gentedebasquet.com.ar\/sitio\/#website"},"primaryImageOfPage":{"@id":"https:\/\/gentedebasquet.com.ar\/sitio\/2022\/04\/08\/colorado-el-12-2\/#primaryimage"},"image":{"@id":"https:\/\/gentedebasquet.com.ar\/sitio\/2022\/04\/08\/colorado-el-12-2\/#primaryimage"},"thumbnailUrl":"https:\/\/gentedebasquet.com.ar\/sitio\/wp-content\/uploads\/2022\/04\/Destacada-Seba.jpg","datePublished":"2022-04-08T04:40:01+00:00","author":{"@id":"https:\/\/gentedebasquet.com.ar\/sitio\/#\/schema\/person\/ca0b63bbb977369988a7bbbdc519943a"},"breadcrumb":{"@id":"https:\/\/gentedebasquet.com.ar\/sitio\/2022\/04\/08\/colorado-el-12-2\/#breadcrumb"},"inLanguage":"es","potentialAction":[{"@type":"ReadAction","target":["https:\/\/gentedebasquet.com.ar\/sitio\/2022\/04\/08\/colorado-el-12-2\/"]}]},{"@type":"ImageObject","inLanguage":"es","@id":"https:\/\/gentedebasquet.com.ar\/sitio\/2022\/04\/08\/colorado-el-12-2\/#primaryimage","url":"https:\/\/gentedebasquet.com.ar\/sitio\/wp-content\/uploads\/2022\/04\/Destacada-Seba.jpg","contentUrl":"https:\/\/gentedebasquet.com.ar\/sitio\/wp-content\/uploads\/2022\/04\/Destacada-Seba.jpg","width":690,"height":319},{"@type":"BreadcrumbList","@id":"https:\/\/gentedebasquet.com.ar\/sitio\/2022\/04\/08\/colorado-el-12-2\/#breadcrumb","itemListElement":[{"@type":"ListItem","position":1,"name":"Portada","item":"https:\/\/gentedebasquet.com.ar\/sitio\/"},{"@type":"ListItem","position":2,"name":"\u00a1Colorado el 12!"}]},{"@type":"WebSite","@id":"https:\/\/gentedebasquet.com.ar\/sitio\/#website","url":"https:\/\/gentedebasquet.com.ar\/sitio\/","name":"Gente de B\u00e1squet","description":"La revista del basquet de Bah\u00eda Blanca","potentialAction":[{"@type":"SearchAction","target":{"@type":"EntryPoint","urlTemplate":"https:\/\/gentedebasquet.com.ar\/sitio\/?s={search_term_string}"},"query-input":{"@type":"PropertyValueSpecification","valueRequired":true,"valueName":"search_term_string"}}],"inLanguage":"es"},{"@type":"Person","@id":"https:\/\/gentedebasquet.com.ar\/sitio\/#\/schema\/person\/ca0b63bbb977369988a7bbbdc519943a","name":"Gente de B\u00e1squet","image":{"@type":"ImageObject","inLanguage":"es","@id":"https:\/\/secure.gravatar.com\/avatar\/7f2c48bdc33b30088f941fb6082e555f2874c98e20cb159d7b92b50eadfce793?s=96&d=mm&r=g","url":"https:\/\/secure.gravatar.com\/avatar\/7f2c48bdc33b30088f941fb6082e555f2874c98e20cb159d7b92b50eadfce793?s=96&d=mm&r=g","contentUrl":"https:\/\/secure.gravatar.com\/avatar\/7f2c48bdc33b30088f941fb6082e555f2874c98e20cb159d7b92b50eadfce793?s=96&d=mm&r=g","caption":"Gente de B\u00e1squet"},"sameAs":["http:\/\/gentedebasquet.com.ar\/sitio"],"url":"https:\/\/gentedebasquet.com.ar\/sitio\/author\/ulises\/"}]}},"_links":{"self":[{"href":"https:\/\/gentedebasquet.com.ar\/sitio\/wp-json\/wp\/v2\/posts\/102472","targetHints":{"allow":["GET"]}}],"collection":[{"href":"https:\/\/gentedebasquet.com.ar\/sitio\/wp-json\/wp\/v2\/posts"}],"about":[{"href":"https:\/\/gentedebasquet.com.ar\/sitio\/wp-json\/wp\/v2\/types\/post"}],"author":[{"embeddable":true,"href":"https:\/\/gentedebasquet.com.ar\/sitio\/wp-json\/wp\/v2\/users\/1"}],"replies":[{"embeddable":true,"href":"https:\/\/gentedebasquet.com.ar\/sitio\/wp-json\/wp\/v2\/comments?post=102472"}],"version-history":[{"count":0,"href":"https:\/\/gentedebasquet.com.ar\/sitio\/wp-json\/wp\/v2\/posts\/102472\/revisions"}],"wp:featuredmedia":[{"embeddable":true,"href":"https:\/\/gentedebasquet.com.ar\/sitio\/wp-json\/wp\/v2\/media\/102492"}],"wp:attachment":[{"href":"https:\/\/gentedebasquet.com.ar\/sitio\/wp-json\/wp\/v2\/media?parent=102472"}],"wp:term":[{"taxonomy":"category","embeddable":true,"href":"https:\/\/gentedebasquet.com.ar\/sitio\/wp-json\/wp\/v2\/categories?post=102472"},{"taxonomy":"post_tag","embeddable":true,"href":"https:\/\/gentedebasquet.com.ar\/sitio\/wp-json\/wp\/v2\/tags?post=102472"}],"curies":[{"name":"wp","href":"https:\/\/api.w.org\/{rel}","templated":true}]}}