{"id":102917,"date":"2022-06-09T11:44:00","date_gmt":"2022-06-09T14:44:00","guid":{"rendered":"http:\/\/www.gentedebasquet.com.ar\/?p=102917"},"modified":"2022-06-09T11:44:00","modified_gmt":"2022-06-09T14:44:00","slug":"elegi-a-los-mejores-de-la-temporada","status":"publish","type":"post","link":"https:\/\/gentedebasquet.com.ar\/sitio\/2022\/06\/09\/elegi-a-los-mejores-de-la-temporada\/","title":{"rendered":"\u00a1Eleg\u00ed a los mejores de la temporada!"},"content":{"rendered":"\n<p><strong>Como cada a\u00f1o, la gente de b\u00e1squet podr\u00e1 elegir a los mejores de la temporada 2021\/2022 en cada puesto de las categor\u00edas mayores.<\/strong><\/p>\n\n\n\n<p><strong>Posici\u00f3n por posici\u00f3n, hasta el entrenador, el MVP y la revelaci\u00f3n en Primera y en Segunda Divisi\u00f3n m\u00e1s el mejor equipo de la primera divisi\u00f3n en la rama Femenina.<\/strong><\/p>\n\n\n\n<p><strong>\u00bfRecord\u00e1s <a href=\"http:\/\/www.gentedebasquet.com.ar\/ya-estan-los-elegidos-5\/\" target=\"_blank\" rel=\"noreferrer noopener\">qui\u00e9nes ganaron en 2019<\/a>? \u00bfY en <a href=\"http:\/\/www.gentedebasquet.com.ar\/ya-estan-los-elegidos-4\/\">2018<\/a>? \u00bf<a rel=\"noreferrer noopener\" href=\"http:\/\/www.gentedebasquet.com.ar\/ya-estan-los-elegidos-3\/\" target=\"_blank\">En 2017<\/a>? \u00bfEn <a rel=\"noreferrer noopener\" href=\"http:\/\/www.gentedebasquet.com.ar\/ya-estan-los-elegidos-2\/\" target=\"_blank\">2016<\/a>?&nbsp;\u00bfEn <a rel=\"noreferrer noopener\" href=\"http:\/\/www.gentedebasquet.com.ar\/ya-estan-los-elegidos\/\" target=\"_blank\">2015<\/a>? \u00bfY en <a rel=\"noreferrer noopener\" href=\"http:\/\/www.gentedebasquet.com.ar\/ya-estan-los-mejores-3\/\" target=\"_blank\">2014<\/a>? \u00bfY los elegidos en <a rel=\"noreferrer noopener\" href=\"http:\/\/www.gentedebasquet.com.ar\/ya-estan-los-mejores-2\/\" target=\"_blank\">2013<\/a>?<\/strong><\/p>\n\n\n\n<p><strong>\u00a1A participar!<\/strong><\/p>\n\n\n\n<div class=\"wp-block-contact-form-7-contact-form-selector\"><p class=\"wpcf7-contact-form-not-found\"><strong>Error:<\/strong> Formulario de contacto no encontrado.<\/p><\/div>\n","protected":false},"excerpt":{"rendered":"<p>Como cada a\u00f1o, la gente de b\u00e1squet podr\u00e1 elegir a los mejores de la temporada 2021\/2022 en cada puesto de las categor\u00edas mayores. Posici\u00f3n por posici\u00f3n, hasta el entrenador, el MVP y la revelaci\u00f3n en Primera y en Segunda Divisi\u00f3n m\u00e1s el mejor equipo de la primera divisi\u00f3n en la rama Femenina. \u00bfRecord\u00e1s qui\u00e9nes ganaron [&hellip;]<\/p>\n","protected":false},"author":1,"featured_media":90203,"comment_status":"closed","ping_status":"open","sticky":true,"template":"","format":"standard","meta":{"jnews-multi-image_gallery":[],"jnews_single_post":[],"jnews_primary_category":[],"footnotes":""},"categories":[24,101],"tags":[103],"class_list":["post-102917","post","type-post","status-publish","format-standard","has-post-thumbnail","hentry","category-overtime","category-slide","tag-quintetos-ideales"],"yoast_head":"<!-- This site is optimized with the Yoast SEO plugin v27.5 - https:\/\/yoast.com\/product\/yoast-seo-wordpress\/ -->\n<title>\u00a1Eleg\u00ed a los mejores de la temporada! - Gente de B\u00e1squet<\/title>\n<meta name=\"robots\" content=\"index, follow, max-snippet:-1, max-image-preview:large, max-video-preview:-1\" \/>\n<link rel=\"canonical\" href=\"https:\/\/gentedebasquet.com.ar\/sitio\/2022\/06\/09\/elegi-a-los-mejores-de-la-temporada\/\" \/>\n<meta property=\"og:locale\" content=\"es_ES\" \/>\n<meta property=\"og:type\" content=\"article\" \/>\n<meta property=\"og:title\" content=\"\u00a1Eleg\u00ed a los mejores de la temporada! - Gente de B\u00e1squet\" \/>\n<meta property=\"og:description\" content=\"Como cada a\u00f1o, la gente de b\u00e1squet podr\u00e1 elegir a los mejores de la temporada 2021\/2022 en cada puesto de las categor\u00edas mayores. Posici\u00f3n por posici\u00f3n, hasta el entrenador, el MVP y la revelaci\u00f3n en Primera y en Segunda Divisi\u00f3n m\u00e1s el mejor equipo de la primera divisi\u00f3n en la rama Femenina. \u00bfRecord\u00e1s qui\u00e9nes ganaron [&hellip;]\" \/>\n<meta property=\"og:url\" content=\"https:\/\/gentedebasquet.com.ar\/sitio\/2022\/06\/09\/elegi-a-los-mejores-de-la-temporada\/\" \/>\n<meta property=\"og:site_name\" content=\"Gente de B\u00e1squet\" \/>\n<meta property=\"article:published_time\" content=\"2022-06-09T14:44:00+00:00\" \/>\n<meta property=\"og:image\" content=\"https:\/\/gentedebasquet.com.ar\/sitio\/wp-content\/uploads\/2018\/12\/DSC0132b.jpg\" \/>\n\t<meta property=\"og:image:width\" content=\"690\" \/>\n\t<meta property=\"og:image:height\" content=\"319\" \/>\n\t<meta property=\"og:image:type\" content=\"image\/jpeg\" \/>\n<meta name=\"author\" content=\"Gente de B\u00e1squet\" \/>\n<meta name=\"twitter:card\" content=\"summary_large_image\" \/>\n<meta name=\"twitter:label1\" content=\"Escrito por\" \/>\n\t<meta name=\"twitter:data1\" content=\"Gente de B\u00e1squet\" \/>\n<script type=\"application\/ld+json\" class=\"yoast-schema-graph\">{\"@context\":\"https:\\\/\\\/schema.org\",\"@graph\":[{\"@type\":\"Article\",\"@id\":\"https:\\\/\\\/gentedebasquet.com.ar\\\/sitio\\\/2022\\\/06\\\/09\\\/elegi-a-los-mejores-de-la-temporada\\\/#article\",\"isPartOf\":{\"@id\":\"https:\\\/\\\/gentedebasquet.com.ar\\\/sitio\\\/2022\\\/06\\\/09\\\/elegi-a-los-mejores-de-la-temporada\\\/\"},\"author\":{\"name\":\"Gente de B\u00e1squet\",\"@id\":\"https:\\\/\\\/gentedebasquet.com.ar\\\/sitio\\\/#\\\/schema\\\/person\\\/ca0b63bbb977369988a7bbbdc519943a\"},\"headline\":\"\u00a1Eleg\u00ed a los mejores de la temporada!\",\"datePublished\":\"2022-06-09T14:44:00+00:00\",\"mainEntityOfPage\":{\"@id\":\"https:\\\/\\\/gentedebasquet.com.ar\\\/sitio\\\/2022\\\/06\\\/09\\\/elegi-a-los-mejores-de-la-temporada\\\/\"},\"wordCount\":92,\"image\":{\"@id\":\"https:\\\/\\\/gentedebasquet.com.ar\\\/sitio\\\/2022\\\/06\\\/09\\\/elegi-a-los-mejores-de-la-temporada\\\/#primaryimage\"},\"thumbnailUrl\":\"https:\\\/\\\/gentedebasquet.com.ar\\\/sitio\\\/wp-content\\\/uploads\\\/2018\\\/12\\\/DSC0132b.jpg\",\"keywords\":[\"Quintetos Ideales\"],\"articleSection\":[\"#Overtime\",\"Slide\"],\"inLanguage\":\"es\"},{\"@type\":\"WebPage\",\"@id\":\"https:\\\/\\\/gentedebasquet.com.ar\\\/sitio\\\/2022\\\/06\\\/09\\\/elegi-a-los-mejores-de-la-temporada\\\/\",\"url\":\"https:\\\/\\\/gentedebasquet.com.ar\\\/sitio\\\/2022\\\/06\\\/09\\\/elegi-a-los-mejores-de-la-temporada\\\/\",\"name\":\"\u00a1Eleg\u00ed a los mejores de la temporada! - Gente de B\u00e1squet\",\"isPartOf\":{\"@id\":\"https:\\\/\\\/gentedebasquet.com.ar\\\/sitio\\\/#website\"},\"primaryImageOfPage\":{\"@id\":\"https:\\\/\\\/gentedebasquet.com.ar\\\/sitio\\\/2022\\\/06\\\/09\\\/elegi-a-los-mejores-de-la-temporada\\\/#primaryimage\"},\"image\":{\"@id\":\"https:\\\/\\\/gentedebasquet.com.ar\\\/sitio\\\/2022\\\/06\\\/09\\\/elegi-a-los-mejores-de-la-temporada\\\/#primaryimage\"},\"thumbnailUrl\":\"https:\\\/\\\/gentedebasquet.com.ar\\\/sitio\\\/wp-content\\\/uploads\\\/2018\\\/12\\\/DSC0132b.jpg\",\"datePublished\":\"2022-06-09T14:44:00+00:00\",\"author\":{\"@id\":\"https:\\\/\\\/gentedebasquet.com.ar\\\/sitio\\\/#\\\/schema\\\/person\\\/ca0b63bbb977369988a7bbbdc519943a\"},\"breadcrumb\":{\"@id\":\"https:\\\/\\\/gentedebasquet.com.ar\\\/sitio\\\/2022\\\/06\\\/09\\\/elegi-a-los-mejores-de-la-temporada\\\/#breadcrumb\"},\"inLanguage\":\"es\",\"potentialAction\":[{\"@type\":\"ReadAction\",\"target\":[\"https:\\\/\\\/gentedebasquet.com.ar\\\/sitio\\\/2022\\\/06\\\/09\\\/elegi-a-los-mejores-de-la-temporada\\\/\"]}]},{\"@type\":\"ImageObject\",\"inLanguage\":\"es\",\"@id\":\"https:\\\/\\\/gentedebasquet.com.ar\\\/sitio\\\/2022\\\/06\\\/09\\\/elegi-a-los-mejores-de-la-temporada\\\/#primaryimage\",\"url\":\"https:\\\/\\\/gentedebasquet.com.ar\\\/sitio\\\/wp-content\\\/uploads\\\/2018\\\/12\\\/DSC0132b.jpg\",\"contentUrl\":\"https:\\\/\\\/gentedebasquet.com.ar\\\/sitio\\\/wp-content\\\/uploads\\\/2018\\\/12\\\/DSC0132b.jpg\",\"width\":690,\"height\":319},{\"@type\":\"BreadcrumbList\",\"@id\":\"https:\\\/\\\/gentedebasquet.com.ar\\\/sitio\\\/2022\\\/06\\\/09\\\/elegi-a-los-mejores-de-la-temporada\\\/#breadcrumb\",\"itemListElement\":[{\"@type\":\"ListItem\",\"position\":1,\"name\":\"Portada\",\"item\":\"https:\\\/\\\/gentedebasquet.com.ar\\\/sitio\\\/\"},{\"@type\":\"ListItem\",\"position\":2,\"name\":\"\u00a1Eleg\u00ed a los mejores de la temporada!\"}]},{\"@type\":\"WebSite\",\"@id\":\"https:\\\/\\\/gentedebasquet.com.ar\\\/sitio\\\/#website\",\"url\":\"https:\\\/\\\/gentedebasquet.com.ar\\\/sitio\\\/\",\"name\":\"Gente de B\u00e1squet\",\"description\":\"La revista del basquet de Bah\u00eda Blanca\",\"potentialAction\":[{\"@type\":\"SearchAction\",\"target\":{\"@type\":\"EntryPoint\",\"urlTemplate\":\"https:\\\/\\\/gentedebasquet.com.ar\\\/sitio\\\/?s={search_term_string}\"},\"query-input\":{\"@type\":\"PropertyValueSpecification\",\"valueRequired\":true,\"valueName\":\"search_term_string\"}}],\"inLanguage\":\"es\"},{\"@type\":\"Person\",\"@id\":\"https:\\\/\\\/gentedebasquet.com.ar\\\/sitio\\\/#\\\/schema\\\/person\\\/ca0b63bbb977369988a7bbbdc519943a\",\"name\":\"Gente de B\u00e1squet\",\"image\":{\"@type\":\"ImageObject\",\"inLanguage\":\"es\",\"@id\":\"https:\\\/\\\/secure.gravatar.com\\\/avatar\\\/7f2c48bdc33b30088f941fb6082e555f2874c98e20cb159d7b92b50eadfce793?s=96&d=mm&r=g\",\"url\":\"https:\\\/\\\/secure.gravatar.com\\\/avatar\\\/7f2c48bdc33b30088f941fb6082e555f2874c98e20cb159d7b92b50eadfce793?s=96&d=mm&r=g\",\"contentUrl\":\"https:\\\/\\\/secure.gravatar.com\\\/avatar\\\/7f2c48bdc33b30088f941fb6082e555f2874c98e20cb159d7b92b50eadfce793?s=96&d=mm&r=g\",\"caption\":\"Gente de B\u00e1squet\"},\"sameAs\":[\"http:\\\/\\\/gentedebasquet.com.ar\\\/sitio\"],\"url\":\"https:\\\/\\\/gentedebasquet.com.ar\\\/sitio\\\/author\\\/ulises\\\/\"}]}<\/script>\n<!-- \/ Yoast SEO plugin. -->","yoast_head_json":{"title":"\u00a1Eleg\u00ed a los mejores de la temporada! - Gente de B\u00e1squet","robots":{"index":"index","follow":"follow","max-snippet":"max-snippet:-1","max-image-preview":"max-image-preview:large","max-video-preview":"max-video-preview:-1"},"canonical":"https:\/\/gentedebasquet.com.ar\/sitio\/2022\/06\/09\/elegi-a-los-mejores-de-la-temporada\/","og_locale":"es_ES","og_type":"article","og_title":"\u00a1Eleg\u00ed a los mejores de la temporada! - Gente de B\u00e1squet","og_description":"Como cada a\u00f1o, la gente de b\u00e1squet podr\u00e1 elegir a los mejores de la temporada 2021\/2022 en cada puesto de las categor\u00edas mayores. Posici\u00f3n por posici\u00f3n, hasta el entrenador, el MVP y la revelaci\u00f3n en Primera y en Segunda Divisi\u00f3n m\u00e1s el mejor equipo de la primera divisi\u00f3n en la rama Femenina. \u00bfRecord\u00e1s qui\u00e9nes ganaron [&hellip;]","og_url":"https:\/\/gentedebasquet.com.ar\/sitio\/2022\/06\/09\/elegi-a-los-mejores-de-la-temporada\/","og_site_name":"Gente de B\u00e1squet","article_published_time":"2022-06-09T14:44:00+00:00","og_image":[{"width":690,"height":319,"url":"https:\/\/gentedebasquet.com.ar\/sitio\/wp-content\/uploads\/2018\/12\/DSC0132b.jpg","type":"image\/jpeg"}],"author":"Gente de B\u00e1squet","twitter_card":"summary_large_image","twitter_misc":{"Escrito por":"Gente de B\u00e1squet"},"schema":{"@context":"https:\/\/schema.org","@graph":[{"@type":"Article","@id":"https:\/\/gentedebasquet.com.ar\/sitio\/2022\/06\/09\/elegi-a-los-mejores-de-la-temporada\/#article","isPartOf":{"@id":"https:\/\/gentedebasquet.com.ar\/sitio\/2022\/06\/09\/elegi-a-los-mejores-de-la-temporada\/"},"author":{"name":"Gente de B\u00e1squet","@id":"https:\/\/gentedebasquet.com.ar\/sitio\/#\/schema\/person\/ca0b63bbb977369988a7bbbdc519943a"},"headline":"\u00a1Eleg\u00ed a los mejores de la temporada!","datePublished":"2022-06-09T14:44:00+00:00","mainEntityOfPage":{"@id":"https:\/\/gentedebasquet.com.ar\/sitio\/2022\/06\/09\/elegi-a-los-mejores-de-la-temporada\/"},"wordCount":92,"image":{"@id":"https:\/\/gentedebasquet.com.ar\/sitio\/2022\/06\/09\/elegi-a-los-mejores-de-la-temporada\/#primaryimage"},"thumbnailUrl":"https:\/\/gentedebasquet.com.ar\/sitio\/wp-content\/uploads\/2018\/12\/DSC0132b.jpg","keywords":["Quintetos Ideales"],"articleSection":["#Overtime","Slide"],"inLanguage":"es"},{"@type":"WebPage","@id":"https:\/\/gentedebasquet.com.ar\/sitio\/2022\/06\/09\/elegi-a-los-mejores-de-la-temporada\/","url":"https:\/\/gentedebasquet.com.ar\/sitio\/2022\/06\/09\/elegi-a-los-mejores-de-la-temporada\/","name":"\u00a1Eleg\u00ed a los mejores de la temporada! - Gente de B\u00e1squet","isPartOf":{"@id":"https:\/\/gentedebasquet.com.ar\/sitio\/#website"},"primaryImageOfPage":{"@id":"https:\/\/gentedebasquet.com.ar\/sitio\/2022\/06\/09\/elegi-a-los-mejores-de-la-temporada\/#primaryimage"},"image":{"@id":"https:\/\/gentedebasquet.com.ar\/sitio\/2022\/06\/09\/elegi-a-los-mejores-de-la-temporada\/#primaryimage"},"thumbnailUrl":"https:\/\/gentedebasquet.com.ar\/sitio\/wp-content\/uploads\/2018\/12\/DSC0132b.jpg","datePublished":"2022-06-09T14:44:00+00:00","author":{"@id":"https:\/\/gentedebasquet.com.ar\/sitio\/#\/schema\/person\/ca0b63bbb977369988a7bbbdc519943a"},"breadcrumb":{"@id":"https:\/\/gentedebasquet.com.ar\/sitio\/2022\/06\/09\/elegi-a-los-mejores-de-la-temporada\/#breadcrumb"},"inLanguage":"es","potentialAction":[{"@type":"ReadAction","target":["https:\/\/gentedebasquet.com.ar\/sitio\/2022\/06\/09\/elegi-a-los-mejores-de-la-temporada\/"]}]},{"@type":"ImageObject","inLanguage":"es","@id":"https:\/\/gentedebasquet.com.ar\/sitio\/2022\/06\/09\/elegi-a-los-mejores-de-la-temporada\/#primaryimage","url":"https:\/\/gentedebasquet.com.ar\/sitio\/wp-content\/uploads\/2018\/12\/DSC0132b.jpg","contentUrl":"https:\/\/gentedebasquet.com.ar\/sitio\/wp-content\/uploads\/2018\/12\/DSC0132b.jpg","width":690,"height":319},{"@type":"BreadcrumbList","@id":"https:\/\/gentedebasquet.com.ar\/sitio\/2022\/06\/09\/elegi-a-los-mejores-de-la-temporada\/#breadcrumb","itemListElement":[{"@type":"ListItem","position":1,"name":"Portada","item":"https:\/\/gentedebasquet.com.ar\/sitio\/"},{"@type":"ListItem","position":2,"name":"\u00a1Eleg\u00ed a los mejores de la temporada!"}]},{"@type":"WebSite","@id":"https:\/\/gentedebasquet.com.ar\/sitio\/#website","url":"https:\/\/gentedebasquet.com.ar\/sitio\/","name":"Gente de B\u00e1squet","description":"La revista del basquet de Bah\u00eda Blanca","potentialAction":[{"@type":"SearchAction","target":{"@type":"EntryPoint","urlTemplate":"https:\/\/gentedebasquet.com.ar\/sitio\/?s={search_term_string}"},"query-input":{"@type":"PropertyValueSpecification","valueRequired":true,"valueName":"search_term_string"}}],"inLanguage":"es"},{"@type":"Person","@id":"https:\/\/gentedebasquet.com.ar\/sitio\/#\/schema\/person\/ca0b63bbb977369988a7bbbdc519943a","name":"Gente de B\u00e1squet","image":{"@type":"ImageObject","inLanguage":"es","@id":"https:\/\/secure.gravatar.com\/avatar\/7f2c48bdc33b30088f941fb6082e555f2874c98e20cb159d7b92b50eadfce793?s=96&d=mm&r=g","url":"https:\/\/secure.gravatar.com\/avatar\/7f2c48bdc33b30088f941fb6082e555f2874c98e20cb159d7b92b50eadfce793?s=96&d=mm&r=g","contentUrl":"https:\/\/secure.gravatar.com\/avatar\/7f2c48bdc33b30088f941fb6082e555f2874c98e20cb159d7b92b50eadfce793?s=96&d=mm&r=g","caption":"Gente de B\u00e1squet"},"sameAs":["http:\/\/gentedebasquet.com.ar\/sitio"],"url":"https:\/\/gentedebasquet.com.ar\/sitio\/author\/ulises\/"}]}},"_links":{"self":[{"href":"https:\/\/gentedebasquet.com.ar\/sitio\/wp-json\/wp\/v2\/posts\/102917","targetHints":{"allow":["GET"]}}],"collection":[{"href":"https:\/\/gentedebasquet.com.ar\/sitio\/wp-json\/wp\/v2\/posts"}],"about":[{"href":"https:\/\/gentedebasquet.com.ar\/sitio\/wp-json\/wp\/v2\/types\/post"}],"author":[{"embeddable":true,"href":"https:\/\/gentedebasquet.com.ar\/sitio\/wp-json\/wp\/v2\/users\/1"}],"replies":[{"embeddable":true,"href":"https:\/\/gentedebasquet.com.ar\/sitio\/wp-json\/wp\/v2\/comments?post=102917"}],"version-history":[{"count":0,"href":"https:\/\/gentedebasquet.com.ar\/sitio\/wp-json\/wp\/v2\/posts\/102917\/revisions"}],"wp:featuredmedia":[{"embeddable":true,"href":"https:\/\/gentedebasquet.com.ar\/sitio\/wp-json\/wp\/v2\/media\/90203"}],"wp:attachment":[{"href":"https:\/\/gentedebasquet.com.ar\/sitio\/wp-json\/wp\/v2\/media?parent=102917"}],"wp:term":[{"taxonomy":"category","embeddable":true,"href":"https:\/\/gentedebasquet.com.ar\/sitio\/wp-json\/wp\/v2\/categories?post=102917"},{"taxonomy":"post_tag","embeddable":true,"href":"https:\/\/gentedebasquet.com.ar\/sitio\/wp-json\/wp\/v2\/tags?post=102917"}],"curies":[{"name":"wp","href":"https:\/\/api.w.org\/{rel}","templated":true}]}}