{"id":102926,"date":"2022-05-10T02:11:04","date_gmt":"2022-05-10T05:11:04","guid":{"rendered":"https:\/\/www.gentedebasquet.com.ar\/?p=102926"},"modified":"2022-05-10T02:11:04","modified_gmt":"2022-05-10T05:11:04","slug":"el-verde-manoteo-el-primero","status":"publish","type":"post","link":"https:\/\/gentedebasquet.com.ar\/sitio\/2022\/05\/10\/el-verde-manoteo-el-primero\/","title":{"rendered":"El verde manote\u00f3 el primero"},"content":{"rendered":"\n<p><strong>Lo que no tuvo de buen juego el desarrollo de partido, se reemplaz\u00f3 con lo emotivo y vibrante. Reci\u00e9n en tiempo suplementario hubo un ganador. Ese fue Pac\u00edfico, que como visitante, se adelant\u00f3 en la serie por la permanencia. Derrot\u00f3 por 76 a 73 a 9 de Julio, tras igualar en los 40 minutos en 62 puntos.<\/strong><\/p>\n\n\n\n<p><strong>Poco b\u00e1squet pudimos ver. Por un lado, es entendible. Dos equipos muy irregulares, que se est\u00e1n jugando cosas muy importantes. Clima caliente en el campo de juego y en las tribunas de un N\u00e9stor Damiani colmado.<\/strong> <\/p>\n\n\n\n<p><strong>El primero en zarpar fue el verde (0-6), con un bombazo de Sacomani y Leal. El local pudo abrir el marcador, tras 3 min y medio, justamente con un triple de Paredes. Era en ambos su principal arma. Pero, 9 de Julio supo agregarle otra variante a sus ataques. <\/strong><\/p>\n\n\n\n<p><strong>Con Pordomingo atacando el aro (7) y un buen pasaje de Vasconcelo (4), fue de menor a mayor, para cerrar el primer cuarto arriba 22-18. Por su parte, el visitante abus\u00f3 en lanzar de lejos, al no encontrar alternativas en la pintura.<\/strong> <\/p>\n\n\n\n<p><strong>El segundo periodo fue similar al primero, en cuanto al dominio. No en el como. El verde carg\u00f3 el tablero con varios rebotes en ataque y Iannamico decidi\u00f3 poner un equipo m\u00e1s din\u00e1mico, que pudo correr la cancha en un par de oportunidades (24-27).<\/strong><\/p>\n\n\n\n<p><strong>Aunque, Fausto Vasconcelo puso orden en la pintura. Ahora, \u00e9l baj\u00f3 rebotes (5) y sum\u00f3 puntos (5). Adem\u00e1s, un triple de Turcato, le dio nuevamente la ventaja al local, de cara al descanso: 40-35.<\/strong><\/p>\n\n\n\n<p><strong>Lleg\u00f3 a sacar la m\u00e1xima del partido Nueve, en dos oportunidades (45-36 \/ 48-39), por intermedio de los triples. Luego de que Pac\u00edfico tire en el cuarto 0\/4 t3, Olivera desterr\u00f3 la mufa y fue el puntapi\u00e9 de la remontada. Ya con ambos equipos en penalizaci\u00f3n, el partido pas\u00f3 mucho por la l\u00ednea.<\/strong><\/p>\n\n\n\n<p>E<strong>n el visitante, empez\u00f3 a tener m\u00e1s peso y protagonismo Pomar Garbarino. Sac\u00f3 varias faltas y eso que no fue del todo efectivo en la l\u00ednea (4\/8). De repente, el equipo de Larrasolo se mare\u00f3. Entr\u00f3 en un t\u00fanel sin salida. Realiz\u00f3 5 p\u00e9rdidas casi en continuado y estuvo 4 min sin anotar de campo. As\u00ed, el visitante achic\u00f3 y se puso a 3 unidades: 52-49.<\/strong><\/p>\n\n\n\n<p><strong>Faltaban 4 min para que termine el \u00faltimo segmento y el parcial era solamente de 5-6 (57-55). Eso demuestra lo err\u00e1tico e impreciso que era el tr\u00e1mite. Obviamente, los nervios y la presi\u00f3n jugaban su papel. Esa peque\u00f1a ventaja, la iba a estirar a 60-55 el conjunto local, con 2 min y medio por jugar. All\u00ed, fue importante lo de Lorenzo<\/strong>. <\/p>\n\n\n\n<p><strong>Pero no la supo aprovechar. El karma de las p\u00e9rdidas volvi\u00f3 a aparecer (6) y el visitante empuj\u00f3. Salvatori, que estuvo todo el 3C en el banco con 3 faltas, tuvo la responsabilidad en la l\u00ednea de empatar el juego y no le pes\u00f3 para nada. Y eso que su equipo no ven\u00eda fino. 62-60, con 15 seg por jugar y lo que mencion\u00e1bamos. Los dos libres adentro. Despu\u00e9s, Turcato err\u00f3 la \u00faltima pelota. A suplementario.<\/strong><\/p>\n\n\n\n<p><strong>Con el envi\u00f3n, el visitante fue mucho m\u00e1s y lo ratific\u00f3. Incluso en estos 5 minutos marc\u00f3 17 pts y en el 4C solo meti\u00f3 13. \u00bfC\u00f3mo lo hizo? mediante los triples. Comentamos que hab\u00eda lanzado cualquier cantidad y sin resultado. Bueno, finalmente termin\u00f3 siendo el regalo m\u00e1s lindo para Pac\u00edfico<\/strong> <strong>(termin\u00f3 con 7\/29).<\/strong><\/p>\n\n\n\n<p><strong>Primero fue Branco y luego el puntaltense Sacomani en dos oportunidades seguidas (69-74), para levantar a su gente.<\/strong> <strong>El local no se rindi\u00f3 y se puso 73-76, con 35 seg. Pero, el verde estir\u00f3 su ofensiva y llev\u00f3 la pelota a Pomar, que en el uno contra uno, le gan\u00f3 a Lorenzo para convertir una bandeja matadora.<\/strong><\/p>\n\n\n\n<figure class=\"wp-block-image\"><img decoding=\"async\" src=\"http:\/\/www.gentedebasquet.com.ar\/wp-content\/uploads\/2022\/03\/Gif-Publicidades-1.gif\" alt=\"La imagen tiene un atributo ALT vac\u00edo; su nombre de archivo es Gif-Publicidades-1.gif\"\/><\/figure>\n\n\n\n<figure class=\"wp-block-embed is-type-rich is-provider-gestor-del-servicio wp-block-embed-gestor-del-servicio wp-embed-aspect-16-9 wp-has-aspect-ratio\"><div class=\"wp-block-embed__wrapper\">\nhttps:\/\/youtube.com\/watch?v=VW8E-fykjYw\n<\/div><\/figure>\n\n\n\n<figure class=\"wp-block-image\"><img decoding=\"async\" src=\"http:\/\/www.gentedebasquet.com.ar\/wp-content\/uploads\/2022\/03\/Gif-Publicidades-2.gif\" alt=\"La imagen tiene un atributo ALT vac\u00edo; su nombre de archivo es Gif-Publicidades-2.gif\"\/><\/figure>\n\n\n\n<figure class=\"wp-block-image size-large\"><a href=\"https:\/\/www.gentedebasquet.com.ar\/wp-content\/uploads\/2022\/05\/MVP-8.jpg\"><img decoding=\"async\" width=\"1024\" height=\"1024\" src=\"https:\/\/www.gentedebasquet.com.ar\/wp-content\/uploads\/2022\/05\/MVP-8-1024x1024.jpg\" alt=\"\" class=\"wp-image-102938\" srcset=\"https:\/\/gentedebasquet.com.ar\/sitio\/wp-content\/uploads\/2022\/05\/MVP-8-1024x1024.jpg 1024w, https:\/\/gentedebasquet.com.ar\/sitio\/wp-content\/uploads\/2022\/05\/MVP-8-300x300.jpg 300w, https:\/\/gentedebasquet.com.ar\/sitio\/wp-content\/uploads\/2022\/05\/MVP-8-150x150.jpg 150w, https:\/\/gentedebasquet.com.ar\/sitio\/wp-content\/uploads\/2022\/05\/MVP-8-768x768.jpg 768w, https:\/\/gentedebasquet.com.ar\/sitio\/wp-content\/uploads\/2022\/05\/MVP-8-1536x1536.jpg 1536w, https:\/\/gentedebasquet.com.ar\/sitio\/wp-content\/uploads\/2022\/05\/MVP-8.jpg 2000w\" sizes=\"(max-width: 1024px) 100vw, 1024px\" \/><\/a><\/figure>\n\n\n\n<figure class=\"wp-block-image size-full\"><a href=\"https:\/\/www.gentedebasquet.com.ar\/wp-content\/uploads\/2022\/05\/Sacomani.jpg\"><img decoding=\"async\" width=\"680\" height=\"480\" src=\"https:\/\/www.gentedebasquet.com.ar\/wp-content\/uploads\/2022\/05\/Sacomani.jpg\" alt=\"\" class=\"wp-image-102939\" srcset=\"https:\/\/gentedebasquet.com.ar\/sitio\/wp-content\/uploads\/2022\/05\/Sacomani.jpg 680w, https:\/\/gentedebasquet.com.ar\/sitio\/wp-content\/uploads\/2022\/05\/Sacomani-300x212.jpg 300w\" sizes=\"(max-width: 680px) 100vw, 680px\" \/><\/a><\/figure>\n\n\n\n<p>\u00a8Fue un partido muy complicado, hacia mucho que no gan\u00e1bamos. Lo necesit\u00e1bamos m\u00e1s que nunca. Por suerte, se nos dio en el final. Va a ser una serie muy disputada y pareja. Ven\u00eda de tirar un triple que no hab\u00eda tocado ni el aro, pero despu\u00e9s entraron los que ten\u00edan que entrar. Esta cancha es muy chica, no pudimos correr, no te deja la cancha. La nuestra es m\u00e1s grande y eso seguro que lo vamos a aprovechar\u00a8 <strong>Bruno Sacomani, jugador de Pac\u00edfico.<\/strong><\/p>\n\n\n\n<figure class=\"wp-block-image\"><img decoding=\"async\" src=\"http:\/\/www.gentedebasquet.com.ar\/wp-content\/uploads\/2022\/03\/Gif-Publicidades-3.gif\" alt=\"La imagen tiene un atributo ALT vac\u00edo; su nombre de archivo es Gif-Publicidades-3.gif\"\/><\/figure>\n\n\n\n<p><strong>S\u00edntesis<\/strong> &#8211; Primera &#8211; Permanencia &#8211; Juego #1<\/p>\n\n\n\n<p><strong>9 de Julio 76:<\/strong> Ezequiel Pordomingo 15, Emanuel Paredes 18 (x), Juli\u00e1n Turcato 14, Fausto Vasconcelo 12, Ramiro Lorenzo 12 (FI); Santiago Boy\u00e9 2, Francisco Anaya 3, Rodrigo Blanco 0, Fernando Pe\u00f1alver 0, Manuel Costa 0 y Emilio Boy\u00e9 0. DT: Andr\u00e9s Larrasolo.<\/p>\n\n\n\n<p><strong>Pac\u00edfico 79:<\/strong> Branco Salvatori 16, Marcos Leal 6, Bruno Sacomani 14, Bautista Olivera 10, Pomar Garbarino 15 (FI); Nicol\u00e1s S\u00e1nchez 7, Emanuel Kloster 4, Mat\u00edas Ponzoni 7, Gianni Nicotra 0 y Sebasti\u00e1n Far\u00edas 0. DT: Andr\u00e9s Iannamico.<\/p>\n\n\n\n<p><strong>Parciales:<\/strong> 22-18, 40-35 (18-17), 52-49 (12-14) y 62-62 (10-13).<\/p>\n\n\n\n<p><strong>Suplementario:<\/strong> 76-79 (14-17).<\/p>\n\n\n\n<p><strong>\u00c1rbitros:<\/strong> Emanuel S\u00e1nchez, Mauro Reyes y Santiago L\u00f3pez Hoyos.<\/p>\n\n\n\n<p><strong>Estadio:<\/strong> N\u00e9stor Damiani (9 de Julio).<\/p>\n\n\n\n<p><strong>Serie:<\/strong> 1 a 0, Pac\u00edfico.<\/p>\n\n\n\n<p><a href=\"https:\/\/fibalivestats.dcd.shared.geniussports.com\/u\/ABB\/2092210\/bs.html\">ESTAD\u00cdSTICAS OFICIALES<\/a><\/p>\n\n\n\n<figure class=\"wp-block-image size-large\"><a href=\"https:\/\/www.gentedebasquet.com.ar\/wp-content\/uploads\/2022\/05\/CLAVE-7.jpg\"><img decoding=\"async\" width=\"1024\" height=\"1024\" src=\"https:\/\/www.gentedebasquet.com.ar\/wp-content\/uploads\/2022\/05\/CLAVE-7-1024x1024.jpg\" alt=\"\" class=\"wp-image-102940\" srcset=\"https:\/\/gentedebasquet.com.ar\/sitio\/wp-content\/uploads\/2022\/05\/CLAVE-7-1024x1024.jpg 1024w, https:\/\/gentedebasquet.com.ar\/sitio\/wp-content\/uploads\/2022\/05\/CLAVE-7-300x300.jpg 300w, https:\/\/gentedebasquet.com.ar\/sitio\/wp-content\/uploads\/2022\/05\/CLAVE-7-150x150.jpg 150w, https:\/\/gentedebasquet.com.ar\/sitio\/wp-content\/uploads\/2022\/05\/CLAVE-7-768x768.jpg 768w, https:\/\/gentedebasquet.com.ar\/sitio\/wp-content\/uploads\/2022\/05\/CLAVE-7-1536x1536.jpg 1536w, https:\/\/gentedebasquet.com.ar\/sitio\/wp-content\/uploads\/2022\/05\/CLAVE-7.jpg 2000w\" sizes=\"(max-width: 1024px) 100vw, 1024px\" \/><\/a><\/figure>\n\n\n\n<figure class=\"wp-block-image\"><img decoding=\"async\" src=\"http:\/\/www.gentedebasquet.com.ar\/wp-content\/uploads\/2022\/04\/Gif-Publicidades-4.gif\" alt=\"La imagen tiene un atributo ALT vac\u00edo; su nombre de archivo es Gif-Publicidades-4.gif\"\/><\/figure>\n\n\n\n<figure class=\"wp-block-image size-full\"><a href=\"https:\/\/www.gentedebasquet.com.ar\/wp-content\/uploads\/2022\/05\/desarrollo-2.jpg\"><img decoding=\"async\" width=\"680\" height=\"480\" src=\"https:\/\/www.gentedebasquet.com.ar\/wp-content\/uploads\/2022\/05\/desarrollo-2.jpg\" alt=\"\" class=\"wp-image-102941\" srcset=\"https:\/\/gentedebasquet.com.ar\/sitio\/wp-content\/uploads\/2022\/05\/desarrollo-2.jpg 680w, https:\/\/gentedebasquet.com.ar\/sitio\/wp-content\/uploads\/2022\/05\/desarrollo-2-300x212.jpg 300w\" sizes=\"(max-width: 680px) 100vw, 680px\" \/><\/a><\/figure>\n\n\n\n<p><\/p>\n","protected":false},"excerpt":{"rendered":"<p>En el cl\u00e1sico, Pac\u00edfico puso primera por la serie de permanencia. <\/p>\n","protected":false},"author":1,"featured_media":102942,"comment_status":"closed","ping_status":"open","sticky":false,"template":"","format":"standard","meta":{"jnews-multi-image_gallery":[],"jnews_single_post":[],"jnews_primary_category":[],"footnotes":""},"categories":[23,101],"tags":[2,1386,275,1871,17,616],"class_list":["post-102926","post","type-post","status-publish","format-standard","has-post-thumbnail","hentry","category-primera","category-slide","tag-9dejulio","tag-branco-salvatori","tag-bruno-sacomani","tag-emanuel-paredes","tag-pacifico","tag-pomar-garbarino"],"yoast_head":"<!-- This site is optimized with the Yoast SEO plugin v27.5 - https:\/\/yoast.com\/product\/yoast-seo-wordpress\/ -->\n<title>El verde manote\u00f3 el primero - Gente de B\u00e1squet<\/title>\n<meta name=\"robots\" content=\"index, follow, max-snippet:-1, max-image-preview:large, max-video-preview:-1\" \/>\n<link rel=\"canonical\" href=\"https:\/\/gentedebasquet.com.ar\/sitio\/2022\/05\/10\/el-verde-manoteo-el-primero\/\" \/>\n<meta property=\"og:locale\" content=\"es_ES\" \/>\n<meta property=\"og:type\" content=\"article\" \/>\n<meta property=\"og:title\" content=\"El verde manote\u00f3 el primero - Gente de B\u00e1squet\" \/>\n<meta property=\"og:description\" content=\"En el cl\u00e1sico, Pac\u00edfico puso primera por la serie de permanencia.\" \/>\n<meta property=\"og:url\" content=\"https:\/\/gentedebasquet.com.ar\/sitio\/2022\/05\/10\/el-verde-manoteo-el-primero\/\" \/>\n<meta property=\"og:site_name\" content=\"Gente de B\u00e1squet\" \/>\n<meta property=\"article:published_time\" content=\"2022-05-10T05:11:04+00:00\" \/>\n<meta property=\"og:image\" content=\"https:\/\/gentedebasquet.com.ar\/sitio\/wp-content\/uploads\/2022\/05\/destacada-2.jpg\" \/>\n\t<meta property=\"og:image:width\" content=\"690\" \/>\n\t<meta property=\"og:image:height\" content=\"319\" \/>\n\t<meta property=\"og:image:type\" content=\"image\/jpeg\" \/>\n<meta name=\"author\" content=\"Gente de B\u00e1squet\" \/>\n<meta name=\"twitter:card\" content=\"summary_large_image\" \/>\n<meta name=\"twitter:label1\" content=\"Escrito por\" \/>\n\t<meta name=\"twitter:data1\" content=\"Gente de B\u00e1squet\" \/>\n\t<meta name=\"twitter:label2\" content=\"Tiempo de lectura\" \/>\n\t<meta name=\"twitter:data2\" content=\"4 minutos\" \/>\n<script type=\"application\/ld+json\" class=\"yoast-schema-graph\">{\"@context\":\"https:\\\/\\\/schema.org\",\"@graph\":[{\"@type\":\"Article\",\"@id\":\"https:\\\/\\\/gentedebasquet.com.ar\\\/sitio\\\/2022\\\/05\\\/10\\\/el-verde-manoteo-el-primero\\\/#article\",\"isPartOf\":{\"@id\":\"https:\\\/\\\/gentedebasquet.com.ar\\\/sitio\\\/2022\\\/05\\\/10\\\/el-verde-manoteo-el-primero\\\/\"},\"author\":{\"name\":\"Gente de B\u00e1squet\",\"@id\":\"https:\\\/\\\/gentedebasquet.com.ar\\\/sitio\\\/#\\\/schema\\\/person\\\/ca0b63bbb977369988a7bbbdc519943a\"},\"headline\":\"El verde manote\u00f3 el primero\",\"datePublished\":\"2022-05-10T05:11:04+00:00\",\"mainEntityOfPage\":{\"@id\":\"https:\\\/\\\/gentedebasquet.com.ar\\\/sitio\\\/2022\\\/05\\\/10\\\/el-verde-manoteo-el-primero\\\/\"},\"wordCount\":847,\"image\":{\"@id\":\"https:\\\/\\\/gentedebasquet.com.ar\\\/sitio\\\/2022\\\/05\\\/10\\\/el-verde-manoteo-el-primero\\\/#primaryimage\"},\"thumbnailUrl\":\"https:\\\/\\\/gentedebasquet.com.ar\\\/sitio\\\/wp-content\\\/uploads\\\/2022\\\/05\\\/destacada-2.jpg\",\"keywords\":[\"9 de Julio\",\"Branco Salvatori\",\"Bruno Sacomani\",\"Emanuel Paredes\",\"Pacifico\",\"pomar garbarino\"],\"articleSection\":[\"Primera\",\"Slide\"],\"inLanguage\":\"es\"},{\"@type\":\"WebPage\",\"@id\":\"https:\\\/\\\/gentedebasquet.com.ar\\\/sitio\\\/2022\\\/05\\\/10\\\/el-verde-manoteo-el-primero\\\/\",\"url\":\"https:\\\/\\\/gentedebasquet.com.ar\\\/sitio\\\/2022\\\/05\\\/10\\\/el-verde-manoteo-el-primero\\\/\",\"name\":\"El verde manote\u00f3 el primero - Gente de B\u00e1squet\",\"isPartOf\":{\"@id\":\"https:\\\/\\\/gentedebasquet.com.ar\\\/sitio\\\/#website\"},\"primaryImageOfPage\":{\"@id\":\"https:\\\/\\\/gentedebasquet.com.ar\\\/sitio\\\/2022\\\/05\\\/10\\\/el-verde-manoteo-el-primero\\\/#primaryimage\"},\"image\":{\"@id\":\"https:\\\/\\\/gentedebasquet.com.ar\\\/sitio\\\/2022\\\/05\\\/10\\\/el-verde-manoteo-el-primero\\\/#primaryimage\"},\"thumbnailUrl\":\"https:\\\/\\\/gentedebasquet.com.ar\\\/sitio\\\/wp-content\\\/uploads\\\/2022\\\/05\\\/destacada-2.jpg\",\"datePublished\":\"2022-05-10T05:11:04+00:00\",\"author\":{\"@id\":\"https:\\\/\\\/gentedebasquet.com.ar\\\/sitio\\\/#\\\/schema\\\/person\\\/ca0b63bbb977369988a7bbbdc519943a\"},\"breadcrumb\":{\"@id\":\"https:\\\/\\\/gentedebasquet.com.ar\\\/sitio\\\/2022\\\/05\\\/10\\\/el-verde-manoteo-el-primero\\\/#breadcrumb\"},\"inLanguage\":\"es\",\"potentialAction\":[{\"@type\":\"ReadAction\",\"target\":[\"https:\\\/\\\/gentedebasquet.com.ar\\\/sitio\\\/2022\\\/05\\\/10\\\/el-verde-manoteo-el-primero\\\/\"]}]},{\"@type\":\"ImageObject\",\"inLanguage\":\"es\",\"@id\":\"https:\\\/\\\/gentedebasquet.com.ar\\\/sitio\\\/2022\\\/05\\\/10\\\/el-verde-manoteo-el-primero\\\/#primaryimage\",\"url\":\"https:\\\/\\\/gentedebasquet.com.ar\\\/sitio\\\/wp-content\\\/uploads\\\/2022\\\/05\\\/destacada-2.jpg\",\"contentUrl\":\"https:\\\/\\\/gentedebasquet.com.ar\\\/sitio\\\/wp-content\\\/uploads\\\/2022\\\/05\\\/destacada-2.jpg\",\"width\":690,\"height\":319},{\"@type\":\"BreadcrumbList\",\"@id\":\"https:\\\/\\\/gentedebasquet.com.ar\\\/sitio\\\/2022\\\/05\\\/10\\\/el-verde-manoteo-el-primero\\\/#breadcrumb\",\"itemListElement\":[{\"@type\":\"ListItem\",\"position\":1,\"name\":\"Portada\",\"item\":\"https:\\\/\\\/gentedebasquet.com.ar\\\/sitio\\\/\"},{\"@type\":\"ListItem\",\"position\":2,\"name\":\"El verde manote\u00f3 el primero\"}]},{\"@type\":\"WebSite\",\"@id\":\"https:\\\/\\\/gentedebasquet.com.ar\\\/sitio\\\/#website\",\"url\":\"https:\\\/\\\/gentedebasquet.com.ar\\\/sitio\\\/\",\"name\":\"Gente de B\u00e1squet\",\"description\":\"La revista del basquet de Bah\u00eda Blanca\",\"potentialAction\":[{\"@type\":\"SearchAction\",\"target\":{\"@type\":\"EntryPoint\",\"urlTemplate\":\"https:\\\/\\\/gentedebasquet.com.ar\\\/sitio\\\/?s={search_term_string}\"},\"query-input\":{\"@type\":\"PropertyValueSpecification\",\"valueRequired\":true,\"valueName\":\"search_term_string\"}}],\"inLanguage\":\"es\"},{\"@type\":\"Person\",\"@id\":\"https:\\\/\\\/gentedebasquet.com.ar\\\/sitio\\\/#\\\/schema\\\/person\\\/ca0b63bbb977369988a7bbbdc519943a\",\"name\":\"Gente de B\u00e1squet\",\"image\":{\"@type\":\"ImageObject\",\"inLanguage\":\"es\",\"@id\":\"https:\\\/\\\/secure.gravatar.com\\\/avatar\\\/7f2c48bdc33b30088f941fb6082e555f2874c98e20cb159d7b92b50eadfce793?s=96&d=mm&r=g\",\"url\":\"https:\\\/\\\/secure.gravatar.com\\\/avatar\\\/7f2c48bdc33b30088f941fb6082e555f2874c98e20cb159d7b92b50eadfce793?s=96&d=mm&r=g\",\"contentUrl\":\"https:\\\/\\\/secure.gravatar.com\\\/avatar\\\/7f2c48bdc33b30088f941fb6082e555f2874c98e20cb159d7b92b50eadfce793?s=96&d=mm&r=g\",\"caption\":\"Gente de B\u00e1squet\"},\"sameAs\":[\"http:\\\/\\\/gentedebasquet.com.ar\\\/sitio\"],\"url\":\"https:\\\/\\\/gentedebasquet.com.ar\\\/sitio\\\/author\\\/ulises\\\/\"}]}<\/script>\n<!-- \/ Yoast SEO plugin. -->","yoast_head_json":{"title":"El verde manote\u00f3 el primero - Gente de B\u00e1squet","robots":{"index":"index","follow":"follow","max-snippet":"max-snippet:-1","max-image-preview":"max-image-preview:large","max-video-preview":"max-video-preview:-1"},"canonical":"https:\/\/gentedebasquet.com.ar\/sitio\/2022\/05\/10\/el-verde-manoteo-el-primero\/","og_locale":"es_ES","og_type":"article","og_title":"El verde manote\u00f3 el primero - Gente de B\u00e1squet","og_description":"En el cl\u00e1sico, Pac\u00edfico puso primera por la serie de permanencia.","og_url":"https:\/\/gentedebasquet.com.ar\/sitio\/2022\/05\/10\/el-verde-manoteo-el-primero\/","og_site_name":"Gente de B\u00e1squet","article_published_time":"2022-05-10T05:11:04+00:00","og_image":[{"width":690,"height":319,"url":"https:\/\/gentedebasquet.com.ar\/sitio\/wp-content\/uploads\/2022\/05\/destacada-2.jpg","type":"image\/jpeg"}],"author":"Gente de B\u00e1squet","twitter_card":"summary_large_image","twitter_misc":{"Escrito por":"Gente de B\u00e1squet","Tiempo de lectura":"4 minutos"},"schema":{"@context":"https:\/\/schema.org","@graph":[{"@type":"Article","@id":"https:\/\/gentedebasquet.com.ar\/sitio\/2022\/05\/10\/el-verde-manoteo-el-primero\/#article","isPartOf":{"@id":"https:\/\/gentedebasquet.com.ar\/sitio\/2022\/05\/10\/el-verde-manoteo-el-primero\/"},"author":{"name":"Gente de B\u00e1squet","@id":"https:\/\/gentedebasquet.com.ar\/sitio\/#\/schema\/person\/ca0b63bbb977369988a7bbbdc519943a"},"headline":"El verde manote\u00f3 el primero","datePublished":"2022-05-10T05:11:04+00:00","mainEntityOfPage":{"@id":"https:\/\/gentedebasquet.com.ar\/sitio\/2022\/05\/10\/el-verde-manoteo-el-primero\/"},"wordCount":847,"image":{"@id":"https:\/\/gentedebasquet.com.ar\/sitio\/2022\/05\/10\/el-verde-manoteo-el-primero\/#primaryimage"},"thumbnailUrl":"https:\/\/gentedebasquet.com.ar\/sitio\/wp-content\/uploads\/2022\/05\/destacada-2.jpg","keywords":["9 de Julio","Branco Salvatori","Bruno Sacomani","Emanuel Paredes","Pacifico","pomar garbarino"],"articleSection":["Primera","Slide"],"inLanguage":"es"},{"@type":"WebPage","@id":"https:\/\/gentedebasquet.com.ar\/sitio\/2022\/05\/10\/el-verde-manoteo-el-primero\/","url":"https:\/\/gentedebasquet.com.ar\/sitio\/2022\/05\/10\/el-verde-manoteo-el-primero\/","name":"El verde manote\u00f3 el primero - Gente de B\u00e1squet","isPartOf":{"@id":"https:\/\/gentedebasquet.com.ar\/sitio\/#website"},"primaryImageOfPage":{"@id":"https:\/\/gentedebasquet.com.ar\/sitio\/2022\/05\/10\/el-verde-manoteo-el-primero\/#primaryimage"},"image":{"@id":"https:\/\/gentedebasquet.com.ar\/sitio\/2022\/05\/10\/el-verde-manoteo-el-primero\/#primaryimage"},"thumbnailUrl":"https:\/\/gentedebasquet.com.ar\/sitio\/wp-content\/uploads\/2022\/05\/destacada-2.jpg","datePublished":"2022-05-10T05:11:04+00:00","author":{"@id":"https:\/\/gentedebasquet.com.ar\/sitio\/#\/schema\/person\/ca0b63bbb977369988a7bbbdc519943a"},"breadcrumb":{"@id":"https:\/\/gentedebasquet.com.ar\/sitio\/2022\/05\/10\/el-verde-manoteo-el-primero\/#breadcrumb"},"inLanguage":"es","potentialAction":[{"@type":"ReadAction","target":["https:\/\/gentedebasquet.com.ar\/sitio\/2022\/05\/10\/el-verde-manoteo-el-primero\/"]}]},{"@type":"ImageObject","inLanguage":"es","@id":"https:\/\/gentedebasquet.com.ar\/sitio\/2022\/05\/10\/el-verde-manoteo-el-primero\/#primaryimage","url":"https:\/\/gentedebasquet.com.ar\/sitio\/wp-content\/uploads\/2022\/05\/destacada-2.jpg","contentUrl":"https:\/\/gentedebasquet.com.ar\/sitio\/wp-content\/uploads\/2022\/05\/destacada-2.jpg","width":690,"height":319},{"@type":"BreadcrumbList","@id":"https:\/\/gentedebasquet.com.ar\/sitio\/2022\/05\/10\/el-verde-manoteo-el-primero\/#breadcrumb","itemListElement":[{"@type":"ListItem","position":1,"name":"Portada","item":"https:\/\/gentedebasquet.com.ar\/sitio\/"},{"@type":"ListItem","position":2,"name":"El verde manote\u00f3 el primero"}]},{"@type":"WebSite","@id":"https:\/\/gentedebasquet.com.ar\/sitio\/#website","url":"https:\/\/gentedebasquet.com.ar\/sitio\/","name":"Gente de B\u00e1squet","description":"La revista del basquet de Bah\u00eda Blanca","potentialAction":[{"@type":"SearchAction","target":{"@type":"EntryPoint","urlTemplate":"https:\/\/gentedebasquet.com.ar\/sitio\/?s={search_term_string}"},"query-input":{"@type":"PropertyValueSpecification","valueRequired":true,"valueName":"search_term_string"}}],"inLanguage":"es"},{"@type":"Person","@id":"https:\/\/gentedebasquet.com.ar\/sitio\/#\/schema\/person\/ca0b63bbb977369988a7bbbdc519943a","name":"Gente de B\u00e1squet","image":{"@type":"ImageObject","inLanguage":"es","@id":"https:\/\/secure.gravatar.com\/avatar\/7f2c48bdc33b30088f941fb6082e555f2874c98e20cb159d7b92b50eadfce793?s=96&d=mm&r=g","url":"https:\/\/secure.gravatar.com\/avatar\/7f2c48bdc33b30088f941fb6082e555f2874c98e20cb159d7b92b50eadfce793?s=96&d=mm&r=g","contentUrl":"https:\/\/secure.gravatar.com\/avatar\/7f2c48bdc33b30088f941fb6082e555f2874c98e20cb159d7b92b50eadfce793?s=96&d=mm&r=g","caption":"Gente de B\u00e1squet"},"sameAs":["http:\/\/gentedebasquet.com.ar\/sitio"],"url":"https:\/\/gentedebasquet.com.ar\/sitio\/author\/ulises\/"}]}},"_links":{"self":[{"href":"https:\/\/gentedebasquet.com.ar\/sitio\/wp-json\/wp\/v2\/posts\/102926","targetHints":{"allow":["GET"]}}],"collection":[{"href":"https:\/\/gentedebasquet.com.ar\/sitio\/wp-json\/wp\/v2\/posts"}],"about":[{"href":"https:\/\/gentedebasquet.com.ar\/sitio\/wp-json\/wp\/v2\/types\/post"}],"author":[{"embeddable":true,"href":"https:\/\/gentedebasquet.com.ar\/sitio\/wp-json\/wp\/v2\/users\/1"}],"replies":[{"embeddable":true,"href":"https:\/\/gentedebasquet.com.ar\/sitio\/wp-json\/wp\/v2\/comments?post=102926"}],"version-history":[{"count":0,"href":"https:\/\/gentedebasquet.com.ar\/sitio\/wp-json\/wp\/v2\/posts\/102926\/revisions"}],"wp:featuredmedia":[{"embeddable":true,"href":"https:\/\/gentedebasquet.com.ar\/sitio\/wp-json\/wp\/v2\/media\/102942"}],"wp:attachment":[{"href":"https:\/\/gentedebasquet.com.ar\/sitio\/wp-json\/wp\/v2\/media?parent=102926"}],"wp:term":[{"taxonomy":"category","embeddable":true,"href":"https:\/\/gentedebasquet.com.ar\/sitio\/wp-json\/wp\/v2\/categories?post=102926"},{"taxonomy":"post_tag","embeddable":true,"href":"https:\/\/gentedebasquet.com.ar\/sitio\/wp-json\/wp\/v2\/tags?post=102926"}],"curies":[{"name":"wp","href":"https:\/\/api.w.org\/{rel}","templated":true}]}}