{"id":103736,"date":"2022-09-23T01:26:21","date_gmt":"2022-09-23T04:26:21","guid":{"rendered":"http:\/\/www.gentedebasquet.com.ar\/?p=103736"},"modified":"2022-09-23T01:26:21","modified_gmt":"2022-09-23T04:26:21","slug":"la-punteria-de-estrella-vencio-a-olimpo","status":"publish","type":"post","link":"https:\/\/gentedebasquet.com.ar\/sitio\/2022\/09\/23\/la-punteria-de-estrella-vencio-a-olimpo\/","title":{"rendered":"La punter\u00eda de Estrella venci\u00f3 a Olimpo"},"content":{"rendered":"\n<p>El equipo de la calle Falc\u00f3n se recuper\u00f3 de un primer cuarto impreciso y termin\u00f3 derrotando a su par aurinegro 83 a 77 en el partido correspondiente a la fecha 3 del torneo de Primera. Antes del juego se realiz\u00f3 un minuto de silencio para recordar a Daniel Cardone, querido colaborador del club fallecido en el mes de julio (adem\u00e1s padre de Franco, jugador del plantel). <\/p>\n\n\n\n<p> El marcador tuvo una paridad casi total en los primeros minutos. Estrella intent\u00f3 llegar a anotar con penetraciones de sus perimetrales, mientras Olimpo busc\u00f3 asistir a sus hombres grandes tambien en la zona pintada. En los \u00faltimos dos minutos del cuarto inicial Olimpo construy\u00f3 su mayor ventaja. La participaci\u00f3n de Mallemaci y Diel fue fundamental para el visitante en este tramo y en el resto de la noche. <\/p>\n\n\n\n<p>En tres minutos del segundo segmento Estrella se coloc\u00f3 24-20 abajo. Unos segundos despu\u00e9s con un triple de Lambrecht pas\u00f3 a ganar 25-24. Blazquez y Banchero fueron los otros grandes responsables ofensivos de esta arremetida. Olimpo fue poco creativo en este lapso, y estuvo bien contenido por la defensa. El equipo conducido por Santini anot\u00f3 sus primeros puntos a los dos minutos y volvi\u00f3 a marcar cinco minutos despu\u00e9s.<\/p>\n\n\n\n<p>Olimpo entr\u00f3 al tercer cuarto con la motivaci\u00f3n otra vez bien arriba y Estrella supo como responderle siempre del otro lado. Como consecuencia de eso el partido se volvi\u00f3 muy entretenido. El plantel due\u00f1o de casa encendi\u00f3 sus turbinas en la segunda parte del per\u00edodo y volvi\u00f3 a comandar el resultado. <\/p>\n\n\n\n<p>Los diez minutos finales fueron lo mejor de la noche. Porque ambos equipos dieron todo sobre el parquet, fueron muy efectivos en sus lanzamientos y mantuvieron la intensidad hasta el \u00faltimo segundo. Estrella no sac\u00f3 nunca el pie del acelerador, Olimpo quiso reaccionar pero la oposici\u00f3n del rival no lo permiti\u00f3. El aurinegro batall\u00f3 hasta cuando el cron\u00f3metro se lo permiti\u00f3, Estrella termin\u00f3 celebrando en su estadio la segunda victoria consecutiva en lo que se lleva jugado del actual campeonato.<\/p>\n\n\n\n<figure class=\"wp-block-image\"><img decoding=\"async\" src=\"http:\/\/www.gentedebasquet.com.ar\/wp-content\/uploads\/2022\/09\/Gif-Publicidades-1.gif\" alt=\"La imagen tiene un atributo ALT vac\u00edo; su nombre de archivo es Gif-Publicidades-1.gif\"\/><\/figure>\n\n\n\n<figure class=\"wp-block-embed is-type-video is-provider-youtube wp-block-embed-youtube wp-embed-aspect-16-9 wp-has-aspect-ratio\"><div class=\"wp-block-embed__wrapper\">\nhttps:\/\/youtu.be\/sVQB8BAsfT4\n<\/div><\/figure>\n\n\n\n<figure class=\"wp-block-image\"><img decoding=\"async\" src=\"http:\/\/www.gentedebasquet.com.ar\/wp-content\/uploads\/2022\/09\/Gif-Publicidades-2.gif\" alt=\"La imagen tiene un atributo ALT vac\u00edo; su nombre de archivo es Gif-Publicidades-2.gif\"\/><\/figure>\n\n\n\n<figure class=\"wp-block-image size-full\"><a href=\"http:\/\/www.gentedebasquet.com.ar\/wp-content\/uploads\/2022\/09\/MVPEstre.png\"><img decoding=\"async\" width=\"640\" height=\"480\" src=\"http:\/\/www.gentedebasquet.com.ar\/wp-content\/uploads\/2022\/09\/MVPEstre.png\" alt=\"\" class=\"wp-image-103743\" srcset=\"https:\/\/gentedebasquet.com.ar\/sitio\/wp-content\/uploads\/2022\/09\/MVPEstre.png 640w, https:\/\/gentedebasquet.com.ar\/sitio\/wp-content\/uploads\/2022\/09\/MVPEstre-300x225.png 300w\" sizes=\"(max-width: 640px) 100vw, 640px\" \/><\/a><\/figure>\n\n\n\n<figure class=\"wp-block-image size-full\"><a href=\"http:\/\/www.gentedebasquet.com.ar\/wp-content\/uploads\/2022\/09\/Figura-Horvath-gino.jpg\"><img decoding=\"async\" width=\"270\" height=\"480\" src=\"http:\/\/www.gentedebasquet.com.ar\/wp-content\/uploads\/2022\/09\/Figura-Horvath-gino-edited.jpg\" alt=\"\" class=\"wp-image-103744\" srcset=\"https:\/\/gentedebasquet.com.ar\/sitio\/wp-content\/uploads\/2022\/09\/Figura-Horvath-gino-edited.jpg 270w, https:\/\/gentedebasquet.com.ar\/sitio\/wp-content\/uploads\/2022\/09\/Figura-Horvath-gino-edited-169x300.jpg 169w\" sizes=\"(max-width: 270px) 100vw, 270px\" \/><\/a><\/figure>\n\n\n\n<blockquote class=\"wp-block-quote is-layout-flow wp-block-quote-is-layout-flow\"><p>\u00abLo vi muy bien a Olimpo, en ritmo, propio tambien de tener roce a nivel regional, porque estan jugando otro tipo de torneo. Nos cost\u00f3 un poco las transiciones defensivas, creo que pudimos ajustarlas en el segundo tiempo y por eso nos llevamos la victoria. El objetivo es ir partido a partido, paso a paso, que es cuando mejor le salen las cosas al equipo.\u00bb<strong> (Juli\u00e1n Horvath, Estrella)<\/strong><\/p><\/blockquote>\n\n\n\n<figure class=\"wp-block-image\"><img decoding=\"async\" src=\"http:\/\/www.gentedebasquet.com.ar\/wp-content\/uploads\/2022\/09\/Gif-Publicidades-3.gif\" alt=\"La imagen tiene un atributo ALT vac\u00edo; su nombre de archivo es Gif-Publicidades-3.gif\"\/><\/figure>\n\n\n\n<p><strong>S\u00edntesis &#8211; Primera &#8211; Fecha #3<\/strong><\/p>\n\n\n\n<p><strong>Estrella 83:<\/strong> Juli\u00e1n Horvath 22; Mat\u00edas Specogna 4; Santiago Quiroga 21; Dami\u00e1n Carci 12; Nahuel C\u00e1mara 5 <strong>(F.I.) <\/strong>Gustavo Banchero 4; Federico Lambrecht 6; Mauro Blazquez 6; \u00c1lvaro Oyarzo; Tom\u00e1s Pe\u00f1a; Thiago Frutos; Fausto Herrera. <strong>DT:<\/strong> Emiliano Deminicis .<\/p>\n\n\n\n<p><strong>Olimpo 77:<\/strong> Agust\u00edn Solomon 4; Mauro Mierez 19; Guillermo Mallemaci 15; Iv\u00e1n G\u00f3mez Lepez 6; Marcos Diel 26 <strong>(F.I.)<\/strong> Alejo Marroni 4; Kevin Zambrano; Mirko Cenzual; Albano Schneider 3; Rafael Eliosoff; Blas Ruesga; Benjam\u00edn P\u00e9rez. <strong>DT:<\/strong> Juan Cruz Santini.<\/p>\n\n\n\n<p><strong>Parciales: <\/strong>14-20; 31-28 (17-8); 53-44 (22-16); 83-77 (30-33).<\/p>\n\n\n\n<p><strong>\u00c1rbitros:<\/strong> Horacio Sed\u00e1n, Juan Jaramillo y Ariel Di Marco.<\/p>\n\n\n\n<p><strong>Estadio:<\/strong> Luis Alvarez (Estrella).<\/p>\n\n\n\n<p><a href=\"https:\/\/fibalivestats.dcd.shared.geniussports.com\/u\/ABB\/2134223\/bs.html\">ESTAD\u00cdSTICAS OFICIALES<\/a><\/p>\n\n\n\n<figure class=\"wp-block-image\"><img decoding=\"async\" src=\"http:\/\/www.gentedebasquet.com.ar\/wp-content\/uploads\/2022\/09\/Gif-Publicidades-4.gif\" alt=\"La imagen tiene un atributo ALT vac\u00edo; su nombre de archivo es Gif-Publicidades-4.gif\"\/><\/figure>\n\n\n\n<figure class=\"wp-block-image size-full\"><a href=\"http:\/\/www.gentedebasquet.com.ar\/wp-content\/uploads\/2022\/09\/CLAVEEstre.png\"><img decoding=\"async\" width=\"640\" height=\"480\" src=\"http:\/\/www.gentedebasquet.com.ar\/wp-content\/uploads\/2022\/09\/CLAVEEstre.png\" alt=\"\" class=\"wp-image-103746\" srcset=\"https:\/\/gentedebasquet.com.ar\/sitio\/wp-content\/uploads\/2022\/09\/CLAVEEstre.png 640w, https:\/\/gentedebasquet.com.ar\/sitio\/wp-content\/uploads\/2022\/09\/CLAVEEstre-300x225.png 300w\" sizes=\"(max-width: 640px) 100vw, 640px\" \/><\/a><\/figure>\n\n\n\n<figure class=\"wp-block-image\"><img decoding=\"async\" src=\"http:\/\/www.gentedebasquet.com.ar\/wp-content\/uploads\/2022\/09\/Gif-Publicidades-5.gif\" alt=\"La imagen tiene un atributo ALT vac\u00edo; su nombre de archivo es Gif-Publicidades-5.gif\"\/><\/figure>\n\n\n\n<figure class=\"wp-block-image size-full\"><a href=\"http:\/\/www.gentedebasquet.com.ar\/wp-content\/uploads\/2022\/09\/20220922_213451.jpg\"><img decoding=\"async\" width=\"640\" height=\"480\" src=\"http:\/\/www.gentedebasquet.com.ar\/wp-content\/uploads\/2022\/09\/20220922_213451.jpg\" alt=\"\" class=\"wp-image-103761\" srcset=\"https:\/\/gentedebasquet.com.ar\/sitio\/wp-content\/uploads\/2022\/09\/20220922_213451.jpg 640w, https:\/\/gentedebasquet.com.ar\/sitio\/wp-content\/uploads\/2022\/09\/20220922_213451-300x225.jpg 300w\" sizes=\"(max-width: 640px) 100vw, 640px\" \/><\/a><\/figure>\n\n\n\n<p><\/p>\n","protected":false},"excerpt":{"rendered":"<p>El equipo de la calle Falc\u00f3n se recuper\u00f3 de un primer cuarto impreciso y termin\u00f3 derrotando a su par aurinegro 83 a 77 en el partido correspondiente a la fecha 3 del torneo de Primera. Antes del juego se realiz\u00f3 un minuto de silencio para recordar a Daniel Cardone, querido colaborador del club fallecido en [&hellip;]<\/p>\n","protected":false},"author":1,"featured_media":103760,"comment_status":"closed","ping_status":"open","sticky":false,"template":"","format":"standard","meta":{"jnews-multi-image_gallery":[],"jnews_single_post":[],"jnews_primary_category":[],"footnotes":""},"categories":[23,101],"tags":[10,600,16],"class_list":["post-103736","post","type-post","status-publish","format-standard","has-post-thumbnail","hentry","category-primera","category-slide","tag-estrella","tag-julian-horvath","tag-olimpo"],"yoast_head":"<!-- This site is optimized with the Yoast SEO plugin v27.5 - https:\/\/yoast.com\/product\/yoast-seo-wordpress\/ -->\n<title>La punter\u00eda de Estrella venci\u00f3 a Olimpo - Gente de B\u00e1squet<\/title>\n<meta name=\"robots\" content=\"index, follow, max-snippet:-1, max-image-preview:large, max-video-preview:-1\" \/>\n<link rel=\"canonical\" href=\"https:\/\/gentedebasquet.com.ar\/sitio\/2022\/09\/23\/la-punteria-de-estrella-vencio-a-olimpo\/\" \/>\n<meta property=\"og:locale\" content=\"es_ES\" \/>\n<meta property=\"og:type\" content=\"article\" \/>\n<meta property=\"og:title\" content=\"La punter\u00eda de Estrella venci\u00f3 a Olimpo - Gente de B\u00e1squet\" \/>\n<meta property=\"og:description\" content=\"El equipo de la calle Falc\u00f3n se recuper\u00f3 de un primer cuarto impreciso y termin\u00f3 derrotando a su par aurinegro 83 a 77 en el partido correspondiente a la fecha 3 del torneo de Primera. Antes del juego se realiz\u00f3 un minuto de silencio para recordar a Daniel Cardone, querido colaborador del club fallecido en [&hellip;]\" \/>\n<meta property=\"og:url\" content=\"https:\/\/gentedebasquet.com.ar\/sitio\/2022\/09\/23\/la-punteria-de-estrella-vencio-a-olimpo\/\" \/>\n<meta property=\"og:site_name\" content=\"Gente de B\u00e1squet\" \/>\n<meta property=\"article:published_time\" content=\"2022-09-23T04:26:21+00:00\" \/>\n<meta property=\"og:image\" content=\"https:\/\/gentedebasquet.com.ar\/sitio\/wp-content\/uploads\/2022\/09\/20220922_223129.jpg\" \/>\n\t<meta property=\"og:image:width\" content=\"690\" \/>\n\t<meta property=\"og:image:height\" content=\"319\" \/>\n\t<meta property=\"og:image:type\" content=\"image\/jpeg\" \/>\n<meta name=\"author\" content=\"Gente de B\u00e1squet\" \/>\n<meta name=\"twitter:card\" content=\"summary_large_image\" \/>\n<meta name=\"twitter:label1\" content=\"Escrito por\" \/>\n\t<meta name=\"twitter:data1\" content=\"Gente de B\u00e1squet\" \/>\n\t<meta name=\"twitter:label2\" content=\"Tiempo de lectura\" \/>\n\t<meta name=\"twitter:data2\" content=\"3 minutos\" \/>\n<script type=\"application\/ld+json\" class=\"yoast-schema-graph\">{\"@context\":\"https:\\\/\\\/schema.org\",\"@graph\":[{\"@type\":\"Article\",\"@id\":\"https:\\\/\\\/gentedebasquet.com.ar\\\/sitio\\\/2022\\\/09\\\/23\\\/la-punteria-de-estrella-vencio-a-olimpo\\\/#article\",\"isPartOf\":{\"@id\":\"https:\\\/\\\/gentedebasquet.com.ar\\\/sitio\\\/2022\\\/09\\\/23\\\/la-punteria-de-estrella-vencio-a-olimpo\\\/\"},\"author\":{\"name\":\"Gente de B\u00e1squet\",\"@id\":\"https:\\\/\\\/gentedebasquet.com.ar\\\/sitio\\\/#\\\/schema\\\/person\\\/ca0b63bbb977369988a7bbbdc519943a\"},\"headline\":\"La punter\u00eda de Estrella venci\u00f3 a Olimpo\",\"datePublished\":\"2022-09-23T04:26:21+00:00\",\"mainEntityOfPage\":{\"@id\":\"https:\\\/\\\/gentedebasquet.com.ar\\\/sitio\\\/2022\\\/09\\\/23\\\/la-punteria-de-estrella-vencio-a-olimpo\\\/\"},\"wordCount\":527,\"image\":{\"@id\":\"https:\\\/\\\/gentedebasquet.com.ar\\\/sitio\\\/2022\\\/09\\\/23\\\/la-punteria-de-estrella-vencio-a-olimpo\\\/#primaryimage\"},\"thumbnailUrl\":\"https:\\\/\\\/gentedebasquet.com.ar\\\/sitio\\\/wp-content\\\/uploads\\\/2022\\\/09\\\/20220922_223129.jpg\",\"keywords\":[\"Estrella\",\"Juli\u00e1n Horvath\",\"Ol\u00edmpo\"],\"articleSection\":[\"Primera\",\"Slide\"],\"inLanguage\":\"es\"},{\"@type\":\"WebPage\",\"@id\":\"https:\\\/\\\/gentedebasquet.com.ar\\\/sitio\\\/2022\\\/09\\\/23\\\/la-punteria-de-estrella-vencio-a-olimpo\\\/\",\"url\":\"https:\\\/\\\/gentedebasquet.com.ar\\\/sitio\\\/2022\\\/09\\\/23\\\/la-punteria-de-estrella-vencio-a-olimpo\\\/\",\"name\":\"La punter\u00eda de Estrella venci\u00f3 a Olimpo - Gente de B\u00e1squet\",\"isPartOf\":{\"@id\":\"https:\\\/\\\/gentedebasquet.com.ar\\\/sitio\\\/#website\"},\"primaryImageOfPage\":{\"@id\":\"https:\\\/\\\/gentedebasquet.com.ar\\\/sitio\\\/2022\\\/09\\\/23\\\/la-punteria-de-estrella-vencio-a-olimpo\\\/#primaryimage\"},\"image\":{\"@id\":\"https:\\\/\\\/gentedebasquet.com.ar\\\/sitio\\\/2022\\\/09\\\/23\\\/la-punteria-de-estrella-vencio-a-olimpo\\\/#primaryimage\"},\"thumbnailUrl\":\"https:\\\/\\\/gentedebasquet.com.ar\\\/sitio\\\/wp-content\\\/uploads\\\/2022\\\/09\\\/20220922_223129.jpg\",\"datePublished\":\"2022-09-23T04:26:21+00:00\",\"author\":{\"@id\":\"https:\\\/\\\/gentedebasquet.com.ar\\\/sitio\\\/#\\\/schema\\\/person\\\/ca0b63bbb977369988a7bbbdc519943a\"},\"breadcrumb\":{\"@id\":\"https:\\\/\\\/gentedebasquet.com.ar\\\/sitio\\\/2022\\\/09\\\/23\\\/la-punteria-de-estrella-vencio-a-olimpo\\\/#breadcrumb\"},\"inLanguage\":\"es\",\"potentialAction\":[{\"@type\":\"ReadAction\",\"target\":[\"https:\\\/\\\/gentedebasquet.com.ar\\\/sitio\\\/2022\\\/09\\\/23\\\/la-punteria-de-estrella-vencio-a-olimpo\\\/\"]}]},{\"@type\":\"ImageObject\",\"inLanguage\":\"es\",\"@id\":\"https:\\\/\\\/gentedebasquet.com.ar\\\/sitio\\\/2022\\\/09\\\/23\\\/la-punteria-de-estrella-vencio-a-olimpo\\\/#primaryimage\",\"url\":\"https:\\\/\\\/gentedebasquet.com.ar\\\/sitio\\\/wp-content\\\/uploads\\\/2022\\\/09\\\/20220922_223129.jpg\",\"contentUrl\":\"https:\\\/\\\/gentedebasquet.com.ar\\\/sitio\\\/wp-content\\\/uploads\\\/2022\\\/09\\\/20220922_223129.jpg\",\"width\":690,\"height\":319},{\"@type\":\"BreadcrumbList\",\"@id\":\"https:\\\/\\\/gentedebasquet.com.ar\\\/sitio\\\/2022\\\/09\\\/23\\\/la-punteria-de-estrella-vencio-a-olimpo\\\/#breadcrumb\",\"itemListElement\":[{\"@type\":\"ListItem\",\"position\":1,\"name\":\"Portada\",\"item\":\"https:\\\/\\\/gentedebasquet.com.ar\\\/sitio\\\/\"},{\"@type\":\"ListItem\",\"position\":2,\"name\":\"La punter\u00eda de Estrella venci\u00f3 a Olimpo\"}]},{\"@type\":\"WebSite\",\"@id\":\"https:\\\/\\\/gentedebasquet.com.ar\\\/sitio\\\/#website\",\"url\":\"https:\\\/\\\/gentedebasquet.com.ar\\\/sitio\\\/\",\"name\":\"Gente de B\u00e1squet\",\"description\":\"La revista del basquet de Bah\u00eda Blanca\",\"potentialAction\":[{\"@type\":\"SearchAction\",\"target\":{\"@type\":\"EntryPoint\",\"urlTemplate\":\"https:\\\/\\\/gentedebasquet.com.ar\\\/sitio\\\/?s={search_term_string}\"},\"query-input\":{\"@type\":\"PropertyValueSpecification\",\"valueRequired\":true,\"valueName\":\"search_term_string\"}}],\"inLanguage\":\"es\"},{\"@type\":\"Person\",\"@id\":\"https:\\\/\\\/gentedebasquet.com.ar\\\/sitio\\\/#\\\/schema\\\/person\\\/ca0b63bbb977369988a7bbbdc519943a\",\"name\":\"Gente de B\u00e1squet\",\"image\":{\"@type\":\"ImageObject\",\"inLanguage\":\"es\",\"@id\":\"https:\\\/\\\/secure.gravatar.com\\\/avatar\\\/7f2c48bdc33b30088f941fb6082e555f2874c98e20cb159d7b92b50eadfce793?s=96&d=mm&r=g\",\"url\":\"https:\\\/\\\/secure.gravatar.com\\\/avatar\\\/7f2c48bdc33b30088f941fb6082e555f2874c98e20cb159d7b92b50eadfce793?s=96&d=mm&r=g\",\"contentUrl\":\"https:\\\/\\\/secure.gravatar.com\\\/avatar\\\/7f2c48bdc33b30088f941fb6082e555f2874c98e20cb159d7b92b50eadfce793?s=96&d=mm&r=g\",\"caption\":\"Gente de B\u00e1squet\"},\"sameAs\":[\"http:\\\/\\\/gentedebasquet.com.ar\\\/sitio\"],\"url\":\"https:\\\/\\\/gentedebasquet.com.ar\\\/sitio\\\/author\\\/ulises\\\/\"}]}<\/script>\n<!-- \/ Yoast SEO plugin. -->","yoast_head_json":{"title":"La punter\u00eda de Estrella venci\u00f3 a Olimpo - Gente de B\u00e1squet","robots":{"index":"index","follow":"follow","max-snippet":"max-snippet:-1","max-image-preview":"max-image-preview:large","max-video-preview":"max-video-preview:-1"},"canonical":"https:\/\/gentedebasquet.com.ar\/sitio\/2022\/09\/23\/la-punteria-de-estrella-vencio-a-olimpo\/","og_locale":"es_ES","og_type":"article","og_title":"La punter\u00eda de Estrella venci\u00f3 a Olimpo - Gente de B\u00e1squet","og_description":"El equipo de la calle Falc\u00f3n se recuper\u00f3 de un primer cuarto impreciso y termin\u00f3 derrotando a su par aurinegro 83 a 77 en el partido correspondiente a la fecha 3 del torneo de Primera. Antes del juego se realiz\u00f3 un minuto de silencio para recordar a Daniel Cardone, querido colaborador del club fallecido en [&hellip;]","og_url":"https:\/\/gentedebasquet.com.ar\/sitio\/2022\/09\/23\/la-punteria-de-estrella-vencio-a-olimpo\/","og_site_name":"Gente de B\u00e1squet","article_published_time":"2022-09-23T04:26:21+00:00","og_image":[{"width":690,"height":319,"url":"https:\/\/gentedebasquet.com.ar\/sitio\/wp-content\/uploads\/2022\/09\/20220922_223129.jpg","type":"image\/jpeg"}],"author":"Gente de B\u00e1squet","twitter_card":"summary_large_image","twitter_misc":{"Escrito por":"Gente de B\u00e1squet","Tiempo de lectura":"3 minutos"},"schema":{"@context":"https:\/\/schema.org","@graph":[{"@type":"Article","@id":"https:\/\/gentedebasquet.com.ar\/sitio\/2022\/09\/23\/la-punteria-de-estrella-vencio-a-olimpo\/#article","isPartOf":{"@id":"https:\/\/gentedebasquet.com.ar\/sitio\/2022\/09\/23\/la-punteria-de-estrella-vencio-a-olimpo\/"},"author":{"name":"Gente de B\u00e1squet","@id":"https:\/\/gentedebasquet.com.ar\/sitio\/#\/schema\/person\/ca0b63bbb977369988a7bbbdc519943a"},"headline":"La punter\u00eda de Estrella venci\u00f3 a Olimpo","datePublished":"2022-09-23T04:26:21+00:00","mainEntityOfPage":{"@id":"https:\/\/gentedebasquet.com.ar\/sitio\/2022\/09\/23\/la-punteria-de-estrella-vencio-a-olimpo\/"},"wordCount":527,"image":{"@id":"https:\/\/gentedebasquet.com.ar\/sitio\/2022\/09\/23\/la-punteria-de-estrella-vencio-a-olimpo\/#primaryimage"},"thumbnailUrl":"https:\/\/gentedebasquet.com.ar\/sitio\/wp-content\/uploads\/2022\/09\/20220922_223129.jpg","keywords":["Estrella","Juli\u00e1n Horvath","Ol\u00edmpo"],"articleSection":["Primera","Slide"],"inLanguage":"es"},{"@type":"WebPage","@id":"https:\/\/gentedebasquet.com.ar\/sitio\/2022\/09\/23\/la-punteria-de-estrella-vencio-a-olimpo\/","url":"https:\/\/gentedebasquet.com.ar\/sitio\/2022\/09\/23\/la-punteria-de-estrella-vencio-a-olimpo\/","name":"La punter\u00eda de Estrella venci\u00f3 a Olimpo - Gente de B\u00e1squet","isPartOf":{"@id":"https:\/\/gentedebasquet.com.ar\/sitio\/#website"},"primaryImageOfPage":{"@id":"https:\/\/gentedebasquet.com.ar\/sitio\/2022\/09\/23\/la-punteria-de-estrella-vencio-a-olimpo\/#primaryimage"},"image":{"@id":"https:\/\/gentedebasquet.com.ar\/sitio\/2022\/09\/23\/la-punteria-de-estrella-vencio-a-olimpo\/#primaryimage"},"thumbnailUrl":"https:\/\/gentedebasquet.com.ar\/sitio\/wp-content\/uploads\/2022\/09\/20220922_223129.jpg","datePublished":"2022-09-23T04:26:21+00:00","author":{"@id":"https:\/\/gentedebasquet.com.ar\/sitio\/#\/schema\/person\/ca0b63bbb977369988a7bbbdc519943a"},"breadcrumb":{"@id":"https:\/\/gentedebasquet.com.ar\/sitio\/2022\/09\/23\/la-punteria-de-estrella-vencio-a-olimpo\/#breadcrumb"},"inLanguage":"es","potentialAction":[{"@type":"ReadAction","target":["https:\/\/gentedebasquet.com.ar\/sitio\/2022\/09\/23\/la-punteria-de-estrella-vencio-a-olimpo\/"]}]},{"@type":"ImageObject","inLanguage":"es","@id":"https:\/\/gentedebasquet.com.ar\/sitio\/2022\/09\/23\/la-punteria-de-estrella-vencio-a-olimpo\/#primaryimage","url":"https:\/\/gentedebasquet.com.ar\/sitio\/wp-content\/uploads\/2022\/09\/20220922_223129.jpg","contentUrl":"https:\/\/gentedebasquet.com.ar\/sitio\/wp-content\/uploads\/2022\/09\/20220922_223129.jpg","width":690,"height":319},{"@type":"BreadcrumbList","@id":"https:\/\/gentedebasquet.com.ar\/sitio\/2022\/09\/23\/la-punteria-de-estrella-vencio-a-olimpo\/#breadcrumb","itemListElement":[{"@type":"ListItem","position":1,"name":"Portada","item":"https:\/\/gentedebasquet.com.ar\/sitio\/"},{"@type":"ListItem","position":2,"name":"La punter\u00eda de Estrella venci\u00f3 a Olimpo"}]},{"@type":"WebSite","@id":"https:\/\/gentedebasquet.com.ar\/sitio\/#website","url":"https:\/\/gentedebasquet.com.ar\/sitio\/","name":"Gente de B\u00e1squet","description":"La revista del basquet de Bah\u00eda Blanca","potentialAction":[{"@type":"SearchAction","target":{"@type":"EntryPoint","urlTemplate":"https:\/\/gentedebasquet.com.ar\/sitio\/?s={search_term_string}"},"query-input":{"@type":"PropertyValueSpecification","valueRequired":true,"valueName":"search_term_string"}}],"inLanguage":"es"},{"@type":"Person","@id":"https:\/\/gentedebasquet.com.ar\/sitio\/#\/schema\/person\/ca0b63bbb977369988a7bbbdc519943a","name":"Gente de B\u00e1squet","image":{"@type":"ImageObject","inLanguage":"es","@id":"https:\/\/secure.gravatar.com\/avatar\/7f2c48bdc33b30088f941fb6082e555f2874c98e20cb159d7b92b50eadfce793?s=96&d=mm&r=g","url":"https:\/\/secure.gravatar.com\/avatar\/7f2c48bdc33b30088f941fb6082e555f2874c98e20cb159d7b92b50eadfce793?s=96&d=mm&r=g","contentUrl":"https:\/\/secure.gravatar.com\/avatar\/7f2c48bdc33b30088f941fb6082e555f2874c98e20cb159d7b92b50eadfce793?s=96&d=mm&r=g","caption":"Gente de B\u00e1squet"},"sameAs":["http:\/\/gentedebasquet.com.ar\/sitio"],"url":"https:\/\/gentedebasquet.com.ar\/sitio\/author\/ulises\/"}]}},"_links":{"self":[{"href":"https:\/\/gentedebasquet.com.ar\/sitio\/wp-json\/wp\/v2\/posts\/103736","targetHints":{"allow":["GET"]}}],"collection":[{"href":"https:\/\/gentedebasquet.com.ar\/sitio\/wp-json\/wp\/v2\/posts"}],"about":[{"href":"https:\/\/gentedebasquet.com.ar\/sitio\/wp-json\/wp\/v2\/types\/post"}],"author":[{"embeddable":true,"href":"https:\/\/gentedebasquet.com.ar\/sitio\/wp-json\/wp\/v2\/users\/1"}],"replies":[{"embeddable":true,"href":"https:\/\/gentedebasquet.com.ar\/sitio\/wp-json\/wp\/v2\/comments?post=103736"}],"version-history":[{"count":0,"href":"https:\/\/gentedebasquet.com.ar\/sitio\/wp-json\/wp\/v2\/posts\/103736\/revisions"}],"wp:featuredmedia":[{"embeddable":true,"href":"https:\/\/gentedebasquet.com.ar\/sitio\/wp-json\/wp\/v2\/media\/103760"}],"wp:attachment":[{"href":"https:\/\/gentedebasquet.com.ar\/sitio\/wp-json\/wp\/v2\/media?parent=103736"}],"wp:term":[{"taxonomy":"category","embeddable":true,"href":"https:\/\/gentedebasquet.com.ar\/sitio\/wp-json\/wp\/v2\/categories?post=103736"},{"taxonomy":"post_tag","embeddable":true,"href":"https:\/\/gentedebasquet.com.ar\/sitio\/wp-json\/wp\/v2\/tags?post=103736"}],"curies":[{"name":"wp","href":"https:\/\/api.w.org\/{rel}","templated":true}]}}