{"id":103781,"date":"2022-09-23T02:24:25","date_gmt":"2022-09-23T05:24:25","guid":{"rendered":"http:\/\/www.gentedebasquet.com.ar\/?p=103781"},"modified":"2022-09-23T02:24:25","modified_gmt":"2022-09-23T05:24:25","slug":"con-alma-y-vida","status":"publish","type":"post","link":"https:\/\/gentedebasquet.com.ar\/sitio\/2022\/09\/23\/con-alma-y-vida\/","title":{"rendered":"Con alma y vida"},"content":{"rendered":"\n<p><strong>Pueyrred\u00f3n se qued\u00f3 con un verdadero triunfazo ante Villa Mitre, por 76-73, en un partido caliente, vibrante y emotivo. De esta manera, el equipo de Fabricio Piccinini contin\u00faa en lo m\u00e1s alto de la tabla. Por su parte, el tricolor sigue hundido en el fondo, sin conocer la victoria.<\/strong><\/p>\n\n\n\n<p><strong>Cuando no se puede jugar bien, hay que buscar otras alternativas donde aferrarse y m\u00e1s, si durante el desarrollo del encuentro vas sufriendo bajas sensibles de jugadores. El alma, el coraz\u00f3n, las ganas, las fuerzas y el car\u00e1cter fueron fundamentales para el Purre. <\/strong><\/p>\n\n\n\n<p><strong>Para quedarse con el ansiado triunfo, fue de mayor a menor. El primer cuarto jug\u00f3 bien y domin\u00f3 las riendas. Tuvo dos art\u00edfices primordiales. Bruni castig\u00f3 con dos triples y Vasconcelo hizo lo que quiso (10). Villa Mitre, por momentos, se sostuvo con algunas corridas de Jano, concretadas por Renzi (8-7).<\/strong><\/p>\n\n\n\n<p><strong>Luego, el desarrollo fue m\u00e1s estacionado y la efectividad del visitante decay\u00f3 (0\/6 t3) y el local aprovech\u00f3 para irse con una ventaja considerable: 21-12.<\/strong>  <\/p>\n\n\n\n<p><strong>Los primeros minutos del segundo periodo fue una continuidad del anterior. Pineda tuvo un buen ingreso y su equipo lleg\u00f3 a sacar +12 (26-14). Sin embargo, el Purre iba a sentir el primer golpe. La salida de Marin por lesi\u00f3n (no volvi\u00f3 a ver acci\u00f3n). <\/strong><\/p>\n\n\n\n<p><strong>El tricolor tom\u00f3 envi\u00f3n y fue creciendo en el juego. Jano Mart\u00ednez pas\u00f3 al rol de anotador (5), acompa\u00f1ado de destellos de Kloster, tambi\u00e9n con 5 pts (29-24). Para colmo, Segundo cometi\u00f3 su tercer falta y fue al banco. Termin\u00f3 maquillando los golpes el local, gracias al buen ingreso del pibe Icasto, con bombazo incluido: 39-31.<\/strong><\/p>\n\n\n\n<p><strong>No iba a terminar ah\u00ed el primer tiempo. Bruni fue descalificado antes de irse a los vestuarios, ya que Marjorie Stuardo le pit\u00f3 una t\u00e9cnica por quejarse (ya ten\u00eda una antideportiva). Otro enorme dolor de cabeza para Piccinini. <\/strong><\/p>\n\n\n\n<p><strong>El segundo tiempo se jug\u00f3 con alma y vida. Como era de esperar, Villa Mitre se vino con todo y r\u00e1pidamente se puso a tiro. Ajust\u00f3 la mira desde lejos entre Jano y Moreno, con dos cada uno. El equipo ven\u00eda de errar todos en el PT (0\/10). Adem\u00e1s, Iglesias fue guapo y penetr\u00f3 con \u00e9xito (6). <\/strong><\/p>\n\n\n\n<p><strong>Combo suficiente para que el tricolor pase al frente 48-51, despu\u00e9s de mucho tiempo. En frente, parec\u00eda complicarse la noche. Hizo lo que pudo y con Vasconcelo tirando del carro (6), se mantuvo expectante: 55-56.<\/strong><\/p>\n\n\n\n<p><strong>El \u00faltimo segmento fue palo a palo. Caliente y vibrante. Para alquilar balcones. Ya el juego era deslucido. La presi\u00f3n jug\u00f3 su protagonismo. El local se apoy\u00f3 al d\u00fao Belleggia (5) &#8211; Roberson (7). El visitante prolong\u00f3 la buena racha del ex jugador de Bahiense, Iglesias (6).<\/strong><\/p>\n\n\n\n<p><strong>A falta de un minuto, el marcador era 70-70. M\u00e1s parejo imposible. All\u00ed, apareci\u00f3 la saliente figura de Juan Pedro Hollender, que no ven\u00eda teniendo mucha participaci\u00f3n. Pero lo llamaron y \u00e9l atendi\u00f3: \u00a8hola, ac\u00e1 estoy<\/strong>\u00a8.<\/p>\n\n\n\n<p><strong>Primero, convirti\u00f3 un doble con dos jugadores del visitante encima (72-70) y luego un doble y falta super festejado, ya que en la jugada anterior el base Janito hab\u00eda encestado un triple para pasar al frente. Quedaban 10 segundos. El resultado era 75-73. Pelota para el tricolor. Recibi\u00f3 Mart\u00ednez, que decidi\u00f3 ganar el pleito buscando el triple, que finalmente malogr\u00f3. <\/strong><\/p>\n\n\n\n<p><strong>Rebote de Segundo, que se abraz\u00f3 a la pelota a m\u00e1s no poder, saboreando una victoria muy importante. Mientras tanto, el Purre sigue por el buen andar y no hay nadie que lo detenga.<\/strong> <\/p>\n\n\n\n<figure class=\"wp-block-image\"><img decoding=\"async\" src=\"http:\/\/www.gentedebasquet.com.ar\/wp-content\/uploads\/2022\/09\/Gif-Publicidades-1.gif\" alt=\"La imagen tiene un atributo ALT vac\u00edo; su nombre de archivo es Gif-Publicidades-1.gif\"\/><\/figure>\n\n\n\n<figure class=\"wp-block-embed is-type-rich is-provider-gestor-del-servicio wp-block-embed-gestor-del-servicio wp-embed-aspect-16-9 wp-has-aspect-ratio\"><div class=\"wp-block-embed__wrapper\">\nhttps:\/\/youtube.com\/watch?v=qzlyjTkGT5M\n<\/div><\/figure>\n\n\n\n<figure class=\"wp-block-image\"><img decoding=\"async\" src=\"http:\/\/www.gentedebasquet.com.ar\/wp-content\/uploads\/2022\/09\/Gif-Publicidades-2.gif\" alt=\"La imagen tiene un atributo ALT vac\u00edo; su nombre de archivo es Gif-Publicidades-2.gif\"\/><\/figure>\n\n\n\n<figure class=\"wp-block-image size-large\"><a href=\"http:\/\/www.gentedebasquet.com.ar\/wp-content\/uploads\/2022\/09\/MVP-7.jpg\"><img decoding=\"async\" width=\"1024\" height=\"1024\" src=\"http:\/\/www.gentedebasquet.com.ar\/wp-content\/uploads\/2022\/09\/MVP-7-1024x1024.jpg\" alt=\"\" class=\"wp-image-103805\" srcset=\"https:\/\/gentedebasquet.com.ar\/sitio\/wp-content\/uploads\/2022\/09\/MVP-7-1024x1024.jpg 1024w, https:\/\/gentedebasquet.com.ar\/sitio\/wp-content\/uploads\/2022\/09\/MVP-7-300x300.jpg 300w, https:\/\/gentedebasquet.com.ar\/sitio\/wp-content\/uploads\/2022\/09\/MVP-7-150x150.jpg 150w, https:\/\/gentedebasquet.com.ar\/sitio\/wp-content\/uploads\/2022\/09\/MVP-7-768x768.jpg 768w, https:\/\/gentedebasquet.com.ar\/sitio\/wp-content\/uploads\/2022\/09\/MVP-7-1536x1536.jpg 1536w, https:\/\/gentedebasquet.com.ar\/sitio\/wp-content\/uploads\/2022\/09\/MVP-7.jpg 2000w\" sizes=\"(max-width: 1024px) 100vw, 1024px\" \/><\/a><\/figure>\n\n\n\n<figure class=\"wp-block-image size-full\"><a href=\"http:\/\/www.gentedebasquet.com.ar\/wp-content\/uploads\/2021\/11\/Segundo.jpg\"><img decoding=\"async\" width=\"680\" height=\"480\" src=\"http:\/\/www.gentedebasquet.com.ar\/wp-content\/uploads\/2021\/11\/Segundo.jpg\" alt=\"\" class=\"wp-image-101343\" srcset=\"https:\/\/gentedebasquet.com.ar\/sitio\/wp-content\/uploads\/2021\/11\/Segundo.jpg 680w, https:\/\/gentedebasquet.com.ar\/sitio\/wp-content\/uploads\/2021\/11\/Segundo-300x212.jpg 300w\" sizes=\"(max-width: 680px) 100vw, 680px\" \/><\/a><\/figure>\n\n\n\n<blockquote class=\"wp-block-quote is-layout-flow wp-block-quote-is-layout-flow\"><p>\u00a8Fue un partido dur\u00edsimo, tuvimos bajas inesperadas, que son cosas que te pueden pasar durante el desarrollo del juego. Fue un segundo tiempo m\u00e1s complicado de lo normal. Villa Mitre sabiendo que nos faltaban tiradores fue inteligente, pero lo pudimos sacar adelante. No jugamos del todo bien, pero lo importante es ganar como sea y lo logramos. Todos los rivales son complicados. Hay que poner lo mejor de nosotros siempre\u00a8 <strong>Segundo Vasconcelo,<\/strong> <strong>jugador de Pueyrred\u00f3n.<\/strong><\/p><\/blockquote>\n\n\n\n<figure class=\"wp-block-image\"><img decoding=\"async\" src=\"http:\/\/www.gentedebasquet.com.ar\/wp-content\/uploads\/2022\/09\/Gif-Publicidades-2.gif\" alt=\"La imagen tiene un atributo ALT vac\u00edo; su nombre de archivo es Gif-Publicidades-2.gif\"\/><\/figure>\n\n\n\n<p><strong>S\u00edntesis <\/strong>&#8211; Primera &#8211; Fecha #3<\/p>\n\n\n\n<p><strong>Pueyrred\u00f3n 76:<\/strong> Segundo Vasconcelo 23, Tom\u00e1s Bruni 9 (D), Jos\u00e9 Belleggia 7, Eddie Roberson 9, Juan Pedro Hollender 15 (FI); Lucas Marin 0, David Pineda 7, Agust\u00edn Icasto 6 y Gregorio Gerhardt. DT: Fabricio Piccinini.<\/p>\n\n\n\n<p><strong>Villa Mitre 73<\/strong>: Jano Mart\u00ednez 18, Manuel Iglesias 12, Nicol\u00e1s Renzi 11, Ignacio Moreno 17, Ignacio Alem 0 (FI); Fausto De Paoli 8 y Juli\u00e1n Kloster 7. DT: Sebasti\u00e1n Acosta.<\/p>\n\n\n\n<p><strong>Parciales:<\/strong> 21-12, 39-31 (18-19), 55-56 (16-25) y 76-73 (21-17).<\/p>\n\n\n\n<p><strong>\u00c1rbitros:<\/strong> Eduardo Ferreyra, Marjorie Stuardo y Diego Kessler.<\/p>\n\n\n\n<p><strong>Estadio:<\/strong> Vicente Palermo (Pueyrred\u00f3n).<\/p>\n\n\n\n<p><a href=\"https:\/\/fibalivestats.dcd.shared.geniussports.com\/u\/ABB\/2134215\/bs.html\">ESTADISTICAS OFICIALES<\/a><\/p>\n\n\n\n<figure class=\"wp-block-image\"><img decoding=\"async\" src=\"http:\/\/www.gentedebasquet.com.ar\/wp-content\/uploads\/2022\/09\/Gif-Publicidades-3.gif\" alt=\"La imagen tiene un atributo ALT vac\u00edo; su nombre de archivo es Gif-Publicidades-3.gif\"\/><\/figure>\n\n\n\n<figure class=\"wp-block-image size-large\"><a href=\"http:\/\/www.gentedebasquet.com.ar\/wp-content\/uploads\/2022\/09\/CLAVE-9.jpg\"><img decoding=\"async\" width=\"1024\" height=\"1024\" src=\"http:\/\/www.gentedebasquet.com.ar\/wp-content\/uploads\/2022\/09\/CLAVE-9-1024x1024.jpg\" alt=\"\" class=\"wp-image-103807\" srcset=\"https:\/\/gentedebasquet.com.ar\/sitio\/wp-content\/uploads\/2022\/09\/CLAVE-9-1024x1024.jpg 1024w, https:\/\/gentedebasquet.com.ar\/sitio\/wp-content\/uploads\/2022\/09\/CLAVE-9-300x300.jpg 300w, https:\/\/gentedebasquet.com.ar\/sitio\/wp-content\/uploads\/2022\/09\/CLAVE-9-150x150.jpg 150w, https:\/\/gentedebasquet.com.ar\/sitio\/wp-content\/uploads\/2022\/09\/CLAVE-9-768x768.jpg 768w, https:\/\/gentedebasquet.com.ar\/sitio\/wp-content\/uploads\/2022\/09\/CLAVE-9-1536x1536.jpg 1536w, https:\/\/gentedebasquet.com.ar\/sitio\/wp-content\/uploads\/2022\/09\/CLAVE-9.jpg 2000w\" sizes=\"(max-width: 1024px) 100vw, 1024px\" \/><\/a><\/figure>\n\n\n\n<figure class=\"wp-block-image\"><img decoding=\"async\" src=\"http:\/\/www.gentedebasquet.com.ar\/wp-content\/uploads\/2022\/09\/Gif-Publicidades-4.gif\" alt=\"La imagen tiene un atributo ALT vac\u00edo; su nombre de archivo es Gif-Publicidades-4.gif\"\/><\/figure>\n\n\n\n<figure class=\"wp-block-image size-full\"><a href=\"http:\/\/www.gentedebasquet.com.ar\/wp-content\/uploads\/2022\/09\/DESARROLLO-5.jpg\"><img decoding=\"async\" width=\"680\" height=\"480\" src=\"http:\/\/www.gentedebasquet.com.ar\/wp-content\/uploads\/2022\/09\/DESARROLLO-5.jpg\" alt=\"\" class=\"wp-image-103808\" srcset=\"https:\/\/gentedebasquet.com.ar\/sitio\/wp-content\/uploads\/2022\/09\/DESARROLLO-5.jpg 680w, https:\/\/gentedebasquet.com.ar\/sitio\/wp-content\/uploads\/2022\/09\/DESARROLLO-5-300x212.jpg 300w\" sizes=\"(max-width: 680px) 100vw, 680px\" \/><\/a><\/figure>\n","protected":false},"excerpt":{"rendered":"<p>En un caliente partido, Pueyrred\u00f3n gan\u00f3 y sigue puntero.<\/p>\n","protected":false},"author":1,"featured_media":103810,"comment_status":"closed","ping_status":"open","sticky":false,"template":"","format":"standard","meta":{"jnews-multi-image_gallery":[],"jnews_single_post":[],"jnews_primary_category":[],"footnotes":""},"categories":[23,101],"tags":[134,1394,1605,18,1273,22],"class_list":["post-103781","post","type-post","status-publish","format-standard","has-post-thumbnail","hentry","category-primera","category-slide","tag-ignacio-moreno","tag-jano-martinez","tag-juan-pedro-hollender","tag-pueyrredon","tag-segundo-vasconcelo","tag-villa-mitre"],"yoast_head":"<!-- This site is optimized with the Yoast SEO plugin v27.5 - https:\/\/yoast.com\/product\/yoast-seo-wordpress\/ -->\n<title>Con alma y vida - Gente de B\u00e1squet<\/title>\n<meta name=\"robots\" content=\"index, follow, max-snippet:-1, max-image-preview:large, max-video-preview:-1\" \/>\n<link rel=\"canonical\" href=\"https:\/\/gentedebasquet.com.ar\/sitio\/2022\/09\/23\/con-alma-y-vida\/\" \/>\n<meta property=\"og:locale\" content=\"es_ES\" \/>\n<meta property=\"og:type\" content=\"article\" \/>\n<meta property=\"og:title\" content=\"Con alma y vida - Gente de B\u00e1squet\" \/>\n<meta property=\"og:description\" content=\"En un caliente partido, Pueyrred\u00f3n gan\u00f3 y sigue puntero.\" \/>\n<meta property=\"og:url\" content=\"https:\/\/gentedebasquet.com.ar\/sitio\/2022\/09\/23\/con-alma-y-vida\/\" \/>\n<meta property=\"og:site_name\" content=\"Gente de B\u00e1squet\" \/>\n<meta property=\"article:published_time\" content=\"2022-09-23T05:24:25+00:00\" \/>\n<meta property=\"og:image\" content=\"https:\/\/gentedebasquet.com.ar\/sitio\/wp-content\/uploads\/2022\/09\/DESTACADA-9.jpg\" \/>\n\t<meta property=\"og:image:width\" content=\"690\" \/>\n\t<meta property=\"og:image:height\" content=\"319\" \/>\n\t<meta property=\"og:image:type\" content=\"image\/jpeg\" \/>\n<meta name=\"author\" content=\"Gente de B\u00e1squet\" \/>\n<meta name=\"twitter:card\" content=\"summary_large_image\" \/>\n<meta name=\"twitter:label1\" content=\"Escrito por\" \/>\n\t<meta name=\"twitter:data1\" content=\"Gente de B\u00e1squet\" \/>\n\t<meta name=\"twitter:label2\" content=\"Tiempo de lectura\" \/>\n\t<meta name=\"twitter:data2\" content=\"4 minutos\" \/>\n<script type=\"application\/ld+json\" class=\"yoast-schema-graph\">{\"@context\":\"https:\\\/\\\/schema.org\",\"@graph\":[{\"@type\":\"Article\",\"@id\":\"https:\\\/\\\/gentedebasquet.com.ar\\\/sitio\\\/2022\\\/09\\\/23\\\/con-alma-y-vida\\\/#article\",\"isPartOf\":{\"@id\":\"https:\\\/\\\/gentedebasquet.com.ar\\\/sitio\\\/2022\\\/09\\\/23\\\/con-alma-y-vida\\\/\"},\"author\":{\"name\":\"Gente de B\u00e1squet\",\"@id\":\"https:\\\/\\\/gentedebasquet.com.ar\\\/sitio\\\/#\\\/schema\\\/person\\\/ca0b63bbb977369988a7bbbdc519943a\"},\"headline\":\"Con alma y vida\",\"datePublished\":\"2022-09-23T05:24:25+00:00\",\"mainEntityOfPage\":{\"@id\":\"https:\\\/\\\/gentedebasquet.com.ar\\\/sitio\\\/2022\\\/09\\\/23\\\/con-alma-y-vida\\\/\"},\"wordCount\":767,\"image\":{\"@id\":\"https:\\\/\\\/gentedebasquet.com.ar\\\/sitio\\\/2022\\\/09\\\/23\\\/con-alma-y-vida\\\/#primaryimage\"},\"thumbnailUrl\":\"https:\\\/\\\/gentedebasquet.com.ar\\\/sitio\\\/wp-content\\\/uploads\\\/2022\\\/09\\\/DESTACADA-9.jpg\",\"keywords\":[\"Ignacio Moreno\",\"Jano Mart\u00ednez\",\"Juan Pedro Hollender\",\"Pueyrredon\",\"Segundo Vasconcelo\",\"Villa Mitre\"],\"articleSection\":[\"Primera\",\"Slide\"],\"inLanguage\":\"es\"},{\"@type\":\"WebPage\",\"@id\":\"https:\\\/\\\/gentedebasquet.com.ar\\\/sitio\\\/2022\\\/09\\\/23\\\/con-alma-y-vida\\\/\",\"url\":\"https:\\\/\\\/gentedebasquet.com.ar\\\/sitio\\\/2022\\\/09\\\/23\\\/con-alma-y-vida\\\/\",\"name\":\"Con alma y vida - Gente de B\u00e1squet\",\"isPartOf\":{\"@id\":\"https:\\\/\\\/gentedebasquet.com.ar\\\/sitio\\\/#website\"},\"primaryImageOfPage\":{\"@id\":\"https:\\\/\\\/gentedebasquet.com.ar\\\/sitio\\\/2022\\\/09\\\/23\\\/con-alma-y-vida\\\/#primaryimage\"},\"image\":{\"@id\":\"https:\\\/\\\/gentedebasquet.com.ar\\\/sitio\\\/2022\\\/09\\\/23\\\/con-alma-y-vida\\\/#primaryimage\"},\"thumbnailUrl\":\"https:\\\/\\\/gentedebasquet.com.ar\\\/sitio\\\/wp-content\\\/uploads\\\/2022\\\/09\\\/DESTACADA-9.jpg\",\"datePublished\":\"2022-09-23T05:24:25+00:00\",\"author\":{\"@id\":\"https:\\\/\\\/gentedebasquet.com.ar\\\/sitio\\\/#\\\/schema\\\/person\\\/ca0b63bbb977369988a7bbbdc519943a\"},\"breadcrumb\":{\"@id\":\"https:\\\/\\\/gentedebasquet.com.ar\\\/sitio\\\/2022\\\/09\\\/23\\\/con-alma-y-vida\\\/#breadcrumb\"},\"inLanguage\":\"es\",\"potentialAction\":[{\"@type\":\"ReadAction\",\"target\":[\"https:\\\/\\\/gentedebasquet.com.ar\\\/sitio\\\/2022\\\/09\\\/23\\\/con-alma-y-vida\\\/\"]}]},{\"@type\":\"ImageObject\",\"inLanguage\":\"es\",\"@id\":\"https:\\\/\\\/gentedebasquet.com.ar\\\/sitio\\\/2022\\\/09\\\/23\\\/con-alma-y-vida\\\/#primaryimage\",\"url\":\"https:\\\/\\\/gentedebasquet.com.ar\\\/sitio\\\/wp-content\\\/uploads\\\/2022\\\/09\\\/DESTACADA-9.jpg\",\"contentUrl\":\"https:\\\/\\\/gentedebasquet.com.ar\\\/sitio\\\/wp-content\\\/uploads\\\/2022\\\/09\\\/DESTACADA-9.jpg\",\"width\":690,\"height\":319},{\"@type\":\"BreadcrumbList\",\"@id\":\"https:\\\/\\\/gentedebasquet.com.ar\\\/sitio\\\/2022\\\/09\\\/23\\\/con-alma-y-vida\\\/#breadcrumb\",\"itemListElement\":[{\"@type\":\"ListItem\",\"position\":1,\"name\":\"Portada\",\"item\":\"https:\\\/\\\/gentedebasquet.com.ar\\\/sitio\\\/\"},{\"@type\":\"ListItem\",\"position\":2,\"name\":\"Con alma y vida\"}]},{\"@type\":\"WebSite\",\"@id\":\"https:\\\/\\\/gentedebasquet.com.ar\\\/sitio\\\/#website\",\"url\":\"https:\\\/\\\/gentedebasquet.com.ar\\\/sitio\\\/\",\"name\":\"Gente de B\u00e1squet\",\"description\":\"La revista del basquet de Bah\u00eda Blanca\",\"potentialAction\":[{\"@type\":\"SearchAction\",\"target\":{\"@type\":\"EntryPoint\",\"urlTemplate\":\"https:\\\/\\\/gentedebasquet.com.ar\\\/sitio\\\/?s={search_term_string}\"},\"query-input\":{\"@type\":\"PropertyValueSpecification\",\"valueRequired\":true,\"valueName\":\"search_term_string\"}}],\"inLanguage\":\"es\"},{\"@type\":\"Person\",\"@id\":\"https:\\\/\\\/gentedebasquet.com.ar\\\/sitio\\\/#\\\/schema\\\/person\\\/ca0b63bbb977369988a7bbbdc519943a\",\"name\":\"Gente de B\u00e1squet\",\"image\":{\"@type\":\"ImageObject\",\"inLanguage\":\"es\",\"@id\":\"https:\\\/\\\/secure.gravatar.com\\\/avatar\\\/7f2c48bdc33b30088f941fb6082e555f2874c98e20cb159d7b92b50eadfce793?s=96&d=mm&r=g\",\"url\":\"https:\\\/\\\/secure.gravatar.com\\\/avatar\\\/7f2c48bdc33b30088f941fb6082e555f2874c98e20cb159d7b92b50eadfce793?s=96&d=mm&r=g\",\"contentUrl\":\"https:\\\/\\\/secure.gravatar.com\\\/avatar\\\/7f2c48bdc33b30088f941fb6082e555f2874c98e20cb159d7b92b50eadfce793?s=96&d=mm&r=g\",\"caption\":\"Gente de B\u00e1squet\"},\"sameAs\":[\"http:\\\/\\\/gentedebasquet.com.ar\\\/sitio\"],\"url\":\"https:\\\/\\\/gentedebasquet.com.ar\\\/sitio\\\/author\\\/ulises\\\/\"}]}<\/script>\n<!-- \/ Yoast SEO plugin. -->","yoast_head_json":{"title":"Con alma y vida - Gente de B\u00e1squet","robots":{"index":"index","follow":"follow","max-snippet":"max-snippet:-1","max-image-preview":"max-image-preview:large","max-video-preview":"max-video-preview:-1"},"canonical":"https:\/\/gentedebasquet.com.ar\/sitio\/2022\/09\/23\/con-alma-y-vida\/","og_locale":"es_ES","og_type":"article","og_title":"Con alma y vida - Gente de B\u00e1squet","og_description":"En un caliente partido, Pueyrred\u00f3n gan\u00f3 y sigue puntero.","og_url":"https:\/\/gentedebasquet.com.ar\/sitio\/2022\/09\/23\/con-alma-y-vida\/","og_site_name":"Gente de B\u00e1squet","article_published_time":"2022-09-23T05:24:25+00:00","og_image":[{"width":690,"height":319,"url":"https:\/\/gentedebasquet.com.ar\/sitio\/wp-content\/uploads\/2022\/09\/DESTACADA-9.jpg","type":"image\/jpeg"}],"author":"Gente de B\u00e1squet","twitter_card":"summary_large_image","twitter_misc":{"Escrito por":"Gente de B\u00e1squet","Tiempo de lectura":"4 minutos"},"schema":{"@context":"https:\/\/schema.org","@graph":[{"@type":"Article","@id":"https:\/\/gentedebasquet.com.ar\/sitio\/2022\/09\/23\/con-alma-y-vida\/#article","isPartOf":{"@id":"https:\/\/gentedebasquet.com.ar\/sitio\/2022\/09\/23\/con-alma-y-vida\/"},"author":{"name":"Gente de B\u00e1squet","@id":"https:\/\/gentedebasquet.com.ar\/sitio\/#\/schema\/person\/ca0b63bbb977369988a7bbbdc519943a"},"headline":"Con alma y vida","datePublished":"2022-09-23T05:24:25+00:00","mainEntityOfPage":{"@id":"https:\/\/gentedebasquet.com.ar\/sitio\/2022\/09\/23\/con-alma-y-vida\/"},"wordCount":767,"image":{"@id":"https:\/\/gentedebasquet.com.ar\/sitio\/2022\/09\/23\/con-alma-y-vida\/#primaryimage"},"thumbnailUrl":"https:\/\/gentedebasquet.com.ar\/sitio\/wp-content\/uploads\/2022\/09\/DESTACADA-9.jpg","keywords":["Ignacio Moreno","Jano Mart\u00ednez","Juan Pedro Hollender","Pueyrredon","Segundo Vasconcelo","Villa Mitre"],"articleSection":["Primera","Slide"],"inLanguage":"es"},{"@type":"WebPage","@id":"https:\/\/gentedebasquet.com.ar\/sitio\/2022\/09\/23\/con-alma-y-vida\/","url":"https:\/\/gentedebasquet.com.ar\/sitio\/2022\/09\/23\/con-alma-y-vida\/","name":"Con alma y vida - Gente de B\u00e1squet","isPartOf":{"@id":"https:\/\/gentedebasquet.com.ar\/sitio\/#website"},"primaryImageOfPage":{"@id":"https:\/\/gentedebasquet.com.ar\/sitio\/2022\/09\/23\/con-alma-y-vida\/#primaryimage"},"image":{"@id":"https:\/\/gentedebasquet.com.ar\/sitio\/2022\/09\/23\/con-alma-y-vida\/#primaryimage"},"thumbnailUrl":"https:\/\/gentedebasquet.com.ar\/sitio\/wp-content\/uploads\/2022\/09\/DESTACADA-9.jpg","datePublished":"2022-09-23T05:24:25+00:00","author":{"@id":"https:\/\/gentedebasquet.com.ar\/sitio\/#\/schema\/person\/ca0b63bbb977369988a7bbbdc519943a"},"breadcrumb":{"@id":"https:\/\/gentedebasquet.com.ar\/sitio\/2022\/09\/23\/con-alma-y-vida\/#breadcrumb"},"inLanguage":"es","potentialAction":[{"@type":"ReadAction","target":["https:\/\/gentedebasquet.com.ar\/sitio\/2022\/09\/23\/con-alma-y-vida\/"]}]},{"@type":"ImageObject","inLanguage":"es","@id":"https:\/\/gentedebasquet.com.ar\/sitio\/2022\/09\/23\/con-alma-y-vida\/#primaryimage","url":"https:\/\/gentedebasquet.com.ar\/sitio\/wp-content\/uploads\/2022\/09\/DESTACADA-9.jpg","contentUrl":"https:\/\/gentedebasquet.com.ar\/sitio\/wp-content\/uploads\/2022\/09\/DESTACADA-9.jpg","width":690,"height":319},{"@type":"BreadcrumbList","@id":"https:\/\/gentedebasquet.com.ar\/sitio\/2022\/09\/23\/con-alma-y-vida\/#breadcrumb","itemListElement":[{"@type":"ListItem","position":1,"name":"Portada","item":"https:\/\/gentedebasquet.com.ar\/sitio\/"},{"@type":"ListItem","position":2,"name":"Con alma y vida"}]},{"@type":"WebSite","@id":"https:\/\/gentedebasquet.com.ar\/sitio\/#website","url":"https:\/\/gentedebasquet.com.ar\/sitio\/","name":"Gente de B\u00e1squet","description":"La revista del basquet de Bah\u00eda Blanca","potentialAction":[{"@type":"SearchAction","target":{"@type":"EntryPoint","urlTemplate":"https:\/\/gentedebasquet.com.ar\/sitio\/?s={search_term_string}"},"query-input":{"@type":"PropertyValueSpecification","valueRequired":true,"valueName":"search_term_string"}}],"inLanguage":"es"},{"@type":"Person","@id":"https:\/\/gentedebasquet.com.ar\/sitio\/#\/schema\/person\/ca0b63bbb977369988a7bbbdc519943a","name":"Gente de B\u00e1squet","image":{"@type":"ImageObject","inLanguage":"es","@id":"https:\/\/secure.gravatar.com\/avatar\/7f2c48bdc33b30088f941fb6082e555f2874c98e20cb159d7b92b50eadfce793?s=96&d=mm&r=g","url":"https:\/\/secure.gravatar.com\/avatar\/7f2c48bdc33b30088f941fb6082e555f2874c98e20cb159d7b92b50eadfce793?s=96&d=mm&r=g","contentUrl":"https:\/\/secure.gravatar.com\/avatar\/7f2c48bdc33b30088f941fb6082e555f2874c98e20cb159d7b92b50eadfce793?s=96&d=mm&r=g","caption":"Gente de B\u00e1squet"},"sameAs":["http:\/\/gentedebasquet.com.ar\/sitio"],"url":"https:\/\/gentedebasquet.com.ar\/sitio\/author\/ulises\/"}]}},"_links":{"self":[{"href":"https:\/\/gentedebasquet.com.ar\/sitio\/wp-json\/wp\/v2\/posts\/103781","targetHints":{"allow":["GET"]}}],"collection":[{"href":"https:\/\/gentedebasquet.com.ar\/sitio\/wp-json\/wp\/v2\/posts"}],"about":[{"href":"https:\/\/gentedebasquet.com.ar\/sitio\/wp-json\/wp\/v2\/types\/post"}],"author":[{"embeddable":true,"href":"https:\/\/gentedebasquet.com.ar\/sitio\/wp-json\/wp\/v2\/users\/1"}],"replies":[{"embeddable":true,"href":"https:\/\/gentedebasquet.com.ar\/sitio\/wp-json\/wp\/v2\/comments?post=103781"}],"version-history":[{"count":0,"href":"https:\/\/gentedebasquet.com.ar\/sitio\/wp-json\/wp\/v2\/posts\/103781\/revisions"}],"wp:featuredmedia":[{"embeddable":true,"href":"https:\/\/gentedebasquet.com.ar\/sitio\/wp-json\/wp\/v2\/media\/103810"}],"wp:attachment":[{"href":"https:\/\/gentedebasquet.com.ar\/sitio\/wp-json\/wp\/v2\/media?parent=103781"}],"wp:term":[{"taxonomy":"category","embeddable":true,"href":"https:\/\/gentedebasquet.com.ar\/sitio\/wp-json\/wp\/v2\/categories?post=103781"},{"taxonomy":"post_tag","embeddable":true,"href":"https:\/\/gentedebasquet.com.ar\/sitio\/wp-json\/wp\/v2\/tags?post=103781"}],"curies":[{"name":"wp","href":"https:\/\/api.w.org\/{rel}","templated":true}]}}