{"id":103942,"date":"2022-09-30T01:41:50","date_gmt":"2022-09-30T04:41:50","guid":{"rendered":"http:\/\/www.gentedebasquet.com.ar\/?p=103942"},"modified":"2022-09-30T01:41:50","modified_gmt":"2022-09-30T04:41:50","slug":"lucho-y-tuvo-su-recompensa","status":"publish","type":"post","link":"https:\/\/gentedebasquet.com.ar\/sitio\/2022\/09\/30\/lucho-y-tuvo-su-recompensa\/","title":{"rendered":"Luch\u00f3 y tuvo su recompensa"},"content":{"rendered":"\n<p><strong>En un partido de poco goleo y suma paridad, Alem consigui\u00f3 su tercer victoria consecutiva y dej\u00f3 sin invicto a Pueyrred\u00f3n, al derrotarlo 61 a 60, en el Vicente Palermo.<\/strong><\/p>\n\n\n\n<p><strong>Luego de que el visitante rompa el cero, el local plasm\u00f3 un parcial de 10-0, para escapar 10-2. Esa ventaja lleg\u00f3 a ser de doble digito: 14-3. El juego interno del purre marc\u00f3 el camino. Principalmente, lo hecho por Hollender (6 pts y 8 reb). <\/strong><\/p>\n\n\n\n<p><strong>El verdirrojo estuvo 5 minutos y medio sin anotar de campo, cometiendo muchas p\u00e9rdidas (4). Sin embargo, cambi\u00f3 la cara en el cierre del segmento y as\u00ed, maquill\u00f3 un poco su labor (19-13), con el buen ingreso de Cort\u00e9s (4).<\/strong><\/p>\n\n\n\n<p><strong>Fue en crecimiento el equipo de Polla. R\u00e1pidamente logr\u00f3 ponerse en partido empat\u00e1ndolo en 19, con la conducci\u00f3n de Zapata (3) y los puntos de Sombra (4). Cont\u00f3 con buenos aportes del banco. En cambio, el local present\u00f3 una rotaci\u00f3n corta (Marin desgarrado).<\/strong><\/p>\n\n\n\n<p><strong>Alem le dio m\u00e1s din\u00e1mica a su juego y cuando pudo correr la cancha, marc\u00f3 la diferencia. En Pueyrred\u00f3n, no podemos dejar de mencionar el gran trabajo del pivot Hollender, con un doble doble en el primer tiempo (12 pts y 11 reb). Paridad absoluta. Todo igualado en 30. <\/strong><\/p>\n\n\n\n<p><strong>Un calco al inicio del partido fue el amanecer del tercero. Ambos tardaron varios minutos en acomodarse. Y cu\u00e1ndo eso sucedi\u00f3, el local fue el estuvo un pasito m\u00e1s adelante. El protagonismo pas\u00f3 de Hollender a Bruni. El pivot se carg\u00f3 con 3 faltas y el ex Argentino tom\u00f3 la batuta (8).<\/strong><\/p>\n\n\n\n<p><strong>El visitante sufri\u00f3 la importante baja de Cavero con 4 faltas y por ende, la generaci\u00f3n de juego le cost\u00f3 el doble. A una peque\u00f1a luz de ventaja se abraz\u00f3 el purre de cara al \u00faltimo segmento: 46-41.<\/strong><\/p>\n\n\n\n<p><strong>El local entr\u00f3 para liquidarlo. Sac\u00f3 10 de ventaja (54-44), con 6 minutos por jugar, con una buena aparici\u00f3n de Belleggia (4) y aprovechando las 3 p\u00e9rdidas del verdirrojo. Pero sucedieron un par de cosas, que terminaron siendo clave, para que se de vuelta la historia.<\/strong><\/p>\n\n\n\n<p><strong>4 falta de Hollender y Vasconcelo, 2 triples de Turcato, 5 infracci\u00f3n de Segundo y luego, un bombazo de Cavero, cuando el equipo ven\u00eda de tirar \u00a11\/19! Para as\u00ed, sentenciar un parcial de 6-17 y ponerse arriba 60-61, con un minuto por jugar. El resultado no se iba a modificar, porque el local tom\u00f3 dos malas decisiones en ataque, incluyendo la \u00faltima bola que tuvo para ganar el partido. <\/strong><\/p>\n\n\n\n<figure class=\"wp-block-image\"><img decoding=\"async\" src=\"http:\/\/www.gentedebasquet.com.ar\/wp-content\/uploads\/2022\/09\/Gif-Publicidades-1.gif\" alt=\"La imagen tiene un atributo ALT vac\u00edo; su nombre de archivo es Gif-Publicidades-1.gif\"\/><\/figure>\n\n\n\n<figure class=\"wp-block-embed is-type-rich is-provider-gestor-del-servicio wp-block-embed-gestor-del-servicio wp-embed-aspect-16-9 wp-has-aspect-ratio\"><div class=\"wp-block-embed__wrapper\">\nhttps:\/\/youtube.com\/watch?v=JiokHEWQjkQ\n<\/div><\/figure>\n\n\n\n<figure class=\"wp-block-image\"><img decoding=\"async\" src=\"http:\/\/www.gentedebasquet.com.ar\/wp-content\/uploads\/2022\/09\/Gif-Publicidades-2.gif\" alt=\"La imagen tiene un atributo ALT vac\u00edo; su nombre de archivo es Gif-Publicidades-2.gif\"\/><\/figure>\n\n\n\n<figure class=\"wp-block-image size-large\"><a href=\"http:\/\/www.gentedebasquet.com.ar\/wp-content\/uploads\/2022\/09\/MVP-10.jpg\"><img decoding=\"async\" width=\"1024\" height=\"1024\" src=\"http:\/\/www.gentedebasquet.com.ar\/wp-content\/uploads\/2022\/09\/MVP-10-1024x1024.jpg\" alt=\"\" class=\"wp-image-103951\" srcset=\"https:\/\/gentedebasquet.com.ar\/sitio\/wp-content\/uploads\/2022\/09\/MVP-10-1024x1024.jpg 1024w, https:\/\/gentedebasquet.com.ar\/sitio\/wp-content\/uploads\/2022\/09\/MVP-10-300x300.jpg 300w, https:\/\/gentedebasquet.com.ar\/sitio\/wp-content\/uploads\/2022\/09\/MVP-10-150x150.jpg 150w, https:\/\/gentedebasquet.com.ar\/sitio\/wp-content\/uploads\/2022\/09\/MVP-10-768x768.jpg 768w, https:\/\/gentedebasquet.com.ar\/sitio\/wp-content\/uploads\/2022\/09\/MVP-10-1536x1536.jpg 1536w, https:\/\/gentedebasquet.com.ar\/sitio\/wp-content\/uploads\/2022\/09\/MVP-10.jpg 2000w\" sizes=\"(max-width: 1024px) 100vw, 1024px\" \/><\/a><\/figure>\n\n\n\n<figure class=\"wp-block-image size-full\"><a href=\"http:\/\/www.gentedebasquet.com.ar\/wp-content\/uploads\/2022\/09\/Turcato.jpg\"><img decoding=\"async\" width=\"680\" height=\"480\" src=\"http:\/\/www.gentedebasquet.com.ar\/wp-content\/uploads\/2022\/09\/Turcato.jpg\" alt=\"\" class=\"wp-image-103952\" srcset=\"https:\/\/gentedebasquet.com.ar\/sitio\/wp-content\/uploads\/2022\/09\/Turcato.jpg 680w, https:\/\/gentedebasquet.com.ar\/sitio\/wp-content\/uploads\/2022\/09\/Turcato-300x212.jpg 300w\" sizes=\"(max-width: 680px) 100vw, 680px\" \/><\/a><\/figure>\n\n\n\n<blockquote class=\"wp-block-quote is-layout-flow wp-block-quote-is-layout-flow\"><p>\u00a8Le ganamos a uno de los candidatos. Hoy le falta una pieza clave como es Marin, pero igualmente tienen muchas variantes y buen juego. Son muy fuertes y m\u00e1s de local. Se hizo un juego trabado e intenso. La terminamos metiendo, pero en la mayor\u00eda del transcurso del partido no la pudimos meter. Pudimos llevarlo palo a palo. Todos los partidos hay que jugarlo como una final, cualquiera le puede ganar a cualquiera, es un torneo muy parejo\u00a8<strong> Juli\u00e1n Turcato<\/strong>, <strong>jugador de Alem<\/strong> <\/p><\/blockquote>\n\n\n\n<figure class=\"wp-block-image\"><img decoding=\"async\" src=\"http:\/\/www.gentedebasquet.com.ar\/wp-content\/uploads\/2022\/09\/Gif-Publicidades-3.gif\" alt=\"La imagen tiene un atributo ALT vac\u00edo; su nombre de archivo es Gif-Publicidades-3.gif\"\/><\/figure>\n\n\n\n<p><strong>S\u00edntesis<\/strong> &#8211; Primera &#8211; Fecha #4<\/p>\n\n\n\n<p><strong>Pueyrred\u00f3n 60:<\/strong> Segundo Vasconcelo 9 (x), Tom\u00e1s Bruni 17, Jos\u00e9 Belleggia 4, Eddie Roberson 11, Juan Pedro Hollender 16 (FI); Gregorio Gerhardt 0, David Pineda 3 y Agust\u00edn Icasto 0. DT: Fabricio Piccinini.<\/p>\n\n\n\n<p><strong>Alem 61: <\/strong>Lautaro Cavero 11, Patricio Zapata 3, Mat\u00edas Ponzoni 10, Walter Gigena 5, Alan Gonz\u00e1lez 4 (FI); Valent\u00edn Cort\u00e9s 6, Juli\u00e1n Turcato 16, Emiliano Sombra 4, Pedro Palacio 0 y Juan Cruz Mambretti 2. DT: Mauro Polla. <\/p>\n\n\n\n<p><strong>Parciales:<\/strong> 19-13, 30-30 (11-17), 46-41 (16-11) y 60-61 (14-20).<\/p>\n\n\n\n<p><strong>\u00c1rbitros:<\/strong> Sebasti\u00e1n Arcas, Juan Gabriel Jaramillo, Juan Mat\u00edas.<\/p>\n\n\n\n<p><strong>Estadio: <\/strong>Vicente Palermo (Pueyrred\u00f3n).<\/p>\n\n\n\n<p><a href=\"https:\/\/fibalivestats.dcd.shared.geniussports.com\/u\/ABB\/2134228\/bs.html#ASFSK\">ESTAD\u00cdSTICAS OFICIALES<\/a><\/p>\n\n\n\n<figure class=\"wp-block-image\"><img decoding=\"async\" src=\"http:\/\/www.gentedebasquet.com.ar\/wp-content\/uploads\/2022\/09\/Gif-Publicidades-4.gif\" alt=\"La imagen tiene un atributo ALT vac\u00edo; su nombre de archivo es Gif-Publicidades-4.gif\"\/><\/figure>\n\n\n\n<figure class=\"wp-block-image size-large\"><a href=\"http:\/\/www.gentedebasquet.com.ar\/wp-content\/uploads\/2022\/09\/CLAVE-12.jpg\"><img decoding=\"async\" width=\"1024\" height=\"1024\" src=\"http:\/\/www.gentedebasquet.com.ar\/wp-content\/uploads\/2022\/09\/CLAVE-12-1024x1024.jpg\" alt=\"\" class=\"wp-image-103957\" srcset=\"https:\/\/gentedebasquet.com.ar\/sitio\/wp-content\/uploads\/2022\/09\/CLAVE-12-1024x1024.jpg 1024w, https:\/\/gentedebasquet.com.ar\/sitio\/wp-content\/uploads\/2022\/09\/CLAVE-12-300x300.jpg 300w, https:\/\/gentedebasquet.com.ar\/sitio\/wp-content\/uploads\/2022\/09\/CLAVE-12-150x150.jpg 150w, https:\/\/gentedebasquet.com.ar\/sitio\/wp-content\/uploads\/2022\/09\/CLAVE-12-768x768.jpg 768w, https:\/\/gentedebasquet.com.ar\/sitio\/wp-content\/uploads\/2022\/09\/CLAVE-12-1536x1536.jpg 1536w, https:\/\/gentedebasquet.com.ar\/sitio\/wp-content\/uploads\/2022\/09\/CLAVE-12.jpg 2000w\" sizes=\"(max-width: 1024px) 100vw, 1024px\" \/><\/a><\/figure>\n\n\n\n<figure class=\"wp-block-image\"><img decoding=\"async\" src=\"http:\/\/www.gentedebasquet.com.ar\/wp-content\/uploads\/2022\/09\/Gif-Publicidades-5.gif\" alt=\"La imagen tiene un atributo ALT vac\u00edo; su nombre de archivo es Gif-Publicidades-5.gif\"\/><\/figure>\n\n\n\n<figure class=\"wp-block-image size-full\"><a href=\"http:\/\/www.gentedebasquet.com.ar\/wp-content\/uploads\/2022\/09\/desarrollo-6.jpg\"><img decoding=\"async\" width=\"680\" height=\"480\" src=\"http:\/\/www.gentedebasquet.com.ar\/wp-content\/uploads\/2022\/09\/desarrollo-6.jpg\" alt=\"\" class=\"wp-image-103958\" srcset=\"https:\/\/gentedebasquet.com.ar\/sitio\/wp-content\/uploads\/2022\/09\/desarrollo-6.jpg 680w, https:\/\/gentedebasquet.com.ar\/sitio\/wp-content\/uploads\/2022\/09\/desarrollo-6-300x212.jpg 300w\" sizes=\"(max-width: 680px) 100vw, 680px\" \/><\/a><\/figure>\n","protected":false},"excerpt":{"rendered":"<p>No se dio por vencido y tuvo sus frutos Alem al vencer a Pueyrred\u00f3n.<\/p>\n","protected":false},"author":1,"featured_media":103961,"comment_status":"closed","ping_status":"open","sticky":false,"template":"","format":"standard","meta":{"jnews-multi-image_gallery":[],"jnews_single_post":[],"jnews_primary_category":[],"footnotes":""},"categories":[23,101],"tags":[3,1605,1479,1371,18,486],"class_list":["post-103942","post","type-post","status-publish","format-standard","has-post-thumbnail","hentry","category-primera","category-slide","tag-alem","tag-juan-pedro-hollender","tag-julian-turcato","tag-lautaro-cavero","tag-pueyrredon","tag-tomas-bruni"],"yoast_head":"<!-- This site is optimized with the Yoast SEO plugin v27.5 - https:\/\/yoast.com\/product\/yoast-seo-wordpress\/ -->\n<title>Luch\u00f3 y tuvo su recompensa - Gente de B\u00e1squet<\/title>\n<meta name=\"robots\" content=\"index, follow, max-snippet:-1, max-image-preview:large, max-video-preview:-1\" \/>\n<link rel=\"canonical\" href=\"https:\/\/gentedebasquet.com.ar\/sitio\/2022\/09\/30\/lucho-y-tuvo-su-recompensa\/\" \/>\n<meta property=\"og:locale\" content=\"es_ES\" \/>\n<meta property=\"og:type\" content=\"article\" \/>\n<meta property=\"og:title\" content=\"Luch\u00f3 y tuvo su recompensa - Gente de B\u00e1squet\" \/>\n<meta property=\"og:description\" content=\"No se dio por vencido y tuvo sus frutos Alem al vencer a Pueyrred\u00f3n.\" \/>\n<meta property=\"og:url\" content=\"https:\/\/gentedebasquet.com.ar\/sitio\/2022\/09\/30\/lucho-y-tuvo-su-recompensa\/\" \/>\n<meta property=\"og:site_name\" content=\"Gente de B\u00e1squet\" \/>\n<meta property=\"article:published_time\" content=\"2022-09-30T04:41:50+00:00\" \/>\n<meta property=\"og:image\" content=\"https:\/\/gentedebasquet.com.ar\/sitio\/wp-content\/uploads\/2022\/09\/destacada-11.jpg\" \/>\n\t<meta property=\"og:image:width\" content=\"690\" \/>\n\t<meta property=\"og:image:height\" content=\"319\" \/>\n\t<meta property=\"og:image:type\" content=\"image\/jpeg\" \/>\n<meta name=\"author\" content=\"Gente de B\u00e1squet\" \/>\n<meta name=\"twitter:card\" content=\"summary_large_image\" \/>\n<meta name=\"twitter:label1\" content=\"Escrito por\" \/>\n\t<meta name=\"twitter:data1\" content=\"Gente de B\u00e1squet\" \/>\n\t<meta name=\"twitter:label2\" content=\"Tiempo de lectura\" \/>\n\t<meta name=\"twitter:data2\" content=\"3 minutos\" \/>\n<script type=\"application\/ld+json\" class=\"yoast-schema-graph\">{\"@context\":\"https:\\\/\\\/schema.org\",\"@graph\":[{\"@type\":\"Article\",\"@id\":\"https:\\\/\\\/gentedebasquet.com.ar\\\/sitio\\\/2022\\\/09\\\/30\\\/lucho-y-tuvo-su-recompensa\\\/#article\",\"isPartOf\":{\"@id\":\"https:\\\/\\\/gentedebasquet.com.ar\\\/sitio\\\/2022\\\/09\\\/30\\\/lucho-y-tuvo-su-recompensa\\\/\"},\"author\":{\"name\":\"Gente de B\u00e1squet\",\"@id\":\"https:\\\/\\\/gentedebasquet.com.ar\\\/sitio\\\/#\\\/schema\\\/person\\\/ca0b63bbb977369988a7bbbdc519943a\"},\"headline\":\"Luch\u00f3 y tuvo su recompensa\",\"datePublished\":\"2022-09-30T04:41:50+00:00\",\"mainEntityOfPage\":{\"@id\":\"https:\\\/\\\/gentedebasquet.com.ar\\\/sitio\\\/2022\\\/09\\\/30\\\/lucho-y-tuvo-su-recompensa\\\/\"},\"wordCount\":595,\"image\":{\"@id\":\"https:\\\/\\\/gentedebasquet.com.ar\\\/sitio\\\/2022\\\/09\\\/30\\\/lucho-y-tuvo-su-recompensa\\\/#primaryimage\"},\"thumbnailUrl\":\"https:\\\/\\\/gentedebasquet.com.ar\\\/sitio\\\/wp-content\\\/uploads\\\/2022\\\/09\\\/destacada-11.jpg\",\"keywords\":[\"Alem\",\"Juan Pedro Hollender\",\"Juli\u00e1n Turcato\",\"Lautaro Cavero\",\"Pueyrredon\",\"Tomas Bruni\"],\"articleSection\":[\"Primera\",\"Slide\"],\"inLanguage\":\"es\"},{\"@type\":\"WebPage\",\"@id\":\"https:\\\/\\\/gentedebasquet.com.ar\\\/sitio\\\/2022\\\/09\\\/30\\\/lucho-y-tuvo-su-recompensa\\\/\",\"url\":\"https:\\\/\\\/gentedebasquet.com.ar\\\/sitio\\\/2022\\\/09\\\/30\\\/lucho-y-tuvo-su-recompensa\\\/\",\"name\":\"Luch\u00f3 y tuvo su recompensa - Gente de B\u00e1squet\",\"isPartOf\":{\"@id\":\"https:\\\/\\\/gentedebasquet.com.ar\\\/sitio\\\/#website\"},\"primaryImageOfPage\":{\"@id\":\"https:\\\/\\\/gentedebasquet.com.ar\\\/sitio\\\/2022\\\/09\\\/30\\\/lucho-y-tuvo-su-recompensa\\\/#primaryimage\"},\"image\":{\"@id\":\"https:\\\/\\\/gentedebasquet.com.ar\\\/sitio\\\/2022\\\/09\\\/30\\\/lucho-y-tuvo-su-recompensa\\\/#primaryimage\"},\"thumbnailUrl\":\"https:\\\/\\\/gentedebasquet.com.ar\\\/sitio\\\/wp-content\\\/uploads\\\/2022\\\/09\\\/destacada-11.jpg\",\"datePublished\":\"2022-09-30T04:41:50+00:00\",\"author\":{\"@id\":\"https:\\\/\\\/gentedebasquet.com.ar\\\/sitio\\\/#\\\/schema\\\/person\\\/ca0b63bbb977369988a7bbbdc519943a\"},\"breadcrumb\":{\"@id\":\"https:\\\/\\\/gentedebasquet.com.ar\\\/sitio\\\/2022\\\/09\\\/30\\\/lucho-y-tuvo-su-recompensa\\\/#breadcrumb\"},\"inLanguage\":\"es\",\"potentialAction\":[{\"@type\":\"ReadAction\",\"target\":[\"https:\\\/\\\/gentedebasquet.com.ar\\\/sitio\\\/2022\\\/09\\\/30\\\/lucho-y-tuvo-su-recompensa\\\/\"]}]},{\"@type\":\"ImageObject\",\"inLanguage\":\"es\",\"@id\":\"https:\\\/\\\/gentedebasquet.com.ar\\\/sitio\\\/2022\\\/09\\\/30\\\/lucho-y-tuvo-su-recompensa\\\/#primaryimage\",\"url\":\"https:\\\/\\\/gentedebasquet.com.ar\\\/sitio\\\/wp-content\\\/uploads\\\/2022\\\/09\\\/destacada-11.jpg\",\"contentUrl\":\"https:\\\/\\\/gentedebasquet.com.ar\\\/sitio\\\/wp-content\\\/uploads\\\/2022\\\/09\\\/destacada-11.jpg\",\"width\":690,\"height\":319},{\"@type\":\"BreadcrumbList\",\"@id\":\"https:\\\/\\\/gentedebasquet.com.ar\\\/sitio\\\/2022\\\/09\\\/30\\\/lucho-y-tuvo-su-recompensa\\\/#breadcrumb\",\"itemListElement\":[{\"@type\":\"ListItem\",\"position\":1,\"name\":\"Portada\",\"item\":\"https:\\\/\\\/gentedebasquet.com.ar\\\/sitio\\\/\"},{\"@type\":\"ListItem\",\"position\":2,\"name\":\"Luch\u00f3 y tuvo su recompensa\"}]},{\"@type\":\"WebSite\",\"@id\":\"https:\\\/\\\/gentedebasquet.com.ar\\\/sitio\\\/#website\",\"url\":\"https:\\\/\\\/gentedebasquet.com.ar\\\/sitio\\\/\",\"name\":\"Gente de B\u00e1squet\",\"description\":\"La revista del basquet de Bah\u00eda Blanca\",\"potentialAction\":[{\"@type\":\"SearchAction\",\"target\":{\"@type\":\"EntryPoint\",\"urlTemplate\":\"https:\\\/\\\/gentedebasquet.com.ar\\\/sitio\\\/?s={search_term_string}\"},\"query-input\":{\"@type\":\"PropertyValueSpecification\",\"valueRequired\":true,\"valueName\":\"search_term_string\"}}],\"inLanguage\":\"es\"},{\"@type\":\"Person\",\"@id\":\"https:\\\/\\\/gentedebasquet.com.ar\\\/sitio\\\/#\\\/schema\\\/person\\\/ca0b63bbb977369988a7bbbdc519943a\",\"name\":\"Gente de B\u00e1squet\",\"image\":{\"@type\":\"ImageObject\",\"inLanguage\":\"es\",\"@id\":\"https:\\\/\\\/secure.gravatar.com\\\/avatar\\\/7f2c48bdc33b30088f941fb6082e555f2874c98e20cb159d7b92b50eadfce793?s=96&d=mm&r=g\",\"url\":\"https:\\\/\\\/secure.gravatar.com\\\/avatar\\\/7f2c48bdc33b30088f941fb6082e555f2874c98e20cb159d7b92b50eadfce793?s=96&d=mm&r=g\",\"contentUrl\":\"https:\\\/\\\/secure.gravatar.com\\\/avatar\\\/7f2c48bdc33b30088f941fb6082e555f2874c98e20cb159d7b92b50eadfce793?s=96&d=mm&r=g\",\"caption\":\"Gente de B\u00e1squet\"},\"sameAs\":[\"http:\\\/\\\/gentedebasquet.com.ar\\\/sitio\"],\"url\":\"https:\\\/\\\/gentedebasquet.com.ar\\\/sitio\\\/author\\\/ulises\\\/\"}]}<\/script>\n<!-- \/ Yoast SEO plugin. -->","yoast_head_json":{"title":"Luch\u00f3 y tuvo su recompensa - Gente de B\u00e1squet","robots":{"index":"index","follow":"follow","max-snippet":"max-snippet:-1","max-image-preview":"max-image-preview:large","max-video-preview":"max-video-preview:-1"},"canonical":"https:\/\/gentedebasquet.com.ar\/sitio\/2022\/09\/30\/lucho-y-tuvo-su-recompensa\/","og_locale":"es_ES","og_type":"article","og_title":"Luch\u00f3 y tuvo su recompensa - Gente de B\u00e1squet","og_description":"No se dio por vencido y tuvo sus frutos Alem al vencer a Pueyrred\u00f3n.","og_url":"https:\/\/gentedebasquet.com.ar\/sitio\/2022\/09\/30\/lucho-y-tuvo-su-recompensa\/","og_site_name":"Gente de B\u00e1squet","article_published_time":"2022-09-30T04:41:50+00:00","og_image":[{"width":690,"height":319,"url":"https:\/\/gentedebasquet.com.ar\/sitio\/wp-content\/uploads\/2022\/09\/destacada-11.jpg","type":"image\/jpeg"}],"author":"Gente de B\u00e1squet","twitter_card":"summary_large_image","twitter_misc":{"Escrito por":"Gente de B\u00e1squet","Tiempo de lectura":"3 minutos"},"schema":{"@context":"https:\/\/schema.org","@graph":[{"@type":"Article","@id":"https:\/\/gentedebasquet.com.ar\/sitio\/2022\/09\/30\/lucho-y-tuvo-su-recompensa\/#article","isPartOf":{"@id":"https:\/\/gentedebasquet.com.ar\/sitio\/2022\/09\/30\/lucho-y-tuvo-su-recompensa\/"},"author":{"name":"Gente de B\u00e1squet","@id":"https:\/\/gentedebasquet.com.ar\/sitio\/#\/schema\/person\/ca0b63bbb977369988a7bbbdc519943a"},"headline":"Luch\u00f3 y tuvo su recompensa","datePublished":"2022-09-30T04:41:50+00:00","mainEntityOfPage":{"@id":"https:\/\/gentedebasquet.com.ar\/sitio\/2022\/09\/30\/lucho-y-tuvo-su-recompensa\/"},"wordCount":595,"image":{"@id":"https:\/\/gentedebasquet.com.ar\/sitio\/2022\/09\/30\/lucho-y-tuvo-su-recompensa\/#primaryimage"},"thumbnailUrl":"https:\/\/gentedebasquet.com.ar\/sitio\/wp-content\/uploads\/2022\/09\/destacada-11.jpg","keywords":["Alem","Juan Pedro Hollender","Juli\u00e1n Turcato","Lautaro Cavero","Pueyrredon","Tomas Bruni"],"articleSection":["Primera","Slide"],"inLanguage":"es"},{"@type":"WebPage","@id":"https:\/\/gentedebasquet.com.ar\/sitio\/2022\/09\/30\/lucho-y-tuvo-su-recompensa\/","url":"https:\/\/gentedebasquet.com.ar\/sitio\/2022\/09\/30\/lucho-y-tuvo-su-recompensa\/","name":"Luch\u00f3 y tuvo su recompensa - Gente de B\u00e1squet","isPartOf":{"@id":"https:\/\/gentedebasquet.com.ar\/sitio\/#website"},"primaryImageOfPage":{"@id":"https:\/\/gentedebasquet.com.ar\/sitio\/2022\/09\/30\/lucho-y-tuvo-su-recompensa\/#primaryimage"},"image":{"@id":"https:\/\/gentedebasquet.com.ar\/sitio\/2022\/09\/30\/lucho-y-tuvo-su-recompensa\/#primaryimage"},"thumbnailUrl":"https:\/\/gentedebasquet.com.ar\/sitio\/wp-content\/uploads\/2022\/09\/destacada-11.jpg","datePublished":"2022-09-30T04:41:50+00:00","author":{"@id":"https:\/\/gentedebasquet.com.ar\/sitio\/#\/schema\/person\/ca0b63bbb977369988a7bbbdc519943a"},"breadcrumb":{"@id":"https:\/\/gentedebasquet.com.ar\/sitio\/2022\/09\/30\/lucho-y-tuvo-su-recompensa\/#breadcrumb"},"inLanguage":"es","potentialAction":[{"@type":"ReadAction","target":["https:\/\/gentedebasquet.com.ar\/sitio\/2022\/09\/30\/lucho-y-tuvo-su-recompensa\/"]}]},{"@type":"ImageObject","inLanguage":"es","@id":"https:\/\/gentedebasquet.com.ar\/sitio\/2022\/09\/30\/lucho-y-tuvo-su-recompensa\/#primaryimage","url":"https:\/\/gentedebasquet.com.ar\/sitio\/wp-content\/uploads\/2022\/09\/destacada-11.jpg","contentUrl":"https:\/\/gentedebasquet.com.ar\/sitio\/wp-content\/uploads\/2022\/09\/destacada-11.jpg","width":690,"height":319},{"@type":"BreadcrumbList","@id":"https:\/\/gentedebasquet.com.ar\/sitio\/2022\/09\/30\/lucho-y-tuvo-su-recompensa\/#breadcrumb","itemListElement":[{"@type":"ListItem","position":1,"name":"Portada","item":"https:\/\/gentedebasquet.com.ar\/sitio\/"},{"@type":"ListItem","position":2,"name":"Luch\u00f3 y tuvo su recompensa"}]},{"@type":"WebSite","@id":"https:\/\/gentedebasquet.com.ar\/sitio\/#website","url":"https:\/\/gentedebasquet.com.ar\/sitio\/","name":"Gente de B\u00e1squet","description":"La revista del basquet de Bah\u00eda Blanca","potentialAction":[{"@type":"SearchAction","target":{"@type":"EntryPoint","urlTemplate":"https:\/\/gentedebasquet.com.ar\/sitio\/?s={search_term_string}"},"query-input":{"@type":"PropertyValueSpecification","valueRequired":true,"valueName":"search_term_string"}}],"inLanguage":"es"},{"@type":"Person","@id":"https:\/\/gentedebasquet.com.ar\/sitio\/#\/schema\/person\/ca0b63bbb977369988a7bbbdc519943a","name":"Gente de B\u00e1squet","image":{"@type":"ImageObject","inLanguage":"es","@id":"https:\/\/secure.gravatar.com\/avatar\/7f2c48bdc33b30088f941fb6082e555f2874c98e20cb159d7b92b50eadfce793?s=96&d=mm&r=g","url":"https:\/\/secure.gravatar.com\/avatar\/7f2c48bdc33b30088f941fb6082e555f2874c98e20cb159d7b92b50eadfce793?s=96&d=mm&r=g","contentUrl":"https:\/\/secure.gravatar.com\/avatar\/7f2c48bdc33b30088f941fb6082e555f2874c98e20cb159d7b92b50eadfce793?s=96&d=mm&r=g","caption":"Gente de B\u00e1squet"},"sameAs":["http:\/\/gentedebasquet.com.ar\/sitio"],"url":"https:\/\/gentedebasquet.com.ar\/sitio\/author\/ulises\/"}]}},"_links":{"self":[{"href":"https:\/\/gentedebasquet.com.ar\/sitio\/wp-json\/wp\/v2\/posts\/103942","targetHints":{"allow":["GET"]}}],"collection":[{"href":"https:\/\/gentedebasquet.com.ar\/sitio\/wp-json\/wp\/v2\/posts"}],"about":[{"href":"https:\/\/gentedebasquet.com.ar\/sitio\/wp-json\/wp\/v2\/types\/post"}],"author":[{"embeddable":true,"href":"https:\/\/gentedebasquet.com.ar\/sitio\/wp-json\/wp\/v2\/users\/1"}],"replies":[{"embeddable":true,"href":"https:\/\/gentedebasquet.com.ar\/sitio\/wp-json\/wp\/v2\/comments?post=103942"}],"version-history":[{"count":0,"href":"https:\/\/gentedebasquet.com.ar\/sitio\/wp-json\/wp\/v2\/posts\/103942\/revisions"}],"wp:featuredmedia":[{"embeddable":true,"href":"https:\/\/gentedebasquet.com.ar\/sitio\/wp-json\/wp\/v2\/media\/103961"}],"wp:attachment":[{"href":"https:\/\/gentedebasquet.com.ar\/sitio\/wp-json\/wp\/v2\/media?parent=103942"}],"wp:term":[{"taxonomy":"category","embeddable":true,"href":"https:\/\/gentedebasquet.com.ar\/sitio\/wp-json\/wp\/v2\/categories?post=103942"},{"taxonomy":"post_tag","embeddable":true,"href":"https:\/\/gentedebasquet.com.ar\/sitio\/wp-json\/wp\/v2\/tags?post=103942"}],"curies":[{"name":"wp","href":"https:\/\/api.w.org\/{rel}","templated":true}]}}