{"id":104367,"date":"2022-10-17T01:30:51","date_gmt":"2022-10-17T04:30:51","guid":{"rendered":"http:\/\/www.gentedebasquet.com.ar\/?p=104367"},"modified":"2022-10-17T01:30:51","modified_gmt":"2022-10-17T04:30:51","slug":"las-mataleones-de-9-de-julio","status":"publish","type":"post","link":"https:\/\/gentedebasquet.com.ar\/sitio\/2022\/10\/17\/las-mataleones-de-9-de-julio\/","title":{"rendered":"Las mataleones de 9 de Julio"},"content":{"rendered":"\n<p><strong>El equipo dirigido t\u00e9cnicamente por Juli\u00e1n Turcato, se qued\u00f3 con la victoria ante el \u00faltimo campe\u00f3n, en un partido infartante.<\/strong><\/p>\n\n\n\n<p><strong>Los primeros diez minutos estuvieron marcados por r\u00e1fagas y parciales de ambos equipos. El que tuvo un mejor arranque fue la visita, que se puso en ventaja r\u00e1pidamente hasta el 8 a 3. Las de 9 reaccionaron y dieron vuelta el marcador con un parcial de 7 a 0 (10-8). Y para cerrar en ventaja, las celestes plasmaron un 5 a 0 y se fueron al primer descanso con ventaja de 13-10.<\/strong><\/p>\n\n\n\n<p><strong>El segundo parcial se lo llev\u00f3 el local, que a pesar de que fue el cuarto que m\u00e1s puntos le convirtieron (15), tambi\u00e9n fue el que m\u00e1s convirti\u00f3 (22). Las de 9 tomaron la iniciativa y para dar inicio a este cuarto, metieron una r\u00e1faga de 11-2 (21-15) y mantuvieron la ventaja durante todo el periodo, para irse al entretiempo 32-28 arriba.<\/strong><\/p>\n\n\n\n<p><strong>El tercer cuarto no dej\u00f3 muchas emociones, sigui\u00f3 con la paridad, y El Nacional lo gan\u00f3 por la m\u00ednima (11-12), 43-40 marcaba el luminoso para ir al 4C.<\/strong><\/p>\n\n\n\n<p><strong>Los \u00faltimos diez minutos fueron cerrados, con mucho nerviosismo que caus\u00f3, mucho roce y faltas. Sobre el final, fue Haberkorn quien se encarg\u00f3 de meter 1\/2 en una serie de libres para poner a 9 de Julio un punto arriba. El Nacional tuvo la \u00faltima posesi\u00f3n y la chance de ganarlo, pero se quedaron sin tiempo antes de lanzar al aro.<\/strong><\/p>\n\n\n\n<p><strong>El marcador final fue de 54-53 para las de Turcato, con una Emilia Fern\u00e1ndez que manejo el tiempo y los hilos, adem\u00e1s de ser la goleadora con 16 tantos.<\/strong><\/p>\n\n\n\n<figure class=\"wp-block-image\"><img decoding=\"async\" src=\"http:\/\/www.gentedebasquet.com.ar\/wp-content\/uploads\/2022\/09\/Gif-Publicidades-1.gif\" alt=\"La imagen tiene un atributo ALT vac\u00edo; su nombre de archivo es Gif-Publicidades-1.gif\"\/><\/figure>\n\n\n\n<figure class=\"wp-block-embed is-type-video is-provider-youtube wp-block-embed-youtube wp-embed-aspect-16-9 wp-has-aspect-ratio\"><div class=\"wp-block-embed__wrapper\">\nhttps:\/\/www.youtube.com\/watch?v=tHjCRztkRmU\n<\/div><\/figure>\n\n\n\n<figure class=\"wp-block-image\"><img decoding=\"async\" src=\"http:\/\/www.gentedebasquet.com.ar\/wp-content\/uploads\/2022\/09\/Gif-Publicidades-2.gif\" alt=\"La imagen tiene un atributo ALT vac\u00edo; su nombre de archivo es Gif-Publicidades-2.gif\"\/><\/figure>\n\n\n\n<figure class=\"wp-block-image size-large\"><a href=\"http:\/\/www.gentedebasquet.com.ar\/wp-content\/uploads\/2022\/10\/MVP-emilia-fernandez.png\"><img decoding=\"async\" src=\"http:\/\/www.gentedebasquet.com.ar\/wp-content\/uploads\/2022\/10\/MVP-emilia-fernandez-1024x1024.png\" alt=\"\" class=\"wp-image-104369\"\/><\/a><\/figure>\n\n\n\n<figure class=\"wp-block-image size-full\"><a href=\"http:\/\/www.gentedebasquet.com.ar\/wp-content\/uploads\/2022\/10\/Figura-emilia-fernandez.jpg\"><img decoding=\"async\" src=\"http:\/\/www.gentedebasquet.com.ar\/wp-content\/uploads\/2022\/10\/Figura-emilia-fernandez.jpg\" alt=\"\" class=\"wp-image-104370\"\/><\/a><\/figure>\n\n\n\n<blockquote class=\"wp-block-quote is-layout-flow wp-block-quote-is-layout-flow\"><p><\/p><cite>Venimos trabajando hace much\u00edsimo y siempre apostando por las inferiores, de atr\u00e1s para adelante, sabiendo a qui\u00e9n defender y atacando con paciencia nos llevamos el partido. Tenemos que mejorar la concentraci\u00f3n, la toma de decisiones, los pases pero este es el camino. Esta victoria significa much\u00edsimo, desde hace mucho venimos compitiendo y es la primera vez que le ganamos, as\u00ed que mucha felicidad.\u00a0<strong>Emilia Fern\u00e1ndez, 9 de Julio.<\/strong><\/cite><\/blockquote>\n\n\n\n<figure class=\"wp-block-image\"><img decoding=\"async\" src=\"http:\/\/www.gentedebasquet.com.ar\/wp-content\/uploads\/2022\/09\/Gif-Publicidades-3.gif\" alt=\"La imagen tiene un atributo ALT vac\u00edo; su nombre de archivo es Gif-Publicidades-3.gif\"\/><\/figure>\n\n\n\n<p><strong>S\u00edntesis \u2013 Femenino \u2013 Fecha #4<\/strong><\/p>\n\n\n\n<p><strong>9 de Julio 54:<\/strong>\u00a0Emilia Fern\u00e1ndez 16, Ileana Corval\u00e1n 14, Carmela Dehumara 2, G\u00e9nesis Haberkorn 3, Jessica Azaroff 2\u00a0<strong>(FI)<\/strong>; Paz Roberson 10, Roc\u00edo Garc\u00eda 0, Ludmila Fern\u00e1ndez 2, Victoria Martin 5.\u00a0<strong>DT: Juli\u00e1n Turcato.<\/strong><\/p>\n\n\n\n<p><strong>El Nacional 53:\u00a0<\/strong>Victoria P\u00e9rez 18, Alondra Gonz\u00e1lez 2, Mariel Prado 4, Carolina Castiglioni 7, Aldana Chcair 11\u00a0<strong>(FI)<\/strong>; Victoria Escudero 2, Yesica Catania 0, Victoria Flores 9, Luz Fierro 0.\u00a0<strong>DT: Viviana Albizu.<\/strong><\/p>\n\n\n\n<p><strong>Parciales<\/strong>: 10-13; 32-28 (22-15); 43-40 (11-12); 54-53 (11-13).<\/p>\n\n\n\n<p><strong>\u00c1rbitros<\/strong>: Juan Jaramillo &#8211; Yamila Nicoleta<\/p>\n\n\n\n<p><strong>Estadio:\u00a0<\/strong>Nestor Damiani (9 de Julio)<\/p>\n\n\n\n<p><a href=\"https:\/\/fibalivestats.dcd.shared.geniussports.com\/u\/ABB\/2135791\/\" target=\"_blank\" rel=\"noreferrer noopener\">ESTAD\u00cdSTICAS OFICIALES<\/a><\/p>\n\n\n\n<figure class=\"wp-block-image\"><img decoding=\"async\" src=\"http:\/\/www.gentedebasquet.com.ar\/wp-content\/uploads\/2022\/09\/Gif-Publicidades-4.gif\" alt=\"La imagen tiene un atributo ALT vac\u00edo; su nombre de archivo es Gif-Publicidades-4.gif\"\/><\/figure>\n\n\n\n<figure class=\"wp-block-image size-full\"><a href=\"http:\/\/www.gentedebasquet.com.ar\/wp-content\/uploads\/2022\/10\/Secundaria-9dj-cen-fem.jpg\"><img decoding=\"async\" src=\"http:\/\/www.gentedebasquet.com.ar\/wp-content\/uploads\/2022\/10\/Secundaria-9dj-cen-fem.jpg\" alt=\"\" class=\"wp-image-104371\"\/><\/a><\/figure>\n\n\n\n<figure class=\"wp-block-image\"><img decoding=\"async\" src=\"http:\/\/www.gentedebasquet.com.ar\/wp-content\/uploads\/2022\/09\/Gif-Publicidades-5.gif\" alt=\"La imagen tiene un atributo ALT vac\u00edo; su nombre de archivo es Gif-Publicidades-5.gif\"\/><\/figure>\n","protected":false},"excerpt":{"rendered":"<p>El equipo dirigido t\u00e9cnicamente por Juli\u00e1n Turcato, se qued\u00f3 con la victoria ante el \u00faltimo campe\u00f3n, en un partido infartante. Los primeros diez minutos estuvieron marcados por r\u00e1fagas y parciales de ambos equipos. El que tuvo un mejor arranque fue la visita, que se puso en ventaja r\u00e1pidamente hasta el 8 a 3. Las de [&hellip;]<\/p>\n","protected":false},"author":1,"featured_media":104372,"comment_status":"closed","ping_status":"open","sticky":false,"template":"","format":"standard","meta":{"jnews-multi-image_gallery":[],"jnews_single_post":[],"jnews_primary_category":[],"footnotes":""},"categories":[24,33,544,526,101],"tags":[2,9,1304],"class_list":["post-104367","post","type-post","status-publish","format-standard","has-post-thumbnail","hentry","category-overtime","category-femenino","category-femenino-fixture","category-primera-femenino-2","category-slide","tag-9dejulio","tag-el-nacional","tag-emilia-fernandez"],"yoast_head":"<!-- This site is optimized with the Yoast SEO plugin v27.4 - https:\/\/yoast.com\/product\/yoast-seo-wordpress\/ -->\n<title>Las mataleones de 9 de Julio - Gente de B\u00e1squet<\/title>\n<meta name=\"robots\" content=\"index, follow, max-snippet:-1, max-image-preview:large, max-video-preview:-1\" \/>\n<link rel=\"canonical\" href=\"https:\/\/gentedebasquet.com.ar\/sitio\/2022\/10\/17\/las-mataleones-de-9-de-julio\/\" \/>\n<meta property=\"og:locale\" content=\"es_ES\" \/>\n<meta property=\"og:type\" content=\"article\" \/>\n<meta property=\"og:title\" content=\"Las mataleones de 9 de Julio - Gente de B\u00e1squet\" \/>\n<meta property=\"og:description\" content=\"El equipo dirigido t\u00e9cnicamente por Juli\u00e1n Turcato, se qued\u00f3 con la victoria ante el \u00faltimo campe\u00f3n, en un partido infartante. Los primeros diez minutos estuvieron marcados por r\u00e1fagas y parciales de ambos equipos. El que tuvo un mejor arranque fue la visita, que se puso en ventaja r\u00e1pidamente hasta el 8 a 3. Las de [&hellip;]\" \/>\n<meta property=\"og:url\" content=\"https:\/\/gentedebasquet.com.ar\/sitio\/2022\/10\/17\/las-mataleones-de-9-de-julio\/\" \/>\n<meta property=\"og:site_name\" content=\"Gente de B\u00e1squet\" \/>\n<meta property=\"article:published_time\" content=\"2022-10-17T04:30:51+00:00\" \/>\n<meta name=\"author\" content=\"Gente de B\u00e1squet\" \/>\n<meta name=\"twitter:card\" content=\"summary_large_image\" \/>\n<meta name=\"twitter:label1\" content=\"Escrito por\" \/>\n\t<meta name=\"twitter:data1\" content=\"Gente de B\u00e1squet\" \/>\n\t<meta name=\"twitter:label2\" content=\"Tiempo de lectura\" \/>\n\t<meta name=\"twitter:data2\" content=\"2 minutos\" \/>\n<script type=\"application\/ld+json\" class=\"yoast-schema-graph\">{\"@context\":\"https:\\\/\\\/schema.org\",\"@graph\":[{\"@type\":\"Article\",\"@id\":\"https:\\\/\\\/gentedebasquet.com.ar\\\/sitio\\\/2022\\\/10\\\/17\\\/las-mataleones-de-9-de-julio\\\/#article\",\"isPartOf\":{\"@id\":\"https:\\\/\\\/gentedebasquet.com.ar\\\/sitio\\\/2022\\\/10\\\/17\\\/las-mataleones-de-9-de-julio\\\/\"},\"author\":{\"name\":\"Gente de B\u00e1squet\",\"@id\":\"http:\\\/\\\/gentedebasquet.com.ar\\\/sitio\\\/#\\\/schema\\\/person\\\/ca0b63bbb977369988a7bbbdc519943a\"},\"headline\":\"Las mataleones de 9 de Julio\",\"datePublished\":\"2022-10-17T04:30:51+00:00\",\"mainEntityOfPage\":{\"@id\":\"https:\\\/\\\/gentedebasquet.com.ar\\\/sitio\\\/2022\\\/10\\\/17\\\/las-mataleones-de-9-de-julio\\\/\"},\"wordCount\":440,\"image\":{\"@id\":\"https:\\\/\\\/gentedebasquet.com.ar\\\/sitio\\\/2022\\\/10\\\/17\\\/las-mataleones-de-9-de-julio\\\/#primaryimage\"},\"thumbnailUrl\":\"\",\"keywords\":[\"9 de Julio\",\"El Nacional\",\"Emilia Fern\u00e1ndez\"],\"articleSection\":[\"#Overtime\",\"Femenino\",\"Femenino Fixture\",\"Primera Femenino\",\"Slide\"],\"inLanguage\":\"es\"},{\"@type\":\"WebPage\",\"@id\":\"https:\\\/\\\/gentedebasquet.com.ar\\\/sitio\\\/2022\\\/10\\\/17\\\/las-mataleones-de-9-de-julio\\\/\",\"url\":\"https:\\\/\\\/gentedebasquet.com.ar\\\/sitio\\\/2022\\\/10\\\/17\\\/las-mataleones-de-9-de-julio\\\/\",\"name\":\"Las mataleones de 9 de Julio - Gente de B\u00e1squet\",\"isPartOf\":{\"@id\":\"http:\\\/\\\/gentedebasquet.com.ar\\\/sitio\\\/#website\"},\"primaryImageOfPage\":{\"@id\":\"https:\\\/\\\/gentedebasquet.com.ar\\\/sitio\\\/2022\\\/10\\\/17\\\/las-mataleones-de-9-de-julio\\\/#primaryimage\"},\"image\":{\"@id\":\"https:\\\/\\\/gentedebasquet.com.ar\\\/sitio\\\/2022\\\/10\\\/17\\\/las-mataleones-de-9-de-julio\\\/#primaryimage\"},\"thumbnailUrl\":\"\",\"datePublished\":\"2022-10-17T04:30:51+00:00\",\"author\":{\"@id\":\"http:\\\/\\\/gentedebasquet.com.ar\\\/sitio\\\/#\\\/schema\\\/person\\\/ca0b63bbb977369988a7bbbdc519943a\"},\"breadcrumb\":{\"@id\":\"https:\\\/\\\/gentedebasquet.com.ar\\\/sitio\\\/2022\\\/10\\\/17\\\/las-mataleones-de-9-de-julio\\\/#breadcrumb\"},\"inLanguage\":\"es\",\"potentialAction\":[{\"@type\":\"ReadAction\",\"target\":[\"https:\\\/\\\/gentedebasquet.com.ar\\\/sitio\\\/2022\\\/10\\\/17\\\/las-mataleones-de-9-de-julio\\\/\"]}]},{\"@type\":\"ImageObject\",\"inLanguage\":\"es\",\"@id\":\"https:\\\/\\\/gentedebasquet.com.ar\\\/sitio\\\/2022\\\/10\\\/17\\\/las-mataleones-de-9-de-julio\\\/#primaryimage\",\"url\":\"\",\"contentUrl\":\"\"},{\"@type\":\"BreadcrumbList\",\"@id\":\"https:\\\/\\\/gentedebasquet.com.ar\\\/sitio\\\/2022\\\/10\\\/17\\\/las-mataleones-de-9-de-julio\\\/#breadcrumb\",\"itemListElement\":[{\"@type\":\"ListItem\",\"position\":1,\"name\":\"Portada\",\"item\":\"http:\\\/\\\/gentedebasquet.com.ar\\\/sitio\\\/\"},{\"@type\":\"ListItem\",\"position\":2,\"name\":\"Las mataleones de 9 de Julio\"}]},{\"@type\":\"WebSite\",\"@id\":\"http:\\\/\\\/gentedebasquet.com.ar\\\/sitio\\\/#website\",\"url\":\"http:\\\/\\\/gentedebasquet.com.ar\\\/sitio\\\/\",\"name\":\"Gente de B\u00e1squet\",\"description\":\"La revista del basquet de Bah\u00eda Blanca\",\"potentialAction\":[{\"@type\":\"SearchAction\",\"target\":{\"@type\":\"EntryPoint\",\"urlTemplate\":\"http:\\\/\\\/gentedebasquet.com.ar\\\/sitio\\\/?s={search_term_string}\"},\"query-input\":{\"@type\":\"PropertyValueSpecification\",\"valueRequired\":true,\"valueName\":\"search_term_string\"}}],\"inLanguage\":\"es\"},{\"@type\":\"Person\",\"@id\":\"http:\\\/\\\/gentedebasquet.com.ar\\\/sitio\\\/#\\\/schema\\\/person\\\/ca0b63bbb977369988a7bbbdc519943a\",\"name\":\"Gente de B\u00e1squet\",\"image\":{\"@type\":\"ImageObject\",\"inLanguage\":\"es\",\"@id\":\"https:\\\/\\\/secure.gravatar.com\\\/avatar\\\/7f2c48bdc33b30088f941fb6082e555f2874c98e20cb159d7b92b50eadfce793?s=96&d=mm&r=g\",\"url\":\"https:\\\/\\\/secure.gravatar.com\\\/avatar\\\/7f2c48bdc33b30088f941fb6082e555f2874c98e20cb159d7b92b50eadfce793?s=96&d=mm&r=g\",\"contentUrl\":\"https:\\\/\\\/secure.gravatar.com\\\/avatar\\\/7f2c48bdc33b30088f941fb6082e555f2874c98e20cb159d7b92b50eadfce793?s=96&d=mm&r=g\",\"caption\":\"Gente de B\u00e1squet\"},\"sameAs\":[\"http:\\\/\\\/gentedebasquet.com.ar\\\/sitio\"],\"url\":\"https:\\\/\\\/gentedebasquet.com.ar\\\/sitio\\\/author\\\/ulises\\\/\"}]}<\/script>\n<!-- \/ Yoast SEO plugin. -->","yoast_head_json":{"title":"Las mataleones de 9 de Julio - Gente de B\u00e1squet","robots":{"index":"index","follow":"follow","max-snippet":"max-snippet:-1","max-image-preview":"max-image-preview:large","max-video-preview":"max-video-preview:-1"},"canonical":"https:\/\/gentedebasquet.com.ar\/sitio\/2022\/10\/17\/las-mataleones-de-9-de-julio\/","og_locale":"es_ES","og_type":"article","og_title":"Las mataleones de 9 de Julio - Gente de B\u00e1squet","og_description":"El equipo dirigido t\u00e9cnicamente por Juli\u00e1n Turcato, se qued\u00f3 con la victoria ante el \u00faltimo campe\u00f3n, en un partido infartante. Los primeros diez minutos estuvieron marcados por r\u00e1fagas y parciales de ambos equipos. El que tuvo un mejor arranque fue la visita, que se puso en ventaja r\u00e1pidamente hasta el 8 a 3. Las de [&hellip;]","og_url":"https:\/\/gentedebasquet.com.ar\/sitio\/2022\/10\/17\/las-mataleones-de-9-de-julio\/","og_site_name":"Gente de B\u00e1squet","article_published_time":"2022-10-17T04:30:51+00:00","author":"Gente de B\u00e1squet","twitter_card":"summary_large_image","twitter_misc":{"Escrito por":"Gente de B\u00e1squet","Tiempo de lectura":"2 minutos"},"schema":{"@context":"https:\/\/schema.org","@graph":[{"@type":"Article","@id":"https:\/\/gentedebasquet.com.ar\/sitio\/2022\/10\/17\/las-mataleones-de-9-de-julio\/#article","isPartOf":{"@id":"https:\/\/gentedebasquet.com.ar\/sitio\/2022\/10\/17\/las-mataleones-de-9-de-julio\/"},"author":{"name":"Gente de B\u00e1squet","@id":"http:\/\/gentedebasquet.com.ar\/sitio\/#\/schema\/person\/ca0b63bbb977369988a7bbbdc519943a"},"headline":"Las mataleones de 9 de Julio","datePublished":"2022-10-17T04:30:51+00:00","mainEntityOfPage":{"@id":"https:\/\/gentedebasquet.com.ar\/sitio\/2022\/10\/17\/las-mataleones-de-9-de-julio\/"},"wordCount":440,"image":{"@id":"https:\/\/gentedebasquet.com.ar\/sitio\/2022\/10\/17\/las-mataleones-de-9-de-julio\/#primaryimage"},"thumbnailUrl":"","keywords":["9 de Julio","El Nacional","Emilia Fern\u00e1ndez"],"articleSection":["#Overtime","Femenino","Femenino Fixture","Primera Femenino","Slide"],"inLanguage":"es"},{"@type":"WebPage","@id":"https:\/\/gentedebasquet.com.ar\/sitio\/2022\/10\/17\/las-mataleones-de-9-de-julio\/","url":"https:\/\/gentedebasquet.com.ar\/sitio\/2022\/10\/17\/las-mataleones-de-9-de-julio\/","name":"Las mataleones de 9 de Julio - Gente de B\u00e1squet","isPartOf":{"@id":"http:\/\/gentedebasquet.com.ar\/sitio\/#website"},"primaryImageOfPage":{"@id":"https:\/\/gentedebasquet.com.ar\/sitio\/2022\/10\/17\/las-mataleones-de-9-de-julio\/#primaryimage"},"image":{"@id":"https:\/\/gentedebasquet.com.ar\/sitio\/2022\/10\/17\/las-mataleones-de-9-de-julio\/#primaryimage"},"thumbnailUrl":"","datePublished":"2022-10-17T04:30:51+00:00","author":{"@id":"http:\/\/gentedebasquet.com.ar\/sitio\/#\/schema\/person\/ca0b63bbb977369988a7bbbdc519943a"},"breadcrumb":{"@id":"https:\/\/gentedebasquet.com.ar\/sitio\/2022\/10\/17\/las-mataleones-de-9-de-julio\/#breadcrumb"},"inLanguage":"es","potentialAction":[{"@type":"ReadAction","target":["https:\/\/gentedebasquet.com.ar\/sitio\/2022\/10\/17\/las-mataleones-de-9-de-julio\/"]}]},{"@type":"ImageObject","inLanguage":"es","@id":"https:\/\/gentedebasquet.com.ar\/sitio\/2022\/10\/17\/las-mataleones-de-9-de-julio\/#primaryimage","url":"","contentUrl":""},{"@type":"BreadcrumbList","@id":"https:\/\/gentedebasquet.com.ar\/sitio\/2022\/10\/17\/las-mataleones-de-9-de-julio\/#breadcrumb","itemListElement":[{"@type":"ListItem","position":1,"name":"Portada","item":"http:\/\/gentedebasquet.com.ar\/sitio\/"},{"@type":"ListItem","position":2,"name":"Las mataleones de 9 de Julio"}]},{"@type":"WebSite","@id":"http:\/\/gentedebasquet.com.ar\/sitio\/#website","url":"http:\/\/gentedebasquet.com.ar\/sitio\/","name":"Gente de B\u00e1squet","description":"La revista del basquet de Bah\u00eda Blanca","potentialAction":[{"@type":"SearchAction","target":{"@type":"EntryPoint","urlTemplate":"http:\/\/gentedebasquet.com.ar\/sitio\/?s={search_term_string}"},"query-input":{"@type":"PropertyValueSpecification","valueRequired":true,"valueName":"search_term_string"}}],"inLanguage":"es"},{"@type":"Person","@id":"http:\/\/gentedebasquet.com.ar\/sitio\/#\/schema\/person\/ca0b63bbb977369988a7bbbdc519943a","name":"Gente de B\u00e1squet","image":{"@type":"ImageObject","inLanguage":"es","@id":"https:\/\/secure.gravatar.com\/avatar\/7f2c48bdc33b30088f941fb6082e555f2874c98e20cb159d7b92b50eadfce793?s=96&d=mm&r=g","url":"https:\/\/secure.gravatar.com\/avatar\/7f2c48bdc33b30088f941fb6082e555f2874c98e20cb159d7b92b50eadfce793?s=96&d=mm&r=g","contentUrl":"https:\/\/secure.gravatar.com\/avatar\/7f2c48bdc33b30088f941fb6082e555f2874c98e20cb159d7b92b50eadfce793?s=96&d=mm&r=g","caption":"Gente de B\u00e1squet"},"sameAs":["http:\/\/gentedebasquet.com.ar\/sitio"],"url":"https:\/\/gentedebasquet.com.ar\/sitio\/author\/ulises\/"}]}},"_links":{"self":[{"href":"https:\/\/gentedebasquet.com.ar\/sitio\/wp-json\/wp\/v2\/posts\/104367","targetHints":{"allow":["GET"]}}],"collection":[{"href":"https:\/\/gentedebasquet.com.ar\/sitio\/wp-json\/wp\/v2\/posts"}],"about":[{"href":"https:\/\/gentedebasquet.com.ar\/sitio\/wp-json\/wp\/v2\/types\/post"}],"author":[{"embeddable":true,"href":"https:\/\/gentedebasquet.com.ar\/sitio\/wp-json\/wp\/v2\/users\/1"}],"replies":[{"embeddable":true,"href":"https:\/\/gentedebasquet.com.ar\/sitio\/wp-json\/wp\/v2\/comments?post=104367"}],"version-history":[{"count":0,"href":"https:\/\/gentedebasquet.com.ar\/sitio\/wp-json\/wp\/v2\/posts\/104367\/revisions"}],"wp:featuredmedia":[{"embeddable":true,"href":"https:\/\/gentedebasquet.com.ar\/sitio\/wp-json\/"}],"wp:attachment":[{"href":"https:\/\/gentedebasquet.com.ar\/sitio\/wp-json\/wp\/v2\/media?parent=104367"}],"wp:term":[{"taxonomy":"category","embeddable":true,"href":"https:\/\/gentedebasquet.com.ar\/sitio\/wp-json\/wp\/v2\/categories?post=104367"},{"taxonomy":"post_tag","embeddable":true,"href":"https:\/\/gentedebasquet.com.ar\/sitio\/wp-json\/wp\/v2\/tags?post=104367"}],"curies":[{"name":"wp","href":"https:\/\/api.w.org\/{rel}","templated":true}]}}