{"id":1052,"date":"2011-11-08T03:17:32","date_gmt":"2011-11-08T03:17:32","guid":{"rendered":"http:\/\/www.gentedebasquet.com.ar\/?p=1052"},"modified":"2011-11-08T03:17:32","modified_gmt":"2011-11-08T03:17:32","slug":"se-hizo-la-luz-para-bahiense","status":"publish","type":"post","link":"https:\/\/gentedebasquet.com.ar\/sitio\/2011\/11\/08\/se-hizo-la-luz-para-bahiense\/","title":{"rendered":"Se hizo la luz para Bahiense"},"content":{"rendered":"<p style=\"text-align: justify\"><a href=\"http:\/\/www.gentedebasquet.com.ar\/wp-content\/uploads\/2011\/11\/DSC06737.jpg\"><img decoding=\"async\" class=\"aligncenter size-medium wp-image-1042\" src=\"http:\/\/www.gentedebasquet.com.ar\/wp-content\/uploads\/2011\/11\/DSC06737-300x225.jpg\" alt=\"\" \/><\/a><\/p>\n<p style=\"text-align: justify\"><strong><em>Bahiense del Norte derrot\u00f3 a El Nacional por 78-76 en la continuaci\u00f3n del partido suspendido por falta de luz en la noche del Domingo, y consigui\u00f3 el primer \u00e9xito en la semifinal.<br \/>\nEl goleador del partido fue Leonardo La Bella con 24 unidades y 7 rebotes, mientras que en la visita sobresali\u00f3 Juan Pablo Moran con 21 puntos y 12 recobres<\/em><\/strong>.<!--more--><\/p>\n<p style=\"text-align: justify\">El tercer cuarto termin\u00f3 como habia quedado la noche anterior: 58-56 en favor de la visita.\u00a0<a href=\"http:\/\/www.gentedebasquet.com.ar\/?p=1041\">http:\/\/www.gentedebasquet.com.ar\/?p=1041<\/a><\/p>\n<p style=\"text-align: justify\">En el \u00faltimo segmento del partido Bahiense del Norte sali\u00f3 con la mentalidad totalmente diferente a lo que hab\u00eda sido el cierre de la noche de anterior. Encontr\u00f3 en Amigo al jugador clave (10pts), m\u00e1s el acompa\u00f1amiento de La Bella (5) y Goenaga (4). En frente, El Nacional dependi\u00f3 de lo que pudo hacer Moran (5), m\u00e1s los aportes de Heinrich y Hoffmann. As\u00ed, el local meti\u00f3 un parcial de 21-13 y pas\u00f3 al frente 77-71, que se transform\u00f3 en 78-76 en el final del juego.<\/p>\n<p style=\"text-align: justify\"><span style=\"text-decoration: underline\"><em><strong>S\u00edntesis:<\/strong><\/em><\/span><\/p>\n<p style=\"text-align: justify\"><em><strong>Bahiense del Norte 78:<\/strong><\/em><\/p>\n<p style=\"text-align: justify\">L. La Bella 24; M. Chaves 19; F. Amigo 17; M. Fern\u00e1ndez 2; F. Goenaga 8.<br \/>\nM. Larracharte s\/u; N. Leguizamon s\/u; L. Chaves 8; G. Spikerman s\/u.<br \/>\nDT: A. Navallo<\/p>\n<p style=\"text-align: justify\"><em><strong>El Nacional 76:<\/strong><\/em><\/p>\n<p style=\"text-align: justify\">J.P. Moran 21; M. Vago 13; E. Iraola 13; F. Hoffmann 12; R. Heinrich 10.<br \/>\nE. Gonz\u00e1lez s\/u; F. Montironi 2; C. Miguel 4; B. Alonso 1.<br \/>\nDT: J.A. Garc\u00eda.<\/p>\n<p style=\"text-align: justify\"><strong>Cuartos:<\/strong> 21-20; 38-37; 56-58.<br \/>\n<strong>\u00c1rbitros:<\/strong> J. Scheffer- E. Ferreyra- M. Stuardo.<br \/>\n<strong>5 Faltas:<\/strong> M. Vago (EN):<br \/>\n<strong>Serie:<\/strong> 1-0 Bahiense del Norte.<\/p>\n<p><a class=\"modalf iframe\" title=\"Planilla\" href=\"https:\/\/docs.google.com\/spreadsheet\/pub?hl=ja&amp;hl=ja&amp;key=0AhE9h-PKJU0cdHpBY1EtVnJ4dTlIX1BtbEZWcXNkaVE&amp;single=true&amp;gid=0&amp;output=html\">Ver Planilla<\/a><\/p>\n","protected":false},"excerpt":{"rendered":"<p>Bahiense del Norte derrot\u00f3 a El Nacional por 78-76 en la continuaci\u00f3n del partido suspendido por falta de luz en la noche del Domingo, y consigui\u00f3 el primer \u00e9xito en la semifinal. El goleador del partido fue Leonardo La Bella con 24 unidades y 7 rebotes, mientras que en la visita sobresali\u00f3 Juan Pablo Moran [&hellip;]<\/p>\n","protected":false},"author":5,"featured_media":0,"comment_status":"open","ping_status":"open","sticky":false,"template":"","format":"standard","meta":{"jnews-multi-image_gallery":[],"jnews_single_post":[],"jnews_primary_category":[],"footnotes":""},"categories":[23],"tags":[5,9],"class_list":["post-1052","post","type-post","status-publish","format-standard","hentry","category-primera","tag-bahiense-del-norte","tag-el-nacional"],"yoast_head":"<!-- This site is optimized with the Yoast SEO plugin v27.5 - https:\/\/yoast.com\/product\/yoast-seo-wordpress\/ -->\n<title>Se hizo la luz para Bahiense - Gente de B\u00e1squet<\/title>\n<meta name=\"robots\" content=\"index, follow, max-snippet:-1, max-image-preview:large, max-video-preview:-1\" \/>\n<link rel=\"canonical\" href=\"http:\/\/gentedebasquet.com.ar\/sitio\/2011\/11\/08\/se-hizo-la-luz-para-bahiense\/\" \/>\n<meta property=\"og:locale\" content=\"es_ES\" \/>\n<meta property=\"og:type\" content=\"article\" \/>\n<meta property=\"og:title\" content=\"Se hizo la luz para Bahiense - Gente de B\u00e1squet\" \/>\n<meta property=\"og:description\" content=\"Bahiense del Norte derrot\u00f3 a El Nacional por 78-76 en la continuaci\u00f3n del partido suspendido por falta de luz en la noche del Domingo, y consigui\u00f3 el primer \u00e9xito en la semifinal. El goleador del partido fue Leonardo La Bella con 24 unidades y 7 rebotes, mientras que en la visita sobresali\u00f3 Juan Pablo Moran [&hellip;]\" \/>\n<meta property=\"og:url\" content=\"http:\/\/gentedebasquet.com.ar\/sitio\/2011\/11\/08\/se-hizo-la-luz-para-bahiense\/\" \/>\n<meta property=\"og:site_name\" content=\"Gente de B\u00e1squet\" \/>\n<meta property=\"article:published_time\" content=\"2011-11-08T03:17:32+00:00\" \/>\n<meta property=\"og:image\" content=\"http:\/\/www.gentedebasquet.com.ar\/wp-content\/uploads\/2011\/11\/DSC06737-300x225.jpg\" \/>\n<meta name=\"author\" content=\"Mati Ortiz\" \/>\n<meta name=\"twitter:card\" content=\"summary_large_image\" \/>\n<meta name=\"twitter:label1\" content=\"Escrito por\" \/>\n\t<meta name=\"twitter:data1\" content=\"Mati Ortiz\" \/>\n\t<meta name=\"twitter:label2\" content=\"Tiempo de lectura\" \/>\n\t<meta name=\"twitter:data2\" content=\"1 minuto\" \/>\n<script type=\"application\/ld+json\" class=\"yoast-schema-graph\">{\"@context\":\"https:\\\/\\\/schema.org\",\"@graph\":[{\"@type\":\"Article\",\"@id\":\"http:\\\/\\\/gentedebasquet.com.ar\\\/sitio\\\/2011\\\/11\\\/08\\\/se-hizo-la-luz-para-bahiense\\\/#article\",\"isPartOf\":{\"@id\":\"http:\\\/\\\/gentedebasquet.com.ar\\\/sitio\\\/2011\\\/11\\\/08\\\/se-hizo-la-luz-para-bahiense\\\/\"},\"author\":{\"name\":\"Mati Ortiz\",\"@id\":\"http:\\\/\\\/gentedebasquet.com.ar\\\/sitio\\\/#\\\/schema\\\/person\\\/bdfda4f76826a67711ffbc5c019867b1\"},\"headline\":\"Se hizo la luz para Bahiense\",\"datePublished\":\"2011-11-08T03:17:32+00:00\",\"mainEntityOfPage\":{\"@id\":\"http:\\\/\\\/gentedebasquet.com.ar\\\/sitio\\\/2011\\\/11\\\/08\\\/se-hizo-la-luz-para-bahiense\\\/\"},\"wordCount\":258,\"commentCount\":1,\"image\":{\"@id\":\"http:\\\/\\\/gentedebasquet.com.ar\\\/sitio\\\/2011\\\/11\\\/08\\\/se-hizo-la-luz-para-bahiense\\\/#primaryimage\"},\"thumbnailUrl\":\"http:\\\/\\\/www.gentedebasquet.com.ar\\\/wp-content\\\/uploads\\\/2011\\\/11\\\/DSC06737-300x225.jpg\",\"keywords\":[\"Bahiense Del Norte\",\"El Nacional\"],\"articleSection\":[\"Primera\"],\"inLanguage\":\"es\",\"potentialAction\":[{\"@type\":\"CommentAction\",\"name\":\"Comment\",\"target\":[\"http:\\\/\\\/gentedebasquet.com.ar\\\/sitio\\\/2011\\\/11\\\/08\\\/se-hizo-la-luz-para-bahiense\\\/#respond\"]}]},{\"@type\":\"WebPage\",\"@id\":\"http:\\\/\\\/gentedebasquet.com.ar\\\/sitio\\\/2011\\\/11\\\/08\\\/se-hizo-la-luz-para-bahiense\\\/\",\"url\":\"http:\\\/\\\/gentedebasquet.com.ar\\\/sitio\\\/2011\\\/11\\\/08\\\/se-hizo-la-luz-para-bahiense\\\/\",\"name\":\"Se hizo la luz para Bahiense - Gente de B\u00e1squet\",\"isPartOf\":{\"@id\":\"http:\\\/\\\/gentedebasquet.com.ar\\\/sitio\\\/#website\"},\"primaryImageOfPage\":{\"@id\":\"http:\\\/\\\/gentedebasquet.com.ar\\\/sitio\\\/2011\\\/11\\\/08\\\/se-hizo-la-luz-para-bahiense\\\/#primaryimage\"},\"image\":{\"@id\":\"http:\\\/\\\/gentedebasquet.com.ar\\\/sitio\\\/2011\\\/11\\\/08\\\/se-hizo-la-luz-para-bahiense\\\/#primaryimage\"},\"thumbnailUrl\":\"http:\\\/\\\/www.gentedebasquet.com.ar\\\/wp-content\\\/uploads\\\/2011\\\/11\\\/DSC06737-300x225.jpg\",\"datePublished\":\"2011-11-08T03:17:32+00:00\",\"author\":{\"@id\":\"http:\\\/\\\/gentedebasquet.com.ar\\\/sitio\\\/#\\\/schema\\\/person\\\/bdfda4f76826a67711ffbc5c019867b1\"},\"breadcrumb\":{\"@id\":\"http:\\\/\\\/gentedebasquet.com.ar\\\/sitio\\\/2011\\\/11\\\/08\\\/se-hizo-la-luz-para-bahiense\\\/#breadcrumb\"},\"inLanguage\":\"es\",\"potentialAction\":[{\"@type\":\"ReadAction\",\"target\":[\"http:\\\/\\\/gentedebasquet.com.ar\\\/sitio\\\/2011\\\/11\\\/08\\\/se-hizo-la-luz-para-bahiense\\\/\"]}]},{\"@type\":\"ImageObject\",\"inLanguage\":\"es\",\"@id\":\"http:\\\/\\\/gentedebasquet.com.ar\\\/sitio\\\/2011\\\/11\\\/08\\\/se-hizo-la-luz-para-bahiense\\\/#primaryimage\",\"url\":\"http:\\\/\\\/www.gentedebasquet.com.ar\\\/wp-content\\\/uploads\\\/2011\\\/11\\\/DSC06737-300x225.jpg\",\"contentUrl\":\"http:\\\/\\\/www.gentedebasquet.com.ar\\\/wp-content\\\/uploads\\\/2011\\\/11\\\/DSC06737-300x225.jpg\"},{\"@type\":\"BreadcrumbList\",\"@id\":\"http:\\\/\\\/gentedebasquet.com.ar\\\/sitio\\\/2011\\\/11\\\/08\\\/se-hizo-la-luz-para-bahiense\\\/#breadcrumb\",\"itemListElement\":[{\"@type\":\"ListItem\",\"position\":1,\"name\":\"Portada\",\"item\":\"http:\\\/\\\/gentedebasquet.com.ar\\\/sitio\\\/\"},{\"@type\":\"ListItem\",\"position\":2,\"name\":\"Se hizo la luz para Bahiense\"}]},{\"@type\":\"WebSite\",\"@id\":\"http:\\\/\\\/gentedebasquet.com.ar\\\/sitio\\\/#website\",\"url\":\"http:\\\/\\\/gentedebasquet.com.ar\\\/sitio\\\/\",\"name\":\"Gente de B\u00e1squet\",\"description\":\"La revista del basquet de Bah\u00eda Blanca\",\"potentialAction\":[{\"@type\":\"SearchAction\",\"target\":{\"@type\":\"EntryPoint\",\"urlTemplate\":\"http:\\\/\\\/gentedebasquet.com.ar\\\/sitio\\\/?s={search_term_string}\"},\"query-input\":{\"@type\":\"PropertyValueSpecification\",\"valueRequired\":true,\"valueName\":\"search_term_string\"}}],\"inLanguage\":\"es\"},{\"@type\":\"Person\",\"@id\":\"http:\\\/\\\/gentedebasquet.com.ar\\\/sitio\\\/#\\\/schema\\\/person\\\/bdfda4f76826a67711ffbc5c019867b1\",\"name\":\"Mati Ortiz\",\"image\":{\"@type\":\"ImageObject\",\"inLanguage\":\"es\",\"@id\":\"https:\\\/\\\/secure.gravatar.com\\\/avatar\\\/639f103875d0262257ad455ccde7a9fdf5a890a827f0e877d951e4fb1b0906e5?s=96&d=mm&r=g\",\"url\":\"https:\\\/\\\/secure.gravatar.com\\\/avatar\\\/639f103875d0262257ad455ccde7a9fdf5a890a827f0e877d951e4fb1b0906e5?s=96&d=mm&r=g\",\"contentUrl\":\"https:\\\/\\\/secure.gravatar.com\\\/avatar\\\/639f103875d0262257ad455ccde7a9fdf5a890a827f0e877d951e4fb1b0906e5?s=96&d=mm&r=g\",\"caption\":\"Mati Ortiz\"},\"url\":\"https:\\\/\\\/gentedebasquet.com.ar\\\/sitio\\\/author\\\/mati-ortiz\\\/\"}]}<\/script>\n<!-- \/ Yoast SEO plugin. -->","yoast_head_json":{"title":"Se hizo la luz para Bahiense - Gente de B\u00e1squet","robots":{"index":"index","follow":"follow","max-snippet":"max-snippet:-1","max-image-preview":"max-image-preview:large","max-video-preview":"max-video-preview:-1"},"canonical":"http:\/\/gentedebasquet.com.ar\/sitio\/2011\/11\/08\/se-hizo-la-luz-para-bahiense\/","og_locale":"es_ES","og_type":"article","og_title":"Se hizo la luz para Bahiense - Gente de B\u00e1squet","og_description":"Bahiense del Norte derrot\u00f3 a El Nacional por 78-76 en la continuaci\u00f3n del partido suspendido por falta de luz en la noche del Domingo, y consigui\u00f3 el primer \u00e9xito en la semifinal. El goleador del partido fue Leonardo La Bella con 24 unidades y 7 rebotes, mientras que en la visita sobresali\u00f3 Juan Pablo Moran [&hellip;]","og_url":"http:\/\/gentedebasquet.com.ar\/sitio\/2011\/11\/08\/se-hizo-la-luz-para-bahiense\/","og_site_name":"Gente de B\u00e1squet","article_published_time":"2011-11-08T03:17:32+00:00","og_image":[{"url":"http:\/\/www.gentedebasquet.com.ar\/wp-content\/uploads\/2011\/11\/DSC06737-300x225.jpg","type":"","width":"","height":""}],"author":"Mati Ortiz","twitter_card":"summary_large_image","twitter_misc":{"Escrito por":"Mati Ortiz","Tiempo de lectura":"1 minuto"},"schema":{"@context":"https:\/\/schema.org","@graph":[{"@type":"Article","@id":"http:\/\/gentedebasquet.com.ar\/sitio\/2011\/11\/08\/se-hizo-la-luz-para-bahiense\/#article","isPartOf":{"@id":"http:\/\/gentedebasquet.com.ar\/sitio\/2011\/11\/08\/se-hizo-la-luz-para-bahiense\/"},"author":{"name":"Mati Ortiz","@id":"http:\/\/gentedebasquet.com.ar\/sitio\/#\/schema\/person\/bdfda4f76826a67711ffbc5c019867b1"},"headline":"Se hizo la luz para Bahiense","datePublished":"2011-11-08T03:17:32+00:00","mainEntityOfPage":{"@id":"http:\/\/gentedebasquet.com.ar\/sitio\/2011\/11\/08\/se-hizo-la-luz-para-bahiense\/"},"wordCount":258,"commentCount":1,"image":{"@id":"http:\/\/gentedebasquet.com.ar\/sitio\/2011\/11\/08\/se-hizo-la-luz-para-bahiense\/#primaryimage"},"thumbnailUrl":"http:\/\/www.gentedebasquet.com.ar\/wp-content\/uploads\/2011\/11\/DSC06737-300x225.jpg","keywords":["Bahiense Del Norte","El Nacional"],"articleSection":["Primera"],"inLanguage":"es","potentialAction":[{"@type":"CommentAction","name":"Comment","target":["http:\/\/gentedebasquet.com.ar\/sitio\/2011\/11\/08\/se-hizo-la-luz-para-bahiense\/#respond"]}]},{"@type":"WebPage","@id":"http:\/\/gentedebasquet.com.ar\/sitio\/2011\/11\/08\/se-hizo-la-luz-para-bahiense\/","url":"http:\/\/gentedebasquet.com.ar\/sitio\/2011\/11\/08\/se-hizo-la-luz-para-bahiense\/","name":"Se hizo la luz para Bahiense - Gente de B\u00e1squet","isPartOf":{"@id":"http:\/\/gentedebasquet.com.ar\/sitio\/#website"},"primaryImageOfPage":{"@id":"http:\/\/gentedebasquet.com.ar\/sitio\/2011\/11\/08\/se-hizo-la-luz-para-bahiense\/#primaryimage"},"image":{"@id":"http:\/\/gentedebasquet.com.ar\/sitio\/2011\/11\/08\/se-hizo-la-luz-para-bahiense\/#primaryimage"},"thumbnailUrl":"http:\/\/www.gentedebasquet.com.ar\/wp-content\/uploads\/2011\/11\/DSC06737-300x225.jpg","datePublished":"2011-11-08T03:17:32+00:00","author":{"@id":"http:\/\/gentedebasquet.com.ar\/sitio\/#\/schema\/person\/bdfda4f76826a67711ffbc5c019867b1"},"breadcrumb":{"@id":"http:\/\/gentedebasquet.com.ar\/sitio\/2011\/11\/08\/se-hizo-la-luz-para-bahiense\/#breadcrumb"},"inLanguage":"es","potentialAction":[{"@type":"ReadAction","target":["http:\/\/gentedebasquet.com.ar\/sitio\/2011\/11\/08\/se-hizo-la-luz-para-bahiense\/"]}]},{"@type":"ImageObject","inLanguage":"es","@id":"http:\/\/gentedebasquet.com.ar\/sitio\/2011\/11\/08\/se-hizo-la-luz-para-bahiense\/#primaryimage","url":"http:\/\/www.gentedebasquet.com.ar\/wp-content\/uploads\/2011\/11\/DSC06737-300x225.jpg","contentUrl":"http:\/\/www.gentedebasquet.com.ar\/wp-content\/uploads\/2011\/11\/DSC06737-300x225.jpg"},{"@type":"BreadcrumbList","@id":"http:\/\/gentedebasquet.com.ar\/sitio\/2011\/11\/08\/se-hizo-la-luz-para-bahiense\/#breadcrumb","itemListElement":[{"@type":"ListItem","position":1,"name":"Portada","item":"http:\/\/gentedebasquet.com.ar\/sitio\/"},{"@type":"ListItem","position":2,"name":"Se hizo la luz para Bahiense"}]},{"@type":"WebSite","@id":"http:\/\/gentedebasquet.com.ar\/sitio\/#website","url":"http:\/\/gentedebasquet.com.ar\/sitio\/","name":"Gente de B\u00e1squet","description":"La revista del basquet de Bah\u00eda Blanca","potentialAction":[{"@type":"SearchAction","target":{"@type":"EntryPoint","urlTemplate":"http:\/\/gentedebasquet.com.ar\/sitio\/?s={search_term_string}"},"query-input":{"@type":"PropertyValueSpecification","valueRequired":true,"valueName":"search_term_string"}}],"inLanguage":"es"},{"@type":"Person","@id":"http:\/\/gentedebasquet.com.ar\/sitio\/#\/schema\/person\/bdfda4f76826a67711ffbc5c019867b1","name":"Mati Ortiz","image":{"@type":"ImageObject","inLanguage":"es","@id":"https:\/\/secure.gravatar.com\/avatar\/639f103875d0262257ad455ccde7a9fdf5a890a827f0e877d951e4fb1b0906e5?s=96&d=mm&r=g","url":"https:\/\/secure.gravatar.com\/avatar\/639f103875d0262257ad455ccde7a9fdf5a890a827f0e877d951e4fb1b0906e5?s=96&d=mm&r=g","contentUrl":"https:\/\/secure.gravatar.com\/avatar\/639f103875d0262257ad455ccde7a9fdf5a890a827f0e877d951e4fb1b0906e5?s=96&d=mm&r=g","caption":"Mati Ortiz"},"url":"https:\/\/gentedebasquet.com.ar\/sitio\/author\/mati-ortiz\/"}]}},"_links":{"self":[{"href":"https:\/\/gentedebasquet.com.ar\/sitio\/wp-json\/wp\/v2\/posts\/1052","targetHints":{"allow":["GET"]}}],"collection":[{"href":"https:\/\/gentedebasquet.com.ar\/sitio\/wp-json\/wp\/v2\/posts"}],"about":[{"href":"https:\/\/gentedebasquet.com.ar\/sitio\/wp-json\/wp\/v2\/types\/post"}],"author":[{"embeddable":true,"href":"https:\/\/gentedebasquet.com.ar\/sitio\/wp-json\/wp\/v2\/users\/5"}],"replies":[{"embeddable":true,"href":"https:\/\/gentedebasquet.com.ar\/sitio\/wp-json\/wp\/v2\/comments?post=1052"}],"version-history":[{"count":0,"href":"https:\/\/gentedebasquet.com.ar\/sitio\/wp-json\/wp\/v2\/posts\/1052\/revisions"}],"wp:attachment":[{"href":"https:\/\/gentedebasquet.com.ar\/sitio\/wp-json\/wp\/v2\/media?parent=1052"}],"wp:term":[{"taxonomy":"category","embeddable":true,"href":"https:\/\/gentedebasquet.com.ar\/sitio\/wp-json\/wp\/v2\/categories?post=1052"},{"taxonomy":"post_tag","embeddable":true,"href":"https:\/\/gentedebasquet.com.ar\/sitio\/wp-json\/wp\/v2\/tags?post=1052"}],"curies":[{"name":"wp","href":"https:\/\/api.w.org\/{rel}","templated":true}]}}