{"id":106012,"date":"2023-03-01T02:10:09","date_gmt":"2023-03-01T05:10:09","guid":{"rendered":"http:\/\/www.gentedebasquet.com.ar\/?p=106012"},"modified":"2023-03-01T02:10:09","modified_gmt":"2023-03-01T05:10:09","slug":"velocidad-vencio-a-altense-en-el-retorno-de-la-segunda-division","status":"publish","type":"post","link":"https:\/\/gentedebasquet.com.ar\/sitio\/2023\/03\/01\/velocidad-vencio-a-altense-en-el-retorno-de-la-segunda-division\/","title":{"rendered":"Velocidad venci\u00f3 a Altense en el retorno de la segunda divisi\u00f3n"},"content":{"rendered":"\n<p>El equipo que juega de local en la esquina de Rondeau y Avellaneda le gan\u00f3 70-62 en ese escenario a Altense de Punta Alta en la fecha 24 del vigente campeonato de Segunda bahiense. Juan Paronetto, con 24 puntos, y Luciano Vecchi, que aport\u00f3 10 puntos y 16 rebotes, fueron los mejores del ganador. Marcos Polchi sobresali\u00f3 por el lado de la visita con 16 unidades marcadas. \u00a1El lunes a las 21:15 volvemos con el programa de TV en Canal 7!<\/p>\n\n\n\n<p>En el inicio del encuentro, con pocos lujos y mucha lucha por la posesi\u00f3n de la pelota, el marcador mantuvo una paridad notable. Ninguno pudo establecer ataques consistentes. Reci\u00e9n en los \u00faltimos dos minutos de ese primer cuarto, liderado por Paronetto y Stegmann, Velocidad logr\u00f3 una ventaja amplia. 18 a 10 termin\u00f3 ganando ese tramo.<\/p>\n\n\n\n<p>El segundo cuarto lo tuvo como dominador a Altense. El elenco de Punta Alta tuvo un momento muy malo en estos diez minutos, pero logr\u00f3 desactivar el trabajo de Velocidad y la tremenda tarea de Paronetto con sus tiros de larga distancia haciendole llegar la bola a Marcos Polchi. El n\u00famero 15 anot\u00f3 11 puntos en el cap\u00edtulo y fue el goleador del primer tiempo de los verdes, que culminaron abajo solo por cuatro, 32-28.<\/p>\n\n\n\n<p>La energ\u00eda de Altense sigui\u00f3 en un nivel muy alto tambi\u00e9n durante el tercer cuarto. Con su superioridad en el juego grupal pas\u00f3 a liderar en el resultado. Del otro lado Velocidad solo sum\u00f3 cuatro puntos en los primeros seis minutos. El equipo orientado por Gustavo Candia no pudo encontrar el aro con sus intentos de triples. Por todo eso fue que Altense lleg\u00f3 al \u00faltimo descanso entre cuartos ganando 46 a 44.<\/p>\n\n\n\n<p>El \u00faltimo parcial fue un constante ida y vuelta hacia los aros. Gracias a una r\u00e1faga de cinco tantos de Marcos Polchi, Altense se coloc\u00f3 53 a 48. Pero la reacci\u00f3n de Velo no se hizo esperar. El regresado L\u00f3pez Hoyos, Paronetto y Scattolini fueron los responsables de darle el \u00faltimo y letal envi\u00f3n a su equipo. 70 a 62 fue el resultado final de la victoria del anfitri\u00f3n, que arranc\u00f3 con un festejo la competencia en este nuevo a\u00f1o.<\/p>\n\n\n\n<p><\/p>\n\n\n\n<figure class=\"wp-block-image size-full\"><a href=\"https:\/\/www.gentedebasquet.com.ar\/wp-content\/uploads\/2022\/12\/image-34.png\"><img decoding=\"async\" width=\"300\" height=\"250\" src=\"https:\/\/www.gentedebasquet.com.ar\/wp-content\/uploads\/2022\/12\/image-34.png\" alt=\"\" class=\"wp-image-105869\"\/><\/a><\/figure>\n\n\n\n<figure class=\"wp-block-embed is-type-video is-provider-youtube wp-block-embed-youtube wp-embed-aspect-16-9 wp-has-aspect-ratio\"><div class=\"wp-block-embed__wrapper\">\nhttps:\/\/youtu.be\/rkOx-cVIRcM\n<\/div><\/figure>\n\n\n\n<figure class=\"wp-block-image size-full\"><a href=\"https:\/\/www.gentedebasquet.com.ar\/wp-content\/uploads\/2022\/12\/image-35.png\"><img decoding=\"async\" width=\"300\" height=\"250\" src=\"https:\/\/www.gentedebasquet.com.ar\/wp-content\/uploads\/2022\/12\/image-35.png\" alt=\"\" class=\"wp-image-105872\"\/><\/a><\/figure>\n\n\n\n<figure class=\"wp-block-image size-full\"><a href=\"http:\/\/www.gentedebasquet.com.ar\/wp-content\/uploads\/2023\/03\/MVPVELO-2.png\"><img decoding=\"async\" width=\"640\" height=\"480\" src=\"http:\/\/www.gentedebasquet.com.ar\/wp-content\/uploads\/2023\/03\/MVPVELO-2.png\" alt=\"\" class=\"wp-image-106039\" srcset=\"https:\/\/gentedebasquet.com.ar\/sitio\/wp-content\/uploads\/2023\/03\/MVPVELO-2.png 640w, https:\/\/gentedebasquet.com.ar\/sitio\/wp-content\/uploads\/2023\/03\/MVPVELO-2-300x225.png 300w\" sizes=\"(max-width: 640px) 100vw, 640px\" \/><\/a><\/figure>\n\n\n\n<blockquote class=\"wp-block-quote is-layout-flow wp-block-quote-is-layout-flow\">\n<p><\/p>\n<\/blockquote>\n\n\n\n<figure class=\"wp-block-image size-full\"><a href=\"https:\/\/www.gentedebasquet.com.ar\/wp-content\/uploads\/2022\/12\/image-36.png\"><img decoding=\"async\" width=\"300\" height=\"250\" src=\"https:\/\/www.gentedebasquet.com.ar\/wp-content\/uploads\/2022\/12\/image-36.png\" alt=\"\" class=\"wp-image-105877\"\/><\/a><\/figure>\n\n\n\n<p><strong>S\u00edntesis &#8211; Segunda &#8211; Fecha #24<\/strong><\/p>\n\n\n\n<p><strong>Velocidad y Resistencia 70:<\/strong> Tadeo L\u00f3pez Hoyos 8; Luciano Vecchi 10; Jerem\u00edas Rodr\u00edguez; Santiago Segal 4; Cristian Stegmann 11 <strong>(F.I.)<\/strong> Juan Paronetto 24; Franco Riccio; Juan Ignacio Scattolini 8; Francisco Londero 5; Bautista Fava. <strong>DT:<\/strong> Gustavo Candia.<\/p>\n\n\n\n<p><strong>Altense 62:<\/strong> \u00c1lvaro Lorca 3; Franco Percello 3; Ezequiel Pordomingo 6; Brian Baier 3; Nahuel Altamirano 13 <strong>(F.I.)<\/strong> M\u00e1ximo Simoncini 2; Facundo Ramadori 4; Lautaro Jaimes; Nicol\u00e1s Bejarano 2; Joaqu\u00edn Ferreyra 2; Daniel Ezcurra 8; Marcos Polchi 16. <strong>DT:<\/strong> Nicol\u00e1s Altamirano.<\/p>\n\n\n\n<p><strong>Parciales:<\/strong> 18-10; 32-28 (14-18); 44-46 (12-18); 70-62 (26-16).<\/p>\n\n\n\n<p><strong>\u00c1rbitros:<\/strong> Nicol\u00e1s Larrasolo &#8211; Sebasti\u00e1n Giannino &#8211; Ariel Di Marco.<\/p>\n\n\n\n<p><strong>Estadio:<\/strong> Pedro S\u00e1nchez (Velocidad).<\/p>\n\n\n\n<p><a href=\"https:\/\/fibalivestats.dcd.shared.geniussports.com\/u\/ABB\/2135541\/bs.html\">ESTAD\u00cdSTICAS OFICIALES<\/a><\/p>\n\n\n\n<figure class=\"wp-block-image size-full\"><a href=\"https:\/\/www.gentedebasquet.com.ar\/wp-content\/uploads\/2022\/12\/image-39.png\"><img decoding=\"async\" width=\"300\" height=\"250\" src=\"https:\/\/www.gentedebasquet.com.ar\/wp-content\/uploads\/2022\/12\/image-39.png\" alt=\"\" class=\"wp-image-105882\"\/><\/a><\/figure>\n\n\n\n<figure class=\"wp-block-image size-full\"><a href=\"http:\/\/www.gentedebasquet.com.ar\/wp-content\/uploads\/2023\/03\/CLAVEVELO-2.png\"><img decoding=\"async\" width=\"640\" height=\"480\" src=\"http:\/\/www.gentedebasquet.com.ar\/wp-content\/uploads\/2023\/03\/CLAVEVELO-2.png\" alt=\"\" class=\"wp-image-106049\" srcset=\"https:\/\/gentedebasquet.com.ar\/sitio\/wp-content\/uploads\/2023\/03\/CLAVEVELO-2.png 640w, https:\/\/gentedebasquet.com.ar\/sitio\/wp-content\/uploads\/2023\/03\/CLAVEVELO-2-300x225.png 300w\" sizes=\"(max-width: 640px) 100vw, 640px\" \/><\/a><\/figure>\n\n\n\n<figure class=\"wp-block-image size-full\"><a href=\"https:\/\/www.gentedebasquet.com.ar\/wp-content\/uploads\/2022\/12\/image-40.png\"><img decoding=\"async\" width=\"300\" height=\"250\" src=\"https:\/\/www.gentedebasquet.com.ar\/wp-content\/uploads\/2022\/12\/image-40.png\" alt=\"\" class=\"wp-image-105883\"\/><\/a><\/figure>\n\n\n\n<figure class=\"wp-block-image size-full\"><a href=\"http:\/\/www.gentedebasquet.com.ar\/wp-content\/uploads\/2023\/03\/20230228_221218.jpg\"><img decoding=\"async\" width=\"640\" height=\"480\" src=\"http:\/\/www.gentedebasquet.com.ar\/wp-content\/uploads\/2023\/03\/20230228_221218.jpg\" alt=\"\" class=\"wp-image-106066\" srcset=\"https:\/\/gentedebasquet.com.ar\/sitio\/wp-content\/uploads\/2023\/03\/20230228_221218.jpg 640w, https:\/\/gentedebasquet.com.ar\/sitio\/wp-content\/uploads\/2023\/03\/20230228_221218-300x225.jpg 300w\" sizes=\"(max-width: 640px) 100vw, 640px\" \/><\/a><\/figure>\n","protected":false},"excerpt":{"rendered":"<p>El equipo que juega de local en la esquina de Rondeau y Avellaneda le gan\u00f3 70-62 en ese escenario a Altense de Punta Alta en la fecha 24 del vigente campeonato de Segunda bahiense. Juan Paronetto, con 24 puntos, y Luciano Vecchi, que aport\u00f3 10 puntos y 16 rebotes, fueron los mejores del ganador. Marcos [&hellip;]<\/p>\n","protected":false},"author":1,"featured_media":106065,"comment_status":"closed","ping_status":"open","sticky":false,"template":"","format":"standard","meta":{"jnews-multi-image_gallery":[],"jnews_single_post":[],"jnews_primary_category":[],"footnotes":""},"categories":[25,101],"tags":[213,1680,578,589],"class_list":["post-106012","post","type-post","status-publish","format-standard","has-post-thumbnail","hentry","category-segunda","category-slide","tag-altense","tag-luciano-vecchi","tag-marcos-polchi","tag-velocidad-y-resistencia"],"yoast_head":"<!-- This site is optimized with the Yoast SEO plugin v27.5 - https:\/\/yoast.com\/product\/yoast-seo-wordpress\/ -->\n<title>Velocidad venci\u00f3 a Altense en el retorno de la segunda divisi\u00f3n - Gente de B\u00e1squet<\/title>\n<meta name=\"robots\" content=\"index, follow, max-snippet:-1, max-image-preview:large, max-video-preview:-1\" \/>\n<link rel=\"canonical\" href=\"https:\/\/gentedebasquet.com.ar\/sitio\/2023\/03\/01\/velocidad-vencio-a-altense-en-el-retorno-de-la-segunda-division\/\" \/>\n<meta property=\"og:locale\" content=\"es_ES\" \/>\n<meta property=\"og:type\" content=\"article\" \/>\n<meta property=\"og:title\" content=\"Velocidad venci\u00f3 a Altense en el retorno de la segunda divisi\u00f3n - Gente de B\u00e1squet\" \/>\n<meta property=\"og:description\" content=\"El equipo que juega de local en la esquina de Rondeau y Avellaneda le gan\u00f3 70-62 en ese escenario a Altense de Punta Alta en la fecha 24 del vigente campeonato de Segunda bahiense. Juan Paronetto, con 24 puntos, y Luciano Vecchi, que aport\u00f3 10 puntos y 16 rebotes, fueron los mejores del ganador. Marcos [&hellip;]\" \/>\n<meta property=\"og:url\" content=\"https:\/\/gentedebasquet.com.ar\/sitio\/2023\/03\/01\/velocidad-vencio-a-altense-en-el-retorno-de-la-segunda-division\/\" \/>\n<meta property=\"og:site_name\" content=\"Gente de B\u00e1squet\" \/>\n<meta property=\"article:published_time\" content=\"2023-03-01T05:10:09+00:00\" \/>\n<meta property=\"og:image\" content=\"https:\/\/gentedebasquet.com.ar\/sitio\/wp-content\/uploads\/2023\/03\/20230228_223203.jpg\" \/>\n\t<meta property=\"og:image:width\" content=\"690\" \/>\n\t<meta property=\"og:image:height\" content=\"319\" \/>\n\t<meta property=\"og:image:type\" content=\"image\/jpeg\" \/>\n<meta name=\"author\" content=\"Gente de B\u00e1squet\" \/>\n<meta name=\"twitter:card\" content=\"summary_large_image\" \/>\n<meta name=\"twitter:label1\" content=\"Escrito por\" \/>\n\t<meta name=\"twitter:data1\" content=\"Gente de B\u00e1squet\" \/>\n\t<meta name=\"twitter:label2\" content=\"Tiempo de lectura\" \/>\n\t<meta name=\"twitter:data2\" content=\"2 minutos\" \/>\n<script type=\"application\/ld+json\" class=\"yoast-schema-graph\">{\"@context\":\"https:\\\/\\\/schema.org\",\"@graph\":[{\"@type\":\"Article\",\"@id\":\"https:\\\/\\\/gentedebasquet.com.ar\\\/sitio\\\/2023\\\/03\\\/01\\\/velocidad-vencio-a-altense-en-el-retorno-de-la-segunda-division\\\/#article\",\"isPartOf\":{\"@id\":\"https:\\\/\\\/gentedebasquet.com.ar\\\/sitio\\\/2023\\\/03\\\/01\\\/velocidad-vencio-a-altense-en-el-retorno-de-la-segunda-division\\\/\"},\"author\":{\"name\":\"Gente de B\u00e1squet\",\"@id\":\"https:\\\/\\\/gentedebasquet.com.ar\\\/sitio\\\/#\\\/schema\\\/person\\\/ca0b63bbb977369988a7bbbdc519943a\"},\"headline\":\"Velocidad venci\u00f3 a Altense en el retorno de la segunda divisi\u00f3n\",\"datePublished\":\"2023-03-01T05:10:09+00:00\",\"mainEntityOfPage\":{\"@id\":\"https:\\\/\\\/gentedebasquet.com.ar\\\/sitio\\\/2023\\\/03\\\/01\\\/velocidad-vencio-a-altense-en-el-retorno-de-la-segunda-division\\\/\"},\"wordCount\":476,\"image\":{\"@id\":\"https:\\\/\\\/gentedebasquet.com.ar\\\/sitio\\\/2023\\\/03\\\/01\\\/velocidad-vencio-a-altense-en-el-retorno-de-la-segunda-division\\\/#primaryimage\"},\"thumbnailUrl\":\"https:\\\/\\\/gentedebasquet.com.ar\\\/sitio\\\/wp-content\\\/uploads\\\/2023\\\/03\\\/20230228_223203.jpg\",\"keywords\":[\"Altense\",\"Luciano Vecchi\",\"Marcos Polchi\",\"Velocidad y Resistencia\"],\"articleSection\":[\"Segunda\",\"Slide\"],\"inLanguage\":\"es\"},{\"@type\":\"WebPage\",\"@id\":\"https:\\\/\\\/gentedebasquet.com.ar\\\/sitio\\\/2023\\\/03\\\/01\\\/velocidad-vencio-a-altense-en-el-retorno-de-la-segunda-division\\\/\",\"url\":\"https:\\\/\\\/gentedebasquet.com.ar\\\/sitio\\\/2023\\\/03\\\/01\\\/velocidad-vencio-a-altense-en-el-retorno-de-la-segunda-division\\\/\",\"name\":\"Velocidad venci\u00f3 a Altense en el retorno de la segunda divisi\u00f3n - Gente de B\u00e1squet\",\"isPartOf\":{\"@id\":\"https:\\\/\\\/gentedebasquet.com.ar\\\/sitio\\\/#website\"},\"primaryImageOfPage\":{\"@id\":\"https:\\\/\\\/gentedebasquet.com.ar\\\/sitio\\\/2023\\\/03\\\/01\\\/velocidad-vencio-a-altense-en-el-retorno-de-la-segunda-division\\\/#primaryimage\"},\"image\":{\"@id\":\"https:\\\/\\\/gentedebasquet.com.ar\\\/sitio\\\/2023\\\/03\\\/01\\\/velocidad-vencio-a-altense-en-el-retorno-de-la-segunda-division\\\/#primaryimage\"},\"thumbnailUrl\":\"https:\\\/\\\/gentedebasquet.com.ar\\\/sitio\\\/wp-content\\\/uploads\\\/2023\\\/03\\\/20230228_223203.jpg\",\"datePublished\":\"2023-03-01T05:10:09+00:00\",\"author\":{\"@id\":\"https:\\\/\\\/gentedebasquet.com.ar\\\/sitio\\\/#\\\/schema\\\/person\\\/ca0b63bbb977369988a7bbbdc519943a\"},\"breadcrumb\":{\"@id\":\"https:\\\/\\\/gentedebasquet.com.ar\\\/sitio\\\/2023\\\/03\\\/01\\\/velocidad-vencio-a-altense-en-el-retorno-de-la-segunda-division\\\/#breadcrumb\"},\"inLanguage\":\"es\",\"potentialAction\":[{\"@type\":\"ReadAction\",\"target\":[\"https:\\\/\\\/gentedebasquet.com.ar\\\/sitio\\\/2023\\\/03\\\/01\\\/velocidad-vencio-a-altense-en-el-retorno-de-la-segunda-division\\\/\"]}]},{\"@type\":\"ImageObject\",\"inLanguage\":\"es\",\"@id\":\"https:\\\/\\\/gentedebasquet.com.ar\\\/sitio\\\/2023\\\/03\\\/01\\\/velocidad-vencio-a-altense-en-el-retorno-de-la-segunda-division\\\/#primaryimage\",\"url\":\"https:\\\/\\\/gentedebasquet.com.ar\\\/sitio\\\/wp-content\\\/uploads\\\/2023\\\/03\\\/20230228_223203.jpg\",\"contentUrl\":\"https:\\\/\\\/gentedebasquet.com.ar\\\/sitio\\\/wp-content\\\/uploads\\\/2023\\\/03\\\/20230228_223203.jpg\",\"width\":690,\"height\":319},{\"@type\":\"BreadcrumbList\",\"@id\":\"https:\\\/\\\/gentedebasquet.com.ar\\\/sitio\\\/2023\\\/03\\\/01\\\/velocidad-vencio-a-altense-en-el-retorno-de-la-segunda-division\\\/#breadcrumb\",\"itemListElement\":[{\"@type\":\"ListItem\",\"position\":1,\"name\":\"Portada\",\"item\":\"https:\\\/\\\/gentedebasquet.com.ar\\\/sitio\\\/\"},{\"@type\":\"ListItem\",\"position\":2,\"name\":\"Velocidad venci\u00f3 a Altense en el retorno de la segunda divisi\u00f3n\"}]},{\"@type\":\"WebSite\",\"@id\":\"https:\\\/\\\/gentedebasquet.com.ar\\\/sitio\\\/#website\",\"url\":\"https:\\\/\\\/gentedebasquet.com.ar\\\/sitio\\\/\",\"name\":\"Gente de B\u00e1squet\",\"description\":\"La revista del basquet de Bah\u00eda Blanca\",\"potentialAction\":[{\"@type\":\"SearchAction\",\"target\":{\"@type\":\"EntryPoint\",\"urlTemplate\":\"https:\\\/\\\/gentedebasquet.com.ar\\\/sitio\\\/?s={search_term_string}\"},\"query-input\":{\"@type\":\"PropertyValueSpecification\",\"valueRequired\":true,\"valueName\":\"search_term_string\"}}],\"inLanguage\":\"es\"},{\"@type\":\"Person\",\"@id\":\"https:\\\/\\\/gentedebasquet.com.ar\\\/sitio\\\/#\\\/schema\\\/person\\\/ca0b63bbb977369988a7bbbdc519943a\",\"name\":\"Gente de B\u00e1squet\",\"image\":{\"@type\":\"ImageObject\",\"inLanguage\":\"es\",\"@id\":\"https:\\\/\\\/secure.gravatar.com\\\/avatar\\\/7f2c48bdc33b30088f941fb6082e555f2874c98e20cb159d7b92b50eadfce793?s=96&d=mm&r=g\",\"url\":\"https:\\\/\\\/secure.gravatar.com\\\/avatar\\\/7f2c48bdc33b30088f941fb6082e555f2874c98e20cb159d7b92b50eadfce793?s=96&d=mm&r=g\",\"contentUrl\":\"https:\\\/\\\/secure.gravatar.com\\\/avatar\\\/7f2c48bdc33b30088f941fb6082e555f2874c98e20cb159d7b92b50eadfce793?s=96&d=mm&r=g\",\"caption\":\"Gente de B\u00e1squet\"},\"sameAs\":[\"http:\\\/\\\/gentedebasquet.com.ar\\\/sitio\"],\"url\":\"https:\\\/\\\/gentedebasquet.com.ar\\\/sitio\\\/author\\\/ulises\\\/\"}]}<\/script>\n<!-- \/ Yoast SEO plugin. -->","yoast_head_json":{"title":"Velocidad venci\u00f3 a Altense en el retorno de la segunda divisi\u00f3n - Gente de B\u00e1squet","robots":{"index":"index","follow":"follow","max-snippet":"max-snippet:-1","max-image-preview":"max-image-preview:large","max-video-preview":"max-video-preview:-1"},"canonical":"https:\/\/gentedebasquet.com.ar\/sitio\/2023\/03\/01\/velocidad-vencio-a-altense-en-el-retorno-de-la-segunda-division\/","og_locale":"es_ES","og_type":"article","og_title":"Velocidad venci\u00f3 a Altense en el retorno de la segunda divisi\u00f3n - Gente de B\u00e1squet","og_description":"El equipo que juega de local en la esquina de Rondeau y Avellaneda le gan\u00f3 70-62 en ese escenario a Altense de Punta Alta en la fecha 24 del vigente campeonato de Segunda bahiense. Juan Paronetto, con 24 puntos, y Luciano Vecchi, que aport\u00f3 10 puntos y 16 rebotes, fueron los mejores del ganador. Marcos [&hellip;]","og_url":"https:\/\/gentedebasquet.com.ar\/sitio\/2023\/03\/01\/velocidad-vencio-a-altense-en-el-retorno-de-la-segunda-division\/","og_site_name":"Gente de B\u00e1squet","article_published_time":"2023-03-01T05:10:09+00:00","og_image":[{"width":690,"height":319,"url":"https:\/\/gentedebasquet.com.ar\/sitio\/wp-content\/uploads\/2023\/03\/20230228_223203.jpg","type":"image\/jpeg"}],"author":"Gente de B\u00e1squet","twitter_card":"summary_large_image","twitter_misc":{"Escrito por":"Gente de B\u00e1squet","Tiempo de lectura":"2 minutos"},"schema":{"@context":"https:\/\/schema.org","@graph":[{"@type":"Article","@id":"https:\/\/gentedebasquet.com.ar\/sitio\/2023\/03\/01\/velocidad-vencio-a-altense-en-el-retorno-de-la-segunda-division\/#article","isPartOf":{"@id":"https:\/\/gentedebasquet.com.ar\/sitio\/2023\/03\/01\/velocidad-vencio-a-altense-en-el-retorno-de-la-segunda-division\/"},"author":{"name":"Gente de B\u00e1squet","@id":"https:\/\/gentedebasquet.com.ar\/sitio\/#\/schema\/person\/ca0b63bbb977369988a7bbbdc519943a"},"headline":"Velocidad venci\u00f3 a Altense en el retorno de la segunda divisi\u00f3n","datePublished":"2023-03-01T05:10:09+00:00","mainEntityOfPage":{"@id":"https:\/\/gentedebasquet.com.ar\/sitio\/2023\/03\/01\/velocidad-vencio-a-altense-en-el-retorno-de-la-segunda-division\/"},"wordCount":476,"image":{"@id":"https:\/\/gentedebasquet.com.ar\/sitio\/2023\/03\/01\/velocidad-vencio-a-altense-en-el-retorno-de-la-segunda-division\/#primaryimage"},"thumbnailUrl":"https:\/\/gentedebasquet.com.ar\/sitio\/wp-content\/uploads\/2023\/03\/20230228_223203.jpg","keywords":["Altense","Luciano Vecchi","Marcos Polchi","Velocidad y Resistencia"],"articleSection":["Segunda","Slide"],"inLanguage":"es"},{"@type":"WebPage","@id":"https:\/\/gentedebasquet.com.ar\/sitio\/2023\/03\/01\/velocidad-vencio-a-altense-en-el-retorno-de-la-segunda-division\/","url":"https:\/\/gentedebasquet.com.ar\/sitio\/2023\/03\/01\/velocidad-vencio-a-altense-en-el-retorno-de-la-segunda-division\/","name":"Velocidad venci\u00f3 a Altense en el retorno de la segunda divisi\u00f3n - Gente de B\u00e1squet","isPartOf":{"@id":"https:\/\/gentedebasquet.com.ar\/sitio\/#website"},"primaryImageOfPage":{"@id":"https:\/\/gentedebasquet.com.ar\/sitio\/2023\/03\/01\/velocidad-vencio-a-altense-en-el-retorno-de-la-segunda-division\/#primaryimage"},"image":{"@id":"https:\/\/gentedebasquet.com.ar\/sitio\/2023\/03\/01\/velocidad-vencio-a-altense-en-el-retorno-de-la-segunda-division\/#primaryimage"},"thumbnailUrl":"https:\/\/gentedebasquet.com.ar\/sitio\/wp-content\/uploads\/2023\/03\/20230228_223203.jpg","datePublished":"2023-03-01T05:10:09+00:00","author":{"@id":"https:\/\/gentedebasquet.com.ar\/sitio\/#\/schema\/person\/ca0b63bbb977369988a7bbbdc519943a"},"breadcrumb":{"@id":"https:\/\/gentedebasquet.com.ar\/sitio\/2023\/03\/01\/velocidad-vencio-a-altense-en-el-retorno-de-la-segunda-division\/#breadcrumb"},"inLanguage":"es","potentialAction":[{"@type":"ReadAction","target":["https:\/\/gentedebasquet.com.ar\/sitio\/2023\/03\/01\/velocidad-vencio-a-altense-en-el-retorno-de-la-segunda-division\/"]}]},{"@type":"ImageObject","inLanguage":"es","@id":"https:\/\/gentedebasquet.com.ar\/sitio\/2023\/03\/01\/velocidad-vencio-a-altense-en-el-retorno-de-la-segunda-division\/#primaryimage","url":"https:\/\/gentedebasquet.com.ar\/sitio\/wp-content\/uploads\/2023\/03\/20230228_223203.jpg","contentUrl":"https:\/\/gentedebasquet.com.ar\/sitio\/wp-content\/uploads\/2023\/03\/20230228_223203.jpg","width":690,"height":319},{"@type":"BreadcrumbList","@id":"https:\/\/gentedebasquet.com.ar\/sitio\/2023\/03\/01\/velocidad-vencio-a-altense-en-el-retorno-de-la-segunda-division\/#breadcrumb","itemListElement":[{"@type":"ListItem","position":1,"name":"Portada","item":"https:\/\/gentedebasquet.com.ar\/sitio\/"},{"@type":"ListItem","position":2,"name":"Velocidad venci\u00f3 a Altense en el retorno de la segunda divisi\u00f3n"}]},{"@type":"WebSite","@id":"https:\/\/gentedebasquet.com.ar\/sitio\/#website","url":"https:\/\/gentedebasquet.com.ar\/sitio\/","name":"Gente de B\u00e1squet","description":"La revista del basquet de Bah\u00eda Blanca","potentialAction":[{"@type":"SearchAction","target":{"@type":"EntryPoint","urlTemplate":"https:\/\/gentedebasquet.com.ar\/sitio\/?s={search_term_string}"},"query-input":{"@type":"PropertyValueSpecification","valueRequired":true,"valueName":"search_term_string"}}],"inLanguage":"es"},{"@type":"Person","@id":"https:\/\/gentedebasquet.com.ar\/sitio\/#\/schema\/person\/ca0b63bbb977369988a7bbbdc519943a","name":"Gente de B\u00e1squet","image":{"@type":"ImageObject","inLanguage":"es","@id":"https:\/\/secure.gravatar.com\/avatar\/7f2c48bdc33b30088f941fb6082e555f2874c98e20cb159d7b92b50eadfce793?s=96&d=mm&r=g","url":"https:\/\/secure.gravatar.com\/avatar\/7f2c48bdc33b30088f941fb6082e555f2874c98e20cb159d7b92b50eadfce793?s=96&d=mm&r=g","contentUrl":"https:\/\/secure.gravatar.com\/avatar\/7f2c48bdc33b30088f941fb6082e555f2874c98e20cb159d7b92b50eadfce793?s=96&d=mm&r=g","caption":"Gente de B\u00e1squet"},"sameAs":["http:\/\/gentedebasquet.com.ar\/sitio"],"url":"https:\/\/gentedebasquet.com.ar\/sitio\/author\/ulises\/"}]}},"_links":{"self":[{"href":"https:\/\/gentedebasquet.com.ar\/sitio\/wp-json\/wp\/v2\/posts\/106012","targetHints":{"allow":["GET"]}}],"collection":[{"href":"https:\/\/gentedebasquet.com.ar\/sitio\/wp-json\/wp\/v2\/posts"}],"about":[{"href":"https:\/\/gentedebasquet.com.ar\/sitio\/wp-json\/wp\/v2\/types\/post"}],"author":[{"embeddable":true,"href":"https:\/\/gentedebasquet.com.ar\/sitio\/wp-json\/wp\/v2\/users\/1"}],"replies":[{"embeddable":true,"href":"https:\/\/gentedebasquet.com.ar\/sitio\/wp-json\/wp\/v2\/comments?post=106012"}],"version-history":[{"count":0,"href":"https:\/\/gentedebasquet.com.ar\/sitio\/wp-json\/wp\/v2\/posts\/106012\/revisions"}],"wp:featuredmedia":[{"embeddable":true,"href":"https:\/\/gentedebasquet.com.ar\/sitio\/wp-json\/wp\/v2\/media\/106065"}],"wp:attachment":[{"href":"https:\/\/gentedebasquet.com.ar\/sitio\/wp-json\/wp\/v2\/media?parent=106012"}],"wp:term":[{"taxonomy":"category","embeddable":true,"href":"https:\/\/gentedebasquet.com.ar\/sitio\/wp-json\/wp\/v2\/categories?post=106012"},{"taxonomy":"post_tag","embeddable":true,"href":"https:\/\/gentedebasquet.com.ar\/sitio\/wp-json\/wp\/v2\/tags?post=106012"}],"curies":[{"name":"wp","href":"https:\/\/api.w.org\/{rel}","templated":true}]}}