{"id":106150,"date":"2023-03-06T00:47:15","date_gmt":"2023-03-06T03:47:15","guid":{"rendered":"http:\/\/www.gentedebasquet.com.ar\/?p=106150"},"modified":"2023-03-06T00:47:15","modified_gmt":"2023-03-06T03:47:15","slug":"el-nacional-liquido-a-las-punteras-de-visita","status":"publish","type":"post","link":"https:\/\/gentedebasquet.com.ar\/sitio\/2023\/03\/06\/el-nacional-liquido-a-las-punteras-de-visita\/","title":{"rendered":"El Nacional liquid\u00f3 a las punteras de visita"},"content":{"rendered":"\n<p>Tras un s\u00f3lido partido para las jugadoras de Viviana Albizu, quienes marcaron el ritmo de juego desde el comienzo y lo definieron en el segundo cuarto, el tanteador finaliz\u00f3 con un chocante 48-81, siendo este el segundo partido perdido para el auriazul en este torneo.<br>Durante el primer cuarto se pod\u00eda llegar a imaginar un partido peleado, hasta que la mala racha en la efectividad de Estrella y la incesante defensa personal de Alondra Gonzales hacia la tiradora Rial se hicieron presentes, pero aun as\u00ed logrando que los primeros 10\u00b4 finalicen con la m\u00ednima diferencia. (14-15, ganaba El Nacional)<br>En el inicio del segundo cuarto se pod\u00eda destacar la uni\u00f3n del equipo albiceleste a la hora de defender, ya que una vez m\u00e1s demostr\u00f3 todo su potencial en esta materia y logr\u00f3 definir el ritmo del partido, haciendo que mayormente se base en robar el bal\u00f3n y correr en contraataque, buscando la mayor cantidad de tiros tomados posibles para elevar sus n\u00fameros y su seguridad. No obstante, el equipo local no se rend\u00eda y termin\u00f3 el primer tiempo con tan solo 9 abajo (30-39) , destacando a la jugadora con la camiseta n\u00famero 11 de Estrella, que si bien no tuvo muchas oportunidades para tirar, logr\u00f3 aprovechar cada una de las que se le presentaron, luciendo su gran eficacia en tiros de campo.<br>Al comenzar el segundo tiempo el equipo visitante reafirm\u00f3 su juego logrando 7 puntos consecutivos en los primero dos minutos del tercer cuarto, alejando as\u00ed cada vez m\u00e1s la oportunidad del local de pelear este encuentro. Y cuando el partido no podr\u00eda estar m\u00e1s a favor del conjunto de Alvizu, Victoria Perez comienz\u00f3 a elevar sus n\u00fameros de forma inaudita, llevandose la mirada del p\u00fablico en su amplia variedad de recursos t\u00e9cnicos a la hora de definir al aro y resolviendo problemas, al igual que las destacables jugadoras de la visita como Aldana Chcair, y Paulina Lazar, colaborando para comenzar el \u00faltimo cuarto con una diferencia de 27 puntos, (36-63).<br>En los \u00faltimos 10 minutos los t\u00e9cnicos dieron por sentado el resultado, y decidieron darle los minutos restantes a los refuerzos de cada equipo, brind\u00e1ndonos varias jugadas interesantes de nuevos rostros, y consagrando el encuentro con un duro 48-81 para Luciano Deminicis y sus jugadoras.<\/p>\n\n\n\n<p><strong>\u00a1El lunes a las 21:15hs volvemos con el programa de TV en Canal 7!<\/strong><\/p>\n\n\n\n<figure class=\"wp-block-image\" id=\"block-7a351139-9099-475c-9065-972ffc660feb\"><img decoding=\"async\" src=\"http:\/\/www.gentedebasquet.com.ar\/wp-content\/uploads\/2022\/09\/Gif-Publicidades-1.gif\" alt=\"La imagen tiene un atributo ALT vac\u00edo; su nombre de archivo es Gif-Publicidades-1.gif\"\/><\/figure>\n\n\n\n<figure class=\"wp-block-embed is-type-video is-provider-youtube wp-block-embed-youtube wp-embed-aspect-16-9 wp-has-aspect-ratio\"><div class=\"wp-block-embed__wrapper\">\nhttps:\/\/www.youtube.com\/watch?v=_lGaiS3MNzc&#038;feature=youtu.be\n<\/div><\/figure>\n\n\n\n<figure class=\"wp-block-image\" id=\"block-faa48806-73ff-4708-8e65-729926a5dde4\"><img decoding=\"async\" src=\"http:\/\/www.gentedebasquet.com.ar\/wp-content\/uploads\/2022\/09\/Gif-Publicidades-2.gif\" alt=\"La imagen tiene un atributo ALT vac\u00edo; su nombre de archivo es Gif-Publicidades-2.gif\"\/><\/figure>\n\n\n\n<figure class=\"wp-block-image size-large is-resized\"><a href=\"http:\/\/www.gentedebasquet.com.ar\/wp-content\/uploads\/2023\/03\/MVP-2-2.png\"><img decoding=\"async\" src=\"http:\/\/www.gentedebasquet.com.ar\/wp-content\/uploads\/2023\/03\/MVP-2-2-1024x1024.png\" alt=\"\" class=\"wp-image-106152\" width=\"333\" height=\"333\" srcset=\"https:\/\/gentedebasquet.com.ar\/sitio\/wp-content\/uploads\/2023\/03\/MVP-2-2-1024x1024.png 1024w, https:\/\/gentedebasquet.com.ar\/sitio\/wp-content\/uploads\/2023\/03\/MVP-2-2-300x300.png 300w, https:\/\/gentedebasquet.com.ar\/sitio\/wp-content\/uploads\/2023\/03\/MVP-2-2-150x150.png 150w, https:\/\/gentedebasquet.com.ar\/sitio\/wp-content\/uploads\/2023\/03\/MVP-2-2-768x768.png 768w, https:\/\/gentedebasquet.com.ar\/sitio\/wp-content\/uploads\/2023\/03\/MVP-2-2-1536x1536.png 1536w, https:\/\/gentedebasquet.com.ar\/sitio\/wp-content\/uploads\/2023\/03\/MVP-2-2.png 2000w\" sizes=\"(max-width: 333px) 100vw, 333px\" \/><\/a><\/figure>\n\n\n\n<figure class=\"wp-block-image size-large is-resized\"><a href=\"http:\/\/www.gentedebasquet.com.ar\/wp-content\/uploads\/2023\/03\/WhatsApp-Image-2023-03-05-at-22.54.55.jpeg\"><img decoding=\"async\" src=\"http:\/\/www.gentedebasquet.com.ar\/wp-content\/uploads\/2023\/03\/WhatsApp-Image-2023-03-05-at-22.54.55-768x1024.jpeg\" alt=\"\" class=\"wp-image-106151\" width=\"331\" height=\"441\" srcset=\"https:\/\/gentedebasquet.com.ar\/sitio\/wp-content\/uploads\/2023\/03\/WhatsApp-Image-2023-03-05-at-22.54.55-768x1024.jpeg 768w, https:\/\/gentedebasquet.com.ar\/sitio\/wp-content\/uploads\/2023\/03\/WhatsApp-Image-2023-03-05-at-22.54.55-225x300.jpeg 225w, https:\/\/gentedebasquet.com.ar\/sitio\/wp-content\/uploads\/2023\/03\/WhatsApp-Image-2023-03-05-at-22.54.55-1152x1536.jpeg 1152w, https:\/\/gentedebasquet.com.ar\/sitio\/wp-content\/uploads\/2023\/03\/WhatsApp-Image-2023-03-05-at-22.54.55.jpeg 1200w\" sizes=\"(max-width: 331px) 100vw, 331px\" \/><\/a><\/figure>\n\n\n\n<p><\/p>\n\n\n\n<figure class=\"wp-block-image\" id=\"block-665f4712-9d61-43db-8d69-6c85a8536b1f\"><img decoding=\"async\" src=\"http:\/\/www.gentedebasquet.com.ar\/wp-content\/uploads\/2022\/09\/Gif-Publicidades-3.gif\" alt=\"La imagen tiene un atributo ALT vac\u00edo; su nombre de archivo es Gif-Publicidades-3.gif\"\/><\/figure>\n\n\n\n<p id=\"block-8a9daf2e-60d5-482f-9178-0b726b774820\"><strong>S\u00edntesis \u2013Primera Femenino &#8211; Fecha <\/strong>14<\/p>\n\n\n\n<p id=\"block-f17f9d02-2d95-4d1e-a93c-26c450762878\"><strong>Estrella 48:<\/strong> N. Franco 3, C. Cabrera 3, M. Marcocci 8, G. Rial 13, N. Gil 6 (FI); B. Cunningham 0, L. Simioni 2, B. Rodr\u00edguez Larrauri 2, A. Rodr\u00edguez 0, M. Pye 9, C. Campagne 2. <\/p>\n\n\n\n<p id=\"block-dc89d119-ba0c-433d-b96a-d1a30c05f74e\">El Nacional 81: P. Lazar 15, V. P\u00e9rez 26, A. Gonz\u00e1lez 5, P. Vecchi 13, A. Chcair 16 (FI); J. Ruiz 0, V. Escudero 3, I. Basual 2, M. Prado 0, Y. Catania 0, L. Fierro 1. <\/p>\n\n\n\n<p id=\"block-e2d3c8e9-2c60-4488-8851-54a27b4d2c3b\"><strong>Parciales<\/strong>: 14-15, 30-39 (16-24), 36-63 (6-24) y 48-81 (12-18)<\/p>\n\n\n\n<p id=\"block-e5e7be65-4572-421d-aea8-069b55a56714\"><strong>Estadio:<\/strong> Luis Alvarez (Estrella)<\/p>\n\n\n\n<p id=\"block-a09fda19-a00f-4176-8a77-ca41c6281bf2\"><a href=\"https:\/\/fibalivestats.dcd.shared.geniussports.com\/u\/ABB\/2135864\/pbp.html\" data-type=\"URL\" data-id=\"https:\/\/fibalivestats.dcd.shared.geniussports.com\/u\/ABB\/2135864\/pbp.html\">ESTADISTICAS OFICIALES <\/a><\/p>\n\n\n\n<figure class=\"wp-block-image\" id=\"block-c175ff12-48be-49ff-b68e-f04116afde39\"><img decoding=\"async\" src=\"http:\/\/www.gentedebasquet.com.ar\/wp-content\/uploads\/2022\/09\/Gif-Publicidades-4.gif\" alt=\"La imagen tiene un atributo ALT vac\u00edo; su nombre de archivo es Gif-Publicidades-4.gif\"\/><\/figure>\n\n\n\n<figure class=\"wp-block-image size-large is-resized\"><a href=\"http:\/\/www.gentedebasquet.com.ar\/wp-content\/uploads\/2023\/03\/CLAVE-2-2.png\"><img decoding=\"async\" src=\"http:\/\/www.gentedebasquet.com.ar\/wp-content\/uploads\/2023\/03\/CLAVE-2-2-1024x819.png\" alt=\"\" class=\"wp-image-106157\" width=\"300\" height=\"239\" srcset=\"https:\/\/gentedebasquet.com.ar\/sitio\/wp-content\/uploads\/2023\/03\/CLAVE-2-2-1024x819.png 1024w, https:\/\/gentedebasquet.com.ar\/sitio\/wp-content\/uploads\/2023\/03\/CLAVE-2-2-300x240.png 300w, https:\/\/gentedebasquet.com.ar\/sitio\/wp-content\/uploads\/2023\/03\/CLAVE-2-2-768x614.png 768w, https:\/\/gentedebasquet.com.ar\/sitio\/wp-content\/uploads\/2023\/03\/CLAVE-2-2-1536x1229.png 1536w, https:\/\/gentedebasquet.com.ar\/sitio\/wp-content\/uploads\/2023\/03\/CLAVE-2-2.png 2004w\" sizes=\"(max-width: 300px) 100vw, 300px\" \/><\/a><\/figure>\n\n\n\n<figure class=\"wp-block-image\" id=\"block-b8e7a1aa-a11b-4a8a-bedc-b13835e3732f\"><img decoding=\"async\" src=\"http:\/\/www.gentedebasquet.com.ar\/wp-content\/uploads\/2022\/09\/Gif-Publicidades-5.gif\" alt=\"La imagen tiene un atributo ALT vac\u00edo; su nombre de archivo es Gif-Publicidades-5.gif\"\/><\/figure>\n","protected":false},"excerpt":{"rendered":"<p>Tras un s\u00f3lido partido para las jugadoras de Viviana Albizu, quienes marcaron el ritmo de juego desde el comienzo y lo definieron en el segundo cuarto, el tanteador finaliz\u00f3 con un chocante 48-81, siendo este el segundo partido perdido para el auriazul en este torneo.Durante el primer cuarto se pod\u00eda llegar a imaginar un partido [&hellip;]<\/p>\n","protected":false},"author":75,"featured_media":106154,"comment_status":"closed","ping_status":"open","sticky":false,"template":"","format":"standard","meta":{"jnews-multi-image_gallery":[],"jnews_single_post":[],"jnews_primary_category":[],"footnotes":""},"categories":[24,33,101],"tags":[9,10],"class_list":["post-106150","post","type-post","status-publish","format-standard","has-post-thumbnail","hentry","category-overtime","category-femenino","category-slide","tag-el-nacional","tag-estrella"],"yoast_head":"<!-- This site is optimized with the Yoast SEO plugin v27.5 - https:\/\/yoast.com\/product\/yoast-seo-wordpress\/ -->\n<title>El Nacional liquid\u00f3 a las punteras de visita - Gente de B\u00e1squet<\/title>\n<meta name=\"robots\" content=\"index, follow, max-snippet:-1, max-image-preview:large, max-video-preview:-1\" \/>\n<link rel=\"canonical\" href=\"http:\/\/gentedebasquet.com.ar\/sitio\/2023\/03\/06\/el-nacional-liquido-a-las-punteras-de-visita\/\" \/>\n<meta property=\"og:locale\" content=\"es_ES\" \/>\n<meta property=\"og:type\" content=\"article\" \/>\n<meta property=\"og:title\" content=\"El Nacional liquid\u00f3 a las punteras de visita - Gente de B\u00e1squet\" \/>\n<meta property=\"og:description\" content=\"Tras un s\u00f3lido partido para las jugadoras de Viviana Albizu, quienes marcaron el ritmo de juego desde el comienzo y lo definieron en el segundo cuarto, el tanteador finaliz\u00f3 con un chocante 48-81, siendo este el segundo partido perdido para el auriazul en este torneo.Durante el primer cuarto se pod\u00eda llegar a imaginar un partido [&hellip;]\" \/>\n<meta property=\"og:url\" content=\"http:\/\/gentedebasquet.com.ar\/sitio\/2023\/03\/06\/el-nacional-liquido-a-las-punteras-de-visita\/\" \/>\n<meta property=\"og:site_name\" content=\"Gente de B\u00e1squet\" \/>\n<meta property=\"article:published_time\" content=\"2023-03-06T03:47:15+00:00\" \/>\n<meta property=\"og:image\" content=\"http:\/\/gentedebasquet.com.ar\/sitio\/wp-content\/uploads\/2023\/03\/WhatsApp-Image-2023-03-05-at-22.54.54.png\" \/>\n\t<meta property=\"og:image:width\" content=\"690\" \/>\n\t<meta property=\"og:image:height\" content=\"319\" \/>\n\t<meta property=\"og:image:type\" content=\"image\/png\" \/>\n<meta name=\"author\" content=\"Julia Guardiola\" \/>\n<meta name=\"twitter:card\" content=\"summary_large_image\" \/>\n<meta name=\"twitter:label1\" content=\"Escrito por\" \/>\n\t<meta name=\"twitter:data1\" content=\"Julia Guardiola\" \/>\n\t<meta name=\"twitter:label2\" content=\"Tiempo de lectura\" \/>\n\t<meta name=\"twitter:data2\" content=\"2 minutos\" \/>\n<script type=\"application\/ld+json\" class=\"yoast-schema-graph\">{\"@context\":\"https:\\\/\\\/schema.org\",\"@graph\":[{\"@type\":\"Article\",\"@id\":\"http:\\\/\\\/gentedebasquet.com.ar\\\/sitio\\\/2023\\\/03\\\/06\\\/el-nacional-liquido-a-las-punteras-de-visita\\\/#article\",\"isPartOf\":{\"@id\":\"http:\\\/\\\/gentedebasquet.com.ar\\\/sitio\\\/2023\\\/03\\\/06\\\/el-nacional-liquido-a-las-punteras-de-visita\\\/\"},\"author\":{\"name\":\"Julia Guardiola\",\"@id\":\"https:\\\/\\\/gentedebasquet.com.ar\\\/sitio\\\/#\\\/schema\\\/person\\\/c76740c661447fd38b0a6f74d10ff4d3\"},\"headline\":\"El Nacional liquid\u00f3 a las punteras de visita\",\"datePublished\":\"2023-03-06T03:47:15+00:00\",\"mainEntityOfPage\":{\"@id\":\"http:\\\/\\\/gentedebasquet.com.ar\\\/sitio\\\/2023\\\/03\\\/06\\\/el-nacional-liquido-a-las-punteras-de-visita\\\/\"},\"wordCount\":497,\"image\":{\"@id\":\"http:\\\/\\\/gentedebasquet.com.ar\\\/sitio\\\/2023\\\/03\\\/06\\\/el-nacional-liquido-a-las-punteras-de-visita\\\/#primaryimage\"},\"thumbnailUrl\":\"https:\\\/\\\/gentedebasquet.com.ar\\\/sitio\\\/wp-content\\\/uploads\\\/2023\\\/03\\\/WhatsApp-Image-2023-03-05-at-22.54.54.png\",\"keywords\":[\"El Nacional\",\"Estrella\"],\"articleSection\":[\"#Overtime\",\"Femenino\",\"Slide\"],\"inLanguage\":\"es\"},{\"@type\":\"WebPage\",\"@id\":\"http:\\\/\\\/gentedebasquet.com.ar\\\/sitio\\\/2023\\\/03\\\/06\\\/el-nacional-liquido-a-las-punteras-de-visita\\\/\",\"url\":\"http:\\\/\\\/gentedebasquet.com.ar\\\/sitio\\\/2023\\\/03\\\/06\\\/el-nacional-liquido-a-las-punteras-de-visita\\\/\",\"name\":\"El Nacional liquid\u00f3 a las punteras de visita - Gente de B\u00e1squet\",\"isPartOf\":{\"@id\":\"https:\\\/\\\/gentedebasquet.com.ar\\\/sitio\\\/#website\"},\"primaryImageOfPage\":{\"@id\":\"http:\\\/\\\/gentedebasquet.com.ar\\\/sitio\\\/2023\\\/03\\\/06\\\/el-nacional-liquido-a-las-punteras-de-visita\\\/#primaryimage\"},\"image\":{\"@id\":\"http:\\\/\\\/gentedebasquet.com.ar\\\/sitio\\\/2023\\\/03\\\/06\\\/el-nacional-liquido-a-las-punteras-de-visita\\\/#primaryimage\"},\"thumbnailUrl\":\"https:\\\/\\\/gentedebasquet.com.ar\\\/sitio\\\/wp-content\\\/uploads\\\/2023\\\/03\\\/WhatsApp-Image-2023-03-05-at-22.54.54.png\",\"datePublished\":\"2023-03-06T03:47:15+00:00\",\"author\":{\"@id\":\"https:\\\/\\\/gentedebasquet.com.ar\\\/sitio\\\/#\\\/schema\\\/person\\\/c76740c661447fd38b0a6f74d10ff4d3\"},\"breadcrumb\":{\"@id\":\"http:\\\/\\\/gentedebasquet.com.ar\\\/sitio\\\/2023\\\/03\\\/06\\\/el-nacional-liquido-a-las-punteras-de-visita\\\/#breadcrumb\"},\"inLanguage\":\"es\",\"potentialAction\":[{\"@type\":\"ReadAction\",\"target\":[\"http:\\\/\\\/gentedebasquet.com.ar\\\/sitio\\\/2023\\\/03\\\/06\\\/el-nacional-liquido-a-las-punteras-de-visita\\\/\"]}]},{\"@type\":\"ImageObject\",\"inLanguage\":\"es\",\"@id\":\"http:\\\/\\\/gentedebasquet.com.ar\\\/sitio\\\/2023\\\/03\\\/06\\\/el-nacional-liquido-a-las-punteras-de-visita\\\/#primaryimage\",\"url\":\"https:\\\/\\\/gentedebasquet.com.ar\\\/sitio\\\/wp-content\\\/uploads\\\/2023\\\/03\\\/WhatsApp-Image-2023-03-05-at-22.54.54.png\",\"contentUrl\":\"https:\\\/\\\/gentedebasquet.com.ar\\\/sitio\\\/wp-content\\\/uploads\\\/2023\\\/03\\\/WhatsApp-Image-2023-03-05-at-22.54.54.png\",\"width\":690,\"height\":319},{\"@type\":\"BreadcrumbList\",\"@id\":\"http:\\\/\\\/gentedebasquet.com.ar\\\/sitio\\\/2023\\\/03\\\/06\\\/el-nacional-liquido-a-las-punteras-de-visita\\\/#breadcrumb\",\"itemListElement\":[{\"@type\":\"ListItem\",\"position\":1,\"name\":\"Portada\",\"item\":\"https:\\\/\\\/gentedebasquet.com.ar\\\/sitio\\\/\"},{\"@type\":\"ListItem\",\"position\":2,\"name\":\"El Nacional liquid\u00f3 a las punteras de visita\"}]},{\"@type\":\"WebSite\",\"@id\":\"https:\\\/\\\/gentedebasquet.com.ar\\\/sitio\\\/#website\",\"url\":\"https:\\\/\\\/gentedebasquet.com.ar\\\/sitio\\\/\",\"name\":\"Gente de B\u00e1squet\",\"description\":\"La revista del basquet de Bah\u00eda Blanca\",\"potentialAction\":[{\"@type\":\"SearchAction\",\"target\":{\"@type\":\"EntryPoint\",\"urlTemplate\":\"https:\\\/\\\/gentedebasquet.com.ar\\\/sitio\\\/?s={search_term_string}\"},\"query-input\":{\"@type\":\"PropertyValueSpecification\",\"valueRequired\":true,\"valueName\":\"search_term_string\"}}],\"inLanguage\":\"es\"},{\"@type\":\"Person\",\"@id\":\"https:\\\/\\\/gentedebasquet.com.ar\\\/sitio\\\/#\\\/schema\\\/person\\\/c76740c661447fd38b0a6f74d10ff4d3\",\"name\":\"Julia Guardiola\",\"image\":{\"@type\":\"ImageObject\",\"inLanguage\":\"es\",\"@id\":\"https:\\\/\\\/secure.gravatar.com\\\/avatar\\\/ad24a72a77411822406c2aa95c33937ebb06e72b15c5bdb1285300d9027ab0a1?s=96&d=mm&r=g\",\"url\":\"https:\\\/\\\/secure.gravatar.com\\\/avatar\\\/ad24a72a77411822406c2aa95c33937ebb06e72b15c5bdb1285300d9027ab0a1?s=96&d=mm&r=g\",\"contentUrl\":\"https:\\\/\\\/secure.gravatar.com\\\/avatar\\\/ad24a72a77411822406c2aa95c33937ebb06e72b15c5bdb1285300d9027ab0a1?s=96&d=mm&r=g\",\"caption\":\"Julia Guardiola\"},\"url\":\"https:\\\/\\\/gentedebasquet.com.ar\\\/sitio\\\/author\\\/julia-guardiola\\\/\"}]}<\/script>\n<!-- \/ Yoast SEO plugin. -->","yoast_head_json":{"title":"El Nacional liquid\u00f3 a las punteras de visita - Gente de B\u00e1squet","robots":{"index":"index","follow":"follow","max-snippet":"max-snippet:-1","max-image-preview":"max-image-preview:large","max-video-preview":"max-video-preview:-1"},"canonical":"http:\/\/gentedebasquet.com.ar\/sitio\/2023\/03\/06\/el-nacional-liquido-a-las-punteras-de-visita\/","og_locale":"es_ES","og_type":"article","og_title":"El Nacional liquid\u00f3 a las punteras de visita - Gente de B\u00e1squet","og_description":"Tras un s\u00f3lido partido para las jugadoras de Viviana Albizu, quienes marcaron el ritmo de juego desde el comienzo y lo definieron en el segundo cuarto, el tanteador finaliz\u00f3 con un chocante 48-81, siendo este el segundo partido perdido para el auriazul en este torneo.Durante el primer cuarto se pod\u00eda llegar a imaginar un partido [&hellip;]","og_url":"http:\/\/gentedebasquet.com.ar\/sitio\/2023\/03\/06\/el-nacional-liquido-a-las-punteras-de-visita\/","og_site_name":"Gente de B\u00e1squet","article_published_time":"2023-03-06T03:47:15+00:00","og_image":[{"width":690,"height":319,"url":"http:\/\/gentedebasquet.com.ar\/sitio\/wp-content\/uploads\/2023\/03\/WhatsApp-Image-2023-03-05-at-22.54.54.png","type":"image\/png"}],"author":"Julia Guardiola","twitter_card":"summary_large_image","twitter_misc":{"Escrito por":"Julia Guardiola","Tiempo de lectura":"2 minutos"},"schema":{"@context":"https:\/\/schema.org","@graph":[{"@type":"Article","@id":"http:\/\/gentedebasquet.com.ar\/sitio\/2023\/03\/06\/el-nacional-liquido-a-las-punteras-de-visita\/#article","isPartOf":{"@id":"http:\/\/gentedebasquet.com.ar\/sitio\/2023\/03\/06\/el-nacional-liquido-a-las-punteras-de-visita\/"},"author":{"name":"Julia Guardiola","@id":"https:\/\/gentedebasquet.com.ar\/sitio\/#\/schema\/person\/c76740c661447fd38b0a6f74d10ff4d3"},"headline":"El Nacional liquid\u00f3 a las punteras de visita","datePublished":"2023-03-06T03:47:15+00:00","mainEntityOfPage":{"@id":"http:\/\/gentedebasquet.com.ar\/sitio\/2023\/03\/06\/el-nacional-liquido-a-las-punteras-de-visita\/"},"wordCount":497,"image":{"@id":"http:\/\/gentedebasquet.com.ar\/sitio\/2023\/03\/06\/el-nacional-liquido-a-las-punteras-de-visita\/#primaryimage"},"thumbnailUrl":"https:\/\/gentedebasquet.com.ar\/sitio\/wp-content\/uploads\/2023\/03\/WhatsApp-Image-2023-03-05-at-22.54.54.png","keywords":["El Nacional","Estrella"],"articleSection":["#Overtime","Femenino","Slide"],"inLanguage":"es"},{"@type":"WebPage","@id":"http:\/\/gentedebasquet.com.ar\/sitio\/2023\/03\/06\/el-nacional-liquido-a-las-punteras-de-visita\/","url":"http:\/\/gentedebasquet.com.ar\/sitio\/2023\/03\/06\/el-nacional-liquido-a-las-punteras-de-visita\/","name":"El Nacional liquid\u00f3 a las punteras de visita - Gente de B\u00e1squet","isPartOf":{"@id":"https:\/\/gentedebasquet.com.ar\/sitio\/#website"},"primaryImageOfPage":{"@id":"http:\/\/gentedebasquet.com.ar\/sitio\/2023\/03\/06\/el-nacional-liquido-a-las-punteras-de-visita\/#primaryimage"},"image":{"@id":"http:\/\/gentedebasquet.com.ar\/sitio\/2023\/03\/06\/el-nacional-liquido-a-las-punteras-de-visita\/#primaryimage"},"thumbnailUrl":"https:\/\/gentedebasquet.com.ar\/sitio\/wp-content\/uploads\/2023\/03\/WhatsApp-Image-2023-03-05-at-22.54.54.png","datePublished":"2023-03-06T03:47:15+00:00","author":{"@id":"https:\/\/gentedebasquet.com.ar\/sitio\/#\/schema\/person\/c76740c661447fd38b0a6f74d10ff4d3"},"breadcrumb":{"@id":"http:\/\/gentedebasquet.com.ar\/sitio\/2023\/03\/06\/el-nacional-liquido-a-las-punteras-de-visita\/#breadcrumb"},"inLanguage":"es","potentialAction":[{"@type":"ReadAction","target":["http:\/\/gentedebasquet.com.ar\/sitio\/2023\/03\/06\/el-nacional-liquido-a-las-punteras-de-visita\/"]}]},{"@type":"ImageObject","inLanguage":"es","@id":"http:\/\/gentedebasquet.com.ar\/sitio\/2023\/03\/06\/el-nacional-liquido-a-las-punteras-de-visita\/#primaryimage","url":"https:\/\/gentedebasquet.com.ar\/sitio\/wp-content\/uploads\/2023\/03\/WhatsApp-Image-2023-03-05-at-22.54.54.png","contentUrl":"https:\/\/gentedebasquet.com.ar\/sitio\/wp-content\/uploads\/2023\/03\/WhatsApp-Image-2023-03-05-at-22.54.54.png","width":690,"height":319},{"@type":"BreadcrumbList","@id":"http:\/\/gentedebasquet.com.ar\/sitio\/2023\/03\/06\/el-nacional-liquido-a-las-punteras-de-visita\/#breadcrumb","itemListElement":[{"@type":"ListItem","position":1,"name":"Portada","item":"https:\/\/gentedebasquet.com.ar\/sitio\/"},{"@type":"ListItem","position":2,"name":"El Nacional liquid\u00f3 a las punteras de visita"}]},{"@type":"WebSite","@id":"https:\/\/gentedebasquet.com.ar\/sitio\/#website","url":"https:\/\/gentedebasquet.com.ar\/sitio\/","name":"Gente de B\u00e1squet","description":"La revista del basquet de Bah\u00eda Blanca","potentialAction":[{"@type":"SearchAction","target":{"@type":"EntryPoint","urlTemplate":"https:\/\/gentedebasquet.com.ar\/sitio\/?s={search_term_string}"},"query-input":{"@type":"PropertyValueSpecification","valueRequired":true,"valueName":"search_term_string"}}],"inLanguage":"es"},{"@type":"Person","@id":"https:\/\/gentedebasquet.com.ar\/sitio\/#\/schema\/person\/c76740c661447fd38b0a6f74d10ff4d3","name":"Julia Guardiola","image":{"@type":"ImageObject","inLanguage":"es","@id":"https:\/\/secure.gravatar.com\/avatar\/ad24a72a77411822406c2aa95c33937ebb06e72b15c5bdb1285300d9027ab0a1?s=96&d=mm&r=g","url":"https:\/\/secure.gravatar.com\/avatar\/ad24a72a77411822406c2aa95c33937ebb06e72b15c5bdb1285300d9027ab0a1?s=96&d=mm&r=g","contentUrl":"https:\/\/secure.gravatar.com\/avatar\/ad24a72a77411822406c2aa95c33937ebb06e72b15c5bdb1285300d9027ab0a1?s=96&d=mm&r=g","caption":"Julia Guardiola"},"url":"https:\/\/gentedebasquet.com.ar\/sitio\/author\/julia-guardiola\/"}]}},"_links":{"self":[{"href":"https:\/\/gentedebasquet.com.ar\/sitio\/wp-json\/wp\/v2\/posts\/106150","targetHints":{"allow":["GET"]}}],"collection":[{"href":"https:\/\/gentedebasquet.com.ar\/sitio\/wp-json\/wp\/v2\/posts"}],"about":[{"href":"https:\/\/gentedebasquet.com.ar\/sitio\/wp-json\/wp\/v2\/types\/post"}],"author":[{"embeddable":true,"href":"https:\/\/gentedebasquet.com.ar\/sitio\/wp-json\/wp\/v2\/users\/75"}],"replies":[{"embeddable":true,"href":"https:\/\/gentedebasquet.com.ar\/sitio\/wp-json\/wp\/v2\/comments?post=106150"}],"version-history":[{"count":0,"href":"https:\/\/gentedebasquet.com.ar\/sitio\/wp-json\/wp\/v2\/posts\/106150\/revisions"}],"wp:featuredmedia":[{"embeddable":true,"href":"https:\/\/gentedebasquet.com.ar\/sitio\/wp-json\/wp\/v2\/media\/106154"}],"wp:attachment":[{"href":"https:\/\/gentedebasquet.com.ar\/sitio\/wp-json\/wp\/v2\/media?parent=106150"}],"wp:term":[{"taxonomy":"category","embeddable":true,"href":"https:\/\/gentedebasquet.com.ar\/sitio\/wp-json\/wp\/v2\/categories?post=106150"},{"taxonomy":"post_tag","embeddable":true,"href":"https:\/\/gentedebasquet.com.ar\/sitio\/wp-json\/wp\/v2\/tags?post=106150"}],"curies":[{"name":"wp","href":"https:\/\/api.w.org\/{rel}","templated":true}]}}