{"id":106266,"date":"2023-03-11T00:55:13","date_gmt":"2023-03-11T03:55:13","guid":{"rendered":"http:\/\/www.gentedebasquet.com.ar\/?p=106266"},"modified":"2023-03-11T00:55:13","modified_gmt":"2023-03-11T03:55:13","slug":"pacifico-sigue-al-frente","status":"publish","type":"post","link":"https:\/\/gentedebasquet.com.ar\/sitio\/2023\/03\/11\/pacifico-sigue-al-frente\/","title":{"rendered":"Pac\u00edfico sigue al frente"},"content":{"rendered":"\n<p>El verde derrot\u00f3 en el William Harding 64-59 a Whitense y sigue en la pelea por el #1 con 9 de Julio. Los de Iannamico no tuvieron un gran partido, pero de igual manera sumaron una nueva alegr\u00eda ante un rival duro que no se baj\u00f3 de la pelea hasta la \u00faltima bola. <\/p>\n\n\n\n<p>En el 1c Pac\u00edfico encontr\u00f3 el gol en las manos de Juan Cruz Redivo ( 9 pts), en un inicio de juego trabado para ambos en ofensiva. 13-6 fue el parcial de Pac\u00edfico en los primeros 5 minutos. Whitense no encontraba el tiro de 3 que por lo general encuentra y que adem\u00e1s le fue bastante esquivo durante toda la noche (4\/19). 17-10 el 1c.<\/p>\n\n\n\n<p>La baja efectividad del encuentro se vio reflejada en el 2c (9-9). Pac\u00edfico concentraba su corto goleo en Bautista Olivera (20 pts), quien adem\u00e1s fue el m\u00e1s efectivo en la linea de libres (7\/11) en un partido muy errado en esa faceta. 26-22.<\/p>\n\n\n\n<p>A la salida del entretiempo, el verde pudo encontrar por primera vez la diferencia de dos cifras (39-29) con la aparici\u00f3n de Tom\u00e1s Bussetti (11 pts) anotando 6 en ese periodo. En Whitense su pieza m\u00e1s destacada era Nicol\u00e1s Mu\u00f1oz (18 pts, 5 reb).<\/p>\n\n\n\n<p>Los de Romerniszyn ingresaban al 4c con un partido abierto y un rival que nunca hab\u00eda podido imponerse en el renovado William Harding Green. A falta de poco menos de un minutos (58 seg), los aviones azules encontraban el gol y se arrimaban en el tanteador (59-56), producto del parcial (19-14) metiendo m\u00e1s de la mitad de sus libres en ese tramo del encuentro (7 de los 14).  Con el reloj a su favor, Pac\u00edfico intento alargar la posesi\u00f3n y en la linea fue efectivo 5\/6. 64-59 se termin\u00f3 quedando en Castelli y Charlone, el verde volvi\u00f3 a sonre\u00edr en este 2023 y sigue con el objetivo claro, el ascenso. <\/p>\n\n\n\n<figure class=\"wp-block-image size-full\"><a href=\"http:\/\/www.gentedebasquet.com.ar\/wp-content\/uploads\/2023\/03\/Gif-Publicidades-1-1.gif\"><img decoding=\"async\" width=\"300\" height=\"250\" src=\"http:\/\/www.gentedebasquet.com.ar\/wp-content\/uploads\/2023\/03\/Gif-Publicidades-1-1.gif\" alt=\"\" class=\"wp-image-106167\"\/><\/a><\/figure>\n\n\n\n<figure class=\"wp-block-embed is-type-video is-provider-youtube wp-block-embed-youtube wp-embed-aspect-16-9 wp-has-aspect-ratio\"><div class=\"wp-block-embed__wrapper\">\nhttps:\/\/www.youtube.com\/watch?v=xg3fOaYN2WY\n<\/div><\/figure>\n\n\n\n<figure class=\"wp-block-image size-full\"><a href=\"http:\/\/www.gentedebasquet.com.ar\/wp-content\/uploads\/2023\/03\/Gif-Publicidades-2-1.gif\"><img decoding=\"async\" width=\"300\" height=\"250\" src=\"http:\/\/www.gentedebasquet.com.ar\/wp-content\/uploads\/2023\/03\/Gif-Publicidades-2-1.gif\" alt=\"\" class=\"wp-image-106168\"\/><\/a><\/figure>\n\n\n\n<figure class=\"wp-block-image size-large is-resized\"><a href=\"http:\/\/www.gentedebasquet.com.ar\/wp-content\/uploads\/2023\/03\/MVP-olivera.png\"><img decoding=\"async\" src=\"http:\/\/www.gentedebasquet.com.ar\/wp-content\/uploads\/2023\/03\/MVP-olivera-1024x1024.png\" alt=\"\" class=\"wp-image-106280\" width=\"301\" height=\"301\" srcset=\"https:\/\/gentedebasquet.com.ar\/sitio\/wp-content\/uploads\/2023\/03\/MVP-olivera-1024x1024.png 1024w, https:\/\/gentedebasquet.com.ar\/sitio\/wp-content\/uploads\/2023\/03\/MVP-olivera-300x300.png 300w, https:\/\/gentedebasquet.com.ar\/sitio\/wp-content\/uploads\/2023\/03\/MVP-olivera-150x150.png 150w, https:\/\/gentedebasquet.com.ar\/sitio\/wp-content\/uploads\/2023\/03\/MVP-olivera-768x768.png 768w, https:\/\/gentedebasquet.com.ar\/sitio\/wp-content\/uploads\/2023\/03\/MVP-olivera-1536x1536.png 1536w, https:\/\/gentedebasquet.com.ar\/sitio\/wp-content\/uploads\/2023\/03\/MVP-olivera.png 2000w\" sizes=\"(max-width: 301px) 100vw, 301px\" \/><\/a><\/figure>\n\n\n\n<figure class=\"wp-block-image size-large is-resized\"><a href=\"http:\/\/www.gentedebasquet.com.ar\/wp-content\/uploads\/2023\/03\/WhatsApp-Image-2023-03-11-at-00.37.42.jpeg\"><img decoding=\"async\" src=\"http:\/\/www.gentedebasquet.com.ar\/wp-content\/uploads\/2023\/03\/WhatsApp-Image-2023-03-11-at-00.37.42-1024x858.jpeg\" alt=\"\" class=\"wp-image-106282\" width=\"300\" height=\"250\" srcset=\"https:\/\/gentedebasquet.com.ar\/sitio\/wp-content\/uploads\/2023\/03\/WhatsApp-Image-2023-03-11-at-00.37.42-1024x858.jpeg 1024w, https:\/\/gentedebasquet.com.ar\/sitio\/wp-content\/uploads\/2023\/03\/WhatsApp-Image-2023-03-11-at-00.37.42-300x251.jpeg 300w, https:\/\/gentedebasquet.com.ar\/sitio\/wp-content\/uploads\/2023\/03\/WhatsApp-Image-2023-03-11-at-00.37.42-768x643.jpeg 768w, https:\/\/gentedebasquet.com.ar\/sitio\/wp-content\/uploads\/2023\/03\/WhatsApp-Image-2023-03-11-at-00.37.42.jpeg 1280w\" sizes=\"(max-width: 300px) 100vw, 300px\" \/><\/a><\/figure>\n\n\n\n<p>Lo importante es ganar a partir de ahora, no estamos jugando como queremos, pero hay que ganar asi que vale todo. Ahora hay que luchar por el primer puesto, mantenerlo y acomodarse mejor para los playoffs. Bautista Olivera (Pac\u00edfico)<\/p>\n\n\n\n<figure class=\"wp-block-image size-full\"><a href=\"http:\/\/www.gentedebasquet.com.ar\/wp-content\/uploads\/2023\/03\/Gif-Publicidades-33.gif\"><img decoding=\"async\" width=\"300\" height=\"250\" src=\"http:\/\/www.gentedebasquet.com.ar\/wp-content\/uploads\/2023\/03\/Gif-Publicidades-33.gif\" alt=\"\" class=\"wp-image-106174\"\/><\/a><\/figure>\n\n\n\n<p><strong>Sintesis &#8211; Segunda &#8211; Fecha 27<\/strong><\/p>\n\n\n\n<p><strong>Pac\u00edfico 64:<\/strong> Branco Salvatori3, Juan Cruz RLedivo 9, I\u00f1aki Errazu 3, Bautista Olivera 20 y Genaro Pisani 2 (FI); Facundo Watson 4, Tom\u00e1s Bussetti 11, Santiago Loos 6, Pomar Garbarino 2 y Baltasar Dominguez 4. DT: Andr\u00e9s Iannamico.<\/p>\n\n\n\n<p><strong>Whitense 59<\/strong>: Lautaro Berges 11, Santiago Bussetti 8, Juli\u00e1n Carminatti 6, Nicol\u00e1s Mu\u00f1oz 18 y Santiago Soriano 5 (FI); Mat\u00edas Iturbide 0, Juan Cruz Iturbide 9, Manuel Carminatti 0 y Santiago Abenel 2. DT: Walter   Walter Romerniszyn.<\/p>\n\n\n\n<p><strong>Parciales:<\/strong> 17-10, 26-22 (9-9), 45-37 (19-18) y 64-59 (19-22)<\/p>\n\n\n\n<p>Arbitros: Mariano Enrique, Mauro Reyes y Alberto Arlenghi.<\/p>\n\n\n\n<p><strong>Cancha:<\/strong> William Harding Green<\/p>\n\n\n\n<figure class=\"wp-block-image size-full\"><a href=\"http:\/\/www.gentedebasquet.com.ar\/wp-content\/uploads\/2023\/03\/Gif-Publicidades-5correct.gif\"><img decoding=\"async\" width=\"300\" height=\"250\" src=\"http:\/\/www.gentedebasquet.com.ar\/wp-content\/uploads\/2023\/03\/Gif-Publicidades-5correct.gif\" alt=\"\" class=\"wp-image-106173\"\/><\/a><\/figure>\n\n\n\n<figure class=\"wp-block-image size-large is-resized\"><a href=\"http:\/\/www.gentedebasquet.com.ar\/wp-content\/uploads\/2023\/03\/CLAVEpac.png\"><img decoding=\"async\" src=\"http:\/\/www.gentedebasquet.com.ar\/wp-content\/uploads\/2023\/03\/CLAVEpac-1024x819.png\" alt=\"\" class=\"wp-image-106279\" width=\"303\" height=\"241\" srcset=\"https:\/\/gentedebasquet.com.ar\/sitio\/wp-content\/uploads\/2023\/03\/CLAVEpac-1024x819.png 1024w, https:\/\/gentedebasquet.com.ar\/sitio\/wp-content\/uploads\/2023\/03\/CLAVEpac-300x240.png 300w, https:\/\/gentedebasquet.com.ar\/sitio\/wp-content\/uploads\/2023\/03\/CLAVEpac-768x614.png 768w, https:\/\/gentedebasquet.com.ar\/sitio\/wp-content\/uploads\/2023\/03\/CLAVEpac-1536x1229.png 1536w, https:\/\/gentedebasquet.com.ar\/sitio\/wp-content\/uploads\/2023\/03\/CLAVEpac.png 2004w\" sizes=\"(max-width: 303px) 100vw, 303px\" \/><\/a><\/figure>\n","protected":false},"excerpt":{"rendered":"<p>El verde derrot\u00f3 en el William Harding 64-59 a Whitense y sigue en la pelea por el #1 con 9 de Julio. Los de Iannamico no tuvieron un gran partido, pero de igual manera sumaron una nueva alegr\u00eda ante un rival duro que no se baj\u00f3 de la pelea hasta la \u00faltima bola. En el [&hellip;]<\/p>\n","protected":false},"author":1,"featured_media":106277,"comment_status":"closed","ping_status":"open","sticky":false,"template":"","format":"standard","meta":{"jnews-multi-image_gallery":[],"jnews_single_post":[],"jnews_primary_category":[],"footnotes":""},"categories":[24,25,101],"tags":[8,17],"class_list":["post-106266","post","type-post","status-publish","format-standard","has-post-thumbnail","hentry","category-overtime","category-segunda","category-slide","tag-deportivo-whitense","tag-pacifico"],"yoast_head":"<!-- This site is optimized with the Yoast SEO plugin v27.5 - https:\/\/yoast.com\/product\/yoast-seo-wordpress\/ -->\n<title>Pac\u00edfico sigue al frente - Gente de B\u00e1squet<\/title>\n<meta name=\"robots\" content=\"index, follow, max-snippet:-1, max-image-preview:large, max-video-preview:-1\" \/>\n<link rel=\"canonical\" href=\"https:\/\/gentedebasquet.com.ar\/sitio\/2023\/03\/11\/pacifico-sigue-al-frente\/\" \/>\n<meta property=\"og:locale\" content=\"es_ES\" \/>\n<meta property=\"og:type\" content=\"article\" \/>\n<meta property=\"og:title\" content=\"Pac\u00edfico sigue al frente - Gente de B\u00e1squet\" \/>\n<meta property=\"og:description\" content=\"El verde derrot\u00f3 en el William Harding 64-59 a Whitense y sigue en la pelea por el #1 con 9 de Julio. Los de Iannamico no tuvieron un gran partido, pero de igual manera sumaron una nueva alegr\u00eda ante un rival duro que no se baj\u00f3 de la pelea hasta la \u00faltima bola. En el [&hellip;]\" \/>\n<meta property=\"og:url\" content=\"https:\/\/gentedebasquet.com.ar\/sitio\/2023\/03\/11\/pacifico-sigue-al-frente\/\" \/>\n<meta property=\"og:site_name\" content=\"Gente de B\u00e1squet\" \/>\n<meta property=\"article:published_time\" content=\"2023-03-11T03:55:13+00:00\" \/>\n<meta property=\"og:image\" content=\"https:\/\/gentedebasquet.com.ar\/sitio\/wp-content\/uploads\/2023\/03\/Captura-2.png\" \/>\n\t<meta property=\"og:image:width\" content=\"690\" \/>\n\t<meta property=\"og:image:height\" content=\"318\" \/>\n\t<meta property=\"og:image:type\" content=\"image\/png\" \/>\n<meta name=\"author\" content=\"Gente de B\u00e1squet\" \/>\n<meta name=\"twitter:card\" content=\"summary_large_image\" \/>\n<meta name=\"twitter:label1\" content=\"Escrito por\" \/>\n\t<meta name=\"twitter:data1\" content=\"Gente de B\u00e1squet\" \/>\n\t<meta name=\"twitter:label2\" content=\"Tiempo de lectura\" \/>\n\t<meta name=\"twitter:data2\" content=\"2 minutos\" \/>\n<script type=\"application\/ld+json\" class=\"yoast-schema-graph\">{\"@context\":\"https:\\\/\\\/schema.org\",\"@graph\":[{\"@type\":\"Article\",\"@id\":\"https:\\\/\\\/gentedebasquet.com.ar\\\/sitio\\\/2023\\\/03\\\/11\\\/pacifico-sigue-al-frente\\\/#article\",\"isPartOf\":{\"@id\":\"https:\\\/\\\/gentedebasquet.com.ar\\\/sitio\\\/2023\\\/03\\\/11\\\/pacifico-sigue-al-frente\\\/\"},\"author\":{\"name\":\"Gente de B\u00e1squet\",\"@id\":\"https:\\\/\\\/gentedebasquet.com.ar\\\/sitio\\\/#\\\/schema\\\/person\\\/ca0b63bbb977369988a7bbbdc519943a\"},\"headline\":\"Pac\u00edfico sigue al frente\",\"datePublished\":\"2023-03-11T03:55:13+00:00\",\"mainEntityOfPage\":{\"@id\":\"https:\\\/\\\/gentedebasquet.com.ar\\\/sitio\\\/2023\\\/03\\\/11\\\/pacifico-sigue-al-frente\\\/\"},\"wordCount\":457,\"image\":{\"@id\":\"https:\\\/\\\/gentedebasquet.com.ar\\\/sitio\\\/2023\\\/03\\\/11\\\/pacifico-sigue-al-frente\\\/#primaryimage\"},\"thumbnailUrl\":\"https:\\\/\\\/gentedebasquet.com.ar\\\/sitio\\\/wp-content\\\/uploads\\\/2023\\\/03\\\/Captura-2.png\",\"keywords\":[\"Deportivo Whitense\",\"Pacifico\"],\"articleSection\":[\"#Overtime\",\"Segunda\",\"Slide\"],\"inLanguage\":\"es\"},{\"@type\":\"WebPage\",\"@id\":\"https:\\\/\\\/gentedebasquet.com.ar\\\/sitio\\\/2023\\\/03\\\/11\\\/pacifico-sigue-al-frente\\\/\",\"url\":\"https:\\\/\\\/gentedebasquet.com.ar\\\/sitio\\\/2023\\\/03\\\/11\\\/pacifico-sigue-al-frente\\\/\",\"name\":\"Pac\u00edfico sigue al frente - Gente de B\u00e1squet\",\"isPartOf\":{\"@id\":\"https:\\\/\\\/gentedebasquet.com.ar\\\/sitio\\\/#website\"},\"primaryImageOfPage\":{\"@id\":\"https:\\\/\\\/gentedebasquet.com.ar\\\/sitio\\\/2023\\\/03\\\/11\\\/pacifico-sigue-al-frente\\\/#primaryimage\"},\"image\":{\"@id\":\"https:\\\/\\\/gentedebasquet.com.ar\\\/sitio\\\/2023\\\/03\\\/11\\\/pacifico-sigue-al-frente\\\/#primaryimage\"},\"thumbnailUrl\":\"https:\\\/\\\/gentedebasquet.com.ar\\\/sitio\\\/wp-content\\\/uploads\\\/2023\\\/03\\\/Captura-2.png\",\"datePublished\":\"2023-03-11T03:55:13+00:00\",\"author\":{\"@id\":\"https:\\\/\\\/gentedebasquet.com.ar\\\/sitio\\\/#\\\/schema\\\/person\\\/ca0b63bbb977369988a7bbbdc519943a\"},\"breadcrumb\":{\"@id\":\"https:\\\/\\\/gentedebasquet.com.ar\\\/sitio\\\/2023\\\/03\\\/11\\\/pacifico-sigue-al-frente\\\/#breadcrumb\"},\"inLanguage\":\"es\",\"potentialAction\":[{\"@type\":\"ReadAction\",\"target\":[\"https:\\\/\\\/gentedebasquet.com.ar\\\/sitio\\\/2023\\\/03\\\/11\\\/pacifico-sigue-al-frente\\\/\"]}]},{\"@type\":\"ImageObject\",\"inLanguage\":\"es\",\"@id\":\"https:\\\/\\\/gentedebasquet.com.ar\\\/sitio\\\/2023\\\/03\\\/11\\\/pacifico-sigue-al-frente\\\/#primaryimage\",\"url\":\"https:\\\/\\\/gentedebasquet.com.ar\\\/sitio\\\/wp-content\\\/uploads\\\/2023\\\/03\\\/Captura-2.png\",\"contentUrl\":\"https:\\\/\\\/gentedebasquet.com.ar\\\/sitio\\\/wp-content\\\/uploads\\\/2023\\\/03\\\/Captura-2.png\",\"width\":690,\"height\":318},{\"@type\":\"BreadcrumbList\",\"@id\":\"https:\\\/\\\/gentedebasquet.com.ar\\\/sitio\\\/2023\\\/03\\\/11\\\/pacifico-sigue-al-frente\\\/#breadcrumb\",\"itemListElement\":[{\"@type\":\"ListItem\",\"position\":1,\"name\":\"Portada\",\"item\":\"https:\\\/\\\/gentedebasquet.com.ar\\\/sitio\\\/\"},{\"@type\":\"ListItem\",\"position\":2,\"name\":\"Pac\u00edfico sigue al frente\"}]},{\"@type\":\"WebSite\",\"@id\":\"https:\\\/\\\/gentedebasquet.com.ar\\\/sitio\\\/#website\",\"url\":\"https:\\\/\\\/gentedebasquet.com.ar\\\/sitio\\\/\",\"name\":\"Gente de B\u00e1squet\",\"description\":\"La revista del basquet de Bah\u00eda Blanca\",\"potentialAction\":[{\"@type\":\"SearchAction\",\"target\":{\"@type\":\"EntryPoint\",\"urlTemplate\":\"https:\\\/\\\/gentedebasquet.com.ar\\\/sitio\\\/?s={search_term_string}\"},\"query-input\":{\"@type\":\"PropertyValueSpecification\",\"valueRequired\":true,\"valueName\":\"search_term_string\"}}],\"inLanguage\":\"es\"},{\"@type\":\"Person\",\"@id\":\"https:\\\/\\\/gentedebasquet.com.ar\\\/sitio\\\/#\\\/schema\\\/person\\\/ca0b63bbb977369988a7bbbdc519943a\",\"name\":\"Gente de B\u00e1squet\",\"image\":{\"@type\":\"ImageObject\",\"inLanguage\":\"es\",\"@id\":\"https:\\\/\\\/secure.gravatar.com\\\/avatar\\\/7f2c48bdc33b30088f941fb6082e555f2874c98e20cb159d7b92b50eadfce793?s=96&d=mm&r=g\",\"url\":\"https:\\\/\\\/secure.gravatar.com\\\/avatar\\\/7f2c48bdc33b30088f941fb6082e555f2874c98e20cb159d7b92b50eadfce793?s=96&d=mm&r=g\",\"contentUrl\":\"https:\\\/\\\/secure.gravatar.com\\\/avatar\\\/7f2c48bdc33b30088f941fb6082e555f2874c98e20cb159d7b92b50eadfce793?s=96&d=mm&r=g\",\"caption\":\"Gente de B\u00e1squet\"},\"sameAs\":[\"http:\\\/\\\/gentedebasquet.com.ar\\\/sitio\"],\"url\":\"https:\\\/\\\/gentedebasquet.com.ar\\\/sitio\\\/author\\\/ulises\\\/\"}]}<\/script>\n<!-- \/ Yoast SEO plugin. -->","yoast_head_json":{"title":"Pac\u00edfico sigue al frente - Gente de B\u00e1squet","robots":{"index":"index","follow":"follow","max-snippet":"max-snippet:-1","max-image-preview":"max-image-preview:large","max-video-preview":"max-video-preview:-1"},"canonical":"https:\/\/gentedebasquet.com.ar\/sitio\/2023\/03\/11\/pacifico-sigue-al-frente\/","og_locale":"es_ES","og_type":"article","og_title":"Pac\u00edfico sigue al frente - Gente de B\u00e1squet","og_description":"El verde derrot\u00f3 en el William Harding 64-59 a Whitense y sigue en la pelea por el #1 con 9 de Julio. Los de Iannamico no tuvieron un gran partido, pero de igual manera sumaron una nueva alegr\u00eda ante un rival duro que no se baj\u00f3 de la pelea hasta la \u00faltima bola. En el [&hellip;]","og_url":"https:\/\/gentedebasquet.com.ar\/sitio\/2023\/03\/11\/pacifico-sigue-al-frente\/","og_site_name":"Gente de B\u00e1squet","article_published_time":"2023-03-11T03:55:13+00:00","og_image":[{"width":690,"height":318,"url":"https:\/\/gentedebasquet.com.ar\/sitio\/wp-content\/uploads\/2023\/03\/Captura-2.png","type":"image\/png"}],"author":"Gente de B\u00e1squet","twitter_card":"summary_large_image","twitter_misc":{"Escrito por":"Gente de B\u00e1squet","Tiempo de lectura":"2 minutos"},"schema":{"@context":"https:\/\/schema.org","@graph":[{"@type":"Article","@id":"https:\/\/gentedebasquet.com.ar\/sitio\/2023\/03\/11\/pacifico-sigue-al-frente\/#article","isPartOf":{"@id":"https:\/\/gentedebasquet.com.ar\/sitio\/2023\/03\/11\/pacifico-sigue-al-frente\/"},"author":{"name":"Gente de B\u00e1squet","@id":"https:\/\/gentedebasquet.com.ar\/sitio\/#\/schema\/person\/ca0b63bbb977369988a7bbbdc519943a"},"headline":"Pac\u00edfico sigue al frente","datePublished":"2023-03-11T03:55:13+00:00","mainEntityOfPage":{"@id":"https:\/\/gentedebasquet.com.ar\/sitio\/2023\/03\/11\/pacifico-sigue-al-frente\/"},"wordCount":457,"image":{"@id":"https:\/\/gentedebasquet.com.ar\/sitio\/2023\/03\/11\/pacifico-sigue-al-frente\/#primaryimage"},"thumbnailUrl":"https:\/\/gentedebasquet.com.ar\/sitio\/wp-content\/uploads\/2023\/03\/Captura-2.png","keywords":["Deportivo Whitense","Pacifico"],"articleSection":["#Overtime","Segunda","Slide"],"inLanguage":"es"},{"@type":"WebPage","@id":"https:\/\/gentedebasquet.com.ar\/sitio\/2023\/03\/11\/pacifico-sigue-al-frente\/","url":"https:\/\/gentedebasquet.com.ar\/sitio\/2023\/03\/11\/pacifico-sigue-al-frente\/","name":"Pac\u00edfico sigue al frente - Gente de B\u00e1squet","isPartOf":{"@id":"https:\/\/gentedebasquet.com.ar\/sitio\/#website"},"primaryImageOfPage":{"@id":"https:\/\/gentedebasquet.com.ar\/sitio\/2023\/03\/11\/pacifico-sigue-al-frente\/#primaryimage"},"image":{"@id":"https:\/\/gentedebasquet.com.ar\/sitio\/2023\/03\/11\/pacifico-sigue-al-frente\/#primaryimage"},"thumbnailUrl":"https:\/\/gentedebasquet.com.ar\/sitio\/wp-content\/uploads\/2023\/03\/Captura-2.png","datePublished":"2023-03-11T03:55:13+00:00","author":{"@id":"https:\/\/gentedebasquet.com.ar\/sitio\/#\/schema\/person\/ca0b63bbb977369988a7bbbdc519943a"},"breadcrumb":{"@id":"https:\/\/gentedebasquet.com.ar\/sitio\/2023\/03\/11\/pacifico-sigue-al-frente\/#breadcrumb"},"inLanguage":"es","potentialAction":[{"@type":"ReadAction","target":["https:\/\/gentedebasquet.com.ar\/sitio\/2023\/03\/11\/pacifico-sigue-al-frente\/"]}]},{"@type":"ImageObject","inLanguage":"es","@id":"https:\/\/gentedebasquet.com.ar\/sitio\/2023\/03\/11\/pacifico-sigue-al-frente\/#primaryimage","url":"https:\/\/gentedebasquet.com.ar\/sitio\/wp-content\/uploads\/2023\/03\/Captura-2.png","contentUrl":"https:\/\/gentedebasquet.com.ar\/sitio\/wp-content\/uploads\/2023\/03\/Captura-2.png","width":690,"height":318},{"@type":"BreadcrumbList","@id":"https:\/\/gentedebasquet.com.ar\/sitio\/2023\/03\/11\/pacifico-sigue-al-frente\/#breadcrumb","itemListElement":[{"@type":"ListItem","position":1,"name":"Portada","item":"https:\/\/gentedebasquet.com.ar\/sitio\/"},{"@type":"ListItem","position":2,"name":"Pac\u00edfico sigue al frente"}]},{"@type":"WebSite","@id":"https:\/\/gentedebasquet.com.ar\/sitio\/#website","url":"https:\/\/gentedebasquet.com.ar\/sitio\/","name":"Gente de B\u00e1squet","description":"La revista del basquet de Bah\u00eda Blanca","potentialAction":[{"@type":"SearchAction","target":{"@type":"EntryPoint","urlTemplate":"https:\/\/gentedebasquet.com.ar\/sitio\/?s={search_term_string}"},"query-input":{"@type":"PropertyValueSpecification","valueRequired":true,"valueName":"search_term_string"}}],"inLanguage":"es"},{"@type":"Person","@id":"https:\/\/gentedebasquet.com.ar\/sitio\/#\/schema\/person\/ca0b63bbb977369988a7bbbdc519943a","name":"Gente de B\u00e1squet","image":{"@type":"ImageObject","inLanguage":"es","@id":"https:\/\/secure.gravatar.com\/avatar\/7f2c48bdc33b30088f941fb6082e555f2874c98e20cb159d7b92b50eadfce793?s=96&d=mm&r=g","url":"https:\/\/secure.gravatar.com\/avatar\/7f2c48bdc33b30088f941fb6082e555f2874c98e20cb159d7b92b50eadfce793?s=96&d=mm&r=g","contentUrl":"https:\/\/secure.gravatar.com\/avatar\/7f2c48bdc33b30088f941fb6082e555f2874c98e20cb159d7b92b50eadfce793?s=96&d=mm&r=g","caption":"Gente de B\u00e1squet"},"sameAs":["http:\/\/gentedebasquet.com.ar\/sitio"],"url":"https:\/\/gentedebasquet.com.ar\/sitio\/author\/ulises\/"}]}},"_links":{"self":[{"href":"https:\/\/gentedebasquet.com.ar\/sitio\/wp-json\/wp\/v2\/posts\/106266","targetHints":{"allow":["GET"]}}],"collection":[{"href":"https:\/\/gentedebasquet.com.ar\/sitio\/wp-json\/wp\/v2\/posts"}],"about":[{"href":"https:\/\/gentedebasquet.com.ar\/sitio\/wp-json\/wp\/v2\/types\/post"}],"author":[{"embeddable":true,"href":"https:\/\/gentedebasquet.com.ar\/sitio\/wp-json\/wp\/v2\/users\/1"}],"replies":[{"embeddable":true,"href":"https:\/\/gentedebasquet.com.ar\/sitio\/wp-json\/wp\/v2\/comments?post=106266"}],"version-history":[{"count":0,"href":"https:\/\/gentedebasquet.com.ar\/sitio\/wp-json\/wp\/v2\/posts\/106266\/revisions"}],"wp:featuredmedia":[{"embeddable":true,"href":"https:\/\/gentedebasquet.com.ar\/sitio\/wp-json\/wp\/v2\/media\/106277"}],"wp:attachment":[{"href":"https:\/\/gentedebasquet.com.ar\/sitio\/wp-json\/wp\/v2\/media?parent=106266"}],"wp:term":[{"taxonomy":"category","embeddable":true,"href":"https:\/\/gentedebasquet.com.ar\/sitio\/wp-json\/wp\/v2\/categories?post=106266"},{"taxonomy":"post_tag","embeddable":true,"href":"https:\/\/gentedebasquet.com.ar\/sitio\/wp-json\/wp\/v2\/tags?post=106266"}],"curies":[{"name":"wp","href":"https:\/\/api.w.org\/{rel}","templated":true}]}}