{"id":106331,"date":"2023-03-15T02:47:44","date_gmt":"2023-03-15T05:47:44","guid":{"rendered":"http:\/\/www.gentedebasquet.com.ar\/?p=106331"},"modified":"2023-03-15T02:47:44","modified_gmt":"2023-03-15T05:47:44","slug":"pacifico-mostro-sus-variantes-y-vencio-al-viola","status":"publish","type":"post","link":"https:\/\/gentedebasquet.com.ar\/sitio\/2023\/03\/15\/pacifico-mostro-sus-variantes-y-vencio-al-viola\/","title":{"rendered":"Pac\u00edfico mostr\u00f3 sus variantes y venci\u00f3 al Viola"},"content":{"rendered":"\n<p>El equipo orientado por Andr\u00e9s Iannamico consigui\u00f3 de visitante una nueva victoria en el campeonato bahiense de Segunda. Derrot\u00f3 a Independiente 91 a 82 en el estadio que este posee en el domicilio de Italia 250. Los ganadores contaron con m\u00e1s recursos a lo largo de la noche. Entre ellos brill\u00f3 el d\u00fao Salvatori-Olivera, autor de 52 de las 91 unidades del conjunto.<\/p>\n\n\n\n<p>Independiente rompi\u00f3 las l\u00edneas defensivas con penetraciones r\u00e1pidas y se puso adelante en el tanteador cuando el choque reci\u00e9n comenzaba. Pac\u00edfico hizo circular bien la pelota en algunas ofensivas posteriores y equilibr\u00f3 la situaci\u00f3n. Con su defensa tambien rob\u00f3 balones y sum\u00f3 de contraataque sin complicaciones. Formiga por el lado local y Salvatori, Olivera y Garbarino por el visitante empezaron desde temprano en el primer cuarto a mostrar lo que saben hacer.<\/p>\n\n\n\n<p>La velocidad de las transiciones de Pac\u00edfico marc\u00f3 el arranque del segundo cuarto. Cuando Independiente quiso responder se encontr\u00f3 con las manos rivales bien elevadas que desviaron sus tiros. Uno de los principales factores que usaron para mantenerse en juego los dirigidos por Musumeci en esta noche fueron los tiros de tres puntos. Con menos de cuatro minutos por disputar apareci\u00f3 \u00c9rcoli. El n\u00famero 10 clav\u00f3 dos bombas en ataques seguidos y acerc\u00f3 al due\u00f1o de casa a seis puntos (31-37). Pac\u00edfico respondi\u00f3 a esto de buena forma. Salvatori ocup\u00f3 el doble rol de armador y goleador y le dio un poco de aire al visitante sobre el cierre de estos diez minutos. <\/p>\n\n\n\n<p>  Independiente surgi\u00f3 otra vez en el tercer parcial con su punter\u00eda de tres puntos, mientras Salvatori utilizaba su talento ofensivo y defensivo para sostener la ventaja de Pac\u00edfico. El Verde domin\u00f3 la pintura en casi todo el encuentro, por eso a su contrincante no le qued\u00f3 otro remedio que intentar lanzamientos de media y larga distancia. <\/p>\n\n\n\n<p>Ya en el \u00faltimo cuarto, que empez\u00f3 con Pac\u00edfico ganando 67 a 63, los dos equipos dieron todo lo que les quedaba en el repertorio para intentar llevarse el triunfo. El actual l\u00edder del torneo lleg\u00f3 a tener una diferencia a favor de diez unidades (85-75) con menos de tres minutos por desarrollar. Formiga dio la cara por Independiente, sum\u00f3 5 puntos y dej\u00f3 el tanteador 80-85. Pero enseguida salieron al rescate Olivera, primero, y Salvatori despu\u00e9s para colocarle las cifras finales al duelo y empezar el festejo en el Barral. <\/p>\n\n\n\n<p><\/p>\n\n\n\n<p><\/p>\n\n\n\n<figure class=\"wp-block-image size-full\"><a href=\"http:\/\/www.gentedebasquet.com.ar\/wp-content\/uploads\/2023\/03\/Gif-Publicidades-1-1.gif\"><img decoding=\"async\" width=\"300\" height=\"250\" src=\"http:\/\/www.gentedebasquet.com.ar\/wp-content\/uploads\/2023\/03\/Gif-Publicidades-1-1.gif\" alt=\"\" class=\"wp-image-106167\"\/><\/a><\/figure>\n\n\n\n<figure class=\"wp-block-embed is-type-video is-provider-youtube wp-block-embed-youtube wp-embed-aspect-16-9 wp-has-aspect-ratio\"><div class=\"wp-block-embed__wrapper\">\nhttps:\/\/youtu.be\/79bygo51rbk\n<\/div><\/figure>\n\n\n\n<figure class=\"wp-block-image size-full\"><a href=\"http:\/\/www.gentedebasquet.com.ar\/wp-content\/uploads\/2023\/03\/Gif-Publicidades-2-1.gif\"><img decoding=\"async\" width=\"300\" height=\"250\" src=\"http:\/\/www.gentedebasquet.com.ar\/wp-content\/uploads\/2023\/03\/Gif-Publicidades-2-1.gif\" alt=\"\" class=\"wp-image-106168\"\/><\/a><\/figure>\n\n\n\n<figure class=\"wp-block-image size-full is-resized\"><a href=\"http:\/\/www.gentedebasquet.com.ar\/wp-content\/uploads\/2023\/03\/MVPPaci-2.png\"><img decoding=\"async\" src=\"http:\/\/www.gentedebasquet.com.ar\/wp-content\/uploads\/2023\/03\/MVPPaci-2.png\" alt=\"\" class=\"wp-image-106337\" width=\"725\" height=\"544\" srcset=\"https:\/\/gentedebasquet.com.ar\/sitio\/wp-content\/uploads\/2023\/03\/MVPPaci-2.png 640w, https:\/\/gentedebasquet.com.ar\/sitio\/wp-content\/uploads\/2023\/03\/MVPPaci-2-300x225.png 300w\" sizes=\"(max-width: 725px) 100vw, 725px\" \/><\/a><\/figure>\n\n\n\n<figure class=\"wp-block-image size-full is-resized\"><a href=\"http:\/\/www.gentedebasquet.com.ar\/wp-content\/uploads\/2023\/03\/20230314_225135.jpg\"><img decoding=\"async\" src=\"http:\/\/www.gentedebasquet.com.ar\/wp-content\/uploads\/2023\/03\/20230314_225135.jpg\" alt=\"\" class=\"wp-image-106338\" width=\"691\" height=\"518\" srcset=\"https:\/\/gentedebasquet.com.ar\/sitio\/wp-content\/uploads\/2023\/03\/20230314_225135.jpg 640w, https:\/\/gentedebasquet.com.ar\/sitio\/wp-content\/uploads\/2023\/03\/20230314_225135-300x225.jpg 300w\" sizes=\"(max-width: 691px) 100vw, 691px\" \/><\/a><\/figure>\n\n\n\n<blockquote class=\"wp-block-quote is-layout-flow wp-block-quote-is-layout-flow\">\n<p><\/p>\n<cite>\u00abCreo que hoy bancamos un mal momento, aguantamos un mal cierre del primer tiempo y tambien cuando se nos vinieron en el segundo. Sobre el final creo que tuvimos mucha cabeza y mantuvimos siempre la intensidad que nos caracteriza. Pellegrini (pr\u00f3ximo rival) all\u00e1 en Punta Alta nos cost\u00f3 un mont\u00f3n, estuvimos a nada de perderlo. Sabemos que son duros pero vamos a afrontarlo igual que todos los partidos, a partir de ahora nada es f\u00e1cil <strong>(Branco Salvatori, Pac\u00edfico)<\/strong><\/cite><\/blockquote>\n\n\n\n<figure class=\"wp-block-image size-full\"><a href=\"http:\/\/www.gentedebasquet.com.ar\/wp-content\/uploads\/2023\/03\/Gif-Publicidades-33.gif\"><img decoding=\"async\" width=\"300\" height=\"250\" src=\"http:\/\/www.gentedebasquet.com.ar\/wp-content\/uploads\/2023\/03\/Gif-Publicidades-33.gif\" alt=\"\" class=\"wp-image-106174\"\/><\/a><\/figure>\n\n\n\n<p><strong>S\u00edntesis \u2013 Segunda \u2013 Fecha #28<\/strong><\/p>\n\n\n\n<p><strong>Independiente 82:<\/strong> Augusto R\u00edos 12; Sebasti\u00e1n Ranieri 10; Ignacio \u00c9rcoli 11; Ignacio Formiga 22; Hern\u00e1n Cinti 11 <strong>(F.I.)<\/strong> Francisco Ariza 8; Federico Radavero 3; Patricio Ronda 5; Diego Heredia; Iv\u00e1n Prost. <strong>DT:<\/strong> Javier Musumeci.<\/p>\n\n\n\n<p><strong>Pac\u00edfico 91<\/strong><span><strong style=\"font-weight: bold;\">:<\/strong><\/span> Branco Salvatori 27; G. Pisani 5; I\u00f1aki Errazu 6; Bautista Olivera 25; Juan Cruz Redivo 4 <strong>(F.I.) <\/strong>Tom\u00e1s Bussetti; Pomar Garbarino 12; Santiago Loos 4; Facundo Watson 6; Baltasar Dom\u00ednguez 4; Franco Malmesi; Guillermo Lucas. <strong>DT: <\/strong>Andr\u00e9s Iannamico<strong>.<\/strong><\/p>\n\n\n\n<p><strong>Parciales<\/strong>: 18-19; 40-44 (22-25); 63-67 (23-23); 82-91 (19-24).<\/p>\n\n\n\n<p><strong>\u00c1rbitros<\/strong>: Sebasti\u00e1n Giannino &#8211; Diego Kessler &#8211; Leandro Bress\u00e1n.<\/p>\n\n\n\n<p><strong>Estadio:<\/strong> Hermanos Barral (Independiente).<\/p>\n\n\n\n<p><a href=\"https:\/\/fibalivestats.dcd.shared.geniussports.com\/u\/ABB\/2135733\/bs.html\" data-type=\"URL\" target=\"_blank\" rel=\"noreferrer noopener\">ESTAD\u00cdSTICAS OFICIALES<\/a><\/p>\n\n\n\n<figure class=\"wp-block-image size-full\"><a href=\"http:\/\/www.gentedebasquet.com.ar\/wp-content\/uploads\/2023\/03\/Gif-Publicidades-5correct.gif\"><img decoding=\"async\" width=\"300\" height=\"250\" src=\"http:\/\/www.gentedebasquet.com.ar\/wp-content\/uploads\/2023\/03\/Gif-Publicidades-5correct.gif\" alt=\"\" class=\"wp-image-106173\"\/><\/a><\/figure>\n\n\n\n<figure class=\"wp-block-image size-full\"><a href=\"http:\/\/www.gentedebasquet.com.ar\/wp-content\/uploads\/2023\/03\/CLAVEPaci-2.png\"><img decoding=\"async\" width=\"640\" height=\"480\" src=\"http:\/\/www.gentedebasquet.com.ar\/wp-content\/uploads\/2023\/03\/CLAVEPaci-2.png\" alt=\"\" class=\"wp-image-106352\" srcset=\"https:\/\/gentedebasquet.com.ar\/sitio\/wp-content\/uploads\/2023\/03\/CLAVEPaci-2.png 640w, https:\/\/gentedebasquet.com.ar\/sitio\/wp-content\/uploads\/2023\/03\/CLAVEPaci-2-300x225.png 300w\" sizes=\"(max-width: 640px) 100vw, 640px\" \/><\/a><\/figure>\n\n\n\n<figure class=\"wp-block-image size-full\"><a href=\"http:\/\/www.gentedebasquet.com.ar\/wp-content\/uploads\/2023\/03\/vlcsnap-2023-03-15-02h12m38s112.png\"><img decoding=\"async\" width=\"640\" height=\"480\" src=\"http:\/\/www.gentedebasquet.com.ar\/wp-content\/uploads\/2023\/03\/vlcsnap-2023-03-15-02h12m38s112.png\" alt=\"\" class=\"wp-image-106354\" srcset=\"https:\/\/gentedebasquet.com.ar\/sitio\/wp-content\/uploads\/2023\/03\/vlcsnap-2023-03-15-02h12m38s112.png 640w, https:\/\/gentedebasquet.com.ar\/sitio\/wp-content\/uploads\/2023\/03\/vlcsnap-2023-03-15-02h12m38s112-300x225.png 300w\" sizes=\"(max-width: 640px) 100vw, 640px\" \/><\/a><\/figure>\n","protected":false},"excerpt":{"rendered":"<p>El equipo orientado por Andr\u00e9s Iannamico consigui\u00f3 de visitante una nueva victoria en el campeonato bahiense de Segunda. Derrot\u00f3 a Independiente 91 a 82 en el estadio que este posee en el domicilio de Italia 250. Los ganadores contaron con m\u00e1s recursos a lo largo de la noche. Entre ellos brill\u00f3 el d\u00fao Salvatori-Olivera, autor [&hellip;]<\/p>\n","protected":false},"author":1,"featured_media":106353,"comment_status":"closed","ping_status":"open","sticky":false,"template":"","format":"standard","meta":{"jnews-multi-image_gallery":[],"jnews_single_post":[],"jnews_primary_category":[],"footnotes":""},"categories":[25,101],"tags":[1386,1898,12,17],"class_list":["post-106331","post","type-post","status-publish","format-standard","has-post-thumbnail","hentry","category-segunda","category-slide","tag-branco-salvatori","tag-ignacio-formiga","tag-independiente","tag-pacifico"],"yoast_head":"<!-- This site is optimized with the Yoast SEO plugin v27.5 - https:\/\/yoast.com\/product\/yoast-seo-wordpress\/ -->\n<title>Pac\u00edfico mostr\u00f3 sus variantes y venci\u00f3 al Viola - Gente de B\u00e1squet<\/title>\n<meta name=\"robots\" content=\"index, follow, max-snippet:-1, max-image-preview:large, max-video-preview:-1\" \/>\n<link rel=\"canonical\" href=\"http:\/\/gentedebasquet.com.ar\/sitio\/2023\/03\/15\/pacifico-mostro-sus-variantes-y-vencio-al-viola\/\" \/>\n<meta property=\"og:locale\" content=\"es_ES\" \/>\n<meta property=\"og:type\" content=\"article\" \/>\n<meta property=\"og:title\" content=\"Pac\u00edfico mostr\u00f3 sus variantes y venci\u00f3 al Viola - Gente de B\u00e1squet\" \/>\n<meta property=\"og:description\" content=\"El equipo orientado por Andr\u00e9s Iannamico consigui\u00f3 de visitante una nueva victoria en el campeonato bahiense de Segunda. Derrot\u00f3 a Independiente 91 a 82 en el estadio que este posee en el domicilio de Italia 250. Los ganadores contaron con m\u00e1s recursos a lo largo de la noche. Entre ellos brill\u00f3 el d\u00fao Salvatori-Olivera, autor [&hellip;]\" \/>\n<meta property=\"og:url\" content=\"http:\/\/gentedebasquet.com.ar\/sitio\/2023\/03\/15\/pacifico-mostro-sus-variantes-y-vencio-al-viola\/\" \/>\n<meta property=\"og:site_name\" content=\"Gente de B\u00e1squet\" \/>\n<meta property=\"article:published_time\" content=\"2023-03-15T05:47:44+00:00\" \/>\n<meta property=\"og:image\" content=\"http:\/\/gentedebasquet.com.ar\/sitio\/wp-content\/uploads\/2023\/03\/20230314_211539.jpg\" \/>\n\t<meta property=\"og:image:width\" content=\"690\" \/>\n\t<meta property=\"og:image:height\" content=\"319\" \/>\n\t<meta property=\"og:image:type\" content=\"image\/jpeg\" \/>\n<meta name=\"author\" content=\"Gente de B\u00e1squet\" \/>\n<meta name=\"twitter:card\" content=\"summary_large_image\" \/>\n<meta name=\"twitter:label1\" content=\"Escrito por\" \/>\n\t<meta name=\"twitter:data1\" content=\"Gente de B\u00e1squet\" \/>\n\t<meta name=\"twitter:label2\" content=\"Tiempo de lectura\" \/>\n\t<meta name=\"twitter:data2\" content=\"3 minutos\" \/>\n<script type=\"application\/ld+json\" class=\"yoast-schema-graph\">{\"@context\":\"https:\\\/\\\/schema.org\",\"@graph\":[{\"@type\":\"Article\",\"@id\":\"http:\\\/\\\/gentedebasquet.com.ar\\\/sitio\\\/2023\\\/03\\\/15\\\/pacifico-mostro-sus-variantes-y-vencio-al-viola\\\/#article\",\"isPartOf\":{\"@id\":\"http:\\\/\\\/gentedebasquet.com.ar\\\/sitio\\\/2023\\\/03\\\/15\\\/pacifico-mostro-sus-variantes-y-vencio-al-viola\\\/\"},\"author\":{\"name\":\"Gente de B\u00e1squet\",\"@id\":\"https:\\\/\\\/gentedebasquet.com.ar\\\/sitio\\\/#\\\/schema\\\/person\\\/ca0b63bbb977369988a7bbbdc519943a\"},\"headline\":\"Pac\u00edfico mostr\u00f3 sus variantes y venci\u00f3 al Viola\",\"datePublished\":\"2023-03-15T05:47:44+00:00\",\"mainEntityOfPage\":{\"@id\":\"http:\\\/\\\/gentedebasquet.com.ar\\\/sitio\\\/2023\\\/03\\\/15\\\/pacifico-mostro-sus-variantes-y-vencio-al-viola\\\/\"},\"wordCount\":595,\"image\":{\"@id\":\"http:\\\/\\\/gentedebasquet.com.ar\\\/sitio\\\/2023\\\/03\\\/15\\\/pacifico-mostro-sus-variantes-y-vencio-al-viola\\\/#primaryimage\"},\"thumbnailUrl\":\"https:\\\/\\\/gentedebasquet.com.ar\\\/sitio\\\/wp-content\\\/uploads\\\/2023\\\/03\\\/20230314_211539.jpg\",\"keywords\":[\"Branco Salvatori\",\"Ignacio Formiga\",\"independiente\",\"Pacifico\"],\"articleSection\":[\"Segunda\",\"Slide\"],\"inLanguage\":\"es\"},{\"@type\":\"WebPage\",\"@id\":\"http:\\\/\\\/gentedebasquet.com.ar\\\/sitio\\\/2023\\\/03\\\/15\\\/pacifico-mostro-sus-variantes-y-vencio-al-viola\\\/\",\"url\":\"http:\\\/\\\/gentedebasquet.com.ar\\\/sitio\\\/2023\\\/03\\\/15\\\/pacifico-mostro-sus-variantes-y-vencio-al-viola\\\/\",\"name\":\"Pac\u00edfico mostr\u00f3 sus variantes y venci\u00f3 al Viola - Gente de B\u00e1squet\",\"isPartOf\":{\"@id\":\"https:\\\/\\\/gentedebasquet.com.ar\\\/sitio\\\/#website\"},\"primaryImageOfPage\":{\"@id\":\"http:\\\/\\\/gentedebasquet.com.ar\\\/sitio\\\/2023\\\/03\\\/15\\\/pacifico-mostro-sus-variantes-y-vencio-al-viola\\\/#primaryimage\"},\"image\":{\"@id\":\"http:\\\/\\\/gentedebasquet.com.ar\\\/sitio\\\/2023\\\/03\\\/15\\\/pacifico-mostro-sus-variantes-y-vencio-al-viola\\\/#primaryimage\"},\"thumbnailUrl\":\"https:\\\/\\\/gentedebasquet.com.ar\\\/sitio\\\/wp-content\\\/uploads\\\/2023\\\/03\\\/20230314_211539.jpg\",\"datePublished\":\"2023-03-15T05:47:44+00:00\",\"author\":{\"@id\":\"https:\\\/\\\/gentedebasquet.com.ar\\\/sitio\\\/#\\\/schema\\\/person\\\/ca0b63bbb977369988a7bbbdc519943a\"},\"breadcrumb\":{\"@id\":\"http:\\\/\\\/gentedebasquet.com.ar\\\/sitio\\\/2023\\\/03\\\/15\\\/pacifico-mostro-sus-variantes-y-vencio-al-viola\\\/#breadcrumb\"},\"inLanguage\":\"es\",\"potentialAction\":[{\"@type\":\"ReadAction\",\"target\":[\"http:\\\/\\\/gentedebasquet.com.ar\\\/sitio\\\/2023\\\/03\\\/15\\\/pacifico-mostro-sus-variantes-y-vencio-al-viola\\\/\"]}]},{\"@type\":\"ImageObject\",\"inLanguage\":\"es\",\"@id\":\"http:\\\/\\\/gentedebasquet.com.ar\\\/sitio\\\/2023\\\/03\\\/15\\\/pacifico-mostro-sus-variantes-y-vencio-al-viola\\\/#primaryimage\",\"url\":\"https:\\\/\\\/gentedebasquet.com.ar\\\/sitio\\\/wp-content\\\/uploads\\\/2023\\\/03\\\/20230314_211539.jpg\",\"contentUrl\":\"https:\\\/\\\/gentedebasquet.com.ar\\\/sitio\\\/wp-content\\\/uploads\\\/2023\\\/03\\\/20230314_211539.jpg\",\"width\":690,\"height\":319},{\"@type\":\"BreadcrumbList\",\"@id\":\"http:\\\/\\\/gentedebasquet.com.ar\\\/sitio\\\/2023\\\/03\\\/15\\\/pacifico-mostro-sus-variantes-y-vencio-al-viola\\\/#breadcrumb\",\"itemListElement\":[{\"@type\":\"ListItem\",\"position\":1,\"name\":\"Portada\",\"item\":\"https:\\\/\\\/gentedebasquet.com.ar\\\/sitio\\\/\"},{\"@type\":\"ListItem\",\"position\":2,\"name\":\"Pac\u00edfico mostr\u00f3 sus variantes y venci\u00f3 al Viola\"}]},{\"@type\":\"WebSite\",\"@id\":\"https:\\\/\\\/gentedebasquet.com.ar\\\/sitio\\\/#website\",\"url\":\"https:\\\/\\\/gentedebasquet.com.ar\\\/sitio\\\/\",\"name\":\"Gente de B\u00e1squet\",\"description\":\"La revista del basquet de Bah\u00eda Blanca\",\"potentialAction\":[{\"@type\":\"SearchAction\",\"target\":{\"@type\":\"EntryPoint\",\"urlTemplate\":\"https:\\\/\\\/gentedebasquet.com.ar\\\/sitio\\\/?s={search_term_string}\"},\"query-input\":{\"@type\":\"PropertyValueSpecification\",\"valueRequired\":true,\"valueName\":\"search_term_string\"}}],\"inLanguage\":\"es\"},{\"@type\":\"Person\",\"@id\":\"https:\\\/\\\/gentedebasquet.com.ar\\\/sitio\\\/#\\\/schema\\\/person\\\/ca0b63bbb977369988a7bbbdc519943a\",\"name\":\"Gente de B\u00e1squet\",\"image\":{\"@type\":\"ImageObject\",\"inLanguage\":\"es\",\"@id\":\"https:\\\/\\\/secure.gravatar.com\\\/avatar\\\/7f2c48bdc33b30088f941fb6082e555f2874c98e20cb159d7b92b50eadfce793?s=96&d=mm&r=g\",\"url\":\"https:\\\/\\\/secure.gravatar.com\\\/avatar\\\/7f2c48bdc33b30088f941fb6082e555f2874c98e20cb159d7b92b50eadfce793?s=96&d=mm&r=g\",\"contentUrl\":\"https:\\\/\\\/secure.gravatar.com\\\/avatar\\\/7f2c48bdc33b30088f941fb6082e555f2874c98e20cb159d7b92b50eadfce793?s=96&d=mm&r=g\",\"caption\":\"Gente de B\u00e1squet\"},\"sameAs\":[\"http:\\\/\\\/gentedebasquet.com.ar\\\/sitio\"],\"url\":\"https:\\\/\\\/gentedebasquet.com.ar\\\/sitio\\\/author\\\/ulises\\\/\"}]}<\/script>\n<!-- \/ Yoast SEO plugin. -->","yoast_head_json":{"title":"Pac\u00edfico mostr\u00f3 sus variantes y venci\u00f3 al Viola - Gente de B\u00e1squet","robots":{"index":"index","follow":"follow","max-snippet":"max-snippet:-1","max-image-preview":"max-image-preview:large","max-video-preview":"max-video-preview:-1"},"canonical":"http:\/\/gentedebasquet.com.ar\/sitio\/2023\/03\/15\/pacifico-mostro-sus-variantes-y-vencio-al-viola\/","og_locale":"es_ES","og_type":"article","og_title":"Pac\u00edfico mostr\u00f3 sus variantes y venci\u00f3 al Viola - Gente de B\u00e1squet","og_description":"El equipo orientado por Andr\u00e9s Iannamico consigui\u00f3 de visitante una nueva victoria en el campeonato bahiense de Segunda. Derrot\u00f3 a Independiente 91 a 82 en el estadio que este posee en el domicilio de Italia 250. Los ganadores contaron con m\u00e1s recursos a lo largo de la noche. Entre ellos brill\u00f3 el d\u00fao Salvatori-Olivera, autor [&hellip;]","og_url":"http:\/\/gentedebasquet.com.ar\/sitio\/2023\/03\/15\/pacifico-mostro-sus-variantes-y-vencio-al-viola\/","og_site_name":"Gente de B\u00e1squet","article_published_time":"2023-03-15T05:47:44+00:00","og_image":[{"width":690,"height":319,"url":"http:\/\/gentedebasquet.com.ar\/sitio\/wp-content\/uploads\/2023\/03\/20230314_211539.jpg","type":"image\/jpeg"}],"author":"Gente de B\u00e1squet","twitter_card":"summary_large_image","twitter_misc":{"Escrito por":"Gente de B\u00e1squet","Tiempo de lectura":"3 minutos"},"schema":{"@context":"https:\/\/schema.org","@graph":[{"@type":"Article","@id":"http:\/\/gentedebasquet.com.ar\/sitio\/2023\/03\/15\/pacifico-mostro-sus-variantes-y-vencio-al-viola\/#article","isPartOf":{"@id":"http:\/\/gentedebasquet.com.ar\/sitio\/2023\/03\/15\/pacifico-mostro-sus-variantes-y-vencio-al-viola\/"},"author":{"name":"Gente de B\u00e1squet","@id":"https:\/\/gentedebasquet.com.ar\/sitio\/#\/schema\/person\/ca0b63bbb977369988a7bbbdc519943a"},"headline":"Pac\u00edfico mostr\u00f3 sus variantes y venci\u00f3 al Viola","datePublished":"2023-03-15T05:47:44+00:00","mainEntityOfPage":{"@id":"http:\/\/gentedebasquet.com.ar\/sitio\/2023\/03\/15\/pacifico-mostro-sus-variantes-y-vencio-al-viola\/"},"wordCount":595,"image":{"@id":"http:\/\/gentedebasquet.com.ar\/sitio\/2023\/03\/15\/pacifico-mostro-sus-variantes-y-vencio-al-viola\/#primaryimage"},"thumbnailUrl":"https:\/\/gentedebasquet.com.ar\/sitio\/wp-content\/uploads\/2023\/03\/20230314_211539.jpg","keywords":["Branco Salvatori","Ignacio Formiga","independiente","Pacifico"],"articleSection":["Segunda","Slide"],"inLanguage":"es"},{"@type":"WebPage","@id":"http:\/\/gentedebasquet.com.ar\/sitio\/2023\/03\/15\/pacifico-mostro-sus-variantes-y-vencio-al-viola\/","url":"http:\/\/gentedebasquet.com.ar\/sitio\/2023\/03\/15\/pacifico-mostro-sus-variantes-y-vencio-al-viola\/","name":"Pac\u00edfico mostr\u00f3 sus variantes y venci\u00f3 al Viola - Gente de B\u00e1squet","isPartOf":{"@id":"https:\/\/gentedebasquet.com.ar\/sitio\/#website"},"primaryImageOfPage":{"@id":"http:\/\/gentedebasquet.com.ar\/sitio\/2023\/03\/15\/pacifico-mostro-sus-variantes-y-vencio-al-viola\/#primaryimage"},"image":{"@id":"http:\/\/gentedebasquet.com.ar\/sitio\/2023\/03\/15\/pacifico-mostro-sus-variantes-y-vencio-al-viola\/#primaryimage"},"thumbnailUrl":"https:\/\/gentedebasquet.com.ar\/sitio\/wp-content\/uploads\/2023\/03\/20230314_211539.jpg","datePublished":"2023-03-15T05:47:44+00:00","author":{"@id":"https:\/\/gentedebasquet.com.ar\/sitio\/#\/schema\/person\/ca0b63bbb977369988a7bbbdc519943a"},"breadcrumb":{"@id":"http:\/\/gentedebasquet.com.ar\/sitio\/2023\/03\/15\/pacifico-mostro-sus-variantes-y-vencio-al-viola\/#breadcrumb"},"inLanguage":"es","potentialAction":[{"@type":"ReadAction","target":["http:\/\/gentedebasquet.com.ar\/sitio\/2023\/03\/15\/pacifico-mostro-sus-variantes-y-vencio-al-viola\/"]}]},{"@type":"ImageObject","inLanguage":"es","@id":"http:\/\/gentedebasquet.com.ar\/sitio\/2023\/03\/15\/pacifico-mostro-sus-variantes-y-vencio-al-viola\/#primaryimage","url":"https:\/\/gentedebasquet.com.ar\/sitio\/wp-content\/uploads\/2023\/03\/20230314_211539.jpg","contentUrl":"https:\/\/gentedebasquet.com.ar\/sitio\/wp-content\/uploads\/2023\/03\/20230314_211539.jpg","width":690,"height":319},{"@type":"BreadcrumbList","@id":"http:\/\/gentedebasquet.com.ar\/sitio\/2023\/03\/15\/pacifico-mostro-sus-variantes-y-vencio-al-viola\/#breadcrumb","itemListElement":[{"@type":"ListItem","position":1,"name":"Portada","item":"https:\/\/gentedebasquet.com.ar\/sitio\/"},{"@type":"ListItem","position":2,"name":"Pac\u00edfico mostr\u00f3 sus variantes y venci\u00f3 al Viola"}]},{"@type":"WebSite","@id":"https:\/\/gentedebasquet.com.ar\/sitio\/#website","url":"https:\/\/gentedebasquet.com.ar\/sitio\/","name":"Gente de B\u00e1squet","description":"La revista del basquet de Bah\u00eda Blanca","potentialAction":[{"@type":"SearchAction","target":{"@type":"EntryPoint","urlTemplate":"https:\/\/gentedebasquet.com.ar\/sitio\/?s={search_term_string}"},"query-input":{"@type":"PropertyValueSpecification","valueRequired":true,"valueName":"search_term_string"}}],"inLanguage":"es"},{"@type":"Person","@id":"https:\/\/gentedebasquet.com.ar\/sitio\/#\/schema\/person\/ca0b63bbb977369988a7bbbdc519943a","name":"Gente de B\u00e1squet","image":{"@type":"ImageObject","inLanguage":"es","@id":"https:\/\/secure.gravatar.com\/avatar\/7f2c48bdc33b30088f941fb6082e555f2874c98e20cb159d7b92b50eadfce793?s=96&d=mm&r=g","url":"https:\/\/secure.gravatar.com\/avatar\/7f2c48bdc33b30088f941fb6082e555f2874c98e20cb159d7b92b50eadfce793?s=96&d=mm&r=g","contentUrl":"https:\/\/secure.gravatar.com\/avatar\/7f2c48bdc33b30088f941fb6082e555f2874c98e20cb159d7b92b50eadfce793?s=96&d=mm&r=g","caption":"Gente de B\u00e1squet"},"sameAs":["http:\/\/gentedebasquet.com.ar\/sitio"],"url":"https:\/\/gentedebasquet.com.ar\/sitio\/author\/ulises\/"}]}},"_links":{"self":[{"href":"https:\/\/gentedebasquet.com.ar\/sitio\/wp-json\/wp\/v2\/posts\/106331","targetHints":{"allow":["GET"]}}],"collection":[{"href":"https:\/\/gentedebasquet.com.ar\/sitio\/wp-json\/wp\/v2\/posts"}],"about":[{"href":"https:\/\/gentedebasquet.com.ar\/sitio\/wp-json\/wp\/v2\/types\/post"}],"author":[{"embeddable":true,"href":"https:\/\/gentedebasquet.com.ar\/sitio\/wp-json\/wp\/v2\/users\/1"}],"replies":[{"embeddable":true,"href":"https:\/\/gentedebasquet.com.ar\/sitio\/wp-json\/wp\/v2\/comments?post=106331"}],"version-history":[{"count":0,"href":"https:\/\/gentedebasquet.com.ar\/sitio\/wp-json\/wp\/v2\/posts\/106331\/revisions"}],"wp:featuredmedia":[{"embeddable":true,"href":"https:\/\/gentedebasquet.com.ar\/sitio\/wp-json\/wp\/v2\/media\/106353"}],"wp:attachment":[{"href":"https:\/\/gentedebasquet.com.ar\/sitio\/wp-json\/wp\/v2\/media?parent=106331"}],"wp:term":[{"taxonomy":"category","embeddable":true,"href":"https:\/\/gentedebasquet.com.ar\/sitio\/wp-json\/wp\/v2\/categories?post=106331"},{"taxonomy":"post_tag","embeddable":true,"href":"https:\/\/gentedebasquet.com.ar\/sitio\/wp-json\/wp\/v2\/tags?post=106331"}],"curies":[{"name":"wp","href":"https:\/\/api.w.org\/{rel}","templated":true}]}}