{"id":106336,"date":"2023-03-15T01:46:01","date_gmt":"2023-03-15T04:46:01","guid":{"rendered":"http:\/\/www.gentedebasquet.com.ar\/?p=106336"},"modified":"2023-03-15T01:46:01","modified_gmt":"2023-03-15T04:46:01","slug":"si-es-baier-es-bueno-2","status":"publish","type":"post","link":"https:\/\/gentedebasquet.com.ar\/sitio\/2023\/03\/15\/si-es-baier-es-bueno-2\/","title":{"rendered":"Si es Baier es bueno"},"content":{"rendered":"\n<p><strong>Con una soberbia actuaci\u00f3n de Brian Baier, Altense consigui\u00f3 un triunfazo ante Argentino por 77 a 70, en el Ardubilio Severini. De esta manera, el equipo puntaltense trep\u00f3 a la tercera colocaci\u00f3n y el celeste se ubica sexto.<\/strong><\/p>\n\n\n\n<p><strong>El primer tiempo lo podemos dividir claramente en dos partes. El primer cuarto todo del visitante (13-25) y el segundo del local (25-13).<\/strong><\/p>\n\n\n\n<p><strong>Altense plasm\u00f3 su dominio en dos jugadores. Los 25 puntos del periodo fueron de Baier (18 pts, 2\/3 t3, 5\/6 t2 y 2\/2 t1) y Ramadori (7 pts, no err\u00f3). Intratables ambos. Un dolor de cabeza para el local, que adem\u00e1s no supo darle la vuelta a la defensa zonal que le plante\u00f3 el rival. <\/strong><\/p>\n\n\n\n<p><strong>Hasta que el base Del Sol tom\u00f3 valent\u00eda y a pura penetraci\u00f3n, fue creciendo. Ahora los flashes se fueron con el ex Bahiense, que se despach\u00f3 con 13 pts. <\/strong><\/p>\n\n\n\n<p><strong>Adem\u00e1s, Genaro Parrotta entr\u00f3 bien y rompi\u00f3 la zona con dos triples y as\u00ed, el celeste reaccion\u00f3 y se puso en juego enseguida: 38-38.<\/strong><\/p>\n\n\n\n<p><strong>A la vuelta de los vestuarios, Argentino prolong\u00f3 su supremac\u00eda. A Del Sol no hubo forma de frenarlo (10 pts) y el caracter\u00edstico doble largo de Tito Rivera empez\u00f3 a surgir efecto. Por ende, el local sac\u00f3 11 de luz (55-44). <\/strong><\/p>\n\n\n\n<p><strong>Aunque, el visitante encontr\u00f3 respuesta y pas\u00f3 al frente (61-62). El experimentado Polchi calent\u00f3 la mano (3 triples) y todo el equipo fue super efectivo en la l\u00ednea (9\/9). <\/strong><\/p>\n\n\n\n<p><strong>Ya en el \u00faltimo segmento, el encuentro se torn\u00f3 algo m\u00e1s impreciso y err\u00e1tico. Principalmente Argentino, que no la pudo meter de larga distancia (0\/4) y perdi\u00f3 peso en la pintura ante la salida tempranera de Vasconcelo por 5 faltas.<\/strong><\/p>\n\n\n\n<p><strong>Por su parte, Baier se volvi\u00f3 a encender en el equipo puntaltense (10 de los 15 pts del 4C) y con un parcial de 2-11: 63-62 a 65-73, a falta de 3 minutos, Altense sentenci\u00f3 la historia y se abraz\u00f3 a una victoria important\u00edsima. <\/strong><\/p>\n\n\n\n<figure class=\"wp-block-image size-full\"><a href=\"http:\/\/www.gentedebasquet.com.ar\/wp-content\/uploads\/2023\/03\/image-18.png\"><img decoding=\"async\" width=\"300\" height=\"250\" src=\"http:\/\/www.gentedebasquet.com.ar\/wp-content\/uploads\/2023\/03\/image-18.png\" alt=\"\" class=\"wp-image-106340\"\/><\/a><\/figure>\n\n\n\n<figure class=\"wp-block-embed is-type-rich is-provider-gestor-del-servicio wp-block-embed-gestor-del-servicio wp-embed-aspect-16-9 wp-has-aspect-ratio\"><div class=\"wp-block-embed__wrapper\">\nhttps:\/\/youtube.com\/watch?v=XL0QsyHgED8\n<\/div><\/figure>\n\n\n\n<figure class=\"wp-block-image size-full\"><a href=\"http:\/\/www.gentedebasquet.com.ar\/wp-content\/uploads\/2023\/03\/image-19.png\"><img decoding=\"async\" width=\"300\" height=\"250\" src=\"http:\/\/www.gentedebasquet.com.ar\/wp-content\/uploads\/2023\/03\/image-19.png\" alt=\"\" class=\"wp-image-106342\"\/><\/a><\/figure>\n\n\n\n<figure class=\"wp-block-image size-large\"><a href=\"http:\/\/www.gentedebasquet.com.ar\/wp-content\/uploads\/2023\/03\/MVP-1.jpg\"><img decoding=\"async\" width=\"1024\" height=\"1024\" src=\"http:\/\/www.gentedebasquet.com.ar\/wp-content\/uploads\/2023\/03\/MVP-1-1024x1024.jpg\" alt=\"\" class=\"wp-image-106343\" srcset=\"https:\/\/gentedebasquet.com.ar\/sitio\/wp-content\/uploads\/2023\/03\/MVP-1-1024x1024.jpg 1024w, https:\/\/gentedebasquet.com.ar\/sitio\/wp-content\/uploads\/2023\/03\/MVP-1-300x300.jpg 300w, https:\/\/gentedebasquet.com.ar\/sitio\/wp-content\/uploads\/2023\/03\/MVP-1-150x150.jpg 150w, https:\/\/gentedebasquet.com.ar\/sitio\/wp-content\/uploads\/2023\/03\/MVP-1-768x768.jpg 768w, https:\/\/gentedebasquet.com.ar\/sitio\/wp-content\/uploads\/2023\/03\/MVP-1-1536x1536.jpg 1536w, https:\/\/gentedebasquet.com.ar\/sitio\/wp-content\/uploads\/2023\/03\/MVP-1.jpg 2000w\" sizes=\"(max-width: 1024px) 100vw, 1024px\" \/><\/a><\/figure>\n\n\n\n<figure class=\"wp-block-image size-full\"><a href=\"http:\/\/www.gentedebasquet.com.ar\/wp-content\/uploads\/2023\/03\/Baier.jpg\"><img decoding=\"async\" width=\"680\" height=\"400\" src=\"http:\/\/www.gentedebasquet.com.ar\/wp-content\/uploads\/2023\/03\/Baier.jpg\" alt=\"\" class=\"wp-image-106344\" srcset=\"https:\/\/gentedebasquet.com.ar\/sitio\/wp-content\/uploads\/2023\/03\/Baier.jpg 680w, https:\/\/gentedebasquet.com.ar\/sitio\/wp-content\/uploads\/2023\/03\/Baier-300x176.jpg 300w\" sizes=\"(max-width: 680px) 100vw, 680px\" \/><\/a><\/figure>\n\n\n\n<blockquote class=\"wp-block-quote is-layout-flow wp-block-quote-is-layout-flow\">\n<p>\u00a8Era clave el partido de hoy para asegurarnos entrar dentro de los 4 de la tabla, sab\u00edamos que iba a ser un partido dif\u00edcil. Si bien en el primer cuarto sacamos una buena diferencia, nos confiamos un poco y ellos se vinieron. Tuvimos altibajos, pero lo pudimos sacar adelante con la defensa zonal. Nos faltaron nuestros dos pivots y la zona en ese sentido nos ayud\u00f3. Nos quedan dos finales m\u00e1s, esto nos da mucha confianza\u00a8 <strong>Brian Baier, jugador de Altense.<\/strong><\/p>\n<\/blockquote>\n\n\n\n<figure class=\"wp-block-image size-full\"><a href=\"http:\/\/www.gentedebasquet.com.ar\/wp-content\/uploads\/2023\/03\/image-20.png\"><img decoding=\"async\" width=\"300\" height=\"250\" src=\"http:\/\/www.gentedebasquet.com.ar\/wp-content\/uploads\/2023\/03\/image-20.png\" alt=\"\" class=\"wp-image-106346\"\/><\/a><\/figure>\n\n\n\n<p><strong>S\u00edntesis<\/strong> &#8211; Segunda Divisi\u00f3n &#8211; Fecha #28<\/p>\n\n\n\n<p><strong>Argentino 70:<\/strong> Tom\u00e1s Del Sol 27, Gast\u00f3n Rivera 13, Nicol\u00e1s Antonelli 7, Andr\u00e9s Almir\u00f3n 8, Fausto Vasconcelo 6 (x) (FI); Genaro Parrotta 6, Bruno Gigliotti 3, Ferm\u00edn Marriezcurrena 0 y Joaqu\u00edn Gonzal\u00eda 0. DT: Renzo Balducci.<\/p>\n\n\n\n<p><strong>Altense 77: <\/strong>Ezequiel Pordomingo 2, Bruno Sacomani 0, Facundo Ramadori 15, Brian Baier 36, Nicol\u00e1s Bejarano 1 (FI); Jerem\u00edas Goncalvez 0, Joaqu\u00edn Ferreyra 3, Franco Percello 6, Mauro Polchi 13, Ivo Hait 2 y \u00c1lvaro Lorca 0. DT: Nahuel Altamirano.<\/p>\n\n\n\n<p><strong>Parciales:<\/strong> 13-25, 38-38 (25-13), 61-62 (23-24) y 70-77 (9-15).<\/p>\n\n\n\n<p><strong>\u00c1rbitros:<\/strong> Marjorie Stuardo, Nicol\u00e1s Larrasolo y Ludmila Munz.<\/p>\n\n\n\n<p><strong>Estadio:<\/strong> Ardubilio Severini (Argentino).<\/p>\n\n\n\n<p><a href=\"https:\/\/fibalivestats.dcd.shared.geniussports.com\/u\/ABB\/2135736\/bs.html\">ESTAD\u00cdSTICAS OFICIALES<\/a><\/p>\n\n\n\n<figure class=\"wp-block-image size-large\"><a href=\"http:\/\/www.gentedebasquet.com.ar\/wp-content\/uploads\/2023\/03\/CLAVE-1.jpg\"><img decoding=\"async\" width=\"1024\" height=\"1024\" src=\"http:\/\/www.gentedebasquet.com.ar\/wp-content\/uploads\/2023\/03\/CLAVE-1-1024x1024.jpg\" alt=\"\" class=\"wp-image-106348\" srcset=\"https:\/\/gentedebasquet.com.ar\/sitio\/wp-content\/uploads\/2023\/03\/CLAVE-1-1024x1024.jpg 1024w, https:\/\/gentedebasquet.com.ar\/sitio\/wp-content\/uploads\/2023\/03\/CLAVE-1-300x300.jpg 300w, https:\/\/gentedebasquet.com.ar\/sitio\/wp-content\/uploads\/2023\/03\/CLAVE-1-150x150.jpg 150w, https:\/\/gentedebasquet.com.ar\/sitio\/wp-content\/uploads\/2023\/03\/CLAVE-1-768x768.jpg 768w, https:\/\/gentedebasquet.com.ar\/sitio\/wp-content\/uploads\/2023\/03\/CLAVE-1-1536x1536.jpg 1536w, https:\/\/gentedebasquet.com.ar\/sitio\/wp-content\/uploads\/2023\/03\/CLAVE-1.jpg 2000w\" sizes=\"(max-width: 1024px) 100vw, 1024px\" \/><\/a><\/figure>\n\n\n\n<figure class=\"wp-block-image size-full\"><a href=\"http:\/\/www.gentedebasquet.com.ar\/wp-content\/uploads\/2023\/03\/image-21.png\"><img decoding=\"async\" width=\"300\" height=\"250\" src=\"http:\/\/www.gentedebasquet.com.ar\/wp-content\/uploads\/2023\/03\/image-21.png\" alt=\"\" class=\"wp-image-106349\"\/><\/a><\/figure>\n\n\n\n<figure class=\"wp-block-image size-full\"><a href=\"http:\/\/www.gentedebasquet.com.ar\/wp-content\/uploads\/2023\/03\/desarrollo-2.jpg\"><img decoding=\"async\" width=\"680\" height=\"400\" src=\"http:\/\/www.gentedebasquet.com.ar\/wp-content\/uploads\/2023\/03\/desarrollo-2.jpg\" alt=\"\" class=\"wp-image-106347\" srcset=\"https:\/\/gentedebasquet.com.ar\/sitio\/wp-content\/uploads\/2023\/03\/desarrollo-2.jpg 680w, https:\/\/gentedebasquet.com.ar\/sitio\/wp-content\/uploads\/2023\/03\/desarrollo-2-300x176.jpg 300w\" sizes=\"(max-width: 680px) 100vw, 680px\" \/><\/a><\/figure>\n","protected":false},"excerpt":{"rendered":"<p>Clave victoria de Altense ante Argentino por 77 a 70, como visitante<\/p>\n","protected":false},"author":1,"featured_media":106350,"comment_status":"closed","ping_status":"open","sticky":false,"template":"","format":"standard","meta":{"jnews-multi-image_gallery":[],"jnews_single_post":[],"jnews_primary_category":[],"footnotes":""},"categories":[25,101],"tags":[213,4,1566,1899],"class_list":["post-106336","post","type-post","status-publish","format-standard","has-post-thumbnail","hentry","category-segunda","category-slide","tag-altense","tag-argentino","tag-brian-baier","tag-tomas-del-sol-2"],"yoast_head":"<!-- This site is optimized with the Yoast SEO plugin v27.5 - https:\/\/yoast.com\/product\/yoast-seo-wordpress\/ -->\n<title>Si es Baier es bueno - Gente de B\u00e1squet<\/title>\n<meta name=\"robots\" content=\"index, follow, max-snippet:-1, max-image-preview:large, max-video-preview:-1\" \/>\n<link rel=\"canonical\" href=\"https:\/\/gentedebasquet.com.ar\/sitio\/2023\/03\/15\/si-es-baier-es-bueno-2\/\" \/>\n<meta property=\"og:locale\" content=\"es_ES\" \/>\n<meta property=\"og:type\" content=\"article\" \/>\n<meta property=\"og:title\" content=\"Si es Baier es bueno - Gente de B\u00e1squet\" \/>\n<meta property=\"og:description\" content=\"Clave victoria de Altense ante Argentino por 77 a 70, como visitante\" \/>\n<meta property=\"og:url\" content=\"https:\/\/gentedebasquet.com.ar\/sitio\/2023\/03\/15\/si-es-baier-es-bueno-2\/\" \/>\n<meta property=\"og:site_name\" content=\"Gente de B\u00e1squet\" \/>\n<meta property=\"article:published_time\" content=\"2023-03-15T04:46:01+00:00\" \/>\n<meta property=\"og:image\" content=\"https:\/\/gentedebasquet.com.ar\/sitio\/wp-content\/uploads\/2023\/03\/destacada-3.jpg\" \/>\n\t<meta property=\"og:image:width\" content=\"690\" \/>\n\t<meta property=\"og:image:height\" content=\"319\" \/>\n\t<meta property=\"og:image:type\" content=\"image\/jpeg\" \/>\n<meta name=\"author\" content=\"Gente de B\u00e1squet\" \/>\n<meta name=\"twitter:card\" content=\"summary_large_image\" \/>\n<meta name=\"twitter:label1\" content=\"Escrito por\" \/>\n\t<meta name=\"twitter:data1\" content=\"Gente de B\u00e1squet\" \/>\n\t<meta name=\"twitter:label2\" content=\"Tiempo de lectura\" \/>\n\t<meta name=\"twitter:data2\" content=\"3 minutos\" \/>\n<script type=\"application\/ld+json\" class=\"yoast-schema-graph\">{\"@context\":\"https:\\\/\\\/schema.org\",\"@graph\":[{\"@type\":\"Article\",\"@id\":\"https:\\\/\\\/gentedebasquet.com.ar\\\/sitio\\\/2023\\\/03\\\/15\\\/si-es-baier-es-bueno-2\\\/#article\",\"isPartOf\":{\"@id\":\"https:\\\/\\\/gentedebasquet.com.ar\\\/sitio\\\/2023\\\/03\\\/15\\\/si-es-baier-es-bueno-2\\\/\"},\"author\":{\"name\":\"Gente de B\u00e1squet\",\"@id\":\"https:\\\/\\\/gentedebasquet.com.ar\\\/sitio\\\/#\\\/schema\\\/person\\\/ca0b63bbb977369988a7bbbdc519943a\"},\"headline\":\"Si es Baier es bueno\",\"datePublished\":\"2023-03-15T04:46:01+00:00\",\"mainEntityOfPage\":{\"@id\":\"https:\\\/\\\/gentedebasquet.com.ar\\\/sitio\\\/2023\\\/03\\\/15\\\/si-es-baier-es-bueno-2\\\/\"},\"wordCount\":510,\"image\":{\"@id\":\"https:\\\/\\\/gentedebasquet.com.ar\\\/sitio\\\/2023\\\/03\\\/15\\\/si-es-baier-es-bueno-2\\\/#primaryimage\"},\"thumbnailUrl\":\"https:\\\/\\\/gentedebasquet.com.ar\\\/sitio\\\/wp-content\\\/uploads\\\/2023\\\/03\\\/destacada-3.jpg\",\"keywords\":[\"Altense\",\"Argentino\",\"Brian Baier\",\"Tomas Del Sol\"],\"articleSection\":[\"Segunda\",\"Slide\"],\"inLanguage\":\"es\"},{\"@type\":\"WebPage\",\"@id\":\"https:\\\/\\\/gentedebasquet.com.ar\\\/sitio\\\/2023\\\/03\\\/15\\\/si-es-baier-es-bueno-2\\\/\",\"url\":\"https:\\\/\\\/gentedebasquet.com.ar\\\/sitio\\\/2023\\\/03\\\/15\\\/si-es-baier-es-bueno-2\\\/\",\"name\":\"Si es Baier es bueno - Gente de B\u00e1squet\",\"isPartOf\":{\"@id\":\"https:\\\/\\\/gentedebasquet.com.ar\\\/sitio\\\/#website\"},\"primaryImageOfPage\":{\"@id\":\"https:\\\/\\\/gentedebasquet.com.ar\\\/sitio\\\/2023\\\/03\\\/15\\\/si-es-baier-es-bueno-2\\\/#primaryimage\"},\"image\":{\"@id\":\"https:\\\/\\\/gentedebasquet.com.ar\\\/sitio\\\/2023\\\/03\\\/15\\\/si-es-baier-es-bueno-2\\\/#primaryimage\"},\"thumbnailUrl\":\"https:\\\/\\\/gentedebasquet.com.ar\\\/sitio\\\/wp-content\\\/uploads\\\/2023\\\/03\\\/destacada-3.jpg\",\"datePublished\":\"2023-03-15T04:46:01+00:00\",\"author\":{\"@id\":\"https:\\\/\\\/gentedebasquet.com.ar\\\/sitio\\\/#\\\/schema\\\/person\\\/ca0b63bbb977369988a7bbbdc519943a\"},\"breadcrumb\":{\"@id\":\"https:\\\/\\\/gentedebasquet.com.ar\\\/sitio\\\/2023\\\/03\\\/15\\\/si-es-baier-es-bueno-2\\\/#breadcrumb\"},\"inLanguage\":\"es\",\"potentialAction\":[{\"@type\":\"ReadAction\",\"target\":[\"https:\\\/\\\/gentedebasquet.com.ar\\\/sitio\\\/2023\\\/03\\\/15\\\/si-es-baier-es-bueno-2\\\/\"]}]},{\"@type\":\"ImageObject\",\"inLanguage\":\"es\",\"@id\":\"https:\\\/\\\/gentedebasquet.com.ar\\\/sitio\\\/2023\\\/03\\\/15\\\/si-es-baier-es-bueno-2\\\/#primaryimage\",\"url\":\"https:\\\/\\\/gentedebasquet.com.ar\\\/sitio\\\/wp-content\\\/uploads\\\/2023\\\/03\\\/destacada-3.jpg\",\"contentUrl\":\"https:\\\/\\\/gentedebasquet.com.ar\\\/sitio\\\/wp-content\\\/uploads\\\/2023\\\/03\\\/destacada-3.jpg\",\"width\":690,\"height\":319},{\"@type\":\"BreadcrumbList\",\"@id\":\"https:\\\/\\\/gentedebasquet.com.ar\\\/sitio\\\/2023\\\/03\\\/15\\\/si-es-baier-es-bueno-2\\\/#breadcrumb\",\"itemListElement\":[{\"@type\":\"ListItem\",\"position\":1,\"name\":\"Portada\",\"item\":\"https:\\\/\\\/gentedebasquet.com.ar\\\/sitio\\\/\"},{\"@type\":\"ListItem\",\"position\":2,\"name\":\"Si es Baier es bueno\"}]},{\"@type\":\"WebSite\",\"@id\":\"https:\\\/\\\/gentedebasquet.com.ar\\\/sitio\\\/#website\",\"url\":\"https:\\\/\\\/gentedebasquet.com.ar\\\/sitio\\\/\",\"name\":\"Gente de B\u00e1squet\",\"description\":\"La revista del basquet de Bah\u00eda Blanca\",\"potentialAction\":[{\"@type\":\"SearchAction\",\"target\":{\"@type\":\"EntryPoint\",\"urlTemplate\":\"https:\\\/\\\/gentedebasquet.com.ar\\\/sitio\\\/?s={search_term_string}\"},\"query-input\":{\"@type\":\"PropertyValueSpecification\",\"valueRequired\":true,\"valueName\":\"search_term_string\"}}],\"inLanguage\":\"es\"},{\"@type\":\"Person\",\"@id\":\"https:\\\/\\\/gentedebasquet.com.ar\\\/sitio\\\/#\\\/schema\\\/person\\\/ca0b63bbb977369988a7bbbdc519943a\",\"name\":\"Gente de B\u00e1squet\",\"image\":{\"@type\":\"ImageObject\",\"inLanguage\":\"es\",\"@id\":\"https:\\\/\\\/secure.gravatar.com\\\/avatar\\\/7f2c48bdc33b30088f941fb6082e555f2874c98e20cb159d7b92b50eadfce793?s=96&d=mm&r=g\",\"url\":\"https:\\\/\\\/secure.gravatar.com\\\/avatar\\\/7f2c48bdc33b30088f941fb6082e555f2874c98e20cb159d7b92b50eadfce793?s=96&d=mm&r=g\",\"contentUrl\":\"https:\\\/\\\/secure.gravatar.com\\\/avatar\\\/7f2c48bdc33b30088f941fb6082e555f2874c98e20cb159d7b92b50eadfce793?s=96&d=mm&r=g\",\"caption\":\"Gente de B\u00e1squet\"},\"sameAs\":[\"http:\\\/\\\/gentedebasquet.com.ar\\\/sitio\"],\"url\":\"https:\\\/\\\/gentedebasquet.com.ar\\\/sitio\\\/author\\\/ulises\\\/\"}]}<\/script>\n<!-- \/ Yoast SEO plugin. -->","yoast_head_json":{"title":"Si es Baier es bueno - Gente de B\u00e1squet","robots":{"index":"index","follow":"follow","max-snippet":"max-snippet:-1","max-image-preview":"max-image-preview:large","max-video-preview":"max-video-preview:-1"},"canonical":"https:\/\/gentedebasquet.com.ar\/sitio\/2023\/03\/15\/si-es-baier-es-bueno-2\/","og_locale":"es_ES","og_type":"article","og_title":"Si es Baier es bueno - Gente de B\u00e1squet","og_description":"Clave victoria de Altense ante Argentino por 77 a 70, como visitante","og_url":"https:\/\/gentedebasquet.com.ar\/sitio\/2023\/03\/15\/si-es-baier-es-bueno-2\/","og_site_name":"Gente de B\u00e1squet","article_published_time":"2023-03-15T04:46:01+00:00","og_image":[{"width":690,"height":319,"url":"https:\/\/gentedebasquet.com.ar\/sitio\/wp-content\/uploads\/2023\/03\/destacada-3.jpg","type":"image\/jpeg"}],"author":"Gente de B\u00e1squet","twitter_card":"summary_large_image","twitter_misc":{"Escrito por":"Gente de B\u00e1squet","Tiempo de lectura":"3 minutos"},"schema":{"@context":"https:\/\/schema.org","@graph":[{"@type":"Article","@id":"https:\/\/gentedebasquet.com.ar\/sitio\/2023\/03\/15\/si-es-baier-es-bueno-2\/#article","isPartOf":{"@id":"https:\/\/gentedebasquet.com.ar\/sitio\/2023\/03\/15\/si-es-baier-es-bueno-2\/"},"author":{"name":"Gente de B\u00e1squet","@id":"https:\/\/gentedebasquet.com.ar\/sitio\/#\/schema\/person\/ca0b63bbb977369988a7bbbdc519943a"},"headline":"Si es Baier es bueno","datePublished":"2023-03-15T04:46:01+00:00","mainEntityOfPage":{"@id":"https:\/\/gentedebasquet.com.ar\/sitio\/2023\/03\/15\/si-es-baier-es-bueno-2\/"},"wordCount":510,"image":{"@id":"https:\/\/gentedebasquet.com.ar\/sitio\/2023\/03\/15\/si-es-baier-es-bueno-2\/#primaryimage"},"thumbnailUrl":"https:\/\/gentedebasquet.com.ar\/sitio\/wp-content\/uploads\/2023\/03\/destacada-3.jpg","keywords":["Altense","Argentino","Brian Baier","Tomas Del Sol"],"articleSection":["Segunda","Slide"],"inLanguage":"es"},{"@type":"WebPage","@id":"https:\/\/gentedebasquet.com.ar\/sitio\/2023\/03\/15\/si-es-baier-es-bueno-2\/","url":"https:\/\/gentedebasquet.com.ar\/sitio\/2023\/03\/15\/si-es-baier-es-bueno-2\/","name":"Si es Baier es bueno - Gente de B\u00e1squet","isPartOf":{"@id":"https:\/\/gentedebasquet.com.ar\/sitio\/#website"},"primaryImageOfPage":{"@id":"https:\/\/gentedebasquet.com.ar\/sitio\/2023\/03\/15\/si-es-baier-es-bueno-2\/#primaryimage"},"image":{"@id":"https:\/\/gentedebasquet.com.ar\/sitio\/2023\/03\/15\/si-es-baier-es-bueno-2\/#primaryimage"},"thumbnailUrl":"https:\/\/gentedebasquet.com.ar\/sitio\/wp-content\/uploads\/2023\/03\/destacada-3.jpg","datePublished":"2023-03-15T04:46:01+00:00","author":{"@id":"https:\/\/gentedebasquet.com.ar\/sitio\/#\/schema\/person\/ca0b63bbb977369988a7bbbdc519943a"},"breadcrumb":{"@id":"https:\/\/gentedebasquet.com.ar\/sitio\/2023\/03\/15\/si-es-baier-es-bueno-2\/#breadcrumb"},"inLanguage":"es","potentialAction":[{"@type":"ReadAction","target":["https:\/\/gentedebasquet.com.ar\/sitio\/2023\/03\/15\/si-es-baier-es-bueno-2\/"]}]},{"@type":"ImageObject","inLanguage":"es","@id":"https:\/\/gentedebasquet.com.ar\/sitio\/2023\/03\/15\/si-es-baier-es-bueno-2\/#primaryimage","url":"https:\/\/gentedebasquet.com.ar\/sitio\/wp-content\/uploads\/2023\/03\/destacada-3.jpg","contentUrl":"https:\/\/gentedebasquet.com.ar\/sitio\/wp-content\/uploads\/2023\/03\/destacada-3.jpg","width":690,"height":319},{"@type":"BreadcrumbList","@id":"https:\/\/gentedebasquet.com.ar\/sitio\/2023\/03\/15\/si-es-baier-es-bueno-2\/#breadcrumb","itemListElement":[{"@type":"ListItem","position":1,"name":"Portada","item":"https:\/\/gentedebasquet.com.ar\/sitio\/"},{"@type":"ListItem","position":2,"name":"Si es Baier es bueno"}]},{"@type":"WebSite","@id":"https:\/\/gentedebasquet.com.ar\/sitio\/#website","url":"https:\/\/gentedebasquet.com.ar\/sitio\/","name":"Gente de B\u00e1squet","description":"La revista del basquet de Bah\u00eda Blanca","potentialAction":[{"@type":"SearchAction","target":{"@type":"EntryPoint","urlTemplate":"https:\/\/gentedebasquet.com.ar\/sitio\/?s={search_term_string}"},"query-input":{"@type":"PropertyValueSpecification","valueRequired":true,"valueName":"search_term_string"}}],"inLanguage":"es"},{"@type":"Person","@id":"https:\/\/gentedebasquet.com.ar\/sitio\/#\/schema\/person\/ca0b63bbb977369988a7bbbdc519943a","name":"Gente de B\u00e1squet","image":{"@type":"ImageObject","inLanguage":"es","@id":"https:\/\/secure.gravatar.com\/avatar\/7f2c48bdc33b30088f941fb6082e555f2874c98e20cb159d7b92b50eadfce793?s=96&d=mm&r=g","url":"https:\/\/secure.gravatar.com\/avatar\/7f2c48bdc33b30088f941fb6082e555f2874c98e20cb159d7b92b50eadfce793?s=96&d=mm&r=g","contentUrl":"https:\/\/secure.gravatar.com\/avatar\/7f2c48bdc33b30088f941fb6082e555f2874c98e20cb159d7b92b50eadfce793?s=96&d=mm&r=g","caption":"Gente de B\u00e1squet"},"sameAs":["http:\/\/gentedebasquet.com.ar\/sitio"],"url":"https:\/\/gentedebasquet.com.ar\/sitio\/author\/ulises\/"}]}},"_links":{"self":[{"href":"https:\/\/gentedebasquet.com.ar\/sitio\/wp-json\/wp\/v2\/posts\/106336","targetHints":{"allow":["GET"]}}],"collection":[{"href":"https:\/\/gentedebasquet.com.ar\/sitio\/wp-json\/wp\/v2\/posts"}],"about":[{"href":"https:\/\/gentedebasquet.com.ar\/sitio\/wp-json\/wp\/v2\/types\/post"}],"author":[{"embeddable":true,"href":"https:\/\/gentedebasquet.com.ar\/sitio\/wp-json\/wp\/v2\/users\/1"}],"replies":[{"embeddable":true,"href":"https:\/\/gentedebasquet.com.ar\/sitio\/wp-json\/wp\/v2\/comments?post=106336"}],"version-history":[{"count":0,"href":"https:\/\/gentedebasquet.com.ar\/sitio\/wp-json\/wp\/v2\/posts\/106336\/revisions"}],"wp:featuredmedia":[{"embeddable":true,"href":"https:\/\/gentedebasquet.com.ar\/sitio\/wp-json\/wp\/v2\/media\/106350"}],"wp:attachment":[{"href":"https:\/\/gentedebasquet.com.ar\/sitio\/wp-json\/wp\/v2\/media?parent=106336"}],"wp:term":[{"taxonomy":"category","embeddable":true,"href":"https:\/\/gentedebasquet.com.ar\/sitio\/wp-json\/wp\/v2\/categories?post=106336"},{"taxonomy":"post_tag","embeddable":true,"href":"https:\/\/gentedebasquet.com.ar\/sitio\/wp-json\/wp\/v2\/tags?post=106336"}],"curies":[{"name":"wp","href":"https:\/\/api.w.org\/{rel}","templated":true}]}}