{"id":10657,"date":"2013-05-03T16:52:06","date_gmt":"2013-05-03T16:52:06","guid":{"rendered":"http:\/\/www.gentedebasquet.com.ar\/?p=10657"},"modified":"2013-05-03T16:52:06","modified_gmt":"2013-05-03T16:52:06","slug":"torres-y-richotti-a-la-seleccion","status":"publish","type":"post","link":"https:\/\/gentedebasquet.com.ar\/sitio\/2013\/05\/03\/torres-y-richotti-a-la-seleccion\/","title":{"rendered":"Torres y Richotti a la selecci\u00f3n"},"content":{"rendered":"<p><em><strong><a href=\"http:\/\/www.gentedebasquet.com.ar\/wp-content\/uploads\/2013\/05\/JM-Torres-Bah\u00eda-Basket.jpg\"><img decoding=\"async\" class=\"alignnone size-full wp-image-10658\" title=\"JM Torres Bah\u00eda Basket\" src=\"http:\/\/www.gentedebasquet.com.ar\/wp-content\/uploads\/2013\/05\/JM-Torres-Bah\u00eda-Basket.jpg\" alt=\"\" width=\"448\" height=\"336\" \/><\/a><\/strong><strong>Julio Lamas, entrenador en jefe de la Selecci\u00f3n Argentina,\u00a0present\u00f3 la lista de 12 jugadores que participar\u00e1n de\u00a0<\/strong><strong><span style=\"font-size: 1em;\">la Copa Stankovic<\/span>\u00a0del 28 de junio al 9 de julio. Entre ellos se encuentran los bahienses Juan Manuel Torres de Bah\u00eda Estudiantes y Nicol\u00e1s Richotti, actualmente en CB Canarias de la liga espa\u00f1ola.<!--more--><\/strong><\/em><\/p>\n<p>La Federaci\u00f3n Internacional (FIBA) invit\u00f3 a la Confederaci\u00f3n Argentina de B\u00e1squetbol a participar de la novena edici\u00f3n de la\u00a0Copa Borislav Stankovic, a desarrollarse del 28 de junio al 9 de julio en China.<\/p>\n<p>Este viernes el entrenador en jefe de la Selecci\u00f3n Nacional,\u00a0Julio Lamas, dio a conocer la lista de 12 jugadores que participar\u00e1n del torneo. Adem\u00e1s, se invit\u00f3 a participar de los entrenamientos en Argentina a\u00a0Patricio Garino y Pablo Orlietti.<\/p>\n<p>Argentina hab\u00eda participado de la Copa Stankovic en su primera edici\u00f3n, en el a\u00f1o 2005 en Beijing, cuando termin\u00f3 en el segundo lugar, logrando triunfos sobre Australia, Angola, Puerto Rico y China. Solo perdi\u00f3 ante Lituania, el campe\u00f3n. Durante la \u00faltima edici\u00f3n del torneo, en julio de 2012, el seleccionado de\u00a0China logr\u00f3 el t\u00edtulo por primera vez en su historia.<\/p>\n<p><span style=\"color: #ffcc99;\">.<\/span><\/p>\n<p><strong>COPA STANKOVIC 2013<br \/>\nSELECCI\u00d3N ARGENTINA<\/strong><\/p>\n<p>Nicol\u00e1s Laprov\u00edttola<br \/>\nPuesto: Base<br \/>\nAltura: 1,85<br \/>\nNacimiento: 31\/01\/90<br \/>\nLugar: Mor\u00f3n (Buenos Aires)<br \/>\nClub: Lan\u00fas (Lan\u00fas)<\/p>\n<p>Facundo Campazzo<br \/>\nPuesto: Base<br \/>\nAltura: 1,79<br \/>\nNacimiento: 23\/03\/91<br \/>\nLugar: C\u00f3rdoba<br \/>\nClub: Pe\u00f1arol (Mar del Plata)<\/p>\n<p><strong>Nicol\u00e1s Richotti<\/strong><br \/>\nPuesto: Base\/escolta<br \/>\nAltura: 1,84<br \/>\nNacimiento: 17\/10\/86<br \/>\nLugar: Bah\u00eda Blanca (Buenos Aires)<br \/>\nClub: CB Canarias (ACB, Espa\u00f1a)<\/p>\n<p>Adri\u00e1n H\u00e9ctor Boccia<br \/>\nPuesto: Escolta<br \/>\nAltura: 1,94<br \/>\nNacimiento: 14\/07\/82<br \/>\nLugar: Rosario (Santa Fe)<br \/>\nClub: Lan\u00fas (Lan\u00fas)<\/p>\n<p>Federico Mart\u00edn Van Lacke<br \/>\nPuesto: Escolta<br \/>\nAltura: 1,91<br \/>\nNacimiento: 26\/06\/80<br \/>\nLugar: Santa Fe<br \/>\nClub: Boca Juniors (Capital Federal)<\/p>\n<p>Marcos Daniel Mata<br \/>\nPuesto: Alero<br \/>\nAltura: 2,01<br \/>\nNacimiento: 01\/08\/86<br \/>\nLugar: Mar del Plata (Buenos Aires)<br \/>\nClub: Pe\u00f1arol (Mar del Plata)<\/p>\n<p>Franco Nahuel Giorgetti<br \/>\nPuesto: Alero<br \/>\nAltura: 2,02<br \/>\nNacimiento: 02\/12\/92<br \/>\nLugar: Resistencia (Chaco)<br \/>\nClub: Pe\u00f1arol (Mar del Plata)<\/p>\n<p>Leonardo Andr\u00e9s Mainoldi<br \/>\nPuesto: Ala-pivote<br \/>\nAltura: 2,02<br \/>\nNacimiento: 04\/03\/85<br \/>\nLugar: Ca\u00f1ada de G\u00f3mez (Santa Fe)<br \/>\nClub: Fuenlabrada (ACB, Espa\u00f1a)<\/p>\n<p>Mat\u00edas Bortol\u00edn<br \/>\nPuesto: Ala-pivote<br \/>\nAltura: 2,06<br \/>\nNacimiento: 11\/04\/93<br \/>\nLugar: C\u00f3rdoba<br \/>\nClub: Arkadia Lions (Austria)<\/p>\n<p>Juan Pedro Guti\u00e9rrez<br \/>\nPuesto: Pivote<br \/>\nAltura: 2,06<br \/>\nNacimiento: 10\/10\/83<br \/>\nLugar: Nueve de Julio (Buenos Aires)<br \/>\nClub: Obras Sanitarias (Capital Federal)<\/p>\n<p>Marcos Nicol\u00e1s Del\u00eda<br \/>\nPuesto: Pivote<br \/>\nAltura: 2,06<br \/>\nNacimiento: 08\/04\/92<br \/>\nLugar: Saladillo (Buenos Aires)<br \/>\nClub: Boca Juniors (Capital Federal)<\/p>\n<p><strong>Juan Manuel Torres<\/strong><br \/>\nPuesto: Pivote<br \/>\nAltura: 2,10<br \/>\nNacimiento: 20\/02\/84<br \/>\nLugar: Bah\u00eda Blanca (Buenos Aires)<br \/>\nClub: Weber Bah\u00eda Estudiantes (Bah\u00eda Blanca)<\/p>\n<p><span style=\"text-decoration: underline;\">Entrenador:<\/span> Julio C\u00e9sar Lamas.<\/p>\n<p><span style=\"color: #ffcc99;\">.<\/span><\/p>\n<p><strong>INVITADOS A ENTRENAR EN ARGENTINA<\/strong><\/p>\n<p>Patricio Garino Gullota<br \/>\nPuesto: Alero<br \/>\nAltura: 1,96<br \/>\nNacimiento: 17\/05\/93<br \/>\nLugar: Mar del Plata (Buenos Aires)<br \/>\nClub: George Washington University (NCAA, EEUU)<\/p>\n<p>Pablo Mart\u00edn Orlietti<br \/>\nPuesto: Pivote<br \/>\nAltura: 2,06<br \/>\nNacimiento: 17\/01\/90<br \/>\nLugar: C\u00f3rdoba<br \/>\nClub: Gimnasia Indalo (Comodoro Rivadavia)<\/p>\n<p>Informe: Confederaci\u00f3n Argentina de B\u00e1squetbol.<\/p>\n<p>Imagen: Prensa Bah\u00eda Basket.<\/p>\n","protected":false},"excerpt":{"rendered":"<p>Julio Lamas, entrenador en jefe de la Selecci\u00f3n Argentina,\u00a0present\u00f3 la lista de 12 jugadores que participar\u00e1n de\u00a0la Copa Stankovic\u00a0del 28 de junio al 9 de julio. Entre ellos se encuentran los bahienses Juan Manuel Torres de Bah\u00eda Estudiantes y Nicol\u00e1s Richotti, actualmente en CB Canarias de la liga espa\u00f1ola.<\/p>\n","protected":false},"author":1,"featured_media":0,"comment_status":"open","ping_status":"open","sticky":false,"template":"","format":"standard","meta":{"jnews-multi-image_gallery":[],"jnews_single_post":[],"jnews_primary_category":[],"footnotes":""},"categories":[61],"tags":[],"class_list":["post-10657","post","type-post","status-publish","format-standard","hentry","category-selecciones-nacionales"],"yoast_head":"<!-- This site is optimized with the Yoast SEO plugin v27.5 - https:\/\/yoast.com\/product\/yoast-seo-wordpress\/ -->\n<title>Torres y Richotti a la selecci\u00f3n - Gente de B\u00e1squet<\/title>\n<meta name=\"robots\" content=\"index, follow, max-snippet:-1, max-image-preview:large, max-video-preview:-1\" \/>\n<link rel=\"canonical\" href=\"http:\/\/gentedebasquet.com.ar\/sitio\/2013\/05\/03\/torres-y-richotti-a-la-seleccion\/\" \/>\n<meta property=\"og:locale\" content=\"es_ES\" \/>\n<meta property=\"og:type\" content=\"article\" \/>\n<meta property=\"og:title\" content=\"Torres y Richotti a la selecci\u00f3n - Gente de B\u00e1squet\" \/>\n<meta property=\"og:description\" content=\"Julio Lamas, entrenador en jefe de la Selecci\u00f3n Argentina,\u00a0present\u00f3 la lista de 12 jugadores que participar\u00e1n de\u00a0la Copa Stankovic\u00a0del 28 de junio al 9 de julio. Entre ellos se encuentran los bahienses Juan Manuel Torres de Bah\u00eda Estudiantes y Nicol\u00e1s Richotti, actualmente en CB Canarias de la liga espa\u00f1ola.\" \/>\n<meta property=\"og:url\" content=\"http:\/\/gentedebasquet.com.ar\/sitio\/2013\/05\/03\/torres-y-richotti-a-la-seleccion\/\" \/>\n<meta property=\"og:site_name\" content=\"Gente de B\u00e1squet\" \/>\n<meta property=\"article:published_time\" content=\"2013-05-03T16:52:06+00:00\" \/>\n<meta name=\"author\" content=\"Gente de B\u00e1squet\" \/>\n<meta name=\"twitter:card\" content=\"summary_large_image\" \/>\n<meta name=\"twitter:label1\" content=\"Escrito por\" \/>\n\t<meta name=\"twitter:data1\" content=\"Gente de B\u00e1squet\" \/>\n\t<meta name=\"twitter:label2\" content=\"Tiempo de lectura\" \/>\n\t<meta name=\"twitter:data2\" content=\"2 minutos\" \/>\n<script type=\"application\/ld+json\" class=\"yoast-schema-graph\">{\"@context\":\"https:\\\/\\\/schema.org\",\"@graph\":[{\"@type\":\"Article\",\"@id\":\"http:\\\/\\\/gentedebasquet.com.ar\\\/sitio\\\/2013\\\/05\\\/03\\\/torres-y-richotti-a-la-seleccion\\\/#article\",\"isPartOf\":{\"@id\":\"http:\\\/\\\/gentedebasquet.com.ar\\\/sitio\\\/2013\\\/05\\\/03\\\/torres-y-richotti-a-la-seleccion\\\/\"},\"author\":{\"name\":\"Gente de B\u00e1squet\",\"@id\":\"https:\\\/\\\/gentedebasquet.com.ar\\\/sitio\\\/#\\\/schema\\\/person\\\/ca0b63bbb977369988a7bbbdc519943a\"},\"headline\":\"Torres y Richotti a la selecci\u00f3n\",\"datePublished\":\"2013-05-03T16:52:06+00:00\",\"mainEntityOfPage\":{\"@id\":\"http:\\\/\\\/gentedebasquet.com.ar\\\/sitio\\\/2013\\\/05\\\/03\\\/torres-y-richotti-a-la-seleccion\\\/\"},\"wordCount\":483,\"commentCount\":0,\"articleSection\":[\"Selecciones Nacionales\"],\"inLanguage\":\"es\",\"potentialAction\":[{\"@type\":\"CommentAction\",\"name\":\"Comment\",\"target\":[\"http:\\\/\\\/gentedebasquet.com.ar\\\/sitio\\\/2013\\\/05\\\/03\\\/torres-y-richotti-a-la-seleccion\\\/#respond\"]}]},{\"@type\":\"WebPage\",\"@id\":\"http:\\\/\\\/gentedebasquet.com.ar\\\/sitio\\\/2013\\\/05\\\/03\\\/torres-y-richotti-a-la-seleccion\\\/\",\"url\":\"http:\\\/\\\/gentedebasquet.com.ar\\\/sitio\\\/2013\\\/05\\\/03\\\/torres-y-richotti-a-la-seleccion\\\/\",\"name\":\"Torres y Richotti a la selecci\u00f3n - Gente de B\u00e1squet\",\"isPartOf\":{\"@id\":\"https:\\\/\\\/gentedebasquet.com.ar\\\/sitio\\\/#website\"},\"datePublished\":\"2013-05-03T16:52:06+00:00\",\"author\":{\"@id\":\"https:\\\/\\\/gentedebasquet.com.ar\\\/sitio\\\/#\\\/schema\\\/person\\\/ca0b63bbb977369988a7bbbdc519943a\"},\"breadcrumb\":{\"@id\":\"http:\\\/\\\/gentedebasquet.com.ar\\\/sitio\\\/2013\\\/05\\\/03\\\/torres-y-richotti-a-la-seleccion\\\/#breadcrumb\"},\"inLanguage\":\"es\",\"potentialAction\":[{\"@type\":\"ReadAction\",\"target\":[\"http:\\\/\\\/gentedebasquet.com.ar\\\/sitio\\\/2013\\\/05\\\/03\\\/torres-y-richotti-a-la-seleccion\\\/\"]}]},{\"@type\":\"BreadcrumbList\",\"@id\":\"http:\\\/\\\/gentedebasquet.com.ar\\\/sitio\\\/2013\\\/05\\\/03\\\/torres-y-richotti-a-la-seleccion\\\/#breadcrumb\",\"itemListElement\":[{\"@type\":\"ListItem\",\"position\":1,\"name\":\"Portada\",\"item\":\"https:\\\/\\\/gentedebasquet.com.ar\\\/sitio\\\/\"},{\"@type\":\"ListItem\",\"position\":2,\"name\":\"Torres y Richotti a la selecci\u00f3n\"}]},{\"@type\":\"WebSite\",\"@id\":\"https:\\\/\\\/gentedebasquet.com.ar\\\/sitio\\\/#website\",\"url\":\"https:\\\/\\\/gentedebasquet.com.ar\\\/sitio\\\/\",\"name\":\"Gente de B\u00e1squet\",\"description\":\"La revista del basquet de Bah\u00eda Blanca\",\"potentialAction\":[{\"@type\":\"SearchAction\",\"target\":{\"@type\":\"EntryPoint\",\"urlTemplate\":\"https:\\\/\\\/gentedebasquet.com.ar\\\/sitio\\\/?s={search_term_string}\"},\"query-input\":{\"@type\":\"PropertyValueSpecification\",\"valueRequired\":true,\"valueName\":\"search_term_string\"}}],\"inLanguage\":\"es\"},{\"@type\":\"Person\",\"@id\":\"https:\\\/\\\/gentedebasquet.com.ar\\\/sitio\\\/#\\\/schema\\\/person\\\/ca0b63bbb977369988a7bbbdc519943a\",\"name\":\"Gente de B\u00e1squet\",\"image\":{\"@type\":\"ImageObject\",\"inLanguage\":\"es\",\"@id\":\"https:\\\/\\\/secure.gravatar.com\\\/avatar\\\/7f2c48bdc33b30088f941fb6082e555f2874c98e20cb159d7b92b50eadfce793?s=96&d=mm&r=g\",\"url\":\"https:\\\/\\\/secure.gravatar.com\\\/avatar\\\/7f2c48bdc33b30088f941fb6082e555f2874c98e20cb159d7b92b50eadfce793?s=96&d=mm&r=g\",\"contentUrl\":\"https:\\\/\\\/secure.gravatar.com\\\/avatar\\\/7f2c48bdc33b30088f941fb6082e555f2874c98e20cb159d7b92b50eadfce793?s=96&d=mm&r=g\",\"caption\":\"Gente de B\u00e1squet\"},\"sameAs\":[\"http:\\\/\\\/gentedebasquet.com.ar\\\/sitio\"],\"url\":\"https:\\\/\\\/gentedebasquet.com.ar\\\/sitio\\\/author\\\/ulises\\\/\"}]}<\/script>\n<!-- \/ Yoast SEO plugin. -->","yoast_head_json":{"title":"Torres y Richotti a la selecci\u00f3n - Gente de B\u00e1squet","robots":{"index":"index","follow":"follow","max-snippet":"max-snippet:-1","max-image-preview":"max-image-preview:large","max-video-preview":"max-video-preview:-1"},"canonical":"http:\/\/gentedebasquet.com.ar\/sitio\/2013\/05\/03\/torres-y-richotti-a-la-seleccion\/","og_locale":"es_ES","og_type":"article","og_title":"Torres y Richotti a la selecci\u00f3n - Gente de B\u00e1squet","og_description":"Julio Lamas, entrenador en jefe de la Selecci\u00f3n Argentina,\u00a0present\u00f3 la lista de 12 jugadores que participar\u00e1n de\u00a0la Copa Stankovic\u00a0del 28 de junio al 9 de julio. Entre ellos se encuentran los bahienses Juan Manuel Torres de Bah\u00eda Estudiantes y Nicol\u00e1s Richotti, actualmente en CB Canarias de la liga espa\u00f1ola.","og_url":"http:\/\/gentedebasquet.com.ar\/sitio\/2013\/05\/03\/torres-y-richotti-a-la-seleccion\/","og_site_name":"Gente de B\u00e1squet","article_published_time":"2013-05-03T16:52:06+00:00","author":"Gente de B\u00e1squet","twitter_card":"summary_large_image","twitter_misc":{"Escrito por":"Gente de B\u00e1squet","Tiempo de lectura":"2 minutos"},"schema":{"@context":"https:\/\/schema.org","@graph":[{"@type":"Article","@id":"http:\/\/gentedebasquet.com.ar\/sitio\/2013\/05\/03\/torres-y-richotti-a-la-seleccion\/#article","isPartOf":{"@id":"http:\/\/gentedebasquet.com.ar\/sitio\/2013\/05\/03\/torres-y-richotti-a-la-seleccion\/"},"author":{"name":"Gente de B\u00e1squet","@id":"https:\/\/gentedebasquet.com.ar\/sitio\/#\/schema\/person\/ca0b63bbb977369988a7bbbdc519943a"},"headline":"Torres y Richotti a la selecci\u00f3n","datePublished":"2013-05-03T16:52:06+00:00","mainEntityOfPage":{"@id":"http:\/\/gentedebasquet.com.ar\/sitio\/2013\/05\/03\/torres-y-richotti-a-la-seleccion\/"},"wordCount":483,"commentCount":0,"articleSection":["Selecciones Nacionales"],"inLanguage":"es","potentialAction":[{"@type":"CommentAction","name":"Comment","target":["http:\/\/gentedebasquet.com.ar\/sitio\/2013\/05\/03\/torres-y-richotti-a-la-seleccion\/#respond"]}]},{"@type":"WebPage","@id":"http:\/\/gentedebasquet.com.ar\/sitio\/2013\/05\/03\/torres-y-richotti-a-la-seleccion\/","url":"http:\/\/gentedebasquet.com.ar\/sitio\/2013\/05\/03\/torres-y-richotti-a-la-seleccion\/","name":"Torres y Richotti a la selecci\u00f3n - Gente de B\u00e1squet","isPartOf":{"@id":"https:\/\/gentedebasquet.com.ar\/sitio\/#website"},"datePublished":"2013-05-03T16:52:06+00:00","author":{"@id":"https:\/\/gentedebasquet.com.ar\/sitio\/#\/schema\/person\/ca0b63bbb977369988a7bbbdc519943a"},"breadcrumb":{"@id":"http:\/\/gentedebasquet.com.ar\/sitio\/2013\/05\/03\/torres-y-richotti-a-la-seleccion\/#breadcrumb"},"inLanguage":"es","potentialAction":[{"@type":"ReadAction","target":["http:\/\/gentedebasquet.com.ar\/sitio\/2013\/05\/03\/torres-y-richotti-a-la-seleccion\/"]}]},{"@type":"BreadcrumbList","@id":"http:\/\/gentedebasquet.com.ar\/sitio\/2013\/05\/03\/torres-y-richotti-a-la-seleccion\/#breadcrumb","itemListElement":[{"@type":"ListItem","position":1,"name":"Portada","item":"https:\/\/gentedebasquet.com.ar\/sitio\/"},{"@type":"ListItem","position":2,"name":"Torres y Richotti a la selecci\u00f3n"}]},{"@type":"WebSite","@id":"https:\/\/gentedebasquet.com.ar\/sitio\/#website","url":"https:\/\/gentedebasquet.com.ar\/sitio\/","name":"Gente de B\u00e1squet","description":"La revista del basquet de Bah\u00eda Blanca","potentialAction":[{"@type":"SearchAction","target":{"@type":"EntryPoint","urlTemplate":"https:\/\/gentedebasquet.com.ar\/sitio\/?s={search_term_string}"},"query-input":{"@type":"PropertyValueSpecification","valueRequired":true,"valueName":"search_term_string"}}],"inLanguage":"es"},{"@type":"Person","@id":"https:\/\/gentedebasquet.com.ar\/sitio\/#\/schema\/person\/ca0b63bbb977369988a7bbbdc519943a","name":"Gente de B\u00e1squet","image":{"@type":"ImageObject","inLanguage":"es","@id":"https:\/\/secure.gravatar.com\/avatar\/7f2c48bdc33b30088f941fb6082e555f2874c98e20cb159d7b92b50eadfce793?s=96&d=mm&r=g","url":"https:\/\/secure.gravatar.com\/avatar\/7f2c48bdc33b30088f941fb6082e555f2874c98e20cb159d7b92b50eadfce793?s=96&d=mm&r=g","contentUrl":"https:\/\/secure.gravatar.com\/avatar\/7f2c48bdc33b30088f941fb6082e555f2874c98e20cb159d7b92b50eadfce793?s=96&d=mm&r=g","caption":"Gente de B\u00e1squet"},"sameAs":["http:\/\/gentedebasquet.com.ar\/sitio"],"url":"https:\/\/gentedebasquet.com.ar\/sitio\/author\/ulises\/"}]}},"_links":{"self":[{"href":"https:\/\/gentedebasquet.com.ar\/sitio\/wp-json\/wp\/v2\/posts\/10657","targetHints":{"allow":["GET"]}}],"collection":[{"href":"https:\/\/gentedebasquet.com.ar\/sitio\/wp-json\/wp\/v2\/posts"}],"about":[{"href":"https:\/\/gentedebasquet.com.ar\/sitio\/wp-json\/wp\/v2\/types\/post"}],"author":[{"embeddable":true,"href":"https:\/\/gentedebasquet.com.ar\/sitio\/wp-json\/wp\/v2\/users\/1"}],"replies":[{"embeddable":true,"href":"https:\/\/gentedebasquet.com.ar\/sitio\/wp-json\/wp\/v2\/comments?post=10657"}],"version-history":[{"count":0,"href":"https:\/\/gentedebasquet.com.ar\/sitio\/wp-json\/wp\/v2\/posts\/10657\/revisions"}],"wp:attachment":[{"href":"https:\/\/gentedebasquet.com.ar\/sitio\/wp-json\/wp\/v2\/media?parent=10657"}],"wp:term":[{"taxonomy":"category","embeddable":true,"href":"https:\/\/gentedebasquet.com.ar\/sitio\/wp-json\/wp\/v2\/categories?post=10657"},{"taxonomy":"post_tag","embeddable":true,"href":"https:\/\/gentedebasquet.com.ar\/sitio\/wp-json\/wp\/v2\/tags?post=10657"}],"curies":[{"name":"wp","href":"https:\/\/api.w.org\/{rel}","templated":true}]}}