{"id":106597,"date":"2023-03-25T14:38:22","date_gmt":"2023-03-25T17:38:22","guid":{"rendered":"http:\/\/www.gentedebasquet.com.ar\/?p=106597"},"modified":"2023-03-25T14:38:22","modified_gmt":"2023-03-25T17:38:22","slug":"whitense-fue-un-poco-mas-y-festejo","status":"publish","type":"post","link":"https:\/\/gentedebasquet.com.ar\/sitio\/2023\/03\/25\/whitense-fue-un-poco-mas-y-festejo\/","title":{"rendered":"Whitense fue un poco m\u00e1s y festej\u00f3"},"content":{"rendered":"\n<p><strong>El equipo del puerto consigui\u00f3 anoche en su estadio el primer punto de la serie de Reclasificaci\u00f3n que est\u00e1 disputando frente a Los Andes de Punta Alta. El encuentro tuvo momentos de mucha paridad, reci\u00e9n en los minutos finales el ganador pudo asegurar el resultado. La historia continuar\u00e1 con el segundo partido el pr\u00f3ximo martes en territorio puntaltense.<\/strong><\/p>\n\n\n\n<p><strong>Los Andes concret\u00f3 un par de llegadas limpias dentro de la zona pintada local y por eso se adelant\u00f3 en el marcador cuando reci\u00e9n arrancaba el cotejo. Los primeros momentos fueron muy pobres en el aspecto ofensivo. En los tres minutos finales Whitense mejor\u00f3 su punter\u00eda desde lejos y con dos triples logr\u00f3 pasar al frente y terminar el primer cuarto ganando 14 a 12.<\/strong><\/p>\n\n\n\n<p><strong>El segundo cuarto empez\u00f3 con una desprolijidad parecida a la del primero. Whitense hac\u00eda circular la bola pero no lograba buenas definiciones. Los Andes esperaba para capturar la pelota y contraatacar. Los anfitriones pudieron agrandar la diferencia, de forma lenta pero firme. A Los Andes le cost\u00f3 romper la barrera defensiva, su juego asociado no caus\u00f3 mucho da\u00f1o. Es por esto que los de White finalizaron el primer tiempo arriba por cuatro, 36-32.<\/strong><\/p>\n\n\n\n<p><strong>En los primeros 2 minutos del tercer parcial Los Andes marc\u00f3 3 puntos y Whitense ninguno. El equipo visitante arranc\u00f3 esta etapa condicionado por las infracciones, Echeverr\u00eda y Montenegro ya ten\u00edan tres en su planilla. Whitense reaccion\u00f3 en la mitad del cuarto y pudo mantenerse al mando del marcador, luchando contra sus limitaciones y la entrega del rival. <\/strong><\/p>\n\n\n\n<p><strong>Los Andes corrigi\u00f3 sus lanzamientos y achic\u00f3 distancias a lo largo del \u00faltimo cuarto. En tres minutos de este cap\u00edtulo Whitense ganaba 57 a 53. El due\u00f1o de casa sufri\u00f3 con la falta de efectividad. Su momento de mayor tranquilidad lleg\u00f3 a dos minutos del cierre, cuando sum\u00f3 otro triple a su cuenta y pas\u00f3 a ganar 65 a 60. El 9 a 5 con el que cerr\u00f3 el pleito le permiti\u00f3 festejar y ponerse al frente de esta serie de reclasificaci\u00f3n que tendr\u00e1 su pr\u00f3ximo cap\u00edtulo la semana que viene.  <\/strong><\/p>\n\n\n\n<p><\/p>\n\n\n\n<figure class=\"wp-block-image size-full\"><a href=\"http:\/\/www.gentedebasquet.com.ar\/wp-content\/uploads\/2023\/03\/image-26.png\"><img decoding=\"async\" width=\"300\" height=\"250\" src=\"http:\/\/www.gentedebasquet.com.ar\/wp-content\/uploads\/2023\/03\/image-26.png\" alt=\"\" class=\"wp-image-106567\"\/><\/a><\/figure>\n\n\n\n<figure class=\"wp-block-embed is-type-video is-provider-youtube wp-block-embed-youtube wp-embed-aspect-16-9 wp-has-aspect-ratio\"><div class=\"wp-block-embed__wrapper\">\nhttps:\/\/youtu.be\/gvrK-msvpC8\n<\/div><\/figure>\n\n\n\n<figure class=\"wp-block-image size-full\"><a href=\"http:\/\/www.gentedebasquet.com.ar\/wp-content\/uploads\/2023\/03\/image-27.png\"><img decoding=\"async\" width=\"300\" height=\"250\" src=\"http:\/\/www.gentedebasquet.com.ar\/wp-content\/uploads\/2023\/03\/image-27.png\" alt=\"\" class=\"wp-image-106572\"\/><\/a><\/figure>\n\n\n\n<p><\/p>\n\n\n\n<figure class=\"wp-block-image size-full\"><a href=\"http:\/\/www.gentedebasquet.com.ar\/wp-content\/uploads\/2023\/03\/image-28.png\"><img decoding=\"async\" width=\"300\" height=\"250\" src=\"http:\/\/www.gentedebasquet.com.ar\/wp-content\/uploads\/2023\/03\/image-28.png\" alt=\"\" class=\"wp-image-106577\"\/><\/a><\/figure>\n\n\n\n<p><strong>S\u00edntesis \u2013 Segunda Divisi\u00f3n &#8211; Reclasificaci\u00f3n &#8211; Partido #1<\/strong><\/p>\n\n\n\n<p><strong>Deportivo Whitense<\/strong> <strong>69<\/strong>: Lautaro Berg\u00e9s; Santiago Bussetti; Juli\u00e1n Carminatti; Nicol\u00e1s Mu\u00f1oz; Santiago Abenel <strong>(F.I.) <\/strong>Mat\u00edas Iturbide; Juan Iturbide; Dylan Platz; Manuel Carminatti; S. Buggatti. <strong>DT:<\/strong> Walter Romerniszyn.<\/p>\n\n\n\n<p><strong>Los Andes 65:<\/strong> David P\u00e9rez Mendoza; Mauro Veliz; Carlos Montenegro; Boris Kumorkiewicz; Luciano Terrizzi <strong>(F.I.)<\/strong> Lucas Taffernaberry; Valentino Rossi; Martino Avaca; Mateo Barrera; Diego Aniceto; Juan Echeverr\u00eda; Thiago Pozzi. <strong>DT:<\/strong> Mario Errazu.<\/p>\n\n\n\n<p><strong>Parciales:<\/strong> 14-12; 36-32 (22-20); 54-47 (18-15); 69-65 (15-18).<\/p>\n\n\n\n<p><strong>\u00c1rbitros:<\/strong> Eduardo Ferreyra &#8211; Juan Jaramillo &#8211; Juan Mat\u00edas.<\/p>\n\n\n\n<p><strong>Estadio:<\/strong>&nbsp;Aviones Azules (Whitense).<\/p>\n\n\n\n<p><a href=\"https:\/\/fibalivestats.dcd.shared.geniussports.com\/u\/ABB\/2258782\/\">ESTAD\u00cdSTICAS OFICIALES<\/a><\/p>\n\n\n\n<figure class=\"wp-block-image size-full\"><a href=\"http:\/\/www.gentedebasquet.com.ar\/wp-content\/uploads\/2023\/03\/image-29.png\"><img decoding=\"async\" width=\"300\" height=\"250\" src=\"http:\/\/www.gentedebasquet.com.ar\/wp-content\/uploads\/2023\/03\/image-29.png\" alt=\"\" class=\"wp-image-106581\"\/><\/a><\/figure>\n\n\n\n<p><\/p>\n\n\n\n<figure class=\"wp-block-image size-full\"><a href=\"http:\/\/www.gentedebasquet.com.ar\/wp-content\/uploads\/2023\/03\/CLAVEWhite-2.png\"><img decoding=\"async\" src=\"http:\/\/www.gentedebasquet.com.ar\/wp-content\/uploads\/2023\/03\/CLAVEWhite-2.png\" alt=\"\" class=\"wp-image-106654\"\/><\/a><\/figure>\n\n\n\n<p><\/p>\n\n\n\n<figure class=\"wp-block-image size-full\"><a href=\"http:\/\/www.gentedebasquet.com.ar\/wp-content\/uploads\/2023\/03\/cxvcx-1.jpg\"><img decoding=\"async\" src=\"http:\/\/www.gentedebasquet.com.ar\/wp-content\/uploads\/2023\/03\/cxvcx-1.jpg\" alt=\"\" class=\"wp-image-106633\"\/><\/a><\/figure>\n\n\n\n<p> <\/p>\n","protected":false},"excerpt":{"rendered":"<p>El equipo del puerto consigui\u00f3 anoche en su estadio el primer punto de la serie de Reclasificaci\u00f3n que est\u00e1 disputando frente a Los Andes de Punta Alta. El encuentro tuvo momentos de mucha paridad, reci\u00e9n en los minutos finales el ganador pudo asegurar el resultado. La historia continuar\u00e1 con el segundo partido el pr\u00f3ximo martes [&hellip;]<\/p>\n","protected":false},"author":1,"featured_media":106631,"comment_status":"closed","ping_status":"open","sticky":false,"template":"","format":"standard","meta":{"jnews-multi-image_gallery":[],"jnews_single_post":[],"jnews_primary_category":[],"footnotes":""},"categories":[25,101],"tags":[8,152],"class_list":["post-106597","post","type-post","status-publish","format-standard","has-post-thumbnail","hentry","category-segunda","category-slide","tag-deportivo-whitense","tag-los-andes"],"yoast_head":"<!-- This site is optimized with the Yoast SEO plugin v27.5 - https:\/\/yoast.com\/product\/yoast-seo-wordpress\/ -->\n<title>Whitense fue un poco m\u00e1s y festej\u00f3 - Gente de B\u00e1squet<\/title>\n<meta name=\"robots\" content=\"index, follow, max-snippet:-1, max-image-preview:large, max-video-preview:-1\" \/>\n<link rel=\"canonical\" href=\"https:\/\/gentedebasquet.com.ar\/sitio\/2023\/03\/25\/whitense-fue-un-poco-mas-y-festejo\/\" \/>\n<meta property=\"og:locale\" content=\"es_ES\" \/>\n<meta property=\"og:type\" content=\"article\" \/>\n<meta property=\"og:title\" content=\"Whitense fue un poco m\u00e1s y festej\u00f3 - Gente de B\u00e1squet\" \/>\n<meta property=\"og:description\" content=\"El equipo del puerto consigui\u00f3 anoche en su estadio el primer punto de la serie de Reclasificaci\u00f3n que est\u00e1 disputando frente a Los Andes de Punta Alta. El encuentro tuvo momentos de mucha paridad, reci\u00e9n en los minutos finales el ganador pudo asegurar el resultado. La historia continuar\u00e1 con el segundo partido el pr\u00f3ximo martes [&hellip;]\" \/>\n<meta property=\"og:url\" content=\"https:\/\/gentedebasquet.com.ar\/sitio\/2023\/03\/25\/whitense-fue-un-poco-mas-y-festejo\/\" \/>\n<meta property=\"og:site_name\" content=\"Gente de B\u00e1squet\" \/>\n<meta property=\"article:published_time\" content=\"2023-03-25T17:38:22+00:00\" \/>\n<meta name=\"author\" content=\"Gente de B\u00e1squet\" \/>\n<meta name=\"twitter:card\" content=\"summary_large_image\" \/>\n<meta name=\"twitter:label1\" content=\"Escrito por\" \/>\n\t<meta name=\"twitter:data1\" content=\"Gente de B\u00e1squet\" \/>\n\t<meta name=\"twitter:label2\" content=\"Tiempo de lectura\" \/>\n\t<meta name=\"twitter:data2\" content=\"2 minutos\" \/>\n<script type=\"application\/ld+json\" class=\"yoast-schema-graph\">{\"@context\":\"https:\\\/\\\/schema.org\",\"@graph\":[{\"@type\":\"Article\",\"@id\":\"https:\\\/\\\/gentedebasquet.com.ar\\\/sitio\\\/2023\\\/03\\\/25\\\/whitense-fue-un-poco-mas-y-festejo\\\/#article\",\"isPartOf\":{\"@id\":\"https:\\\/\\\/gentedebasquet.com.ar\\\/sitio\\\/2023\\\/03\\\/25\\\/whitense-fue-un-poco-mas-y-festejo\\\/\"},\"author\":{\"name\":\"Gente de B\u00e1squet\",\"@id\":\"https:\\\/\\\/gentedebasquet.com.ar\\\/sitio\\\/#\\\/schema\\\/person\\\/ca0b63bbb977369988a7bbbdc519943a\"},\"headline\":\"Whitense fue un poco m\u00e1s y festej\u00f3\",\"datePublished\":\"2023-03-25T17:38:22+00:00\",\"mainEntityOfPage\":{\"@id\":\"https:\\\/\\\/gentedebasquet.com.ar\\\/sitio\\\/2023\\\/03\\\/25\\\/whitense-fue-un-poco-mas-y-festejo\\\/\"},\"wordCount\":463,\"image\":{\"@id\":\"https:\\\/\\\/gentedebasquet.com.ar\\\/sitio\\\/2023\\\/03\\\/25\\\/whitense-fue-un-poco-mas-y-festejo\\\/#primaryimage\"},\"thumbnailUrl\":\"\",\"keywords\":[\"Deportivo Whitense\",\"Los Andes\"],\"articleSection\":[\"Segunda\",\"Slide\"],\"inLanguage\":\"es\"},{\"@type\":\"WebPage\",\"@id\":\"https:\\\/\\\/gentedebasquet.com.ar\\\/sitio\\\/2023\\\/03\\\/25\\\/whitense-fue-un-poco-mas-y-festejo\\\/\",\"url\":\"https:\\\/\\\/gentedebasquet.com.ar\\\/sitio\\\/2023\\\/03\\\/25\\\/whitense-fue-un-poco-mas-y-festejo\\\/\",\"name\":\"Whitense fue un poco m\u00e1s y festej\u00f3 - Gente de B\u00e1squet\",\"isPartOf\":{\"@id\":\"https:\\\/\\\/gentedebasquet.com.ar\\\/sitio\\\/#website\"},\"primaryImageOfPage\":{\"@id\":\"https:\\\/\\\/gentedebasquet.com.ar\\\/sitio\\\/2023\\\/03\\\/25\\\/whitense-fue-un-poco-mas-y-festejo\\\/#primaryimage\"},\"image\":{\"@id\":\"https:\\\/\\\/gentedebasquet.com.ar\\\/sitio\\\/2023\\\/03\\\/25\\\/whitense-fue-un-poco-mas-y-festejo\\\/#primaryimage\"},\"thumbnailUrl\":\"\",\"datePublished\":\"2023-03-25T17:38:22+00:00\",\"author\":{\"@id\":\"https:\\\/\\\/gentedebasquet.com.ar\\\/sitio\\\/#\\\/schema\\\/person\\\/ca0b63bbb977369988a7bbbdc519943a\"},\"breadcrumb\":{\"@id\":\"https:\\\/\\\/gentedebasquet.com.ar\\\/sitio\\\/2023\\\/03\\\/25\\\/whitense-fue-un-poco-mas-y-festejo\\\/#breadcrumb\"},\"inLanguage\":\"es\",\"potentialAction\":[{\"@type\":\"ReadAction\",\"target\":[\"https:\\\/\\\/gentedebasquet.com.ar\\\/sitio\\\/2023\\\/03\\\/25\\\/whitense-fue-un-poco-mas-y-festejo\\\/\"]}]},{\"@type\":\"ImageObject\",\"inLanguage\":\"es\",\"@id\":\"https:\\\/\\\/gentedebasquet.com.ar\\\/sitio\\\/2023\\\/03\\\/25\\\/whitense-fue-un-poco-mas-y-festejo\\\/#primaryimage\",\"url\":\"\",\"contentUrl\":\"\"},{\"@type\":\"BreadcrumbList\",\"@id\":\"https:\\\/\\\/gentedebasquet.com.ar\\\/sitio\\\/2023\\\/03\\\/25\\\/whitense-fue-un-poco-mas-y-festejo\\\/#breadcrumb\",\"itemListElement\":[{\"@type\":\"ListItem\",\"position\":1,\"name\":\"Portada\",\"item\":\"https:\\\/\\\/gentedebasquet.com.ar\\\/sitio\\\/\"},{\"@type\":\"ListItem\",\"position\":2,\"name\":\"Whitense fue un poco m\u00e1s y festej\u00f3\"}]},{\"@type\":\"WebSite\",\"@id\":\"https:\\\/\\\/gentedebasquet.com.ar\\\/sitio\\\/#website\",\"url\":\"https:\\\/\\\/gentedebasquet.com.ar\\\/sitio\\\/\",\"name\":\"Gente de B\u00e1squet\",\"description\":\"La revista del basquet de Bah\u00eda Blanca\",\"potentialAction\":[{\"@type\":\"SearchAction\",\"target\":{\"@type\":\"EntryPoint\",\"urlTemplate\":\"https:\\\/\\\/gentedebasquet.com.ar\\\/sitio\\\/?s={search_term_string}\"},\"query-input\":{\"@type\":\"PropertyValueSpecification\",\"valueRequired\":true,\"valueName\":\"search_term_string\"}}],\"inLanguage\":\"es\"},{\"@type\":\"Person\",\"@id\":\"https:\\\/\\\/gentedebasquet.com.ar\\\/sitio\\\/#\\\/schema\\\/person\\\/ca0b63bbb977369988a7bbbdc519943a\",\"name\":\"Gente de B\u00e1squet\",\"image\":{\"@type\":\"ImageObject\",\"inLanguage\":\"es\",\"@id\":\"https:\\\/\\\/secure.gravatar.com\\\/avatar\\\/7f2c48bdc33b30088f941fb6082e555f2874c98e20cb159d7b92b50eadfce793?s=96&d=mm&r=g\",\"url\":\"https:\\\/\\\/secure.gravatar.com\\\/avatar\\\/7f2c48bdc33b30088f941fb6082e555f2874c98e20cb159d7b92b50eadfce793?s=96&d=mm&r=g\",\"contentUrl\":\"https:\\\/\\\/secure.gravatar.com\\\/avatar\\\/7f2c48bdc33b30088f941fb6082e555f2874c98e20cb159d7b92b50eadfce793?s=96&d=mm&r=g\",\"caption\":\"Gente de B\u00e1squet\"},\"sameAs\":[\"http:\\\/\\\/gentedebasquet.com.ar\\\/sitio\"],\"url\":\"https:\\\/\\\/gentedebasquet.com.ar\\\/sitio\\\/author\\\/ulises\\\/\"}]}<\/script>\n<!-- \/ Yoast SEO plugin. -->","yoast_head_json":{"title":"Whitense fue un poco m\u00e1s y festej\u00f3 - Gente de B\u00e1squet","robots":{"index":"index","follow":"follow","max-snippet":"max-snippet:-1","max-image-preview":"max-image-preview:large","max-video-preview":"max-video-preview:-1"},"canonical":"https:\/\/gentedebasquet.com.ar\/sitio\/2023\/03\/25\/whitense-fue-un-poco-mas-y-festejo\/","og_locale":"es_ES","og_type":"article","og_title":"Whitense fue un poco m\u00e1s y festej\u00f3 - Gente de B\u00e1squet","og_description":"El equipo del puerto consigui\u00f3 anoche en su estadio el primer punto de la serie de Reclasificaci\u00f3n que est\u00e1 disputando frente a Los Andes de Punta Alta. El encuentro tuvo momentos de mucha paridad, reci\u00e9n en los minutos finales el ganador pudo asegurar el resultado. La historia continuar\u00e1 con el segundo partido el pr\u00f3ximo martes [&hellip;]","og_url":"https:\/\/gentedebasquet.com.ar\/sitio\/2023\/03\/25\/whitense-fue-un-poco-mas-y-festejo\/","og_site_name":"Gente de B\u00e1squet","article_published_time":"2023-03-25T17:38:22+00:00","author":"Gente de B\u00e1squet","twitter_card":"summary_large_image","twitter_misc":{"Escrito por":"Gente de B\u00e1squet","Tiempo de lectura":"2 minutos"},"schema":{"@context":"https:\/\/schema.org","@graph":[{"@type":"Article","@id":"https:\/\/gentedebasquet.com.ar\/sitio\/2023\/03\/25\/whitense-fue-un-poco-mas-y-festejo\/#article","isPartOf":{"@id":"https:\/\/gentedebasquet.com.ar\/sitio\/2023\/03\/25\/whitense-fue-un-poco-mas-y-festejo\/"},"author":{"name":"Gente de B\u00e1squet","@id":"https:\/\/gentedebasquet.com.ar\/sitio\/#\/schema\/person\/ca0b63bbb977369988a7bbbdc519943a"},"headline":"Whitense fue un poco m\u00e1s y festej\u00f3","datePublished":"2023-03-25T17:38:22+00:00","mainEntityOfPage":{"@id":"https:\/\/gentedebasquet.com.ar\/sitio\/2023\/03\/25\/whitense-fue-un-poco-mas-y-festejo\/"},"wordCount":463,"image":{"@id":"https:\/\/gentedebasquet.com.ar\/sitio\/2023\/03\/25\/whitense-fue-un-poco-mas-y-festejo\/#primaryimage"},"thumbnailUrl":"","keywords":["Deportivo Whitense","Los Andes"],"articleSection":["Segunda","Slide"],"inLanguage":"es"},{"@type":"WebPage","@id":"https:\/\/gentedebasquet.com.ar\/sitio\/2023\/03\/25\/whitense-fue-un-poco-mas-y-festejo\/","url":"https:\/\/gentedebasquet.com.ar\/sitio\/2023\/03\/25\/whitense-fue-un-poco-mas-y-festejo\/","name":"Whitense fue un poco m\u00e1s y festej\u00f3 - Gente de B\u00e1squet","isPartOf":{"@id":"https:\/\/gentedebasquet.com.ar\/sitio\/#website"},"primaryImageOfPage":{"@id":"https:\/\/gentedebasquet.com.ar\/sitio\/2023\/03\/25\/whitense-fue-un-poco-mas-y-festejo\/#primaryimage"},"image":{"@id":"https:\/\/gentedebasquet.com.ar\/sitio\/2023\/03\/25\/whitense-fue-un-poco-mas-y-festejo\/#primaryimage"},"thumbnailUrl":"","datePublished":"2023-03-25T17:38:22+00:00","author":{"@id":"https:\/\/gentedebasquet.com.ar\/sitio\/#\/schema\/person\/ca0b63bbb977369988a7bbbdc519943a"},"breadcrumb":{"@id":"https:\/\/gentedebasquet.com.ar\/sitio\/2023\/03\/25\/whitense-fue-un-poco-mas-y-festejo\/#breadcrumb"},"inLanguage":"es","potentialAction":[{"@type":"ReadAction","target":["https:\/\/gentedebasquet.com.ar\/sitio\/2023\/03\/25\/whitense-fue-un-poco-mas-y-festejo\/"]}]},{"@type":"ImageObject","inLanguage":"es","@id":"https:\/\/gentedebasquet.com.ar\/sitio\/2023\/03\/25\/whitense-fue-un-poco-mas-y-festejo\/#primaryimage","url":"","contentUrl":""},{"@type":"BreadcrumbList","@id":"https:\/\/gentedebasquet.com.ar\/sitio\/2023\/03\/25\/whitense-fue-un-poco-mas-y-festejo\/#breadcrumb","itemListElement":[{"@type":"ListItem","position":1,"name":"Portada","item":"https:\/\/gentedebasquet.com.ar\/sitio\/"},{"@type":"ListItem","position":2,"name":"Whitense fue un poco m\u00e1s y festej\u00f3"}]},{"@type":"WebSite","@id":"https:\/\/gentedebasquet.com.ar\/sitio\/#website","url":"https:\/\/gentedebasquet.com.ar\/sitio\/","name":"Gente de B\u00e1squet","description":"La revista del basquet de Bah\u00eda Blanca","potentialAction":[{"@type":"SearchAction","target":{"@type":"EntryPoint","urlTemplate":"https:\/\/gentedebasquet.com.ar\/sitio\/?s={search_term_string}"},"query-input":{"@type":"PropertyValueSpecification","valueRequired":true,"valueName":"search_term_string"}}],"inLanguage":"es"},{"@type":"Person","@id":"https:\/\/gentedebasquet.com.ar\/sitio\/#\/schema\/person\/ca0b63bbb977369988a7bbbdc519943a","name":"Gente de B\u00e1squet","image":{"@type":"ImageObject","inLanguage":"es","@id":"https:\/\/secure.gravatar.com\/avatar\/7f2c48bdc33b30088f941fb6082e555f2874c98e20cb159d7b92b50eadfce793?s=96&d=mm&r=g","url":"https:\/\/secure.gravatar.com\/avatar\/7f2c48bdc33b30088f941fb6082e555f2874c98e20cb159d7b92b50eadfce793?s=96&d=mm&r=g","contentUrl":"https:\/\/secure.gravatar.com\/avatar\/7f2c48bdc33b30088f941fb6082e555f2874c98e20cb159d7b92b50eadfce793?s=96&d=mm&r=g","caption":"Gente de B\u00e1squet"},"sameAs":["http:\/\/gentedebasquet.com.ar\/sitio"],"url":"https:\/\/gentedebasquet.com.ar\/sitio\/author\/ulises\/"}]}},"_links":{"self":[{"href":"https:\/\/gentedebasquet.com.ar\/sitio\/wp-json\/wp\/v2\/posts\/106597","targetHints":{"allow":["GET"]}}],"collection":[{"href":"https:\/\/gentedebasquet.com.ar\/sitio\/wp-json\/wp\/v2\/posts"}],"about":[{"href":"https:\/\/gentedebasquet.com.ar\/sitio\/wp-json\/wp\/v2\/types\/post"}],"author":[{"embeddable":true,"href":"https:\/\/gentedebasquet.com.ar\/sitio\/wp-json\/wp\/v2\/users\/1"}],"replies":[{"embeddable":true,"href":"https:\/\/gentedebasquet.com.ar\/sitio\/wp-json\/wp\/v2\/comments?post=106597"}],"version-history":[{"count":0,"href":"https:\/\/gentedebasquet.com.ar\/sitio\/wp-json\/wp\/v2\/posts\/106597\/revisions"}],"wp:featuredmedia":[{"embeddable":true,"href":"https:\/\/gentedebasquet.com.ar\/sitio\/wp-json\/"}],"wp:attachment":[{"href":"https:\/\/gentedebasquet.com.ar\/sitio\/wp-json\/wp\/v2\/media?parent=106597"}],"wp:term":[{"taxonomy":"category","embeddable":true,"href":"https:\/\/gentedebasquet.com.ar\/sitio\/wp-json\/wp\/v2\/categories?post=106597"},{"taxonomy":"post_tag","embeddable":true,"href":"https:\/\/gentedebasquet.com.ar\/sitio\/wp-json\/wp\/v2\/tags?post=106597"}],"curies":[{"name":"wp","href":"https:\/\/api.w.org\/{rel}","templated":true}]}}