{"id":106610,"date":"2023-03-25T01:04:09","date_gmt":"2023-03-25T04:04:09","guid":{"rendered":"https:\/\/www.gentedebasquet.com.ar\/?p=106610"},"modified":"2023-03-25T01:04:09","modified_gmt":"2023-03-25T04:04:09","slug":"va-por-el-batacazo","status":"publish","type":"post","link":"https:\/\/gentedebasquet.com.ar\/sitio\/2023\/03\/25\/va-por-el-batacazo\/","title":{"rendered":"Va por el batacazo"},"content":{"rendered":"\n<p><strong>Jugando un gran partido, Independiente se adelant\u00f3 en la serie de reclasificaci\u00f3n, al vencer a Argentino, por 73 a 62, en el Ardubilio Severini. El segundo juego ir\u00e1 el martes, en el Barral.<\/strong><\/p>\n\n\n\n<p><strong>Con la premisa de darle din\u00e1mica y pimienta a sus ofensivas de la mano de Del Sol, Argentino arranc\u00f3 mejor la noche (8-3). Sin embargo, eso mismo que le dio resultado luego lo termin\u00f3 de trastabillar. <\/strong><\/p>\n\n\n\n<p><strong>Recay\u00f3 en las p\u00e9rdidas y sufri\u00f3 un lapso de 4 minutos sin anotar. De esta manera, el viola plasm\u00f3 un parcial de 8-0, v\u00eda Ranieri (6), para pasar al frente 8-11. <\/strong><\/p>\n\n\n\n<p><strong>Pero un cierre fren\u00e9tico protagonizado por Tom\u00e1s Del Sol (12), le devolvi\u00f3 la ventaja al celeste (16-14).<\/strong> <\/p>\n\n\n\n<p><strong>Argentino con su rotaci\u00f3n plagada de juveniles ante varias bajas, se las ingeni\u00f3 para mantenerse arriba (29-23). Hasta ah\u00ed le dio la nafta al local. Porque lo que sigui\u00f3 en el partido fue todo de Independiente.<\/strong> <\/p>\n\n\n\n<p><strong>Cerr\u00f3 mucho mejor el primer tiempo, gracias a un enorme pasaje de R\u00edos, que anot\u00f3 10 pts seguidos (30-33).<\/strong><\/p>\n\n\n\n<p><strong>Ya el tercer segmento fue el quiebre del encuentro. El visitante fue inteligente y llev\u00f3 la pelota a la pintura, donde el rival estaba sensiblemente diezmado (sin Gigliotti y Vasconcelo con molestia f\u00edsica). <\/strong><\/p>\n\n\n\n<p><strong>No solo fue eso. Tanto R\u00edos como Ranieri castigaron de larga distancia y en defensa, el equipo anul\u00f3 a la figura rival. Estamos hablando de Del Sol. Por ende, el viola finaliz\u00f3 el cuarto 41-55, ventaja que lleg\u00f3 a ser de +18: 37-55.<\/strong><\/p>\n\n\n\n<p><strong>Lejos de bajar el pie del acelerador, el visitante fue por m\u00e1s y estir\u00f3 la brecha a +20 (45-65). El celeste ofreci\u00f3 muchas facilidades en defensa. Se lo not\u00f3 abatido.  En el ganador, se sum\u00f3 al goleo Nacho Ercoli y en el local, tenemos que destacar el partido del base ex Bahiense Del Norte. <\/strong><\/p>\n\n\n\n<p><strong>Independiente, con sus jugadores de experiencia, administr\u00f3 bien los tiempos y se llev\u00f3 una gran victoria sin sufrir demasiado. El duod\u00e9cimo de la tabla venci\u00f3 al quinto, en el primer punto de la serie. <\/strong><\/p>\n\n\n\n<figure class=\"wp-block-image size-full\"><a href=\"https:\/\/www.gentedebasquet.com.ar\/wp-content\/uploads\/2023\/03\/image-30.png\"><img decoding=\"async\" width=\"300\" height=\"250\" src=\"https:\/\/www.gentedebasquet.com.ar\/wp-content\/uploads\/2023\/03\/image-30.png\" alt=\"\" class=\"wp-image-106624\"\/><\/a><\/figure>\n\n\n\n<figure class=\"wp-block-embed is-type-rich is-provider-gestor-del-servicio wp-block-embed-gestor-del-servicio wp-embed-aspect-16-9 wp-has-aspect-ratio\"><div class=\"wp-block-embed__wrapper\">\nhttps:\/\/youtube.com\/watch?v=aoPJX-bQ-bw\n<\/div><\/figure>\n\n\n\n<figure class=\"wp-block-image size-full\"><a href=\"https:\/\/www.gentedebasquet.com.ar\/wp-content\/uploads\/2023\/03\/image-31.png\"><img decoding=\"async\" width=\"300\" height=\"250\" src=\"https:\/\/www.gentedebasquet.com.ar\/wp-content\/uploads\/2023\/03\/image-31.png\" alt=\"\" class=\"wp-image-106626\"\/><\/a><\/figure>\n\n\n\n<figure class=\"wp-block-image size-large\"><a href=\"https:\/\/www.gentedebasquet.com.ar\/wp-content\/uploads\/2023\/03\/MVP-3.jpg\"><img decoding=\"async\" src=\"https:\/\/www.gentedebasquet.com.ar\/wp-content\/uploads\/2023\/03\/MVP-3-1024x1024.jpg\" alt=\"\" class=\"wp-image-106627\"\/><\/a><\/figure>\n\n\n\n<figure class=\"wp-block-image size-full\"><a href=\"https:\/\/www.gentedebasquet.com.ar\/wp-content\/uploads\/2023\/03\/rIOS.jpg\"><img decoding=\"async\" src=\"https:\/\/www.gentedebasquet.com.ar\/wp-content\/uploads\/2023\/03\/rIOS.jpg\" alt=\"\" class=\"wp-image-106628\"\/><\/a><\/figure>\n\n\n\n<blockquote class=\"wp-block-quote is-layout-flow wp-block-quote-is-layout-flow\">\n<p>\u00a8Conseguimos un triunfo tremendo, ten\u00edamos algunas bajas sensibles aunque ellos tambi\u00e9n, sab\u00edamos que ten\u00edamos que dar un plus m\u00e1s y llevarnos primer punto de ac\u00e1 es muy importante. En estos partidos, la experiencia saca un poco de diferencia. Le cortamos el ataque r\u00e1pido a ellos y nosotros, tuvimos un juego fluido. El torneo no fue bueno, pero tuvimos un buen envi\u00f3n en el cierre. Los playoffs son un torneo aparte\u00a8 <strong>Augusto R\u00edos, jugador de Independiente.<\/strong><\/p>\n<\/blockquote>\n\n\n\n<figure class=\"wp-block-image size-full\"><a href=\"https:\/\/www.gentedebasquet.com.ar\/wp-content\/uploads\/2023\/03\/image-32.png\"><img decoding=\"async\" width=\"300\" height=\"250\" src=\"https:\/\/www.gentedebasquet.com.ar\/wp-content\/uploads\/2023\/03\/image-32.png\" alt=\"\" class=\"wp-image-106629\"\/><\/a><\/figure>\n\n\n\n<p><strong>S\u00edntesis<\/strong> &#8211; Segunda &#8211; Reclasificaci\u00f3n &#8211; Juego #1<\/p>\n\n\n\n<p><strong>Argentino 62:<\/strong> Tom\u00e1s Del Sol 20, Gast\u00f3n Rivera 4, Nicol\u00e1s Antonelli 6, Joaqu\u00edn Gonzal\u00eda 7, Andr\u00e9s Almir\u00f3n 4 (FI); Lucas Garriz 2, Fausto Vasconcelo 0, Genaro Parotta 8, Ferm\u00edn Marriezcurrena 6 y Peratta 5. DT: Renzo Balducci.<\/p>\n\n\n\n<p><strong>Independiente 73:<\/strong> Augusto R\u00edos 19, Sebasti\u00e1n Ranieri 23, Ignacio \u00c9rcoli 13, Patricio Ronda 5, Hern\u00e1n Cinti 9 (FI); Franco Marinsalta 4, Agust\u00edn Ariza 0 y Mateo Schmir 0. DT: Javier Musumeci.<\/p>\n\n\n\n<p><strong>Parciales: <\/strong>16-14, 30-33 (14-19), 41-55 (11-22) y 62-73 (21-18).<\/p>\n\n\n\n<p><strong>\u00c1rbitros:<\/strong> Alejandro Ramallo, Alejandro Vizcaino y Arlenghi.<\/p>\n\n\n\n<p><strong>Estadio: <\/strong>Ardubilio Severini (Argentino).<\/p>\n\n\n\n<p><strong>Serie:<\/strong> 1-0, Independiente.<\/p>\n\n\n\n<p><a href=\"https:\/\/fibalivestats.dcd.shared.geniussports.com\/u\/ABB\/2258779\/bs.html#ASFSK\">ESTAD\u00cdSTICAS OFICIALES<\/a><\/p>\n\n\n\n<figure class=\"wp-block-image size-large\"><a href=\"https:\/\/www.gentedebasquet.com.ar\/wp-content\/uploads\/2023\/03\/CLAVE-3.jpg\"><img decoding=\"async\" src=\"https:\/\/www.gentedebasquet.com.ar\/wp-content\/uploads\/2023\/03\/CLAVE-3-1024x1024.jpg\" alt=\"\" class=\"wp-image-106634\"\/><\/a><\/figure>\n\n\n\n<figure class=\"wp-block-image size-full\"><a href=\"https:\/\/www.gentedebasquet.com.ar\/wp-content\/uploads\/2023\/03\/image-33.png\"><img decoding=\"async\" width=\"300\" height=\"250\" src=\"https:\/\/www.gentedebasquet.com.ar\/wp-content\/uploads\/2023\/03\/image-33.png\" alt=\"\" class=\"wp-image-106635\"\/><\/a><\/figure>\n\n\n\n<figure class=\"wp-block-image size-full\"><a href=\"https:\/\/www.gentedebasquet.com.ar\/wp-content\/uploads\/2023\/03\/DESARROLLO-7.jpg\"><img decoding=\"async\" src=\"https:\/\/www.gentedebasquet.com.ar\/wp-content\/uploads\/2023\/03\/DESARROLLO-7.jpg\" alt=\"\" class=\"wp-image-106636\"\/><\/a><\/figure>\n","protected":false},"excerpt":{"rendered":"<p>Con un gran 3C (11-22), Independiente derrot\u00f3 a Argentino.<\/p>\n","protected":false},"author":1,"featured_media":106638,"comment_status":"closed","ping_status":"open","sticky":false,"template":"","format":"standard","meta":{"jnews-multi-image_gallery":[],"jnews_single_post":[],"jnews_primary_category":[],"footnotes":""},"categories":[25,101],"tags":[4,1628,12,203,1899],"class_list":["post-106610","post","type-post","status-publish","format-standard","has-post-thumbnail","hentry","category-segunda","category-slide","tag-argentino","tag-augusto-rios","tag-independiente","tag-sebastian-ranieri","tag-tomas-del-sol-2"],"yoast_head":"<!-- This site is optimized with the Yoast SEO plugin v27.5 - https:\/\/yoast.com\/product\/yoast-seo-wordpress\/ -->\n<title>Va por el batacazo - Gente de B\u00e1squet<\/title>\n<meta name=\"robots\" content=\"index, follow, max-snippet:-1, max-image-preview:large, max-video-preview:-1\" \/>\n<link rel=\"canonical\" href=\"https:\/\/gentedebasquet.com.ar\/sitio\/2023\/03\/25\/va-por-el-batacazo\/\" \/>\n<meta property=\"og:locale\" content=\"es_ES\" \/>\n<meta property=\"og:type\" content=\"article\" \/>\n<meta property=\"og:title\" content=\"Va por el batacazo - Gente de B\u00e1squet\" \/>\n<meta property=\"og:description\" content=\"Con un gran 3C (11-22), Independiente derrot\u00f3 a Argentino.\" \/>\n<meta property=\"og:url\" content=\"https:\/\/gentedebasquet.com.ar\/sitio\/2023\/03\/25\/va-por-el-batacazo\/\" \/>\n<meta property=\"og:site_name\" content=\"Gente de B\u00e1squet\" \/>\n<meta property=\"article:published_time\" content=\"2023-03-25T04:04:09+00:00\" \/>\n<meta name=\"author\" content=\"Gente de B\u00e1squet\" \/>\n<meta name=\"twitter:card\" content=\"summary_large_image\" \/>\n<meta name=\"twitter:label1\" content=\"Escrito por\" \/>\n\t<meta name=\"twitter:data1\" content=\"Gente de B\u00e1squet\" \/>\n\t<meta name=\"twitter:label2\" content=\"Tiempo de lectura\" \/>\n\t<meta name=\"twitter:data2\" content=\"3 minutos\" \/>\n<script type=\"application\/ld+json\" class=\"yoast-schema-graph\">{\"@context\":\"https:\\\/\\\/schema.org\",\"@graph\":[{\"@type\":\"Article\",\"@id\":\"https:\\\/\\\/gentedebasquet.com.ar\\\/sitio\\\/2023\\\/03\\\/25\\\/va-por-el-batacazo\\\/#article\",\"isPartOf\":{\"@id\":\"https:\\\/\\\/gentedebasquet.com.ar\\\/sitio\\\/2023\\\/03\\\/25\\\/va-por-el-batacazo\\\/\"},\"author\":{\"name\":\"Gente de B\u00e1squet\",\"@id\":\"https:\\\/\\\/gentedebasquet.com.ar\\\/sitio\\\/#\\\/schema\\\/person\\\/ca0b63bbb977369988a7bbbdc519943a\"},\"headline\":\"Va por el batacazo\",\"datePublished\":\"2023-03-25T04:04:09+00:00\",\"mainEntityOfPage\":{\"@id\":\"https:\\\/\\\/gentedebasquet.com.ar\\\/sitio\\\/2023\\\/03\\\/25\\\/va-por-el-batacazo\\\/\"},\"wordCount\":528,\"image\":{\"@id\":\"https:\\\/\\\/gentedebasquet.com.ar\\\/sitio\\\/2023\\\/03\\\/25\\\/va-por-el-batacazo\\\/#primaryimage\"},\"thumbnailUrl\":\"\",\"keywords\":[\"Argentino\",\"Augusto R\u00edos\",\"independiente\",\"Sebasti\u00e1n Ranieri\",\"Tomas Del Sol\"],\"articleSection\":[\"Segunda\",\"Slide\"],\"inLanguage\":\"es\"},{\"@type\":\"WebPage\",\"@id\":\"https:\\\/\\\/gentedebasquet.com.ar\\\/sitio\\\/2023\\\/03\\\/25\\\/va-por-el-batacazo\\\/\",\"url\":\"https:\\\/\\\/gentedebasquet.com.ar\\\/sitio\\\/2023\\\/03\\\/25\\\/va-por-el-batacazo\\\/\",\"name\":\"Va por el batacazo - Gente de B\u00e1squet\",\"isPartOf\":{\"@id\":\"https:\\\/\\\/gentedebasquet.com.ar\\\/sitio\\\/#website\"},\"primaryImageOfPage\":{\"@id\":\"https:\\\/\\\/gentedebasquet.com.ar\\\/sitio\\\/2023\\\/03\\\/25\\\/va-por-el-batacazo\\\/#primaryimage\"},\"image\":{\"@id\":\"https:\\\/\\\/gentedebasquet.com.ar\\\/sitio\\\/2023\\\/03\\\/25\\\/va-por-el-batacazo\\\/#primaryimage\"},\"thumbnailUrl\":\"\",\"datePublished\":\"2023-03-25T04:04:09+00:00\",\"author\":{\"@id\":\"https:\\\/\\\/gentedebasquet.com.ar\\\/sitio\\\/#\\\/schema\\\/person\\\/ca0b63bbb977369988a7bbbdc519943a\"},\"breadcrumb\":{\"@id\":\"https:\\\/\\\/gentedebasquet.com.ar\\\/sitio\\\/2023\\\/03\\\/25\\\/va-por-el-batacazo\\\/#breadcrumb\"},\"inLanguage\":\"es\",\"potentialAction\":[{\"@type\":\"ReadAction\",\"target\":[\"https:\\\/\\\/gentedebasquet.com.ar\\\/sitio\\\/2023\\\/03\\\/25\\\/va-por-el-batacazo\\\/\"]}]},{\"@type\":\"ImageObject\",\"inLanguage\":\"es\",\"@id\":\"https:\\\/\\\/gentedebasquet.com.ar\\\/sitio\\\/2023\\\/03\\\/25\\\/va-por-el-batacazo\\\/#primaryimage\",\"url\":\"\",\"contentUrl\":\"\"},{\"@type\":\"BreadcrumbList\",\"@id\":\"https:\\\/\\\/gentedebasquet.com.ar\\\/sitio\\\/2023\\\/03\\\/25\\\/va-por-el-batacazo\\\/#breadcrumb\",\"itemListElement\":[{\"@type\":\"ListItem\",\"position\":1,\"name\":\"Portada\",\"item\":\"https:\\\/\\\/gentedebasquet.com.ar\\\/sitio\\\/\"},{\"@type\":\"ListItem\",\"position\":2,\"name\":\"Va por el batacazo\"}]},{\"@type\":\"WebSite\",\"@id\":\"https:\\\/\\\/gentedebasquet.com.ar\\\/sitio\\\/#website\",\"url\":\"https:\\\/\\\/gentedebasquet.com.ar\\\/sitio\\\/\",\"name\":\"Gente de B\u00e1squet\",\"description\":\"La revista del basquet de Bah\u00eda Blanca\",\"potentialAction\":[{\"@type\":\"SearchAction\",\"target\":{\"@type\":\"EntryPoint\",\"urlTemplate\":\"https:\\\/\\\/gentedebasquet.com.ar\\\/sitio\\\/?s={search_term_string}\"},\"query-input\":{\"@type\":\"PropertyValueSpecification\",\"valueRequired\":true,\"valueName\":\"search_term_string\"}}],\"inLanguage\":\"es\"},{\"@type\":\"Person\",\"@id\":\"https:\\\/\\\/gentedebasquet.com.ar\\\/sitio\\\/#\\\/schema\\\/person\\\/ca0b63bbb977369988a7bbbdc519943a\",\"name\":\"Gente de B\u00e1squet\",\"image\":{\"@type\":\"ImageObject\",\"inLanguage\":\"es\",\"@id\":\"https:\\\/\\\/secure.gravatar.com\\\/avatar\\\/7f2c48bdc33b30088f941fb6082e555f2874c98e20cb159d7b92b50eadfce793?s=96&d=mm&r=g\",\"url\":\"https:\\\/\\\/secure.gravatar.com\\\/avatar\\\/7f2c48bdc33b30088f941fb6082e555f2874c98e20cb159d7b92b50eadfce793?s=96&d=mm&r=g\",\"contentUrl\":\"https:\\\/\\\/secure.gravatar.com\\\/avatar\\\/7f2c48bdc33b30088f941fb6082e555f2874c98e20cb159d7b92b50eadfce793?s=96&d=mm&r=g\",\"caption\":\"Gente de B\u00e1squet\"},\"sameAs\":[\"http:\\\/\\\/gentedebasquet.com.ar\\\/sitio\"],\"url\":\"https:\\\/\\\/gentedebasquet.com.ar\\\/sitio\\\/author\\\/ulises\\\/\"}]}<\/script>\n<!-- \/ Yoast SEO plugin. -->","yoast_head_json":{"title":"Va por el batacazo - Gente de B\u00e1squet","robots":{"index":"index","follow":"follow","max-snippet":"max-snippet:-1","max-image-preview":"max-image-preview:large","max-video-preview":"max-video-preview:-1"},"canonical":"https:\/\/gentedebasquet.com.ar\/sitio\/2023\/03\/25\/va-por-el-batacazo\/","og_locale":"es_ES","og_type":"article","og_title":"Va por el batacazo - Gente de B\u00e1squet","og_description":"Con un gran 3C (11-22), Independiente derrot\u00f3 a Argentino.","og_url":"https:\/\/gentedebasquet.com.ar\/sitio\/2023\/03\/25\/va-por-el-batacazo\/","og_site_name":"Gente de B\u00e1squet","article_published_time":"2023-03-25T04:04:09+00:00","author":"Gente de B\u00e1squet","twitter_card":"summary_large_image","twitter_misc":{"Escrito por":"Gente de B\u00e1squet","Tiempo de lectura":"3 minutos"},"schema":{"@context":"https:\/\/schema.org","@graph":[{"@type":"Article","@id":"https:\/\/gentedebasquet.com.ar\/sitio\/2023\/03\/25\/va-por-el-batacazo\/#article","isPartOf":{"@id":"https:\/\/gentedebasquet.com.ar\/sitio\/2023\/03\/25\/va-por-el-batacazo\/"},"author":{"name":"Gente de B\u00e1squet","@id":"https:\/\/gentedebasquet.com.ar\/sitio\/#\/schema\/person\/ca0b63bbb977369988a7bbbdc519943a"},"headline":"Va por el batacazo","datePublished":"2023-03-25T04:04:09+00:00","mainEntityOfPage":{"@id":"https:\/\/gentedebasquet.com.ar\/sitio\/2023\/03\/25\/va-por-el-batacazo\/"},"wordCount":528,"image":{"@id":"https:\/\/gentedebasquet.com.ar\/sitio\/2023\/03\/25\/va-por-el-batacazo\/#primaryimage"},"thumbnailUrl":"","keywords":["Argentino","Augusto R\u00edos","independiente","Sebasti\u00e1n Ranieri","Tomas Del Sol"],"articleSection":["Segunda","Slide"],"inLanguage":"es"},{"@type":"WebPage","@id":"https:\/\/gentedebasquet.com.ar\/sitio\/2023\/03\/25\/va-por-el-batacazo\/","url":"https:\/\/gentedebasquet.com.ar\/sitio\/2023\/03\/25\/va-por-el-batacazo\/","name":"Va por el batacazo - Gente de B\u00e1squet","isPartOf":{"@id":"https:\/\/gentedebasquet.com.ar\/sitio\/#website"},"primaryImageOfPage":{"@id":"https:\/\/gentedebasquet.com.ar\/sitio\/2023\/03\/25\/va-por-el-batacazo\/#primaryimage"},"image":{"@id":"https:\/\/gentedebasquet.com.ar\/sitio\/2023\/03\/25\/va-por-el-batacazo\/#primaryimage"},"thumbnailUrl":"","datePublished":"2023-03-25T04:04:09+00:00","author":{"@id":"https:\/\/gentedebasquet.com.ar\/sitio\/#\/schema\/person\/ca0b63bbb977369988a7bbbdc519943a"},"breadcrumb":{"@id":"https:\/\/gentedebasquet.com.ar\/sitio\/2023\/03\/25\/va-por-el-batacazo\/#breadcrumb"},"inLanguage":"es","potentialAction":[{"@type":"ReadAction","target":["https:\/\/gentedebasquet.com.ar\/sitio\/2023\/03\/25\/va-por-el-batacazo\/"]}]},{"@type":"ImageObject","inLanguage":"es","@id":"https:\/\/gentedebasquet.com.ar\/sitio\/2023\/03\/25\/va-por-el-batacazo\/#primaryimage","url":"","contentUrl":""},{"@type":"BreadcrumbList","@id":"https:\/\/gentedebasquet.com.ar\/sitio\/2023\/03\/25\/va-por-el-batacazo\/#breadcrumb","itemListElement":[{"@type":"ListItem","position":1,"name":"Portada","item":"https:\/\/gentedebasquet.com.ar\/sitio\/"},{"@type":"ListItem","position":2,"name":"Va por el batacazo"}]},{"@type":"WebSite","@id":"https:\/\/gentedebasquet.com.ar\/sitio\/#website","url":"https:\/\/gentedebasquet.com.ar\/sitio\/","name":"Gente de B\u00e1squet","description":"La revista del basquet de Bah\u00eda Blanca","potentialAction":[{"@type":"SearchAction","target":{"@type":"EntryPoint","urlTemplate":"https:\/\/gentedebasquet.com.ar\/sitio\/?s={search_term_string}"},"query-input":{"@type":"PropertyValueSpecification","valueRequired":true,"valueName":"search_term_string"}}],"inLanguage":"es"},{"@type":"Person","@id":"https:\/\/gentedebasquet.com.ar\/sitio\/#\/schema\/person\/ca0b63bbb977369988a7bbbdc519943a","name":"Gente de B\u00e1squet","image":{"@type":"ImageObject","inLanguage":"es","@id":"https:\/\/secure.gravatar.com\/avatar\/7f2c48bdc33b30088f941fb6082e555f2874c98e20cb159d7b92b50eadfce793?s=96&d=mm&r=g","url":"https:\/\/secure.gravatar.com\/avatar\/7f2c48bdc33b30088f941fb6082e555f2874c98e20cb159d7b92b50eadfce793?s=96&d=mm&r=g","contentUrl":"https:\/\/secure.gravatar.com\/avatar\/7f2c48bdc33b30088f941fb6082e555f2874c98e20cb159d7b92b50eadfce793?s=96&d=mm&r=g","caption":"Gente de B\u00e1squet"},"sameAs":["http:\/\/gentedebasquet.com.ar\/sitio"],"url":"https:\/\/gentedebasquet.com.ar\/sitio\/author\/ulises\/"}]}},"_links":{"self":[{"href":"https:\/\/gentedebasquet.com.ar\/sitio\/wp-json\/wp\/v2\/posts\/106610","targetHints":{"allow":["GET"]}}],"collection":[{"href":"https:\/\/gentedebasquet.com.ar\/sitio\/wp-json\/wp\/v2\/posts"}],"about":[{"href":"https:\/\/gentedebasquet.com.ar\/sitio\/wp-json\/wp\/v2\/types\/post"}],"author":[{"embeddable":true,"href":"https:\/\/gentedebasquet.com.ar\/sitio\/wp-json\/wp\/v2\/users\/1"}],"replies":[{"embeddable":true,"href":"https:\/\/gentedebasquet.com.ar\/sitio\/wp-json\/wp\/v2\/comments?post=106610"}],"version-history":[{"count":0,"href":"https:\/\/gentedebasquet.com.ar\/sitio\/wp-json\/wp\/v2\/posts\/106610\/revisions"}],"wp:featuredmedia":[{"embeddable":true,"href":"https:\/\/gentedebasquet.com.ar\/sitio\/wp-json\/"}],"wp:attachment":[{"href":"https:\/\/gentedebasquet.com.ar\/sitio\/wp-json\/wp\/v2\/media?parent=106610"}],"wp:term":[{"taxonomy":"category","embeddable":true,"href":"https:\/\/gentedebasquet.com.ar\/sitio\/wp-json\/wp\/v2\/categories?post=106610"},{"taxonomy":"post_tag","embeddable":true,"href":"https:\/\/gentedebasquet.com.ar\/sitio\/wp-json\/wp\/v2\/tags?post=106610"}],"curies":[{"name":"wp","href":"https:\/\/api.w.org\/{rel}","templated":true}]}}