{"id":106673,"date":"2023-03-28T23:58:00","date_gmt":"2023-03-29T02:58:00","guid":{"rendered":"https:\/\/www.gentedebasquet.com.ar\/?p=106673"},"modified":"2023-03-28T23:58:00","modified_gmt":"2023-03-29T02:58:00","slug":"triunfo-y-clasificacion-para-pellegrini","status":"publish","type":"post","link":"https:\/\/gentedebasquet.com.ar\/sitio\/2023\/03\/28\/triunfo-y-clasificacion-para-pellegrini\/","title":{"rendered":"Triunfo y clasificaci\u00f3n para Pellegrini"},"content":{"rendered":"\n<p><strong><em>El equipo de Punta Alta venci\u00f3 a El Nacional por 72 a 67 y cerr\u00f3 la serie de Reclasificaci\u00f3n dos a cero a su favor. Emanuel Taboada con 20 unidades fue la figura del juego, por su parte Mat\u00edas Madami con 15 se destac\u00f3 en el celeste.<\/em><\/strong><\/p>\n\n\n\n<p><strong><em>El juego fue parejo, donde el local domin\u00f3 gran parte del primer tiempo (33-29), con m\u00e1xima de nueve (10-1) en el 1C. El tercero tuvo intercambios en el tanteador y fue Pellegrini qui\u00e9n ingres\u00f3 al frente al 4C (50-51). El visitante logr\u00f3 diferencia de tres posesiones (59-66) con 5m27 por jugar, la cual le permiti\u00f3 controlar los \u00faltimos minutos del partido.<\/em><\/strong><\/p>\n\n\n\n<p>Err\u00e1tico fue el inicio por ambos. Tras trece lanzamientos entre los dos equipos, Montanaro abri\u00f3 el tanteador desde larga distancia. V\u00eda de gol de ambos en el 1C.<\/p>\n\n\n\n<p>El celeste se cerr\u00f3 atr\u00e1s, incomod\u00f3 a su rival y adelante, anot\u00f3 a distancia y carg\u00f3 en aro ajeno, con Cornago (10) como revulsivo del juego. Pellegrini no logr\u00f3 destrabar su ataque, no pudo correr y se vio: 10 a 1 abajo en 5m50.<\/p>\n\n\n\n<p>El visitante respondi\u00f3 con la misma v\u00eda de gol, Boisselier sum\u00f3 desde el banco para emparejar el tanteador. Con los primeros puntos cerca del aro, el visitante igual\u00f3 el juego tras los primeros 10m en 14. Adem\u00e1s, pas\u00f3 al frente en la primera del segundo.<\/p>\n\n\n\n<p>El celeste reaccion\u00f3 con un par de acciones que defini\u00f3 en la zona pintada (20-16). Pellegrini encontr\u00f3 soluciones con los tiros externos, estuvo al frente (20-21\/28-29), pero el local se fue arriba al descanso (33-29), con un gran ingres\u00f3 de Madami (8) qui\u00e9n domin\u00f3 el juego interno en el segmento.<\/p>\n\n\n\n<p>Para el complemento ambos se soltaron en ataque, rompieron la defensa de su rival para sumar cerca del cesto. El juego interno de Pellegrini empez\u00f3 a combinar en puntos con Zanabria (6)-Taboada (8); mientras Blanche (8) se activ\u00f3 en el local.<\/p>\n\n\n\n<p>El tercero fue un cuarto con ambos equipos r\u00e1pidamente en penalizaci\u00f3n (12\/25 tl) y donde el visitante encontr\u00f3 transiciones r\u00e1pidas para irse al frente, 50-51 al \u00faltimo cuarto.<\/p>\n\n\n\n<p>El equipo de Punta Alta elev\u00f3 sus porcentajes de cancha para el inicio del 4C (6\/8tc 3\/4tl), para dominar el juego 59 a 66 con 5m27 por jugar.<\/p>\n\n\n\n<p>El celeste no se entreg\u00f3 y se coloc\u00f3 a una posesi\u00f3n con 2m27 para el cierre y puntos de Echarri, 63-66. Un par de acciones sin convertir, hasta que el local lim\u00f3 la diferencia desde la l\u00ednea 64-66, con 1m22.<\/p>\n\n\n\n<p>Tras falta en ataque del visitante, el local goz\u00f3 la chance de igualar o pasar al frente pero su ofensiva termin\u00f3 en perdida y en la siguiente una penetraci\u00f3n de M\u00f3naco, distanci\u00f3 a Pellegrini 64-68 con menos de un minuto.<\/p>\n\n\n\n<p>En lo siguiente, Madami descont\u00f3 de la l\u00ednea (65-68), Taboada tuvo un viaje perfecto (65-70) y tras minuto pedido, Madami coloc\u00f3 a tres (67-70) con 13s6.<\/p>\n\n\n\n<p>Boccatonda fue cortado, el base no fall\u00f3 desde la l\u00ednea y sentenci\u00f3 el juego y la serie para Pellegrini.<\/p>\n\n\n\n<figure class=\"wp-block-image size-full\"><a href=\"https:\/\/www.gentedebasquet.com.ar\/wp-content\/uploads\/2023\/03\/image-30.png\"><img decoding=\"async\" width=\"300\" height=\"250\" src=\"https:\/\/www.gentedebasquet.com.ar\/wp-content\/uploads\/2023\/03\/image-30.png\" alt=\"\" class=\"wp-image-106624\"\/><\/a><\/figure>\n\n\n\n<figure class=\"wp-block-embed is-type-rich is-provider-gestor-del-servicio wp-block-embed-gestor-del-servicio wp-embed-aspect-16-9 wp-has-aspect-ratio\"><div class=\"wp-block-embed__wrapper\">\nhttps:\/\/youtube.com\/watch?v=crFL_Nu_4_I\n<\/div><\/figure>\n\n\n\n<figure class=\"wp-block-image size-full\"><a href=\"https:\/\/www.gentedebasquet.com.ar\/wp-content\/uploads\/2023\/03\/image-31.png\"><img decoding=\"async\" width=\"300\" height=\"250\" src=\"https:\/\/www.gentedebasquet.com.ar\/wp-content\/uploads\/2023\/03\/image-31.png\" alt=\"\" class=\"wp-image-106626\"\/><\/a><\/figure>\n\n\n\n<figure class=\"wp-block-image size-large\"><a href=\"https:\/\/www.gentedebasquet.com.ar\/wp-content\/uploads\/2023\/03\/MVP-4.jpg\"><img decoding=\"async\" src=\"https:\/\/www.gentedebasquet.com.ar\/wp-content\/uploads\/2023\/03\/MVP-4-1024x1024.jpg\" alt=\"\" class=\"wp-image-106675\"\/><\/a><\/figure>\n\n\n\n<figure class=\"wp-block-image size-full\"><a href=\"https:\/\/www.gentedebasquet.com.ar\/wp-content\/uploads\/2023\/03\/Taboada.jpg\"><img decoding=\"async\" src=\"https:\/\/www.gentedebasquet.com.ar\/wp-content\/uploads\/2023\/03\/Taboada.jpg\" alt=\"\" class=\"wp-image-106676\"\/><\/a><\/figure>\n\n\n\n<blockquote class=\"wp-block-quote is-layout-flow wp-block-quote-is-layout-flow\">\n<p><em>\u00a8Fue un juego cerrado, por momentos no se jugo bien pero supimos sobreponernos a distintas adversidades. Nos fortalecimos como equipo, encontramos soluciones dentro de la cancha. El equipo esta bien, hay que ver si esta Gast\u00f3n (Chaves) para la siguiente fase pero con quien nos toque iremos a dar batalla como venimos haciendo\u00a8 Emanuel Taboada (Pellegrini)<\/em><\/p>\n<\/blockquote>\n\n\n\n<figure class=\"wp-block-image size-full\"><a href=\"https:\/\/www.gentedebasquet.com.ar\/wp-content\/uploads\/2023\/03\/image-32.png\"><img decoding=\"async\" width=\"300\" height=\"250\" src=\"https:\/\/www.gentedebasquet.com.ar\/wp-content\/uploads\/2023\/03\/image-32.png\" alt=\"\" class=\"wp-image-106629\"\/><\/a><\/figure>\n\n\n\n<p><strong>S\u00edntesis<\/strong> \u2013 Segunda Divisi\u00f3n \u2013 Reclasificaci\u00f3n #2 (+3)<\/p>\n\n\n\n<p><strong>El Nacional 67:<\/strong> Franco Guidi 0, Nicol\u00e1s Cornago 10, Mariano Blanche 12, Mauro Montanaro 3, Santiago Hazme 7 (FI); Manuel Echarri 9, Mat\u00edas Madami 15, Alejo Arias 3, Santiago Ferrari 8. DT: Juan Sergio Palumbo.<\/p>\n\n\n\n<p><strong>Pellegrini 72:<\/strong> Mateo Boccatonda 14, Leandro M\u00f3naco 6, Lucas Cattafi 0, Nahuel Zanabr\u00eda 16, Emanuel Taboada 20 (FI); Emiliano Boissellier 14, Joaqu\u00edn Luini 2, Francisco Gregori 0, Brian Solchman 0. DT: Juli\u00e1n Luini.<\/p>\n\n\n\n<p><strong>Parciales<\/strong>: 14-14, 33-29 (19-15), 50-51 (17-22), 67-72 (17-21).<\/p>\n\n\n\n<p><strong>\u00c1rbitros:<\/strong> N\u00e9stor Schernenco \u2013 Alejandro Vizca\u00edno \u2013 Mauro Guallan.<\/p>\n\n\n\n<p><strong>Estadio:<\/strong> Delfo y Pacifico Ciccioli (El Nacional)<\/p>\n\n\n\n<p><strong>Serie:<\/strong> 2-0, Pellegrini.<\/p>\n\n\n\n<p><a href=\"https:\/\/fibalivestats.dcd.shared.geniussports.com\/u\/ABB\/2258784\/\">Ver planilla<\/a><\/p>\n\n\n\n<figure class=\"wp-block-image size-large\"><a href=\"https:\/\/www.gentedebasquet.com.ar\/wp-content\/uploads\/2023\/03\/CLAVE-5.jpg\"><img decoding=\"async\" src=\"https:\/\/www.gentedebasquet.com.ar\/wp-content\/uploads\/2023\/03\/CLAVE-5-1024x1024.jpg\" alt=\"\" class=\"wp-image-106677\"\/><\/a><\/figure>\n\n\n\n<figure class=\"wp-block-image size-full\"><a href=\"https:\/\/www.gentedebasquet.com.ar\/wp-content\/uploads\/2023\/03\/image-33.png\"><img decoding=\"async\" width=\"300\" height=\"250\" src=\"https:\/\/www.gentedebasquet.com.ar\/wp-content\/uploads\/2023\/03\/image-33.png\" alt=\"\" class=\"wp-image-106635\"\/><\/a><\/figure>\n\n\n\n<figure class=\"wp-block-image size-full\"><a href=\"https:\/\/www.gentedebasquet.com.ar\/wp-content\/uploads\/2023\/03\/680.jpg\"><img decoding=\"async\" src=\"https:\/\/www.gentedebasquet.com.ar\/wp-content\/uploads\/2023\/03\/680.jpg\" alt=\"\" class=\"wp-image-106678\"\/><\/a><\/figure>\n","protected":false},"excerpt":{"rendered":"<p>Pellegrini venci\u00f3 a El Nacional por 72 a 67 y sell\u00f3 la serie de Reclasificaci\u00f3n. <\/p>\n","protected":false},"author":1,"featured_media":106679,"comment_status":"closed","ping_status":"open","sticky":false,"template":"","format":"standard","meta":{"jnews-multi-image_gallery":[],"jnews_single_post":[],"jnews_primary_category":[],"footnotes":""},"categories":[25,101],"tags":[9,1546,1728],"class_list":["post-106673","post","type-post","status-publish","format-standard","has-post-thumbnail","hentry","category-segunda","category-slide","tag-el-nacional","tag-emanuel-taboada","tag-pellegrini"],"yoast_head":"<!-- This site is optimized with the Yoast SEO plugin v27.5 - https:\/\/yoast.com\/product\/yoast-seo-wordpress\/ -->\n<title>Triunfo y clasificaci\u00f3n para Pellegrini - Gente de B\u00e1squet<\/title>\n<meta name=\"robots\" content=\"index, follow, max-snippet:-1, max-image-preview:large, max-video-preview:-1\" \/>\n<link rel=\"canonical\" href=\"http:\/\/gentedebasquet.com.ar\/sitio\/2023\/03\/28\/triunfo-y-clasificacion-para-pellegrini\/\" \/>\n<meta property=\"og:locale\" content=\"es_ES\" \/>\n<meta property=\"og:type\" content=\"article\" \/>\n<meta property=\"og:title\" content=\"Triunfo y clasificaci\u00f3n para Pellegrini - Gente de B\u00e1squet\" \/>\n<meta property=\"og:description\" content=\"Pellegrini venci\u00f3 a El Nacional por 72 a 67 y sell\u00f3 la serie de Reclasificaci\u00f3n.\" \/>\n<meta property=\"og:url\" content=\"http:\/\/gentedebasquet.com.ar\/sitio\/2023\/03\/28\/triunfo-y-clasificacion-para-pellegrini\/\" \/>\n<meta property=\"og:site_name\" content=\"Gente de B\u00e1squet\" \/>\n<meta property=\"article:published_time\" content=\"2023-03-29T02:58:00+00:00\" \/>\n<meta name=\"author\" content=\"Gente de B\u00e1squet\" \/>\n<meta name=\"twitter:card\" content=\"summary_large_image\" \/>\n<meta name=\"twitter:label1\" content=\"Escrito por\" \/>\n\t<meta name=\"twitter:data1\" content=\"Gente de B\u00e1squet\" \/>\n\t<meta name=\"twitter:label2\" content=\"Tiempo de lectura\" \/>\n\t<meta name=\"twitter:data2\" content=\"3 minutos\" \/>\n<script type=\"application\/ld+json\" class=\"yoast-schema-graph\">{\"@context\":\"https:\\\/\\\/schema.org\",\"@graph\":[{\"@type\":\"Article\",\"@id\":\"http:\\\/\\\/gentedebasquet.com.ar\\\/sitio\\\/2023\\\/03\\\/28\\\/triunfo-y-clasificacion-para-pellegrini\\\/#article\",\"isPartOf\":{\"@id\":\"http:\\\/\\\/gentedebasquet.com.ar\\\/sitio\\\/2023\\\/03\\\/28\\\/triunfo-y-clasificacion-para-pellegrini\\\/\"},\"author\":{\"name\":\"Gente de B\u00e1squet\",\"@id\":\"https:\\\/\\\/gentedebasquet.com.ar\\\/sitio\\\/#\\\/schema\\\/person\\\/ca0b63bbb977369988a7bbbdc519943a\"},\"headline\":\"Triunfo y clasificaci\u00f3n para Pellegrini\",\"datePublished\":\"2023-03-29T02:58:00+00:00\",\"mainEntityOfPage\":{\"@id\":\"http:\\\/\\\/gentedebasquet.com.ar\\\/sitio\\\/2023\\\/03\\\/28\\\/triunfo-y-clasificacion-para-pellegrini\\\/\"},\"wordCount\":664,\"image\":{\"@id\":\"http:\\\/\\\/gentedebasquet.com.ar\\\/sitio\\\/2023\\\/03\\\/28\\\/triunfo-y-clasificacion-para-pellegrini\\\/#primaryimage\"},\"thumbnailUrl\":\"\",\"keywords\":[\"El Nacional\",\"Emanuel Taboada\",\"Pellegrini\"],\"articleSection\":[\"Segunda\",\"Slide\"],\"inLanguage\":\"es\"},{\"@type\":\"WebPage\",\"@id\":\"http:\\\/\\\/gentedebasquet.com.ar\\\/sitio\\\/2023\\\/03\\\/28\\\/triunfo-y-clasificacion-para-pellegrini\\\/\",\"url\":\"http:\\\/\\\/gentedebasquet.com.ar\\\/sitio\\\/2023\\\/03\\\/28\\\/triunfo-y-clasificacion-para-pellegrini\\\/\",\"name\":\"Triunfo y clasificaci\u00f3n para Pellegrini - Gente de B\u00e1squet\",\"isPartOf\":{\"@id\":\"https:\\\/\\\/gentedebasquet.com.ar\\\/sitio\\\/#website\"},\"primaryImageOfPage\":{\"@id\":\"http:\\\/\\\/gentedebasquet.com.ar\\\/sitio\\\/2023\\\/03\\\/28\\\/triunfo-y-clasificacion-para-pellegrini\\\/#primaryimage\"},\"image\":{\"@id\":\"http:\\\/\\\/gentedebasquet.com.ar\\\/sitio\\\/2023\\\/03\\\/28\\\/triunfo-y-clasificacion-para-pellegrini\\\/#primaryimage\"},\"thumbnailUrl\":\"\",\"datePublished\":\"2023-03-29T02:58:00+00:00\",\"author\":{\"@id\":\"https:\\\/\\\/gentedebasquet.com.ar\\\/sitio\\\/#\\\/schema\\\/person\\\/ca0b63bbb977369988a7bbbdc519943a\"},\"breadcrumb\":{\"@id\":\"http:\\\/\\\/gentedebasquet.com.ar\\\/sitio\\\/2023\\\/03\\\/28\\\/triunfo-y-clasificacion-para-pellegrini\\\/#breadcrumb\"},\"inLanguage\":\"es\",\"potentialAction\":[{\"@type\":\"ReadAction\",\"target\":[\"http:\\\/\\\/gentedebasquet.com.ar\\\/sitio\\\/2023\\\/03\\\/28\\\/triunfo-y-clasificacion-para-pellegrini\\\/\"]}]},{\"@type\":\"ImageObject\",\"inLanguage\":\"es\",\"@id\":\"http:\\\/\\\/gentedebasquet.com.ar\\\/sitio\\\/2023\\\/03\\\/28\\\/triunfo-y-clasificacion-para-pellegrini\\\/#primaryimage\",\"url\":\"\",\"contentUrl\":\"\"},{\"@type\":\"BreadcrumbList\",\"@id\":\"http:\\\/\\\/gentedebasquet.com.ar\\\/sitio\\\/2023\\\/03\\\/28\\\/triunfo-y-clasificacion-para-pellegrini\\\/#breadcrumb\",\"itemListElement\":[{\"@type\":\"ListItem\",\"position\":1,\"name\":\"Portada\",\"item\":\"https:\\\/\\\/gentedebasquet.com.ar\\\/sitio\\\/\"},{\"@type\":\"ListItem\",\"position\":2,\"name\":\"Triunfo y clasificaci\u00f3n para Pellegrini\"}]},{\"@type\":\"WebSite\",\"@id\":\"https:\\\/\\\/gentedebasquet.com.ar\\\/sitio\\\/#website\",\"url\":\"https:\\\/\\\/gentedebasquet.com.ar\\\/sitio\\\/\",\"name\":\"Gente de B\u00e1squet\",\"description\":\"La revista del basquet de Bah\u00eda Blanca\",\"potentialAction\":[{\"@type\":\"SearchAction\",\"target\":{\"@type\":\"EntryPoint\",\"urlTemplate\":\"https:\\\/\\\/gentedebasquet.com.ar\\\/sitio\\\/?s={search_term_string}\"},\"query-input\":{\"@type\":\"PropertyValueSpecification\",\"valueRequired\":true,\"valueName\":\"search_term_string\"}}],\"inLanguage\":\"es\"},{\"@type\":\"Person\",\"@id\":\"https:\\\/\\\/gentedebasquet.com.ar\\\/sitio\\\/#\\\/schema\\\/person\\\/ca0b63bbb977369988a7bbbdc519943a\",\"name\":\"Gente de B\u00e1squet\",\"image\":{\"@type\":\"ImageObject\",\"inLanguage\":\"es\",\"@id\":\"https:\\\/\\\/secure.gravatar.com\\\/avatar\\\/7f2c48bdc33b30088f941fb6082e555f2874c98e20cb159d7b92b50eadfce793?s=96&d=mm&r=g\",\"url\":\"https:\\\/\\\/secure.gravatar.com\\\/avatar\\\/7f2c48bdc33b30088f941fb6082e555f2874c98e20cb159d7b92b50eadfce793?s=96&d=mm&r=g\",\"contentUrl\":\"https:\\\/\\\/secure.gravatar.com\\\/avatar\\\/7f2c48bdc33b30088f941fb6082e555f2874c98e20cb159d7b92b50eadfce793?s=96&d=mm&r=g\",\"caption\":\"Gente de B\u00e1squet\"},\"sameAs\":[\"http:\\\/\\\/gentedebasquet.com.ar\\\/sitio\"],\"url\":\"https:\\\/\\\/gentedebasquet.com.ar\\\/sitio\\\/author\\\/ulises\\\/\"}]}<\/script>\n<!-- \/ Yoast SEO plugin. -->","yoast_head_json":{"title":"Triunfo y clasificaci\u00f3n para Pellegrini - Gente de B\u00e1squet","robots":{"index":"index","follow":"follow","max-snippet":"max-snippet:-1","max-image-preview":"max-image-preview:large","max-video-preview":"max-video-preview:-1"},"canonical":"http:\/\/gentedebasquet.com.ar\/sitio\/2023\/03\/28\/triunfo-y-clasificacion-para-pellegrini\/","og_locale":"es_ES","og_type":"article","og_title":"Triunfo y clasificaci\u00f3n para Pellegrini - Gente de B\u00e1squet","og_description":"Pellegrini venci\u00f3 a El Nacional por 72 a 67 y sell\u00f3 la serie de Reclasificaci\u00f3n.","og_url":"http:\/\/gentedebasquet.com.ar\/sitio\/2023\/03\/28\/triunfo-y-clasificacion-para-pellegrini\/","og_site_name":"Gente de B\u00e1squet","article_published_time":"2023-03-29T02:58:00+00:00","author":"Gente de B\u00e1squet","twitter_card":"summary_large_image","twitter_misc":{"Escrito por":"Gente de B\u00e1squet","Tiempo de lectura":"3 minutos"},"schema":{"@context":"https:\/\/schema.org","@graph":[{"@type":"Article","@id":"http:\/\/gentedebasquet.com.ar\/sitio\/2023\/03\/28\/triunfo-y-clasificacion-para-pellegrini\/#article","isPartOf":{"@id":"http:\/\/gentedebasquet.com.ar\/sitio\/2023\/03\/28\/triunfo-y-clasificacion-para-pellegrini\/"},"author":{"name":"Gente de B\u00e1squet","@id":"https:\/\/gentedebasquet.com.ar\/sitio\/#\/schema\/person\/ca0b63bbb977369988a7bbbdc519943a"},"headline":"Triunfo y clasificaci\u00f3n para Pellegrini","datePublished":"2023-03-29T02:58:00+00:00","mainEntityOfPage":{"@id":"http:\/\/gentedebasquet.com.ar\/sitio\/2023\/03\/28\/triunfo-y-clasificacion-para-pellegrini\/"},"wordCount":664,"image":{"@id":"http:\/\/gentedebasquet.com.ar\/sitio\/2023\/03\/28\/triunfo-y-clasificacion-para-pellegrini\/#primaryimage"},"thumbnailUrl":"","keywords":["El Nacional","Emanuel Taboada","Pellegrini"],"articleSection":["Segunda","Slide"],"inLanguage":"es"},{"@type":"WebPage","@id":"http:\/\/gentedebasquet.com.ar\/sitio\/2023\/03\/28\/triunfo-y-clasificacion-para-pellegrini\/","url":"http:\/\/gentedebasquet.com.ar\/sitio\/2023\/03\/28\/triunfo-y-clasificacion-para-pellegrini\/","name":"Triunfo y clasificaci\u00f3n para Pellegrini - Gente de B\u00e1squet","isPartOf":{"@id":"https:\/\/gentedebasquet.com.ar\/sitio\/#website"},"primaryImageOfPage":{"@id":"http:\/\/gentedebasquet.com.ar\/sitio\/2023\/03\/28\/triunfo-y-clasificacion-para-pellegrini\/#primaryimage"},"image":{"@id":"http:\/\/gentedebasquet.com.ar\/sitio\/2023\/03\/28\/triunfo-y-clasificacion-para-pellegrini\/#primaryimage"},"thumbnailUrl":"","datePublished":"2023-03-29T02:58:00+00:00","author":{"@id":"https:\/\/gentedebasquet.com.ar\/sitio\/#\/schema\/person\/ca0b63bbb977369988a7bbbdc519943a"},"breadcrumb":{"@id":"http:\/\/gentedebasquet.com.ar\/sitio\/2023\/03\/28\/triunfo-y-clasificacion-para-pellegrini\/#breadcrumb"},"inLanguage":"es","potentialAction":[{"@type":"ReadAction","target":["http:\/\/gentedebasquet.com.ar\/sitio\/2023\/03\/28\/triunfo-y-clasificacion-para-pellegrini\/"]}]},{"@type":"ImageObject","inLanguage":"es","@id":"http:\/\/gentedebasquet.com.ar\/sitio\/2023\/03\/28\/triunfo-y-clasificacion-para-pellegrini\/#primaryimage","url":"","contentUrl":""},{"@type":"BreadcrumbList","@id":"http:\/\/gentedebasquet.com.ar\/sitio\/2023\/03\/28\/triunfo-y-clasificacion-para-pellegrini\/#breadcrumb","itemListElement":[{"@type":"ListItem","position":1,"name":"Portada","item":"https:\/\/gentedebasquet.com.ar\/sitio\/"},{"@type":"ListItem","position":2,"name":"Triunfo y clasificaci\u00f3n para Pellegrini"}]},{"@type":"WebSite","@id":"https:\/\/gentedebasquet.com.ar\/sitio\/#website","url":"https:\/\/gentedebasquet.com.ar\/sitio\/","name":"Gente de B\u00e1squet","description":"La revista del basquet de Bah\u00eda Blanca","potentialAction":[{"@type":"SearchAction","target":{"@type":"EntryPoint","urlTemplate":"https:\/\/gentedebasquet.com.ar\/sitio\/?s={search_term_string}"},"query-input":{"@type":"PropertyValueSpecification","valueRequired":true,"valueName":"search_term_string"}}],"inLanguage":"es"},{"@type":"Person","@id":"https:\/\/gentedebasquet.com.ar\/sitio\/#\/schema\/person\/ca0b63bbb977369988a7bbbdc519943a","name":"Gente de B\u00e1squet","image":{"@type":"ImageObject","inLanguage":"es","@id":"https:\/\/secure.gravatar.com\/avatar\/7f2c48bdc33b30088f941fb6082e555f2874c98e20cb159d7b92b50eadfce793?s=96&d=mm&r=g","url":"https:\/\/secure.gravatar.com\/avatar\/7f2c48bdc33b30088f941fb6082e555f2874c98e20cb159d7b92b50eadfce793?s=96&d=mm&r=g","contentUrl":"https:\/\/secure.gravatar.com\/avatar\/7f2c48bdc33b30088f941fb6082e555f2874c98e20cb159d7b92b50eadfce793?s=96&d=mm&r=g","caption":"Gente de B\u00e1squet"},"sameAs":["http:\/\/gentedebasquet.com.ar\/sitio"],"url":"https:\/\/gentedebasquet.com.ar\/sitio\/author\/ulises\/"}]}},"_links":{"self":[{"href":"https:\/\/gentedebasquet.com.ar\/sitio\/wp-json\/wp\/v2\/posts\/106673","targetHints":{"allow":["GET"]}}],"collection":[{"href":"https:\/\/gentedebasquet.com.ar\/sitio\/wp-json\/wp\/v2\/posts"}],"about":[{"href":"https:\/\/gentedebasquet.com.ar\/sitio\/wp-json\/wp\/v2\/types\/post"}],"author":[{"embeddable":true,"href":"https:\/\/gentedebasquet.com.ar\/sitio\/wp-json\/wp\/v2\/users\/1"}],"replies":[{"embeddable":true,"href":"https:\/\/gentedebasquet.com.ar\/sitio\/wp-json\/wp\/v2\/comments?post=106673"}],"version-history":[{"count":0,"href":"https:\/\/gentedebasquet.com.ar\/sitio\/wp-json\/wp\/v2\/posts\/106673\/revisions"}],"wp:featuredmedia":[{"embeddable":true,"href":"https:\/\/gentedebasquet.com.ar\/sitio\/wp-json\/"}],"wp:attachment":[{"href":"https:\/\/gentedebasquet.com.ar\/sitio\/wp-json\/wp\/v2\/media?parent=106673"}],"wp:term":[{"taxonomy":"category","embeddable":true,"href":"https:\/\/gentedebasquet.com.ar\/sitio\/wp-json\/wp\/v2\/categories?post=106673"},{"taxonomy":"post_tag","embeddable":true,"href":"https:\/\/gentedebasquet.com.ar\/sitio\/wp-json\/wp\/v2\/tags?post=106673"}],"curies":[{"name":"wp","href":"https:\/\/api.w.org\/{rel}","templated":true}]}}