{"id":107213,"date":"2023-04-22T01:16:01","date_gmt":"2023-04-22T04:16:01","guid":{"rendered":"http:\/\/www.gentedebasquet.com.ar\/?p=107213"},"modified":"2023-04-22T01:16:01","modified_gmt":"2023-04-22T04:16:01","slug":"pacifico-empardo-la-serie","status":"publish","type":"post","link":"https:\/\/gentedebasquet.com.ar\/sitio\/2023\/04\/22\/pacifico-empardo-la-serie\/","title":{"rendered":"Pac\u00edfico empard\u00f3 la serie"},"content":{"rendered":"\n<p><strong>Pac\u00edfico le gan\u00f3 a Velocidad en el Pedro S\u00e1nchez y recuper\u00f3 el punto perdido el martes en su casa. Fue 39-54, en un partido chato, con poca efectividad y que dej\u00f3 con sabor a poco, teniendo en cuenta lo que han mostrado estos equipos a lo largo del torneo.<\/strong><\/p>\n\n\n\n<p><strong>El primer cuarto fue el mejor jugado<\/strong>, se lo llev\u00f3 el \u00abverde\u00bb 16-18, con un goleo repartido de ambos lados, en Pac\u00edfico fue entre <strong>Salvatori, Loos (4) y Garbarino (5)<\/strong>. Del lado local se anotaron <strong>Paronetto, L\u00f3pez Hoyos, Jerem\u00edas Rodr\u00edguez, Segal (3pts cada uno) y Londero (4).<\/strong><\/p>\n\n\n\n<p><strong>A partir del segundo parcial empez\u00f3 a decaer el nivel<\/strong>, aunque Pac\u00edfico lo aprovech\u00f3 para tomar distancias en el marcador. <strong>Se cerr\u00f3 24-34<\/strong>, con un <strong>gran segundo segmento de Santiago Loos<\/strong>, que anot\u00f3 11 puntos, para llegar a 15. <strong>En el local el destacado fue L\u00f3pez Hoyos<\/strong>, que meti\u00f3 4 m\u00e1s, para convertirse en el goleador de su equipo.<\/p>\n\n\n\n<p><strong>El tercer cuarto fue el m\u00e1s irregular de todos<\/strong>, parec\u00eda que la toma de decisiones y la precisi\u00f3n en los tiros iba de mal en peor. <strong>Lo gan\u00f3 la visita, pero apenas 5-13<\/strong>, un tramo muy flojo de ambos equipos, que nos tienen acostumbrados a otra intensidad y eficacia.<strong> El \u00abverde\u00bb estir\u00f3 la ventaja a 18, 29-47.<\/strong><\/p>\n\n\n\n<p>Las cosas no mejoraron en el \u00faltimo cuarto, <strong>ambos equipos estuvieron m\u00e1s de tres minutos sin anotar un solo punto. <\/strong>El parcial fue 10-7 en favor de Velocidad, que pudo achicar la brecha a diez unidades, pero no le alcanz\u00f3. <strong>El goleador fue Santiago Loos, que meti\u00f3 15 puntos<\/strong>, todos en el primer tiempo. En el local hubo <strong>buenos tramos de Tadeo L\u00f3pez Hoyos (9pts) y Juan Paronetto (8).<\/strong><\/p>\n\n\n\n<p><strong>Pac\u00edfico se recuper\u00f3 como visitante e igual\u00f3 la serie. Nada est\u00e1 dicho para Velocidad y para el \u00abverde\u00bb, que se volver\u00e1n a ver las caras el martes en el William Harding Green.<\/strong><\/p>\n\n\n\n<figure class=\"wp-block-image size-full\"><a href=\"http:\/\/www.gentedebasquet.com.ar\/wp-content\/uploads\/2023\/03\/Gif-Publicidades-1-1.gif\"><img decoding=\"async\" width=\"300\" height=\"250\" src=\"http:\/\/www.gentedebasquet.com.ar\/wp-content\/uploads\/2023\/03\/Gif-Publicidades-1-1.gif\" alt=\"\" class=\"wp-image-106167\"\/><\/a><\/figure>\n\n\n\n<figure class=\"wp-block-embed is-type-video is-provider-youtube wp-block-embed-youtube wp-embed-aspect-16-9 wp-has-aspect-ratio\"><div class=\"wp-block-embed__wrapper\">\nhttps:\/\/youtu.be\/QAUr02dgK5o\n<\/div><\/figure>\n\n\n\n<figure class=\"wp-block-image size-full\"><a href=\"http:\/\/www.gentedebasquet.com.ar\/wp-content\/uploads\/2023\/03\/Gif-Publicidades-2-1.gif\"><img decoding=\"async\" width=\"300\" height=\"250\" src=\"http:\/\/www.gentedebasquet.com.ar\/wp-content\/uploads\/2023\/03\/Gif-Publicidades-2-1.gif\" alt=\"\" class=\"wp-image-106168\"\/><\/a><\/figure>\n\n\n\n<figure class=\"wp-block-image size-large\"><a href=\"http:\/\/www.gentedebasquet.com.ar\/wp-content\/uploads\/2023\/04\/MVP-santiago-loos.png\"><img decoding=\"async\" width=\"1024\" height=\"1024\" src=\"http:\/\/www.gentedebasquet.com.ar\/wp-content\/uploads\/2023\/04\/MVP-santiago-loos-1024x1024.png\" alt=\"\" class=\"wp-image-107224\" srcset=\"https:\/\/gentedebasquet.com.ar\/sitio\/wp-content\/uploads\/2023\/04\/MVP-santiago-loos-1024x1024.png 1024w, https:\/\/gentedebasquet.com.ar\/sitio\/wp-content\/uploads\/2023\/04\/MVP-santiago-loos-300x300.png 300w, https:\/\/gentedebasquet.com.ar\/sitio\/wp-content\/uploads\/2023\/04\/MVP-santiago-loos-150x150.png 150w, https:\/\/gentedebasquet.com.ar\/sitio\/wp-content\/uploads\/2023\/04\/MVP-santiago-loos-768x768.png 768w, https:\/\/gentedebasquet.com.ar\/sitio\/wp-content\/uploads\/2023\/04\/MVP-santiago-loos-1536x1536.png 1536w, https:\/\/gentedebasquet.com.ar\/sitio\/wp-content\/uploads\/2023\/04\/MVP-santiago-loos.png 2000w\" sizes=\"(max-width: 1024px) 100vw, 1024px\" \/><\/a><\/figure>\n\n\n\n<figure class=\"wp-block-image size-full\"><a href=\"http:\/\/www.gentedebasquet.com.ar\/wp-content\/uploads\/2023\/04\/figura-santiago-loos.jpg\"><img decoding=\"async\" width=\"640\" height=\"480\" src=\"http:\/\/www.gentedebasquet.com.ar\/wp-content\/uploads\/2023\/04\/figura-santiago-loos.jpg\" alt=\"\" class=\"wp-image-107225\" srcset=\"https:\/\/gentedebasquet.com.ar\/sitio\/wp-content\/uploads\/2023\/04\/figura-santiago-loos.jpg 640w, https:\/\/gentedebasquet.com.ar\/sitio\/wp-content\/uploads\/2023\/04\/figura-santiago-loos-300x225.jpg 300w\" sizes=\"(max-width: 640px) 100vw, 640px\" \/><\/a><\/figure>\n\n\n\n<blockquote class=\"wp-block-quote is-layout-flow wp-block-quote-is-layout-flow\">\n<p><\/p>\n<cite>Lo ganamos en defensa, ellos hicieron poqu\u00edsimos puntos, tuvimos un trabajo en equipo incre\u00edble, levantamos la cabeza con respecto al partido anterior. Tenemos que seguir trabajando en la defensa, que siempre hay cosas para mejorar, y en ataque seguir igual, jugando en equipo. <strong>Santiago Loos, Pac\u00edfico<\/strong><\/cite><\/blockquote>\n\n\n\n<figure class=\"wp-block-image size-full\"><a href=\"http:\/\/www.gentedebasquet.com.ar\/wp-content\/uploads\/2023\/03\/Gif-Publicidades-33.gif\"><img decoding=\"async\" width=\"300\" height=\"250\" src=\"http:\/\/www.gentedebasquet.com.ar\/wp-content\/uploads\/2023\/03\/Gif-Publicidades-33.gif\" alt=\"\" class=\"wp-image-106174\"\/><\/a><\/figure>\n\n\n\n<p><strong>S\u00edntesis \u2013 Segunda \u2013 Semifinal &#8211; Juego #2<\/strong><\/p>\n\n\n\n<p><strong>Velocidad y Resistencia 39:<\/strong>\u00a0Tadeo L\u00f3pez Hoyos 9, Santiago Segal 3, Luciano Vecchi 5, Jerem\u00edas Rodr\u00edguez 3, Juan Ignacio Scattolini 3 <strong>(FI)<\/strong>; Juan Paronetto 8, Franco Riccio 0, Cristian Stegmann 3, Francisco Londero 5, Bautista Fava 0 (x). <strong>DT: Gustavo Candia.<\/strong><\/p>\n\n\n\n<p><strong><strong>Pac\u00edfico 54:<\/strong><\/strong> Branco Salvatori 12, Tom\u00e1s Bussetti 6, Juan Cruz Redivo 6, Bautista Olivera 6, Pomar Garbarino 5 <strong>(FI)<\/strong>; Gino Pisani, Genaro Pisani 0, I\u00f1aki Errazu 0, Jer\u00f3nimo Picado, Santiago Loos 15, Franco Malmesi 4, Baltasar Dom\u00ednguez 0. <strong>DT: Andr\u00e9s Iannamico.<\/strong><\/p>\n\n\n\n<p><strong>Parciales<\/strong>: 16-18, 24-34 (8-16), 29-47 (5-13), 39-54 (10-7)<\/p>\n\n\n\n<p><strong>\u00c1rbitros<\/strong>: Mauro Reyes &#8211; Andr\u00e9s Larrasolo &#8211; Lucas Andr\u00e9s<\/p>\n\n\n\n<p><strong>Estadio:<\/strong> Pedro S\u00e1nchez (Velocidad)<\/p>\n\n\n\n<p><strong>Serie:<\/strong> 1-1<\/p>\n\n\n\n<p><a href=\"https:\/\/fibalivestats.dcd.shared.geniussports.com\/u\/ABB\/2267413\/\" data-type=\"URL\" data-id=\"https:\/\/fibalivestats.dcd.shared.geniussports.com\/u\/ABB\/2267413\/\" target=\"_blank\" rel=\"noreferrer noopener\">ESTAD\u00cdSTICAS OFICIALES<\/a><\/p>\n\n\n\n<figure class=\"wp-block-image size-full\"><a href=\"http:\/\/www.gentedebasquet.com.ar\/wp-content\/uploads\/2023\/03\/Gif-Publicidades-5correct.gif\"><img decoding=\"async\" width=\"300\" height=\"250\" src=\"http:\/\/www.gentedebasquet.com.ar\/wp-content\/uploads\/2023\/03\/Gif-Publicidades-5correct.gif\" alt=\"\" class=\"wp-image-106173\"\/><\/a><\/figure>\n\n\n\n<figure class=\"wp-block-image size-large\"><a href=\"http:\/\/www.gentedebasquet.com.ar\/wp-content\/uploads\/2023\/04\/CLAVE-velo-pacifico.png\"><img decoding=\"async\" width=\"1024\" height=\"1024\" src=\"http:\/\/www.gentedebasquet.com.ar\/wp-content\/uploads\/2023\/04\/CLAVE-velo-pacifico-1024x1024.png\" alt=\"\" class=\"wp-image-107226\" srcset=\"https:\/\/gentedebasquet.com.ar\/sitio\/wp-content\/uploads\/2023\/04\/CLAVE-velo-pacifico-1024x1024.png 1024w, https:\/\/gentedebasquet.com.ar\/sitio\/wp-content\/uploads\/2023\/04\/CLAVE-velo-pacifico-300x300.png 300w, https:\/\/gentedebasquet.com.ar\/sitio\/wp-content\/uploads\/2023\/04\/CLAVE-velo-pacifico-150x150.png 150w, https:\/\/gentedebasquet.com.ar\/sitio\/wp-content\/uploads\/2023\/04\/CLAVE-velo-pacifico-768x768.png 768w, https:\/\/gentedebasquet.com.ar\/sitio\/wp-content\/uploads\/2023\/04\/CLAVE-velo-pacifico-1536x1536.png 1536w, https:\/\/gentedebasquet.com.ar\/sitio\/wp-content\/uploads\/2023\/04\/CLAVE-velo-pacifico.png 2000w\" sizes=\"(max-width: 1024px) 100vw, 1024px\" \/><\/a><\/figure>\n\n\n\n<figure class=\"wp-block-image size-full\"><a href=\"http:\/\/www.gentedebasquet.com.ar\/wp-content\/uploads\/2023\/04\/secundaria-velo-pacifico.jpg\"><img decoding=\"async\" width=\"640\" height=\"480\" src=\"http:\/\/www.gentedebasquet.com.ar\/wp-content\/uploads\/2023\/04\/secundaria-velo-pacifico.jpg\" alt=\"\" class=\"wp-image-107227\" srcset=\"https:\/\/gentedebasquet.com.ar\/sitio\/wp-content\/uploads\/2023\/04\/secundaria-velo-pacifico.jpg 640w, https:\/\/gentedebasquet.com.ar\/sitio\/wp-content\/uploads\/2023\/04\/secundaria-velo-pacifico-300x225.jpg 300w\" sizes=\"(max-width: 640px) 100vw, 640px\" \/><\/a><\/figure>\n","protected":false},"excerpt":{"rendered":"<p>Pac\u00edfico le gan\u00f3 a Velocidad en el Pedro S\u00e1nchez y recuper\u00f3 el punto perdido el martes en su casa. Fue 39-54, en un partido chato, con poca efectividad y que dej\u00f3 con sabor a poco, teniendo en cuenta lo que han mostrado estos equipos a lo largo del torneo. El primer cuarto fue el mejor [&hellip;]<\/p>\n","protected":false},"author":1,"featured_media":107228,"comment_status":"closed","ping_status":"open","sticky":false,"template":"","format":"standard","meta":{"jnews-multi-image_gallery":[],"jnews_single_post":[],"jnews_primary_category":[],"footnotes":""},"categories":[25,101],"tags":[17,1900,1719,1855,503,21,589],"class_list":["post-107213","post","type-post","status-publish","format-standard","has-post-thumbnail","hentry","category-segunda","category-slide","tag-pacifico","tag-pacifico-2","tag-santiago-loos","tag-segunda","tag-segunda-division","tag-velocidad","tag-velocidad-y-resistencia"],"yoast_head":"<!-- This site is optimized with the Yoast SEO plugin v27.5 - https:\/\/yoast.com\/product\/yoast-seo-wordpress\/ -->\n<title>Pac\u00edfico empard\u00f3 la serie - Gente de B\u00e1squet<\/title>\n<meta name=\"robots\" content=\"index, follow, max-snippet:-1, max-image-preview:large, max-video-preview:-1\" \/>\n<link rel=\"canonical\" href=\"https:\/\/gentedebasquet.com.ar\/sitio\/2023\/04\/22\/pacifico-empardo-la-serie\/\" \/>\n<meta property=\"og:locale\" content=\"es_ES\" \/>\n<meta property=\"og:type\" content=\"article\" \/>\n<meta property=\"og:title\" content=\"Pac\u00edfico empard\u00f3 la serie - Gente de B\u00e1squet\" \/>\n<meta property=\"og:description\" content=\"Pac\u00edfico le gan\u00f3 a Velocidad en el Pedro S\u00e1nchez y recuper\u00f3 el punto perdido el martes en su casa. Fue 39-54, en un partido chato, con poca efectividad y que dej\u00f3 con sabor a poco, teniendo en cuenta lo que han mostrado estos equipos a lo largo del torneo. El primer cuarto fue el mejor [&hellip;]\" \/>\n<meta property=\"og:url\" content=\"https:\/\/gentedebasquet.com.ar\/sitio\/2023\/04\/22\/pacifico-empardo-la-serie\/\" \/>\n<meta property=\"og:site_name\" content=\"Gente de B\u00e1squet\" \/>\n<meta property=\"article:published_time\" content=\"2023-04-22T04:16:01+00:00\" \/>\n<meta property=\"og:image\" content=\"https:\/\/gentedebasquet.com.ar\/sitio\/wp-content\/uploads\/2023\/04\/principal-velo-pacifico.jpg\" \/>\n\t<meta property=\"og:image:width\" content=\"690\" \/>\n\t<meta property=\"og:image:height\" content=\"319\" \/>\n\t<meta property=\"og:image:type\" content=\"image\/jpeg\" \/>\n<meta name=\"author\" content=\"Gente de B\u00e1squet\" \/>\n<meta name=\"twitter:card\" content=\"summary_large_image\" \/>\n<meta name=\"twitter:label1\" content=\"Escrito por\" \/>\n\t<meta name=\"twitter:data1\" content=\"Gente de B\u00e1squet\" \/>\n\t<meta name=\"twitter:label2\" content=\"Tiempo de lectura\" \/>\n\t<meta name=\"twitter:data2\" content=\"2 minutos\" \/>\n<script type=\"application\/ld+json\" class=\"yoast-schema-graph\">{\"@context\":\"https:\\\/\\\/schema.org\",\"@graph\":[{\"@type\":\"Article\",\"@id\":\"https:\\\/\\\/gentedebasquet.com.ar\\\/sitio\\\/2023\\\/04\\\/22\\\/pacifico-empardo-la-serie\\\/#article\",\"isPartOf\":{\"@id\":\"https:\\\/\\\/gentedebasquet.com.ar\\\/sitio\\\/2023\\\/04\\\/22\\\/pacifico-empardo-la-serie\\\/\"},\"author\":{\"name\":\"Gente de B\u00e1squet\",\"@id\":\"https:\\\/\\\/gentedebasquet.com.ar\\\/sitio\\\/#\\\/schema\\\/person\\\/ca0b63bbb977369988a7bbbdc519943a\"},\"headline\":\"Pac\u00edfico empard\u00f3 la serie\",\"datePublished\":\"2023-04-22T04:16:01+00:00\",\"mainEntityOfPage\":{\"@id\":\"https:\\\/\\\/gentedebasquet.com.ar\\\/sitio\\\/2023\\\/04\\\/22\\\/pacifico-empardo-la-serie\\\/\"},\"wordCount\":484,\"image\":{\"@id\":\"https:\\\/\\\/gentedebasquet.com.ar\\\/sitio\\\/2023\\\/04\\\/22\\\/pacifico-empardo-la-serie\\\/#primaryimage\"},\"thumbnailUrl\":\"https:\\\/\\\/gentedebasquet.com.ar\\\/sitio\\\/wp-content\\\/uploads\\\/2023\\\/04\\\/principal-velo-pacifico.jpg\",\"keywords\":[\"Pacifico\",\"Pac\u00edfico\",\"Santiago Loos\",\"Segunda\",\"Segunda Divisi\u00f3n\",\"Velocidad\",\"Velocidad y Resistencia\"],\"articleSection\":[\"Segunda\",\"Slide\"],\"inLanguage\":\"es\"},{\"@type\":\"WebPage\",\"@id\":\"https:\\\/\\\/gentedebasquet.com.ar\\\/sitio\\\/2023\\\/04\\\/22\\\/pacifico-empardo-la-serie\\\/\",\"url\":\"https:\\\/\\\/gentedebasquet.com.ar\\\/sitio\\\/2023\\\/04\\\/22\\\/pacifico-empardo-la-serie\\\/\",\"name\":\"Pac\u00edfico empard\u00f3 la serie - Gente de B\u00e1squet\",\"isPartOf\":{\"@id\":\"https:\\\/\\\/gentedebasquet.com.ar\\\/sitio\\\/#website\"},\"primaryImageOfPage\":{\"@id\":\"https:\\\/\\\/gentedebasquet.com.ar\\\/sitio\\\/2023\\\/04\\\/22\\\/pacifico-empardo-la-serie\\\/#primaryimage\"},\"image\":{\"@id\":\"https:\\\/\\\/gentedebasquet.com.ar\\\/sitio\\\/2023\\\/04\\\/22\\\/pacifico-empardo-la-serie\\\/#primaryimage\"},\"thumbnailUrl\":\"https:\\\/\\\/gentedebasquet.com.ar\\\/sitio\\\/wp-content\\\/uploads\\\/2023\\\/04\\\/principal-velo-pacifico.jpg\",\"datePublished\":\"2023-04-22T04:16:01+00:00\",\"author\":{\"@id\":\"https:\\\/\\\/gentedebasquet.com.ar\\\/sitio\\\/#\\\/schema\\\/person\\\/ca0b63bbb977369988a7bbbdc519943a\"},\"breadcrumb\":{\"@id\":\"https:\\\/\\\/gentedebasquet.com.ar\\\/sitio\\\/2023\\\/04\\\/22\\\/pacifico-empardo-la-serie\\\/#breadcrumb\"},\"inLanguage\":\"es\",\"potentialAction\":[{\"@type\":\"ReadAction\",\"target\":[\"https:\\\/\\\/gentedebasquet.com.ar\\\/sitio\\\/2023\\\/04\\\/22\\\/pacifico-empardo-la-serie\\\/\"]}]},{\"@type\":\"ImageObject\",\"inLanguage\":\"es\",\"@id\":\"https:\\\/\\\/gentedebasquet.com.ar\\\/sitio\\\/2023\\\/04\\\/22\\\/pacifico-empardo-la-serie\\\/#primaryimage\",\"url\":\"https:\\\/\\\/gentedebasquet.com.ar\\\/sitio\\\/wp-content\\\/uploads\\\/2023\\\/04\\\/principal-velo-pacifico.jpg\",\"contentUrl\":\"https:\\\/\\\/gentedebasquet.com.ar\\\/sitio\\\/wp-content\\\/uploads\\\/2023\\\/04\\\/principal-velo-pacifico.jpg\",\"width\":690,\"height\":319},{\"@type\":\"BreadcrumbList\",\"@id\":\"https:\\\/\\\/gentedebasquet.com.ar\\\/sitio\\\/2023\\\/04\\\/22\\\/pacifico-empardo-la-serie\\\/#breadcrumb\",\"itemListElement\":[{\"@type\":\"ListItem\",\"position\":1,\"name\":\"Portada\",\"item\":\"https:\\\/\\\/gentedebasquet.com.ar\\\/sitio\\\/\"},{\"@type\":\"ListItem\",\"position\":2,\"name\":\"Pac\u00edfico empard\u00f3 la serie\"}]},{\"@type\":\"WebSite\",\"@id\":\"https:\\\/\\\/gentedebasquet.com.ar\\\/sitio\\\/#website\",\"url\":\"https:\\\/\\\/gentedebasquet.com.ar\\\/sitio\\\/\",\"name\":\"Gente de B\u00e1squet\",\"description\":\"La revista del basquet de Bah\u00eda Blanca\",\"potentialAction\":[{\"@type\":\"SearchAction\",\"target\":{\"@type\":\"EntryPoint\",\"urlTemplate\":\"https:\\\/\\\/gentedebasquet.com.ar\\\/sitio\\\/?s={search_term_string}\"},\"query-input\":{\"@type\":\"PropertyValueSpecification\",\"valueRequired\":true,\"valueName\":\"search_term_string\"}}],\"inLanguage\":\"es\"},{\"@type\":\"Person\",\"@id\":\"https:\\\/\\\/gentedebasquet.com.ar\\\/sitio\\\/#\\\/schema\\\/person\\\/ca0b63bbb977369988a7bbbdc519943a\",\"name\":\"Gente de B\u00e1squet\",\"image\":{\"@type\":\"ImageObject\",\"inLanguage\":\"es\",\"@id\":\"https:\\\/\\\/secure.gravatar.com\\\/avatar\\\/7f2c48bdc33b30088f941fb6082e555f2874c98e20cb159d7b92b50eadfce793?s=96&d=mm&r=g\",\"url\":\"https:\\\/\\\/secure.gravatar.com\\\/avatar\\\/7f2c48bdc33b30088f941fb6082e555f2874c98e20cb159d7b92b50eadfce793?s=96&d=mm&r=g\",\"contentUrl\":\"https:\\\/\\\/secure.gravatar.com\\\/avatar\\\/7f2c48bdc33b30088f941fb6082e555f2874c98e20cb159d7b92b50eadfce793?s=96&d=mm&r=g\",\"caption\":\"Gente de B\u00e1squet\"},\"sameAs\":[\"http:\\\/\\\/gentedebasquet.com.ar\\\/sitio\"],\"url\":\"https:\\\/\\\/gentedebasquet.com.ar\\\/sitio\\\/author\\\/ulises\\\/\"}]}<\/script>\n<!-- \/ Yoast SEO plugin. -->","yoast_head_json":{"title":"Pac\u00edfico empard\u00f3 la serie - Gente de B\u00e1squet","robots":{"index":"index","follow":"follow","max-snippet":"max-snippet:-1","max-image-preview":"max-image-preview:large","max-video-preview":"max-video-preview:-1"},"canonical":"https:\/\/gentedebasquet.com.ar\/sitio\/2023\/04\/22\/pacifico-empardo-la-serie\/","og_locale":"es_ES","og_type":"article","og_title":"Pac\u00edfico empard\u00f3 la serie - Gente de B\u00e1squet","og_description":"Pac\u00edfico le gan\u00f3 a Velocidad en el Pedro S\u00e1nchez y recuper\u00f3 el punto perdido el martes en su casa. Fue 39-54, en un partido chato, con poca efectividad y que dej\u00f3 con sabor a poco, teniendo en cuenta lo que han mostrado estos equipos a lo largo del torneo. El primer cuarto fue el mejor [&hellip;]","og_url":"https:\/\/gentedebasquet.com.ar\/sitio\/2023\/04\/22\/pacifico-empardo-la-serie\/","og_site_name":"Gente de B\u00e1squet","article_published_time":"2023-04-22T04:16:01+00:00","og_image":[{"width":690,"height":319,"url":"https:\/\/gentedebasquet.com.ar\/sitio\/wp-content\/uploads\/2023\/04\/principal-velo-pacifico.jpg","type":"image\/jpeg"}],"author":"Gente de B\u00e1squet","twitter_card":"summary_large_image","twitter_misc":{"Escrito por":"Gente de B\u00e1squet","Tiempo de lectura":"2 minutos"},"schema":{"@context":"https:\/\/schema.org","@graph":[{"@type":"Article","@id":"https:\/\/gentedebasquet.com.ar\/sitio\/2023\/04\/22\/pacifico-empardo-la-serie\/#article","isPartOf":{"@id":"https:\/\/gentedebasquet.com.ar\/sitio\/2023\/04\/22\/pacifico-empardo-la-serie\/"},"author":{"name":"Gente de B\u00e1squet","@id":"https:\/\/gentedebasquet.com.ar\/sitio\/#\/schema\/person\/ca0b63bbb977369988a7bbbdc519943a"},"headline":"Pac\u00edfico empard\u00f3 la serie","datePublished":"2023-04-22T04:16:01+00:00","mainEntityOfPage":{"@id":"https:\/\/gentedebasquet.com.ar\/sitio\/2023\/04\/22\/pacifico-empardo-la-serie\/"},"wordCount":484,"image":{"@id":"https:\/\/gentedebasquet.com.ar\/sitio\/2023\/04\/22\/pacifico-empardo-la-serie\/#primaryimage"},"thumbnailUrl":"https:\/\/gentedebasquet.com.ar\/sitio\/wp-content\/uploads\/2023\/04\/principal-velo-pacifico.jpg","keywords":["Pacifico","Pac\u00edfico","Santiago Loos","Segunda","Segunda Divisi\u00f3n","Velocidad","Velocidad y Resistencia"],"articleSection":["Segunda","Slide"],"inLanguage":"es"},{"@type":"WebPage","@id":"https:\/\/gentedebasquet.com.ar\/sitio\/2023\/04\/22\/pacifico-empardo-la-serie\/","url":"https:\/\/gentedebasquet.com.ar\/sitio\/2023\/04\/22\/pacifico-empardo-la-serie\/","name":"Pac\u00edfico empard\u00f3 la serie - Gente de B\u00e1squet","isPartOf":{"@id":"https:\/\/gentedebasquet.com.ar\/sitio\/#website"},"primaryImageOfPage":{"@id":"https:\/\/gentedebasquet.com.ar\/sitio\/2023\/04\/22\/pacifico-empardo-la-serie\/#primaryimage"},"image":{"@id":"https:\/\/gentedebasquet.com.ar\/sitio\/2023\/04\/22\/pacifico-empardo-la-serie\/#primaryimage"},"thumbnailUrl":"https:\/\/gentedebasquet.com.ar\/sitio\/wp-content\/uploads\/2023\/04\/principal-velo-pacifico.jpg","datePublished":"2023-04-22T04:16:01+00:00","author":{"@id":"https:\/\/gentedebasquet.com.ar\/sitio\/#\/schema\/person\/ca0b63bbb977369988a7bbbdc519943a"},"breadcrumb":{"@id":"https:\/\/gentedebasquet.com.ar\/sitio\/2023\/04\/22\/pacifico-empardo-la-serie\/#breadcrumb"},"inLanguage":"es","potentialAction":[{"@type":"ReadAction","target":["https:\/\/gentedebasquet.com.ar\/sitio\/2023\/04\/22\/pacifico-empardo-la-serie\/"]}]},{"@type":"ImageObject","inLanguage":"es","@id":"https:\/\/gentedebasquet.com.ar\/sitio\/2023\/04\/22\/pacifico-empardo-la-serie\/#primaryimage","url":"https:\/\/gentedebasquet.com.ar\/sitio\/wp-content\/uploads\/2023\/04\/principal-velo-pacifico.jpg","contentUrl":"https:\/\/gentedebasquet.com.ar\/sitio\/wp-content\/uploads\/2023\/04\/principal-velo-pacifico.jpg","width":690,"height":319},{"@type":"BreadcrumbList","@id":"https:\/\/gentedebasquet.com.ar\/sitio\/2023\/04\/22\/pacifico-empardo-la-serie\/#breadcrumb","itemListElement":[{"@type":"ListItem","position":1,"name":"Portada","item":"https:\/\/gentedebasquet.com.ar\/sitio\/"},{"@type":"ListItem","position":2,"name":"Pac\u00edfico empard\u00f3 la serie"}]},{"@type":"WebSite","@id":"https:\/\/gentedebasquet.com.ar\/sitio\/#website","url":"https:\/\/gentedebasquet.com.ar\/sitio\/","name":"Gente de B\u00e1squet","description":"La revista del basquet de Bah\u00eda Blanca","potentialAction":[{"@type":"SearchAction","target":{"@type":"EntryPoint","urlTemplate":"https:\/\/gentedebasquet.com.ar\/sitio\/?s={search_term_string}"},"query-input":{"@type":"PropertyValueSpecification","valueRequired":true,"valueName":"search_term_string"}}],"inLanguage":"es"},{"@type":"Person","@id":"https:\/\/gentedebasquet.com.ar\/sitio\/#\/schema\/person\/ca0b63bbb977369988a7bbbdc519943a","name":"Gente de B\u00e1squet","image":{"@type":"ImageObject","inLanguage":"es","@id":"https:\/\/secure.gravatar.com\/avatar\/7f2c48bdc33b30088f941fb6082e555f2874c98e20cb159d7b92b50eadfce793?s=96&d=mm&r=g","url":"https:\/\/secure.gravatar.com\/avatar\/7f2c48bdc33b30088f941fb6082e555f2874c98e20cb159d7b92b50eadfce793?s=96&d=mm&r=g","contentUrl":"https:\/\/secure.gravatar.com\/avatar\/7f2c48bdc33b30088f941fb6082e555f2874c98e20cb159d7b92b50eadfce793?s=96&d=mm&r=g","caption":"Gente de B\u00e1squet"},"sameAs":["http:\/\/gentedebasquet.com.ar\/sitio"],"url":"https:\/\/gentedebasquet.com.ar\/sitio\/author\/ulises\/"}]}},"_links":{"self":[{"href":"https:\/\/gentedebasquet.com.ar\/sitio\/wp-json\/wp\/v2\/posts\/107213","targetHints":{"allow":["GET"]}}],"collection":[{"href":"https:\/\/gentedebasquet.com.ar\/sitio\/wp-json\/wp\/v2\/posts"}],"about":[{"href":"https:\/\/gentedebasquet.com.ar\/sitio\/wp-json\/wp\/v2\/types\/post"}],"author":[{"embeddable":true,"href":"https:\/\/gentedebasquet.com.ar\/sitio\/wp-json\/wp\/v2\/users\/1"}],"replies":[{"embeddable":true,"href":"https:\/\/gentedebasquet.com.ar\/sitio\/wp-json\/wp\/v2\/comments?post=107213"}],"version-history":[{"count":0,"href":"https:\/\/gentedebasquet.com.ar\/sitio\/wp-json\/wp\/v2\/posts\/107213\/revisions"}],"wp:featuredmedia":[{"embeddable":true,"href":"https:\/\/gentedebasquet.com.ar\/sitio\/wp-json\/wp\/v2\/media\/107228"}],"wp:attachment":[{"href":"https:\/\/gentedebasquet.com.ar\/sitio\/wp-json\/wp\/v2\/media?parent=107213"}],"wp:term":[{"taxonomy":"category","embeddable":true,"href":"https:\/\/gentedebasquet.com.ar\/sitio\/wp-json\/wp\/v2\/categories?post=107213"},{"taxonomy":"post_tag","embeddable":true,"href":"https:\/\/gentedebasquet.com.ar\/sitio\/wp-json\/wp\/v2\/tags?post=107213"}],"curies":[{"name":"wp","href":"https:\/\/api.w.org\/{rel}","templated":true}]}}